{"id":189415,"date":"2025-07-01T09:58:29","date_gmt":"2025-07-01T12:58:29","guid":{"rendered":"https:\/\/folhapopular.info\/?p=189415"},"modified":"2025-07-01T09:58:37","modified_gmt":"2025-07-01T12:58:37","slug":"grupo-sonnenlicht-leva-dancas-folcloricas-alemas-a-tres-cidades-com-projeto","status":"publish","type":"post","link":"https:\/\/folhapopular.info\/index.php\/2025\/07\/01\/grupo-sonnenlicht-leva-dancas-folcloricas-alemas-a-tres-cidades-com-projeto\/","title":{"rendered":"Grupo Sonnenlicht leva dan\u00e7as folcl\u00f3ricas alem\u00e3s a tr\u00eas cidades com projeto"},"content":{"rendered":"\n<p>O m\u00eas de julho ser\u00e1 dedicado \u00e0 celebra\u00e7\u00e3o da cultura e das tradi\u00e7\u00f5es germ\u00e2nicas com a realiza\u00e7\u00e3o do Circuito de Apresenta\u00e7\u00f5es Sonnenlicht. O projeto \u00e9 promovido pela Associa\u00e7\u00e3o Cultural de Imigrante, com apoio do Minist\u00e9rio da Cultura, e tem como protagonistas os integrantes do Grupo Sonnenlicht de Dan\u00e7as Alem\u00e3s, nas categorias oficial e semioficial.<\/p>\n\n\n\n<p>As apresenta\u00e7\u00f5es ocorrer\u00e3o em tr\u00eas munic\u00edpios que preservam com orgulho as ra\u00edzes da imigra\u00e7\u00e3o alem\u00e3 no Rio Grande do Sul, Santa Clara do Sul, no dia 5 de julho, Arroio do Meio, em 19 de julho e Nova Petr\u00f3polis, no dia 26 de julho.<\/p>\n\n\n\n<p>O grupo convida o p\u00fablico a participar desse momento especial, refor\u00e7ando o v\u00ednculo com a cultura que molda parte importante da hist\u00f3ria local.<\/p>\n\n\n\n<p>O projeto \u00e9 viabilizado por meio da Lei Federal de Incentivo \u00e0 Cultura. Conta com o patroc\u00ednio de Havan, Hassmann S.A. e Ceratizit Group, e \u00e9 realizado pela Associa\u00e7\u00e3o Cultural de Imigrante, Grupo de Dan\u00e7as Sonnenlicht e o Minist\u00e9rio da Cultura \u2013 Governo Federal \u2013 Uni\u00e3o e Reconstru\u00e7\u00e3o.<\/p>\n","protected":false},"excerpt":{"rendered":"<p>O m\u00eas de julho ser\u00e1 dedicado \u00e0 celebra\u00e7\u00e3o da cultura e das tradi\u00e7\u00f5es germ\u00e2nicas com a realiza\u00e7\u00e3o do Circuito de Apresenta\u00e7\u00f5es Sonnenlicht. O projeto \u00e9 promovido pela Associa\u00e7\u00e3o Cultural de Imigrante, com apoio do Minist\u00e9rio da Cultura, e tem como protagonistas os integrantes do Grupo Sonnenlicht de Dan\u00e7as Alem\u00e3s, nas categorias oficial e semioficial. As [&hellip;]<\/p>\n","protected":false},"author":8,"featured_media":189416,"comment_status":"open","ping_status":"open","sticky":false,"template":"","format":"standard","meta":{"pmpro_default_level":"","_jetpack_memberships_contains_paid_content":false,"footnotes":""},"categories":[10996,2,6],"tags":[1601,9767,18915,34,11566],"class_list":{"0":"post-189415","1":"post","2":"type-post","3":"status-publish","4":"format-standard","5":"has-post-thumbnail","7":"category-cultura","8":"category-featured","9":"category-inclusive","10":"tag-danca","11":"tag-dancas-alemas","12":"tag-grupo-sonnenlicht","13":"tag-imigrante","14":"tag-sonnenlicht","15":"pmpro-has-access"},"yoast_head":"<!-- This site is optimized with the Yoast SEO plugin v27.5 - https:\/\/yoast.com\/product\/yoast-seo-wordpress\/ -->\n<title>Grupo Sonnenlicht leva dan\u00e7as folcl\u00f3ricas alem\u00e3s a tr\u00eas cidades com projeto - Folha Popular<\/title>\n<meta name=\"robots\" content=\"index, follow, max-snippet:-1, max-image-preview:large, max-video-preview:-1\" \/>\n<link rel=\"canonical\" href=\"https:\/\/folhapopular.info\/index.php\/2025\/07\/01\/grupo-sonnenlicht-leva-dancas-folcloricas-alemas-a-tres-cidades-com-projeto\/\" \/>\n<meta property=\"og:locale\" content=\"pt_BR\" \/>\n<meta property=\"og:type\" content=\"article\" \/>\n<meta property=\"og:title\" content=\"Grupo Sonnenlicht leva dan\u00e7as folcl\u00f3ricas alem\u00e3s a tr\u00eas cidades com projeto - Folha Popular\" \/>\n<meta property=\"og:description\" content=\"O m\u00eas de julho ser\u00e1 dedicado \u00e0 celebra\u00e7\u00e3o da cultura e das tradi\u00e7\u00f5es germ\u00e2nicas com a realiza\u00e7\u00e3o do Circuito de Apresenta\u00e7\u00f5es Sonnenlicht. O projeto \u00e9 promovido pela Associa\u00e7\u00e3o Cultural de Imigrante, com apoio do Minist\u00e9rio da Cultura, e tem como protagonistas os integrantes do Grupo Sonnenlicht de Dan\u00e7as Alem\u00e3s, nas categorias oficial e semioficial. As [&hellip;]\" \/>\n<meta property=\"og:url\" content=\"https:\/\/folhapopular.info\/index.php\/2025\/07\/01\/grupo-sonnenlicht-leva-dancas-folcloricas-alemas-a-tres-cidades-com-projeto\/\" \/>\n<meta property=\"og:site_name\" content=\"Folha Popular\" \/>\n<meta property=\"article:published_time\" content=\"2025-07-01T12:58:29+00:00\" \/>\n<meta property=\"article:modified_time\" content=\"2025-07-01T12:58:37+00:00\" \/>\n<meta property=\"og:image\" content=\"http:\/\/folhapopular.info\/wp-content\/uploads\/2025\/07\/Sonnenlicht-Santa-CLara_projeto.png\" \/>\n\t<meta property=\"og:image:width\" content=\"1080\" \/>\n\t<meta property=\"og:image:height\" content=\"1350\" \/>\n\t<meta property=\"og:image:type\" content=\"image\/png\" \/>\n<meta name=\"author\" content=\"Reda\u00e7\u00e3o Folha Popular\" \/>\n<meta name=\"twitter:card\" content=\"summary_large_image\" \/>\n<meta name=\"twitter:label1\" content=\"Escrito por\" \/>\n\t<meta name=\"twitter:data1\" content=\"Reda\u00e7\u00e3o Folha Popular\" \/>\n\t<meta name=\"twitter:label2\" content=\"Est. tempo de leitura\" \/>\n\t<meta name=\"twitter:data2\" content=\"2 minutos\" \/>\n<script type=\"application\/ld+json\" class=\"yoast-schema-graph\">{\"@context\":\"https:\\\/\\\/schema.org\",\"@graph\":[{\"@type\":\"Article\",\"@id\":\"https:\\\/\\\/folhapopular.info\\\/index.php\\\/2025\\\/07\\\/01\\\/grupo-sonnenlicht-leva-dancas-folcloricas-alemas-a-tres-cidades-com-projeto\\\/#article\",\"isPartOf\":{\"@id\":\"https:\\\/\\\/folhapopular.info\\\/index.php\\\/2025\\\/07\\\/01\\\/grupo-sonnenlicht-leva-dancas-folcloricas-alemas-a-tres-cidades-com-projeto\\\/\"},\"author\":{\"name\":\"Reda\u00e7\u00e3o Folha Popular\",\"@id\":\"https:\\\/\\\/folhapopular.info\\\/#\\\/schema\\\/person\\\/2814e8a0df7643585a9ca38bc6eb9d4b\"},\"headline\":\"Grupo Sonnenlicht leva dan\u00e7as folcl\u00f3ricas alem\u00e3s a tr\u00eas cidades com projeto\",\"datePublished\":\"2025-07-01T12:58:29+00:00\",\"dateModified\":\"2025-07-01T12:58:37+00:00\",\"mainEntityOfPage\":{\"@id\":\"https:\\\/\\\/folhapopular.info\\\/index.php\\\/2025\\\/07\\\/01\\\/grupo-sonnenlicht-leva-dancas-folcloricas-alemas-a-tres-cidades-com-projeto\\\/\"},\"wordCount\":202,\"commentCount\":0,\"image\":{\"@id\":\"https:\\\/\\\/folhapopular.info\\\/index.php\\\/2025\\\/07\\\/01\\\/grupo-sonnenlicht-leva-dancas-folcloricas-alemas-a-tres-cidades-com-projeto\\\/#primaryimage\"},\"thumbnailUrl\":\"https:\\\/\\\/folhapopular.info\\\/wp-content\\\/uploads\\\/2025\\\/07\\\/Sonnenlicht-Santa-CLara_projeto.png\",\"keywords\":[\"Dan\u00e7a\",\"dan\u00e7as alem\u00e3s\",\"Grupo Sonnenlicht\",\"Imigrante\",\"Sonnenlicht\"],\"articleSection\":[\"Cultura\",\"Destaques\",\"Inclusive\"],\"inLanguage\":\"pt-BR\",\"potentialAction\":[{\"@type\":\"CommentAction\",\"name\":\"Comment\",\"target\":[\"https:\\\/\\\/folhapopular.info\\\/index.php\\\/2025\\\/07\\\/01\\\/grupo-sonnenlicht-leva-dancas-folcloricas-alemas-a-tres-cidades-com-projeto\\\/#respond\"]}]},{\"@type\":\"WebPage\",\"@id\":\"https:\\\/\\\/folhapopular.info\\\/index.php\\\/2025\\\/07\\\/01\\\/grupo-sonnenlicht-leva-dancas-folcloricas-alemas-a-tres-cidades-com-projeto\\\/\",\"url\":\"https:\\\/\\\/folhapopular.info\\\/index.php\\\/2025\\\/07\\\/01\\\/grupo-sonnenlicht-leva-dancas-folcloricas-alemas-a-tres-cidades-com-projeto\\\/\",\"name\":\"Grupo Sonnenlicht leva dan\u00e7as folcl\u00f3ricas alem\u00e3s a tr\u00eas cidades com projeto - Folha Popular\",\"isPartOf\":{\"@id\":\"https:\\\/\\\/folhapopular.info\\\/#website\"},\"primaryImageOfPage\":{\"@id\":\"https:\\\/\\\/folhapopular.info\\\/index.php\\\/2025\\\/07\\\/01\\\/grupo-sonnenlicht-leva-dancas-folcloricas-alemas-a-tres-cidades-com-projeto\\\/#primaryimage\"},\"image\":{\"@id\":\"https:\\\/\\\/folhapopular.info\\\/index.php\\\/2025\\\/07\\\/01\\\/grupo-sonnenlicht-leva-dancas-folcloricas-alemas-a-tres-cidades-com-projeto\\\/#primaryimage\"},\"thumbnailUrl\":\"https:\\\/\\\/folhapopular.info\\\/wp-content\\\/uploads\\\/2025\\\/07\\\/Sonnenlicht-Santa-CLara_projeto.png\",\"datePublished\":\"2025-07-01T12:58:29+00:00\",\"dateModified\":\"2025-07-01T12:58:37+00:00\",\"author\":{\"@id\":\"https:\\\/\\\/folhapopular.info\\\/#\\\/schema\\\/person\\\/2814e8a0df7643585a9ca38bc6eb9d4b\"},\"breadcrumb\":{\"@id\":\"https:\\\/\\\/folhapopular.info\\\/index.php\\\/2025\\\/07\\\/01\\\/grupo-sonnenlicht-leva-dancas-folcloricas-alemas-a-tres-cidades-com-projeto\\\/#breadcrumb\"},\"inLanguage\":\"pt-BR\",\"potentialAction\":[{\"@type\":\"ReadAction\",\"target\":[\"https:\\\/\\\/folhapopular.info\\\/index.php\\\/2025\\\/07\\\/01\\\/grupo-sonnenlicht-leva-dancas-folcloricas-alemas-a-tres-cidades-com-projeto\\\/\"]}]},{\"@type\":\"ImageObject\",\"inLanguage\":\"pt-BR\",\"@id\":\"https:\\\/\\\/folhapopular.info\\\/index.php\\\/2025\\\/07\\\/01\\\/grupo-sonnenlicht-leva-dancas-folcloricas-alemas-a-tres-cidades-com-projeto\\\/#primaryimage\",\"url\":\"https:\\\/\\\/folhapopular.info\\\/wp-content\\\/uploads\\\/2025\\\/07\\\/Sonnenlicht-Santa-CLara_projeto.png\",\"contentUrl\":\"https:\\\/\\\/folhapopular.info\\\/wp-content\\\/uploads\\\/2025\\\/07\\\/Sonnenlicht-Santa-CLara_projeto.png\",\"width\":1080,\"height\":1350,\"caption\":\"Cr\u00e9dito: Divulga\u00e7\u00e3o\"},{\"@type\":\"BreadcrumbList\",\"@id\":\"https:\\\/\\\/folhapopular.info\\\/index.php\\\/2025\\\/07\\\/01\\\/grupo-sonnenlicht-leva-dancas-folcloricas-alemas-a-tres-cidades-com-projeto\\\/#breadcrumb\",\"itemListElement\":[{\"@type\":\"ListItem\",\"position\":1,\"name\":\"In\u00edcio\",\"item\":\"https:\\\/\\\/folhapopular.info\\\/\"},{\"@type\":\"ListItem\",\"position\":2,\"name\":\"Grupo Sonnenlicht leva dan\u00e7as folcl\u00f3ricas alem\u00e3s a tr\u00eas cidades com projeto\"}]},{\"@type\":\"WebSite\",\"@id\":\"https:\\\/\\\/folhapopular.info\\\/#website\",\"url\":\"https:\\\/\\\/folhapopular.info\\\/\",\"name\":\"Folha Popular\",\"description\":\"Onde voc\u00ea tem vez e voz\",\"potentialAction\":[{\"@type\":\"SearchAction\",\"target\":{\"@type\":\"EntryPoint\",\"urlTemplate\":\"https:\\\/\\\/folhapopular.info\\\/?s={search_term_string}\"},\"query-input\":{\"@type\":\"PropertyValueSpecification\",\"valueRequired\":true,\"valueName\":\"search_term_string\"}}],\"inLanguage\":\"pt-BR\"},{\"@type\":\"Person\",\"@id\":\"https:\\\/\\\/folhapopular.info\\\/#\\\/schema\\\/person\\\/2814e8a0df7643585a9ca38bc6eb9d4b\",\"name\":\"Reda\u00e7\u00e3o Folha Popular\",\"image\":{\"@type\":\"ImageObject\",\"inLanguage\":\"pt-BR\",\"@id\":\"https:\\\/\\\/folhapopular.info\\\/wp-content\\\/uploads\\\/2026\\\/04\\\/Folha-1.webp\",\"url\":\"https:\\\/\\\/folhapopular.info\\\/wp-content\\\/uploads\\\/2026\\\/04\\\/Folha-1.webp\",\"contentUrl\":\"https:\\\/\\\/folhapopular.info\\\/wp-content\\\/uploads\\\/2026\\\/04\\\/Folha-1.webp\",\"caption\":\"Reda\u00e7\u00e3o Folha Popular\"},\"url\":\"https:\\\/\\\/folhapopular.info\\\/index.php\\\/author\\\/redacao\\\/\"}]}<\/script>\n<!-- \/ Yoast SEO plugin. -->","yoast_head_json":{"title":"Grupo Sonnenlicht leva dan\u00e7as folcl\u00f3ricas alem\u00e3s a tr\u00eas cidades com projeto - Folha Popular","robots":{"index":"index","follow":"follow","max-snippet":"max-snippet:-1","max-image-preview":"max-image-preview:large","max-video-preview":"max-video-preview:-1"},"canonical":"https:\/\/folhapopular.info\/index.php\/2025\/07\/01\/grupo-sonnenlicht-leva-dancas-folcloricas-alemas-a-tres-cidades-com-projeto\/","og_locale":"pt_BR","og_type":"article","og_title":"Grupo Sonnenlicht leva dan\u00e7as folcl\u00f3ricas alem\u00e3s a tr\u00eas cidades com projeto - Folha Popular","og_description":"O m\u00eas de julho ser\u00e1 dedicado \u00e0 celebra\u00e7\u00e3o da cultura e das tradi\u00e7\u00f5es germ\u00e2nicas com a realiza\u00e7\u00e3o do Circuito de Apresenta\u00e7\u00f5es Sonnenlicht. O projeto \u00e9 promovido pela Associa\u00e7\u00e3o Cultural de Imigrante, com apoio do Minist\u00e9rio da Cultura, e tem como protagonistas os integrantes do Grupo Sonnenlicht de Dan\u00e7as Alem\u00e3s, nas categorias oficial e semioficial. As [&hellip;]","og_url":"https:\/\/folhapopular.info\/index.php\/2025\/07\/01\/grupo-sonnenlicht-leva-dancas-folcloricas-alemas-a-tres-cidades-com-projeto\/","og_site_name":"Folha Popular","article_published_time":"2025-07-01T12:58:29+00:00","article_modified_time":"2025-07-01T12:58:37+00:00","og_image":[{"width":1080,"height":1350,"url":"http:\/\/folhapopular.info\/wp-content\/uploads\/2025\/07\/Sonnenlicht-Santa-CLara_projeto.png","type":"image\/png"}],"author":"Reda\u00e7\u00e3o Folha Popular","twitter_card":"summary_large_image","twitter_misc":{"Escrito por":"Reda\u00e7\u00e3o Folha Popular","Est. tempo de leitura":"2 minutos"},"schema":{"@context":"https:\/\/schema.org","@graph":[{"@type":"Article","@id":"https:\/\/folhapopular.info\/index.php\/2025\/07\/01\/grupo-sonnenlicht-leva-dancas-folcloricas-alemas-a-tres-cidades-com-projeto\/#article","isPartOf":{"@id":"https:\/\/folhapopular.info\/index.php\/2025\/07\/01\/grupo-sonnenlicht-leva-dancas-folcloricas-alemas-a-tres-cidades-com-projeto\/"},"author":{"name":"Reda\u00e7\u00e3o Folha Popular","@id":"https:\/\/folhapopular.info\/#\/schema\/person\/2814e8a0df7643585a9ca38bc6eb9d4b"},"headline":"Grupo Sonnenlicht leva dan\u00e7as folcl\u00f3ricas alem\u00e3s a tr\u00eas cidades com projeto","datePublished":"2025-07-01T12:58:29+00:00","dateModified":"2025-07-01T12:58:37+00:00","mainEntityOfPage":{"@id":"https:\/\/folhapopular.info\/index.php\/2025\/07\/01\/grupo-sonnenlicht-leva-dancas-folcloricas-alemas-a-tres-cidades-com-projeto\/"},"wordCount":202,"commentCount":0,"image":{"@id":"https:\/\/folhapopular.info\/index.php\/2025\/07\/01\/grupo-sonnenlicht-leva-dancas-folcloricas-alemas-a-tres-cidades-com-projeto\/#primaryimage"},"thumbnailUrl":"https:\/\/folhapopular.info\/wp-content\/uploads\/2025\/07\/Sonnenlicht-Santa-CLara_projeto.png","keywords":["Dan\u00e7a","dan\u00e7as alem\u00e3s","Grupo Sonnenlicht","Imigrante","Sonnenlicht"],"articleSection":["Cultura","Destaques","Inclusive"],"inLanguage":"pt-BR","potentialAction":[{"@type":"CommentAction","name":"Comment","target":["https:\/\/folhapopular.info\/index.php\/2025\/07\/01\/grupo-sonnenlicht-leva-dancas-folcloricas-alemas-a-tres-cidades-com-projeto\/#respond"]}]},{"@type":"WebPage","@id":"https:\/\/folhapopular.info\/index.php\/2025\/07\/01\/grupo-sonnenlicht-leva-dancas-folcloricas-alemas-a-tres-cidades-com-projeto\/","url":"https:\/\/folhapopular.info\/index.php\/2025\/07\/01\/grupo-sonnenlicht-leva-dancas-folcloricas-alemas-a-tres-cidades-com-projeto\/","name":"Grupo Sonnenlicht leva dan\u00e7as folcl\u00f3ricas alem\u00e3s a tr\u00eas cidades com projeto - Folha Popular","isPartOf":{"@id":"https:\/\/folhapopular.info\/#website"},"primaryImageOfPage":{"@id":"https:\/\/folhapopular.info\/index.php\/2025\/07\/01\/grupo-sonnenlicht-leva-dancas-folcloricas-alemas-a-tres-cidades-com-projeto\/#primaryimage"},"image":{"@id":"https:\/\/folhapopular.info\/index.php\/2025\/07\/01\/grupo-sonnenlicht-leva-dancas-folcloricas-alemas-a-tres-cidades-com-projeto\/#primaryimage"},"thumbnailUrl":"https:\/\/folhapopular.info\/wp-content\/uploads\/2025\/07\/Sonnenlicht-Santa-CLara_projeto.png","datePublished":"2025-07-01T12:58:29+00:00","dateModified":"2025-07-01T12:58:37+00:00","author":{"@id":"https:\/\/folhapopular.info\/#\/schema\/person\/2814e8a0df7643585a9ca38bc6eb9d4b"},"breadcrumb":{"@id":"https:\/\/folhapopular.info\/index.php\/2025\/07\/01\/grupo-sonnenlicht-leva-dancas-folcloricas-alemas-a-tres-cidades-com-projeto\/#breadcrumb"},"inLanguage":"pt-BR","potentialAction":[{"@type":"ReadAction","target":["https:\/\/folhapopular.info\/index.php\/2025\/07\/01\/grupo-sonnenlicht-leva-dancas-folcloricas-alemas-a-tres-cidades-com-projeto\/"]}]},{"@type":"ImageObject","inLanguage":"pt-BR","@id":"https:\/\/folhapopular.info\/index.php\/2025\/07\/01\/grupo-sonnenlicht-leva-dancas-folcloricas-alemas-a-tres-cidades-com-projeto\/#primaryimage","url":"https:\/\/folhapopular.info\/wp-content\/uploads\/2025\/07\/Sonnenlicht-Santa-CLara_projeto.png","contentUrl":"https:\/\/folhapopular.info\/wp-content\/uploads\/2025\/07\/Sonnenlicht-Santa-CLara_projeto.png","width":1080,"height":1350,"caption":"Cr\u00e9dito: Divulga\u00e7\u00e3o"},{"@type":"BreadcrumbList","@id":"https:\/\/folhapopular.info\/index.php\/2025\/07\/01\/grupo-sonnenlicht-leva-dancas-folcloricas-alemas-a-tres-cidades-com-projeto\/#breadcrumb","itemListElement":[{"@type":"ListItem","position":1,"name":"In\u00edcio","item":"https:\/\/folhapopular.info\/"},{"@type":"ListItem","position":2,"name":"Grupo Sonnenlicht leva dan\u00e7as folcl\u00f3ricas alem\u00e3s a tr\u00eas cidades com projeto"}]},{"@type":"WebSite","@id":"https:\/\/folhapopular.info\/#website","url":"https:\/\/folhapopular.info\/","name":"Folha Popular","description":"Onde voc\u00ea tem vez e voz","potentialAction":[{"@type":"SearchAction","target":{"@type":"EntryPoint","urlTemplate":"https:\/\/folhapopular.info\/?s={search_term_string}"},"query-input":{"@type":"PropertyValueSpecification","valueRequired":true,"valueName":"search_term_string"}}],"inLanguage":"pt-BR"},{"@type":"Person","@id":"https:\/\/folhapopular.info\/#\/schema\/person\/2814e8a0df7643585a9ca38bc6eb9d4b","name":"Reda\u00e7\u00e3o Folha Popular","image":{"@type":"ImageObject","inLanguage":"pt-BR","@id":"https:\/\/folhapopular.info\/wp-content\/uploads\/2026\/04\/Folha-1.webp","url":"https:\/\/folhapopular.info\/wp-content\/uploads\/2026\/04\/Folha-1.webp","contentUrl":"https:\/\/folhapopular.info\/wp-content\/uploads\/2026\/04\/Folha-1.webp","caption":"Reda\u00e7\u00e3o Folha Popular"},"url":"https:\/\/folhapopular.info\/index.php\/author\/redacao\/"}]}},"jetpack_featured_media_url":"https:\/\/folhapopular.info\/wp-content\/uploads\/2025\/07\/Sonnenlicht-Santa-CLara_projeto.png","jetpack_sharing_enabled":true,"amp_enabled":true,"_links":{"self":[{"href":"https:\/\/folhapopular.info\/index.php\/wp-json\/wp\/v2\/posts\/189415","targetHints":{"allow":["GET"]}}],"collection":[{"href":"https:\/\/folhapopular.info\/index.php\/wp-json\/wp\/v2\/posts"}],"about":[{"href":"https:\/\/folhapopular.info\/index.php\/wp-json\/wp\/v2\/types\/post"}],"author":[{"embeddable":true,"href":"https:\/\/folhapopular.info\/index.php\/wp-json\/wp\/v2\/users\/8"}],"replies":[{"embeddable":true,"href":"https:\/\/folhapopular.info\/index.php\/wp-json\/wp\/v2\/comments?post=189415"}],"version-history":[{"count":0,"href":"https:\/\/folhapopular.info\/index.php\/wp-json\/wp\/v2\/posts\/189415\/revisions"}],"wp:featuredmedia":[{"embeddable":true,"href":"https:\/\/folhapopular.info\/index.php\/wp-json\/wp\/v2\/media\/189416"}],"wp:attachment":[{"href":"https:\/\/folhapopular.info\/index.php\/wp-json\/wp\/v2\/media?parent=189415"}],"wp:term":[{"taxonomy":"category","embeddable":true,"href":"https:\/\/folhapopular.info\/index.php\/wp-json\/wp\/v2\/categories?post=189415"},{"taxonomy":"post_tag","embeddable":true,"href":"https:\/\/folhapopular.info\/index.php\/wp-json\/wp\/v2\/tags?post=189415"}],"curies":[{"name":"wp","href":"https:\/\/api.w.org\/{rel}","templated":true}]}}