{"id":189455,"date":"2025-07-02T11:00:00","date_gmt":"2025-07-02T14:00:00","guid":{"rendered":"https:\/\/folhapopular.info\/?p=189455"},"modified":"2025-07-01T18:54:04","modified_gmt":"2025-07-01T21:54:04","slug":"forum-coopop-une-tecnologia-e-colaboracao-em-prol-do-desenvolvimento","status":"publish","type":"post","link":"https:\/\/folhapopular.info\/index.php\/2025\/07\/02\/forum-coopop-une-tecnologia-e-colaboracao-em-prol-do-desenvolvimento\/","title":{"rendered":"F\u00f3rum Coopop une tecnologia e colabora\u00e7\u00e3o em prol do desenvolvimento"},"content":{"rendered":"\n<p>A CIC Teut\u00f4nia recebe, no dia 8 de julho, o 3\u00ba F\u00f3rum Coopop. O evento desenvolvido pelo Grupo Popular re\u00fane lideran\u00e7as, empreendedores, representantes de cooperativas e associa\u00e7\u00f5es para discutir como a tecnologia pode fortalecer modelos colaborativos de neg\u00f3cios.<\/p>\n\n\n\n<p>Realizado no Ano Internacional das Cooperativas, o evento refor\u00e7a a proposta de mostrar como a transforma\u00e7\u00e3o digital e as pr\u00e1ticas colaborativas impactam o ambiente empresarial. Diretor do Grupo Popular, Lucas Leandro Brune ressalta que o F\u00f3rum sempre foi constru\u00eddo de forma colaborativa, refletindo na pr\u00e1tica os valores que defende. \u201cEste ano, buscamos conectar a discuss\u00e3o sobre intelig\u00eancia artificial com o fortalecimento dos modelos cooperativo e associativo\u201d, explica.<\/p>\n\n\n\n<p>A intelig\u00eancia artificial ser\u00e1 o tema da palestra de abertura, ministrada por Edson Moacir Ahlert, professor de TI na Univates e consultor em IA para Neg\u00f3cios. Al\u00e9m de debater o papel da tecnologia, o F\u00f3rum tamb\u00e9m traz exemplos pr\u00e1ticos de como o associativismo gera impacto real nas comunidades.<\/p>\n\n\n\n<h2 class=\"wp-block-heading\"><strong>Exemplos de associativismo<\/strong><\/h2>\n\n\n\n<p>Um dos <em>cases<\/em> apresentados \u00e9 da Associa\u00e7\u00e3o da \u00c1gua de Teut\u00f4nia, que n\u00e3o s\u00f3 gerencia o abastecimento de \u00e1gua, como agora se organiza para assumir a gest\u00e3o do esgoto em sua \u00e1rea de abrang\u00eancia. \u201cA Associa\u00e7\u00e3o faz isso com recursos pr\u00f3prios, sem financiamento e dentro dos prazos previstos pelo Marco Legal do Saneamento\u201d, destaca. Segundo ele, esse movimento \u00e9 in\u00e9dito no Rio Grande do Sul.<\/p>\n\n\n\n<p>\u201cQuando a comunidade assume a gest\u00e3o de servi\u00e7os essenciais, como a \u00e1gua e o esgoto, esses recursos permanecem na pr\u00f3pria cidade, gerando desenvolvimento local\u201d, refor\u00e7a. A proposta \u00e9 ampliar o olhar sobre como a gest\u00e3o comunit\u00e1ria e colaborativa traz resultados econ\u00f4micos, sociais e ambientais.<\/p>\n\n\n\n<p>Outro exemplo vem da Associa\u00e7\u00e3o das Pequenas e Microempresas de Garibaldi (Apeme), que mostra como o associativismo se fortalece tamb\u00e9m no ambiente empresarial. \u201cGaribaldi \u00e9 uma cidade com um ambiente empreendedor muito forte, com uma CIC consolidada e uma Apeme que atua de forma estruturada, mostrando que essa l\u00f3gica de colabora\u00e7\u00e3o tamb\u00e9m faz diferen\u00e7a para pequenas empresas\u201d, ressalta.<\/p>\n\n\n\n<p>De acordo com Brune, a ess\u00eancia do F\u00f3rum Coopop \u00e9 fortalecer a ideia de que a colabora\u00e7\u00e3o, seja via cooperativas, associa\u00e7\u00f5es ou redes empresariais, \u00e9 um dos principais motores do desenvolvimento regional. \u201cEssa l\u00f3gica de trabalho est\u00e1 presente nas empresas e nas organiza\u00e7\u00f5es da nossa regi\u00e3o. E onde ela n\u00e3o existe, h\u00e1 mais dificuldade de gerar desenvolvimento\u201d, reflete.<\/p>\n\n\n\n<h2 class=\"wp-block-heading\"><strong>Ingressos e parcerias<\/strong><\/h2>\n\n\n\n<p>O F\u00f3rum Coopop ocorre das 13h \u00e0s 17h30, com palestras, pain\u00e9is e discuss\u00f5es sobre como tecnologia, inova\u00e7\u00e3o, associativismo e cooperativismo se conectam para fortalecer neg\u00f3cios e comunidades. O evento tem a parceria das cooperativas Sicredi, Cooperagri, Sicoob e Certel e da Univates. O apoio \u00e9 da CIC Teut\u00f4nia. Os ingressos est\u00e3o dispon\u00edveis no site ou aplicativo Corujas, ao valor de R$ 30 para o p\u00fablico geral e R$ 15 para estudantes.<\/p>\n","protected":false},"excerpt":{"rendered":"<p>A CIC Teut\u00f4nia recebe, no dia 8 de julho, o 3\u00ba F\u00f3rum Coopop. O evento desenvolvido pelo Grupo Popular re\u00fane lideran\u00e7as, empreendedores, representantes de cooperativas e associa\u00e7\u00f5es para discutir como a tecnologia pode fortalecer modelos colaborativos de neg\u00f3cios. Realizado no Ano Internacional das Cooperativas, o evento refor\u00e7a a proposta de mostrar como a transforma\u00e7\u00e3o digital [&hellip;]<\/p>\n","protected":false},"author":771,"featured_media":189456,"comment_status":"open","ping_status":"open","sticky":false,"template":"","format":"standard","meta":{"pmpro_default_level":"","_jetpack_memberships_contains_paid_content":false,"footnotes":""},"categories":[10992,2,10991],"tags":[9214,9165,15329,2518],"class_list":{"0":"post-189455","1":"post","2":"type-post","3":"status-publish","4":"format-standard","5":"has-post-thumbnail","7":"category-coopop","8":"category-featured","9":"category-economia","10":"tag-colaboracao","11":"tag-coopop","12":"tag-forum-coopop","13":"tag-tecnologia","14":"pmpro-has-access"},"yoast_head":"<!-- This site is optimized with the Yoast SEO plugin v27.4 - https:\/\/yoast.com\/product\/yoast-seo-wordpress\/ -->\n<title>F\u00f3rum Coopop une tecnologia e colabora\u00e7\u00e3o em prol do desenvolvimento - Folha Popular<\/title>\n<meta name=\"robots\" content=\"index, follow, max-snippet:-1, max-image-preview:large, max-video-preview:-1\" \/>\n<link rel=\"canonical\" href=\"https:\/\/folhapopular.info\/index.php\/2025\/07\/02\/forum-coopop-une-tecnologia-e-colaboracao-em-prol-do-desenvolvimento\/\" \/>\n<meta property=\"og:locale\" content=\"pt_BR\" \/>\n<meta property=\"og:type\" content=\"article\" \/>\n<meta property=\"og:title\" content=\"F\u00f3rum Coopop une tecnologia e colabora\u00e7\u00e3o em prol do desenvolvimento - Folha Popular\" \/>\n<meta property=\"og:description\" content=\"A CIC Teut\u00f4nia recebe, no dia 8 de julho, o 3\u00ba F\u00f3rum Coopop. O evento desenvolvido pelo Grupo Popular re\u00fane lideran\u00e7as, empreendedores, representantes de cooperativas e associa\u00e7\u00f5es para discutir como a tecnologia pode fortalecer modelos colaborativos de neg\u00f3cios. Realizado no Ano Internacional das Cooperativas, o evento refor\u00e7a a proposta de mostrar como a transforma\u00e7\u00e3o digital [&hellip;]\" \/>\n<meta property=\"og:url\" content=\"https:\/\/folhapopular.info\/index.php\/2025\/07\/02\/forum-coopop-une-tecnologia-e-colaboracao-em-prol-do-desenvolvimento\/\" \/>\n<meta property=\"og:site_name\" content=\"Folha Popular\" \/>\n<meta property=\"article:published_time\" content=\"2025-07-02T14:00:00+00:00\" \/>\n<meta property=\"og:image\" content=\"https:\/\/folhapopular.info\/wp-content\/uploads\/2025\/07\/Forum-Coopop-scaled.jpg\" \/>\n\t<meta property=\"og:image:width\" content=\"2560\" \/>\n\t<meta property=\"og:image:height\" content=\"1707\" \/>\n\t<meta property=\"og:image:type\" content=\"image\/jpeg\" \/>\n<meta name=\"author\" content=\"Thiago Maurique\" \/>\n<meta name=\"twitter:card\" content=\"summary_large_image\" \/>\n<meta name=\"twitter:label1\" content=\"Escrito por\" \/>\n\t<meta name=\"twitter:data1\" content=\"Thiago Maurique\" \/>\n\t<meta name=\"twitter:label2\" content=\"Est. tempo de leitura\" \/>\n\t<meta name=\"twitter:data2\" content=\"3 minutos\" \/>\n<script type=\"application\/ld+json\" class=\"yoast-schema-graph\">{\"@context\":\"https:\\\/\\\/schema.org\",\"@graph\":[{\"@type\":\"Article\",\"@id\":\"https:\\\/\\\/folhapopular.info\\\/index.php\\\/2025\\\/07\\\/02\\\/forum-coopop-une-tecnologia-e-colaboracao-em-prol-do-desenvolvimento\\\/#article\",\"isPartOf\":{\"@id\":\"https:\\\/\\\/folhapopular.info\\\/index.php\\\/2025\\\/07\\\/02\\\/forum-coopop-une-tecnologia-e-colaboracao-em-prol-do-desenvolvimento\\\/\"},\"author\":{\"name\":\"Thiago Maurique\",\"@id\":\"https:\\\/\\\/folhapopular.info\\\/#\\\/schema\\\/person\\\/da0b2794f793376cb5dd908e88ca6911\"},\"headline\":\"F\u00f3rum Coopop une tecnologia e colabora\u00e7\u00e3o em prol do desenvolvimento\",\"datePublished\":\"2025-07-02T14:00:00+00:00\",\"mainEntityOfPage\":{\"@id\":\"https:\\\/\\\/folhapopular.info\\\/index.php\\\/2025\\\/07\\\/02\\\/forum-coopop-une-tecnologia-e-colaboracao-em-prol-do-desenvolvimento\\\/\"},\"wordCount\":514,\"commentCount\":0,\"image\":{\"@id\":\"https:\\\/\\\/folhapopular.info\\\/index.php\\\/2025\\\/07\\\/02\\\/forum-coopop-une-tecnologia-e-colaboracao-em-prol-do-desenvolvimento\\\/#primaryimage\"},\"thumbnailUrl\":\"https:\\\/\\\/folhapopular.info\\\/wp-content\\\/uploads\\\/2025\\\/07\\\/Forum-Coopop-scaled.jpg\",\"keywords\":[\"Colabora\u00e7\u00e3o\",\"Coopop\",\"F\u00f3rum Coopop\",\"Tecnologia\"],\"articleSection\":[\"Coopop\",\"Destaques\",\"Economia\"],\"inLanguage\":\"pt-BR\",\"potentialAction\":[{\"@type\":\"CommentAction\",\"name\":\"Comment\",\"target\":[\"https:\\\/\\\/folhapopular.info\\\/index.php\\\/2025\\\/07\\\/02\\\/forum-coopop-une-tecnologia-e-colaboracao-em-prol-do-desenvolvimento\\\/#respond\"]}]},{\"@type\":\"WebPage\",\"@id\":\"https:\\\/\\\/folhapopular.info\\\/index.php\\\/2025\\\/07\\\/02\\\/forum-coopop-une-tecnologia-e-colaboracao-em-prol-do-desenvolvimento\\\/\",\"url\":\"https:\\\/\\\/folhapopular.info\\\/index.php\\\/2025\\\/07\\\/02\\\/forum-coopop-une-tecnologia-e-colaboracao-em-prol-do-desenvolvimento\\\/\",\"name\":\"F\u00f3rum Coopop une tecnologia e colabora\u00e7\u00e3o em prol do desenvolvimento - Folha Popular\",\"isPartOf\":{\"@id\":\"https:\\\/\\\/folhapopular.info\\\/#website\"},\"primaryImageOfPage\":{\"@id\":\"https:\\\/\\\/folhapopular.info\\\/index.php\\\/2025\\\/07\\\/02\\\/forum-coopop-une-tecnologia-e-colaboracao-em-prol-do-desenvolvimento\\\/#primaryimage\"},\"image\":{\"@id\":\"https:\\\/\\\/folhapopular.info\\\/index.php\\\/2025\\\/07\\\/02\\\/forum-coopop-une-tecnologia-e-colaboracao-em-prol-do-desenvolvimento\\\/#primaryimage\"},\"thumbnailUrl\":\"https:\\\/\\\/folhapopular.info\\\/wp-content\\\/uploads\\\/2025\\\/07\\\/Forum-Coopop-scaled.jpg\",\"datePublished\":\"2025-07-02T14:00:00+00:00\",\"author\":{\"@id\":\"https:\\\/\\\/folhapopular.info\\\/#\\\/schema\\\/person\\\/da0b2794f793376cb5dd908e88ca6911\"},\"breadcrumb\":{\"@id\":\"https:\\\/\\\/folhapopular.info\\\/index.php\\\/2025\\\/07\\\/02\\\/forum-coopop-une-tecnologia-e-colaboracao-em-prol-do-desenvolvimento\\\/#breadcrumb\"},\"inLanguage\":\"pt-BR\",\"potentialAction\":[{\"@type\":\"ReadAction\",\"target\":[\"https:\\\/\\\/folhapopular.info\\\/index.php\\\/2025\\\/07\\\/02\\\/forum-coopop-une-tecnologia-e-colaboracao-em-prol-do-desenvolvimento\\\/\"]}]},{\"@type\":\"ImageObject\",\"inLanguage\":\"pt-BR\",\"@id\":\"https:\\\/\\\/folhapopular.info\\\/index.php\\\/2025\\\/07\\\/02\\\/forum-coopop-une-tecnologia-e-colaboracao-em-prol-do-desenvolvimento\\\/#primaryimage\",\"url\":\"https:\\\/\\\/folhapopular.info\\\/wp-content\\\/uploads\\\/2025\\\/07\\\/Forum-Coopop-scaled.jpg\",\"contentUrl\":\"https:\\\/\\\/folhapopular.info\\\/wp-content\\\/uploads\\\/2025\\\/07\\\/Forum-Coopop-scaled.jpg\",\"width\":2560,\"height\":1707,\"caption\":\"Evento re\u00fane lideran\u00e7as, empreendedores, representantes de cooperativas e associa\u00e7\u00f5es na sede da CIC Teut\u00f4nia - Cr\u00e9dito: Arquivo FP\"},{\"@type\":\"BreadcrumbList\",\"@id\":\"https:\\\/\\\/folhapopular.info\\\/index.php\\\/2025\\\/07\\\/02\\\/forum-coopop-une-tecnologia-e-colaboracao-em-prol-do-desenvolvimento\\\/#breadcrumb\",\"itemListElement\":[{\"@type\":\"ListItem\",\"position\":1,\"name\":\"In\u00edcio\",\"item\":\"https:\\\/\\\/folhapopular.info\\\/\"},{\"@type\":\"ListItem\",\"position\":2,\"name\":\"F\u00f3rum Coopop une tecnologia e colabora\u00e7\u00e3o em prol do desenvolvimento\"}]},{\"@type\":\"WebSite\",\"@id\":\"https:\\\/\\\/folhapopular.info\\\/#website\",\"url\":\"https:\\\/\\\/folhapopular.info\\\/\",\"name\":\"Folha Popular\",\"description\":\"Onde voc\u00ea tem vez e voz\",\"potentialAction\":[{\"@type\":\"SearchAction\",\"target\":{\"@type\":\"EntryPoint\",\"urlTemplate\":\"https:\\\/\\\/folhapopular.info\\\/?s={search_term_string}\"},\"query-input\":{\"@type\":\"PropertyValueSpecification\",\"valueRequired\":true,\"valueName\":\"search_term_string\"}}],\"inLanguage\":\"pt-BR\"},{\"@type\":\"Person\",\"@id\":\"https:\\\/\\\/folhapopular.info\\\/#\\\/schema\\\/person\\\/da0b2794f793376cb5dd908e88ca6911\",\"name\":\"Thiago Maurique\",\"image\":{\"@type\":\"ImageObject\",\"inLanguage\":\"pt-BR\",\"@id\":\"https:\\\/\\\/folhapopular.info\\\/wp-content\\\/uploads\\\/2026\\\/04\\\/THIAGO-MAURIQUE-1-1.webp\",\"url\":\"https:\\\/\\\/folhapopular.info\\\/wp-content\\\/uploads\\\/2026\\\/04\\\/THIAGO-MAURIQUE-1-1.webp\",\"contentUrl\":\"https:\\\/\\\/folhapopular.info\\\/wp-content\\\/uploads\\\/2026\\\/04\\\/THIAGO-MAURIQUE-1-1.webp\",\"caption\":\"Thiago Maurique\"},\"url\":\"https:\\\/\\\/folhapopular.info\\\/index.php\\\/author\\\/thiago-maurique\\\/\"}]}<\/script>\n<!-- \/ Yoast SEO plugin. -->","yoast_head_json":{"title":"F\u00f3rum Coopop une tecnologia e colabora\u00e7\u00e3o em prol do desenvolvimento - Folha Popular","robots":{"index":"index","follow":"follow","max-snippet":"max-snippet:-1","max-image-preview":"max-image-preview:large","max-video-preview":"max-video-preview:-1"},"canonical":"https:\/\/folhapopular.info\/index.php\/2025\/07\/02\/forum-coopop-une-tecnologia-e-colaboracao-em-prol-do-desenvolvimento\/","og_locale":"pt_BR","og_type":"article","og_title":"F\u00f3rum Coopop une tecnologia e colabora\u00e7\u00e3o em prol do desenvolvimento - Folha Popular","og_description":"A CIC Teut\u00f4nia recebe, no dia 8 de julho, o 3\u00ba F\u00f3rum Coopop. O evento desenvolvido pelo Grupo Popular re\u00fane lideran\u00e7as, empreendedores, representantes de cooperativas e associa\u00e7\u00f5es para discutir como a tecnologia pode fortalecer modelos colaborativos de neg\u00f3cios. Realizado no Ano Internacional das Cooperativas, o evento refor\u00e7a a proposta de mostrar como a transforma\u00e7\u00e3o digital [&hellip;]","og_url":"https:\/\/folhapopular.info\/index.php\/2025\/07\/02\/forum-coopop-une-tecnologia-e-colaboracao-em-prol-do-desenvolvimento\/","og_site_name":"Folha Popular","article_published_time":"2025-07-02T14:00:00+00:00","og_image":[{"width":2560,"height":1707,"url":"https:\/\/folhapopular.info\/wp-content\/uploads\/2025\/07\/Forum-Coopop-scaled.jpg","type":"image\/jpeg"}],"author":"Thiago Maurique","twitter_card":"summary_large_image","twitter_misc":{"Escrito por":"Thiago Maurique","Est. tempo de leitura":"3 minutos"},"schema":{"@context":"https:\/\/schema.org","@graph":[{"@type":"Article","@id":"https:\/\/folhapopular.info\/index.php\/2025\/07\/02\/forum-coopop-une-tecnologia-e-colaboracao-em-prol-do-desenvolvimento\/#article","isPartOf":{"@id":"https:\/\/folhapopular.info\/index.php\/2025\/07\/02\/forum-coopop-une-tecnologia-e-colaboracao-em-prol-do-desenvolvimento\/"},"author":{"name":"Thiago Maurique","@id":"https:\/\/folhapopular.info\/#\/schema\/person\/da0b2794f793376cb5dd908e88ca6911"},"headline":"F\u00f3rum Coopop une tecnologia e colabora\u00e7\u00e3o em prol do desenvolvimento","datePublished":"2025-07-02T14:00:00+00:00","mainEntityOfPage":{"@id":"https:\/\/folhapopular.info\/index.php\/2025\/07\/02\/forum-coopop-une-tecnologia-e-colaboracao-em-prol-do-desenvolvimento\/"},"wordCount":514,"commentCount":0,"image":{"@id":"https:\/\/folhapopular.info\/index.php\/2025\/07\/02\/forum-coopop-une-tecnologia-e-colaboracao-em-prol-do-desenvolvimento\/#primaryimage"},"thumbnailUrl":"https:\/\/folhapopular.info\/wp-content\/uploads\/2025\/07\/Forum-Coopop-scaled.jpg","keywords":["Colabora\u00e7\u00e3o","Coopop","F\u00f3rum Coopop","Tecnologia"],"articleSection":["Coopop","Destaques","Economia"],"inLanguage":"pt-BR","potentialAction":[{"@type":"CommentAction","name":"Comment","target":["https:\/\/folhapopular.info\/index.php\/2025\/07\/02\/forum-coopop-une-tecnologia-e-colaboracao-em-prol-do-desenvolvimento\/#respond"]}]},{"@type":"WebPage","@id":"https:\/\/folhapopular.info\/index.php\/2025\/07\/02\/forum-coopop-une-tecnologia-e-colaboracao-em-prol-do-desenvolvimento\/","url":"https:\/\/folhapopular.info\/index.php\/2025\/07\/02\/forum-coopop-une-tecnologia-e-colaboracao-em-prol-do-desenvolvimento\/","name":"F\u00f3rum Coopop une tecnologia e colabora\u00e7\u00e3o em prol do desenvolvimento - Folha Popular","isPartOf":{"@id":"https:\/\/folhapopular.info\/#website"},"primaryImageOfPage":{"@id":"https:\/\/folhapopular.info\/index.php\/2025\/07\/02\/forum-coopop-une-tecnologia-e-colaboracao-em-prol-do-desenvolvimento\/#primaryimage"},"image":{"@id":"https:\/\/folhapopular.info\/index.php\/2025\/07\/02\/forum-coopop-une-tecnologia-e-colaboracao-em-prol-do-desenvolvimento\/#primaryimage"},"thumbnailUrl":"https:\/\/folhapopular.info\/wp-content\/uploads\/2025\/07\/Forum-Coopop-scaled.jpg","datePublished":"2025-07-02T14:00:00+00:00","author":{"@id":"https:\/\/folhapopular.info\/#\/schema\/person\/da0b2794f793376cb5dd908e88ca6911"},"breadcrumb":{"@id":"https:\/\/folhapopular.info\/index.php\/2025\/07\/02\/forum-coopop-une-tecnologia-e-colaboracao-em-prol-do-desenvolvimento\/#breadcrumb"},"inLanguage":"pt-BR","potentialAction":[{"@type":"ReadAction","target":["https:\/\/folhapopular.info\/index.php\/2025\/07\/02\/forum-coopop-une-tecnologia-e-colaboracao-em-prol-do-desenvolvimento\/"]}]},{"@type":"ImageObject","inLanguage":"pt-BR","@id":"https:\/\/folhapopular.info\/index.php\/2025\/07\/02\/forum-coopop-une-tecnologia-e-colaboracao-em-prol-do-desenvolvimento\/#primaryimage","url":"https:\/\/folhapopular.info\/wp-content\/uploads\/2025\/07\/Forum-Coopop-scaled.jpg","contentUrl":"https:\/\/folhapopular.info\/wp-content\/uploads\/2025\/07\/Forum-Coopop-scaled.jpg","width":2560,"height":1707,"caption":"Evento re\u00fane lideran\u00e7as, empreendedores, representantes de cooperativas e associa\u00e7\u00f5es na sede da CIC Teut\u00f4nia - Cr\u00e9dito: Arquivo FP"},{"@type":"BreadcrumbList","@id":"https:\/\/folhapopular.info\/index.php\/2025\/07\/02\/forum-coopop-une-tecnologia-e-colaboracao-em-prol-do-desenvolvimento\/#breadcrumb","itemListElement":[{"@type":"ListItem","position":1,"name":"In\u00edcio","item":"https:\/\/folhapopular.info\/"},{"@type":"ListItem","position":2,"name":"F\u00f3rum Coopop une tecnologia e colabora\u00e7\u00e3o em prol do desenvolvimento"}]},{"@type":"WebSite","@id":"https:\/\/folhapopular.info\/#website","url":"https:\/\/folhapopular.info\/","name":"Folha Popular","description":"Onde voc\u00ea tem vez e voz","potentialAction":[{"@type":"SearchAction","target":{"@type":"EntryPoint","urlTemplate":"https:\/\/folhapopular.info\/?s={search_term_string}"},"query-input":{"@type":"PropertyValueSpecification","valueRequired":true,"valueName":"search_term_string"}}],"inLanguage":"pt-BR"},{"@type":"Person","@id":"https:\/\/folhapopular.info\/#\/schema\/person\/da0b2794f793376cb5dd908e88ca6911","name":"Thiago Maurique","image":{"@type":"ImageObject","inLanguage":"pt-BR","@id":"https:\/\/folhapopular.info\/wp-content\/uploads\/2026\/04\/THIAGO-MAURIQUE-1-1.webp","url":"https:\/\/folhapopular.info\/wp-content\/uploads\/2026\/04\/THIAGO-MAURIQUE-1-1.webp","contentUrl":"https:\/\/folhapopular.info\/wp-content\/uploads\/2026\/04\/THIAGO-MAURIQUE-1-1.webp","caption":"Thiago Maurique"},"url":"https:\/\/folhapopular.info\/index.php\/author\/thiago-maurique\/"}]}},"jetpack_featured_media_url":"https:\/\/folhapopular.info\/wp-content\/uploads\/2025\/07\/Forum-Coopop-scaled.jpg","jetpack_sharing_enabled":true,"amp_enabled":true,"_links":{"self":[{"href":"https:\/\/folhapopular.info\/index.php\/wp-json\/wp\/v2\/posts\/189455","targetHints":{"allow":["GET"]}}],"collection":[{"href":"https:\/\/folhapopular.info\/index.php\/wp-json\/wp\/v2\/posts"}],"about":[{"href":"https:\/\/folhapopular.info\/index.php\/wp-json\/wp\/v2\/types\/post"}],"author":[{"embeddable":true,"href":"https:\/\/folhapopular.info\/index.php\/wp-json\/wp\/v2\/users\/771"}],"replies":[{"embeddable":true,"href":"https:\/\/folhapopular.info\/index.php\/wp-json\/wp\/v2\/comments?post=189455"}],"version-history":[{"count":0,"href":"https:\/\/folhapopular.info\/index.php\/wp-json\/wp\/v2\/posts\/189455\/revisions"}],"wp:featuredmedia":[{"embeddable":true,"href":"https:\/\/folhapopular.info\/index.php\/wp-json\/wp\/v2\/media\/189456"}],"wp:attachment":[{"href":"https:\/\/folhapopular.info\/index.php\/wp-json\/wp\/v2\/media?parent=189455"}],"wp:term":[{"taxonomy":"category","embeddable":true,"href":"https:\/\/folhapopular.info\/index.php\/wp-json\/wp\/v2\/categories?post=189455"},{"taxonomy":"post_tag","embeddable":true,"href":"https:\/\/folhapopular.info\/index.php\/wp-json\/wp\/v2\/tags?post=189455"}],"curies":[{"name":"wp","href":"https:\/\/api.w.org\/{rel}","templated":true}]}}