{"id":189513,"date":"2025-07-03T08:59:03","date_gmt":"2025-07-03T11:59:03","guid":{"rendered":"https:\/\/folhapopular.info\/?p=189513"},"modified":"2025-07-03T08:59:05","modified_gmt":"2025-07-03T11:59:05","slug":"sicoob-sao-miguel-libera-primeira-operacao-de-credito-do-plano-safra","status":"publish","type":"post","link":"https:\/\/folhapopular.info\/index.php\/2025\/07\/03\/sicoob-sao-miguel-libera-primeira-operacao-de-credito-do-plano-safra\/","title":{"rendered":"Sicoob S\u00e3o Miguel libera primeira opera\u00e7\u00e3o de cr\u00e9dito do Plano Safra"},"content":{"rendered":"\n<p>O Sicoob S\u00e3o Miguel deu in\u00edcio \u00e0 nova etapa do Plano Safra 2025\/2026 nesta segunda-feira (1\u00ba\/7) com a libera\u00e7\u00e3o da primeira opera\u00e7\u00e3o de cr\u00e9dito rural do novo ciclo. A opera\u00e7\u00e3o, voltada ao custeio da produ\u00e7\u00e3o de leite, beneficiou a propriedade da Fam\u00edlia Dalla Rosa, localizada na Linha Canela Ga\u00facha, interior de S\u00e3o Miguel do Oeste (SC).<\/p>\n\n\n\n<p>A fam\u00edlia Dalla Rosa tem uma longa hist\u00f3ria com a cooperativa: o produtor Olir Dalla Rosa \u00e9 associado desde 1995, e hoje a sucess\u00e3o da propriedade est\u00e1 a cargo da filha Edivani Dalla Rosa e do genro Eliezer Perin, que mant\u00eam a parceria com o Sicoob. A contrata\u00e7\u00e3o do cr\u00e9dito foi feita de forma totalmente digital. \u201cPelo aplicativo \u00e9 muito mais pr\u00e1tico. Mesmo com a tecnologia, o Sicoob mant\u00e9m sua ess\u00eancia de proximidade e aten\u00e7\u00e3o com os cooperados\u201d, destacou Edivani.<\/p>\n\n\n\n<p>O presidente do Sicoob S\u00e3o Miguel, Edemar Fronchetti, visitou a propriedade e relembrou sua atua\u00e7\u00e3o como veterin\u00e1rio na regi\u00e3o. Ele ressaltou o desempenho da cooperativa na \u00faltima safra, quando foram liberados cerca de R$ 1,2 bilh\u00e3o em cr\u00e9dito rural, distribu\u00eddos em quase 10 mil opera\u00e7\u00f5es. Os recursos atenderam demandas como custeio agr\u00edcola e pecu\u00e1rio, aquisi\u00e7\u00e3o de insumos, moderniza\u00e7\u00e3o, compra de m\u00e1quinas e comercializa\u00e7\u00e3o.<\/p>\n\n\n\n<p>\u201cMesmo diante de desafios clim\u00e1ticos e econ\u00f4micos, garantimos o suporte essencial para nossos cooperados. Seguimos \u00e0 disposi\u00e7\u00e3o para apoiar produtores rurais e empresas que buscam cr\u00e9dito nesta nova safra. Nosso compromisso \u00e9 fortalecer o agroneg\u00f3cio e contribuir para o desenvolvimento do pa\u00eds\u201d, afirmou Fronchetti.<\/p>\n\n\n\n<p><\/p>\n","protected":false},"excerpt":{"rendered":"<p>O Sicoob S\u00e3o Miguel deu in\u00edcio \u00e0 nova etapa do Plano Safra 2025\/2026 nesta segunda-feira (1\u00ba\/7) com a libera\u00e7\u00e3o da primeira opera\u00e7\u00e3o de cr\u00e9dito rural do novo ciclo. A opera\u00e7\u00e3o, voltada ao custeio da produ\u00e7\u00e3o de leite, beneficiou a propriedade da Fam\u00edlia Dalla Rosa, localizada na Linha Canela Ga\u00facha, interior de S\u00e3o Miguel do Oeste [&hellip;]<\/p>\n","protected":false},"author":8,"featured_media":189525,"comment_status":"open","ping_status":"open","sticky":false,"template":"","format":"standard","meta":{"pmpro_default_level":"","_jetpack_memberships_contains_paid_content":false,"footnotes":""},"categories":[10992,2,10991],"tags":[3073,11027,4285],"class_list":{"0":"post-189513","1":"post","2":"type-post","3":"status-publish","4":"format-standard","5":"has-post-thumbnail","7":"category-coopop","8":"category-featured","9":"category-economia","10":"tag-plano-safra","11":"tag-rural","12":"tag-sicoob","13":"pmpro-has-access"},"yoast_head":"<!-- This site is optimized with the Yoast SEO plugin v27.5 - https:\/\/yoast.com\/product\/yoast-seo-wordpress\/ -->\n<title>Sicoob S\u00e3o Miguel libera primeira opera\u00e7\u00e3o de cr\u00e9dito do Plano Safra - Folha Popular<\/title>\n<meta name=\"robots\" content=\"index, follow, max-snippet:-1, max-image-preview:large, max-video-preview:-1\" \/>\n<link rel=\"canonical\" href=\"https:\/\/folhapopular.info\/index.php\/2025\/07\/03\/sicoob-sao-miguel-libera-primeira-operacao-de-credito-do-plano-safra\/\" \/>\n<meta property=\"og:locale\" content=\"pt_BR\" \/>\n<meta property=\"og:type\" content=\"article\" \/>\n<meta property=\"og:title\" content=\"Sicoob S\u00e3o Miguel libera primeira opera\u00e7\u00e3o de cr\u00e9dito do Plano Safra - Folha Popular\" \/>\n<meta property=\"og:description\" content=\"O Sicoob S\u00e3o Miguel deu in\u00edcio \u00e0 nova etapa do Plano Safra 2025\/2026 nesta segunda-feira (1\u00ba\/7) com a libera\u00e7\u00e3o da primeira opera\u00e7\u00e3o de cr\u00e9dito rural do novo ciclo. A opera\u00e7\u00e3o, voltada ao custeio da produ\u00e7\u00e3o de leite, beneficiou a propriedade da Fam\u00edlia Dalla Rosa, localizada na Linha Canela Ga\u00facha, interior de S\u00e3o Miguel do Oeste [&hellip;]\" \/>\n<meta property=\"og:url\" content=\"https:\/\/folhapopular.info\/index.php\/2025\/07\/03\/sicoob-sao-miguel-libera-primeira-operacao-de-credito-do-plano-safra\/\" \/>\n<meta property=\"og:site_name\" content=\"Folha Popular\" \/>\n<meta property=\"article:published_time\" content=\"2025-07-03T11:59:03+00:00\" \/>\n<meta property=\"article:modified_time\" content=\"2025-07-03T11:59:05+00:00\" \/>\n<meta property=\"og:image\" content=\"http:\/\/folhapopular.info\/wp-content\/uploads\/2025\/07\/IMG_9876-2-scaled.jpg\" \/>\n\t<meta property=\"og:image:width\" content=\"2560\" \/>\n\t<meta property=\"og:image:height\" content=\"1920\" \/>\n\t<meta property=\"og:image:type\" content=\"image\/jpeg\" \/>\n<meta name=\"author\" content=\"Reda\u00e7\u00e3o Folha Popular\" \/>\n<meta name=\"twitter:card\" content=\"summary_large_image\" \/>\n<meta name=\"twitter:label1\" content=\"Escrito por\" \/>\n\t<meta name=\"twitter:data1\" content=\"Reda\u00e7\u00e3o Folha Popular\" \/>\n\t<meta name=\"twitter:label2\" content=\"Est. tempo de leitura\" \/>\n\t<meta name=\"twitter:data2\" content=\"2 minutos\" \/>\n<script type=\"application\/ld+json\" class=\"yoast-schema-graph\">{\"@context\":\"https:\\\/\\\/schema.org\",\"@graph\":[{\"@type\":\"Article\",\"@id\":\"https:\\\/\\\/folhapopular.info\\\/index.php\\\/2025\\\/07\\\/03\\\/sicoob-sao-miguel-libera-primeira-operacao-de-credito-do-plano-safra\\\/#article\",\"isPartOf\":{\"@id\":\"https:\\\/\\\/folhapopular.info\\\/index.php\\\/2025\\\/07\\\/03\\\/sicoob-sao-miguel-libera-primeira-operacao-de-credito-do-plano-safra\\\/\"},\"author\":{\"name\":\"Reda\u00e7\u00e3o Folha Popular\",\"@id\":\"https:\\\/\\\/folhapopular.info\\\/#\\\/schema\\\/person\\\/2814e8a0df7643585a9ca38bc6eb9d4b\"},\"headline\":\"Sicoob S\u00e3o Miguel libera primeira opera\u00e7\u00e3o de cr\u00e9dito do Plano Safra\",\"datePublished\":\"2025-07-03T11:59:03+00:00\",\"dateModified\":\"2025-07-03T11:59:05+00:00\",\"mainEntityOfPage\":{\"@id\":\"https:\\\/\\\/folhapopular.info\\\/index.php\\\/2025\\\/07\\\/03\\\/sicoob-sao-miguel-libera-primeira-operacao-de-credito-do-plano-safra\\\/\"},\"wordCount\":287,\"commentCount\":0,\"image\":{\"@id\":\"https:\\\/\\\/folhapopular.info\\\/index.php\\\/2025\\\/07\\\/03\\\/sicoob-sao-miguel-libera-primeira-operacao-de-credito-do-plano-safra\\\/#primaryimage\"},\"thumbnailUrl\":\"https:\\\/\\\/folhapopular.info\\\/wp-content\\\/uploads\\\/2025\\\/07\\\/IMG_9876-2-scaled.jpg\",\"keywords\":[\"Plano Safra\",\"rural\",\"Sicoob\"],\"articleSection\":[\"Coopop\",\"Destaques\",\"Economia\"],\"inLanguage\":\"pt-BR\",\"potentialAction\":[{\"@type\":\"CommentAction\",\"name\":\"Comment\",\"target\":[\"https:\\\/\\\/folhapopular.info\\\/index.php\\\/2025\\\/07\\\/03\\\/sicoob-sao-miguel-libera-primeira-operacao-de-credito-do-plano-safra\\\/#respond\"]}]},{\"@type\":\"WebPage\",\"@id\":\"https:\\\/\\\/folhapopular.info\\\/index.php\\\/2025\\\/07\\\/03\\\/sicoob-sao-miguel-libera-primeira-operacao-de-credito-do-plano-safra\\\/\",\"url\":\"https:\\\/\\\/folhapopular.info\\\/index.php\\\/2025\\\/07\\\/03\\\/sicoob-sao-miguel-libera-primeira-operacao-de-credito-do-plano-safra\\\/\",\"name\":\"Sicoob S\u00e3o Miguel libera primeira opera\u00e7\u00e3o de cr\u00e9dito do Plano Safra - Folha Popular\",\"isPartOf\":{\"@id\":\"https:\\\/\\\/folhapopular.info\\\/#website\"},\"primaryImageOfPage\":{\"@id\":\"https:\\\/\\\/folhapopular.info\\\/index.php\\\/2025\\\/07\\\/03\\\/sicoob-sao-miguel-libera-primeira-operacao-de-credito-do-plano-safra\\\/#primaryimage\"},\"image\":{\"@id\":\"https:\\\/\\\/folhapopular.info\\\/index.php\\\/2025\\\/07\\\/03\\\/sicoob-sao-miguel-libera-primeira-operacao-de-credito-do-plano-safra\\\/#primaryimage\"},\"thumbnailUrl\":\"https:\\\/\\\/folhapopular.info\\\/wp-content\\\/uploads\\\/2025\\\/07\\\/IMG_9876-2-scaled.jpg\",\"datePublished\":\"2025-07-03T11:59:03+00:00\",\"dateModified\":\"2025-07-03T11:59:05+00:00\",\"author\":{\"@id\":\"https:\\\/\\\/folhapopular.info\\\/#\\\/schema\\\/person\\\/2814e8a0df7643585a9ca38bc6eb9d4b\"},\"breadcrumb\":{\"@id\":\"https:\\\/\\\/folhapopular.info\\\/index.php\\\/2025\\\/07\\\/03\\\/sicoob-sao-miguel-libera-primeira-operacao-de-credito-do-plano-safra\\\/#breadcrumb\"},\"inLanguage\":\"pt-BR\",\"potentialAction\":[{\"@type\":\"ReadAction\",\"target\":[\"https:\\\/\\\/folhapopular.info\\\/index.php\\\/2025\\\/07\\\/03\\\/sicoob-sao-miguel-libera-primeira-operacao-de-credito-do-plano-safra\\\/\"]}]},{\"@type\":\"ImageObject\",\"inLanguage\":\"pt-BR\",\"@id\":\"https:\\\/\\\/folhapopular.info\\\/index.php\\\/2025\\\/07\\\/03\\\/sicoob-sao-miguel-libera-primeira-operacao-de-credito-do-plano-safra\\\/#primaryimage\",\"url\":\"https:\\\/\\\/folhapopular.info\\\/wp-content\\\/uploads\\\/2025\\\/07\\\/IMG_9876-2-scaled.jpg\",\"contentUrl\":\"https:\\\/\\\/folhapopular.info\\\/wp-content\\\/uploads\\\/2025\\\/07\\\/IMG_9876-2-scaled.jpg\",\"width\":2560,\"height\":1920,\"caption\":\"Fam\u00edlia Dalla Rosa \\\/ Cr\u00e9dito: Divulga\u00e7\u00e3o\"},{\"@type\":\"BreadcrumbList\",\"@id\":\"https:\\\/\\\/folhapopular.info\\\/index.php\\\/2025\\\/07\\\/03\\\/sicoob-sao-miguel-libera-primeira-operacao-de-credito-do-plano-safra\\\/#breadcrumb\",\"itemListElement\":[{\"@type\":\"ListItem\",\"position\":1,\"name\":\"In\u00edcio\",\"item\":\"https:\\\/\\\/folhapopular.info\\\/\"},{\"@type\":\"ListItem\",\"position\":2,\"name\":\"Sicoob S\u00e3o Miguel libera primeira opera\u00e7\u00e3o de cr\u00e9dito do Plano Safra\"}]},{\"@type\":\"WebSite\",\"@id\":\"https:\\\/\\\/folhapopular.info\\\/#website\",\"url\":\"https:\\\/\\\/folhapopular.info\\\/\",\"name\":\"Folha Popular\",\"description\":\"Onde voc\u00ea tem vez e voz\",\"potentialAction\":[{\"@type\":\"SearchAction\",\"target\":{\"@type\":\"EntryPoint\",\"urlTemplate\":\"https:\\\/\\\/folhapopular.info\\\/?s={search_term_string}\"},\"query-input\":{\"@type\":\"PropertyValueSpecification\",\"valueRequired\":true,\"valueName\":\"search_term_string\"}}],\"inLanguage\":\"pt-BR\"},{\"@type\":\"Person\",\"@id\":\"https:\\\/\\\/folhapopular.info\\\/#\\\/schema\\\/person\\\/2814e8a0df7643585a9ca38bc6eb9d4b\",\"name\":\"Reda\u00e7\u00e3o Folha Popular\",\"image\":{\"@type\":\"ImageObject\",\"inLanguage\":\"pt-BR\",\"@id\":\"https:\\\/\\\/folhapopular.info\\\/wp-content\\\/uploads\\\/2026\\\/04\\\/Folha-1.webp\",\"url\":\"https:\\\/\\\/folhapopular.info\\\/wp-content\\\/uploads\\\/2026\\\/04\\\/Folha-1.webp\",\"contentUrl\":\"https:\\\/\\\/folhapopular.info\\\/wp-content\\\/uploads\\\/2026\\\/04\\\/Folha-1.webp\",\"caption\":\"Reda\u00e7\u00e3o Folha Popular\"},\"url\":\"https:\\\/\\\/folhapopular.info\\\/index.php\\\/author\\\/redacao\\\/\"}]}<\/script>\n<!-- \/ Yoast SEO plugin. -->","yoast_head_json":{"title":"Sicoob S\u00e3o Miguel libera primeira opera\u00e7\u00e3o de cr\u00e9dito do Plano Safra - Folha Popular","robots":{"index":"index","follow":"follow","max-snippet":"max-snippet:-1","max-image-preview":"max-image-preview:large","max-video-preview":"max-video-preview:-1"},"canonical":"https:\/\/folhapopular.info\/index.php\/2025\/07\/03\/sicoob-sao-miguel-libera-primeira-operacao-de-credito-do-plano-safra\/","og_locale":"pt_BR","og_type":"article","og_title":"Sicoob S\u00e3o Miguel libera primeira opera\u00e7\u00e3o de cr\u00e9dito do Plano Safra - Folha Popular","og_description":"O Sicoob S\u00e3o Miguel deu in\u00edcio \u00e0 nova etapa do Plano Safra 2025\/2026 nesta segunda-feira (1\u00ba\/7) com a libera\u00e7\u00e3o da primeira opera\u00e7\u00e3o de cr\u00e9dito rural do novo ciclo. A opera\u00e7\u00e3o, voltada ao custeio da produ\u00e7\u00e3o de leite, beneficiou a propriedade da Fam\u00edlia Dalla Rosa, localizada na Linha Canela Ga\u00facha, interior de S\u00e3o Miguel do Oeste [&hellip;]","og_url":"https:\/\/folhapopular.info\/index.php\/2025\/07\/03\/sicoob-sao-miguel-libera-primeira-operacao-de-credito-do-plano-safra\/","og_site_name":"Folha Popular","article_published_time":"2025-07-03T11:59:03+00:00","article_modified_time":"2025-07-03T11:59:05+00:00","og_image":[{"width":2560,"height":1920,"url":"http:\/\/folhapopular.info\/wp-content\/uploads\/2025\/07\/IMG_9876-2-scaled.jpg","type":"image\/jpeg"}],"author":"Reda\u00e7\u00e3o Folha Popular","twitter_card":"summary_large_image","twitter_misc":{"Escrito por":"Reda\u00e7\u00e3o Folha Popular","Est. tempo de leitura":"2 minutos"},"schema":{"@context":"https:\/\/schema.org","@graph":[{"@type":"Article","@id":"https:\/\/folhapopular.info\/index.php\/2025\/07\/03\/sicoob-sao-miguel-libera-primeira-operacao-de-credito-do-plano-safra\/#article","isPartOf":{"@id":"https:\/\/folhapopular.info\/index.php\/2025\/07\/03\/sicoob-sao-miguel-libera-primeira-operacao-de-credito-do-plano-safra\/"},"author":{"name":"Reda\u00e7\u00e3o Folha Popular","@id":"https:\/\/folhapopular.info\/#\/schema\/person\/2814e8a0df7643585a9ca38bc6eb9d4b"},"headline":"Sicoob S\u00e3o Miguel libera primeira opera\u00e7\u00e3o de cr\u00e9dito do Plano Safra","datePublished":"2025-07-03T11:59:03+00:00","dateModified":"2025-07-03T11:59:05+00:00","mainEntityOfPage":{"@id":"https:\/\/folhapopular.info\/index.php\/2025\/07\/03\/sicoob-sao-miguel-libera-primeira-operacao-de-credito-do-plano-safra\/"},"wordCount":287,"commentCount":0,"image":{"@id":"https:\/\/folhapopular.info\/index.php\/2025\/07\/03\/sicoob-sao-miguel-libera-primeira-operacao-de-credito-do-plano-safra\/#primaryimage"},"thumbnailUrl":"https:\/\/folhapopular.info\/wp-content\/uploads\/2025\/07\/IMG_9876-2-scaled.jpg","keywords":["Plano Safra","rural","Sicoob"],"articleSection":["Coopop","Destaques","Economia"],"inLanguage":"pt-BR","potentialAction":[{"@type":"CommentAction","name":"Comment","target":["https:\/\/folhapopular.info\/index.php\/2025\/07\/03\/sicoob-sao-miguel-libera-primeira-operacao-de-credito-do-plano-safra\/#respond"]}]},{"@type":"WebPage","@id":"https:\/\/folhapopular.info\/index.php\/2025\/07\/03\/sicoob-sao-miguel-libera-primeira-operacao-de-credito-do-plano-safra\/","url":"https:\/\/folhapopular.info\/index.php\/2025\/07\/03\/sicoob-sao-miguel-libera-primeira-operacao-de-credito-do-plano-safra\/","name":"Sicoob S\u00e3o Miguel libera primeira opera\u00e7\u00e3o de cr\u00e9dito do Plano Safra - Folha Popular","isPartOf":{"@id":"https:\/\/folhapopular.info\/#website"},"primaryImageOfPage":{"@id":"https:\/\/folhapopular.info\/index.php\/2025\/07\/03\/sicoob-sao-miguel-libera-primeira-operacao-de-credito-do-plano-safra\/#primaryimage"},"image":{"@id":"https:\/\/folhapopular.info\/index.php\/2025\/07\/03\/sicoob-sao-miguel-libera-primeira-operacao-de-credito-do-plano-safra\/#primaryimage"},"thumbnailUrl":"https:\/\/folhapopular.info\/wp-content\/uploads\/2025\/07\/IMG_9876-2-scaled.jpg","datePublished":"2025-07-03T11:59:03+00:00","dateModified":"2025-07-03T11:59:05+00:00","author":{"@id":"https:\/\/folhapopular.info\/#\/schema\/person\/2814e8a0df7643585a9ca38bc6eb9d4b"},"breadcrumb":{"@id":"https:\/\/folhapopular.info\/index.php\/2025\/07\/03\/sicoob-sao-miguel-libera-primeira-operacao-de-credito-do-plano-safra\/#breadcrumb"},"inLanguage":"pt-BR","potentialAction":[{"@type":"ReadAction","target":["https:\/\/folhapopular.info\/index.php\/2025\/07\/03\/sicoob-sao-miguel-libera-primeira-operacao-de-credito-do-plano-safra\/"]}]},{"@type":"ImageObject","inLanguage":"pt-BR","@id":"https:\/\/folhapopular.info\/index.php\/2025\/07\/03\/sicoob-sao-miguel-libera-primeira-operacao-de-credito-do-plano-safra\/#primaryimage","url":"https:\/\/folhapopular.info\/wp-content\/uploads\/2025\/07\/IMG_9876-2-scaled.jpg","contentUrl":"https:\/\/folhapopular.info\/wp-content\/uploads\/2025\/07\/IMG_9876-2-scaled.jpg","width":2560,"height":1920,"caption":"Fam\u00edlia Dalla Rosa \/ Cr\u00e9dito: Divulga\u00e7\u00e3o"},{"@type":"BreadcrumbList","@id":"https:\/\/folhapopular.info\/index.php\/2025\/07\/03\/sicoob-sao-miguel-libera-primeira-operacao-de-credito-do-plano-safra\/#breadcrumb","itemListElement":[{"@type":"ListItem","position":1,"name":"In\u00edcio","item":"https:\/\/folhapopular.info\/"},{"@type":"ListItem","position":2,"name":"Sicoob S\u00e3o Miguel libera primeira opera\u00e7\u00e3o de cr\u00e9dito do Plano Safra"}]},{"@type":"WebSite","@id":"https:\/\/folhapopular.info\/#website","url":"https:\/\/folhapopular.info\/","name":"Folha Popular","description":"Onde voc\u00ea tem vez e voz","potentialAction":[{"@type":"SearchAction","target":{"@type":"EntryPoint","urlTemplate":"https:\/\/folhapopular.info\/?s={search_term_string}"},"query-input":{"@type":"PropertyValueSpecification","valueRequired":true,"valueName":"search_term_string"}}],"inLanguage":"pt-BR"},{"@type":"Person","@id":"https:\/\/folhapopular.info\/#\/schema\/person\/2814e8a0df7643585a9ca38bc6eb9d4b","name":"Reda\u00e7\u00e3o Folha Popular","image":{"@type":"ImageObject","inLanguage":"pt-BR","@id":"https:\/\/folhapopular.info\/wp-content\/uploads\/2026\/04\/Folha-1.webp","url":"https:\/\/folhapopular.info\/wp-content\/uploads\/2026\/04\/Folha-1.webp","contentUrl":"https:\/\/folhapopular.info\/wp-content\/uploads\/2026\/04\/Folha-1.webp","caption":"Reda\u00e7\u00e3o Folha Popular"},"url":"https:\/\/folhapopular.info\/index.php\/author\/redacao\/"}]}},"jetpack_featured_media_url":"https:\/\/folhapopular.info\/wp-content\/uploads\/2025\/07\/IMG_9876-2-scaled.jpg","jetpack_sharing_enabled":true,"amp_enabled":true,"_links":{"self":[{"href":"https:\/\/folhapopular.info\/index.php\/wp-json\/wp\/v2\/posts\/189513","targetHints":{"allow":["GET"]}}],"collection":[{"href":"https:\/\/folhapopular.info\/index.php\/wp-json\/wp\/v2\/posts"}],"about":[{"href":"https:\/\/folhapopular.info\/index.php\/wp-json\/wp\/v2\/types\/post"}],"author":[{"embeddable":true,"href":"https:\/\/folhapopular.info\/index.php\/wp-json\/wp\/v2\/users\/8"}],"replies":[{"embeddable":true,"href":"https:\/\/folhapopular.info\/index.php\/wp-json\/wp\/v2\/comments?post=189513"}],"version-history":[{"count":0,"href":"https:\/\/folhapopular.info\/index.php\/wp-json\/wp\/v2\/posts\/189513\/revisions"}],"wp:featuredmedia":[{"embeddable":true,"href":"https:\/\/folhapopular.info\/index.php\/wp-json\/wp\/v2\/media\/189525"}],"wp:attachment":[{"href":"https:\/\/folhapopular.info\/index.php\/wp-json\/wp\/v2\/media?parent=189513"}],"wp:term":[{"taxonomy":"category","embeddable":true,"href":"https:\/\/folhapopular.info\/index.php\/wp-json\/wp\/v2\/categories?post=189513"},{"taxonomy":"post_tag","embeddable":true,"href":"https:\/\/folhapopular.info\/index.php\/wp-json\/wp\/v2\/tags?post=189513"}],"curies":[{"name":"wp","href":"https:\/\/api.w.org\/{rel}","templated":true}]}}