{"id":189538,"date":"2025-07-03T11:00:00","date_gmt":"2025-07-03T14:00:00","guid":{"rendered":"https:\/\/folhapopular.info\/?p=189538"},"modified":"2025-07-03T10:19:32","modified_gmt":"2025-07-03T13:19:32","slug":"imigrante-realiza-10a-conferencia-municipal-de-assistencia-social-no-dia-8-de-julho","status":"publish","type":"post","link":"https:\/\/folhapopular.info\/index.php\/2025\/07\/03\/imigrante-realiza-10a-conferencia-municipal-de-assistencia-social-no-dia-8-de-julho\/","title":{"rendered":"Imigrante realiza 10\u00aa Confer\u00eancia Municipal de Assist\u00eancia Social no dia 8 de julho"},"content":{"rendered":"\n<p>A Administra\u00e7\u00e3o Municipal de Imigrante, por meio da Secretaria de Sa\u00fade e Assist\u00eancia Social, convida a comunidade para participar da 10\u00aa Confer\u00eancia Municipal de Assist\u00eancia Social, que ocorre na pr\u00f3xima ter\u00e7a-feira (8\/6) \u00e0s 13h, no Audit\u00f3rio do Centro de Sa\u00fade.<\/p>\n\n\n\n<p>Com o tema \u201c20 anos do SUAS: constru\u00e7\u00e3o, prote\u00e7\u00e3o social e resist\u00eancia\u201d, o evento ser\u00e1 um espa\u00e7o de di\u00e1logo democr\u00e1tico para an\u00e1lise, debate e formula\u00e7\u00e3o de propostas que visam fortalecer a pol\u00edtica de Assist\u00eancia Social no munic\u00edpio.<\/p>\n\n\n\n<p>A coordenadora do CRAS, Karina Wagner, destaca a import\u00e2ncia da presen\u00e7a da popula\u00e7\u00e3o. \u201cA confer\u00eancia re\u00fane gestores, trabalhadores da assist\u00eancia, representantes do controle social e a comunidade para refletir e propor melhorias no SUAS. A participa\u00e7\u00e3o popular \u00e9 fundamental, pois quem vive a realidade das pol\u00edticas p\u00fablicas pode contribuir com sugest\u00f5es concretas\u201d, afirma.<\/p>\n\n\n\n<p>Al\u00e9m da discuss\u00e3o de eixos tem\u00e1ticos relacionados ao Sistema \u00danico de Assist\u00eancia Social (SUAS), a programa\u00e7\u00e3o inclui a elei\u00e7\u00e3o de delegados que representar\u00e3o Imigrante na etapa regional da confer\u00eancia.<br><br><br><br><br><br><br><br><br><br><br><\/p>\n","protected":false},"excerpt":{"rendered":"<p>A Administra\u00e7\u00e3o Municipal de Imigrante, por meio da Secretaria de Sa\u00fade e Assist\u00eancia Social, convida a comunidade para participar da 10\u00aa Confer\u00eancia Municipal de Assist\u00eancia Social, que ocorre na pr\u00f3xima ter\u00e7a-feira (8\/6) \u00e0s 13h, no Audit\u00f3rio do Centro de Sa\u00fade. Com o tema \u201c20 anos do SUAS: constru\u00e7\u00e3o, prote\u00e7\u00e3o social e resist\u00eancia\u201d, o evento ser\u00e1 [&hellip;]<\/p>\n","protected":false},"author":8,"featured_media":189539,"comment_status":"open","ping_status":"open","sticky":false,"template":"","format":"standard","meta":{"pmpro_default_level":"","_jetpack_memberships_contains_paid_content":false,"footnotes":""},"categories":[2,3,10986],"tags":[35,4973,34],"class_list":{"0":"post-189538","1":"post","2":"type-post","3":"status-publish","4":"format-standard","5":"has-post-thumbnail","7":"category-featured","8":"category-geral","9":"category-saude","10":"tag-assistencia-social","11":"tag-conferencia-municipal-de-assistencia-social","12":"tag-imigrante","13":"pmpro-has-access"},"yoast_head":"<!-- This site is optimized with the Yoast SEO plugin v27.5 - https:\/\/yoast.com\/product\/yoast-seo-wordpress\/ -->\n<title>Imigrante realiza 10\u00aa Confer\u00eancia Municipal de Assist\u00eancia Social no dia 8 de julho - Folha Popular<\/title>\n<meta name=\"robots\" content=\"index, follow, max-snippet:-1, max-image-preview:large, max-video-preview:-1\" \/>\n<link rel=\"canonical\" href=\"https:\/\/folhapopular.info\/index.php\/2025\/07\/03\/imigrante-realiza-10a-conferencia-municipal-de-assistencia-social-no-dia-8-de-julho\/\" \/>\n<meta property=\"og:locale\" content=\"pt_BR\" \/>\n<meta property=\"og:type\" content=\"article\" \/>\n<meta property=\"og:title\" content=\"Imigrante realiza 10\u00aa Confer\u00eancia Municipal de Assist\u00eancia Social no dia 8 de julho - Folha Popular\" \/>\n<meta property=\"og:description\" content=\"A Administra\u00e7\u00e3o Municipal de Imigrante, por meio da Secretaria de Sa\u00fade e Assist\u00eancia Social, convida a comunidade para participar da 10\u00aa Confer\u00eancia Municipal de Assist\u00eancia Social, que ocorre na pr\u00f3xima ter\u00e7a-feira (8\/6) \u00e0s 13h, no Audit\u00f3rio do Centro de Sa\u00fade. Com o tema \u201c20 anos do SUAS: constru\u00e7\u00e3o, prote\u00e7\u00e3o social e resist\u00eancia\u201d, o evento ser\u00e1 [&hellip;]\" \/>\n<meta property=\"og:url\" content=\"https:\/\/folhapopular.info\/index.php\/2025\/07\/03\/imigrante-realiza-10a-conferencia-municipal-de-assistencia-social-no-dia-8-de-julho\/\" \/>\n<meta property=\"og:site_name\" content=\"Folha Popular\" \/>\n<meta property=\"article:published_time\" content=\"2025-07-03T14:00:00+00:00\" \/>\n<meta property=\"og:image\" content=\"https:\/\/folhapopular.info\/wp-content\/uploads\/2025\/07\/Conferencia-Municipal_nova-data.png\" \/>\n\t<meta property=\"og:image:width\" content=\"1080\" \/>\n\t<meta property=\"og:image:height\" content=\"1350\" \/>\n\t<meta property=\"og:image:type\" content=\"image\/png\" \/>\n<meta name=\"author\" content=\"Reda\u00e7\u00e3o Folha Popular\" \/>\n<meta name=\"twitter:card\" content=\"summary_large_image\" \/>\n<meta name=\"twitter:label1\" content=\"Escrito por\" \/>\n\t<meta name=\"twitter:data1\" content=\"Reda\u00e7\u00e3o Folha Popular\" \/>\n\t<meta name=\"twitter:label2\" content=\"Est. tempo de leitura\" \/>\n\t<meta name=\"twitter:data2\" content=\"2 minutos\" \/>\n<script type=\"application\/ld+json\" class=\"yoast-schema-graph\">{\"@context\":\"https:\\\/\\\/schema.org\",\"@graph\":[{\"@type\":\"Article\",\"@id\":\"https:\\\/\\\/folhapopular.info\\\/index.php\\\/2025\\\/07\\\/03\\\/imigrante-realiza-10a-conferencia-municipal-de-assistencia-social-no-dia-8-de-julho\\\/#article\",\"isPartOf\":{\"@id\":\"https:\\\/\\\/folhapopular.info\\\/index.php\\\/2025\\\/07\\\/03\\\/imigrante-realiza-10a-conferencia-municipal-de-assistencia-social-no-dia-8-de-julho\\\/\"},\"author\":{\"name\":\"Reda\u00e7\u00e3o Folha Popular\",\"@id\":\"https:\\\/\\\/folhapopular.info\\\/#\\\/schema\\\/person\\\/2814e8a0df7643585a9ca38bc6eb9d4b\"},\"headline\":\"Imigrante realiza 10\u00aa Confer\u00eancia Municipal de Assist\u00eancia Social no dia 8 de julho\",\"datePublished\":\"2025-07-03T14:00:00+00:00\",\"mainEntityOfPage\":{\"@id\":\"https:\\\/\\\/folhapopular.info\\\/index.php\\\/2025\\\/07\\\/03\\\/imigrante-realiza-10a-conferencia-municipal-de-assistencia-social-no-dia-8-de-julho\\\/\"},\"wordCount\":206,\"commentCount\":0,\"image\":{\"@id\":\"https:\\\/\\\/folhapopular.info\\\/index.php\\\/2025\\\/07\\\/03\\\/imigrante-realiza-10a-conferencia-municipal-de-assistencia-social-no-dia-8-de-julho\\\/#primaryimage\"},\"thumbnailUrl\":\"https:\\\/\\\/folhapopular.info\\\/wp-content\\\/uploads\\\/2025\\\/07\\\/Conferencia-Municipal_nova-data.png\",\"keywords\":[\"Assist\u00eancia Social\",\"Confer\u00eancia Municipal de Assist\u00eancia Social\",\"Imigrante\"],\"articleSection\":[\"Destaques\",\"Geral\",\"Sa\u00fade\"],\"inLanguage\":\"pt-BR\",\"potentialAction\":[{\"@type\":\"CommentAction\",\"name\":\"Comment\",\"target\":[\"https:\\\/\\\/folhapopular.info\\\/index.php\\\/2025\\\/07\\\/03\\\/imigrante-realiza-10a-conferencia-municipal-de-assistencia-social-no-dia-8-de-julho\\\/#respond\"]}]},{\"@type\":\"WebPage\",\"@id\":\"https:\\\/\\\/folhapopular.info\\\/index.php\\\/2025\\\/07\\\/03\\\/imigrante-realiza-10a-conferencia-municipal-de-assistencia-social-no-dia-8-de-julho\\\/\",\"url\":\"https:\\\/\\\/folhapopular.info\\\/index.php\\\/2025\\\/07\\\/03\\\/imigrante-realiza-10a-conferencia-municipal-de-assistencia-social-no-dia-8-de-julho\\\/\",\"name\":\"Imigrante realiza 10\u00aa Confer\u00eancia Municipal de Assist\u00eancia Social no dia 8 de julho - Folha Popular\",\"isPartOf\":{\"@id\":\"https:\\\/\\\/folhapopular.info\\\/#website\"},\"primaryImageOfPage\":{\"@id\":\"https:\\\/\\\/folhapopular.info\\\/index.php\\\/2025\\\/07\\\/03\\\/imigrante-realiza-10a-conferencia-municipal-de-assistencia-social-no-dia-8-de-julho\\\/#primaryimage\"},\"image\":{\"@id\":\"https:\\\/\\\/folhapopular.info\\\/index.php\\\/2025\\\/07\\\/03\\\/imigrante-realiza-10a-conferencia-municipal-de-assistencia-social-no-dia-8-de-julho\\\/#primaryimage\"},\"thumbnailUrl\":\"https:\\\/\\\/folhapopular.info\\\/wp-content\\\/uploads\\\/2025\\\/07\\\/Conferencia-Municipal_nova-data.png\",\"datePublished\":\"2025-07-03T14:00:00+00:00\",\"author\":{\"@id\":\"https:\\\/\\\/folhapopular.info\\\/#\\\/schema\\\/person\\\/2814e8a0df7643585a9ca38bc6eb9d4b\"},\"breadcrumb\":{\"@id\":\"https:\\\/\\\/folhapopular.info\\\/index.php\\\/2025\\\/07\\\/03\\\/imigrante-realiza-10a-conferencia-municipal-de-assistencia-social-no-dia-8-de-julho\\\/#breadcrumb\"},\"inLanguage\":\"pt-BR\",\"potentialAction\":[{\"@type\":\"ReadAction\",\"target\":[\"https:\\\/\\\/folhapopular.info\\\/index.php\\\/2025\\\/07\\\/03\\\/imigrante-realiza-10a-conferencia-municipal-de-assistencia-social-no-dia-8-de-julho\\\/\"]}]},{\"@type\":\"ImageObject\",\"inLanguage\":\"pt-BR\",\"@id\":\"https:\\\/\\\/folhapopular.info\\\/index.php\\\/2025\\\/07\\\/03\\\/imigrante-realiza-10a-conferencia-municipal-de-assistencia-social-no-dia-8-de-julho\\\/#primaryimage\",\"url\":\"https:\\\/\\\/folhapopular.info\\\/wp-content\\\/uploads\\\/2025\\\/07\\\/Conferencia-Municipal_nova-data.png\",\"contentUrl\":\"https:\\\/\\\/folhapopular.info\\\/wp-content\\\/uploads\\\/2025\\\/07\\\/Conferencia-Municipal_nova-data.png\",\"width\":1080,\"height\":1350,\"caption\":\"Confer\u00eancia Municipal \\\/ Cr\u00e9dito: Divulga\u00e7\u00e3o\"},{\"@type\":\"BreadcrumbList\",\"@id\":\"https:\\\/\\\/folhapopular.info\\\/index.php\\\/2025\\\/07\\\/03\\\/imigrante-realiza-10a-conferencia-municipal-de-assistencia-social-no-dia-8-de-julho\\\/#breadcrumb\",\"itemListElement\":[{\"@type\":\"ListItem\",\"position\":1,\"name\":\"In\u00edcio\",\"item\":\"https:\\\/\\\/folhapopular.info\\\/\"},{\"@type\":\"ListItem\",\"position\":2,\"name\":\"Imigrante realiza 10\u00aa Confer\u00eancia Municipal de Assist\u00eancia Social no dia 8 de julho\"}]},{\"@type\":\"WebSite\",\"@id\":\"https:\\\/\\\/folhapopular.info\\\/#website\",\"url\":\"https:\\\/\\\/folhapopular.info\\\/\",\"name\":\"Folha Popular\",\"description\":\"Onde voc\u00ea tem vez e voz\",\"potentialAction\":[{\"@type\":\"SearchAction\",\"target\":{\"@type\":\"EntryPoint\",\"urlTemplate\":\"https:\\\/\\\/folhapopular.info\\\/?s={search_term_string}\"},\"query-input\":{\"@type\":\"PropertyValueSpecification\",\"valueRequired\":true,\"valueName\":\"search_term_string\"}}],\"inLanguage\":\"pt-BR\"},{\"@type\":\"Person\",\"@id\":\"https:\\\/\\\/folhapopular.info\\\/#\\\/schema\\\/person\\\/2814e8a0df7643585a9ca38bc6eb9d4b\",\"name\":\"Reda\u00e7\u00e3o Folha Popular\",\"image\":{\"@type\":\"ImageObject\",\"inLanguage\":\"pt-BR\",\"@id\":\"https:\\\/\\\/folhapopular.info\\\/wp-content\\\/uploads\\\/2026\\\/04\\\/Folha-1.webp\",\"url\":\"https:\\\/\\\/folhapopular.info\\\/wp-content\\\/uploads\\\/2026\\\/04\\\/Folha-1.webp\",\"contentUrl\":\"https:\\\/\\\/folhapopular.info\\\/wp-content\\\/uploads\\\/2026\\\/04\\\/Folha-1.webp\",\"caption\":\"Reda\u00e7\u00e3o Folha Popular\"},\"url\":\"https:\\\/\\\/folhapopular.info\\\/index.php\\\/author\\\/redacao\\\/\"}]}<\/script>\n<!-- \/ Yoast SEO plugin. -->","yoast_head_json":{"title":"Imigrante realiza 10\u00aa Confer\u00eancia Municipal de Assist\u00eancia Social no dia 8 de julho - Folha Popular","robots":{"index":"index","follow":"follow","max-snippet":"max-snippet:-1","max-image-preview":"max-image-preview:large","max-video-preview":"max-video-preview:-1"},"canonical":"https:\/\/folhapopular.info\/index.php\/2025\/07\/03\/imigrante-realiza-10a-conferencia-municipal-de-assistencia-social-no-dia-8-de-julho\/","og_locale":"pt_BR","og_type":"article","og_title":"Imigrante realiza 10\u00aa Confer\u00eancia Municipal de Assist\u00eancia Social no dia 8 de julho - Folha Popular","og_description":"A Administra\u00e7\u00e3o Municipal de Imigrante, por meio da Secretaria de Sa\u00fade e Assist\u00eancia Social, convida a comunidade para participar da 10\u00aa Confer\u00eancia Municipal de Assist\u00eancia Social, que ocorre na pr\u00f3xima ter\u00e7a-feira (8\/6) \u00e0s 13h, no Audit\u00f3rio do Centro de Sa\u00fade. Com o tema \u201c20 anos do SUAS: constru\u00e7\u00e3o, prote\u00e7\u00e3o social e resist\u00eancia\u201d, o evento ser\u00e1 [&hellip;]","og_url":"https:\/\/folhapopular.info\/index.php\/2025\/07\/03\/imigrante-realiza-10a-conferencia-municipal-de-assistencia-social-no-dia-8-de-julho\/","og_site_name":"Folha Popular","article_published_time":"2025-07-03T14:00:00+00:00","og_image":[{"width":1080,"height":1350,"url":"https:\/\/folhapopular.info\/wp-content\/uploads\/2025\/07\/Conferencia-Municipal_nova-data.png","type":"image\/png"}],"author":"Reda\u00e7\u00e3o Folha Popular","twitter_card":"summary_large_image","twitter_misc":{"Escrito por":"Reda\u00e7\u00e3o Folha Popular","Est. tempo de leitura":"2 minutos"},"schema":{"@context":"https:\/\/schema.org","@graph":[{"@type":"Article","@id":"https:\/\/folhapopular.info\/index.php\/2025\/07\/03\/imigrante-realiza-10a-conferencia-municipal-de-assistencia-social-no-dia-8-de-julho\/#article","isPartOf":{"@id":"https:\/\/folhapopular.info\/index.php\/2025\/07\/03\/imigrante-realiza-10a-conferencia-municipal-de-assistencia-social-no-dia-8-de-julho\/"},"author":{"name":"Reda\u00e7\u00e3o Folha Popular","@id":"https:\/\/folhapopular.info\/#\/schema\/person\/2814e8a0df7643585a9ca38bc6eb9d4b"},"headline":"Imigrante realiza 10\u00aa Confer\u00eancia Municipal de Assist\u00eancia Social no dia 8 de julho","datePublished":"2025-07-03T14:00:00+00:00","mainEntityOfPage":{"@id":"https:\/\/folhapopular.info\/index.php\/2025\/07\/03\/imigrante-realiza-10a-conferencia-municipal-de-assistencia-social-no-dia-8-de-julho\/"},"wordCount":206,"commentCount":0,"image":{"@id":"https:\/\/folhapopular.info\/index.php\/2025\/07\/03\/imigrante-realiza-10a-conferencia-municipal-de-assistencia-social-no-dia-8-de-julho\/#primaryimage"},"thumbnailUrl":"https:\/\/folhapopular.info\/wp-content\/uploads\/2025\/07\/Conferencia-Municipal_nova-data.png","keywords":["Assist\u00eancia Social","Confer\u00eancia Municipal de Assist\u00eancia Social","Imigrante"],"articleSection":["Destaques","Geral","Sa\u00fade"],"inLanguage":"pt-BR","potentialAction":[{"@type":"CommentAction","name":"Comment","target":["https:\/\/folhapopular.info\/index.php\/2025\/07\/03\/imigrante-realiza-10a-conferencia-municipal-de-assistencia-social-no-dia-8-de-julho\/#respond"]}]},{"@type":"WebPage","@id":"https:\/\/folhapopular.info\/index.php\/2025\/07\/03\/imigrante-realiza-10a-conferencia-municipal-de-assistencia-social-no-dia-8-de-julho\/","url":"https:\/\/folhapopular.info\/index.php\/2025\/07\/03\/imigrante-realiza-10a-conferencia-municipal-de-assistencia-social-no-dia-8-de-julho\/","name":"Imigrante realiza 10\u00aa Confer\u00eancia Municipal de Assist\u00eancia Social no dia 8 de julho - Folha Popular","isPartOf":{"@id":"https:\/\/folhapopular.info\/#website"},"primaryImageOfPage":{"@id":"https:\/\/folhapopular.info\/index.php\/2025\/07\/03\/imigrante-realiza-10a-conferencia-municipal-de-assistencia-social-no-dia-8-de-julho\/#primaryimage"},"image":{"@id":"https:\/\/folhapopular.info\/index.php\/2025\/07\/03\/imigrante-realiza-10a-conferencia-municipal-de-assistencia-social-no-dia-8-de-julho\/#primaryimage"},"thumbnailUrl":"https:\/\/folhapopular.info\/wp-content\/uploads\/2025\/07\/Conferencia-Municipal_nova-data.png","datePublished":"2025-07-03T14:00:00+00:00","author":{"@id":"https:\/\/folhapopular.info\/#\/schema\/person\/2814e8a0df7643585a9ca38bc6eb9d4b"},"breadcrumb":{"@id":"https:\/\/folhapopular.info\/index.php\/2025\/07\/03\/imigrante-realiza-10a-conferencia-municipal-de-assistencia-social-no-dia-8-de-julho\/#breadcrumb"},"inLanguage":"pt-BR","potentialAction":[{"@type":"ReadAction","target":["https:\/\/folhapopular.info\/index.php\/2025\/07\/03\/imigrante-realiza-10a-conferencia-municipal-de-assistencia-social-no-dia-8-de-julho\/"]}]},{"@type":"ImageObject","inLanguage":"pt-BR","@id":"https:\/\/folhapopular.info\/index.php\/2025\/07\/03\/imigrante-realiza-10a-conferencia-municipal-de-assistencia-social-no-dia-8-de-julho\/#primaryimage","url":"https:\/\/folhapopular.info\/wp-content\/uploads\/2025\/07\/Conferencia-Municipal_nova-data.png","contentUrl":"https:\/\/folhapopular.info\/wp-content\/uploads\/2025\/07\/Conferencia-Municipal_nova-data.png","width":1080,"height":1350,"caption":"Confer\u00eancia Municipal \/ Cr\u00e9dito: Divulga\u00e7\u00e3o"},{"@type":"BreadcrumbList","@id":"https:\/\/folhapopular.info\/index.php\/2025\/07\/03\/imigrante-realiza-10a-conferencia-municipal-de-assistencia-social-no-dia-8-de-julho\/#breadcrumb","itemListElement":[{"@type":"ListItem","position":1,"name":"In\u00edcio","item":"https:\/\/folhapopular.info\/"},{"@type":"ListItem","position":2,"name":"Imigrante realiza 10\u00aa Confer\u00eancia Municipal de Assist\u00eancia Social no dia 8 de julho"}]},{"@type":"WebSite","@id":"https:\/\/folhapopular.info\/#website","url":"https:\/\/folhapopular.info\/","name":"Folha Popular","description":"Onde voc\u00ea tem vez e voz","potentialAction":[{"@type":"SearchAction","target":{"@type":"EntryPoint","urlTemplate":"https:\/\/folhapopular.info\/?s={search_term_string}"},"query-input":{"@type":"PropertyValueSpecification","valueRequired":true,"valueName":"search_term_string"}}],"inLanguage":"pt-BR"},{"@type":"Person","@id":"https:\/\/folhapopular.info\/#\/schema\/person\/2814e8a0df7643585a9ca38bc6eb9d4b","name":"Reda\u00e7\u00e3o Folha Popular","image":{"@type":"ImageObject","inLanguage":"pt-BR","@id":"https:\/\/folhapopular.info\/wp-content\/uploads\/2026\/04\/Folha-1.webp","url":"https:\/\/folhapopular.info\/wp-content\/uploads\/2026\/04\/Folha-1.webp","contentUrl":"https:\/\/folhapopular.info\/wp-content\/uploads\/2026\/04\/Folha-1.webp","caption":"Reda\u00e7\u00e3o Folha Popular"},"url":"https:\/\/folhapopular.info\/index.php\/author\/redacao\/"}]}},"jetpack_featured_media_url":"https:\/\/folhapopular.info\/wp-content\/uploads\/2025\/07\/Conferencia-Municipal_nova-data.png","jetpack_sharing_enabled":true,"amp_enabled":true,"_links":{"self":[{"href":"https:\/\/folhapopular.info\/index.php\/wp-json\/wp\/v2\/posts\/189538","targetHints":{"allow":["GET"]}}],"collection":[{"href":"https:\/\/folhapopular.info\/index.php\/wp-json\/wp\/v2\/posts"}],"about":[{"href":"https:\/\/folhapopular.info\/index.php\/wp-json\/wp\/v2\/types\/post"}],"author":[{"embeddable":true,"href":"https:\/\/folhapopular.info\/index.php\/wp-json\/wp\/v2\/users\/8"}],"replies":[{"embeddable":true,"href":"https:\/\/folhapopular.info\/index.php\/wp-json\/wp\/v2\/comments?post=189538"}],"version-history":[{"count":0,"href":"https:\/\/folhapopular.info\/index.php\/wp-json\/wp\/v2\/posts\/189538\/revisions"}],"wp:featuredmedia":[{"embeddable":true,"href":"https:\/\/folhapopular.info\/index.php\/wp-json\/wp\/v2\/media\/189539"}],"wp:attachment":[{"href":"https:\/\/folhapopular.info\/index.php\/wp-json\/wp\/v2\/media?parent=189538"}],"wp:term":[{"taxonomy":"category","embeddable":true,"href":"https:\/\/folhapopular.info\/index.php\/wp-json\/wp\/v2\/categories?post=189538"},{"taxonomy":"post_tag","embeddable":true,"href":"https:\/\/folhapopular.info\/index.php\/wp-json\/wp\/v2\/tags?post=189538"}],"curies":[{"name":"wp","href":"https:\/\/api.w.org\/{rel}","templated":true}]}}