{"id":189650,"date":"2025-07-05T10:00:00","date_gmt":"2025-07-05T13:00:00","guid":{"rendered":"https:\/\/folhapopular.info\/?p=189650"},"modified":"2025-07-05T07:49:31","modified_gmt":"2025-07-05T10:49:31","slug":"processo-de-leilao-da-planta-de-suinos-da-languiru-tramita-na-2a-vara-de-teutonia","status":"publish","type":"post","link":"https:\/\/folhapopular.info\/index.php\/2025\/07\/05\/processo-de-leilao-da-planta-de-suinos-da-languiru-tramita-na-2a-vara-de-teutonia\/","title":{"rendered":"Processo de leil\u00e3o da planta de su\u00ednos da Languiru tramita na 2\u00aa Vara de Teut\u00f4nia"},"content":{"rendered":"\n<p>Presidente liquidante da Cooperativa Languiru, Paulo Roberto Birck, confirmou o ingresso de a\u00e7\u00e3o judicial na 2\u00aa Vara Judicial da Comarca de Teut\u00f4nia para viabilizar a venda do frigor\u00edfico de su\u00ednos de Po\u00e7o das Antas por meio de leil\u00e3o p\u00fablico. O processo tramita desde 9 de junho. Em entrevista exclusiva \u00e0 R\u00e1dio Popular, Birck afirmou que a medida ocorre ap\u00f3s tentativas frustradas de negocia\u00e7\u00e3o direta com empresas interessadas na planta, inativa h\u00e1 2 anos.<\/p>\n\n\n\n<p>O processo foi encaminhado no dia 9 de junho, quase 2 anos ap\u00f3s a paralisa\u00e7\u00e3o das atividades, no dia 30 de junho de 2023. A unidade chegou a operar com 1,7 mil abates di\u00e1rios e permanece equipada, com potencial de amplia\u00e7\u00e3o mediante investimentos em c\u00e2maras frias.<\/p>\n\n\n\n<p>O processo judicial foi movido pela pr\u00f3pria Languiru, e n\u00e3o por credores. Segundo o superintendente administrativo e financeiro, Gustavo Marques, isso garante mais transpar\u00eancia e organiza\u00e7\u00e3o ao tr\u00e2mite. \u201cRequeremos ao juiz que intime os credores com garantia real sobre o bem. Eles j\u00e1 foram notificados e agora seguimos os prazos legais\u201d, detalhou.<\/p>\n\n\n\n<p>A planta foi avaliada em R$ 169,8 milh\u00f5es para a primeira chamada do leil\u00e3o &#8211; dos quais R$ 93,200 milh\u00f5es s\u00e3o referentes a edifica\u00e7\u00f5es, benfeitorias e terreno e R$ 76,6 milh\u00f5es em m\u00e1quinas, equipamentos, m\u00f3veis, ve\u00edculos, utens\u00edlios e equipamentos de inform\u00e1tica. Os laudos de avalia\u00e7\u00e3o foram elaborados pela empresa Factum Brasil em novembro de 2024.<\/p>\n\n\n\n<p>Caso n\u00e3o haja interessados, ser\u00e1 aberta uma segunda etapa, com lance m\u00ednimo de R$ 85 milh\u00f5es. A cooperativa antecipou que n\u00e3o haver\u00e1 uma terceira rodada caso a venda n\u00e3o ocorra nas duas primeiras tentativas. \u201cEstamos em contato com diversas empresas e acreditamos que haver\u00e1 disputa, especialmente na segunda chamada\u201d, afirmou Birck.<\/p>\n\n\n\n<p>O valor arrecadado com a venda ir\u00e1 para a quita\u00e7\u00e3o parcial da d\u00edvida da Languiru, estimada em R$ 1 bilh\u00e3o. Dois dos principais credores, o Badesul e o governo do Estado, via Fundopem, det\u00eam garantias sobre a planta.<\/p>\n\n\n\n<p>A maior parte do saldo residual ser\u00e1 direcionada para o Fundo Dispon\u00edvel da Liquida\u00e7\u00e3o (FDL), destinado ao pagamento dos demais credores da cooperativa que j\u00e1 tenham aderido ao Plano de Pagamento de Credores.<\/p>\n\n\n\n<p><strong>Impacto social<\/strong><\/p>\n\n\n\n<p>Al\u00e9m da quest\u00e3o financeira, a dire\u00e7\u00e3o da cooperativa destaca o impacto social da paralisa\u00e7\u00e3o. Muitos produtores seguem com estruturas inativas desde 2022. \u201cA termina\u00e7\u00e3o \u00e9 o elo mais afetado. Buscamos solu\u00e7\u00f5es o tempo todo, mas \u00e9 um setor que exige investimentos e tem mais complexidade operacional\u201d, explicou Birck.<\/p>\n\n\n\n<p>A expectativa \u00e9 de que o novo comprador mantenha o frigor\u00edfico operando no ramo de su\u00ednos, j\u00e1 que toda a base de integra\u00e7\u00e3o est\u00e1 concentrada num raio de at\u00e9 30 quil\u00f4metros. \u201cN\u00e3o faz sentido adaptar a planta para outro uso. Toda a estrutura e log\u00edstica apontam para o abate de su\u00ednos\u201d, complementou Marques.<\/p>\n\n\n\n<p>Paralelamente, a Languiru busca fortalecer outras frentes de receita, como o leite, o setor de aves e o Agrocenter, que completa 15 anos em 2025. A loja realiza campanhas promocionais e sorteios em comemora\u00e7\u00e3o. \u201c\u00c9 um cart\u00e3o de visitas da cooperativa\u201d, disse Birck.<\/p>\n\n\n\n<p><strong>Assembleia extraordin\u00e1ria<\/strong><\/p>\n\n\n\n<p>Nesta semana, a Cooperativa Languiru convocou os associados via edital oficial para uma assembleia extraordin\u00e1ria no dia 15 de julho, com primeira chamada \u00e0s 8h, segunda \u00e0s 9h e terceira e \u00faltima \u00e0s 10h, na Associa\u00e7\u00e3o dos Funcion\u00e1rios da cooperativa, em Teut\u00f4nia. A pauta principal ser\u00e1 a prorroga\u00e7\u00e3o do processo de liquida\u00e7\u00e3o com continuidade das opera\u00e7\u00f5es, medida necess\u00e1ria para que a atual gest\u00e3o siga executando a\u00e7\u00f5es de reestrutura\u00e7\u00e3o da institui\u00e7\u00e3o.<\/p>\n\n\n\n<p>Al\u00e9m da pauta formal, a assembleia tamb\u00e9m servir\u00e1 como espa\u00e7o para a presta\u00e7\u00e3o de contas da administra\u00e7\u00e3o aos associados. A dire\u00e7\u00e3o deve apresentar dados atualizados sobre negocia\u00e7\u00f5es com credores, evolu\u00e7\u00e3o na redu\u00e7\u00e3o do passivo e andamento de processos de venda de ativos, como o frigor\u00edfico de su\u00ednos. \u201cVamos mostrar quanto j\u00e1 foi renegociado da d\u00edvida, justificar a necessidade da continuidade da liquida\u00e7\u00e3o e manter a transpar\u00eancia do processo\u201d, explicou o presidente.<\/p>\n","protected":false},"excerpt":{"rendered":"<p>Presidente liquidante da Cooperativa Languiru, Paulo Roberto Birck, confirmou o ingresso de a\u00e7\u00e3o judicial na 2\u00aa Vara Judicial da Comarca de Teut\u00f4nia para viabilizar a venda do frigor\u00edfico de su\u00ednos de Po\u00e7o das Antas por meio de leil\u00e3o p\u00fablico. O processo tramita desde 9 de junho. Em entrevista exclusiva \u00e0 R\u00e1dio Popular, Birck afirmou que [&hellip;]<\/p>\n","protected":false},"author":771,"featured_media":189651,"comment_status":"open","ping_status":"open","sticky":false,"template":"","format":"standard","meta":{"pmpro_default_level":"","_jetpack_memberships_contains_paid_content":false,"footnotes":""},"categories":[2,10991],"tags":[406,186,437,26],"class_list":{"0":"post-189650","1":"post","2":"type-post","3":"status-publish","4":"format-standard","5":"has-post-thumbnail","7":"category-featured","8":"category-economia","9":"tag-languiru","10":"tag-leilao","11":"tag-suinos","12":"tag-teutonia","13":"pmpro-has-access"},"yoast_head":"<!-- This site is optimized with the Yoast SEO plugin v27.4 - https:\/\/yoast.com\/product\/yoast-seo-wordpress\/ -->\n<title>Processo de leil\u00e3o da planta de su\u00ednos da Languiru tramita na 2\u00aa Vara de Teut\u00f4nia - Folha Popular<\/title>\n<meta name=\"robots\" content=\"index, follow, max-snippet:-1, max-image-preview:large, max-video-preview:-1\" \/>\n<link rel=\"canonical\" href=\"https:\/\/folhapopular.info\/index.php\/2025\/07\/05\/processo-de-leilao-da-planta-de-suinos-da-languiru-tramita-na-2a-vara-de-teutonia\/\" \/>\n<meta property=\"og:locale\" content=\"pt_BR\" \/>\n<meta property=\"og:type\" content=\"article\" \/>\n<meta property=\"og:title\" content=\"Processo de leil\u00e3o da planta de su\u00ednos da Languiru tramita na 2\u00aa Vara de Teut\u00f4nia - Folha Popular\" \/>\n<meta property=\"og:description\" content=\"Presidente liquidante da Cooperativa Languiru, Paulo Roberto Birck, confirmou o ingresso de a\u00e7\u00e3o judicial na 2\u00aa Vara Judicial da Comarca de Teut\u00f4nia para viabilizar a venda do frigor\u00edfico de su\u00ednos de Po\u00e7o das Antas por meio de leil\u00e3o p\u00fablico. O processo tramita desde 9 de junho. Em entrevista exclusiva \u00e0 R\u00e1dio Popular, Birck afirmou que [&hellip;]\" \/>\n<meta property=\"og:url\" content=\"https:\/\/folhapopular.info\/index.php\/2025\/07\/05\/processo-de-leilao-da-planta-de-suinos-da-languiru-tramita-na-2a-vara-de-teutonia\/\" \/>\n<meta property=\"og:site_name\" content=\"Folha Popular\" \/>\n<meta property=\"article:published_time\" content=\"2025-07-05T13:00:00+00:00\" \/>\n<meta property=\"og:image\" content=\"https:\/\/folhapopular.info\/wp-content\/uploads\/2025\/07\/Languiru.png\" \/>\n\t<meta property=\"og:image:width\" content=\"1280\" \/>\n\t<meta property=\"og:image:height\" content=\"720\" \/>\n\t<meta property=\"og:image:type\" content=\"image\/png\" \/>\n<meta name=\"author\" content=\"Thiago Maurique\" \/>\n<meta name=\"twitter:card\" content=\"summary_large_image\" \/>\n<meta name=\"twitter:label1\" content=\"Escrito por\" \/>\n\t<meta name=\"twitter:data1\" content=\"Thiago Maurique\" \/>\n\t<meta name=\"twitter:label2\" content=\"Est. tempo de leitura\" \/>\n\t<meta name=\"twitter:data2\" content=\"4 minutos\" \/>\n<script type=\"application\/ld+json\" class=\"yoast-schema-graph\">{\"@context\":\"https:\\\/\\\/schema.org\",\"@graph\":[{\"@type\":\"Article\",\"@id\":\"https:\\\/\\\/folhapopular.info\\\/index.php\\\/2025\\\/07\\\/05\\\/processo-de-leilao-da-planta-de-suinos-da-languiru-tramita-na-2a-vara-de-teutonia\\\/#article\",\"isPartOf\":{\"@id\":\"https:\\\/\\\/folhapopular.info\\\/index.php\\\/2025\\\/07\\\/05\\\/processo-de-leilao-da-planta-de-suinos-da-languiru-tramita-na-2a-vara-de-teutonia\\\/\"},\"author\":{\"name\":\"Thiago Maurique\",\"@id\":\"https:\\\/\\\/folhapopular.info\\\/#\\\/schema\\\/person\\\/da0b2794f793376cb5dd908e88ca6911\"},\"headline\":\"Processo de leil\u00e3o da planta de su\u00ednos da Languiru tramita na 2\u00aa Vara de Teut\u00f4nia\",\"datePublished\":\"2025-07-05T13:00:00+00:00\",\"mainEntityOfPage\":{\"@id\":\"https:\\\/\\\/folhapopular.info\\\/index.php\\\/2025\\\/07\\\/05\\\/processo-de-leilao-da-planta-de-suinos-da-languiru-tramita-na-2a-vara-de-teutonia\\\/\"},\"wordCount\":715,\"commentCount\":0,\"image\":{\"@id\":\"https:\\\/\\\/folhapopular.info\\\/index.php\\\/2025\\\/07\\\/05\\\/processo-de-leilao-da-planta-de-suinos-da-languiru-tramita-na-2a-vara-de-teutonia\\\/#primaryimage\"},\"thumbnailUrl\":\"https:\\\/\\\/folhapopular.info\\\/wp-content\\\/uploads\\\/2025\\\/07\\\/Languiru.png\",\"keywords\":[\"Languiru\",\"Leil\u00e3o\",\"Su\u00ednos\",\"Teut\u00f4nia\"],\"articleSection\":[\"Destaques\",\"Economia\"],\"inLanguage\":\"pt-BR\",\"potentialAction\":[{\"@type\":\"CommentAction\",\"name\":\"Comment\",\"target\":[\"https:\\\/\\\/folhapopular.info\\\/index.php\\\/2025\\\/07\\\/05\\\/processo-de-leilao-da-planta-de-suinos-da-languiru-tramita-na-2a-vara-de-teutonia\\\/#respond\"]}]},{\"@type\":\"WebPage\",\"@id\":\"https:\\\/\\\/folhapopular.info\\\/index.php\\\/2025\\\/07\\\/05\\\/processo-de-leilao-da-planta-de-suinos-da-languiru-tramita-na-2a-vara-de-teutonia\\\/\",\"url\":\"https:\\\/\\\/folhapopular.info\\\/index.php\\\/2025\\\/07\\\/05\\\/processo-de-leilao-da-planta-de-suinos-da-languiru-tramita-na-2a-vara-de-teutonia\\\/\",\"name\":\"Processo de leil\u00e3o da planta de su\u00ednos da Languiru tramita na 2\u00aa Vara de Teut\u00f4nia - Folha Popular\",\"isPartOf\":{\"@id\":\"https:\\\/\\\/folhapopular.info\\\/#website\"},\"primaryImageOfPage\":{\"@id\":\"https:\\\/\\\/folhapopular.info\\\/index.php\\\/2025\\\/07\\\/05\\\/processo-de-leilao-da-planta-de-suinos-da-languiru-tramita-na-2a-vara-de-teutonia\\\/#primaryimage\"},\"image\":{\"@id\":\"https:\\\/\\\/folhapopular.info\\\/index.php\\\/2025\\\/07\\\/05\\\/processo-de-leilao-da-planta-de-suinos-da-languiru-tramita-na-2a-vara-de-teutonia\\\/#primaryimage\"},\"thumbnailUrl\":\"https:\\\/\\\/folhapopular.info\\\/wp-content\\\/uploads\\\/2025\\\/07\\\/Languiru.png\",\"datePublished\":\"2025-07-05T13:00:00+00:00\",\"author\":{\"@id\":\"https:\\\/\\\/folhapopular.info\\\/#\\\/schema\\\/person\\\/da0b2794f793376cb5dd908e88ca6911\"},\"breadcrumb\":{\"@id\":\"https:\\\/\\\/folhapopular.info\\\/index.php\\\/2025\\\/07\\\/05\\\/processo-de-leilao-da-planta-de-suinos-da-languiru-tramita-na-2a-vara-de-teutonia\\\/#breadcrumb\"},\"inLanguage\":\"pt-BR\",\"potentialAction\":[{\"@type\":\"ReadAction\",\"target\":[\"https:\\\/\\\/folhapopular.info\\\/index.php\\\/2025\\\/07\\\/05\\\/processo-de-leilao-da-planta-de-suinos-da-languiru-tramita-na-2a-vara-de-teutonia\\\/\"]}]},{\"@type\":\"ImageObject\",\"inLanguage\":\"pt-BR\",\"@id\":\"https:\\\/\\\/folhapopular.info\\\/index.php\\\/2025\\\/07\\\/05\\\/processo-de-leilao-da-planta-de-suinos-da-languiru-tramita-na-2a-vara-de-teutonia\\\/#primaryimage\",\"url\":\"https:\\\/\\\/folhapopular.info\\\/wp-content\\\/uploads\\\/2025\\\/07\\\/Languiru.png\",\"contentUrl\":\"https:\\\/\\\/folhapopular.info\\\/wp-content\\\/uploads\\\/2025\\\/07\\\/Languiru.png\",\"width\":1280,\"height\":720,\"caption\":\"Processo foi encaminhado em 9 de junho, quase 2 anos ap\u00f3s a paralisa\u00e7\u00e3o das atividades \\\/ Cr\u00e9dito: Laron de Andrade\"},{\"@type\":\"BreadcrumbList\",\"@id\":\"https:\\\/\\\/folhapopular.info\\\/index.php\\\/2025\\\/07\\\/05\\\/processo-de-leilao-da-planta-de-suinos-da-languiru-tramita-na-2a-vara-de-teutonia\\\/#breadcrumb\",\"itemListElement\":[{\"@type\":\"ListItem\",\"position\":1,\"name\":\"In\u00edcio\",\"item\":\"https:\\\/\\\/folhapopular.info\\\/\"},{\"@type\":\"ListItem\",\"position\":2,\"name\":\"Processo de leil\u00e3o da planta de su\u00ednos da Languiru tramita na 2\u00aa Vara de Teut\u00f4nia\"}]},{\"@type\":\"WebSite\",\"@id\":\"https:\\\/\\\/folhapopular.info\\\/#website\",\"url\":\"https:\\\/\\\/folhapopular.info\\\/\",\"name\":\"Folha Popular\",\"description\":\"Onde voc\u00ea tem vez e voz\",\"potentialAction\":[{\"@type\":\"SearchAction\",\"target\":{\"@type\":\"EntryPoint\",\"urlTemplate\":\"https:\\\/\\\/folhapopular.info\\\/?s={search_term_string}\"},\"query-input\":{\"@type\":\"PropertyValueSpecification\",\"valueRequired\":true,\"valueName\":\"search_term_string\"}}],\"inLanguage\":\"pt-BR\"},{\"@type\":\"Person\",\"@id\":\"https:\\\/\\\/folhapopular.info\\\/#\\\/schema\\\/person\\\/da0b2794f793376cb5dd908e88ca6911\",\"name\":\"Thiago Maurique\",\"image\":{\"@type\":\"ImageObject\",\"inLanguage\":\"pt-BR\",\"@id\":\"https:\\\/\\\/folhapopular.info\\\/wp-content\\\/uploads\\\/2026\\\/04\\\/THIAGO-MAURIQUE-1-1.webp\",\"url\":\"https:\\\/\\\/folhapopular.info\\\/wp-content\\\/uploads\\\/2026\\\/04\\\/THIAGO-MAURIQUE-1-1.webp\",\"contentUrl\":\"https:\\\/\\\/folhapopular.info\\\/wp-content\\\/uploads\\\/2026\\\/04\\\/THIAGO-MAURIQUE-1-1.webp\",\"caption\":\"Thiago Maurique\"},\"url\":\"https:\\\/\\\/folhapopular.info\\\/index.php\\\/author\\\/thiago-maurique\\\/\"}]}<\/script>\n<!-- \/ Yoast SEO plugin. -->","yoast_head_json":{"title":"Processo de leil\u00e3o da planta de su\u00ednos da Languiru tramita na 2\u00aa Vara de Teut\u00f4nia - Folha Popular","robots":{"index":"index","follow":"follow","max-snippet":"max-snippet:-1","max-image-preview":"max-image-preview:large","max-video-preview":"max-video-preview:-1"},"canonical":"https:\/\/folhapopular.info\/index.php\/2025\/07\/05\/processo-de-leilao-da-planta-de-suinos-da-languiru-tramita-na-2a-vara-de-teutonia\/","og_locale":"pt_BR","og_type":"article","og_title":"Processo de leil\u00e3o da planta de su\u00ednos da Languiru tramita na 2\u00aa Vara de Teut\u00f4nia - Folha Popular","og_description":"Presidente liquidante da Cooperativa Languiru, Paulo Roberto Birck, confirmou o ingresso de a\u00e7\u00e3o judicial na 2\u00aa Vara Judicial da Comarca de Teut\u00f4nia para viabilizar a venda do frigor\u00edfico de su\u00ednos de Po\u00e7o das Antas por meio de leil\u00e3o p\u00fablico. O processo tramita desde 9 de junho. Em entrevista exclusiva \u00e0 R\u00e1dio Popular, Birck afirmou que [&hellip;]","og_url":"https:\/\/folhapopular.info\/index.php\/2025\/07\/05\/processo-de-leilao-da-planta-de-suinos-da-languiru-tramita-na-2a-vara-de-teutonia\/","og_site_name":"Folha Popular","article_published_time":"2025-07-05T13:00:00+00:00","og_image":[{"width":1280,"height":720,"url":"https:\/\/folhapopular.info\/wp-content\/uploads\/2025\/07\/Languiru.png","type":"image\/png"}],"author":"Thiago Maurique","twitter_card":"summary_large_image","twitter_misc":{"Escrito por":"Thiago Maurique","Est. tempo de leitura":"4 minutos"},"schema":{"@context":"https:\/\/schema.org","@graph":[{"@type":"Article","@id":"https:\/\/folhapopular.info\/index.php\/2025\/07\/05\/processo-de-leilao-da-planta-de-suinos-da-languiru-tramita-na-2a-vara-de-teutonia\/#article","isPartOf":{"@id":"https:\/\/folhapopular.info\/index.php\/2025\/07\/05\/processo-de-leilao-da-planta-de-suinos-da-languiru-tramita-na-2a-vara-de-teutonia\/"},"author":{"name":"Thiago Maurique","@id":"https:\/\/folhapopular.info\/#\/schema\/person\/da0b2794f793376cb5dd908e88ca6911"},"headline":"Processo de leil\u00e3o da planta de su\u00ednos da Languiru tramita na 2\u00aa Vara de Teut\u00f4nia","datePublished":"2025-07-05T13:00:00+00:00","mainEntityOfPage":{"@id":"https:\/\/folhapopular.info\/index.php\/2025\/07\/05\/processo-de-leilao-da-planta-de-suinos-da-languiru-tramita-na-2a-vara-de-teutonia\/"},"wordCount":715,"commentCount":0,"image":{"@id":"https:\/\/folhapopular.info\/index.php\/2025\/07\/05\/processo-de-leilao-da-planta-de-suinos-da-languiru-tramita-na-2a-vara-de-teutonia\/#primaryimage"},"thumbnailUrl":"https:\/\/folhapopular.info\/wp-content\/uploads\/2025\/07\/Languiru.png","keywords":["Languiru","Leil\u00e3o","Su\u00ednos","Teut\u00f4nia"],"articleSection":["Destaques","Economia"],"inLanguage":"pt-BR","potentialAction":[{"@type":"CommentAction","name":"Comment","target":["https:\/\/folhapopular.info\/index.php\/2025\/07\/05\/processo-de-leilao-da-planta-de-suinos-da-languiru-tramita-na-2a-vara-de-teutonia\/#respond"]}]},{"@type":"WebPage","@id":"https:\/\/folhapopular.info\/index.php\/2025\/07\/05\/processo-de-leilao-da-planta-de-suinos-da-languiru-tramita-na-2a-vara-de-teutonia\/","url":"https:\/\/folhapopular.info\/index.php\/2025\/07\/05\/processo-de-leilao-da-planta-de-suinos-da-languiru-tramita-na-2a-vara-de-teutonia\/","name":"Processo de leil\u00e3o da planta de su\u00ednos da Languiru tramita na 2\u00aa Vara de Teut\u00f4nia - Folha Popular","isPartOf":{"@id":"https:\/\/folhapopular.info\/#website"},"primaryImageOfPage":{"@id":"https:\/\/folhapopular.info\/index.php\/2025\/07\/05\/processo-de-leilao-da-planta-de-suinos-da-languiru-tramita-na-2a-vara-de-teutonia\/#primaryimage"},"image":{"@id":"https:\/\/folhapopular.info\/index.php\/2025\/07\/05\/processo-de-leilao-da-planta-de-suinos-da-languiru-tramita-na-2a-vara-de-teutonia\/#primaryimage"},"thumbnailUrl":"https:\/\/folhapopular.info\/wp-content\/uploads\/2025\/07\/Languiru.png","datePublished":"2025-07-05T13:00:00+00:00","author":{"@id":"https:\/\/folhapopular.info\/#\/schema\/person\/da0b2794f793376cb5dd908e88ca6911"},"breadcrumb":{"@id":"https:\/\/folhapopular.info\/index.php\/2025\/07\/05\/processo-de-leilao-da-planta-de-suinos-da-languiru-tramita-na-2a-vara-de-teutonia\/#breadcrumb"},"inLanguage":"pt-BR","potentialAction":[{"@type":"ReadAction","target":["https:\/\/folhapopular.info\/index.php\/2025\/07\/05\/processo-de-leilao-da-planta-de-suinos-da-languiru-tramita-na-2a-vara-de-teutonia\/"]}]},{"@type":"ImageObject","inLanguage":"pt-BR","@id":"https:\/\/folhapopular.info\/index.php\/2025\/07\/05\/processo-de-leilao-da-planta-de-suinos-da-languiru-tramita-na-2a-vara-de-teutonia\/#primaryimage","url":"https:\/\/folhapopular.info\/wp-content\/uploads\/2025\/07\/Languiru.png","contentUrl":"https:\/\/folhapopular.info\/wp-content\/uploads\/2025\/07\/Languiru.png","width":1280,"height":720,"caption":"Processo foi encaminhado em 9 de junho, quase 2 anos ap\u00f3s a paralisa\u00e7\u00e3o das atividades \/ Cr\u00e9dito: Laron de Andrade"},{"@type":"BreadcrumbList","@id":"https:\/\/folhapopular.info\/index.php\/2025\/07\/05\/processo-de-leilao-da-planta-de-suinos-da-languiru-tramita-na-2a-vara-de-teutonia\/#breadcrumb","itemListElement":[{"@type":"ListItem","position":1,"name":"In\u00edcio","item":"https:\/\/folhapopular.info\/"},{"@type":"ListItem","position":2,"name":"Processo de leil\u00e3o da planta de su\u00ednos da Languiru tramita na 2\u00aa Vara de Teut\u00f4nia"}]},{"@type":"WebSite","@id":"https:\/\/folhapopular.info\/#website","url":"https:\/\/folhapopular.info\/","name":"Folha Popular","description":"Onde voc\u00ea tem vez e voz","potentialAction":[{"@type":"SearchAction","target":{"@type":"EntryPoint","urlTemplate":"https:\/\/folhapopular.info\/?s={search_term_string}"},"query-input":{"@type":"PropertyValueSpecification","valueRequired":true,"valueName":"search_term_string"}}],"inLanguage":"pt-BR"},{"@type":"Person","@id":"https:\/\/folhapopular.info\/#\/schema\/person\/da0b2794f793376cb5dd908e88ca6911","name":"Thiago Maurique","image":{"@type":"ImageObject","inLanguage":"pt-BR","@id":"https:\/\/folhapopular.info\/wp-content\/uploads\/2026\/04\/THIAGO-MAURIQUE-1-1.webp","url":"https:\/\/folhapopular.info\/wp-content\/uploads\/2026\/04\/THIAGO-MAURIQUE-1-1.webp","contentUrl":"https:\/\/folhapopular.info\/wp-content\/uploads\/2026\/04\/THIAGO-MAURIQUE-1-1.webp","caption":"Thiago Maurique"},"url":"https:\/\/folhapopular.info\/index.php\/author\/thiago-maurique\/"}]}},"jetpack_featured_media_url":"https:\/\/folhapopular.info\/wp-content\/uploads\/2025\/07\/Languiru.png","jetpack_sharing_enabled":true,"amp_enabled":true,"_links":{"self":[{"href":"https:\/\/folhapopular.info\/index.php\/wp-json\/wp\/v2\/posts\/189650","targetHints":{"allow":["GET"]}}],"collection":[{"href":"https:\/\/folhapopular.info\/index.php\/wp-json\/wp\/v2\/posts"}],"about":[{"href":"https:\/\/folhapopular.info\/index.php\/wp-json\/wp\/v2\/types\/post"}],"author":[{"embeddable":true,"href":"https:\/\/folhapopular.info\/index.php\/wp-json\/wp\/v2\/users\/771"}],"replies":[{"embeddable":true,"href":"https:\/\/folhapopular.info\/index.php\/wp-json\/wp\/v2\/comments?post=189650"}],"version-history":[{"count":0,"href":"https:\/\/folhapopular.info\/index.php\/wp-json\/wp\/v2\/posts\/189650\/revisions"}],"wp:featuredmedia":[{"embeddable":true,"href":"https:\/\/folhapopular.info\/index.php\/wp-json\/wp\/v2\/media\/189651"}],"wp:attachment":[{"href":"https:\/\/folhapopular.info\/index.php\/wp-json\/wp\/v2\/media?parent=189650"}],"wp:term":[{"taxonomy":"category","embeddable":true,"href":"https:\/\/folhapopular.info\/index.php\/wp-json\/wp\/v2\/categories?post=189650"},{"taxonomy":"post_tag","embeddable":true,"href":"https:\/\/folhapopular.info\/index.php\/wp-json\/wp\/v2\/tags?post=189650"}],"curies":[{"name":"wp","href":"https:\/\/api.w.org\/{rel}","templated":true}]}}