{"id":189671,"date":"2025-07-05T10:47:50","date_gmt":"2025-07-05T13:47:50","guid":{"rendered":"https:\/\/folhapopular.info\/?p=189671"},"modified":"2025-07-05T10:54:04","modified_gmt":"2025-07-05T13:54:04","slug":"cooperativismo-transforma-comunidades-e-reduz-desigualdades","status":"publish","type":"post","link":"https:\/\/folhapopular.info\/index.php\/2025\/07\/05\/cooperativismo-transforma-comunidades-e-reduz-desigualdades\/","title":{"rendered":"PAINEL COOPOP: Cooperativismo transforma comunidades e reduz desigualdades"},"content":{"rendered":"\n<p><strong>Debate promovido pelo Grupo Popular re\u00fane lideran\u00e7as regionais no Dia Internacional do Cooperativismo<\/strong><\/p>\n\n\n\n<p>No Dia Internacional do Cooperativismo, o Grupo Popular promoveu a mais uma edi\u00e7\u00e3o do Painel <a href=\"https:\/\/folhapopular.info\/index.php\/2025\/07\/02\/forum-coopop-une-tecnologia-e-colaboracao-em-prol-do-desenvolvimento\/\">Coopop<\/a>. O evento transmitido ao vivo na manh\u00e3 deste s\u00e1bado (05\/07) pela R\u00e1dio Popular reuniu lideran\u00e7as de diferentes ramos do cooperativismo para discutir os impactos do setor na transforma\u00e7\u00e3o das comunidades.<\/p>\n\n\n\n<p>Com apresenta\u00e7\u00e3o de Lucas Leandro Brune, o debate teve participa\u00e7\u00e3o do presidente da Sicredi Ouro Branco RS\/MG, Neori Ernani Abel, do vice-presidente da Certel, Daniel Luis Sechi, do presidente da Valelog, Adelar Steffler, do presidente do Conselho de Administra\u00e7\u00e3o da D\u00e1lia Alimentos, Gilberto Piccinini e do presidente da Fuvates, Carlos Cyrne.<\/p>\n\n\n\n<p>Na abertura das discuss\u00f5es, Neori Abel destacou o simbolismo da data e a visibilidade internacional do modelo cooperativo. Ele ressaltou o reconhecimento por parte da ONU como um modelo socioecon\u00f4mico que transforma a realidade das comunidades onde est\u00e1 presente. \u201cAs cooperativas constroem um mundo melhor porque atuam com responsabilidade social, econ\u00f4mica e ambiental\u201d, afirmou.<\/p>\n\n\n\n<p>Daniel Luis Sechi apresentou os investimentos da Certel no setor de energia e os benef\u00edcios provocados pelos aportes nas comunidades onde a cooperativa atua. Segundo ele, nos \u00faltimos anos cerca de R$ 9 milh\u00f5es foram investidos somente na energia trif\u00e1sica em propriedades rurais. \u201cIsso garante produtividade e incentiva o jovem a permanecer no campo\u201d, destacou.<\/p>\n\n\n\n<h2 class=\"wp-block-heading\"><strong>Qualifica\u00e7\u00e3o regional<\/strong><\/h2>\n\n\n\n<p>\u00c0 frente da Valelog, Adelar Steffler defendeu as iniciativas de comunica\u00e7\u00e3o que destacam o impacto real das cooperativas nas comunidades. Cita como exemplo a escola de motoristas criada em 2020 pela cooperativa de transportes, que al\u00e9m de qualificar os profissionais do setor tamb\u00e9m serve de base para novas iniciativas. \u201cTudo o que temos ao nosso redor passou por um caminh\u00e3o. Formamos motoristas, oferecemos bases de descanso e compartilhamos estruturas com outras cooperativas\u201d, disse.<\/p>\n\n\n\n<p>Gilberto Piccinini destacou as a\u00e7\u00f5es de inclus\u00e3o da D\u00e1lia que v\u00e3o desde a base at\u00e9 o mercado internacional. Segundo ele, al\u00e9m de iniciativas voltadas para jovens, mulheres e lideran\u00e7as locais, a cooperativa tamb\u00e9m aposta nas exporta\u00e7\u00f5es como ferramenta de qualifica\u00e7\u00e3o. \u201cExportar exige padr\u00f5es mais elevados, o que eleva tamb\u00e9m a qualidade no mercado interno.\u201d<\/p>\n\n\n\n<h2 class=\"wp-block-heading\"><strong>Universidade e compromisso coletivo<\/strong><\/h2>\n\n\n\n<p>Carlos Cyrne encerrou o bloco com uma reflex\u00e3o sobre o papel da academia no incentivo ao modelo cooperativa. Lembra que as cooperativas n\u00e3o s\u00e3o como empresas que fecham a porta e v\u00e3o embora na crise, devido ao compromisso com o territ\u00f3rio onde est\u00e3o inseridas. O professor tamb\u00e9m defendeu o ensino do cooperativismo nas universidades, lembrando que muitas lideran\u00e7as foram formadas na Univates. \u201cReduzir desigualdades come\u00e7a com educa\u00e7\u00e3o. Esse \u00e9 um papel que a universidade tamb\u00e9m assume com seriedade.\u201d<\/p>\n\n\n\n<p>O programa COPOP \u00e9 promovido desde 2022 e tem apoio de cooperativas como Sicredi, Certel, Sicoob, Cooperagri e Univates, al\u00e9m do apoio institucional da CIC Teut\u00f4nia. <\/p>\n\n\n\n<p>Confira o debate completo:<\/p>\n\n\n\n<figure class=\"wp-block-embed is-type-video is-provider-youtube wp-block-embed-youtube wp-embed-aspect-4-3 wp-has-aspect-ratio\"><div class=\"wp-block-embed__wrapper\">\nhttps:\/\/www.youtube.com\/live\/uDAO43paqt8\n<\/div><\/figure>\n","protected":false},"excerpt":{"rendered":"<p>Debate promovido pelo Grupo Popular re\u00fane lideran\u00e7as regionais no Dia Internacional do Cooperativismo No Dia Internacional do Cooperativismo, o Grupo Popular promoveu a mais uma edi\u00e7\u00e3o do Painel Coopop. O evento transmitido ao vivo na manh\u00e3 deste s\u00e1bado (05\/07) pela R\u00e1dio Popular reuniu lideran\u00e7as de diferentes ramos do cooperativismo para discutir os impactos do setor [&hellip;]<\/p>\n","protected":false},"author":771,"featured_media":189673,"comment_status":"open","ping_status":"open","sticky":false,"template":"","format":"standard","meta":{"pmpro_default_level":"","_jetpack_memberships_contains_paid_content":false,"footnotes":""},"categories":[10992,2,10991],"tags":[291,2303,18938,9165,126,2453,1782,509,11578,83],"class_list":{"0":"post-189671","1":"post","2":"type-post","3":"status-publish","4":"format-standard","5":"has-post-thumbnail","7":"category-coopop","8":"category-featured","9":"category-economia","10":"tag-certel","11":"tag-cooperativismo","12":"tag-cooperativismol","13":"tag-coopop","14":"tag-dalia","15":"tag-fuvates","16":"tag-grupo-popular","17":"tag-sicredi-ouro-branco","18":"tag-sicredi-ouro-branco-rs-mg","19":"tag-univates","20":"pmpro-has-access"},"yoast_head":"<!-- This site is optimized with the Yoast SEO plugin v27.4 - https:\/\/yoast.com\/product\/yoast-seo-wordpress\/ -->\n<title>PAINEL COOPOP: Cooperativismo transforma comunidades e reduz desigualdades - Folha Popular<\/title>\n<meta name=\"description\" content=\"Cooperativismo transforma comunidades e reduz desigualdades. Painel re\u00fane lideran\u00e7as regionais no Dia Internacional do Cooperativismo.\" \/>\n<meta name=\"robots\" content=\"index, follow, max-snippet:-1, max-image-preview:large, max-video-preview:-1\" \/>\n<link rel=\"canonical\" href=\"https:\/\/folhapopular.info\/index.php\/2025\/07\/05\/cooperativismo-transforma-comunidades-e-reduz-desigualdades\/\" \/>\n<meta property=\"og:locale\" content=\"pt_BR\" \/>\n<meta property=\"og:type\" content=\"article\" \/>\n<meta property=\"og:title\" content=\"PAINEL COOPOP: Cooperativismo transforma comunidades e reduz desigualdades - Folha Popular\" \/>\n<meta property=\"og:description\" content=\"Cooperativismo transforma comunidades e reduz desigualdades. Painel re\u00fane lideran\u00e7as regionais no Dia Internacional do Cooperativismo.\" \/>\n<meta property=\"og:url\" content=\"https:\/\/folhapopular.info\/index.php\/2025\/07\/05\/cooperativismo-transforma-comunidades-e-reduz-desigualdades\/\" \/>\n<meta property=\"og:site_name\" content=\"Folha Popular\" \/>\n<meta property=\"article:published_time\" content=\"2025-07-05T13:47:50+00:00\" \/>\n<meta property=\"article:modified_time\" content=\"2025-07-05T13:54:04+00:00\" \/>\n<meta property=\"og:image\" content=\"http:\/\/folhapopular.info\/wp-content\/uploads\/2025\/07\/WhatsApp-Image-2025-07-05-at-10.00.55-scaled.jpeg\" \/>\n\t<meta property=\"og:image:width\" content=\"2560\" \/>\n\t<meta property=\"og:image:height\" content=\"1920\" \/>\n\t<meta property=\"og:image:type\" content=\"image\/jpeg\" \/>\n<meta name=\"author\" content=\"Thiago Maurique\" \/>\n<meta name=\"twitter:card\" content=\"summary_large_image\" \/>\n<meta name=\"twitter:label1\" content=\"Escrito por\" \/>\n\t<meta name=\"twitter:data1\" content=\"Thiago Maurique\" \/>\n\t<meta name=\"twitter:label2\" content=\"Est. tempo de leitura\" \/>\n\t<meta name=\"twitter:data2\" content=\"3 minutos\" \/>\n<script type=\"application\/ld+json\" class=\"yoast-schema-graph\">{\"@context\":\"https:\\\/\\\/schema.org\",\"@graph\":[{\"@type\":\"Article\",\"@id\":\"https:\\\/\\\/folhapopular.info\\\/index.php\\\/2025\\\/07\\\/05\\\/cooperativismo-transforma-comunidades-e-reduz-desigualdades\\\/#article\",\"isPartOf\":{\"@id\":\"https:\\\/\\\/folhapopular.info\\\/index.php\\\/2025\\\/07\\\/05\\\/cooperativismo-transforma-comunidades-e-reduz-desigualdades\\\/\"},\"author\":{\"name\":\"Thiago Maurique\",\"@id\":\"https:\\\/\\\/folhapopular.info\\\/#\\\/schema\\\/person\\\/da0b2794f793376cb5dd908e88ca6911\"},\"headline\":\"PAINEL COOPOP: Cooperativismo transforma comunidades e reduz desigualdades\",\"datePublished\":\"2025-07-05T13:47:50+00:00\",\"dateModified\":\"2025-07-05T13:54:04+00:00\",\"mainEntityOfPage\":{\"@id\":\"https:\\\/\\\/folhapopular.info\\\/index.php\\\/2025\\\/07\\\/05\\\/cooperativismo-transforma-comunidades-e-reduz-desigualdades\\\/\"},\"wordCount\":515,\"commentCount\":0,\"image\":{\"@id\":\"https:\\\/\\\/folhapopular.info\\\/index.php\\\/2025\\\/07\\\/05\\\/cooperativismo-transforma-comunidades-e-reduz-desigualdades\\\/#primaryimage\"},\"thumbnailUrl\":\"https:\\\/\\\/folhapopular.info\\\/wp-content\\\/uploads\\\/2025\\\/07\\\/WhatsApp-Image-2025-07-05-at-10.00.55-scaled.jpeg\",\"keywords\":[\"Certel\",\"cooperativismo\",\"Cooperativismol\",\"Coopop\",\"D\u00e1lia\",\"Fuvates\",\"Grupo Popular\",\"Sicredi Ouro Branco\",\"Sicredi Ouro Branco RS MG\",\"Univates\"],\"articleSection\":[\"Coopop\",\"Destaques\",\"Economia\"],\"inLanguage\":\"pt-BR\",\"potentialAction\":[{\"@type\":\"CommentAction\",\"name\":\"Comment\",\"target\":[\"https:\\\/\\\/folhapopular.info\\\/index.php\\\/2025\\\/07\\\/05\\\/cooperativismo-transforma-comunidades-e-reduz-desigualdades\\\/#respond\"]}]},{\"@type\":\"WebPage\",\"@id\":\"https:\\\/\\\/folhapopular.info\\\/index.php\\\/2025\\\/07\\\/05\\\/cooperativismo-transforma-comunidades-e-reduz-desigualdades\\\/\",\"url\":\"https:\\\/\\\/folhapopular.info\\\/index.php\\\/2025\\\/07\\\/05\\\/cooperativismo-transforma-comunidades-e-reduz-desigualdades\\\/\",\"name\":\"PAINEL COOPOP: Cooperativismo transforma comunidades e reduz desigualdades - Folha Popular\",\"isPartOf\":{\"@id\":\"https:\\\/\\\/folhapopular.info\\\/#website\"},\"primaryImageOfPage\":{\"@id\":\"https:\\\/\\\/folhapopular.info\\\/index.php\\\/2025\\\/07\\\/05\\\/cooperativismo-transforma-comunidades-e-reduz-desigualdades\\\/#primaryimage\"},\"image\":{\"@id\":\"https:\\\/\\\/folhapopular.info\\\/index.php\\\/2025\\\/07\\\/05\\\/cooperativismo-transforma-comunidades-e-reduz-desigualdades\\\/#primaryimage\"},\"thumbnailUrl\":\"https:\\\/\\\/folhapopular.info\\\/wp-content\\\/uploads\\\/2025\\\/07\\\/WhatsApp-Image-2025-07-05-at-10.00.55-scaled.jpeg\",\"datePublished\":\"2025-07-05T13:47:50+00:00\",\"dateModified\":\"2025-07-05T13:54:04+00:00\",\"author\":{\"@id\":\"https:\\\/\\\/folhapopular.info\\\/#\\\/schema\\\/person\\\/da0b2794f793376cb5dd908e88ca6911\"},\"description\":\"Cooperativismo transforma comunidades e reduz desigualdades. Painel re\u00fane lideran\u00e7as regionais no Dia Internacional do Cooperativismo.\",\"breadcrumb\":{\"@id\":\"https:\\\/\\\/folhapopular.info\\\/index.php\\\/2025\\\/07\\\/05\\\/cooperativismo-transforma-comunidades-e-reduz-desigualdades\\\/#breadcrumb\"},\"inLanguage\":\"pt-BR\",\"potentialAction\":[{\"@type\":\"ReadAction\",\"target\":[\"https:\\\/\\\/folhapopular.info\\\/index.php\\\/2025\\\/07\\\/05\\\/cooperativismo-transforma-comunidades-e-reduz-desigualdades\\\/\"]}]},{\"@type\":\"ImageObject\",\"inLanguage\":\"pt-BR\",\"@id\":\"https:\\\/\\\/folhapopular.info\\\/index.php\\\/2025\\\/07\\\/05\\\/cooperativismo-transforma-comunidades-e-reduz-desigualdades\\\/#primaryimage\",\"url\":\"https:\\\/\\\/folhapopular.info\\\/wp-content\\\/uploads\\\/2025\\\/07\\\/WhatsApp-Image-2025-07-05-at-10.00.55-scaled.jpeg\",\"contentUrl\":\"https:\\\/\\\/folhapopular.info\\\/wp-content\\\/uploads\\\/2025\\\/07\\\/WhatsApp-Image-2025-07-05-at-10.00.55-scaled.jpeg\",\"width\":2560,\"height\":1920,\"caption\":\"No Dia Internacional do Cooperativismo, o Grupo Popular de Comunica\u00e7\u00e3o realizou a mais uma edi\u00e7\u00e3o do Painel Coopop. Foto: Camille Lenz da Silva\"},{\"@type\":\"BreadcrumbList\",\"@id\":\"https:\\\/\\\/folhapopular.info\\\/index.php\\\/2025\\\/07\\\/05\\\/cooperativismo-transforma-comunidades-e-reduz-desigualdades\\\/#breadcrumb\",\"itemListElement\":[{\"@type\":\"ListItem\",\"position\":1,\"name\":\"In\u00edcio\",\"item\":\"https:\\\/\\\/folhapopular.info\\\/\"},{\"@type\":\"ListItem\",\"position\":2,\"name\":\"PAINEL COOPOP: Cooperativismo transforma comunidades e reduz desigualdades\"}]},{\"@type\":\"WebSite\",\"@id\":\"https:\\\/\\\/folhapopular.info\\\/#website\",\"url\":\"https:\\\/\\\/folhapopular.info\\\/\",\"name\":\"Folha Popular\",\"description\":\"Onde voc\u00ea tem vez e voz\",\"potentialAction\":[{\"@type\":\"SearchAction\",\"target\":{\"@type\":\"EntryPoint\",\"urlTemplate\":\"https:\\\/\\\/folhapopular.info\\\/?s={search_term_string}\"},\"query-input\":{\"@type\":\"PropertyValueSpecification\",\"valueRequired\":true,\"valueName\":\"search_term_string\"}}],\"inLanguage\":\"pt-BR\"},{\"@type\":\"Person\",\"@id\":\"https:\\\/\\\/folhapopular.info\\\/#\\\/schema\\\/person\\\/da0b2794f793376cb5dd908e88ca6911\",\"name\":\"Thiago Maurique\",\"image\":{\"@type\":\"ImageObject\",\"inLanguage\":\"pt-BR\",\"@id\":\"https:\\\/\\\/folhapopular.info\\\/wp-content\\\/uploads\\\/2026\\\/04\\\/THIAGO-MAURIQUE-1-1.webp\",\"url\":\"https:\\\/\\\/folhapopular.info\\\/wp-content\\\/uploads\\\/2026\\\/04\\\/THIAGO-MAURIQUE-1-1.webp\",\"contentUrl\":\"https:\\\/\\\/folhapopular.info\\\/wp-content\\\/uploads\\\/2026\\\/04\\\/THIAGO-MAURIQUE-1-1.webp\",\"caption\":\"Thiago Maurique\"},\"url\":\"https:\\\/\\\/folhapopular.info\\\/index.php\\\/author\\\/thiago-maurique\\\/\"}]}<\/script>\n<!-- \/ Yoast SEO plugin. -->","yoast_head_json":{"title":"PAINEL COOPOP: Cooperativismo transforma comunidades e reduz desigualdades - Folha Popular","description":"Cooperativismo transforma comunidades e reduz desigualdades. Painel re\u00fane lideran\u00e7as regionais no Dia Internacional do Cooperativismo.","robots":{"index":"index","follow":"follow","max-snippet":"max-snippet:-1","max-image-preview":"max-image-preview:large","max-video-preview":"max-video-preview:-1"},"canonical":"https:\/\/folhapopular.info\/index.php\/2025\/07\/05\/cooperativismo-transforma-comunidades-e-reduz-desigualdades\/","og_locale":"pt_BR","og_type":"article","og_title":"PAINEL COOPOP: Cooperativismo transforma comunidades e reduz desigualdades - Folha Popular","og_description":"Cooperativismo transforma comunidades e reduz desigualdades. Painel re\u00fane lideran\u00e7as regionais no Dia Internacional do Cooperativismo.","og_url":"https:\/\/folhapopular.info\/index.php\/2025\/07\/05\/cooperativismo-transforma-comunidades-e-reduz-desigualdades\/","og_site_name":"Folha Popular","article_published_time":"2025-07-05T13:47:50+00:00","article_modified_time":"2025-07-05T13:54:04+00:00","og_image":[{"width":2560,"height":1920,"url":"http:\/\/folhapopular.info\/wp-content\/uploads\/2025\/07\/WhatsApp-Image-2025-07-05-at-10.00.55-scaled.jpeg","type":"image\/jpeg"}],"author":"Thiago Maurique","twitter_card":"summary_large_image","twitter_misc":{"Escrito por":"Thiago Maurique","Est. tempo de leitura":"3 minutos"},"schema":{"@context":"https:\/\/schema.org","@graph":[{"@type":"Article","@id":"https:\/\/folhapopular.info\/index.php\/2025\/07\/05\/cooperativismo-transforma-comunidades-e-reduz-desigualdades\/#article","isPartOf":{"@id":"https:\/\/folhapopular.info\/index.php\/2025\/07\/05\/cooperativismo-transforma-comunidades-e-reduz-desigualdades\/"},"author":{"name":"Thiago Maurique","@id":"https:\/\/folhapopular.info\/#\/schema\/person\/da0b2794f793376cb5dd908e88ca6911"},"headline":"PAINEL COOPOP: Cooperativismo transforma comunidades e reduz desigualdades","datePublished":"2025-07-05T13:47:50+00:00","dateModified":"2025-07-05T13:54:04+00:00","mainEntityOfPage":{"@id":"https:\/\/folhapopular.info\/index.php\/2025\/07\/05\/cooperativismo-transforma-comunidades-e-reduz-desigualdades\/"},"wordCount":515,"commentCount":0,"image":{"@id":"https:\/\/folhapopular.info\/index.php\/2025\/07\/05\/cooperativismo-transforma-comunidades-e-reduz-desigualdades\/#primaryimage"},"thumbnailUrl":"https:\/\/folhapopular.info\/wp-content\/uploads\/2025\/07\/WhatsApp-Image-2025-07-05-at-10.00.55-scaled.jpeg","keywords":["Certel","cooperativismo","Cooperativismol","Coopop","D\u00e1lia","Fuvates","Grupo Popular","Sicredi Ouro Branco","Sicredi Ouro Branco RS MG","Univates"],"articleSection":["Coopop","Destaques","Economia"],"inLanguage":"pt-BR","potentialAction":[{"@type":"CommentAction","name":"Comment","target":["https:\/\/folhapopular.info\/index.php\/2025\/07\/05\/cooperativismo-transforma-comunidades-e-reduz-desigualdades\/#respond"]}]},{"@type":"WebPage","@id":"https:\/\/folhapopular.info\/index.php\/2025\/07\/05\/cooperativismo-transforma-comunidades-e-reduz-desigualdades\/","url":"https:\/\/folhapopular.info\/index.php\/2025\/07\/05\/cooperativismo-transforma-comunidades-e-reduz-desigualdades\/","name":"PAINEL COOPOP: Cooperativismo transforma comunidades e reduz desigualdades - Folha Popular","isPartOf":{"@id":"https:\/\/folhapopular.info\/#website"},"primaryImageOfPage":{"@id":"https:\/\/folhapopular.info\/index.php\/2025\/07\/05\/cooperativismo-transforma-comunidades-e-reduz-desigualdades\/#primaryimage"},"image":{"@id":"https:\/\/folhapopular.info\/index.php\/2025\/07\/05\/cooperativismo-transforma-comunidades-e-reduz-desigualdades\/#primaryimage"},"thumbnailUrl":"https:\/\/folhapopular.info\/wp-content\/uploads\/2025\/07\/WhatsApp-Image-2025-07-05-at-10.00.55-scaled.jpeg","datePublished":"2025-07-05T13:47:50+00:00","dateModified":"2025-07-05T13:54:04+00:00","author":{"@id":"https:\/\/folhapopular.info\/#\/schema\/person\/da0b2794f793376cb5dd908e88ca6911"},"description":"Cooperativismo transforma comunidades e reduz desigualdades. Painel re\u00fane lideran\u00e7as regionais no Dia Internacional do Cooperativismo.","breadcrumb":{"@id":"https:\/\/folhapopular.info\/index.php\/2025\/07\/05\/cooperativismo-transforma-comunidades-e-reduz-desigualdades\/#breadcrumb"},"inLanguage":"pt-BR","potentialAction":[{"@type":"ReadAction","target":["https:\/\/folhapopular.info\/index.php\/2025\/07\/05\/cooperativismo-transforma-comunidades-e-reduz-desigualdades\/"]}]},{"@type":"ImageObject","inLanguage":"pt-BR","@id":"https:\/\/folhapopular.info\/index.php\/2025\/07\/05\/cooperativismo-transforma-comunidades-e-reduz-desigualdades\/#primaryimage","url":"https:\/\/folhapopular.info\/wp-content\/uploads\/2025\/07\/WhatsApp-Image-2025-07-05-at-10.00.55-scaled.jpeg","contentUrl":"https:\/\/folhapopular.info\/wp-content\/uploads\/2025\/07\/WhatsApp-Image-2025-07-05-at-10.00.55-scaled.jpeg","width":2560,"height":1920,"caption":"No Dia Internacional do Cooperativismo, o Grupo Popular de Comunica\u00e7\u00e3o realizou a mais uma edi\u00e7\u00e3o do Painel Coopop. Foto: Camille Lenz da Silva"},{"@type":"BreadcrumbList","@id":"https:\/\/folhapopular.info\/index.php\/2025\/07\/05\/cooperativismo-transforma-comunidades-e-reduz-desigualdades\/#breadcrumb","itemListElement":[{"@type":"ListItem","position":1,"name":"In\u00edcio","item":"https:\/\/folhapopular.info\/"},{"@type":"ListItem","position":2,"name":"PAINEL COOPOP: Cooperativismo transforma comunidades e reduz desigualdades"}]},{"@type":"WebSite","@id":"https:\/\/folhapopular.info\/#website","url":"https:\/\/folhapopular.info\/","name":"Folha Popular","description":"Onde voc\u00ea tem vez e voz","potentialAction":[{"@type":"SearchAction","target":{"@type":"EntryPoint","urlTemplate":"https:\/\/folhapopular.info\/?s={search_term_string}"},"query-input":{"@type":"PropertyValueSpecification","valueRequired":true,"valueName":"search_term_string"}}],"inLanguage":"pt-BR"},{"@type":"Person","@id":"https:\/\/folhapopular.info\/#\/schema\/person\/da0b2794f793376cb5dd908e88ca6911","name":"Thiago Maurique","image":{"@type":"ImageObject","inLanguage":"pt-BR","@id":"https:\/\/folhapopular.info\/wp-content\/uploads\/2026\/04\/THIAGO-MAURIQUE-1-1.webp","url":"https:\/\/folhapopular.info\/wp-content\/uploads\/2026\/04\/THIAGO-MAURIQUE-1-1.webp","contentUrl":"https:\/\/folhapopular.info\/wp-content\/uploads\/2026\/04\/THIAGO-MAURIQUE-1-1.webp","caption":"Thiago Maurique"},"url":"https:\/\/folhapopular.info\/index.php\/author\/thiago-maurique\/"}]}},"jetpack_featured_media_url":"https:\/\/folhapopular.info\/wp-content\/uploads\/2025\/07\/WhatsApp-Image-2025-07-05-at-10.00.55-scaled.jpeg","jetpack_sharing_enabled":true,"amp_enabled":true,"_links":{"self":[{"href":"https:\/\/folhapopular.info\/index.php\/wp-json\/wp\/v2\/posts\/189671","targetHints":{"allow":["GET"]}}],"collection":[{"href":"https:\/\/folhapopular.info\/index.php\/wp-json\/wp\/v2\/posts"}],"about":[{"href":"https:\/\/folhapopular.info\/index.php\/wp-json\/wp\/v2\/types\/post"}],"author":[{"embeddable":true,"href":"https:\/\/folhapopular.info\/index.php\/wp-json\/wp\/v2\/users\/771"}],"replies":[{"embeddable":true,"href":"https:\/\/folhapopular.info\/index.php\/wp-json\/wp\/v2\/comments?post=189671"}],"version-history":[{"count":0,"href":"https:\/\/folhapopular.info\/index.php\/wp-json\/wp\/v2\/posts\/189671\/revisions"}],"wp:featuredmedia":[{"embeddable":true,"href":"https:\/\/folhapopular.info\/index.php\/wp-json\/wp\/v2\/media\/189673"}],"wp:attachment":[{"href":"https:\/\/folhapopular.info\/index.php\/wp-json\/wp\/v2\/media?parent=189671"}],"wp:term":[{"taxonomy":"category","embeddable":true,"href":"https:\/\/folhapopular.info\/index.php\/wp-json\/wp\/v2\/categories?post=189671"},{"taxonomy":"post_tag","embeddable":true,"href":"https:\/\/folhapopular.info\/index.php\/wp-json\/wp\/v2\/tags?post=189671"}],"curies":[{"name":"wp","href":"https:\/\/api.w.org\/{rel}","templated":true}]}}