{"id":189716,"date":"2025-07-06T18:37:53","date_gmt":"2025-07-06T21:37:53","guid":{"rendered":"https:\/\/folhapopular.info\/?p=189716"},"modified":"2025-07-06T18:37:57","modified_gmt":"2025-07-06T21:37:57","slug":"aimore-e-campeao-da-supercopa-dos-campeoes-de-estrela","status":"publish","type":"post","link":"https:\/\/folhapopular.info\/index.php\/2025\/07\/06\/aimore-e-campeao-da-supercopa-dos-campeoes-de-estrela\/","title":{"rendered":"Aimor\u00e9 \u00e9 campe\u00e3o da Supercopa dos campe\u00f5es de Estrela"},"content":{"rendered":"\n<p>No domingo (7\/7), a equipe do Delfinense teve um dia recheado de festividades alusivo aos 50 anos de hist\u00f3ria, momento em que tamb\u00e9m ocorreu a partida da Supercopa de Estrela. Disputaram a ta\u00e7a in\u00e9dita o campe\u00e3o da s\u00e9rie ouro do campeonato municipal 2025, Uni\u00e3o Dossul, e o campe\u00e3o da s\u00e9rie prata, Aimor\u00e9. O jogo foi muito disputado, equil\u00edbrio dentro das quatro linhas, as duas equipes com chances de gol que foram desperdi\u00e7adas ou evitadas pela bela atua\u00e7\u00e3o dos goleiros.<\/p>\n\n\n\n<p>O duelo mais interessante da tarde foi a marca\u00e7\u00e3o do jogador Cristiano Ga\u00facho encima de Bruno Bortolini. Os dois destaques das suas respectivas equipes, fizeram marca\u00e7\u00e3o pesada para que o advers\u00e1rio n\u00e3o conseguisse ajudar o seu time, e por isso, o jogo perdeu em movimenta\u00e7\u00e3o e cria\u00e7\u00e3o.<\/p>\n\n\n\n<p>Foi um jogo de poucas jogadas, pois aconteceram muitas faltas, o que fazia com que o jogo n\u00e3o tivesse muita continuidade, muitos cart\u00f5es amarelos foram aplicados para as duas equipes, no jogo que acabou sem gols, 0x0.<\/p>\n\n\n\n<p>A disputa da ta\u00e7a foi definida nas penalidades m\u00e1ximas e chegou a fase das cobran\u00e7as alternadas, os goleiros seguiram com boa atua\u00e7\u00e3o, fazendo defesas, mas melhor para Mairo, do Aimor\u00e9, que em uma tarde aben\u00e7oada, defendeu 3 cobran\u00e7as e fechou a contagem ao bater e converter a cobran\u00e7a, garantindo o t\u00edtulo ao Aimor\u00e9, com placar nas penalidades de 4 a 3.<\/p>\n\n\n\n<div class=\"wp-block-jetpack-slideshow aligncenter\" data-effect=\"slide\" style=\"--aspect-ratio:calc(696 \/ 392)\"><div class=\"wp-block-jetpack-slideshow_container swiper-container\"><ul class=\"wp-block-jetpack-slideshow_swiper-wrapper swiper-wrapper\"><li class=\"wp-block-jetpack-slideshow_slide swiper-slide\"><figure><img loading=\"lazy\" decoding=\"async\" width=\"1024\" height=\"576\" alt=\"\" class=\"wp-block-jetpack-slideshow_image wp-image-189733\" data-id=\"189733\" data-aspect-ratio=\"696 \/ 392\" src=\"https:\/\/folhapopular.info\/wp-content\/uploads\/2025\/07\/Aimore-comemorou-o-titulo-da-Supercopa-de-Estrela_Bianca-Leticia-Fritscher-2-1024x576.jpeg\" srcset=\"https:\/\/folhapopular.info\/wp-content\/uploads\/2025\/07\/Aimore-comemorou-o-titulo-da-Supercopa-de-Estrela_Bianca-Leticia-Fritscher-2-1024x576.jpeg 1024w, https:\/\/folhapopular.info\/wp-content\/uploads\/2025\/07\/Aimore-comemorou-o-titulo-da-Supercopa-de-Estrela_Bianca-Leticia-Fritscher-2-300x169.jpeg 300w, https:\/\/folhapopular.info\/wp-content\/uploads\/2025\/07\/Aimore-comemorou-o-titulo-da-Supercopa-de-Estrela_Bianca-Leticia-Fritscher-2-768x432.jpeg 768w, https:\/\/folhapopular.info\/wp-content\/uploads\/2025\/07\/Aimore-comemorou-o-titulo-da-Supercopa-de-Estrela_Bianca-Leticia-Fritscher-2-1536x864.jpeg 1536w, https:\/\/folhapopular.info\/wp-content\/uploads\/2025\/07\/Aimore-comemorou-o-titulo-da-Supercopa-de-Estrela_Bianca-Leticia-Fritscher-2-747x420.jpeg 747w, https:\/\/folhapopular.info\/wp-content\/uploads\/2025\/07\/Aimore-comemorou-o-titulo-da-Supercopa-de-Estrela_Bianca-Leticia-Fritscher-2-696x391.jpeg 696w, https:\/\/folhapopular.info\/wp-content\/uploads\/2025\/07\/Aimore-comemorou-o-titulo-da-Supercopa-de-Estrela_Bianca-Leticia-Fritscher-2-1068x600.jpeg 1068w, https:\/\/folhapopular.info\/wp-content\/uploads\/2025\/07\/Aimore-comemorou-o-titulo-da-Supercopa-de-Estrela_Bianca-Leticia-Fritscher-2.jpeg 1599w\" sizes=\"(max-width: 1024px) 100vw, 1024px\" \/><figcaption class=\"wp-block-jetpack-slideshow_caption gallery-caption\">Aimor\u00e9 comemorou o t\u00edtulo da Supercopa de Estrela_Bianca Let\u00edcia Fritscher<\/figcaption><\/figure><\/li><li class=\"wp-block-jetpack-slideshow_slide swiper-slide\"><figure><img loading=\"lazy\" decoding=\"async\" width=\"576\" height=\"1024\" alt=\"\" class=\"wp-block-jetpack-slideshow_image wp-image-189734\" data-id=\"189734\" data-aspect-ratio=\"576 \/ 1024\" src=\"https:\/\/folhapopular.info\/wp-content\/uploads\/2025\/07\/Aimore-comemorou-o-titulo-da-Supercopa-de-Estrela_Bianca-Leticia-Fritscher-3-576x1024.jpeg\" srcset=\"https:\/\/folhapopular.info\/wp-content\/uploads\/2025\/07\/Aimore-comemorou-o-titulo-da-Supercopa-de-Estrela_Bianca-Leticia-Fritscher-3-576x1024.jpeg 576w, https:\/\/folhapopular.info\/wp-content\/uploads\/2025\/07\/Aimore-comemorou-o-titulo-da-Supercopa-de-Estrela_Bianca-Leticia-Fritscher-3-169x300.jpeg 169w, https:\/\/folhapopular.info\/wp-content\/uploads\/2025\/07\/Aimore-comemorou-o-titulo-da-Supercopa-de-Estrela_Bianca-Leticia-Fritscher-3-236x420.jpeg 236w, https:\/\/folhapopular.info\/wp-content\/uploads\/2025\/07\/Aimore-comemorou-o-titulo-da-Supercopa-de-Estrela_Bianca-Leticia-Fritscher-3-696x1237.jpeg 696w, https:\/\/folhapopular.info\/wp-content\/uploads\/2025\/07\/Aimore-comemorou-o-titulo-da-Supercopa-de-Estrela_Bianca-Leticia-Fritscher-3.jpeg 720w\" sizes=\"(max-width: 576px) 100vw, 576px\" \/><figcaption class=\"wp-block-jetpack-slideshow_caption gallery-caption\">Aimor\u00e9 comemorou o t\u00edtulo da Supercopa de Estrela_Bianca Let\u00edcia Fritscher<\/figcaption><\/figure><\/li><li class=\"wp-block-jetpack-slideshow_slide swiper-slide\"><figure><img loading=\"lazy\" decoding=\"async\" width=\"576\" height=\"1024\" alt=\"\" class=\"wp-block-jetpack-slideshow_image wp-image-189735\" data-id=\"189735\" data-aspect-ratio=\"576 \/ 1024\" src=\"https:\/\/folhapopular.info\/wp-content\/uploads\/2025\/07\/Cristiano-comemora-em-Estrela_Bianca-576x1024.jpeg\" srcset=\"https:\/\/folhapopular.info\/wp-content\/uploads\/2025\/07\/Cristiano-comemora-em-Estrela_Bianca-576x1024.jpeg 576w, https:\/\/folhapopular.info\/wp-content\/uploads\/2025\/07\/Cristiano-comemora-em-Estrela_Bianca-169x300.jpeg 169w, https:\/\/folhapopular.info\/wp-content\/uploads\/2025\/07\/Cristiano-comemora-em-Estrela_Bianca-768x1366.jpeg 768w, https:\/\/folhapopular.info\/wp-content\/uploads\/2025\/07\/Cristiano-comemora-em-Estrela_Bianca-864x1536.jpeg 864w, https:\/\/folhapopular.info\/wp-content\/uploads\/2025\/07\/Cristiano-comemora-em-Estrela_Bianca-236x420.jpeg 236w, https:\/\/folhapopular.info\/wp-content\/uploads\/2025\/07\/Cristiano-comemora-em-Estrela_Bianca-696x1238.jpeg 696w, https:\/\/folhapopular.info\/wp-content\/uploads\/2025\/07\/Cristiano-comemora-em-Estrela_Bianca.jpeg 899w\" sizes=\"(max-width: 576px) 100vw, 576px\" \/><figcaption class=\"wp-block-jetpack-slideshow_caption gallery-caption\">Cristiano comemora em Estrela_Bianca<\/figcaption><\/figure><\/li><li class=\"wp-block-jetpack-slideshow_slide swiper-slide\"><figure><img loading=\"lazy\" decoding=\"async\" width=\"768\" height=\"1024\" alt=\"\" class=\"wp-block-jetpack-slideshow_image wp-image-189736\" data-id=\"189736\" data-aspect-ratio=\"696 \/ 928\" src=\"https:\/\/folhapopular.info\/wp-content\/uploads\/2025\/07\/Decisao-da-Supercopa-foi-para-os-penaltis_Bianca-768x1024.jpeg\" srcset=\"https:\/\/folhapopular.info\/wp-content\/uploads\/2025\/07\/Decisao-da-Supercopa-foi-para-os-penaltis_Bianca-768x1024.jpeg 768w, https:\/\/folhapopular.info\/wp-content\/uploads\/2025\/07\/Decisao-da-Supercopa-foi-para-os-penaltis_Bianca-225x300.jpeg 225w, https:\/\/folhapopular.info\/wp-content\/uploads\/2025\/07\/Decisao-da-Supercopa-foi-para-os-penaltis_Bianca-1152x1536.jpeg 1152w, https:\/\/folhapopular.info\/wp-content\/uploads\/2025\/07\/Decisao-da-Supercopa-foi-para-os-penaltis_Bianca-315x420.jpeg 315w, https:\/\/folhapopular.info\/wp-content\/uploads\/2025\/07\/Decisao-da-Supercopa-foi-para-os-penaltis_Bianca-696x928.jpeg 696w, https:\/\/folhapopular.info\/wp-content\/uploads\/2025\/07\/Decisao-da-Supercopa-foi-para-os-penaltis_Bianca-1068x1424.jpeg 1068w, https:\/\/folhapopular.info\/wp-content\/uploads\/2025\/07\/Decisao-da-Supercopa-foi-para-os-penaltis_Bianca.jpeg 1200w\" sizes=\"(max-width: 768px) 100vw, 768px\" \/><figcaption class=\"wp-block-jetpack-slideshow_caption gallery-caption\">Decis\u00e3o da Supercopa foi para os p\u00eanaltis_Bianca<\/figcaption><\/figure><\/li><li class=\"wp-block-jetpack-slideshow_slide swiper-slide\"><figure><img loading=\"lazy\" decoding=\"async\" width=\"768\" height=\"1024\" alt=\"\" class=\"wp-block-jetpack-slideshow_image wp-image-189723\" data-id=\"189723\" data-aspect-ratio=\"696 \/ 928\" src=\"https:\/\/folhapopular.info\/wp-content\/uploads\/2025\/07\/Aimore_Bianca-Leticia-Fritscher-768x1024.jpeg\" srcset=\"https:\/\/folhapopular.info\/wp-content\/uploads\/2025\/07\/Aimore_Bianca-Leticia-Fritscher-768x1024.jpeg 768w, https:\/\/folhapopular.info\/wp-content\/uploads\/2025\/07\/Aimore_Bianca-Leticia-Fritscher-225x300.jpeg 225w, https:\/\/folhapopular.info\/wp-content\/uploads\/2025\/07\/Aimore_Bianca-Leticia-Fritscher-315x420.jpeg 315w, https:\/\/folhapopular.info\/wp-content\/uploads\/2025\/07\/Aimore_Bianca-Leticia-Fritscher-696x928.jpeg 696w, https:\/\/folhapopular.info\/wp-content\/uploads\/2025\/07\/Aimore_Bianca-Leticia-Fritscher.jpeg 960w\" sizes=\"(max-width: 768px) 100vw, 768px\" \/><figcaption class=\"wp-block-jetpack-slideshow_caption gallery-caption\">Aimor\u00e9 no pr\u00e9-jogo \/\/ Cr\u00e9dito: Bianca Let\u00edcia Fritscher<\/figcaption><\/figure><\/li><li class=\"wp-block-jetpack-slideshow_slide swiper-slide\"><figure><img loading=\"lazy\" decoding=\"async\" width=\"576\" height=\"1024\" alt=\"\" class=\"wp-block-jetpack-slideshow_image wp-image-189724\" data-id=\"189724\" data-aspect-ratio=\"576 \/ 1024\" src=\"https:\/\/folhapopular.info\/wp-content\/uploads\/2025\/07\/Uniao-Dossul_Bianca-Leticia-Fritscher-576x1024.jpeg\" srcset=\"https:\/\/folhapopular.info\/wp-content\/uploads\/2025\/07\/Uniao-Dossul_Bianca-Leticia-Fritscher-576x1024.jpeg 576w, https:\/\/folhapopular.info\/wp-content\/uploads\/2025\/07\/Uniao-Dossul_Bianca-Leticia-Fritscher-169x300.jpeg 169w, https:\/\/folhapopular.info\/wp-content\/uploads\/2025\/07\/Uniao-Dossul_Bianca-Leticia-Fritscher-236x420.jpeg 236w, https:\/\/folhapopular.info\/wp-content\/uploads\/2025\/07\/Uniao-Dossul_Bianca-Leticia-Fritscher-696x1237.jpeg 696w, https:\/\/folhapopular.info\/wp-content\/uploads\/2025\/07\/Uniao-Dossul_Bianca-Leticia-Fritscher.jpeg 720w\" sizes=\"(max-width: 576px) 100vw, 576px\" \/><figcaption class=\"wp-block-jetpack-slideshow_caption gallery-caption\">Uni\u00e3o Dossul no pr\u00e9-jogo  \/\/ Cr\u00e9dito: Bianca Let\u00edcia Fritscher<\/figcaption><\/figure><\/li><li class=\"wp-block-jetpack-slideshow_slide swiper-slide\"><figure><img loading=\"lazy\" decoding=\"async\" width=\"1024\" height=\"576\" alt=\"\" class=\"wp-block-jetpack-slideshow_image wp-image-189725\" data-id=\"189725\" data-aspect-ratio=\"696 \/ 392\" src=\"https:\/\/folhapopular.info\/wp-content\/uploads\/2025\/07\/Delfinense-sediou-jogo-extra-de-supercopa-no-Amador-de-Estrela_Bianca-L.-Fritscher-1024x576.jpeg\" srcset=\"https:\/\/folhapopular.info\/wp-content\/uploads\/2025\/07\/Delfinense-sediou-jogo-extra-de-supercopa-no-Amador-de-Estrela_Bianca-L.-Fritscher-1024x576.jpeg 1024w, https:\/\/folhapopular.info\/wp-content\/uploads\/2025\/07\/Delfinense-sediou-jogo-extra-de-supercopa-no-Amador-de-Estrela_Bianca-L.-Fritscher-300x169.jpeg 300w, https:\/\/folhapopular.info\/wp-content\/uploads\/2025\/07\/Delfinense-sediou-jogo-extra-de-supercopa-no-Amador-de-Estrela_Bianca-L.-Fritscher-768x432.jpeg 768w, https:\/\/folhapopular.info\/wp-content\/uploads\/2025\/07\/Delfinense-sediou-jogo-extra-de-supercopa-no-Amador-de-Estrela_Bianca-L.-Fritscher-747x420.jpeg 747w, https:\/\/folhapopular.info\/wp-content\/uploads\/2025\/07\/Delfinense-sediou-jogo-extra-de-supercopa-no-Amador-de-Estrela_Bianca-L.-Fritscher-696x392.jpeg 696w, https:\/\/folhapopular.info\/wp-content\/uploads\/2025\/07\/Delfinense-sediou-jogo-extra-de-supercopa-no-Amador-de-Estrela_Bianca-L.-Fritscher-1068x601.jpeg 1068w, https:\/\/folhapopular.info\/wp-content\/uploads\/2025\/07\/Delfinense-sediou-jogo-extra-de-supercopa-no-Amador-de-Estrela_Bianca-L.-Fritscher.jpeg 1280w\" sizes=\"(max-width: 1024px) 100vw, 1024px\" \/><figcaption class=\"wp-block-jetpack-slideshow_caption gallery-caption\">Delfinense sediou jogo extra de supercopa no Amador de Estrela \/\/ Cr\u00e9dito: Bianca Let\u00edcia Fritscher<\/figcaption><\/figure><\/li><\/ul><a class=\"wp-block-jetpack-slideshow_button-prev swiper-button-prev swiper-button-white\" role=\"button\"><\/a><a class=\"wp-block-jetpack-slideshow_button-next swiper-button-next swiper-button-white\" role=\"button\"><\/a><a aria-label=\"Pause Slideshow\" class=\"wp-block-jetpack-slideshow_button-pause\" role=\"button\"><\/a><div class=\"wp-block-jetpack-slideshow_pagination swiper-pagination swiper-pagination-white\"><\/div><\/div><\/div>\n","protected":false},"excerpt":{"rendered":"<p>No domingo (7\/7), a equipe do Delfinense teve um dia recheado de festividades alusivo aos 50 anos de hist\u00f3ria, momento em que tamb\u00e9m ocorreu a partida da Supercopa de Estrela. Disputaram a ta\u00e7a in\u00e9dita o campe\u00e3o da s\u00e9rie ouro do campeonato municipal 2025, Uni\u00e3o Dossul, e o campe\u00e3o da s\u00e9rie prata, Aimor\u00e9. O jogo foi [&hellip;]<\/p>\n","protected":false},"author":705,"featured_media":189732,"comment_status":"open","ping_status":"open","sticky":false,"template":"","format":"standard","meta":{"pmpro_default_level":"","_jetpack_memberships_contains_paid_content":false,"footnotes":""},"categories":[2,5,240],"tags":[],"class_list":{"0":"post-189716","1":"post","2":"type-post","3":"status-publish","4":"format-standard","5":"has-post-thumbnail","7":"category-featured","8":"category-esportes","9":"category-futebol-amador","10":"pmpro-has-access"},"yoast_head":"<!-- This site is optimized with the Yoast SEO plugin v27.5 - https:\/\/yoast.com\/product\/yoast-seo-wordpress\/ -->\n<title>Aimor\u00e9 \u00e9 campe\u00e3o da Supercopa dos campe\u00f5es de Estrela - Folha Popular<\/title>\n<meta name=\"robots\" content=\"index, follow, max-snippet:-1, max-image-preview:large, max-video-preview:-1\" \/>\n<link rel=\"canonical\" href=\"https:\/\/folhapopular.info\/index.php\/2025\/07\/06\/aimore-e-campeao-da-supercopa-dos-campeoes-de-estrela\/\" \/>\n<meta property=\"og:locale\" content=\"pt_BR\" \/>\n<meta property=\"og:type\" content=\"article\" \/>\n<meta property=\"og:title\" content=\"Aimor\u00e9 \u00e9 campe\u00e3o da Supercopa dos campe\u00f5es de Estrela - Folha Popular\" \/>\n<meta property=\"og:description\" content=\"No domingo (7\/7), a equipe do Delfinense teve um dia recheado de festividades alusivo aos 50 anos de hist\u00f3ria, momento em que tamb\u00e9m ocorreu a partida da Supercopa de Estrela. Disputaram a ta\u00e7a in\u00e9dita o campe\u00e3o da s\u00e9rie ouro do campeonato municipal 2025, Uni\u00e3o Dossul, e o campe\u00e3o da s\u00e9rie prata, Aimor\u00e9. O jogo foi [&hellip;]\" \/>\n<meta property=\"og:url\" content=\"https:\/\/folhapopular.info\/index.php\/2025\/07\/06\/aimore-e-campeao-da-supercopa-dos-campeoes-de-estrela\/\" \/>\n<meta property=\"og:site_name\" content=\"Folha Popular\" \/>\n<meta property=\"article:published_time\" content=\"2025-07-06T21:37:53+00:00\" \/>\n<meta property=\"article:modified_time\" content=\"2025-07-06T21:37:57+00:00\" \/>\n<meta property=\"og:image\" content=\"http:\/\/folhapopular.info\/wp-content\/uploads\/2025\/07\/Aimore-comemorou-o-titulo-da-Supercopa-de-Estrela_Bianca-Leticia-Fritscher-e1751837806792.jpeg\" \/>\n\t<meta property=\"og:image:width\" content=\"898\" \/>\n\t<meta property=\"og:image:height\" content=\"744\" \/>\n\t<meta property=\"og:image:type\" content=\"image\/jpeg\" \/>\n<meta name=\"author\" content=\"Bianca Let\u00edcia Fritscher\" \/>\n<meta name=\"twitter:card\" content=\"summary_large_image\" \/>\n<meta name=\"twitter:label1\" content=\"Escrito por\" \/>\n\t<meta name=\"twitter:data1\" content=\"Bianca Let\u00edcia Fritscher\" \/>\n\t<meta name=\"twitter:label2\" content=\"Est. tempo de leitura\" \/>\n\t<meta name=\"twitter:data2\" content=\"4 minutos\" \/>\n<script type=\"application\/ld+json\" class=\"yoast-schema-graph\">{\"@context\":\"https:\\\/\\\/schema.org\",\"@graph\":[{\"@type\":\"Article\",\"@id\":\"https:\\\/\\\/folhapopular.info\\\/index.php\\\/2025\\\/07\\\/06\\\/aimore-e-campeao-da-supercopa-dos-campeoes-de-estrela\\\/#article\",\"isPartOf\":{\"@id\":\"https:\\\/\\\/folhapopular.info\\\/index.php\\\/2025\\\/07\\\/06\\\/aimore-e-campeao-da-supercopa-dos-campeoes-de-estrela\\\/\"},\"author\":{\"name\":\"Bianca Let\u00edcia Fritscher\",\"@id\":\"https:\\\/\\\/folhapopular.info\\\/#\\\/schema\\\/person\\\/6cabf7c76b049b2d4ff702285a81746e\"},\"headline\":\"Aimor\u00e9 \u00e9 campe\u00e3o da Supercopa dos campe\u00f5es de Estrela\",\"datePublished\":\"2025-07-06T21:37:53+00:00\",\"dateModified\":\"2025-07-06T21:37:57+00:00\",\"mainEntityOfPage\":{\"@id\":\"https:\\\/\\\/folhapopular.info\\\/index.php\\\/2025\\\/07\\\/06\\\/aimore-e-campeao-da-supercopa-dos-campeoes-de-estrela\\\/\"},\"wordCount\":336,\"commentCount\":0,\"image\":{\"@id\":\"https:\\\/\\\/folhapopular.info\\\/index.php\\\/2025\\\/07\\\/06\\\/aimore-e-campeao-da-supercopa-dos-campeoes-de-estrela\\\/#primaryimage\"},\"thumbnailUrl\":\"https:\\\/\\\/folhapopular.info\\\/wp-content\\\/uploads\\\/2025\\\/07\\\/Aimore-comemorou-o-titulo-da-Supercopa-de-Estrela_Bianca-Leticia-Fritscher-e1751837806792.jpeg\",\"articleSection\":[\"Destaques\",\"Esportes\",\"Futebol Amador\"],\"inLanguage\":\"pt-BR\",\"potentialAction\":[{\"@type\":\"CommentAction\",\"name\":\"Comment\",\"target\":[\"https:\\\/\\\/folhapopular.info\\\/index.php\\\/2025\\\/07\\\/06\\\/aimore-e-campeao-da-supercopa-dos-campeoes-de-estrela\\\/#respond\"]}]},{\"@type\":\"WebPage\",\"@id\":\"https:\\\/\\\/folhapopular.info\\\/index.php\\\/2025\\\/07\\\/06\\\/aimore-e-campeao-da-supercopa-dos-campeoes-de-estrela\\\/\",\"url\":\"https:\\\/\\\/folhapopular.info\\\/index.php\\\/2025\\\/07\\\/06\\\/aimore-e-campeao-da-supercopa-dos-campeoes-de-estrela\\\/\",\"name\":\"Aimor\u00e9 \u00e9 campe\u00e3o da Supercopa dos campe\u00f5es de Estrela - Folha Popular\",\"isPartOf\":{\"@id\":\"https:\\\/\\\/folhapopular.info\\\/#website\"},\"primaryImageOfPage\":{\"@id\":\"https:\\\/\\\/folhapopular.info\\\/index.php\\\/2025\\\/07\\\/06\\\/aimore-e-campeao-da-supercopa-dos-campeoes-de-estrela\\\/#primaryimage\"},\"image\":{\"@id\":\"https:\\\/\\\/folhapopular.info\\\/index.php\\\/2025\\\/07\\\/06\\\/aimore-e-campeao-da-supercopa-dos-campeoes-de-estrela\\\/#primaryimage\"},\"thumbnailUrl\":\"https:\\\/\\\/folhapopular.info\\\/wp-content\\\/uploads\\\/2025\\\/07\\\/Aimore-comemorou-o-titulo-da-Supercopa-de-Estrela_Bianca-Leticia-Fritscher-e1751837806792.jpeg\",\"datePublished\":\"2025-07-06T21:37:53+00:00\",\"dateModified\":\"2025-07-06T21:37:57+00:00\",\"author\":{\"@id\":\"https:\\\/\\\/folhapopular.info\\\/#\\\/schema\\\/person\\\/6cabf7c76b049b2d4ff702285a81746e\"},\"breadcrumb\":{\"@id\":\"https:\\\/\\\/folhapopular.info\\\/index.php\\\/2025\\\/07\\\/06\\\/aimore-e-campeao-da-supercopa-dos-campeoes-de-estrela\\\/#breadcrumb\"},\"inLanguage\":\"pt-BR\",\"potentialAction\":[{\"@type\":\"ReadAction\",\"target\":[\"https:\\\/\\\/folhapopular.info\\\/index.php\\\/2025\\\/07\\\/06\\\/aimore-e-campeao-da-supercopa-dos-campeoes-de-estrela\\\/\"]}]},{\"@type\":\"ImageObject\",\"inLanguage\":\"pt-BR\",\"@id\":\"https:\\\/\\\/folhapopular.info\\\/index.php\\\/2025\\\/07\\\/06\\\/aimore-e-campeao-da-supercopa-dos-campeoes-de-estrela\\\/#primaryimage\",\"url\":\"https:\\\/\\\/folhapopular.info\\\/wp-content\\\/uploads\\\/2025\\\/07\\\/Aimore-comemorou-o-titulo-da-Supercopa-de-Estrela_Bianca-Leticia-Fritscher-e1751837806792.jpeg\",\"contentUrl\":\"https:\\\/\\\/folhapopular.info\\\/wp-content\\\/uploads\\\/2025\\\/07\\\/Aimore-comemorou-o-titulo-da-Supercopa-de-Estrela_Bianca-Leticia-Fritscher-e1751837806792.jpeg\",\"width\":898,\"height\":744,\"caption\":\"Aimor\u00e9 comemorou o t\u00edtulo da Supercopa de Estrela_Bianca Let\u00edcia Fritscher\"},{\"@type\":\"BreadcrumbList\",\"@id\":\"https:\\\/\\\/folhapopular.info\\\/index.php\\\/2025\\\/07\\\/06\\\/aimore-e-campeao-da-supercopa-dos-campeoes-de-estrela\\\/#breadcrumb\",\"itemListElement\":[{\"@type\":\"ListItem\",\"position\":1,\"name\":\"In\u00edcio\",\"item\":\"https:\\\/\\\/folhapopular.info\\\/\"},{\"@type\":\"ListItem\",\"position\":2,\"name\":\"Aimor\u00e9 \u00e9 campe\u00e3o da Supercopa dos campe\u00f5es de Estrela\"}]},{\"@type\":\"WebSite\",\"@id\":\"https:\\\/\\\/folhapopular.info\\\/#website\",\"url\":\"https:\\\/\\\/folhapopular.info\\\/\",\"name\":\"Folha Popular\",\"description\":\"Onde voc\u00ea tem vez e voz\",\"potentialAction\":[{\"@type\":\"SearchAction\",\"target\":{\"@type\":\"EntryPoint\",\"urlTemplate\":\"https:\\\/\\\/folhapopular.info\\\/?s={search_term_string}\"},\"query-input\":{\"@type\":\"PropertyValueSpecification\",\"valueRequired\":true,\"valueName\":\"search_term_string\"}}],\"inLanguage\":\"pt-BR\"},{\"@type\":\"Person\",\"@id\":\"https:\\\/\\\/folhapopular.info\\\/#\\\/schema\\\/person\\\/6cabf7c76b049b2d4ff702285a81746e\",\"name\":\"Bianca Let\u00edcia Fritscher\",\"image\":{\"@type\":\"ImageObject\",\"inLanguage\":\"pt-BR\",\"@id\":\"https:\\\/\\\/secure.gravatar.com\\\/avatar\\\/d35e69df261686f72acb2795e53ece0af947e794c76c316440e7d5b1040b8e46?s=96&d=mm&r=g\",\"url\":\"https:\\\/\\\/secure.gravatar.com\\\/avatar\\\/d35e69df261686f72acb2795e53ece0af947e794c76c316440e7d5b1040b8e46?s=96&d=mm&r=g\",\"contentUrl\":\"https:\\\/\\\/secure.gravatar.com\\\/avatar\\\/d35e69df261686f72acb2795e53ece0af947e794c76c316440e7d5b1040b8e46?s=96&d=mm&r=g\",\"caption\":\"Bianca Let\u00edcia Fritscher\"},\"url\":\"https:\\\/\\\/folhapopular.info\\\/index.php\\\/author\\\/biafritscherhotmail-com\\\/\"}]}<\/script>\n<!-- \/ Yoast SEO plugin. -->","yoast_head_json":{"title":"Aimor\u00e9 \u00e9 campe\u00e3o da Supercopa dos campe\u00f5es de Estrela - Folha Popular","robots":{"index":"index","follow":"follow","max-snippet":"max-snippet:-1","max-image-preview":"max-image-preview:large","max-video-preview":"max-video-preview:-1"},"canonical":"https:\/\/folhapopular.info\/index.php\/2025\/07\/06\/aimore-e-campeao-da-supercopa-dos-campeoes-de-estrela\/","og_locale":"pt_BR","og_type":"article","og_title":"Aimor\u00e9 \u00e9 campe\u00e3o da Supercopa dos campe\u00f5es de Estrela - Folha Popular","og_description":"No domingo (7\/7), a equipe do Delfinense teve um dia recheado de festividades alusivo aos 50 anos de hist\u00f3ria, momento em que tamb\u00e9m ocorreu a partida da Supercopa de Estrela. Disputaram a ta\u00e7a in\u00e9dita o campe\u00e3o da s\u00e9rie ouro do campeonato municipal 2025, Uni\u00e3o Dossul, e o campe\u00e3o da s\u00e9rie prata, Aimor\u00e9. O jogo foi [&hellip;]","og_url":"https:\/\/folhapopular.info\/index.php\/2025\/07\/06\/aimore-e-campeao-da-supercopa-dos-campeoes-de-estrela\/","og_site_name":"Folha Popular","article_published_time":"2025-07-06T21:37:53+00:00","article_modified_time":"2025-07-06T21:37:57+00:00","og_image":[{"width":898,"height":744,"url":"http:\/\/folhapopular.info\/wp-content\/uploads\/2025\/07\/Aimore-comemorou-o-titulo-da-Supercopa-de-Estrela_Bianca-Leticia-Fritscher-e1751837806792.jpeg","type":"image\/jpeg"}],"author":"Bianca Let\u00edcia Fritscher","twitter_card":"summary_large_image","twitter_misc":{"Escrito por":"Bianca Let\u00edcia Fritscher","Est. tempo de leitura":"4 minutos"},"schema":{"@context":"https:\/\/schema.org","@graph":[{"@type":"Article","@id":"https:\/\/folhapopular.info\/index.php\/2025\/07\/06\/aimore-e-campeao-da-supercopa-dos-campeoes-de-estrela\/#article","isPartOf":{"@id":"https:\/\/folhapopular.info\/index.php\/2025\/07\/06\/aimore-e-campeao-da-supercopa-dos-campeoes-de-estrela\/"},"author":{"name":"Bianca Let\u00edcia Fritscher","@id":"https:\/\/folhapopular.info\/#\/schema\/person\/6cabf7c76b049b2d4ff702285a81746e"},"headline":"Aimor\u00e9 \u00e9 campe\u00e3o da Supercopa dos campe\u00f5es de Estrela","datePublished":"2025-07-06T21:37:53+00:00","dateModified":"2025-07-06T21:37:57+00:00","mainEntityOfPage":{"@id":"https:\/\/folhapopular.info\/index.php\/2025\/07\/06\/aimore-e-campeao-da-supercopa-dos-campeoes-de-estrela\/"},"wordCount":336,"commentCount":0,"image":{"@id":"https:\/\/folhapopular.info\/index.php\/2025\/07\/06\/aimore-e-campeao-da-supercopa-dos-campeoes-de-estrela\/#primaryimage"},"thumbnailUrl":"https:\/\/folhapopular.info\/wp-content\/uploads\/2025\/07\/Aimore-comemorou-o-titulo-da-Supercopa-de-Estrela_Bianca-Leticia-Fritscher-e1751837806792.jpeg","articleSection":["Destaques","Esportes","Futebol Amador"],"inLanguage":"pt-BR","potentialAction":[{"@type":"CommentAction","name":"Comment","target":["https:\/\/folhapopular.info\/index.php\/2025\/07\/06\/aimore-e-campeao-da-supercopa-dos-campeoes-de-estrela\/#respond"]}]},{"@type":"WebPage","@id":"https:\/\/folhapopular.info\/index.php\/2025\/07\/06\/aimore-e-campeao-da-supercopa-dos-campeoes-de-estrela\/","url":"https:\/\/folhapopular.info\/index.php\/2025\/07\/06\/aimore-e-campeao-da-supercopa-dos-campeoes-de-estrela\/","name":"Aimor\u00e9 \u00e9 campe\u00e3o da Supercopa dos campe\u00f5es de Estrela - Folha Popular","isPartOf":{"@id":"https:\/\/folhapopular.info\/#website"},"primaryImageOfPage":{"@id":"https:\/\/folhapopular.info\/index.php\/2025\/07\/06\/aimore-e-campeao-da-supercopa-dos-campeoes-de-estrela\/#primaryimage"},"image":{"@id":"https:\/\/folhapopular.info\/index.php\/2025\/07\/06\/aimore-e-campeao-da-supercopa-dos-campeoes-de-estrela\/#primaryimage"},"thumbnailUrl":"https:\/\/folhapopular.info\/wp-content\/uploads\/2025\/07\/Aimore-comemorou-o-titulo-da-Supercopa-de-Estrela_Bianca-Leticia-Fritscher-e1751837806792.jpeg","datePublished":"2025-07-06T21:37:53+00:00","dateModified":"2025-07-06T21:37:57+00:00","author":{"@id":"https:\/\/folhapopular.info\/#\/schema\/person\/6cabf7c76b049b2d4ff702285a81746e"},"breadcrumb":{"@id":"https:\/\/folhapopular.info\/index.php\/2025\/07\/06\/aimore-e-campeao-da-supercopa-dos-campeoes-de-estrela\/#breadcrumb"},"inLanguage":"pt-BR","potentialAction":[{"@type":"ReadAction","target":["https:\/\/folhapopular.info\/index.php\/2025\/07\/06\/aimore-e-campeao-da-supercopa-dos-campeoes-de-estrela\/"]}]},{"@type":"ImageObject","inLanguage":"pt-BR","@id":"https:\/\/folhapopular.info\/index.php\/2025\/07\/06\/aimore-e-campeao-da-supercopa-dos-campeoes-de-estrela\/#primaryimage","url":"https:\/\/folhapopular.info\/wp-content\/uploads\/2025\/07\/Aimore-comemorou-o-titulo-da-Supercopa-de-Estrela_Bianca-Leticia-Fritscher-e1751837806792.jpeg","contentUrl":"https:\/\/folhapopular.info\/wp-content\/uploads\/2025\/07\/Aimore-comemorou-o-titulo-da-Supercopa-de-Estrela_Bianca-Leticia-Fritscher-e1751837806792.jpeg","width":898,"height":744,"caption":"Aimor\u00e9 comemorou o t\u00edtulo da Supercopa de Estrela_Bianca Let\u00edcia Fritscher"},{"@type":"BreadcrumbList","@id":"https:\/\/folhapopular.info\/index.php\/2025\/07\/06\/aimore-e-campeao-da-supercopa-dos-campeoes-de-estrela\/#breadcrumb","itemListElement":[{"@type":"ListItem","position":1,"name":"In\u00edcio","item":"https:\/\/folhapopular.info\/"},{"@type":"ListItem","position":2,"name":"Aimor\u00e9 \u00e9 campe\u00e3o da Supercopa dos campe\u00f5es de Estrela"}]},{"@type":"WebSite","@id":"https:\/\/folhapopular.info\/#website","url":"https:\/\/folhapopular.info\/","name":"Folha Popular","description":"Onde voc\u00ea tem vez e voz","potentialAction":[{"@type":"SearchAction","target":{"@type":"EntryPoint","urlTemplate":"https:\/\/folhapopular.info\/?s={search_term_string}"},"query-input":{"@type":"PropertyValueSpecification","valueRequired":true,"valueName":"search_term_string"}}],"inLanguage":"pt-BR"},{"@type":"Person","@id":"https:\/\/folhapopular.info\/#\/schema\/person\/6cabf7c76b049b2d4ff702285a81746e","name":"Bianca Let\u00edcia Fritscher","image":{"@type":"ImageObject","inLanguage":"pt-BR","@id":"https:\/\/secure.gravatar.com\/avatar\/d35e69df261686f72acb2795e53ece0af947e794c76c316440e7d5b1040b8e46?s=96&d=mm&r=g","url":"https:\/\/secure.gravatar.com\/avatar\/d35e69df261686f72acb2795e53ece0af947e794c76c316440e7d5b1040b8e46?s=96&d=mm&r=g","contentUrl":"https:\/\/secure.gravatar.com\/avatar\/d35e69df261686f72acb2795e53ece0af947e794c76c316440e7d5b1040b8e46?s=96&d=mm&r=g","caption":"Bianca Let\u00edcia Fritscher"},"url":"https:\/\/folhapopular.info\/index.php\/author\/biafritscherhotmail-com\/"}]}},"jetpack_featured_media_url":"https:\/\/folhapopular.info\/wp-content\/uploads\/2025\/07\/Aimore-comemorou-o-titulo-da-Supercopa-de-Estrela_Bianca-Leticia-Fritscher-e1751837806792.jpeg","jetpack_sharing_enabled":true,"amp_enabled":true,"_links":{"self":[{"href":"https:\/\/folhapopular.info\/index.php\/wp-json\/wp\/v2\/posts\/189716","targetHints":{"allow":["GET"]}}],"collection":[{"href":"https:\/\/folhapopular.info\/index.php\/wp-json\/wp\/v2\/posts"}],"about":[{"href":"https:\/\/folhapopular.info\/index.php\/wp-json\/wp\/v2\/types\/post"}],"author":[{"embeddable":true,"href":"https:\/\/folhapopular.info\/index.php\/wp-json\/wp\/v2\/users\/705"}],"replies":[{"embeddable":true,"href":"https:\/\/folhapopular.info\/index.php\/wp-json\/wp\/v2\/comments?post=189716"}],"version-history":[{"count":0,"href":"https:\/\/folhapopular.info\/index.php\/wp-json\/wp\/v2\/posts\/189716\/revisions"}],"wp:featuredmedia":[{"embeddable":true,"href":"https:\/\/folhapopular.info\/index.php\/wp-json\/wp\/v2\/media\/189732"}],"wp:attachment":[{"href":"https:\/\/folhapopular.info\/index.php\/wp-json\/wp\/v2\/media?parent=189716"}],"wp:term":[{"taxonomy":"category","embeddable":true,"href":"https:\/\/folhapopular.info\/index.php\/wp-json\/wp\/v2\/categories?post=189716"},{"taxonomy":"post_tag","embeddable":true,"href":"https:\/\/folhapopular.info\/index.php\/wp-json\/wp\/v2\/tags?post=189716"}],"curies":[{"name":"wp","href":"https:\/\/api.w.org\/{rel}","templated":true}]}}