{"id":189788,"date":"2025-07-08T14:33:53","date_gmt":"2025-07-08T17:33:53","guid":{"rendered":"https:\/\/folhapopular.info\/?p=189788"},"modified":"2025-07-08T14:33:57","modified_gmt":"2025-07-08T17:33:57","slug":"dia-estadual-do-peixe-sera-em-bom-retiro-do-sul-durante-a-aquibom","status":"publish","type":"post","link":"https:\/\/folhapopular.info\/index.php\/2025\/07\/08\/dia-estadual-do-peixe-sera-em-bom-retiro-do-sul-durante-a-aquibom\/","title":{"rendered":"Dia Estadual do Peixe ser\u00e1 em Bom Retiro do Sul, durante a AquiBom"},"content":{"rendered":"\n<p>O Estado confirmou nesta segunda-feira (7\/7) que o Dia Estadual do Peixe de 2025 ser\u00e1 em Bom Retiro do Sul, durante a realiza\u00e7\u00e3o da 1\u00aa Feira Estadual de Aquicultura (AquiBom). A tentativa de buscar esta consolida\u00e7\u00e3o vem desde o lan\u00e7amento da AquiBom, dia 18 de dezembro do ano passado.<\/p>\n\n\n\n<p>Para o organizador Mauro Luciano Hauschild, a conquista do Dia Estadual do Peixe qualifica ainda mais a AquiBom. &#8220;Acredito que a AquiBom ganha mais um elemento fundamental para a consecu\u00e7\u00e3o de seu prop\u00f3sito. Por outro lado, mostra que a AquiBom se apresenta como um evento com reconhecimento pela EMATER e pelo estado para ser o centro dos debates que ocorrem no dia estadual do Peixe. Todos ganham, principalmente o setor produtivo&#8221;, revela.<\/p>\n\n\n\n<p>A inten\u00e7\u00e3o \u00e9 come\u00e7ar as tratativas com a EMATER na pr\u00f3xima semana para aperfei\u00e7oar as atividades. &#8220;Reunir\u00e1 todos os seus t\u00e9cnicos e produtores de todo estado, prefeitos, vices, secret\u00e1rios municipais num evento para discutir diversos temas relacionados \u00e0 piscicultura. Aumentar\u00e1 o p\u00fablico, aprofundar\u00e1 o debate e proporcionar\u00e1 elaborar projetos e propostas para o fortalecimento e alavancagem do setor&#8221;, acrescenta Mauro.<\/p>\n\n\n\n<p>A 1\u00aa AquiBom ser\u00e1 de 7 a 9 de novembro, no Recanto Novo Para\u00edso, em Sanga Funda \u2013 Bom Retiro do Sul. Haver\u00e1 exposi\u00e7\u00e3o de produtos e servi\u00e7os, experi\u00eancias de campo, palestras, atra\u00e7\u00f5es culturais, show nacional e um jantar com pratos de peixe.<\/p>\n\n\n\n<p><strong>Proposta da feira<\/strong><\/p>\n\n\n\n<p>A 1\u00aa&nbsp;<strong>Aqu<\/strong><strong>i<\/strong><strong>bom<\/strong>&nbsp;tem como objetivo oferecer um evento de grande porte, com a participa\u00e7\u00e3o de empresas que fornecem insumos, como ra\u00e7\u00e3o, e servi\u00e7os, como vestu\u00e1rio necess\u00e1rio para a despesca. Tamb\u00e9m est\u00e1 prevista a presen\u00e7a de empresas que oferecem m\u00e1quinas para a abertura de tanques e de institui\u00e7\u00f5es financeiras interessadas em financiar a compra desses equipamentos.<\/p>\n\n\n\n<p>\u201cPrecisamos fomentar o consumo de pescado para tornar o neg\u00f3cio vi\u00e1vel. Por isso, \u00e9 importante desenvolver essa iniciativa com as crian\u00e7as nas escolas. \u00c9 muito dif\u00edcil mudar um h\u00e1bito na vida adulta, mas conseguimos trabalhar isso com as crian\u00e7as\u201d, enfatiza Hauschild.<\/p>\n","protected":false},"excerpt":{"rendered":"<p>O Estado confirmou nesta segunda-feira (7\/7) que o Dia Estadual do Peixe de 2025 ser\u00e1 em Bom Retiro do Sul, durante a realiza\u00e7\u00e3o da 1\u00aa Feira Estadual de Aquicultura (AquiBom). A tentativa de buscar esta consolida\u00e7\u00e3o vem desde o lan\u00e7amento da AquiBom, dia 18 de dezembro do ano passado. Para o organizador Mauro Luciano Hauschild, [&hellip;]<\/p>\n","protected":false},"author":7,"featured_media":189850,"comment_status":"open","ping_status":"open","sticky":false,"template":"","format":"standard","meta":{"pmpro_default_level":"","_jetpack_memberships_contains_paid_content":false,"footnotes":""},"categories":[2,10991,10994],"tags":[17376,146,1876,156],"class_list":{"0":"post-189788","1":"post","2":"type-post","3":"status-publish","4":"format-standard","5":"has-post-thumbnail","7":"category-featured","8":"category-economia","9":"category-rural","10":"tag-aquibom","11":"tag-bom-retiro-do-sul","12":"tag-piscicultura","13":"tag-vale-do-taquari","14":"pmpro-has-access"},"yoast_head":"<!-- This site is optimized with the Yoast SEO plugin v27.5 - https:\/\/yoast.com\/product\/yoast-seo-wordpress\/ -->\n<title>Dia Estadual do Peixe ser\u00e1 em Bom Retiro do Sul, durante a AquiBom - Folha Popular<\/title>\n<meta name=\"robots\" content=\"index, follow, max-snippet:-1, max-image-preview:large, max-video-preview:-1\" \/>\n<link rel=\"canonical\" href=\"https:\/\/folhapopular.info\/index.php\/2025\/07\/08\/dia-estadual-do-peixe-sera-em-bom-retiro-do-sul-durante-a-aquibom\/\" \/>\n<meta property=\"og:locale\" content=\"pt_BR\" \/>\n<meta property=\"og:type\" content=\"article\" \/>\n<meta property=\"og:title\" content=\"Dia Estadual do Peixe ser\u00e1 em Bom Retiro do Sul, durante a AquiBom - Folha Popular\" \/>\n<meta property=\"og:description\" content=\"O Estado confirmou nesta segunda-feira (7\/7) que o Dia Estadual do Peixe de 2025 ser\u00e1 em Bom Retiro do Sul, durante a realiza\u00e7\u00e3o da 1\u00aa Feira Estadual de Aquicultura (AquiBom). A tentativa de buscar esta consolida\u00e7\u00e3o vem desde o lan\u00e7amento da AquiBom, dia 18 de dezembro do ano passado. Para o organizador Mauro Luciano Hauschild, [&hellip;]\" \/>\n<meta property=\"og:url\" content=\"https:\/\/folhapopular.info\/index.php\/2025\/07\/08\/dia-estadual-do-peixe-sera-em-bom-retiro-do-sul-durante-a-aquibom\/\" \/>\n<meta property=\"og:site_name\" content=\"Folha Popular\" \/>\n<meta property=\"article:published_time\" content=\"2025-07-08T17:33:53+00:00\" \/>\n<meta property=\"article:modified_time\" content=\"2025-07-08T17:33:57+00:00\" \/>\n<meta property=\"og:image\" content=\"http:\/\/folhapopular.info\/wp-content\/uploads\/2025\/07\/WhatsApp-Image-2025-07-08-at-05.00.18.jpeg\" \/>\n\t<meta property=\"og:image:width\" content=\"1024\" \/>\n\t<meta property=\"og:image:height\" content=\"768\" \/>\n\t<meta property=\"og:image:type\" content=\"image\/jpeg\" \/>\n<meta name=\"author\" content=\"Lucas Leandro Brune\" \/>\n<meta name=\"twitter:card\" content=\"summary_large_image\" \/>\n<meta name=\"twitter:label1\" content=\"Escrito por\" \/>\n\t<meta name=\"twitter:data1\" content=\"Lucas Leandro Brune\" \/>\n\t<meta name=\"twitter:label2\" content=\"Est. tempo de leitura\" \/>\n\t<meta name=\"twitter:data2\" content=\"2 minutos\" \/>\n<script type=\"application\/ld+json\" class=\"yoast-schema-graph\">{\"@context\":\"https:\\\/\\\/schema.org\",\"@graph\":[{\"@type\":\"Article\",\"@id\":\"https:\\\/\\\/folhapopular.info\\\/index.php\\\/2025\\\/07\\\/08\\\/dia-estadual-do-peixe-sera-em-bom-retiro-do-sul-durante-a-aquibom\\\/#article\",\"isPartOf\":{\"@id\":\"https:\\\/\\\/folhapopular.info\\\/index.php\\\/2025\\\/07\\\/08\\\/dia-estadual-do-peixe-sera-em-bom-retiro-do-sul-durante-a-aquibom\\\/\"},\"author\":{\"name\":\"Lucas Leandro Brune\",\"@id\":\"https:\\\/\\\/folhapopular.info\\\/#\\\/schema\\\/person\\\/533a15f60cd49e81ab3a90b4ca33cb36\"},\"headline\":\"Dia Estadual do Peixe ser\u00e1 em Bom Retiro do Sul, durante a AquiBom\",\"datePublished\":\"2025-07-08T17:33:53+00:00\",\"dateModified\":\"2025-07-08T17:33:57+00:00\",\"mainEntityOfPage\":{\"@id\":\"https:\\\/\\\/folhapopular.info\\\/index.php\\\/2025\\\/07\\\/08\\\/dia-estadual-do-peixe-sera-em-bom-retiro-do-sul-durante-a-aquibom\\\/\"},\"wordCount\":360,\"commentCount\":0,\"image\":{\"@id\":\"https:\\\/\\\/folhapopular.info\\\/index.php\\\/2025\\\/07\\\/08\\\/dia-estadual-do-peixe-sera-em-bom-retiro-do-sul-durante-a-aquibom\\\/#primaryimage\"},\"thumbnailUrl\":\"https:\\\/\\\/folhapopular.info\\\/wp-content\\\/uploads\\\/2025\\\/07\\\/WhatsApp-Image-2025-07-08-at-05.00.18.jpeg\",\"keywords\":[\"Aquibom\",\"Bom Retiro do Sul\",\"Piscicultura\",\"Vale do Taquari\"],\"articleSection\":[\"Destaques\",\"Economia\",\"Rural\"],\"inLanguage\":\"pt-BR\",\"potentialAction\":[{\"@type\":\"CommentAction\",\"name\":\"Comment\",\"target\":[\"https:\\\/\\\/folhapopular.info\\\/index.php\\\/2025\\\/07\\\/08\\\/dia-estadual-do-peixe-sera-em-bom-retiro-do-sul-durante-a-aquibom\\\/#respond\"]}]},{\"@type\":\"WebPage\",\"@id\":\"https:\\\/\\\/folhapopular.info\\\/index.php\\\/2025\\\/07\\\/08\\\/dia-estadual-do-peixe-sera-em-bom-retiro-do-sul-durante-a-aquibom\\\/\",\"url\":\"https:\\\/\\\/folhapopular.info\\\/index.php\\\/2025\\\/07\\\/08\\\/dia-estadual-do-peixe-sera-em-bom-retiro-do-sul-durante-a-aquibom\\\/\",\"name\":\"Dia Estadual do Peixe ser\u00e1 em Bom Retiro do Sul, durante a AquiBom - Folha Popular\",\"isPartOf\":{\"@id\":\"https:\\\/\\\/folhapopular.info\\\/#website\"},\"primaryImageOfPage\":{\"@id\":\"https:\\\/\\\/folhapopular.info\\\/index.php\\\/2025\\\/07\\\/08\\\/dia-estadual-do-peixe-sera-em-bom-retiro-do-sul-durante-a-aquibom\\\/#primaryimage\"},\"image\":{\"@id\":\"https:\\\/\\\/folhapopular.info\\\/index.php\\\/2025\\\/07\\\/08\\\/dia-estadual-do-peixe-sera-em-bom-retiro-do-sul-durante-a-aquibom\\\/#primaryimage\"},\"thumbnailUrl\":\"https:\\\/\\\/folhapopular.info\\\/wp-content\\\/uploads\\\/2025\\\/07\\\/WhatsApp-Image-2025-07-08-at-05.00.18.jpeg\",\"datePublished\":\"2025-07-08T17:33:53+00:00\",\"dateModified\":\"2025-07-08T17:33:57+00:00\",\"author\":{\"@id\":\"https:\\\/\\\/folhapopular.info\\\/#\\\/schema\\\/person\\\/533a15f60cd49e81ab3a90b4ca33cb36\"},\"breadcrumb\":{\"@id\":\"https:\\\/\\\/folhapopular.info\\\/index.php\\\/2025\\\/07\\\/08\\\/dia-estadual-do-peixe-sera-em-bom-retiro-do-sul-durante-a-aquibom\\\/#breadcrumb\"},\"inLanguage\":\"pt-BR\",\"potentialAction\":[{\"@type\":\"ReadAction\",\"target\":[\"https:\\\/\\\/folhapopular.info\\\/index.php\\\/2025\\\/07\\\/08\\\/dia-estadual-do-peixe-sera-em-bom-retiro-do-sul-durante-a-aquibom\\\/\"]}]},{\"@type\":\"ImageObject\",\"inLanguage\":\"pt-BR\",\"@id\":\"https:\\\/\\\/folhapopular.info\\\/index.php\\\/2025\\\/07\\\/08\\\/dia-estadual-do-peixe-sera-em-bom-retiro-do-sul-durante-a-aquibom\\\/#primaryimage\",\"url\":\"https:\\\/\\\/folhapopular.info\\\/wp-content\\\/uploads\\\/2025\\\/07\\\/WhatsApp-Image-2025-07-08-at-05.00.18.jpeg\",\"contentUrl\":\"https:\\\/\\\/folhapopular.info\\\/wp-content\\\/uploads\\\/2025\\\/07\\\/WhatsApp-Image-2025-07-08-at-05.00.18.jpeg\",\"width\":1024,\"height\":768,\"caption\":\"Recanto Para\u00edso, em Bom Retiro do Sul, sediar\u00e1 a AquiBom e o Dia Estadual do Peixe \\\/\\\/ Cr\u00e9dito: Alefer Dias \\\/ Divulga\u00e7\u00e3o\"},{\"@type\":\"BreadcrumbList\",\"@id\":\"https:\\\/\\\/folhapopular.info\\\/index.php\\\/2025\\\/07\\\/08\\\/dia-estadual-do-peixe-sera-em-bom-retiro-do-sul-durante-a-aquibom\\\/#breadcrumb\",\"itemListElement\":[{\"@type\":\"ListItem\",\"position\":1,\"name\":\"In\u00edcio\",\"item\":\"https:\\\/\\\/folhapopular.info\\\/\"},{\"@type\":\"ListItem\",\"position\":2,\"name\":\"Dia Estadual do Peixe ser\u00e1 em Bom Retiro do Sul, durante a AquiBom\"}]},{\"@type\":\"WebSite\",\"@id\":\"https:\\\/\\\/folhapopular.info\\\/#website\",\"url\":\"https:\\\/\\\/folhapopular.info\\\/\",\"name\":\"Folha Popular\",\"description\":\"Onde voc\u00ea tem vez e voz\",\"potentialAction\":[{\"@type\":\"SearchAction\",\"target\":{\"@type\":\"EntryPoint\",\"urlTemplate\":\"https:\\\/\\\/folhapopular.info\\\/?s={search_term_string}\"},\"query-input\":{\"@type\":\"PropertyValueSpecification\",\"valueRequired\":true,\"valueName\":\"search_term_string\"}}],\"inLanguage\":\"pt-BR\"},{\"@type\":\"Person\",\"@id\":\"https:\\\/\\\/folhapopular.info\\\/#\\\/schema\\\/person\\\/533a15f60cd49e81ab3a90b4ca33cb36\",\"name\":\"Lucas Leandro Brune\",\"image\":{\"@type\":\"ImageObject\",\"inLanguage\":\"pt-BR\",\"@id\":\"https:\\\/\\\/folhapopular.info\\\/wp-content\\\/uploads\\\/2026\\\/04\\\/LUCAS-1-1.webp\",\"url\":\"https:\\\/\\\/folhapopular.info\\\/wp-content\\\/uploads\\\/2026\\\/04\\\/LUCAS-1-1.webp\",\"contentUrl\":\"https:\\\/\\\/folhapopular.info\\\/wp-content\\\/uploads\\\/2026\\\/04\\\/LUCAS-1-1.webp\",\"caption\":\"Lucas Leandro Brune\"},\"description\":\"Jornalista Profissional Diplomado MTB\\\/RS 14.333\",\"url\":\"https:\\\/\\\/folhapopular.info\\\/index.php\\\/author\\\/lucas-brune\\\/\"}]}<\/script>\n<!-- \/ Yoast SEO plugin. -->","yoast_head_json":{"title":"Dia Estadual do Peixe ser\u00e1 em Bom Retiro do Sul, durante a AquiBom - Folha Popular","robots":{"index":"index","follow":"follow","max-snippet":"max-snippet:-1","max-image-preview":"max-image-preview:large","max-video-preview":"max-video-preview:-1"},"canonical":"https:\/\/folhapopular.info\/index.php\/2025\/07\/08\/dia-estadual-do-peixe-sera-em-bom-retiro-do-sul-durante-a-aquibom\/","og_locale":"pt_BR","og_type":"article","og_title":"Dia Estadual do Peixe ser\u00e1 em Bom Retiro do Sul, durante a AquiBom - Folha Popular","og_description":"O Estado confirmou nesta segunda-feira (7\/7) que o Dia Estadual do Peixe de 2025 ser\u00e1 em Bom Retiro do Sul, durante a realiza\u00e7\u00e3o da 1\u00aa Feira Estadual de Aquicultura (AquiBom). A tentativa de buscar esta consolida\u00e7\u00e3o vem desde o lan\u00e7amento da AquiBom, dia 18 de dezembro do ano passado. Para o organizador Mauro Luciano Hauschild, [&hellip;]","og_url":"https:\/\/folhapopular.info\/index.php\/2025\/07\/08\/dia-estadual-do-peixe-sera-em-bom-retiro-do-sul-durante-a-aquibom\/","og_site_name":"Folha Popular","article_published_time":"2025-07-08T17:33:53+00:00","article_modified_time":"2025-07-08T17:33:57+00:00","og_image":[{"width":1024,"height":768,"url":"http:\/\/folhapopular.info\/wp-content\/uploads\/2025\/07\/WhatsApp-Image-2025-07-08-at-05.00.18.jpeg","type":"image\/jpeg"}],"author":"Lucas Leandro Brune","twitter_card":"summary_large_image","twitter_misc":{"Escrito por":"Lucas Leandro Brune","Est. tempo de leitura":"2 minutos"},"schema":{"@context":"https:\/\/schema.org","@graph":[{"@type":"Article","@id":"https:\/\/folhapopular.info\/index.php\/2025\/07\/08\/dia-estadual-do-peixe-sera-em-bom-retiro-do-sul-durante-a-aquibom\/#article","isPartOf":{"@id":"https:\/\/folhapopular.info\/index.php\/2025\/07\/08\/dia-estadual-do-peixe-sera-em-bom-retiro-do-sul-durante-a-aquibom\/"},"author":{"name":"Lucas Leandro Brune","@id":"https:\/\/folhapopular.info\/#\/schema\/person\/533a15f60cd49e81ab3a90b4ca33cb36"},"headline":"Dia Estadual do Peixe ser\u00e1 em Bom Retiro do Sul, durante a AquiBom","datePublished":"2025-07-08T17:33:53+00:00","dateModified":"2025-07-08T17:33:57+00:00","mainEntityOfPage":{"@id":"https:\/\/folhapopular.info\/index.php\/2025\/07\/08\/dia-estadual-do-peixe-sera-em-bom-retiro-do-sul-durante-a-aquibom\/"},"wordCount":360,"commentCount":0,"image":{"@id":"https:\/\/folhapopular.info\/index.php\/2025\/07\/08\/dia-estadual-do-peixe-sera-em-bom-retiro-do-sul-durante-a-aquibom\/#primaryimage"},"thumbnailUrl":"https:\/\/folhapopular.info\/wp-content\/uploads\/2025\/07\/WhatsApp-Image-2025-07-08-at-05.00.18.jpeg","keywords":["Aquibom","Bom Retiro do Sul","Piscicultura","Vale do Taquari"],"articleSection":["Destaques","Economia","Rural"],"inLanguage":"pt-BR","potentialAction":[{"@type":"CommentAction","name":"Comment","target":["https:\/\/folhapopular.info\/index.php\/2025\/07\/08\/dia-estadual-do-peixe-sera-em-bom-retiro-do-sul-durante-a-aquibom\/#respond"]}]},{"@type":"WebPage","@id":"https:\/\/folhapopular.info\/index.php\/2025\/07\/08\/dia-estadual-do-peixe-sera-em-bom-retiro-do-sul-durante-a-aquibom\/","url":"https:\/\/folhapopular.info\/index.php\/2025\/07\/08\/dia-estadual-do-peixe-sera-em-bom-retiro-do-sul-durante-a-aquibom\/","name":"Dia Estadual do Peixe ser\u00e1 em Bom Retiro do Sul, durante a AquiBom - Folha Popular","isPartOf":{"@id":"https:\/\/folhapopular.info\/#website"},"primaryImageOfPage":{"@id":"https:\/\/folhapopular.info\/index.php\/2025\/07\/08\/dia-estadual-do-peixe-sera-em-bom-retiro-do-sul-durante-a-aquibom\/#primaryimage"},"image":{"@id":"https:\/\/folhapopular.info\/index.php\/2025\/07\/08\/dia-estadual-do-peixe-sera-em-bom-retiro-do-sul-durante-a-aquibom\/#primaryimage"},"thumbnailUrl":"https:\/\/folhapopular.info\/wp-content\/uploads\/2025\/07\/WhatsApp-Image-2025-07-08-at-05.00.18.jpeg","datePublished":"2025-07-08T17:33:53+00:00","dateModified":"2025-07-08T17:33:57+00:00","author":{"@id":"https:\/\/folhapopular.info\/#\/schema\/person\/533a15f60cd49e81ab3a90b4ca33cb36"},"breadcrumb":{"@id":"https:\/\/folhapopular.info\/index.php\/2025\/07\/08\/dia-estadual-do-peixe-sera-em-bom-retiro-do-sul-durante-a-aquibom\/#breadcrumb"},"inLanguage":"pt-BR","potentialAction":[{"@type":"ReadAction","target":["https:\/\/folhapopular.info\/index.php\/2025\/07\/08\/dia-estadual-do-peixe-sera-em-bom-retiro-do-sul-durante-a-aquibom\/"]}]},{"@type":"ImageObject","inLanguage":"pt-BR","@id":"https:\/\/folhapopular.info\/index.php\/2025\/07\/08\/dia-estadual-do-peixe-sera-em-bom-retiro-do-sul-durante-a-aquibom\/#primaryimage","url":"https:\/\/folhapopular.info\/wp-content\/uploads\/2025\/07\/WhatsApp-Image-2025-07-08-at-05.00.18.jpeg","contentUrl":"https:\/\/folhapopular.info\/wp-content\/uploads\/2025\/07\/WhatsApp-Image-2025-07-08-at-05.00.18.jpeg","width":1024,"height":768,"caption":"Recanto Para\u00edso, em Bom Retiro do Sul, sediar\u00e1 a AquiBom e o Dia Estadual do Peixe \/\/ Cr\u00e9dito: Alefer Dias \/ Divulga\u00e7\u00e3o"},{"@type":"BreadcrumbList","@id":"https:\/\/folhapopular.info\/index.php\/2025\/07\/08\/dia-estadual-do-peixe-sera-em-bom-retiro-do-sul-durante-a-aquibom\/#breadcrumb","itemListElement":[{"@type":"ListItem","position":1,"name":"In\u00edcio","item":"https:\/\/folhapopular.info\/"},{"@type":"ListItem","position":2,"name":"Dia Estadual do Peixe ser\u00e1 em Bom Retiro do Sul, durante a AquiBom"}]},{"@type":"WebSite","@id":"https:\/\/folhapopular.info\/#website","url":"https:\/\/folhapopular.info\/","name":"Folha Popular","description":"Onde voc\u00ea tem vez e voz","potentialAction":[{"@type":"SearchAction","target":{"@type":"EntryPoint","urlTemplate":"https:\/\/folhapopular.info\/?s={search_term_string}"},"query-input":{"@type":"PropertyValueSpecification","valueRequired":true,"valueName":"search_term_string"}}],"inLanguage":"pt-BR"},{"@type":"Person","@id":"https:\/\/folhapopular.info\/#\/schema\/person\/533a15f60cd49e81ab3a90b4ca33cb36","name":"Lucas Leandro Brune","image":{"@type":"ImageObject","inLanguage":"pt-BR","@id":"https:\/\/folhapopular.info\/wp-content\/uploads\/2026\/04\/LUCAS-1-1.webp","url":"https:\/\/folhapopular.info\/wp-content\/uploads\/2026\/04\/LUCAS-1-1.webp","contentUrl":"https:\/\/folhapopular.info\/wp-content\/uploads\/2026\/04\/LUCAS-1-1.webp","caption":"Lucas Leandro Brune"},"description":"Jornalista Profissional Diplomado MTB\/RS 14.333","url":"https:\/\/folhapopular.info\/index.php\/author\/lucas-brune\/"}]}},"jetpack_featured_media_url":"https:\/\/folhapopular.info\/wp-content\/uploads\/2025\/07\/WhatsApp-Image-2025-07-08-at-05.00.18.jpeg","jetpack_sharing_enabled":true,"amp_enabled":true,"_links":{"self":[{"href":"https:\/\/folhapopular.info\/index.php\/wp-json\/wp\/v2\/posts\/189788","targetHints":{"allow":["GET"]}}],"collection":[{"href":"https:\/\/folhapopular.info\/index.php\/wp-json\/wp\/v2\/posts"}],"about":[{"href":"https:\/\/folhapopular.info\/index.php\/wp-json\/wp\/v2\/types\/post"}],"author":[{"embeddable":true,"href":"https:\/\/folhapopular.info\/index.php\/wp-json\/wp\/v2\/users\/7"}],"replies":[{"embeddable":true,"href":"https:\/\/folhapopular.info\/index.php\/wp-json\/wp\/v2\/comments?post=189788"}],"version-history":[{"count":0,"href":"https:\/\/folhapopular.info\/index.php\/wp-json\/wp\/v2\/posts\/189788\/revisions"}],"wp:featuredmedia":[{"embeddable":true,"href":"https:\/\/folhapopular.info\/index.php\/wp-json\/wp\/v2\/media\/189850"}],"wp:attachment":[{"href":"https:\/\/folhapopular.info\/index.php\/wp-json\/wp\/v2\/media?parent=189788"}],"wp:term":[{"taxonomy":"category","embeddable":true,"href":"https:\/\/folhapopular.info\/index.php\/wp-json\/wp\/v2\/categories?post=189788"},{"taxonomy":"post_tag","embeddable":true,"href":"https:\/\/folhapopular.info\/index.php\/wp-json\/wp\/v2\/tags?post=189788"}],"curies":[{"name":"wp","href":"https:\/\/api.w.org\/{rel}","templated":true}]}}