{"id":189879,"date":"2025-07-09T12:12:44","date_gmt":"2025-07-09T15:12:44","guid":{"rendered":"https:\/\/folhapopular.info\/?p=189879"},"modified":"2025-07-09T12:12:47","modified_gmt":"2025-07-09T15:12:47","slug":"cooperativa-santa-clara-chega-a-teutonia-com-agrocenter-e-compromisso-de-longo-prazo","status":"publish","type":"post","link":"https:\/\/folhapopular.info\/index.php\/2025\/07\/09\/cooperativa-santa-clara-chega-a-teutonia-com-agrocenter-e-compromisso-de-longo-prazo\/","title":{"rendered":"Cooperativa Santa Clara chega a Teut\u00f4nia com agrocenter e compromisso de longo prazo"},"content":{"rendered":"\n<p>A Cooperativa Santa Clara inaugura em Teut\u00f4nia seu mais novo empreendimento, o Agro Santa Clara. A loja abre as portas ao p\u00fablico nesta quarta-feira (9\/7), \u00e0s 10h. A 15<sup>a<\/sup> unidade est\u00e1 localizada na Rua 25 de Julho, n\u00ba 156, no Bairro Languiru.<\/p>\n\n\n\n<p>A chegada da Santa Clara a Teut\u00f4nia \u00e9 resultado de um planejamento estrat\u00e9gico e estudo de viabilidade desenvolvidos h\u00e1 pelo menos 3 anos. Conhecida por sua gest\u00e3o conservadora e focada na sustentabilidade financeira, a Santa Clara \u201cplanta a bandeira para ficar e perpetuar, n\u00e3o s\u00f3 por ir\u201d, conforme o presidente Gelci Belmiro Thums.<\/p>\n\n\n\n<p>A decis\u00e3o de vir para Teut\u00f4nia foi impulsionada pela presen\u00e7a de cerca de 70 associados produtores de leite na regi\u00e3o, tendo a maioria migrado da Cooperativa Languiru. Atualmente, a Santa Clara capta aproximadamente 1 milh\u00e3o de litros de leite por m\u00eas na microrregi\u00e3o, ou cerca de 35 mil litros por dia. \u201cPor isso viemos com o Agro, para atender a demanda dos produtores\u201d, afirma o presidente.<\/p>\n\n\n\n<p>Essa necessidade casou com a oportunidade de expans\u00e3o da cooperativa. A vinda para Teut\u00f4nia n\u00e3o foi uma decis\u00e3o isolada, mas, constru\u00edda em parceria com a comunidade. \u201cN\u00e3o basta s\u00f3 a cooperativa querer, a comunidade tamb\u00e9m tem que querer\u201d, salientou. Ele ainda ressalta outros projetos em estudo para dar conta da produ\u00e7\u00e3o atual.<\/p>\n\n\n\n<p>Alexandre Guerra, diretor Administrativo e Financeiro da cooperativa, cita a import\u00e2ncia da instala\u00e7\u00e3o em Teut\u00f4nia. &#8220;Nada melhor do que uma cooperativa centen\u00e1ria se instalar em uma terra cooperativista, junto a tantas fam\u00edlias envolvidas. Para irmos a algum lugar, precisamos dos s\u00f3cios primeiro, pois nosso maior patrim\u00f4nio s\u00e3o os cooperados. Nosso objetivo \u00e9 proporcionar inova\u00e7\u00e3o respeitando sempre os direitos do cooperado&#8221;, ressaltou.<\/p>\n\n\n\n<h2 class=\"wp-block-heading\">Governan\u00e7a e cultura cooperativista<\/h2>\n\n\n\n<p>A Santa Clara \u00e9 a mais antiga cooperativa de latic\u00ednios em atividade no Brasil. Em 114 anos de hist\u00f3ria, passou de 17 fam\u00edlias fundadoras para mais de 4.800 associadas. Fundado como <em>La<\/em><em>t<\/em><em>t<\/em><em>e<\/em><em>ria<\/em> Santa Chiara em 1911, o microempreendimento se tornou cooperativa em 1912. Desde ent\u00e3o, a fus\u00e3o com outras cooperativas, al\u00e9m da sociedade com a CCGL e diversas parcerias, como com a D\u00e1lia, permitem que a Santa Clara se fortale\u00e7a ainda mais no mercado ga\u00facho. \u201cN\u00e3o deixamos de captar leite e industrializar um dia sequer. O leite \u00e9 a raz\u00e3o da cooperativa; depois nos consolidamos em outros segmentos, pela demanda do produtor por insumos e produtos\u201d, conta Gelci.<\/p>\n\n\n\n<p>As decis\u00f5es da Santa Clara s\u00e3o colaborativas e aprovadas pelo conselho de 11 membros, diretores e gestores de setor. \u201cQuando a cooperativa \u00e9 bem gerida, tem meta de planejamento e de resultado, \u00e9 mais dif\u00edcil ter problemas. Os investimentos t\u00eam que ser muito bem planejados, precisa ser estudado, n\u00e3o basta fazer por fazer\u201d, sinaliza o presidente.<\/p>\n\n\n\n<p>A institui\u00e7\u00e3o n\u00e3o s\u00f3 cresce, mas tamb\u00e9m contribui para o desenvolvimento das comunidades na qual est\u00e1 inserida, atrav\u00e9s da participa\u00e7\u00e3o ativa na vida dos associados e da comunidade.<\/p>\n\n\n\n<p>E a cooperativa mant\u00e9m um forte compromisso com a qualidade em todos os seus produtos e servi\u00e7os. Segundo Clovis Dalcin, gerente geral de Agropecu\u00e1rios, a Santa Clara &#8220;colocar a bandeira para ficar \u00e9 uma verdade. Desde que eu estou na cooperativa, onde nos instalamos, s\u00f3 criamos mais ra\u00edzes&#8221;, sinaliza.<\/p>\n\n\n\n<h2 class=\"wp-block-heading\">Agro Santa Clara<\/h2>\n\n\n\n<p>O novo Agro Santa Clara \u00e9 projetado para atender tanto as necessidades do produtor rural quanto as demandas da cidade. S\u00e3o 460 metros quadrados de loja e mais 1.100 metros quadrados de dep\u00f3sito, inseridos em um terreno de 3.400 metros quadrados com estacionamento.<\/p>\n\n\n\n<p>A unidade oferecer\u00e1 inicialmente cerca de 3 mil itens diversificados, com foco na linha agr\u00edcola e pecu\u00e1ria, especialmente leiteira. H\u00e1 fertilizantes, defensivos, sementes, minerais, ra\u00e7\u00f5es e medicamentos veterin\u00e1rios. Al\u00e9m disso, a loja expande sua oferta para a cidade, com eletrodom\u00e9sticos e eletroeletr\u00f4nicos, materiais de constru\u00e7\u00e3o, acabamentos, el\u00e9trica, hidr\u00e1ulica, tintas, bazar e jardinagem.<\/p>\n\n\n\n<p>A supervisora da loja em Teut\u00f4nia, Marilise Peruzzo, destaca que haver\u00e1 mais de 50 produtos com pre\u00e7os especiais neste m\u00eas de inaugura\u00e7\u00e3o, com equipe pronta para oferecer atendimento especializado.<\/p>\n\n\n\n<p>O Agro Santa Clara funcionar\u00e1 de segunda a sexta-feira, das 8h \u00e0s 12h e das 13h30 \u00e0s 18h, e aos s\u00e1bados, das 8h \u00e0s 12h.<\/p>\n\n\n\n<p>A cooperativa tem como objetivo atender um raio de 16 cidades no entorno de Teut\u00f4nia. Inicialmente, no entanto, abranger\u00e1 cerca de seis a sete cidades que fazem liga\u00e7\u00e3o com o munic\u00edpio.<\/p>\n\n\n\n<h3 class=\"wp-block-heading\">Sorteio<\/h3>\n\n\n\n<p>Durante todo o m\u00eas de julho, aqueles que comprarem na Agro Santa Clara concorrem a pr\u00eamios. Entre os itens est\u00e3o materiais para agricultura, pecu\u00e1ria e tamb\u00e9m a linha branca.<\/p>\n\n\n\n<figure class=\"wp-block-gallery has-nested-images columns-default is-cropped wp-block-gallery-1 is-layout-flex wp-block-gallery-is-layout-flex\">\n<figure class=\"wp-block-image size-large\"><img loading=\"lazy\" decoding=\"async\" width=\"1024\" height=\"768\" data-id=\"189882\" src=\"https:\/\/folhapopular.info\/wp-content\/uploads\/2025\/07\/IMG_6334-1024x768.jpg\" alt=\"\" class=\"wp-image-189882\" srcset=\"https:\/\/folhapopular.info\/wp-content\/uploads\/2025\/07\/IMG_6334-1024x768.jpg 1024w, https:\/\/folhapopular.info\/wp-content\/uploads\/2025\/07\/IMG_6334-300x225.jpg 300w, https:\/\/folhapopular.info\/wp-content\/uploads\/2025\/07\/IMG_6334-768x576.jpg 768w, https:\/\/folhapopular.info\/wp-content\/uploads\/2025\/07\/IMG_6334-1536x1152.jpg 1536w, https:\/\/folhapopular.info\/wp-content\/uploads\/2025\/07\/IMG_6334-2048x1536.jpg 2048w, https:\/\/folhapopular.info\/wp-content\/uploads\/2025\/07\/IMG_6334-560x420.jpg 560w, https:\/\/folhapopular.info\/wp-content\/uploads\/2025\/07\/IMG_6334-80x60.jpg 80w, https:\/\/folhapopular.info\/wp-content\/uploads\/2025\/07\/IMG_6334-696x522.jpg 696w, https:\/\/folhapopular.info\/wp-content\/uploads\/2025\/07\/IMG_6334-1068x801.jpg 1068w, https:\/\/folhapopular.info\/wp-content\/uploads\/2025\/07\/IMG_6334-1920x1440.jpg 1920w\" sizes=\"auto, (max-width: 1024px) 100vw, 1024px\" \/><\/figure>\n\n\n\n<figure class=\"wp-block-image size-large\"><img loading=\"lazy\" decoding=\"async\" width=\"1024\" height=\"768\" data-id=\"189885\" src=\"https:\/\/folhapopular.info\/wp-content\/uploads\/2025\/07\/IMG_6342-1024x768.jpg\" alt=\"\" class=\"wp-image-189885\" srcset=\"https:\/\/folhapopular.info\/wp-content\/uploads\/2025\/07\/IMG_6342-1024x768.jpg 1024w, https:\/\/folhapopular.info\/wp-content\/uploads\/2025\/07\/IMG_6342-300x225.jpg 300w, https:\/\/folhapopular.info\/wp-content\/uploads\/2025\/07\/IMG_6342-768x576.jpg 768w, https:\/\/folhapopular.info\/wp-content\/uploads\/2025\/07\/IMG_6342-1536x1152.jpg 1536w, https:\/\/folhapopular.info\/wp-content\/uploads\/2025\/07\/IMG_6342-2048x1536.jpg 2048w, https:\/\/folhapopular.info\/wp-content\/uploads\/2025\/07\/IMG_6342-560x420.jpg 560w, https:\/\/folhapopular.info\/wp-content\/uploads\/2025\/07\/IMG_6342-80x60.jpg 80w, https:\/\/folhapopular.info\/wp-content\/uploads\/2025\/07\/IMG_6342-696x522.jpg 696w, https:\/\/folhapopular.info\/wp-content\/uploads\/2025\/07\/IMG_6342-1068x801.jpg 1068w, https:\/\/folhapopular.info\/wp-content\/uploads\/2025\/07\/IMG_6342-1920x1440.jpg 1920w\" sizes=\"auto, (max-width: 1024px) 100vw, 1024px\" \/><\/figure>\n\n\n\n<figure class=\"wp-block-image size-large\"><img loading=\"lazy\" decoding=\"async\" width=\"1024\" height=\"768\" data-id=\"189883\" src=\"https:\/\/folhapopular.info\/wp-content\/uploads\/2025\/07\/IMG_6352-1024x768.jpg\" alt=\"\" class=\"wp-image-189883\" srcset=\"https:\/\/folhapopular.info\/wp-content\/uploads\/2025\/07\/IMG_6352-1024x768.jpg 1024w, https:\/\/folhapopular.info\/wp-content\/uploads\/2025\/07\/IMG_6352-300x225.jpg 300w, https:\/\/folhapopular.info\/wp-content\/uploads\/2025\/07\/IMG_6352-768x576.jpg 768w, https:\/\/folhapopular.info\/wp-content\/uploads\/2025\/07\/IMG_6352-1536x1152.jpg 1536w, https:\/\/folhapopular.info\/wp-content\/uploads\/2025\/07\/IMG_6352-2048x1536.jpg 2048w, https:\/\/folhapopular.info\/wp-content\/uploads\/2025\/07\/IMG_6352-560x420.jpg 560w, https:\/\/folhapopular.info\/wp-content\/uploads\/2025\/07\/IMG_6352-80x60.jpg 80w, https:\/\/folhapopular.info\/wp-content\/uploads\/2025\/07\/IMG_6352-696x522.jpg 696w, https:\/\/folhapopular.info\/wp-content\/uploads\/2025\/07\/IMG_6352-1068x801.jpg 1068w, https:\/\/folhapopular.info\/wp-content\/uploads\/2025\/07\/IMG_6352-1920x1440.jpg 1920w\" sizes=\"auto, (max-width: 1024px) 100vw, 1024px\" \/><\/figure>\n\n\n\n<figure class=\"wp-block-image size-large\"><img loading=\"lazy\" decoding=\"async\" width=\"1024\" height=\"768\" data-id=\"189881\" src=\"https:\/\/folhapopular.info\/wp-content\/uploads\/2025\/07\/IMG_6361-1024x768.jpg\" alt=\"\" class=\"wp-image-189881\" srcset=\"https:\/\/folhapopular.info\/wp-content\/uploads\/2025\/07\/IMG_6361-1024x768.jpg 1024w, https:\/\/folhapopular.info\/wp-content\/uploads\/2025\/07\/IMG_6361-300x225.jpg 300w, https:\/\/folhapopular.info\/wp-content\/uploads\/2025\/07\/IMG_6361-768x576.jpg 768w, https:\/\/folhapopular.info\/wp-content\/uploads\/2025\/07\/IMG_6361-1536x1152.jpg 1536w, https:\/\/folhapopular.info\/wp-content\/uploads\/2025\/07\/IMG_6361-2048x1536.jpg 2048w, https:\/\/folhapopular.info\/wp-content\/uploads\/2025\/07\/IMG_6361-560x420.jpg 560w, https:\/\/folhapopular.info\/wp-content\/uploads\/2025\/07\/IMG_6361-80x60.jpg 80w, https:\/\/folhapopular.info\/wp-content\/uploads\/2025\/07\/IMG_6361-696x522.jpg 696w, https:\/\/folhapopular.info\/wp-content\/uploads\/2025\/07\/IMG_6361-1068x801.jpg 1068w, https:\/\/folhapopular.info\/wp-content\/uploads\/2025\/07\/IMG_6361-1920x1440.jpg 1920w\" sizes=\"auto, (max-width: 1024px) 100vw, 1024px\" \/><\/figure>\n\n\n\n<figure class=\"wp-block-image size-large\"><img loading=\"lazy\" decoding=\"async\" width=\"1024\" height=\"768\" data-id=\"189887\" src=\"https:\/\/folhapopular.info\/wp-content\/uploads\/2025\/07\/IMG_6369-1024x768.jpg\" alt=\"\" class=\"wp-image-189887\" srcset=\"https:\/\/folhapopular.info\/wp-content\/uploads\/2025\/07\/IMG_6369-1024x768.jpg 1024w, https:\/\/folhapopular.info\/wp-content\/uploads\/2025\/07\/IMG_6369-300x225.jpg 300w, https:\/\/folhapopular.info\/wp-content\/uploads\/2025\/07\/IMG_6369-768x576.jpg 768w, https:\/\/folhapopular.info\/wp-content\/uploads\/2025\/07\/IMG_6369-1536x1152.jpg 1536w, https:\/\/folhapopular.info\/wp-content\/uploads\/2025\/07\/IMG_6369-2048x1536.jpg 2048w, https:\/\/folhapopular.info\/wp-content\/uploads\/2025\/07\/IMG_6369-560x420.jpg 560w, https:\/\/folhapopular.info\/wp-content\/uploads\/2025\/07\/IMG_6369-80x60.jpg 80w, https:\/\/folhapopular.info\/wp-content\/uploads\/2025\/07\/IMG_6369-696x522.jpg 696w, https:\/\/folhapopular.info\/wp-content\/uploads\/2025\/07\/IMG_6369-1068x801.jpg 1068w, https:\/\/folhapopular.info\/wp-content\/uploads\/2025\/07\/IMG_6369-1920x1440.jpg 1920w\" sizes=\"auto, (max-width: 1024px) 100vw, 1024px\" \/><\/figure>\n\n\n\n<figure class=\"wp-block-image size-large\"><img loading=\"lazy\" decoding=\"async\" width=\"1024\" height=\"768\" data-id=\"189884\" src=\"https:\/\/folhapopular.info\/wp-content\/uploads\/2025\/07\/IMG_6384-1024x768.jpg\" alt=\"\" class=\"wp-image-189884\" srcset=\"https:\/\/folhapopular.info\/wp-content\/uploads\/2025\/07\/IMG_6384-1024x768.jpg 1024w, https:\/\/folhapopular.info\/wp-content\/uploads\/2025\/07\/IMG_6384-300x225.jpg 300w, https:\/\/folhapopular.info\/wp-content\/uploads\/2025\/07\/IMG_6384-768x576.jpg 768w, https:\/\/folhapopular.info\/wp-content\/uploads\/2025\/07\/IMG_6384-1536x1152.jpg 1536w, https:\/\/folhapopular.info\/wp-content\/uploads\/2025\/07\/IMG_6384-2048x1536.jpg 2048w, https:\/\/folhapopular.info\/wp-content\/uploads\/2025\/07\/IMG_6384-560x420.jpg 560w, https:\/\/folhapopular.info\/wp-content\/uploads\/2025\/07\/IMG_6384-80x60.jpg 80w, https:\/\/folhapopular.info\/wp-content\/uploads\/2025\/07\/IMG_6384-696x522.jpg 696w, https:\/\/folhapopular.info\/wp-content\/uploads\/2025\/07\/IMG_6384-1068x801.jpg 1068w, https:\/\/folhapopular.info\/wp-content\/uploads\/2025\/07\/IMG_6384-1920x1440.jpg 1920w\" sizes=\"auto, (max-width: 1024px) 100vw, 1024px\" \/><\/figure>\n\n\n\n<figure class=\"wp-block-image size-large\"><img loading=\"lazy\" decoding=\"async\" width=\"1024\" height=\"768\" data-id=\"189892\" src=\"https:\/\/folhapopular.info\/wp-content\/uploads\/2025\/07\/IMG_6275-1024x768.jpg\" alt=\"\" class=\"wp-image-189892\" srcset=\"https:\/\/folhapopular.info\/wp-content\/uploads\/2025\/07\/IMG_6275-1024x768.jpg 1024w, https:\/\/folhapopular.info\/wp-content\/uploads\/2025\/07\/IMG_6275-300x225.jpg 300w, https:\/\/folhapopular.info\/wp-content\/uploads\/2025\/07\/IMG_6275-768x576.jpg 768w, https:\/\/folhapopular.info\/wp-content\/uploads\/2025\/07\/IMG_6275-1536x1152.jpg 1536w, https:\/\/folhapopular.info\/wp-content\/uploads\/2025\/07\/IMG_6275-2048x1536.jpg 2048w, https:\/\/folhapopular.info\/wp-content\/uploads\/2025\/07\/IMG_6275-560x420.jpg 560w, https:\/\/folhapopular.info\/wp-content\/uploads\/2025\/07\/IMG_6275-80x60.jpg 80w, https:\/\/folhapopular.info\/wp-content\/uploads\/2025\/07\/IMG_6275-696x522.jpg 696w, https:\/\/folhapopular.info\/wp-content\/uploads\/2025\/07\/IMG_6275-1068x801.jpg 1068w, https:\/\/folhapopular.info\/wp-content\/uploads\/2025\/07\/IMG_6275-1920x1440.jpg 1920w\" sizes=\"auto, (max-width: 1024px) 100vw, 1024px\" \/><\/figure>\n\n\n\n<figure class=\"wp-block-image size-large\"><img loading=\"lazy\" decoding=\"async\" width=\"1024\" height=\"768\" data-id=\"189890\" src=\"https:\/\/folhapopular.info\/wp-content\/uploads\/2025\/07\/IMG_6286-1024x768.jpg\" alt=\"\" class=\"wp-image-189890\" srcset=\"https:\/\/folhapopular.info\/wp-content\/uploads\/2025\/07\/IMG_6286-1024x768.jpg 1024w, https:\/\/folhapopular.info\/wp-content\/uploads\/2025\/07\/IMG_6286-300x225.jpg 300w, https:\/\/folhapopular.info\/wp-content\/uploads\/2025\/07\/IMG_6286-768x576.jpg 768w, https:\/\/folhapopular.info\/wp-content\/uploads\/2025\/07\/IMG_6286-1536x1152.jpg 1536w, https:\/\/folhapopular.info\/wp-content\/uploads\/2025\/07\/IMG_6286-2048x1536.jpg 2048w, https:\/\/folhapopular.info\/wp-content\/uploads\/2025\/07\/IMG_6286-560x420.jpg 560w, https:\/\/folhapopular.info\/wp-content\/uploads\/2025\/07\/IMG_6286-80x60.jpg 80w, https:\/\/folhapopular.info\/wp-content\/uploads\/2025\/07\/IMG_6286-696x522.jpg 696w, https:\/\/folhapopular.info\/wp-content\/uploads\/2025\/07\/IMG_6286-1068x801.jpg 1068w, https:\/\/folhapopular.info\/wp-content\/uploads\/2025\/07\/IMG_6286-1920x1440.jpg 1920w\" sizes=\"auto, (max-width: 1024px) 100vw, 1024px\" \/><\/figure>\n\n\n\n<figure class=\"wp-block-image size-large\"><img loading=\"lazy\" decoding=\"async\" width=\"1024\" height=\"768\" data-id=\"189891\" src=\"https:\/\/folhapopular.info\/wp-content\/uploads\/2025\/07\/IMG_6293-1024x768.jpg\" alt=\"\" class=\"wp-image-189891\" srcset=\"https:\/\/folhapopular.info\/wp-content\/uploads\/2025\/07\/IMG_6293-1024x768.jpg 1024w, https:\/\/folhapopular.info\/wp-content\/uploads\/2025\/07\/IMG_6293-300x225.jpg 300w, https:\/\/folhapopular.info\/wp-content\/uploads\/2025\/07\/IMG_6293-768x576.jpg 768w, https:\/\/folhapopular.info\/wp-content\/uploads\/2025\/07\/IMG_6293-1536x1152.jpg 1536w, https:\/\/folhapopular.info\/wp-content\/uploads\/2025\/07\/IMG_6293-2048x1536.jpg 2048w, https:\/\/folhapopular.info\/wp-content\/uploads\/2025\/07\/IMG_6293-560x420.jpg 560w, https:\/\/folhapopular.info\/wp-content\/uploads\/2025\/07\/IMG_6293-80x60.jpg 80w, https:\/\/folhapopular.info\/wp-content\/uploads\/2025\/07\/IMG_6293-696x522.jpg 696w, https:\/\/folhapopular.info\/wp-content\/uploads\/2025\/07\/IMG_6293-1068x801.jpg 1068w, https:\/\/folhapopular.info\/wp-content\/uploads\/2025\/07\/IMG_6293-1920x1440.jpg 1920w\" sizes=\"auto, (max-width: 1024px) 100vw, 1024px\" \/><\/figure>\n\n\n\n<figure class=\"wp-block-image size-large\"><img loading=\"lazy\" decoding=\"async\" width=\"1024\" height=\"768\" data-id=\"189888\" src=\"https:\/\/folhapopular.info\/wp-content\/uploads\/2025\/07\/IMG_6300-1024x768.jpg\" alt=\"\" class=\"wp-image-189888\" srcset=\"https:\/\/folhapopular.info\/wp-content\/uploads\/2025\/07\/IMG_6300-1024x768.jpg 1024w, https:\/\/folhapopular.info\/wp-content\/uploads\/2025\/07\/IMG_6300-300x225.jpg 300w, https:\/\/folhapopular.info\/wp-content\/uploads\/2025\/07\/IMG_6300-768x576.jpg 768w, https:\/\/folhapopular.info\/wp-content\/uploads\/2025\/07\/IMG_6300-1536x1152.jpg 1536w, https:\/\/folhapopular.info\/wp-content\/uploads\/2025\/07\/IMG_6300-2048x1536.jpg 2048w, https:\/\/folhapopular.info\/wp-content\/uploads\/2025\/07\/IMG_6300-560x420.jpg 560w, https:\/\/folhapopular.info\/wp-content\/uploads\/2025\/07\/IMG_6300-80x60.jpg 80w, https:\/\/folhapopular.info\/wp-content\/uploads\/2025\/07\/IMG_6300-696x522.jpg 696w, https:\/\/folhapopular.info\/wp-content\/uploads\/2025\/07\/IMG_6300-1068x801.jpg 1068w, https:\/\/folhapopular.info\/wp-content\/uploads\/2025\/07\/IMG_6300-1920x1440.jpg 1920w\" sizes=\"auto, (max-width: 1024px) 100vw, 1024px\" \/><\/figure>\n\n\n\n<figure class=\"wp-block-image size-large\"><img loading=\"lazy\" decoding=\"async\" width=\"1024\" height=\"768\" data-id=\"189886\" src=\"https:\/\/folhapopular.info\/wp-content\/uploads\/2025\/07\/IMG_6301-1024x768.jpg\" alt=\"\" class=\"wp-image-189886\" srcset=\"https:\/\/folhapopular.info\/wp-content\/uploads\/2025\/07\/IMG_6301-1024x768.jpg 1024w, https:\/\/folhapopular.info\/wp-content\/uploads\/2025\/07\/IMG_6301-300x225.jpg 300w, https:\/\/folhapopular.info\/wp-content\/uploads\/2025\/07\/IMG_6301-768x576.jpg 768w, https:\/\/folhapopular.info\/wp-content\/uploads\/2025\/07\/IMG_6301-1536x1152.jpg 1536w, https:\/\/folhapopular.info\/wp-content\/uploads\/2025\/07\/IMG_6301-2048x1536.jpg 2048w, https:\/\/folhapopular.info\/wp-content\/uploads\/2025\/07\/IMG_6301-560x420.jpg 560w, https:\/\/folhapopular.info\/wp-content\/uploads\/2025\/07\/IMG_6301-80x60.jpg 80w, https:\/\/folhapopular.info\/wp-content\/uploads\/2025\/07\/IMG_6301-696x522.jpg 696w, https:\/\/folhapopular.info\/wp-content\/uploads\/2025\/07\/IMG_6301-1068x801.jpg 1068w, https:\/\/folhapopular.info\/wp-content\/uploads\/2025\/07\/IMG_6301-1920x1440.jpg 1920w\" sizes=\"auto, (max-width: 1024px) 100vw, 1024px\" \/><\/figure>\n\n\n\n<figure class=\"wp-block-image size-large\"><img loading=\"lazy\" decoding=\"async\" width=\"1024\" height=\"768\" data-id=\"189889\" src=\"https:\/\/folhapopular.info\/wp-content\/uploads\/2025\/07\/IMG_6317-1024x768.jpg\" alt=\"\" class=\"wp-image-189889\" srcset=\"https:\/\/folhapopular.info\/wp-content\/uploads\/2025\/07\/IMG_6317-1024x768.jpg 1024w, https:\/\/folhapopular.info\/wp-content\/uploads\/2025\/07\/IMG_6317-300x225.jpg 300w, https:\/\/folhapopular.info\/wp-content\/uploads\/2025\/07\/IMG_6317-768x576.jpg 768w, https:\/\/folhapopular.info\/wp-content\/uploads\/2025\/07\/IMG_6317-1536x1152.jpg 1536w, https:\/\/folhapopular.info\/wp-content\/uploads\/2025\/07\/IMG_6317-2048x1536.jpg 2048w, https:\/\/folhapopular.info\/wp-content\/uploads\/2025\/07\/IMG_6317-560x420.jpg 560w, https:\/\/folhapopular.info\/wp-content\/uploads\/2025\/07\/IMG_6317-80x60.jpg 80w, https:\/\/folhapopular.info\/wp-content\/uploads\/2025\/07\/IMG_6317-696x522.jpg 696w, https:\/\/folhapopular.info\/wp-content\/uploads\/2025\/07\/IMG_6317-1068x801.jpg 1068w, https:\/\/folhapopular.info\/wp-content\/uploads\/2025\/07\/IMG_6317-1920x1440.jpg 1920w\" sizes=\"auto, (max-width: 1024px) 100vw, 1024px\" \/><\/figure>\n\n\n\n<figure class=\"wp-block-image size-large\"><img loading=\"lazy\" decoding=\"async\" width=\"1024\" height=\"768\" data-id=\"189894\" src=\"https:\/\/folhapopular.info\/wp-content\/uploads\/2025\/07\/IMG_0549-1024x768.jpg\" alt=\"\" class=\"wp-image-189894\" srcset=\"https:\/\/folhapopular.info\/wp-content\/uploads\/2025\/07\/IMG_0549-1024x768.jpg 1024w, https:\/\/folhapopular.info\/wp-content\/uploads\/2025\/07\/IMG_0549-300x225.jpg 300w, https:\/\/folhapopular.info\/wp-content\/uploads\/2025\/07\/IMG_0549-768x576.jpg 768w, https:\/\/folhapopular.info\/wp-content\/uploads\/2025\/07\/IMG_0549-1536x1152.jpg 1536w, https:\/\/folhapopular.info\/wp-content\/uploads\/2025\/07\/IMG_0549-2048x1536.jpg 2048w, https:\/\/folhapopular.info\/wp-content\/uploads\/2025\/07\/IMG_0549-560x420.jpg 560w, https:\/\/folhapopular.info\/wp-content\/uploads\/2025\/07\/IMG_0549-80x60.jpg 80w, https:\/\/folhapopular.info\/wp-content\/uploads\/2025\/07\/IMG_0549-696x522.jpg 696w, https:\/\/folhapopular.info\/wp-content\/uploads\/2025\/07\/IMG_0549-1068x801.jpg 1068w, https:\/\/folhapopular.info\/wp-content\/uploads\/2025\/07\/IMG_0549-1920x1440.jpg 1920w\" sizes=\"auto, (max-width: 1024px) 100vw, 1024px\" \/><figcaption class=\"wp-element-caption\">Cr\u00e9dito: Lucas Leandro Brune<\/figcaption><\/figure>\n\n\n\n<figure class=\"wp-block-image size-large\"><img loading=\"lazy\" decoding=\"async\" width=\"1024\" height=\"768\" data-id=\"189893\" src=\"https:\/\/folhapopular.info\/wp-content\/uploads\/2025\/07\/IMG_0554-1024x768.jpg\" alt=\"\" class=\"wp-image-189893\" srcset=\"https:\/\/folhapopular.info\/wp-content\/uploads\/2025\/07\/IMG_0554-1024x768.jpg 1024w, https:\/\/folhapopular.info\/wp-content\/uploads\/2025\/07\/IMG_0554-300x225.jpg 300w, https:\/\/folhapopular.info\/wp-content\/uploads\/2025\/07\/IMG_0554-768x576.jpg 768w, https:\/\/folhapopular.info\/wp-content\/uploads\/2025\/07\/IMG_0554-1536x1152.jpg 1536w, https:\/\/folhapopular.info\/wp-content\/uploads\/2025\/07\/IMG_0554-2048x1536.jpg 2048w, https:\/\/folhapopular.info\/wp-content\/uploads\/2025\/07\/IMG_0554-560x420.jpg 560w, https:\/\/folhapopular.info\/wp-content\/uploads\/2025\/07\/IMG_0554-80x60.jpg 80w, https:\/\/folhapopular.info\/wp-content\/uploads\/2025\/07\/IMG_0554-696x522.jpg 696w, https:\/\/folhapopular.info\/wp-content\/uploads\/2025\/07\/IMG_0554-1068x801.jpg 1068w, https:\/\/folhapopular.info\/wp-content\/uploads\/2025\/07\/IMG_0554-1920x1440.jpg 1920w\" sizes=\"auto, (max-width: 1024px) 100vw, 1024px\" \/><figcaption class=\"wp-element-caption\">Cr\u00e9dito: Lucas Leandro Brune<\/figcaption><\/figure>\n<figcaption class=\"blocks-gallery-caption wp-element-caption\">Cr\u00e9ditos: Camille Lenz da Silva<\/figcaption><\/figure>\n","protected":false},"excerpt":{"rendered":"<p>A Cooperativa Santa Clara inaugura em Teut\u00f4nia seu mais novo empreendimento, o Agro Santa Clara. A loja abre as portas ao p\u00fablico nesta quarta-feira (9\/7), \u00e0s 10h. A 15a unidade est\u00e1 localizada na Rua 25 de Julho, n\u00ba 156, no Bairro Languiru. A chegada da Santa Clara a Teut\u00f4nia \u00e9 resultado de um planejamento estrat\u00e9gico [&hellip;]<\/p>\n","protected":false},"author":639,"featured_media":189880,"comment_status":"open","ping_status":"open","sticky":false,"template":"","format":"standard","meta":{"pmpro_default_level":"","_jetpack_memberships_contains_paid_content":false,"footnotes":""},"categories":[2,10991,12473],"tags":[18952,8843,217,12866,545,26],"class_list":{"0":"post-189879","1":"post","2":"type-post","3":"status-publish","4":"format-standard","5":"has-post-thumbnail","7":"category-featured","8":"category-economia","9":"category-negocios","10":"tag-agro-santa-clara","11":"tag-agrocenter","12":"tag-bairro-languiru","13":"tag-cooperativa-santa-clara","14":"tag-inauguracao","15":"tag-teutonia","16":"pmpro-has-access"},"yoast_head":"<!-- This site is optimized with the Yoast SEO plugin v27.5 - https:\/\/yoast.com\/product\/yoast-seo-wordpress\/ -->\n<title>Cooperativa Santa Clara chega a Teut\u00f4nia com agrocenter e compromisso de longo prazo - Folha Popular<\/title>\n<meta name=\"robots\" content=\"index, follow, max-snippet:-1, max-image-preview:large, max-video-preview:-1\" \/>\n<link rel=\"canonical\" href=\"https:\/\/folhapopular.info\/index.php\/2025\/07\/09\/cooperativa-santa-clara-chega-a-teutonia-com-agrocenter-e-compromisso-de-longo-prazo\/\" \/>\n<meta property=\"og:locale\" content=\"pt_BR\" \/>\n<meta property=\"og:type\" content=\"article\" \/>\n<meta property=\"og:title\" content=\"Cooperativa Santa Clara chega a Teut\u00f4nia com agrocenter e compromisso de longo prazo - Folha Popular\" \/>\n<meta property=\"og:description\" content=\"A Cooperativa Santa Clara inaugura em Teut\u00f4nia seu mais novo empreendimento, o Agro Santa Clara. A loja abre as portas ao p\u00fablico nesta quarta-feira (9\/7), \u00e0s 10h. A 15a unidade est\u00e1 localizada na Rua 25 de Julho, n\u00ba 156, no Bairro Languiru. A chegada da Santa Clara a Teut\u00f4nia \u00e9 resultado de um planejamento estrat\u00e9gico [&hellip;]\" \/>\n<meta property=\"og:url\" content=\"https:\/\/folhapopular.info\/index.php\/2025\/07\/09\/cooperativa-santa-clara-chega-a-teutonia-com-agrocenter-e-compromisso-de-longo-prazo\/\" \/>\n<meta property=\"og:site_name\" content=\"Folha Popular\" \/>\n<meta property=\"article:published_time\" content=\"2025-07-09T15:12:44+00:00\" \/>\n<meta property=\"article:modified_time\" content=\"2025-07-09T15:12:47+00:00\" \/>\n<meta property=\"og:image\" content=\"http:\/\/folhapopular.info\/wp-content\/uploads\/2025\/07\/IMG_0563-scaled.jpg\" \/>\n\t<meta property=\"og:image:width\" content=\"2560\" \/>\n\t<meta property=\"og:image:height\" content=\"1920\" \/>\n\t<meta property=\"og:image:type\" content=\"image\/jpeg\" \/>\n<meta name=\"author\" content=\"Camille Lenz da Silva\" \/>\n<meta name=\"twitter:card\" content=\"summary_large_image\" \/>\n<meta name=\"twitter:label1\" content=\"Escrito por\" \/>\n\t<meta name=\"twitter:data1\" content=\"Camille Lenz da Silva\" \/>\n\t<meta name=\"twitter:label2\" content=\"Est. tempo de leitura\" \/>\n\t<meta name=\"twitter:data2\" content=\"8 minutos\" \/>\n<script type=\"application\/ld+json\" class=\"yoast-schema-graph\">{\"@context\":\"https:\\\/\\\/schema.org\",\"@graph\":[{\"@type\":\"Article\",\"@id\":\"https:\\\/\\\/folhapopular.info\\\/index.php\\\/2025\\\/07\\\/09\\\/cooperativa-santa-clara-chega-a-teutonia-com-agrocenter-e-compromisso-de-longo-prazo\\\/#article\",\"isPartOf\":{\"@id\":\"https:\\\/\\\/folhapopular.info\\\/index.php\\\/2025\\\/07\\\/09\\\/cooperativa-santa-clara-chega-a-teutonia-com-agrocenter-e-compromisso-de-longo-prazo\\\/\"},\"author\":{\"name\":\"Camille Lenz da Silva\",\"@id\":\"https:\\\/\\\/folhapopular.info\\\/#\\\/schema\\\/person\\\/f0b811f932ef2505faf473ffaef49df5\"},\"headline\":\"Cooperativa Santa Clara chega a Teut\u00f4nia com agrocenter e compromisso de longo prazo\",\"datePublished\":\"2025-07-09T15:12:44+00:00\",\"dateModified\":\"2025-07-09T15:12:47+00:00\",\"mainEntityOfPage\":{\"@id\":\"https:\\\/\\\/folhapopular.info\\\/index.php\\\/2025\\\/07\\\/09\\\/cooperativa-santa-clara-chega-a-teutonia-com-agrocenter-e-compromisso-de-longo-prazo\\\/\"},\"wordCount\":820,\"commentCount\":0,\"image\":{\"@id\":\"https:\\\/\\\/folhapopular.info\\\/index.php\\\/2025\\\/07\\\/09\\\/cooperativa-santa-clara-chega-a-teutonia-com-agrocenter-e-compromisso-de-longo-prazo\\\/#primaryimage\"},\"thumbnailUrl\":\"https:\\\/\\\/folhapopular.info\\\/wp-content\\\/uploads\\\/2025\\\/07\\\/IMG_0563-scaled.jpg\",\"keywords\":[\"Agro Santa Clara\",\"Agrocenter\",\"Bairro Languiru\",\"cooperativa santa clara\",\"Inaugura\u00e7\u00e3o\",\"Teut\u00f4nia\"],\"articleSection\":[\"Destaques\",\"Economia\",\"Neg\u00f3cios\"],\"inLanguage\":\"pt-BR\",\"potentialAction\":[{\"@type\":\"CommentAction\",\"name\":\"Comment\",\"target\":[\"https:\\\/\\\/folhapopular.info\\\/index.php\\\/2025\\\/07\\\/09\\\/cooperativa-santa-clara-chega-a-teutonia-com-agrocenter-e-compromisso-de-longo-prazo\\\/#respond\"]}]},{\"@type\":\"WebPage\",\"@id\":\"https:\\\/\\\/folhapopular.info\\\/index.php\\\/2025\\\/07\\\/09\\\/cooperativa-santa-clara-chega-a-teutonia-com-agrocenter-e-compromisso-de-longo-prazo\\\/\",\"url\":\"https:\\\/\\\/folhapopular.info\\\/index.php\\\/2025\\\/07\\\/09\\\/cooperativa-santa-clara-chega-a-teutonia-com-agrocenter-e-compromisso-de-longo-prazo\\\/\",\"name\":\"Cooperativa Santa Clara chega a Teut\u00f4nia com agrocenter e compromisso de longo prazo - Folha Popular\",\"isPartOf\":{\"@id\":\"https:\\\/\\\/folhapopular.info\\\/#website\"},\"primaryImageOfPage\":{\"@id\":\"https:\\\/\\\/folhapopular.info\\\/index.php\\\/2025\\\/07\\\/09\\\/cooperativa-santa-clara-chega-a-teutonia-com-agrocenter-e-compromisso-de-longo-prazo\\\/#primaryimage\"},\"image\":{\"@id\":\"https:\\\/\\\/folhapopular.info\\\/index.php\\\/2025\\\/07\\\/09\\\/cooperativa-santa-clara-chega-a-teutonia-com-agrocenter-e-compromisso-de-longo-prazo\\\/#primaryimage\"},\"thumbnailUrl\":\"https:\\\/\\\/folhapopular.info\\\/wp-content\\\/uploads\\\/2025\\\/07\\\/IMG_0563-scaled.jpg\",\"datePublished\":\"2025-07-09T15:12:44+00:00\",\"dateModified\":\"2025-07-09T15:12:47+00:00\",\"author\":{\"@id\":\"https:\\\/\\\/folhapopular.info\\\/#\\\/schema\\\/person\\\/f0b811f932ef2505faf473ffaef49df5\"},\"breadcrumb\":{\"@id\":\"https:\\\/\\\/folhapopular.info\\\/index.php\\\/2025\\\/07\\\/09\\\/cooperativa-santa-clara-chega-a-teutonia-com-agrocenter-e-compromisso-de-longo-prazo\\\/#breadcrumb\"},\"inLanguage\":\"pt-BR\",\"potentialAction\":[{\"@type\":\"ReadAction\",\"target\":[\"https:\\\/\\\/folhapopular.info\\\/index.php\\\/2025\\\/07\\\/09\\\/cooperativa-santa-clara-chega-a-teutonia-com-agrocenter-e-compromisso-de-longo-prazo\\\/\"]}]},{\"@type\":\"ImageObject\",\"inLanguage\":\"pt-BR\",\"@id\":\"https:\\\/\\\/folhapopular.info\\\/index.php\\\/2025\\\/07\\\/09\\\/cooperativa-santa-clara-chega-a-teutonia-com-agrocenter-e-compromisso-de-longo-prazo\\\/#primaryimage\",\"url\":\"https:\\\/\\\/folhapopular.info\\\/wp-content\\\/uploads\\\/2025\\\/07\\\/IMG_0563-scaled.jpg\",\"contentUrl\":\"https:\\\/\\\/folhapopular.info\\\/wp-content\\\/uploads\\\/2025\\\/07\\\/IMG_0563-scaled.jpg\",\"width\":2560,\"height\":1920,\"caption\":\"Cr\u00e9dito: Lucas Leandro Brune\"},{\"@type\":\"BreadcrumbList\",\"@id\":\"https:\\\/\\\/folhapopular.info\\\/index.php\\\/2025\\\/07\\\/09\\\/cooperativa-santa-clara-chega-a-teutonia-com-agrocenter-e-compromisso-de-longo-prazo\\\/#breadcrumb\",\"itemListElement\":[{\"@type\":\"ListItem\",\"position\":1,\"name\":\"In\u00edcio\",\"item\":\"https:\\\/\\\/folhapopular.info\\\/\"},{\"@type\":\"ListItem\",\"position\":2,\"name\":\"Cooperativa Santa Clara chega a Teut\u00f4nia com agrocenter e compromisso de longo prazo\"}]},{\"@type\":\"WebSite\",\"@id\":\"https:\\\/\\\/folhapopular.info\\\/#website\",\"url\":\"https:\\\/\\\/folhapopular.info\\\/\",\"name\":\"Folha Popular\",\"description\":\"Onde voc\u00ea tem vez e voz\",\"potentialAction\":[{\"@type\":\"SearchAction\",\"target\":{\"@type\":\"EntryPoint\",\"urlTemplate\":\"https:\\\/\\\/folhapopular.info\\\/?s={search_term_string}\"},\"query-input\":{\"@type\":\"PropertyValueSpecification\",\"valueRequired\":true,\"valueName\":\"search_term_string\"}}],\"inLanguage\":\"pt-BR\"},{\"@type\":\"Person\",\"@id\":\"https:\\\/\\\/folhapopular.info\\\/#\\\/schema\\\/person\\\/f0b811f932ef2505faf473ffaef49df5\",\"name\":\"Camille Lenz da Silva\",\"image\":{\"@type\":\"ImageObject\",\"inLanguage\":\"pt-BR\",\"@id\":\"https:\\\/\\\/secure.gravatar.com\\\/avatar\\\/50be826d73ca259ec0e0a88a407f5de800c576c46cfdc57e50ef28551e216fff?s=96&d=mm&r=g\",\"url\":\"https:\\\/\\\/secure.gravatar.com\\\/avatar\\\/50be826d73ca259ec0e0a88a407f5de800c576c46cfdc57e50ef28551e216fff?s=96&d=mm&r=g\",\"contentUrl\":\"https:\\\/\\\/secure.gravatar.com\\\/avatar\\\/50be826d73ca259ec0e0a88a407f5de800c576c46cfdc57e50ef28551e216fff?s=96&d=mm&r=g\",\"caption\":\"Camille Lenz da Silva\"},\"url\":\"https:\\\/\\\/folhapopular.info\\\/index.php\\\/author\\\/camillelenzgmail-com\\\/\"}]}<\/script>\n<!-- \/ Yoast SEO plugin. -->","yoast_head_json":{"title":"Cooperativa Santa Clara chega a Teut\u00f4nia com agrocenter e compromisso de longo prazo - Folha Popular","robots":{"index":"index","follow":"follow","max-snippet":"max-snippet:-1","max-image-preview":"max-image-preview:large","max-video-preview":"max-video-preview:-1"},"canonical":"https:\/\/folhapopular.info\/index.php\/2025\/07\/09\/cooperativa-santa-clara-chega-a-teutonia-com-agrocenter-e-compromisso-de-longo-prazo\/","og_locale":"pt_BR","og_type":"article","og_title":"Cooperativa Santa Clara chega a Teut\u00f4nia com agrocenter e compromisso de longo prazo - Folha Popular","og_description":"A Cooperativa Santa Clara inaugura em Teut\u00f4nia seu mais novo empreendimento, o Agro Santa Clara. A loja abre as portas ao p\u00fablico nesta quarta-feira (9\/7), \u00e0s 10h. A 15a unidade est\u00e1 localizada na Rua 25 de Julho, n\u00ba 156, no Bairro Languiru. A chegada da Santa Clara a Teut\u00f4nia \u00e9 resultado de um planejamento estrat\u00e9gico [&hellip;]","og_url":"https:\/\/folhapopular.info\/index.php\/2025\/07\/09\/cooperativa-santa-clara-chega-a-teutonia-com-agrocenter-e-compromisso-de-longo-prazo\/","og_site_name":"Folha Popular","article_published_time":"2025-07-09T15:12:44+00:00","article_modified_time":"2025-07-09T15:12:47+00:00","og_image":[{"width":2560,"height":1920,"url":"http:\/\/folhapopular.info\/wp-content\/uploads\/2025\/07\/IMG_0563-scaled.jpg","type":"image\/jpeg"}],"author":"Camille Lenz da Silva","twitter_card":"summary_large_image","twitter_misc":{"Escrito por":"Camille Lenz da Silva","Est. tempo de leitura":"8 minutos"},"schema":{"@context":"https:\/\/schema.org","@graph":[{"@type":"Article","@id":"https:\/\/folhapopular.info\/index.php\/2025\/07\/09\/cooperativa-santa-clara-chega-a-teutonia-com-agrocenter-e-compromisso-de-longo-prazo\/#article","isPartOf":{"@id":"https:\/\/folhapopular.info\/index.php\/2025\/07\/09\/cooperativa-santa-clara-chega-a-teutonia-com-agrocenter-e-compromisso-de-longo-prazo\/"},"author":{"name":"Camille Lenz da Silva","@id":"https:\/\/folhapopular.info\/#\/schema\/person\/f0b811f932ef2505faf473ffaef49df5"},"headline":"Cooperativa Santa Clara chega a Teut\u00f4nia com agrocenter e compromisso de longo prazo","datePublished":"2025-07-09T15:12:44+00:00","dateModified":"2025-07-09T15:12:47+00:00","mainEntityOfPage":{"@id":"https:\/\/folhapopular.info\/index.php\/2025\/07\/09\/cooperativa-santa-clara-chega-a-teutonia-com-agrocenter-e-compromisso-de-longo-prazo\/"},"wordCount":820,"commentCount":0,"image":{"@id":"https:\/\/folhapopular.info\/index.php\/2025\/07\/09\/cooperativa-santa-clara-chega-a-teutonia-com-agrocenter-e-compromisso-de-longo-prazo\/#primaryimage"},"thumbnailUrl":"https:\/\/folhapopular.info\/wp-content\/uploads\/2025\/07\/IMG_0563-scaled.jpg","keywords":["Agro Santa Clara","Agrocenter","Bairro Languiru","cooperativa santa clara","Inaugura\u00e7\u00e3o","Teut\u00f4nia"],"articleSection":["Destaques","Economia","Neg\u00f3cios"],"inLanguage":"pt-BR","potentialAction":[{"@type":"CommentAction","name":"Comment","target":["https:\/\/folhapopular.info\/index.php\/2025\/07\/09\/cooperativa-santa-clara-chega-a-teutonia-com-agrocenter-e-compromisso-de-longo-prazo\/#respond"]}]},{"@type":"WebPage","@id":"https:\/\/folhapopular.info\/index.php\/2025\/07\/09\/cooperativa-santa-clara-chega-a-teutonia-com-agrocenter-e-compromisso-de-longo-prazo\/","url":"https:\/\/folhapopular.info\/index.php\/2025\/07\/09\/cooperativa-santa-clara-chega-a-teutonia-com-agrocenter-e-compromisso-de-longo-prazo\/","name":"Cooperativa Santa Clara chega a Teut\u00f4nia com agrocenter e compromisso de longo prazo - Folha Popular","isPartOf":{"@id":"https:\/\/folhapopular.info\/#website"},"primaryImageOfPage":{"@id":"https:\/\/folhapopular.info\/index.php\/2025\/07\/09\/cooperativa-santa-clara-chega-a-teutonia-com-agrocenter-e-compromisso-de-longo-prazo\/#primaryimage"},"image":{"@id":"https:\/\/folhapopular.info\/index.php\/2025\/07\/09\/cooperativa-santa-clara-chega-a-teutonia-com-agrocenter-e-compromisso-de-longo-prazo\/#primaryimage"},"thumbnailUrl":"https:\/\/folhapopular.info\/wp-content\/uploads\/2025\/07\/IMG_0563-scaled.jpg","datePublished":"2025-07-09T15:12:44+00:00","dateModified":"2025-07-09T15:12:47+00:00","author":{"@id":"https:\/\/folhapopular.info\/#\/schema\/person\/f0b811f932ef2505faf473ffaef49df5"},"breadcrumb":{"@id":"https:\/\/folhapopular.info\/index.php\/2025\/07\/09\/cooperativa-santa-clara-chega-a-teutonia-com-agrocenter-e-compromisso-de-longo-prazo\/#breadcrumb"},"inLanguage":"pt-BR","potentialAction":[{"@type":"ReadAction","target":["https:\/\/folhapopular.info\/index.php\/2025\/07\/09\/cooperativa-santa-clara-chega-a-teutonia-com-agrocenter-e-compromisso-de-longo-prazo\/"]}]},{"@type":"ImageObject","inLanguage":"pt-BR","@id":"https:\/\/folhapopular.info\/index.php\/2025\/07\/09\/cooperativa-santa-clara-chega-a-teutonia-com-agrocenter-e-compromisso-de-longo-prazo\/#primaryimage","url":"https:\/\/folhapopular.info\/wp-content\/uploads\/2025\/07\/IMG_0563-scaled.jpg","contentUrl":"https:\/\/folhapopular.info\/wp-content\/uploads\/2025\/07\/IMG_0563-scaled.jpg","width":2560,"height":1920,"caption":"Cr\u00e9dito: Lucas Leandro Brune"},{"@type":"BreadcrumbList","@id":"https:\/\/folhapopular.info\/index.php\/2025\/07\/09\/cooperativa-santa-clara-chega-a-teutonia-com-agrocenter-e-compromisso-de-longo-prazo\/#breadcrumb","itemListElement":[{"@type":"ListItem","position":1,"name":"In\u00edcio","item":"https:\/\/folhapopular.info\/"},{"@type":"ListItem","position":2,"name":"Cooperativa Santa Clara chega a Teut\u00f4nia com agrocenter e compromisso de longo prazo"}]},{"@type":"WebSite","@id":"https:\/\/folhapopular.info\/#website","url":"https:\/\/folhapopular.info\/","name":"Folha Popular","description":"Onde voc\u00ea tem vez e voz","potentialAction":[{"@type":"SearchAction","target":{"@type":"EntryPoint","urlTemplate":"https:\/\/folhapopular.info\/?s={search_term_string}"},"query-input":{"@type":"PropertyValueSpecification","valueRequired":true,"valueName":"search_term_string"}}],"inLanguage":"pt-BR"},{"@type":"Person","@id":"https:\/\/folhapopular.info\/#\/schema\/person\/f0b811f932ef2505faf473ffaef49df5","name":"Camille Lenz da Silva","image":{"@type":"ImageObject","inLanguage":"pt-BR","@id":"https:\/\/secure.gravatar.com\/avatar\/50be826d73ca259ec0e0a88a407f5de800c576c46cfdc57e50ef28551e216fff?s=96&d=mm&r=g","url":"https:\/\/secure.gravatar.com\/avatar\/50be826d73ca259ec0e0a88a407f5de800c576c46cfdc57e50ef28551e216fff?s=96&d=mm&r=g","contentUrl":"https:\/\/secure.gravatar.com\/avatar\/50be826d73ca259ec0e0a88a407f5de800c576c46cfdc57e50ef28551e216fff?s=96&d=mm&r=g","caption":"Camille Lenz da Silva"},"url":"https:\/\/folhapopular.info\/index.php\/author\/camillelenzgmail-com\/"}]}},"jetpack_featured_media_url":"https:\/\/folhapopular.info\/wp-content\/uploads\/2025\/07\/IMG_0563-scaled.jpg","jetpack_sharing_enabled":true,"amp_enabled":true,"_links":{"self":[{"href":"https:\/\/folhapopular.info\/index.php\/wp-json\/wp\/v2\/posts\/189879","targetHints":{"allow":["GET"]}}],"collection":[{"href":"https:\/\/folhapopular.info\/index.php\/wp-json\/wp\/v2\/posts"}],"about":[{"href":"https:\/\/folhapopular.info\/index.php\/wp-json\/wp\/v2\/types\/post"}],"author":[{"embeddable":true,"href":"https:\/\/folhapopular.info\/index.php\/wp-json\/wp\/v2\/users\/639"}],"replies":[{"embeddable":true,"href":"https:\/\/folhapopular.info\/index.php\/wp-json\/wp\/v2\/comments?post=189879"}],"version-history":[{"count":0,"href":"https:\/\/folhapopular.info\/index.php\/wp-json\/wp\/v2\/posts\/189879\/revisions"}],"wp:featuredmedia":[{"embeddable":true,"href":"https:\/\/folhapopular.info\/index.php\/wp-json\/wp\/v2\/media\/189880"}],"wp:attachment":[{"href":"https:\/\/folhapopular.info\/index.php\/wp-json\/wp\/v2\/media?parent=189879"}],"wp:term":[{"taxonomy":"category","embeddable":true,"href":"https:\/\/folhapopular.info\/index.php\/wp-json\/wp\/v2\/categories?post=189879"},{"taxonomy":"post_tag","embeddable":true,"href":"https:\/\/folhapopular.info\/index.php\/wp-json\/wp\/v2\/tags?post=189879"}],"curies":[{"name":"wp","href":"https:\/\/api.w.org\/{rel}","templated":true}]}}