{"id":189916,"date":"2025-07-09T22:03:32","date_gmt":"2025-07-10T01:03:32","guid":{"rendered":"https:\/\/folhapopular.info\/?p=189916"},"modified":"2025-07-09T22:03:34","modified_gmt":"2025-07-10T01:03:34","slug":"ccr-viasul-libera-novo-acesso-entre-os-bairros-montanha-e-florestal-em-lajeado","status":"publish","type":"post","link":"https:\/\/folhapopular.info\/index.php\/2025\/07\/09\/ccr-viasul-libera-novo-acesso-entre-os-bairros-montanha-e-florestal-em-lajeado\/","title":{"rendered":"CCR ViaSul libera novo acesso entre os bairros Montanha e Florestal em Lajeado"},"content":{"rendered":"\n<p>A CCR ViaSul liberou nesta quarta-feira (9\/7) um novo acesso entre a BR-386 e a ERS-130, facilitando a circula\u00e7\u00e3o de motoristas que trafegam pela regi\u00e3o de Lajeado. O trecho estava interditado devido \u00e0s obras do viaduto e da pista elevada no Bairro Montanha, no sentido interior\u2013capital.<\/p>\n\n\n\n<p>Com a libera\u00e7\u00e3o, motoristas passam a acessar a ERS-130 em dire\u00e7\u00e3o aos bairros Florestal e Montanha sem a necessidade de fazer o retorno completo pelas al\u00e7as da rodovia estadual.<\/p>\n\n\n\n<p>Paralelamente, as obras do viaduto seguem em andamento. Parte da primeira camada de asfalto j\u00e1 foi aplicada na pista elevada e, na rampa de acesso, equipes trabalham na prepara\u00e7\u00e3o da base para pavimenta\u00e7\u00e3o.<\/p>\n\n\n\n<p>A previs\u00e3o da concession\u00e1ria \u00e9 concluir o viaduto at\u00e9 novembro. J\u00e1 a terceira faixa entre Lajeado e Estrela deve ser finalizada at\u00e9 agosto, e a duplica\u00e7\u00e3o da BR-386 at\u00e9 Marques de Souza deve ser conclu\u00edda at\u00e9 o fim de 2025.<\/p>\n","protected":false},"excerpt":{"rendered":"<p>A CCR ViaSul liberou nesta quarta-feira (9\/7) um novo acesso entre a BR-386 e a ERS-130, facilitando a circula\u00e7\u00e3o de motoristas que trafegam pela regi\u00e3o de Lajeado. O trecho estava interditado devido \u00e0s obras do viaduto e da pista elevada no Bairro Montanha, no sentido interior\u2013capital. Com a libera\u00e7\u00e3o, motoristas passam a acessar a ERS-130 [&hellip;]<\/p>\n","protected":false},"author":8,"featured_media":189599,"comment_status":"open","ping_status":"open","sticky":false,"template":"","format":"standard","meta":{"pmpro_default_level":"","_jetpack_memberships_contains_paid_content":false,"footnotes":""},"categories":[7,10983],"tags":[4130,5005,4881,32],"class_list":{"0":"post-189916","1":"post","2":"type-post","3":"status-publish","4":"format-standard","5":"has-post-thumbnail","7":"category-seguranca","8":"category-transito","9":"tag-br-386-2","10":"tag-ccr-via-sul","11":"tag-ers-130-2","12":"tag-obras","13":"pmpro-has-access"},"yoast_head":"<!-- This site is optimized with the Yoast SEO plugin v27.5 - https:\/\/yoast.com\/product\/yoast-seo-wordpress\/ -->\n<title>CCR ViaSul libera novo acesso entre os bairros Montanha e Florestal em Lajeado - Folha Popular<\/title>\n<meta name=\"robots\" content=\"index, follow, max-snippet:-1, max-image-preview:large, max-video-preview:-1\" \/>\n<link rel=\"canonical\" href=\"https:\/\/folhapopular.info\/index.php\/2025\/07\/09\/ccr-viasul-libera-novo-acesso-entre-os-bairros-montanha-e-florestal-em-lajeado\/\" \/>\n<meta property=\"og:locale\" content=\"pt_BR\" \/>\n<meta property=\"og:type\" content=\"article\" \/>\n<meta property=\"og:title\" content=\"CCR ViaSul libera novo acesso entre os bairros Montanha e Florestal em Lajeado - Folha Popular\" \/>\n<meta property=\"og:description\" content=\"A CCR ViaSul liberou nesta quarta-feira (9\/7) um novo acesso entre a BR-386 e a ERS-130, facilitando a circula\u00e7\u00e3o de motoristas que trafegam pela regi\u00e3o de Lajeado. O trecho estava interditado devido \u00e0s obras do viaduto e da pista elevada no Bairro Montanha, no sentido interior\u2013capital. Com a libera\u00e7\u00e3o, motoristas passam a acessar a ERS-130 [&hellip;]\" \/>\n<meta property=\"og:url\" content=\"https:\/\/folhapopular.info\/index.php\/2025\/07\/09\/ccr-viasul-libera-novo-acesso-entre-os-bairros-montanha-e-florestal-em-lajeado\/\" \/>\n<meta property=\"og:site_name\" content=\"Folha Popular\" \/>\n<meta property=\"article:published_time\" content=\"2025-07-10T01:03:32+00:00\" \/>\n<meta property=\"article:modified_time\" content=\"2025-07-10T01:03:34+00:00\" \/>\n<meta property=\"og:image\" content=\"http:\/\/folhapopular.info\/wp-content\/uploads\/2025\/07\/folhapopular.info-2.png\" \/>\n\t<meta property=\"og:image:width\" content=\"1920\" \/>\n\t<meta property=\"og:image:height\" content=\"1080\" \/>\n\t<meta property=\"og:image:type\" content=\"image\/png\" \/>\n<meta name=\"author\" content=\"Reda\u00e7\u00e3o Folha Popular\" \/>\n<meta name=\"twitter:card\" content=\"summary_large_image\" \/>\n<meta name=\"twitter:label1\" content=\"Escrito por\" \/>\n\t<meta name=\"twitter:data1\" content=\"Reda\u00e7\u00e3o Folha Popular\" \/>\n\t<meta name=\"twitter:label2\" content=\"Est. tempo de leitura\" \/>\n\t<meta name=\"twitter:data2\" content=\"2 minutos\" \/>\n<script type=\"application\/ld+json\" class=\"yoast-schema-graph\">{\"@context\":\"https:\\\/\\\/schema.org\",\"@graph\":[{\"@type\":\"Article\",\"@id\":\"https:\\\/\\\/folhapopular.info\\\/index.php\\\/2025\\\/07\\\/09\\\/ccr-viasul-libera-novo-acesso-entre-os-bairros-montanha-e-florestal-em-lajeado\\\/#article\",\"isPartOf\":{\"@id\":\"https:\\\/\\\/folhapopular.info\\\/index.php\\\/2025\\\/07\\\/09\\\/ccr-viasul-libera-novo-acesso-entre-os-bairros-montanha-e-florestal-em-lajeado\\\/\"},\"author\":{\"name\":\"Reda\u00e7\u00e3o Folha Popular\",\"@id\":\"https:\\\/\\\/folhapopular.info\\\/#\\\/schema\\\/person\\\/2814e8a0df7643585a9ca38bc6eb9d4b\"},\"headline\":\"CCR ViaSul libera novo acesso entre os bairros Montanha e Florestal em Lajeado\",\"datePublished\":\"2025-07-10T01:03:32+00:00\",\"dateModified\":\"2025-07-10T01:03:34+00:00\",\"mainEntityOfPage\":{\"@id\":\"https:\\\/\\\/folhapopular.info\\\/index.php\\\/2025\\\/07\\\/09\\\/ccr-viasul-libera-novo-acesso-entre-os-bairros-montanha-e-florestal-em-lajeado\\\/\"},\"wordCount\":170,\"commentCount\":0,\"image\":{\"@id\":\"https:\\\/\\\/folhapopular.info\\\/index.php\\\/2025\\\/07\\\/09\\\/ccr-viasul-libera-novo-acesso-entre-os-bairros-montanha-e-florestal-em-lajeado\\\/#primaryimage\"},\"thumbnailUrl\":\"https:\\\/\\\/folhapopular.info\\\/wp-content\\\/uploads\\\/2025\\\/07\\\/folhapopular.info-2.png\",\"keywords\":[\"BR 386\",\"CCR Via Sul\",\"ERS 130\",\"Obras\"],\"articleSection\":[\"Seguran\u00e7a\",\"Tr\u00e2nsito\"],\"inLanguage\":\"pt-BR\",\"potentialAction\":[{\"@type\":\"CommentAction\",\"name\":\"Comment\",\"target\":[\"https:\\\/\\\/folhapopular.info\\\/index.php\\\/2025\\\/07\\\/09\\\/ccr-viasul-libera-novo-acesso-entre-os-bairros-montanha-e-florestal-em-lajeado\\\/#respond\"]}]},{\"@type\":\"WebPage\",\"@id\":\"https:\\\/\\\/folhapopular.info\\\/index.php\\\/2025\\\/07\\\/09\\\/ccr-viasul-libera-novo-acesso-entre-os-bairros-montanha-e-florestal-em-lajeado\\\/\",\"url\":\"https:\\\/\\\/folhapopular.info\\\/index.php\\\/2025\\\/07\\\/09\\\/ccr-viasul-libera-novo-acesso-entre-os-bairros-montanha-e-florestal-em-lajeado\\\/\",\"name\":\"CCR ViaSul libera novo acesso entre os bairros Montanha e Florestal em Lajeado - Folha Popular\",\"isPartOf\":{\"@id\":\"https:\\\/\\\/folhapopular.info\\\/#website\"},\"primaryImageOfPage\":{\"@id\":\"https:\\\/\\\/folhapopular.info\\\/index.php\\\/2025\\\/07\\\/09\\\/ccr-viasul-libera-novo-acesso-entre-os-bairros-montanha-e-florestal-em-lajeado\\\/#primaryimage\"},\"image\":{\"@id\":\"https:\\\/\\\/folhapopular.info\\\/index.php\\\/2025\\\/07\\\/09\\\/ccr-viasul-libera-novo-acesso-entre-os-bairros-montanha-e-florestal-em-lajeado\\\/#primaryimage\"},\"thumbnailUrl\":\"https:\\\/\\\/folhapopular.info\\\/wp-content\\\/uploads\\\/2025\\\/07\\\/folhapopular.info-2.png\",\"datePublished\":\"2025-07-10T01:03:32+00:00\",\"dateModified\":\"2025-07-10T01:03:34+00:00\",\"author\":{\"@id\":\"https:\\\/\\\/folhapopular.info\\\/#\\\/schema\\\/person\\\/2814e8a0df7643585a9ca38bc6eb9d4b\"},\"breadcrumb\":{\"@id\":\"https:\\\/\\\/folhapopular.info\\\/index.php\\\/2025\\\/07\\\/09\\\/ccr-viasul-libera-novo-acesso-entre-os-bairros-montanha-e-florestal-em-lajeado\\\/#breadcrumb\"},\"inLanguage\":\"pt-BR\",\"potentialAction\":[{\"@type\":\"ReadAction\",\"target\":[\"https:\\\/\\\/folhapopular.info\\\/index.php\\\/2025\\\/07\\\/09\\\/ccr-viasul-libera-novo-acesso-entre-os-bairros-montanha-e-florestal-em-lajeado\\\/\"]}]},{\"@type\":\"ImageObject\",\"inLanguage\":\"pt-BR\",\"@id\":\"https:\\\/\\\/folhapopular.info\\\/index.php\\\/2025\\\/07\\\/09\\\/ccr-viasul-libera-novo-acesso-entre-os-bairros-montanha-e-florestal-em-lajeado\\\/#primaryimage\",\"url\":\"https:\\\/\\\/folhapopular.info\\\/wp-content\\\/uploads\\\/2025\\\/07\\\/folhapopular.info-2.png\",\"contentUrl\":\"https:\\\/\\\/folhapopular.info\\\/wp-content\\\/uploads\\\/2025\\\/07\\\/folhapopular.info-2.png\",\"width\":1920,\"height\":1080},{\"@type\":\"BreadcrumbList\",\"@id\":\"https:\\\/\\\/folhapopular.info\\\/index.php\\\/2025\\\/07\\\/09\\\/ccr-viasul-libera-novo-acesso-entre-os-bairros-montanha-e-florestal-em-lajeado\\\/#breadcrumb\",\"itemListElement\":[{\"@type\":\"ListItem\",\"position\":1,\"name\":\"In\u00edcio\",\"item\":\"https:\\\/\\\/folhapopular.info\\\/\"},{\"@type\":\"ListItem\",\"position\":2,\"name\":\"CCR ViaSul libera novo acesso entre os bairros Montanha e Florestal em Lajeado\"}]},{\"@type\":\"WebSite\",\"@id\":\"https:\\\/\\\/folhapopular.info\\\/#website\",\"url\":\"https:\\\/\\\/folhapopular.info\\\/\",\"name\":\"Folha Popular\",\"description\":\"Onde voc\u00ea tem vez e voz\",\"potentialAction\":[{\"@type\":\"SearchAction\",\"target\":{\"@type\":\"EntryPoint\",\"urlTemplate\":\"https:\\\/\\\/folhapopular.info\\\/?s={search_term_string}\"},\"query-input\":{\"@type\":\"PropertyValueSpecification\",\"valueRequired\":true,\"valueName\":\"search_term_string\"}}],\"inLanguage\":\"pt-BR\"},{\"@type\":\"Person\",\"@id\":\"https:\\\/\\\/folhapopular.info\\\/#\\\/schema\\\/person\\\/2814e8a0df7643585a9ca38bc6eb9d4b\",\"name\":\"Reda\u00e7\u00e3o Folha Popular\",\"image\":{\"@type\":\"ImageObject\",\"inLanguage\":\"pt-BR\",\"@id\":\"https:\\\/\\\/folhapopular.info\\\/wp-content\\\/uploads\\\/2026\\\/04\\\/Folha-1.webp\",\"url\":\"https:\\\/\\\/folhapopular.info\\\/wp-content\\\/uploads\\\/2026\\\/04\\\/Folha-1.webp\",\"contentUrl\":\"https:\\\/\\\/folhapopular.info\\\/wp-content\\\/uploads\\\/2026\\\/04\\\/Folha-1.webp\",\"caption\":\"Reda\u00e7\u00e3o Folha Popular\"},\"url\":\"https:\\\/\\\/folhapopular.info\\\/index.php\\\/author\\\/redacao\\\/\"}]}<\/script>\n<!-- \/ Yoast SEO plugin. -->","yoast_head_json":{"title":"CCR ViaSul libera novo acesso entre os bairros Montanha e Florestal em Lajeado - Folha Popular","robots":{"index":"index","follow":"follow","max-snippet":"max-snippet:-1","max-image-preview":"max-image-preview:large","max-video-preview":"max-video-preview:-1"},"canonical":"https:\/\/folhapopular.info\/index.php\/2025\/07\/09\/ccr-viasul-libera-novo-acesso-entre-os-bairros-montanha-e-florestal-em-lajeado\/","og_locale":"pt_BR","og_type":"article","og_title":"CCR ViaSul libera novo acesso entre os bairros Montanha e Florestal em Lajeado - Folha Popular","og_description":"A CCR ViaSul liberou nesta quarta-feira (9\/7) um novo acesso entre a BR-386 e a ERS-130, facilitando a circula\u00e7\u00e3o de motoristas que trafegam pela regi\u00e3o de Lajeado. O trecho estava interditado devido \u00e0s obras do viaduto e da pista elevada no Bairro Montanha, no sentido interior\u2013capital. Com a libera\u00e7\u00e3o, motoristas passam a acessar a ERS-130 [&hellip;]","og_url":"https:\/\/folhapopular.info\/index.php\/2025\/07\/09\/ccr-viasul-libera-novo-acesso-entre-os-bairros-montanha-e-florestal-em-lajeado\/","og_site_name":"Folha Popular","article_published_time":"2025-07-10T01:03:32+00:00","article_modified_time":"2025-07-10T01:03:34+00:00","og_image":[{"width":1920,"height":1080,"url":"http:\/\/folhapopular.info\/wp-content\/uploads\/2025\/07\/folhapopular.info-2.png","type":"image\/png"}],"author":"Reda\u00e7\u00e3o Folha Popular","twitter_card":"summary_large_image","twitter_misc":{"Escrito por":"Reda\u00e7\u00e3o Folha Popular","Est. tempo de leitura":"2 minutos"},"schema":{"@context":"https:\/\/schema.org","@graph":[{"@type":"Article","@id":"https:\/\/folhapopular.info\/index.php\/2025\/07\/09\/ccr-viasul-libera-novo-acesso-entre-os-bairros-montanha-e-florestal-em-lajeado\/#article","isPartOf":{"@id":"https:\/\/folhapopular.info\/index.php\/2025\/07\/09\/ccr-viasul-libera-novo-acesso-entre-os-bairros-montanha-e-florestal-em-lajeado\/"},"author":{"name":"Reda\u00e7\u00e3o Folha Popular","@id":"https:\/\/folhapopular.info\/#\/schema\/person\/2814e8a0df7643585a9ca38bc6eb9d4b"},"headline":"CCR ViaSul libera novo acesso entre os bairros Montanha e Florestal em Lajeado","datePublished":"2025-07-10T01:03:32+00:00","dateModified":"2025-07-10T01:03:34+00:00","mainEntityOfPage":{"@id":"https:\/\/folhapopular.info\/index.php\/2025\/07\/09\/ccr-viasul-libera-novo-acesso-entre-os-bairros-montanha-e-florestal-em-lajeado\/"},"wordCount":170,"commentCount":0,"image":{"@id":"https:\/\/folhapopular.info\/index.php\/2025\/07\/09\/ccr-viasul-libera-novo-acesso-entre-os-bairros-montanha-e-florestal-em-lajeado\/#primaryimage"},"thumbnailUrl":"https:\/\/folhapopular.info\/wp-content\/uploads\/2025\/07\/folhapopular.info-2.png","keywords":["BR 386","CCR Via Sul","ERS 130","Obras"],"articleSection":["Seguran\u00e7a","Tr\u00e2nsito"],"inLanguage":"pt-BR","potentialAction":[{"@type":"CommentAction","name":"Comment","target":["https:\/\/folhapopular.info\/index.php\/2025\/07\/09\/ccr-viasul-libera-novo-acesso-entre-os-bairros-montanha-e-florestal-em-lajeado\/#respond"]}]},{"@type":"WebPage","@id":"https:\/\/folhapopular.info\/index.php\/2025\/07\/09\/ccr-viasul-libera-novo-acesso-entre-os-bairros-montanha-e-florestal-em-lajeado\/","url":"https:\/\/folhapopular.info\/index.php\/2025\/07\/09\/ccr-viasul-libera-novo-acesso-entre-os-bairros-montanha-e-florestal-em-lajeado\/","name":"CCR ViaSul libera novo acesso entre os bairros Montanha e Florestal em Lajeado - Folha Popular","isPartOf":{"@id":"https:\/\/folhapopular.info\/#website"},"primaryImageOfPage":{"@id":"https:\/\/folhapopular.info\/index.php\/2025\/07\/09\/ccr-viasul-libera-novo-acesso-entre-os-bairros-montanha-e-florestal-em-lajeado\/#primaryimage"},"image":{"@id":"https:\/\/folhapopular.info\/index.php\/2025\/07\/09\/ccr-viasul-libera-novo-acesso-entre-os-bairros-montanha-e-florestal-em-lajeado\/#primaryimage"},"thumbnailUrl":"https:\/\/folhapopular.info\/wp-content\/uploads\/2025\/07\/folhapopular.info-2.png","datePublished":"2025-07-10T01:03:32+00:00","dateModified":"2025-07-10T01:03:34+00:00","author":{"@id":"https:\/\/folhapopular.info\/#\/schema\/person\/2814e8a0df7643585a9ca38bc6eb9d4b"},"breadcrumb":{"@id":"https:\/\/folhapopular.info\/index.php\/2025\/07\/09\/ccr-viasul-libera-novo-acesso-entre-os-bairros-montanha-e-florestal-em-lajeado\/#breadcrumb"},"inLanguage":"pt-BR","potentialAction":[{"@type":"ReadAction","target":["https:\/\/folhapopular.info\/index.php\/2025\/07\/09\/ccr-viasul-libera-novo-acesso-entre-os-bairros-montanha-e-florestal-em-lajeado\/"]}]},{"@type":"ImageObject","inLanguage":"pt-BR","@id":"https:\/\/folhapopular.info\/index.php\/2025\/07\/09\/ccr-viasul-libera-novo-acesso-entre-os-bairros-montanha-e-florestal-em-lajeado\/#primaryimage","url":"https:\/\/folhapopular.info\/wp-content\/uploads\/2025\/07\/folhapopular.info-2.png","contentUrl":"https:\/\/folhapopular.info\/wp-content\/uploads\/2025\/07\/folhapopular.info-2.png","width":1920,"height":1080},{"@type":"BreadcrumbList","@id":"https:\/\/folhapopular.info\/index.php\/2025\/07\/09\/ccr-viasul-libera-novo-acesso-entre-os-bairros-montanha-e-florestal-em-lajeado\/#breadcrumb","itemListElement":[{"@type":"ListItem","position":1,"name":"In\u00edcio","item":"https:\/\/folhapopular.info\/"},{"@type":"ListItem","position":2,"name":"CCR ViaSul libera novo acesso entre os bairros Montanha e Florestal em Lajeado"}]},{"@type":"WebSite","@id":"https:\/\/folhapopular.info\/#website","url":"https:\/\/folhapopular.info\/","name":"Folha Popular","description":"Onde voc\u00ea tem vez e voz","potentialAction":[{"@type":"SearchAction","target":{"@type":"EntryPoint","urlTemplate":"https:\/\/folhapopular.info\/?s={search_term_string}"},"query-input":{"@type":"PropertyValueSpecification","valueRequired":true,"valueName":"search_term_string"}}],"inLanguage":"pt-BR"},{"@type":"Person","@id":"https:\/\/folhapopular.info\/#\/schema\/person\/2814e8a0df7643585a9ca38bc6eb9d4b","name":"Reda\u00e7\u00e3o Folha Popular","image":{"@type":"ImageObject","inLanguage":"pt-BR","@id":"https:\/\/folhapopular.info\/wp-content\/uploads\/2026\/04\/Folha-1.webp","url":"https:\/\/folhapopular.info\/wp-content\/uploads\/2026\/04\/Folha-1.webp","contentUrl":"https:\/\/folhapopular.info\/wp-content\/uploads\/2026\/04\/Folha-1.webp","caption":"Reda\u00e7\u00e3o Folha Popular"},"url":"https:\/\/folhapopular.info\/index.php\/author\/redacao\/"}]}},"jetpack_featured_media_url":"https:\/\/folhapopular.info\/wp-content\/uploads\/2025\/07\/folhapopular.info-2.png","jetpack_sharing_enabled":true,"amp_enabled":true,"_links":{"self":[{"href":"https:\/\/folhapopular.info\/index.php\/wp-json\/wp\/v2\/posts\/189916","targetHints":{"allow":["GET"]}}],"collection":[{"href":"https:\/\/folhapopular.info\/index.php\/wp-json\/wp\/v2\/posts"}],"about":[{"href":"https:\/\/folhapopular.info\/index.php\/wp-json\/wp\/v2\/types\/post"}],"author":[{"embeddable":true,"href":"https:\/\/folhapopular.info\/index.php\/wp-json\/wp\/v2\/users\/8"}],"replies":[{"embeddable":true,"href":"https:\/\/folhapopular.info\/index.php\/wp-json\/wp\/v2\/comments?post=189916"}],"version-history":[{"count":0,"href":"https:\/\/folhapopular.info\/index.php\/wp-json\/wp\/v2\/posts\/189916\/revisions"}],"wp:featuredmedia":[{"embeddable":true,"href":"https:\/\/folhapopular.info\/index.php\/wp-json\/wp\/v2\/media\/189599"}],"wp:attachment":[{"href":"https:\/\/folhapopular.info\/index.php\/wp-json\/wp\/v2\/media?parent=189916"}],"wp:term":[{"taxonomy":"category","embeddable":true,"href":"https:\/\/folhapopular.info\/index.php\/wp-json\/wp\/v2\/categories?post=189916"},{"taxonomy":"post_tag","embeddable":true,"href":"https:\/\/folhapopular.info\/index.php\/wp-json\/wp\/v2\/tags?post=189916"}],"curies":[{"name":"wp","href":"https:\/\/api.w.org\/{rel}","templated":true}]}}