{"id":189918,"date":"2025-07-10T06:42:32","date_gmt":"2025-07-10T09:42:32","guid":{"rendered":"https:\/\/folhapopular.info\/?p=189918"},"modified":"2025-07-10T06:42:51","modified_gmt":"2025-07-10T09:42:51","slug":"acao-da-brigada-militar-resulta-em-prisao-por-roubo-e-receptacao-em-fazenda-vilanova","status":"publish","type":"post","link":"https:\/\/folhapopular.info\/index.php\/2025\/07\/10\/acao-da-brigada-militar-resulta-em-prisao-por-roubo-e-receptacao-em-fazenda-vilanova\/","title":{"rendered":"A\u00e7\u00e3o da Brigada Militar resulta em pris\u00e3o por roubo e recepta\u00e7\u00e3o em Fazenda Vilanova"},"content":{"rendered":"\n<p>Na manh\u00e3 desta quarta-feira (9\/7), a Brigada Militar prendeu dois homens, de 22 e 35 anos, por envolvimento em um caso de roubo e recepta\u00e7\u00e3o no munic\u00edpio de Fazenda Vilanova.<\/p>\n\n\n\n<p>A a\u00e7\u00e3o come\u00e7ou ap\u00f3s a den\u00fancia de uma v\u00edtima que foi assaltada por um homem armado com um objeto semelhante a uma arma de fogo, que levou seu celular. A partir das caracter\u00edsticas repassadas, os policiais conseguiram localizar o suspeito, que confessou o crime e afirmou ter trocado o celular e o simulacro por entorpecentes com outro indiv\u00edduo.<\/p>\n\n\n\n<p>Na resid\u00eancia do segundo envolvido, a guarni\u00e7\u00e3o encontrou o celular roubado, um simulacro de pistola e uma carabina de press\u00e3o. Ambos os homens possuem antecedentes criminais e foram conduzidos \u00e0 Delegacia de Pol\u00edcia para os procedimentos legais.<\/p>\n\n\n\n<p>A ocorr\u00eancia foi atendida pelo efetivo do 40\u00ba Batalh\u00e3o de Pol\u00edcia Militar.<\/p>\n","protected":false},"excerpt":{"rendered":"<p>Na manh\u00e3 desta quarta-feira (9\/7), a Brigada Militar prendeu dois homens, de 22 e 35 anos, por envolvimento em um caso de roubo e recepta\u00e7\u00e3o no munic\u00edpio de Fazenda Vilanova. A a\u00e7\u00e3o come\u00e7ou ap\u00f3s a den\u00fancia de uma v\u00edtima que foi assaltada por um homem armado com um objeto semelhante a uma arma de fogo, [&hellip;]<\/p>\n","protected":false},"author":8,"featured_media":189919,"comment_status":"open","ping_status":"open","sticky":false,"template":"","format":"standard","meta":{"pmpro_default_level":"","_jetpack_memberships_contains_paid_content":false,"footnotes":""},"categories":[10982,7],"tags":[251,107,1260,478,18954],"class_list":{"0":"post-189918","1":"post","2":"type-post","3":"status-publish","4":"format-standard","5":"has-post-thumbnail","7":"category-policia","8":"category-seguranca","9":"tag-brigada-militar","10":"tag-prisao","11":"tag-receptacao","12":"tag-roubo","13":"tag-vilanova","14":"pmpro-has-access"},"yoast_head":"<!-- This site is optimized with the Yoast SEO plugin v27.5 - https:\/\/yoast.com\/product\/yoast-seo-wordpress\/ -->\n<title>A\u00e7\u00e3o da Brigada Militar resulta em pris\u00e3o por roubo e recepta\u00e7\u00e3o em Fazenda Vilanova - Folha Popular<\/title>\n<meta name=\"robots\" content=\"index, follow, max-snippet:-1, max-image-preview:large, max-video-preview:-1\" \/>\n<link rel=\"canonical\" href=\"https:\/\/folhapopular.info\/index.php\/2025\/07\/10\/acao-da-brigada-militar-resulta-em-prisao-por-roubo-e-receptacao-em-fazenda-vilanova\/\" \/>\n<meta property=\"og:locale\" content=\"pt_BR\" \/>\n<meta property=\"og:type\" content=\"article\" \/>\n<meta property=\"og:title\" content=\"A\u00e7\u00e3o da Brigada Militar resulta em pris\u00e3o por roubo e recepta\u00e7\u00e3o em Fazenda Vilanova - Folha Popular\" \/>\n<meta property=\"og:description\" content=\"Na manh\u00e3 desta quarta-feira (9\/7), a Brigada Militar prendeu dois homens, de 22 e 35 anos, por envolvimento em um caso de roubo e recepta\u00e7\u00e3o no munic\u00edpio de Fazenda Vilanova. A a\u00e7\u00e3o come\u00e7ou ap\u00f3s a den\u00fancia de uma v\u00edtima que foi assaltada por um homem armado com um objeto semelhante a uma arma de fogo, [&hellip;]\" \/>\n<meta property=\"og:url\" content=\"https:\/\/folhapopular.info\/index.php\/2025\/07\/10\/acao-da-brigada-militar-resulta-em-prisao-por-roubo-e-receptacao-em-fazenda-vilanova\/\" \/>\n<meta property=\"og:site_name\" content=\"Folha Popular\" \/>\n<meta property=\"article:published_time\" content=\"2025-07-10T09:42:32+00:00\" \/>\n<meta property=\"article:modified_time\" content=\"2025-07-10T09:42:51+00:00\" \/>\n<meta property=\"og:image\" content=\"http:\/\/folhapopular.info\/wp-content\/uploads\/2025\/07\/IMG-20250710-WA0002.jpg\" \/>\n\t<meta property=\"og:image:width\" content=\"1391\" \/>\n\t<meta property=\"og:image:height\" content=\"1600\" \/>\n\t<meta property=\"og:image:type\" content=\"image\/jpeg\" \/>\n<meta name=\"author\" content=\"Reda\u00e7\u00e3o Folha Popular\" \/>\n<meta name=\"twitter:card\" content=\"summary_large_image\" \/>\n<meta name=\"twitter:label1\" content=\"Escrito por\" \/>\n\t<meta name=\"twitter:data1\" content=\"Reda\u00e7\u00e3o Folha Popular\" \/>\n\t<meta name=\"twitter:label2\" content=\"Est. tempo de leitura\" \/>\n\t<meta name=\"twitter:data2\" content=\"1 minuto\" \/>\n<script type=\"application\/ld+json\" class=\"yoast-schema-graph\">{\"@context\":\"https:\\\/\\\/schema.org\",\"@graph\":[{\"@type\":\"Article\",\"@id\":\"https:\\\/\\\/folhapopular.info\\\/index.php\\\/2025\\\/07\\\/10\\\/acao-da-brigada-militar-resulta-em-prisao-por-roubo-e-receptacao-em-fazenda-vilanova\\\/#article\",\"isPartOf\":{\"@id\":\"https:\\\/\\\/folhapopular.info\\\/index.php\\\/2025\\\/07\\\/10\\\/acao-da-brigada-militar-resulta-em-prisao-por-roubo-e-receptacao-em-fazenda-vilanova\\\/\"},\"author\":{\"name\":\"Reda\u00e7\u00e3o Folha Popular\",\"@id\":\"https:\\\/\\\/folhapopular.info\\\/#\\\/schema\\\/person\\\/2814e8a0df7643585a9ca38bc6eb9d4b\"},\"headline\":\"A\u00e7\u00e3o da Brigada Militar resulta em pris\u00e3o por roubo e recepta\u00e7\u00e3o em Fazenda Vilanova\",\"datePublished\":\"2025-07-10T09:42:32+00:00\",\"dateModified\":\"2025-07-10T09:42:51+00:00\",\"mainEntityOfPage\":{\"@id\":\"https:\\\/\\\/folhapopular.info\\\/index.php\\\/2025\\\/07\\\/10\\\/acao-da-brigada-militar-resulta-em-prisao-por-roubo-e-receptacao-em-fazenda-vilanova\\\/\"},\"wordCount\":165,\"commentCount\":0,\"image\":{\"@id\":\"https:\\\/\\\/folhapopular.info\\\/index.php\\\/2025\\\/07\\\/10\\\/acao-da-brigada-militar-resulta-em-prisao-por-roubo-e-receptacao-em-fazenda-vilanova\\\/#primaryimage\"},\"thumbnailUrl\":\"https:\\\/\\\/folhapopular.info\\\/wp-content\\\/uploads\\\/2025\\\/07\\\/IMG-20250710-WA0002.jpg\",\"keywords\":[\"Brigada Militar\",\"Pris\u00e3o\",\"Recepta\u00e7\u00e3o\",\"Roubo\",\"Vilanova\"],\"articleSection\":[\"Pol\u00edcia\",\"Seguran\u00e7a\"],\"inLanguage\":\"pt-BR\",\"potentialAction\":[{\"@type\":\"CommentAction\",\"name\":\"Comment\",\"target\":[\"https:\\\/\\\/folhapopular.info\\\/index.php\\\/2025\\\/07\\\/10\\\/acao-da-brigada-militar-resulta-em-prisao-por-roubo-e-receptacao-em-fazenda-vilanova\\\/#respond\"]}]},{\"@type\":\"WebPage\",\"@id\":\"https:\\\/\\\/folhapopular.info\\\/index.php\\\/2025\\\/07\\\/10\\\/acao-da-brigada-militar-resulta-em-prisao-por-roubo-e-receptacao-em-fazenda-vilanova\\\/\",\"url\":\"https:\\\/\\\/folhapopular.info\\\/index.php\\\/2025\\\/07\\\/10\\\/acao-da-brigada-militar-resulta-em-prisao-por-roubo-e-receptacao-em-fazenda-vilanova\\\/\",\"name\":\"A\u00e7\u00e3o da Brigada Militar resulta em pris\u00e3o por roubo e recepta\u00e7\u00e3o em Fazenda Vilanova - Folha Popular\",\"isPartOf\":{\"@id\":\"https:\\\/\\\/folhapopular.info\\\/#website\"},\"primaryImageOfPage\":{\"@id\":\"https:\\\/\\\/folhapopular.info\\\/index.php\\\/2025\\\/07\\\/10\\\/acao-da-brigada-militar-resulta-em-prisao-por-roubo-e-receptacao-em-fazenda-vilanova\\\/#primaryimage\"},\"image\":{\"@id\":\"https:\\\/\\\/folhapopular.info\\\/index.php\\\/2025\\\/07\\\/10\\\/acao-da-brigada-militar-resulta-em-prisao-por-roubo-e-receptacao-em-fazenda-vilanova\\\/#primaryimage\"},\"thumbnailUrl\":\"https:\\\/\\\/folhapopular.info\\\/wp-content\\\/uploads\\\/2025\\\/07\\\/IMG-20250710-WA0002.jpg\",\"datePublished\":\"2025-07-10T09:42:32+00:00\",\"dateModified\":\"2025-07-10T09:42:51+00:00\",\"author\":{\"@id\":\"https:\\\/\\\/folhapopular.info\\\/#\\\/schema\\\/person\\\/2814e8a0df7643585a9ca38bc6eb9d4b\"},\"breadcrumb\":{\"@id\":\"https:\\\/\\\/folhapopular.info\\\/index.php\\\/2025\\\/07\\\/10\\\/acao-da-brigada-militar-resulta-em-prisao-por-roubo-e-receptacao-em-fazenda-vilanova\\\/#breadcrumb\"},\"inLanguage\":\"pt-BR\",\"potentialAction\":[{\"@type\":\"ReadAction\",\"target\":[\"https:\\\/\\\/folhapopular.info\\\/index.php\\\/2025\\\/07\\\/10\\\/acao-da-brigada-militar-resulta-em-prisao-por-roubo-e-receptacao-em-fazenda-vilanova\\\/\"]}]},{\"@type\":\"ImageObject\",\"inLanguage\":\"pt-BR\",\"@id\":\"https:\\\/\\\/folhapopular.info\\\/index.php\\\/2025\\\/07\\\/10\\\/acao-da-brigada-militar-resulta-em-prisao-por-roubo-e-receptacao-em-fazenda-vilanova\\\/#primaryimage\",\"url\":\"https:\\\/\\\/folhapopular.info\\\/wp-content\\\/uploads\\\/2025\\\/07\\\/IMG-20250710-WA0002.jpg\",\"contentUrl\":\"https:\\\/\\\/folhapopular.info\\\/wp-content\\\/uploads\\\/2025\\\/07\\\/IMG-20250710-WA0002.jpg\",\"width\":1391,\"height\":1600},{\"@type\":\"BreadcrumbList\",\"@id\":\"https:\\\/\\\/folhapopular.info\\\/index.php\\\/2025\\\/07\\\/10\\\/acao-da-brigada-militar-resulta-em-prisao-por-roubo-e-receptacao-em-fazenda-vilanova\\\/#breadcrumb\",\"itemListElement\":[{\"@type\":\"ListItem\",\"position\":1,\"name\":\"In\u00edcio\",\"item\":\"https:\\\/\\\/folhapopular.info\\\/\"},{\"@type\":\"ListItem\",\"position\":2,\"name\":\"A\u00e7\u00e3o da Brigada Militar resulta em pris\u00e3o por roubo e recepta\u00e7\u00e3o em Fazenda Vilanova\"}]},{\"@type\":\"WebSite\",\"@id\":\"https:\\\/\\\/folhapopular.info\\\/#website\",\"url\":\"https:\\\/\\\/folhapopular.info\\\/\",\"name\":\"Folha Popular\",\"description\":\"Onde voc\u00ea tem vez e voz\",\"potentialAction\":[{\"@type\":\"SearchAction\",\"target\":{\"@type\":\"EntryPoint\",\"urlTemplate\":\"https:\\\/\\\/folhapopular.info\\\/?s={search_term_string}\"},\"query-input\":{\"@type\":\"PropertyValueSpecification\",\"valueRequired\":true,\"valueName\":\"search_term_string\"}}],\"inLanguage\":\"pt-BR\"},{\"@type\":\"Person\",\"@id\":\"https:\\\/\\\/folhapopular.info\\\/#\\\/schema\\\/person\\\/2814e8a0df7643585a9ca38bc6eb9d4b\",\"name\":\"Reda\u00e7\u00e3o Folha Popular\",\"image\":{\"@type\":\"ImageObject\",\"inLanguage\":\"pt-BR\",\"@id\":\"https:\\\/\\\/folhapopular.info\\\/wp-content\\\/uploads\\\/2026\\\/04\\\/Folha-1.webp\",\"url\":\"https:\\\/\\\/folhapopular.info\\\/wp-content\\\/uploads\\\/2026\\\/04\\\/Folha-1.webp\",\"contentUrl\":\"https:\\\/\\\/folhapopular.info\\\/wp-content\\\/uploads\\\/2026\\\/04\\\/Folha-1.webp\",\"caption\":\"Reda\u00e7\u00e3o Folha Popular\"},\"url\":\"https:\\\/\\\/folhapopular.info\\\/index.php\\\/author\\\/redacao\\\/\"}]}<\/script>\n<!-- \/ Yoast SEO plugin. -->","yoast_head_json":{"title":"A\u00e7\u00e3o da Brigada Militar resulta em pris\u00e3o por roubo e recepta\u00e7\u00e3o em Fazenda Vilanova - Folha Popular","robots":{"index":"index","follow":"follow","max-snippet":"max-snippet:-1","max-image-preview":"max-image-preview:large","max-video-preview":"max-video-preview:-1"},"canonical":"https:\/\/folhapopular.info\/index.php\/2025\/07\/10\/acao-da-brigada-militar-resulta-em-prisao-por-roubo-e-receptacao-em-fazenda-vilanova\/","og_locale":"pt_BR","og_type":"article","og_title":"A\u00e7\u00e3o da Brigada Militar resulta em pris\u00e3o por roubo e recepta\u00e7\u00e3o em Fazenda Vilanova - Folha Popular","og_description":"Na manh\u00e3 desta quarta-feira (9\/7), a Brigada Militar prendeu dois homens, de 22 e 35 anos, por envolvimento em um caso de roubo e recepta\u00e7\u00e3o no munic\u00edpio de Fazenda Vilanova. A a\u00e7\u00e3o come\u00e7ou ap\u00f3s a den\u00fancia de uma v\u00edtima que foi assaltada por um homem armado com um objeto semelhante a uma arma de fogo, [&hellip;]","og_url":"https:\/\/folhapopular.info\/index.php\/2025\/07\/10\/acao-da-brigada-militar-resulta-em-prisao-por-roubo-e-receptacao-em-fazenda-vilanova\/","og_site_name":"Folha Popular","article_published_time":"2025-07-10T09:42:32+00:00","article_modified_time":"2025-07-10T09:42:51+00:00","og_image":[{"width":1391,"height":1600,"url":"http:\/\/folhapopular.info\/wp-content\/uploads\/2025\/07\/IMG-20250710-WA0002.jpg","type":"image\/jpeg"}],"author":"Reda\u00e7\u00e3o Folha Popular","twitter_card":"summary_large_image","twitter_misc":{"Escrito por":"Reda\u00e7\u00e3o Folha Popular","Est. tempo de leitura":"1 minuto"},"schema":{"@context":"https:\/\/schema.org","@graph":[{"@type":"Article","@id":"https:\/\/folhapopular.info\/index.php\/2025\/07\/10\/acao-da-brigada-militar-resulta-em-prisao-por-roubo-e-receptacao-em-fazenda-vilanova\/#article","isPartOf":{"@id":"https:\/\/folhapopular.info\/index.php\/2025\/07\/10\/acao-da-brigada-militar-resulta-em-prisao-por-roubo-e-receptacao-em-fazenda-vilanova\/"},"author":{"name":"Reda\u00e7\u00e3o Folha Popular","@id":"https:\/\/folhapopular.info\/#\/schema\/person\/2814e8a0df7643585a9ca38bc6eb9d4b"},"headline":"A\u00e7\u00e3o da Brigada Militar resulta em pris\u00e3o por roubo e recepta\u00e7\u00e3o em Fazenda Vilanova","datePublished":"2025-07-10T09:42:32+00:00","dateModified":"2025-07-10T09:42:51+00:00","mainEntityOfPage":{"@id":"https:\/\/folhapopular.info\/index.php\/2025\/07\/10\/acao-da-brigada-militar-resulta-em-prisao-por-roubo-e-receptacao-em-fazenda-vilanova\/"},"wordCount":165,"commentCount":0,"image":{"@id":"https:\/\/folhapopular.info\/index.php\/2025\/07\/10\/acao-da-brigada-militar-resulta-em-prisao-por-roubo-e-receptacao-em-fazenda-vilanova\/#primaryimage"},"thumbnailUrl":"https:\/\/folhapopular.info\/wp-content\/uploads\/2025\/07\/IMG-20250710-WA0002.jpg","keywords":["Brigada Militar","Pris\u00e3o","Recepta\u00e7\u00e3o","Roubo","Vilanova"],"articleSection":["Pol\u00edcia","Seguran\u00e7a"],"inLanguage":"pt-BR","potentialAction":[{"@type":"CommentAction","name":"Comment","target":["https:\/\/folhapopular.info\/index.php\/2025\/07\/10\/acao-da-brigada-militar-resulta-em-prisao-por-roubo-e-receptacao-em-fazenda-vilanova\/#respond"]}]},{"@type":"WebPage","@id":"https:\/\/folhapopular.info\/index.php\/2025\/07\/10\/acao-da-brigada-militar-resulta-em-prisao-por-roubo-e-receptacao-em-fazenda-vilanova\/","url":"https:\/\/folhapopular.info\/index.php\/2025\/07\/10\/acao-da-brigada-militar-resulta-em-prisao-por-roubo-e-receptacao-em-fazenda-vilanova\/","name":"A\u00e7\u00e3o da Brigada Militar resulta em pris\u00e3o por roubo e recepta\u00e7\u00e3o em Fazenda Vilanova - Folha Popular","isPartOf":{"@id":"https:\/\/folhapopular.info\/#website"},"primaryImageOfPage":{"@id":"https:\/\/folhapopular.info\/index.php\/2025\/07\/10\/acao-da-brigada-militar-resulta-em-prisao-por-roubo-e-receptacao-em-fazenda-vilanova\/#primaryimage"},"image":{"@id":"https:\/\/folhapopular.info\/index.php\/2025\/07\/10\/acao-da-brigada-militar-resulta-em-prisao-por-roubo-e-receptacao-em-fazenda-vilanova\/#primaryimage"},"thumbnailUrl":"https:\/\/folhapopular.info\/wp-content\/uploads\/2025\/07\/IMG-20250710-WA0002.jpg","datePublished":"2025-07-10T09:42:32+00:00","dateModified":"2025-07-10T09:42:51+00:00","author":{"@id":"https:\/\/folhapopular.info\/#\/schema\/person\/2814e8a0df7643585a9ca38bc6eb9d4b"},"breadcrumb":{"@id":"https:\/\/folhapopular.info\/index.php\/2025\/07\/10\/acao-da-brigada-militar-resulta-em-prisao-por-roubo-e-receptacao-em-fazenda-vilanova\/#breadcrumb"},"inLanguage":"pt-BR","potentialAction":[{"@type":"ReadAction","target":["https:\/\/folhapopular.info\/index.php\/2025\/07\/10\/acao-da-brigada-militar-resulta-em-prisao-por-roubo-e-receptacao-em-fazenda-vilanova\/"]}]},{"@type":"ImageObject","inLanguage":"pt-BR","@id":"https:\/\/folhapopular.info\/index.php\/2025\/07\/10\/acao-da-brigada-militar-resulta-em-prisao-por-roubo-e-receptacao-em-fazenda-vilanova\/#primaryimage","url":"https:\/\/folhapopular.info\/wp-content\/uploads\/2025\/07\/IMG-20250710-WA0002.jpg","contentUrl":"https:\/\/folhapopular.info\/wp-content\/uploads\/2025\/07\/IMG-20250710-WA0002.jpg","width":1391,"height":1600},{"@type":"BreadcrumbList","@id":"https:\/\/folhapopular.info\/index.php\/2025\/07\/10\/acao-da-brigada-militar-resulta-em-prisao-por-roubo-e-receptacao-em-fazenda-vilanova\/#breadcrumb","itemListElement":[{"@type":"ListItem","position":1,"name":"In\u00edcio","item":"https:\/\/folhapopular.info\/"},{"@type":"ListItem","position":2,"name":"A\u00e7\u00e3o da Brigada Militar resulta em pris\u00e3o por roubo e recepta\u00e7\u00e3o em Fazenda Vilanova"}]},{"@type":"WebSite","@id":"https:\/\/folhapopular.info\/#website","url":"https:\/\/folhapopular.info\/","name":"Folha Popular","description":"Onde voc\u00ea tem vez e voz","potentialAction":[{"@type":"SearchAction","target":{"@type":"EntryPoint","urlTemplate":"https:\/\/folhapopular.info\/?s={search_term_string}"},"query-input":{"@type":"PropertyValueSpecification","valueRequired":true,"valueName":"search_term_string"}}],"inLanguage":"pt-BR"},{"@type":"Person","@id":"https:\/\/folhapopular.info\/#\/schema\/person\/2814e8a0df7643585a9ca38bc6eb9d4b","name":"Reda\u00e7\u00e3o Folha Popular","image":{"@type":"ImageObject","inLanguage":"pt-BR","@id":"https:\/\/folhapopular.info\/wp-content\/uploads\/2026\/04\/Folha-1.webp","url":"https:\/\/folhapopular.info\/wp-content\/uploads\/2026\/04\/Folha-1.webp","contentUrl":"https:\/\/folhapopular.info\/wp-content\/uploads\/2026\/04\/Folha-1.webp","caption":"Reda\u00e7\u00e3o Folha Popular"},"url":"https:\/\/folhapopular.info\/index.php\/author\/redacao\/"}]}},"jetpack_featured_media_url":"https:\/\/folhapopular.info\/wp-content\/uploads\/2025\/07\/IMG-20250710-WA0002.jpg","jetpack_sharing_enabled":true,"amp_enabled":true,"_links":{"self":[{"href":"https:\/\/folhapopular.info\/index.php\/wp-json\/wp\/v2\/posts\/189918","targetHints":{"allow":["GET"]}}],"collection":[{"href":"https:\/\/folhapopular.info\/index.php\/wp-json\/wp\/v2\/posts"}],"about":[{"href":"https:\/\/folhapopular.info\/index.php\/wp-json\/wp\/v2\/types\/post"}],"author":[{"embeddable":true,"href":"https:\/\/folhapopular.info\/index.php\/wp-json\/wp\/v2\/users\/8"}],"replies":[{"embeddable":true,"href":"https:\/\/folhapopular.info\/index.php\/wp-json\/wp\/v2\/comments?post=189918"}],"version-history":[{"count":0,"href":"https:\/\/folhapopular.info\/index.php\/wp-json\/wp\/v2\/posts\/189918\/revisions"}],"wp:featuredmedia":[{"embeddable":true,"href":"https:\/\/folhapopular.info\/index.php\/wp-json\/wp\/v2\/media\/189919"}],"wp:attachment":[{"href":"https:\/\/folhapopular.info\/index.php\/wp-json\/wp\/v2\/media?parent=189918"}],"wp:term":[{"taxonomy":"category","embeddable":true,"href":"https:\/\/folhapopular.info\/index.php\/wp-json\/wp\/v2\/categories?post=189918"},{"taxonomy":"post_tag","embeddable":true,"href":"https:\/\/folhapopular.info\/index.php\/wp-json\/wp\/v2\/tags?post=189918"}],"curies":[{"name":"wp","href":"https:\/\/api.w.org\/{rel}","templated":true}]}}