{"id":190059,"date":"2025-07-12T15:00:00","date_gmt":"2025-07-12T18:00:00","guid":{"rendered":"https:\/\/folhapopular.info\/?p=190059"},"modified":"2025-07-12T08:46:51","modified_gmt":"2025-07-12T11:46:51","slug":"agro-santa-clara-vende-500-itens-a-200-clientes-no-1o-dia-de-atividades","status":"publish","type":"post","link":"https:\/\/folhapopular.info\/index.php\/2025\/07\/12\/agro-santa-clara-vende-500-itens-a-200-clientes-no-1o-dia-de-atividades\/","title":{"rendered":"Agro Santa Clara vende 500 itens a 200 clientes no 1\u00ba dia de atividades"},"content":{"rendered":"\n<p>A Cooperativa Santa Clara inaugurou a 15<sup>a<\/sup> unidade do Agro Santa Clara em Teut\u00f4nia na quarta-feira (9\/7). Localizada na Rua 25 de Julho, n\u00ba 156, no Bairro Languiru, a loja recebeu grande presen\u00e7a de p\u00fablico, desde autoridades a associados e p\u00fablico em geral. Mostrando o sucesso e reconhecimento da marca Santa Clara, o 1\u00ba dia de atividades registrou a venda de 500 produtos diversificados a aproximadamente 200 clientes. Os produtos mais vendidos foram ra\u00e7\u00f5es, medicamentos veterin\u00e1rios&nbsp;e itens de bazar.<\/p>\n\n\n\n<p>Apesar do foco em produtos agr\u00edcolas, especialmente leiteiros \u2013 carro-chefe da cooperativa -, a unidade agropecu\u00e1ria vai muito al\u00e9m da vida no campo, oferecendo eletrodom\u00e9sticos, materiais de constru\u00e7\u00e3o e diversas solu\u00e7\u00f5es, voltadas tanto para o produtor rural quanto para o consumidor urbano.<\/p>\n\n\n\n<p>A expans\u00e3o faz parte da estrat\u00e9gia da Santa Clara de fortalecer sua presen\u00e7a regional, aproximar-se da comunidade e facilitar o acesso dos associados e clientes a uma estrutura completa, com atendimento de qualidade. A cooperativa possui cerca de 70 associados na cidade e regi\u00e3o, grande motivo pelo qual encaminhou sua vinda a Teut\u00f4nia.<\/p>\n\n\n\n<p>A abertura do agrocenter faz parte do planejamento estrat\u00e9gico de expans\u00e3o da cooperativa a um raio de atendimento que abrange 16 munic\u00edpios &#8211; com foco inicial na microrregi\u00e3o de Teut\u00f4nia, \u201conde o agroneg\u00f3cio vibra, com destaque para a produ\u00e7\u00e3o de leite e a agricultura\u201d, enfatiza o presidente da Santa Clara, Gelsi Belmiro Thums.<\/p>\n\n\n\n<p>S\u00e3o mais de 3 mil itens dispostos em diversos setores com profissionais preparados para o atendimento personalizado. E, no m\u00eas da inaugura\u00e7\u00e3o, h\u00e1 ofertas especiais em linhas de produtos diversificados e sorteio para quem realizar compras na loja, comenta a supervisora da unidade, Marilise Peruzzo.<\/p>\n","protected":false},"excerpt":{"rendered":"<p>A Cooperativa Santa Clara inaugurou a 15a unidade do Agro Santa Clara em Teut\u00f4nia na quarta-feira (9\/7). Localizada na Rua 25 de Julho, n\u00ba 156, no Bairro Languiru, a loja recebeu grande presen\u00e7a de p\u00fablico, desde autoridades a associados e p\u00fablico em geral. Mostrando o sucesso e reconhecimento da marca Santa Clara, o 1\u00ba dia [&hellip;]<\/p>\n","protected":false},"author":639,"featured_media":190060,"comment_status":"open","ping_status":"open","sticky":false,"template":"","format":"standard","meta":{"pmpro_default_level":"","_jetpack_memberships_contains_paid_content":false,"footnotes":""},"categories":[2,10991],"tags":[18952,12866,26],"class_list":{"0":"post-190059","1":"post","2":"type-post","3":"status-publish","4":"format-standard","5":"has-post-thumbnail","7":"category-featured","8":"category-economia","9":"tag-agro-santa-clara","10":"tag-cooperativa-santa-clara","11":"tag-teutonia","12":"pmpro-has-access"},"yoast_head":"<!-- This site is optimized with the Yoast SEO plugin v27.5 - https:\/\/yoast.com\/product\/yoast-seo-wordpress\/ -->\n<title>Agro Santa Clara vende 500 itens a 200 clientes no 1\u00ba dia de atividades - Folha Popular<\/title>\n<meta name=\"robots\" content=\"index, follow, max-snippet:-1, max-image-preview:large, max-video-preview:-1\" \/>\n<link rel=\"canonical\" href=\"https:\/\/folhapopular.info\/index.php\/2025\/07\/12\/agro-santa-clara-vende-500-itens-a-200-clientes-no-1o-dia-de-atividades\/\" \/>\n<meta property=\"og:locale\" content=\"pt_BR\" \/>\n<meta property=\"og:type\" content=\"article\" \/>\n<meta property=\"og:title\" content=\"Agro Santa Clara vende 500 itens a 200 clientes no 1\u00ba dia de atividades - Folha Popular\" \/>\n<meta property=\"og:description\" content=\"A Cooperativa Santa Clara inaugurou a 15a unidade do Agro Santa Clara em Teut\u00f4nia na quarta-feira (9\/7). Localizada na Rua 25 de Julho, n\u00ba 156, no Bairro Languiru, a loja recebeu grande presen\u00e7a de p\u00fablico, desde autoridades a associados e p\u00fablico em geral. Mostrando o sucesso e reconhecimento da marca Santa Clara, o 1\u00ba dia [&hellip;]\" \/>\n<meta property=\"og:url\" content=\"https:\/\/folhapopular.info\/index.php\/2025\/07\/12\/agro-santa-clara-vende-500-itens-a-200-clientes-no-1o-dia-de-atividades\/\" \/>\n<meta property=\"og:site_name\" content=\"Folha Popular\" \/>\n<meta property=\"article:published_time\" content=\"2025-07-12T18:00:00+00:00\" \/>\n<meta property=\"og:image\" content=\"https:\/\/folhapopular.info\/wp-content\/uploads\/2025\/07\/Agrocenter-tem-mais-de-3-mil-itens-para-as-linhas-branca-e-rural_CLS-scaled.jpg\" \/>\n\t<meta property=\"og:image:width\" content=\"2560\" \/>\n\t<meta property=\"og:image:height\" content=\"1920\" \/>\n\t<meta property=\"og:image:type\" content=\"image\/jpeg\" \/>\n<meta name=\"author\" content=\"Camille Lenz da Silva\" \/>\n<meta name=\"twitter:card\" content=\"summary_large_image\" \/>\n<meta name=\"twitter:label1\" content=\"Escrito por\" \/>\n\t<meta name=\"twitter:data1\" content=\"Camille Lenz da Silva\" \/>\n\t<meta name=\"twitter:label2\" content=\"Est. tempo de leitura\" \/>\n\t<meta name=\"twitter:data2\" content=\"2 minutos\" \/>\n<script type=\"application\/ld+json\" class=\"yoast-schema-graph\">{\"@context\":\"https:\\\/\\\/schema.org\",\"@graph\":[{\"@type\":\"Article\",\"@id\":\"https:\\\/\\\/folhapopular.info\\\/index.php\\\/2025\\\/07\\\/12\\\/agro-santa-clara-vende-500-itens-a-200-clientes-no-1o-dia-de-atividades\\\/#article\",\"isPartOf\":{\"@id\":\"https:\\\/\\\/folhapopular.info\\\/index.php\\\/2025\\\/07\\\/12\\\/agro-santa-clara-vende-500-itens-a-200-clientes-no-1o-dia-de-atividades\\\/\"},\"author\":{\"name\":\"Camille Lenz da Silva\",\"@id\":\"https:\\\/\\\/folhapopular.info\\\/#\\\/schema\\\/person\\\/f0b811f932ef2505faf473ffaef49df5\"},\"headline\":\"Agro Santa Clara vende 500 itens a 200 clientes no 1\u00ba dia de atividades\",\"datePublished\":\"2025-07-12T18:00:00+00:00\",\"mainEntityOfPage\":{\"@id\":\"https:\\\/\\\/folhapopular.info\\\/index.php\\\/2025\\\/07\\\/12\\\/agro-santa-clara-vende-500-itens-a-200-clientes-no-1o-dia-de-atividades\\\/\"},\"wordCount\":302,\"commentCount\":0,\"image\":{\"@id\":\"https:\\\/\\\/folhapopular.info\\\/index.php\\\/2025\\\/07\\\/12\\\/agro-santa-clara-vende-500-itens-a-200-clientes-no-1o-dia-de-atividades\\\/#primaryimage\"},\"thumbnailUrl\":\"https:\\\/\\\/folhapopular.info\\\/wp-content\\\/uploads\\\/2025\\\/07\\\/Agrocenter-tem-mais-de-3-mil-itens-para-as-linhas-branca-e-rural_CLS-scaled.jpg\",\"keywords\":[\"Agro Santa Clara\",\"cooperativa santa clara\",\"Teut\u00f4nia\"],\"articleSection\":[\"Destaques\",\"Economia\"],\"inLanguage\":\"pt-BR\",\"potentialAction\":[{\"@type\":\"CommentAction\",\"name\":\"Comment\",\"target\":[\"https:\\\/\\\/folhapopular.info\\\/index.php\\\/2025\\\/07\\\/12\\\/agro-santa-clara-vende-500-itens-a-200-clientes-no-1o-dia-de-atividades\\\/#respond\"]}]},{\"@type\":\"WebPage\",\"@id\":\"https:\\\/\\\/folhapopular.info\\\/index.php\\\/2025\\\/07\\\/12\\\/agro-santa-clara-vende-500-itens-a-200-clientes-no-1o-dia-de-atividades\\\/\",\"url\":\"https:\\\/\\\/folhapopular.info\\\/index.php\\\/2025\\\/07\\\/12\\\/agro-santa-clara-vende-500-itens-a-200-clientes-no-1o-dia-de-atividades\\\/\",\"name\":\"Agro Santa Clara vende 500 itens a 200 clientes no 1\u00ba dia de atividades - Folha Popular\",\"isPartOf\":{\"@id\":\"https:\\\/\\\/folhapopular.info\\\/#website\"},\"primaryImageOfPage\":{\"@id\":\"https:\\\/\\\/folhapopular.info\\\/index.php\\\/2025\\\/07\\\/12\\\/agro-santa-clara-vende-500-itens-a-200-clientes-no-1o-dia-de-atividades\\\/#primaryimage\"},\"image\":{\"@id\":\"https:\\\/\\\/folhapopular.info\\\/index.php\\\/2025\\\/07\\\/12\\\/agro-santa-clara-vende-500-itens-a-200-clientes-no-1o-dia-de-atividades\\\/#primaryimage\"},\"thumbnailUrl\":\"https:\\\/\\\/folhapopular.info\\\/wp-content\\\/uploads\\\/2025\\\/07\\\/Agrocenter-tem-mais-de-3-mil-itens-para-as-linhas-branca-e-rural_CLS-scaled.jpg\",\"datePublished\":\"2025-07-12T18:00:00+00:00\",\"author\":{\"@id\":\"https:\\\/\\\/folhapopular.info\\\/#\\\/schema\\\/person\\\/f0b811f932ef2505faf473ffaef49df5\"},\"breadcrumb\":{\"@id\":\"https:\\\/\\\/folhapopular.info\\\/index.php\\\/2025\\\/07\\\/12\\\/agro-santa-clara-vende-500-itens-a-200-clientes-no-1o-dia-de-atividades\\\/#breadcrumb\"},\"inLanguage\":\"pt-BR\",\"potentialAction\":[{\"@type\":\"ReadAction\",\"target\":[\"https:\\\/\\\/folhapopular.info\\\/index.php\\\/2025\\\/07\\\/12\\\/agro-santa-clara-vende-500-itens-a-200-clientes-no-1o-dia-de-atividades\\\/\"]}]},{\"@type\":\"ImageObject\",\"inLanguage\":\"pt-BR\",\"@id\":\"https:\\\/\\\/folhapopular.info\\\/index.php\\\/2025\\\/07\\\/12\\\/agro-santa-clara-vende-500-itens-a-200-clientes-no-1o-dia-de-atividades\\\/#primaryimage\",\"url\":\"https:\\\/\\\/folhapopular.info\\\/wp-content\\\/uploads\\\/2025\\\/07\\\/Agrocenter-tem-mais-de-3-mil-itens-para-as-linhas-branca-e-rural_CLS-scaled.jpg\",\"contentUrl\":\"https:\\\/\\\/folhapopular.info\\\/wp-content\\\/uploads\\\/2025\\\/07\\\/Agrocenter-tem-mais-de-3-mil-itens-para-as-linhas-branca-e-rural_CLS-scaled.jpg\",\"width\":2560,\"height\":1920,\"caption\":\"Agrocenter tem mais de 3 mil itens para as linhas branca e rural \\\/ Cr\u00e9dito: Camille Lenz da Silva\"},{\"@type\":\"BreadcrumbList\",\"@id\":\"https:\\\/\\\/folhapopular.info\\\/index.php\\\/2025\\\/07\\\/12\\\/agro-santa-clara-vende-500-itens-a-200-clientes-no-1o-dia-de-atividades\\\/#breadcrumb\",\"itemListElement\":[{\"@type\":\"ListItem\",\"position\":1,\"name\":\"In\u00edcio\",\"item\":\"https:\\\/\\\/folhapopular.info\\\/\"},{\"@type\":\"ListItem\",\"position\":2,\"name\":\"Agro Santa Clara vende 500 itens a 200 clientes no 1\u00ba dia de atividades\"}]},{\"@type\":\"WebSite\",\"@id\":\"https:\\\/\\\/folhapopular.info\\\/#website\",\"url\":\"https:\\\/\\\/folhapopular.info\\\/\",\"name\":\"Folha Popular\",\"description\":\"Onde voc\u00ea tem vez e voz\",\"potentialAction\":[{\"@type\":\"SearchAction\",\"target\":{\"@type\":\"EntryPoint\",\"urlTemplate\":\"https:\\\/\\\/folhapopular.info\\\/?s={search_term_string}\"},\"query-input\":{\"@type\":\"PropertyValueSpecification\",\"valueRequired\":true,\"valueName\":\"search_term_string\"}}],\"inLanguage\":\"pt-BR\"},{\"@type\":\"Person\",\"@id\":\"https:\\\/\\\/folhapopular.info\\\/#\\\/schema\\\/person\\\/f0b811f932ef2505faf473ffaef49df5\",\"name\":\"Camille Lenz da Silva\",\"image\":{\"@type\":\"ImageObject\",\"inLanguage\":\"pt-BR\",\"@id\":\"https:\\\/\\\/secure.gravatar.com\\\/avatar\\\/50be826d73ca259ec0e0a88a407f5de800c576c46cfdc57e50ef28551e216fff?s=96&d=mm&r=g\",\"url\":\"https:\\\/\\\/secure.gravatar.com\\\/avatar\\\/50be826d73ca259ec0e0a88a407f5de800c576c46cfdc57e50ef28551e216fff?s=96&d=mm&r=g\",\"contentUrl\":\"https:\\\/\\\/secure.gravatar.com\\\/avatar\\\/50be826d73ca259ec0e0a88a407f5de800c576c46cfdc57e50ef28551e216fff?s=96&d=mm&r=g\",\"caption\":\"Camille Lenz da Silva\"},\"url\":\"https:\\\/\\\/folhapopular.info\\\/index.php\\\/author\\\/camillelenzgmail-com\\\/\"}]}<\/script>\n<!-- \/ Yoast SEO plugin. -->","yoast_head_json":{"title":"Agro Santa Clara vende 500 itens a 200 clientes no 1\u00ba dia de atividades - Folha Popular","robots":{"index":"index","follow":"follow","max-snippet":"max-snippet:-1","max-image-preview":"max-image-preview:large","max-video-preview":"max-video-preview:-1"},"canonical":"https:\/\/folhapopular.info\/index.php\/2025\/07\/12\/agro-santa-clara-vende-500-itens-a-200-clientes-no-1o-dia-de-atividades\/","og_locale":"pt_BR","og_type":"article","og_title":"Agro Santa Clara vende 500 itens a 200 clientes no 1\u00ba dia de atividades - Folha Popular","og_description":"A Cooperativa Santa Clara inaugurou a 15a unidade do Agro Santa Clara em Teut\u00f4nia na quarta-feira (9\/7). Localizada na Rua 25 de Julho, n\u00ba 156, no Bairro Languiru, a loja recebeu grande presen\u00e7a de p\u00fablico, desde autoridades a associados e p\u00fablico em geral. Mostrando o sucesso e reconhecimento da marca Santa Clara, o 1\u00ba dia [&hellip;]","og_url":"https:\/\/folhapopular.info\/index.php\/2025\/07\/12\/agro-santa-clara-vende-500-itens-a-200-clientes-no-1o-dia-de-atividades\/","og_site_name":"Folha Popular","article_published_time":"2025-07-12T18:00:00+00:00","og_image":[{"width":2560,"height":1920,"url":"https:\/\/folhapopular.info\/wp-content\/uploads\/2025\/07\/Agrocenter-tem-mais-de-3-mil-itens-para-as-linhas-branca-e-rural_CLS-scaled.jpg","type":"image\/jpeg"}],"author":"Camille Lenz da Silva","twitter_card":"summary_large_image","twitter_misc":{"Escrito por":"Camille Lenz da Silva","Est. tempo de leitura":"2 minutos"},"schema":{"@context":"https:\/\/schema.org","@graph":[{"@type":"Article","@id":"https:\/\/folhapopular.info\/index.php\/2025\/07\/12\/agro-santa-clara-vende-500-itens-a-200-clientes-no-1o-dia-de-atividades\/#article","isPartOf":{"@id":"https:\/\/folhapopular.info\/index.php\/2025\/07\/12\/agro-santa-clara-vende-500-itens-a-200-clientes-no-1o-dia-de-atividades\/"},"author":{"name":"Camille Lenz da Silva","@id":"https:\/\/folhapopular.info\/#\/schema\/person\/f0b811f932ef2505faf473ffaef49df5"},"headline":"Agro Santa Clara vende 500 itens a 200 clientes no 1\u00ba dia de atividades","datePublished":"2025-07-12T18:00:00+00:00","mainEntityOfPage":{"@id":"https:\/\/folhapopular.info\/index.php\/2025\/07\/12\/agro-santa-clara-vende-500-itens-a-200-clientes-no-1o-dia-de-atividades\/"},"wordCount":302,"commentCount":0,"image":{"@id":"https:\/\/folhapopular.info\/index.php\/2025\/07\/12\/agro-santa-clara-vende-500-itens-a-200-clientes-no-1o-dia-de-atividades\/#primaryimage"},"thumbnailUrl":"https:\/\/folhapopular.info\/wp-content\/uploads\/2025\/07\/Agrocenter-tem-mais-de-3-mil-itens-para-as-linhas-branca-e-rural_CLS-scaled.jpg","keywords":["Agro Santa Clara","cooperativa santa clara","Teut\u00f4nia"],"articleSection":["Destaques","Economia"],"inLanguage":"pt-BR","potentialAction":[{"@type":"CommentAction","name":"Comment","target":["https:\/\/folhapopular.info\/index.php\/2025\/07\/12\/agro-santa-clara-vende-500-itens-a-200-clientes-no-1o-dia-de-atividades\/#respond"]}]},{"@type":"WebPage","@id":"https:\/\/folhapopular.info\/index.php\/2025\/07\/12\/agro-santa-clara-vende-500-itens-a-200-clientes-no-1o-dia-de-atividades\/","url":"https:\/\/folhapopular.info\/index.php\/2025\/07\/12\/agro-santa-clara-vende-500-itens-a-200-clientes-no-1o-dia-de-atividades\/","name":"Agro Santa Clara vende 500 itens a 200 clientes no 1\u00ba dia de atividades - Folha Popular","isPartOf":{"@id":"https:\/\/folhapopular.info\/#website"},"primaryImageOfPage":{"@id":"https:\/\/folhapopular.info\/index.php\/2025\/07\/12\/agro-santa-clara-vende-500-itens-a-200-clientes-no-1o-dia-de-atividades\/#primaryimage"},"image":{"@id":"https:\/\/folhapopular.info\/index.php\/2025\/07\/12\/agro-santa-clara-vende-500-itens-a-200-clientes-no-1o-dia-de-atividades\/#primaryimage"},"thumbnailUrl":"https:\/\/folhapopular.info\/wp-content\/uploads\/2025\/07\/Agrocenter-tem-mais-de-3-mil-itens-para-as-linhas-branca-e-rural_CLS-scaled.jpg","datePublished":"2025-07-12T18:00:00+00:00","author":{"@id":"https:\/\/folhapopular.info\/#\/schema\/person\/f0b811f932ef2505faf473ffaef49df5"},"breadcrumb":{"@id":"https:\/\/folhapopular.info\/index.php\/2025\/07\/12\/agro-santa-clara-vende-500-itens-a-200-clientes-no-1o-dia-de-atividades\/#breadcrumb"},"inLanguage":"pt-BR","potentialAction":[{"@type":"ReadAction","target":["https:\/\/folhapopular.info\/index.php\/2025\/07\/12\/agro-santa-clara-vende-500-itens-a-200-clientes-no-1o-dia-de-atividades\/"]}]},{"@type":"ImageObject","inLanguage":"pt-BR","@id":"https:\/\/folhapopular.info\/index.php\/2025\/07\/12\/agro-santa-clara-vende-500-itens-a-200-clientes-no-1o-dia-de-atividades\/#primaryimage","url":"https:\/\/folhapopular.info\/wp-content\/uploads\/2025\/07\/Agrocenter-tem-mais-de-3-mil-itens-para-as-linhas-branca-e-rural_CLS-scaled.jpg","contentUrl":"https:\/\/folhapopular.info\/wp-content\/uploads\/2025\/07\/Agrocenter-tem-mais-de-3-mil-itens-para-as-linhas-branca-e-rural_CLS-scaled.jpg","width":2560,"height":1920,"caption":"Agrocenter tem mais de 3 mil itens para as linhas branca e rural \/ Cr\u00e9dito: Camille Lenz da Silva"},{"@type":"BreadcrumbList","@id":"https:\/\/folhapopular.info\/index.php\/2025\/07\/12\/agro-santa-clara-vende-500-itens-a-200-clientes-no-1o-dia-de-atividades\/#breadcrumb","itemListElement":[{"@type":"ListItem","position":1,"name":"In\u00edcio","item":"https:\/\/folhapopular.info\/"},{"@type":"ListItem","position":2,"name":"Agro Santa Clara vende 500 itens a 200 clientes no 1\u00ba dia de atividades"}]},{"@type":"WebSite","@id":"https:\/\/folhapopular.info\/#website","url":"https:\/\/folhapopular.info\/","name":"Folha Popular","description":"Onde voc\u00ea tem vez e voz","potentialAction":[{"@type":"SearchAction","target":{"@type":"EntryPoint","urlTemplate":"https:\/\/folhapopular.info\/?s={search_term_string}"},"query-input":{"@type":"PropertyValueSpecification","valueRequired":true,"valueName":"search_term_string"}}],"inLanguage":"pt-BR"},{"@type":"Person","@id":"https:\/\/folhapopular.info\/#\/schema\/person\/f0b811f932ef2505faf473ffaef49df5","name":"Camille Lenz da Silva","image":{"@type":"ImageObject","inLanguage":"pt-BR","@id":"https:\/\/secure.gravatar.com\/avatar\/50be826d73ca259ec0e0a88a407f5de800c576c46cfdc57e50ef28551e216fff?s=96&d=mm&r=g","url":"https:\/\/secure.gravatar.com\/avatar\/50be826d73ca259ec0e0a88a407f5de800c576c46cfdc57e50ef28551e216fff?s=96&d=mm&r=g","contentUrl":"https:\/\/secure.gravatar.com\/avatar\/50be826d73ca259ec0e0a88a407f5de800c576c46cfdc57e50ef28551e216fff?s=96&d=mm&r=g","caption":"Camille Lenz da Silva"},"url":"https:\/\/folhapopular.info\/index.php\/author\/camillelenzgmail-com\/"}]}},"jetpack_featured_media_url":"https:\/\/folhapopular.info\/wp-content\/uploads\/2025\/07\/Agrocenter-tem-mais-de-3-mil-itens-para-as-linhas-branca-e-rural_CLS-scaled.jpg","jetpack_sharing_enabled":true,"amp_enabled":true,"_links":{"self":[{"href":"https:\/\/folhapopular.info\/index.php\/wp-json\/wp\/v2\/posts\/190059","targetHints":{"allow":["GET"]}}],"collection":[{"href":"https:\/\/folhapopular.info\/index.php\/wp-json\/wp\/v2\/posts"}],"about":[{"href":"https:\/\/folhapopular.info\/index.php\/wp-json\/wp\/v2\/types\/post"}],"author":[{"embeddable":true,"href":"https:\/\/folhapopular.info\/index.php\/wp-json\/wp\/v2\/users\/639"}],"replies":[{"embeddable":true,"href":"https:\/\/folhapopular.info\/index.php\/wp-json\/wp\/v2\/comments?post=190059"}],"version-history":[{"count":0,"href":"https:\/\/folhapopular.info\/index.php\/wp-json\/wp\/v2\/posts\/190059\/revisions"}],"wp:featuredmedia":[{"embeddable":true,"href":"https:\/\/folhapopular.info\/index.php\/wp-json\/wp\/v2\/media\/190060"}],"wp:attachment":[{"href":"https:\/\/folhapopular.info\/index.php\/wp-json\/wp\/v2\/media?parent=190059"}],"wp:term":[{"taxonomy":"category","embeddable":true,"href":"https:\/\/folhapopular.info\/index.php\/wp-json\/wp\/v2\/categories?post=190059"},{"taxonomy":"post_tag","embeddable":true,"href":"https:\/\/folhapopular.info\/index.php\/wp-json\/wp\/v2\/tags?post=190059"}],"curies":[{"name":"wp","href":"https:\/\/api.w.org\/{rel}","templated":true}]}}