{"id":190084,"date":"2025-07-12T14:00:00","date_gmt":"2025-07-12T17:00:00","guid":{"rendered":"https:\/\/folhapopular.info\/?p=190084"},"modified":"2025-07-14T08:33:04","modified_gmt":"2025-07-14T11:33:04","slug":"a-jornada-do-esporte-clube-poco-das-antas-no-futebol-regional","status":"publish","type":"post","link":"https:\/\/folhapopular.info\/index.php\/2025\/07\/12\/a-jornada-do-esporte-clube-poco-das-antas-no-futebol-regional\/","title":{"rendered":"&#8220;Recome\u00e7ar n\u00e3o \u00e9 voltar atr\u00e1s, \u00e9 provar que ainda d\u00e1 certo&#8221;, diz dirigente do E.C. Po\u00e7o das Antas"},"content":{"rendered":"\n<p>Desde a retomada das atividades em 2017, o Esporte Clube Po\u00e7o das Antas n\u00e3o apenas voltou ao cen\u00e1rio esportivo regional, como reconstruiu sua identidade com trabalho coletivo, paix\u00e3o pela camisa e envolvimento da comunidade. Mais do que disputar campeonatos, o clube se firmou como s\u00edmbolo de resist\u00eancia do futebol amador no Vale do Taquari &#8211; uma caminhada que exigiu paci\u00eancia, dedica\u00e7\u00e3o e uni\u00e3o.<\/p>\n\n\n\n<p>\u201cN\u00e3o foi f\u00e1cil. Pegar um clube parado, com estrutura deteriorada, foi um desafio herc\u00faleo\u201d, resume William Franke, presidente do clube. A reativa\u00e7\u00e3o come\u00e7ou do zero: gramado coberto de mato, sede abandonada e sem recursos financeiros. Mas o esfor\u00e7o da primeira diretoria, formada em 2017, pavimentou o caminho para que o clube voltasse a competir em alto n\u00edvel. \u201cHoje, a gente colhe frutos de quem trabalhou l\u00e1 atr\u00e1s. Eu entrei na \u00faltima gest\u00e3o, mas o William j\u00e1 est\u00e1 desde o in\u00edcio. Eles t\u00eam muito m\u00e9rito nisso\u201d, reconhece Maur\u00edcio Steffens, dirigente do clube.<\/p>\n\n\n\n<p>Com uma torcida vibrante e fiel, o Po\u00e7o das Antas carrega mais do que uma rivalidade local: carrega hist\u00f3rias de inf\u00e2ncia, paix\u00f5es familiares e o desejo de manter viva uma tradi\u00e7\u00e3o esportiva. \u201cO futebol sempre fez parte da nossa vida. Desde crian\u00e7a, era a divers\u00e3o do interior. Comecei nos aspirantes e fiquei por ali, depois fui estudar fora, mas voltei para ajudar\u201d, conta William. Maur\u00edcio completa: \u201cNasce com a gente. Primeiro como gandula, depois jogando, e chega uma hora que tu pensa: agora \u00e9 minha vez de ajudar na diretoria para isso n\u00e3o morrer.\u201d<\/p>\n\n\n\n<figure class=\"wp-block-image size-large\"><img loading=\"lazy\" decoding=\"async\" width=\"768\" height=\"1024\" src=\"https:\/\/folhapopular.info\/wp-content\/uploads\/2025\/07\/As-gurias-do-Poco-fizeram-diferenca-nos-jogos-decisivos_Divulgacao-768x1024.jpeg\" alt=\"\" class=\"wp-image-190090\" srcset=\"https:\/\/folhapopular.info\/wp-content\/uploads\/2025\/07\/As-gurias-do-Poco-fizeram-diferenca-nos-jogos-decisivos_Divulgacao-768x1024.jpeg 768w, https:\/\/folhapopular.info\/wp-content\/uploads\/2025\/07\/As-gurias-do-Poco-fizeram-diferenca-nos-jogos-decisivos_Divulgacao-225x300.jpeg 225w, https:\/\/folhapopular.info\/wp-content\/uploads\/2025\/07\/As-gurias-do-Poco-fizeram-diferenca-nos-jogos-decisivos_Divulgacao-1152x1536.jpeg 1152w, https:\/\/folhapopular.info\/wp-content\/uploads\/2025\/07\/As-gurias-do-Poco-fizeram-diferenca-nos-jogos-decisivos_Divulgacao-315x420.jpeg 315w, https:\/\/folhapopular.info\/wp-content\/uploads\/2025\/07\/As-gurias-do-Poco-fizeram-diferenca-nos-jogos-decisivos_Divulgacao-696x928.jpeg 696w, https:\/\/folhapopular.info\/wp-content\/uploads\/2025\/07\/As-gurias-do-Poco-fizeram-diferenca-nos-jogos-decisivos_Divulgacao-1068x1424.jpeg 1068w, https:\/\/folhapopular.info\/wp-content\/uploads\/2025\/07\/As-gurias-do-Poco-fizeram-diferenca-nos-jogos-decisivos_Divulgacao.jpeg 1536w\" sizes=\"auto, (max-width: 768px) 100vw, 768px\" \/><figcaption class=\"wp-element-caption\"><br>As gurias do Po\u00e7o fizeram diferen\u00e7a nos jogos decisivos \/ Cr\u00e9dito: Divulga\u00e7\u00e3o<\/figcaption><\/figure>\n\n\n\n<p>Mesmo com a estrutura em boas condi\u00e7\u00f5es &#8211; destaque para as arquibancadas cobertas constru\u00eddas entre 2004 e 2005 -, o clube evita investimentos pesados nessa \u00e1rea e prioriza melhorias que beneficiem a comunidade ao longo do ano. \u201cPensar em ampliar a arquibancada n\u00e3o faz sentido, j\u00e1 que a grande presen\u00e7a ocorre s\u00f3 em mata-mata. Estamos mais focados em reformar os vesti\u00e1rios, ampliar o espa\u00e7o da arbitragem e modernizar a sede social, criando valor para um plano de s\u00f3cios\u201d, explica Maur\u00edcio.<\/p>\n\n\n\n<p>O clube tamb\u00e9m aposta na forma\u00e7\u00e3o de atletas locais. \u201cHoje, jogadores da regi\u00e3o est\u00e3o mais caros que atletas de fora, mesmo com custo de transporte. Por isso, \u00e9 importante voltar a produzir jogadores nos aspirantes e pensar o clube a longo prazo\u201d, observa Maur\u00edcio. A ideia \u00e9 refor\u00e7ar a identidade comunit\u00e1ria, mantendo vivo o elo entre torcida e campo. Ali\u00e1s, a torcida do Po\u00e7o das Antas se empolgou com as campanhas de semifinais, a final do Intermunicipal 2025 e o t\u00edtulo de uma Copa Via Esporte.<\/p>\n\n\n\n<figure class=\"wp-block-image size-large\"><img loading=\"lazy\" decoding=\"async\" width=\"1024\" height=\"576\" src=\"https:\/\/folhapopular.info\/wp-content\/uploads\/2025\/07\/Poco-das-Antas-chegou-a-final-e-foi-vice-campeao-do-Intermunicipal-Sicredi-2025_Bianca-Leticia-Fritscher_Especial-FP-3-1024x576.jpeg\" alt=\"\" class=\"wp-image-190088\" srcset=\"https:\/\/folhapopular.info\/wp-content\/uploads\/2025\/07\/Poco-das-Antas-chegou-a-final-e-foi-vice-campeao-do-Intermunicipal-Sicredi-2025_Bianca-Leticia-Fritscher_Especial-FP-3-1024x576.jpeg 1024w, https:\/\/folhapopular.info\/wp-content\/uploads\/2025\/07\/Poco-das-Antas-chegou-a-final-e-foi-vice-campeao-do-Intermunicipal-Sicredi-2025_Bianca-Leticia-Fritscher_Especial-FP-3-300x169.jpeg 300w, https:\/\/folhapopular.info\/wp-content\/uploads\/2025\/07\/Poco-das-Antas-chegou-a-final-e-foi-vice-campeao-do-Intermunicipal-Sicredi-2025_Bianca-Leticia-Fritscher_Especial-FP-3-768x432.jpeg 768w, https:\/\/folhapopular.info\/wp-content\/uploads\/2025\/07\/Poco-das-Antas-chegou-a-final-e-foi-vice-campeao-do-Intermunicipal-Sicredi-2025_Bianca-Leticia-Fritscher_Especial-FP-3-1536x864.jpeg 1536w, https:\/\/folhapopular.info\/wp-content\/uploads\/2025\/07\/Poco-das-Antas-chegou-a-final-e-foi-vice-campeao-do-Intermunicipal-Sicredi-2025_Bianca-Leticia-Fritscher_Especial-FP-3-747x420.jpeg 747w, https:\/\/folhapopular.info\/wp-content\/uploads\/2025\/07\/Poco-das-Antas-chegou-a-final-e-foi-vice-campeao-do-Intermunicipal-Sicredi-2025_Bianca-Leticia-Fritscher_Especial-FP-3-696x392.jpeg 696w, https:\/\/folhapopular.info\/wp-content\/uploads\/2025\/07\/Poco-das-Antas-chegou-a-final-e-foi-vice-campeao-do-Intermunicipal-Sicredi-2025_Bianca-Leticia-Fritscher_Especial-FP-3-1068x601.jpeg 1068w, https:\/\/folhapopular.info\/wp-content\/uploads\/2025\/07\/Poco-das-Antas-chegou-a-final-e-foi-vice-campeao-do-Intermunicipal-Sicredi-2025_Bianca-Leticia-Fritscher_Especial-FP-3.jpeg 1600w\" sizes=\"auto, (max-width: 1024px) 100vw, 1024px\" \/><figcaption class=\"wp-element-caption\"><br>Po\u00e7o das Antas chegou \u00e0 final e foi vice-campe\u00e3o do Intermunicipal Sicredi 2025 \/ Cr\u00e9dito: Bianca Let\u00edcia Fritscher &#8211; Especial FP<br><br><\/figcaption><\/figure>\n\n\n\n<h2 class=\"wp-block-heading\"><strong>Rivalidade<\/strong><\/h2>\n\n\n\n<p>A rivalidade com o 11 Amigos, clube da mesma cidade, \u00e9 um cap\u00edtulo \u00e0 parte. \u201cTem o lado bom e o lado ruim. Ajuda, porque um puxa o outro, mas, \u00e0s vezes, complica. A rivalidade nem sempre \u00e9 sadia e, quando foge do controle, a gente sofre com quest\u00f5es extracampo\u201d, admite Maur\u00edcio. A diretoria prega o respeito e repudia provoca\u00e7\u00f5es. \u201cHoje tem imprensa, tem rede social. Antigamente, o bicho pegava mesmo. Agora, qualquer empurr\u00e3o vira pol\u00eamica\u201d, diz William.<\/p>\n\n\n\n<h2 class=\"wp-block-heading\"><strong>Regional<\/strong><\/h2>\n\n\n\n<p>O Regional 2025 ser\u00e1 o segundo consecutivo, e o clube prepara novidades: novo fardamento &#8211; incluindo o tradicional modelo preto que fez sucesso &#8211; e um elenco competitivo dentro das possibilidades or\u00e7ament\u00e1rias. \u201cA gente v\u00ea clubes investindo pesado, mas nem tudo que se fala \u00e9 verdade. Nosso or\u00e7amento \u00e9 enxuto, mas respons\u00e1vel. E futebol n\u00e3o se ganha s\u00f3 com dinheiro\u201d, destaca William. Maur\u00edcio concorda: \u201cSe fosse s\u00f3 dinheiro, nem precisava jogar. A gente apresentaria os valores e j\u00e1 saberia o campe\u00e3o\u201d.<\/p>\n\n\n\n<p>A estreia no Regional deste ano ser\u00e1 em casa, no dia 3 de agosto, contra o Navegantes, campe\u00e3o municipal de Encantado. A expectativa \u00e9 grande. \u201cQueremos come\u00e7ar com o p\u00e9 direito e contamos com o apoio da nossa torcida. Eles s\u00e3o parte do time\u201d, afirma William. O convite est\u00e1 feito &#8211; e a hist\u00f3ria continua a ser escrita por quem acredita que futebol \u00e9 mais do que competi\u00e7\u00e3o: \u00e9 pertencimento, mem\u00f3ria e futuro.<\/p>\n","protected":false},"excerpt":{"rendered":"<p>Desde a retomada das atividades em 2017, o Esporte Clube Po\u00e7o das Antas n\u00e3o apenas voltou ao cen\u00e1rio esportivo regional, como reconstruiu sua identidade com trabalho coletivo, paix\u00e3o pela camisa e envolvimento da comunidade. Mais do que disputar campeonatos, o clube se firmou como s\u00edmbolo de resist\u00eancia do futebol amador no Vale do Taquari &#8211; [&hellip;]<\/p>\n","protected":false},"author":7,"featured_media":190085,"comment_status":"open","ping_status":"open","sticky":false,"template":"","format":"standard","meta":{"pmpro_default_level":"","_jetpack_memberships_contains_paid_content":false,"footnotes":""},"categories":[18696,5,240,288],"tags":[18007,18968,40],"class_list":{"0":"post-190084","1":"post","2":"type-post","3":"status-publish","4":"format-standard","5":"has-post-thumbnail","7":"category-campeonato-regional-2025","8":"category-esportes","9":"category-futebol-amador","10":"category-regional-da-aslivata","11":"tag-esporte-clube-poco-das-antas","12":"tag-futebol-regional","13":"tag-poco-das-antas","14":"pmpro-has-access"},"yoast_head":"<!-- This site is optimized with the Yoast SEO plugin v27.5 - https:\/\/yoast.com\/product\/yoast-seo-wordpress\/ -->\n<title>&quot;Recome\u00e7ar n\u00e3o \u00e9 voltar atr\u00e1s, \u00e9 provar que ainda d\u00e1 certo&quot;, diz dirigente do E.C. Po\u00e7o das Antas - Folha Popular<\/title>\n<meta name=\"robots\" content=\"index, follow, max-snippet:-1, max-image-preview:large, max-video-preview:-1\" \/>\n<link rel=\"canonical\" href=\"https:\/\/folhapopular.info\/index.php\/2025\/07\/12\/a-jornada-do-esporte-clube-poco-das-antas-no-futebol-regional\/\" \/>\n<meta property=\"og:locale\" content=\"pt_BR\" \/>\n<meta property=\"og:type\" content=\"article\" \/>\n<meta property=\"og:title\" content=\"&quot;Recome\u00e7ar n\u00e3o \u00e9 voltar atr\u00e1s, \u00e9 provar que ainda d\u00e1 certo&quot;, diz dirigente do E.C. Po\u00e7o das Antas - Folha Popular\" \/>\n<meta property=\"og:description\" content=\"Desde a retomada das atividades em 2017, o Esporte Clube Po\u00e7o das Antas n\u00e3o apenas voltou ao cen\u00e1rio esportivo regional, como reconstruiu sua identidade com trabalho coletivo, paix\u00e3o pela camisa e envolvimento da comunidade. Mais do que disputar campeonatos, o clube se firmou como s\u00edmbolo de resist\u00eancia do futebol amador no Vale do Taquari &#8211; [&hellip;]\" \/>\n<meta property=\"og:url\" content=\"https:\/\/folhapopular.info\/index.php\/2025\/07\/12\/a-jornada-do-esporte-clube-poco-das-antas-no-futebol-regional\/\" \/>\n<meta property=\"og:site_name\" content=\"Folha Popular\" \/>\n<meta property=\"article:published_time\" content=\"2025-07-12T17:00:00+00:00\" \/>\n<meta property=\"article:modified_time\" content=\"2025-07-14T11:33:04+00:00\" \/>\n<meta property=\"og:image\" content=\"http:\/\/folhapopular.info\/wp-content\/uploads\/2025\/07\/Torcida-fanatica-comunidade-se-mobilizou-apos-retomada-do-futebol_Divulgacao-scaled.jpeg\" \/>\n\t<meta property=\"og:image:width\" content=\"2560\" \/>\n\t<meta property=\"og:image:height\" content=\"1707\" \/>\n\t<meta property=\"og:image:type\" content=\"image\/jpeg\" \/>\n<meta name=\"author\" content=\"Lucas Leandro Brune\" \/>\n<meta name=\"twitter:card\" content=\"summary_large_image\" \/>\n<meta name=\"twitter:label1\" content=\"Escrito por\" \/>\n\t<meta name=\"twitter:data1\" content=\"Lucas Leandro Brune\" \/>\n\t<meta name=\"twitter:label2\" content=\"Est. tempo de leitura\" \/>\n\t<meta name=\"twitter:data2\" content=\"5 minutos\" \/>\n<script type=\"application\/ld+json\" class=\"yoast-schema-graph\">{\"@context\":\"https:\\\/\\\/schema.org\",\"@graph\":[{\"@type\":\"Article\",\"@id\":\"https:\\\/\\\/folhapopular.info\\\/index.php\\\/2025\\\/07\\\/12\\\/a-jornada-do-esporte-clube-poco-das-antas-no-futebol-regional\\\/#article\",\"isPartOf\":{\"@id\":\"https:\\\/\\\/folhapopular.info\\\/index.php\\\/2025\\\/07\\\/12\\\/a-jornada-do-esporte-clube-poco-das-antas-no-futebol-regional\\\/\"},\"author\":{\"name\":\"Lucas Leandro Brune\",\"@id\":\"https:\\\/\\\/folhapopular.info\\\/#\\\/schema\\\/person\\\/533a15f60cd49e81ab3a90b4ca33cb36\"},\"headline\":\"&#8220;Recome\u00e7ar n\u00e3o \u00e9 voltar atr\u00e1s, \u00e9 provar que ainda d\u00e1 certo&#8221;, diz dirigente do E.C. Po\u00e7o das Antas\",\"datePublished\":\"2025-07-12T17:00:00+00:00\",\"dateModified\":\"2025-07-14T11:33:04+00:00\",\"mainEntityOfPage\":{\"@id\":\"https:\\\/\\\/folhapopular.info\\\/index.php\\\/2025\\\/07\\\/12\\\/a-jornada-do-esporte-clube-poco-das-antas-no-futebol-regional\\\/\"},\"wordCount\":755,\"commentCount\":0,\"image\":{\"@id\":\"https:\\\/\\\/folhapopular.info\\\/index.php\\\/2025\\\/07\\\/12\\\/a-jornada-do-esporte-clube-poco-das-antas-no-futebol-regional\\\/#primaryimage\"},\"thumbnailUrl\":\"https:\\\/\\\/folhapopular.info\\\/wp-content\\\/uploads\\\/2025\\\/07\\\/Torcida-fanatica-comunidade-se-mobilizou-apos-retomada-do-futebol_Divulgacao-scaled.jpeg\",\"keywords\":[\"Esporte Clube Po\u00e7o das Antas\",\"Futebol Regional\",\"Po\u00e7o das Antas\"],\"articleSection\":[\"Campeonato Regional 2025\",\"Esportes\",\"Futebol Amador\",\"Regional da Aslivata\"],\"inLanguage\":\"pt-BR\",\"potentialAction\":[{\"@type\":\"CommentAction\",\"name\":\"Comment\",\"target\":[\"https:\\\/\\\/folhapopular.info\\\/index.php\\\/2025\\\/07\\\/12\\\/a-jornada-do-esporte-clube-poco-das-antas-no-futebol-regional\\\/#respond\"]}]},{\"@type\":\"WebPage\",\"@id\":\"https:\\\/\\\/folhapopular.info\\\/index.php\\\/2025\\\/07\\\/12\\\/a-jornada-do-esporte-clube-poco-das-antas-no-futebol-regional\\\/\",\"url\":\"https:\\\/\\\/folhapopular.info\\\/index.php\\\/2025\\\/07\\\/12\\\/a-jornada-do-esporte-clube-poco-das-antas-no-futebol-regional\\\/\",\"name\":\"\\\"Recome\u00e7ar n\u00e3o \u00e9 voltar atr\u00e1s, \u00e9 provar que ainda d\u00e1 certo\\\", diz dirigente do E.C. Po\u00e7o das Antas - Folha Popular\",\"isPartOf\":{\"@id\":\"https:\\\/\\\/folhapopular.info\\\/#website\"},\"primaryImageOfPage\":{\"@id\":\"https:\\\/\\\/folhapopular.info\\\/index.php\\\/2025\\\/07\\\/12\\\/a-jornada-do-esporte-clube-poco-das-antas-no-futebol-regional\\\/#primaryimage\"},\"image\":{\"@id\":\"https:\\\/\\\/folhapopular.info\\\/index.php\\\/2025\\\/07\\\/12\\\/a-jornada-do-esporte-clube-poco-das-antas-no-futebol-regional\\\/#primaryimage\"},\"thumbnailUrl\":\"https:\\\/\\\/folhapopular.info\\\/wp-content\\\/uploads\\\/2025\\\/07\\\/Torcida-fanatica-comunidade-se-mobilizou-apos-retomada-do-futebol_Divulgacao-scaled.jpeg\",\"datePublished\":\"2025-07-12T17:00:00+00:00\",\"dateModified\":\"2025-07-14T11:33:04+00:00\",\"author\":{\"@id\":\"https:\\\/\\\/folhapopular.info\\\/#\\\/schema\\\/person\\\/533a15f60cd49e81ab3a90b4ca33cb36\"},\"breadcrumb\":{\"@id\":\"https:\\\/\\\/folhapopular.info\\\/index.php\\\/2025\\\/07\\\/12\\\/a-jornada-do-esporte-clube-poco-das-antas-no-futebol-regional\\\/#breadcrumb\"},\"inLanguage\":\"pt-BR\",\"potentialAction\":[{\"@type\":\"ReadAction\",\"target\":[\"https:\\\/\\\/folhapopular.info\\\/index.php\\\/2025\\\/07\\\/12\\\/a-jornada-do-esporte-clube-poco-das-antas-no-futebol-regional\\\/\"]}]},{\"@type\":\"ImageObject\",\"inLanguage\":\"pt-BR\",\"@id\":\"https:\\\/\\\/folhapopular.info\\\/index.php\\\/2025\\\/07\\\/12\\\/a-jornada-do-esporte-clube-poco-das-antas-no-futebol-regional\\\/#primaryimage\",\"url\":\"https:\\\/\\\/folhapopular.info\\\/wp-content\\\/uploads\\\/2025\\\/07\\\/Torcida-fanatica-comunidade-se-mobilizou-apos-retomada-do-futebol_Divulgacao-scaled.jpeg\",\"contentUrl\":\"https:\\\/\\\/folhapopular.info\\\/wp-content\\\/uploads\\\/2025\\\/07\\\/Torcida-fanatica-comunidade-se-mobilizou-apos-retomada-do-futebol_Divulgacao-scaled.jpeg\",\"width\":2560,\"height\":1707,\"caption\":\"Torcida fan\u00e1tica: comunidade se mobilizou ap\u00f3s retomada do futebol \\\/ Cr\u00e9dito: Divulga\u00e7\u00e3o\"},{\"@type\":\"BreadcrumbList\",\"@id\":\"https:\\\/\\\/folhapopular.info\\\/index.php\\\/2025\\\/07\\\/12\\\/a-jornada-do-esporte-clube-poco-das-antas-no-futebol-regional\\\/#breadcrumb\",\"itemListElement\":[{\"@type\":\"ListItem\",\"position\":1,\"name\":\"In\u00edcio\",\"item\":\"https:\\\/\\\/folhapopular.info\\\/\"},{\"@type\":\"ListItem\",\"position\":2,\"name\":\"&#8220;Recome\u00e7ar n\u00e3o \u00e9 voltar atr\u00e1s, \u00e9 provar que ainda d\u00e1 certo&#8221;, diz dirigente do E.C. Po\u00e7o das Antas\"}]},{\"@type\":\"WebSite\",\"@id\":\"https:\\\/\\\/folhapopular.info\\\/#website\",\"url\":\"https:\\\/\\\/folhapopular.info\\\/\",\"name\":\"Folha Popular\",\"description\":\"Onde voc\u00ea tem vez e voz\",\"potentialAction\":[{\"@type\":\"SearchAction\",\"target\":{\"@type\":\"EntryPoint\",\"urlTemplate\":\"https:\\\/\\\/folhapopular.info\\\/?s={search_term_string}\"},\"query-input\":{\"@type\":\"PropertyValueSpecification\",\"valueRequired\":true,\"valueName\":\"search_term_string\"}}],\"inLanguage\":\"pt-BR\"},{\"@type\":\"Person\",\"@id\":\"https:\\\/\\\/folhapopular.info\\\/#\\\/schema\\\/person\\\/533a15f60cd49e81ab3a90b4ca33cb36\",\"name\":\"Lucas Leandro Brune\",\"image\":{\"@type\":\"ImageObject\",\"inLanguage\":\"pt-BR\",\"@id\":\"https:\\\/\\\/folhapopular.info\\\/wp-content\\\/uploads\\\/2026\\\/04\\\/LUCAS-1-1.webp\",\"url\":\"https:\\\/\\\/folhapopular.info\\\/wp-content\\\/uploads\\\/2026\\\/04\\\/LUCAS-1-1.webp\",\"contentUrl\":\"https:\\\/\\\/folhapopular.info\\\/wp-content\\\/uploads\\\/2026\\\/04\\\/LUCAS-1-1.webp\",\"caption\":\"Lucas Leandro Brune\"},\"description\":\"Jornalista Profissional Diplomado MTB\\\/RS 14.333\",\"url\":\"https:\\\/\\\/folhapopular.info\\\/index.php\\\/author\\\/lucas-brune\\\/\"}]}<\/script>\n<!-- \/ Yoast SEO plugin. -->","yoast_head_json":{"title":"\"Recome\u00e7ar n\u00e3o \u00e9 voltar atr\u00e1s, \u00e9 provar que ainda d\u00e1 certo\", diz dirigente do E.C. Po\u00e7o das Antas - Folha Popular","robots":{"index":"index","follow":"follow","max-snippet":"max-snippet:-1","max-image-preview":"max-image-preview:large","max-video-preview":"max-video-preview:-1"},"canonical":"https:\/\/folhapopular.info\/index.php\/2025\/07\/12\/a-jornada-do-esporte-clube-poco-das-antas-no-futebol-regional\/","og_locale":"pt_BR","og_type":"article","og_title":"\"Recome\u00e7ar n\u00e3o \u00e9 voltar atr\u00e1s, \u00e9 provar que ainda d\u00e1 certo\", diz dirigente do E.C. Po\u00e7o das Antas - Folha Popular","og_description":"Desde a retomada das atividades em 2017, o Esporte Clube Po\u00e7o das Antas n\u00e3o apenas voltou ao cen\u00e1rio esportivo regional, como reconstruiu sua identidade com trabalho coletivo, paix\u00e3o pela camisa e envolvimento da comunidade. Mais do que disputar campeonatos, o clube se firmou como s\u00edmbolo de resist\u00eancia do futebol amador no Vale do Taquari &#8211; [&hellip;]","og_url":"https:\/\/folhapopular.info\/index.php\/2025\/07\/12\/a-jornada-do-esporte-clube-poco-das-antas-no-futebol-regional\/","og_site_name":"Folha Popular","article_published_time":"2025-07-12T17:00:00+00:00","article_modified_time":"2025-07-14T11:33:04+00:00","og_image":[{"width":2560,"height":1707,"url":"http:\/\/folhapopular.info\/wp-content\/uploads\/2025\/07\/Torcida-fanatica-comunidade-se-mobilizou-apos-retomada-do-futebol_Divulgacao-scaled.jpeg","type":"image\/jpeg"}],"author":"Lucas Leandro Brune","twitter_card":"summary_large_image","twitter_misc":{"Escrito por":"Lucas Leandro Brune","Est. tempo de leitura":"5 minutos"},"schema":{"@context":"https:\/\/schema.org","@graph":[{"@type":"Article","@id":"https:\/\/folhapopular.info\/index.php\/2025\/07\/12\/a-jornada-do-esporte-clube-poco-das-antas-no-futebol-regional\/#article","isPartOf":{"@id":"https:\/\/folhapopular.info\/index.php\/2025\/07\/12\/a-jornada-do-esporte-clube-poco-das-antas-no-futebol-regional\/"},"author":{"name":"Lucas Leandro Brune","@id":"https:\/\/folhapopular.info\/#\/schema\/person\/533a15f60cd49e81ab3a90b4ca33cb36"},"headline":"&#8220;Recome\u00e7ar n\u00e3o \u00e9 voltar atr\u00e1s, \u00e9 provar que ainda d\u00e1 certo&#8221;, diz dirigente do E.C. Po\u00e7o das Antas","datePublished":"2025-07-12T17:00:00+00:00","dateModified":"2025-07-14T11:33:04+00:00","mainEntityOfPage":{"@id":"https:\/\/folhapopular.info\/index.php\/2025\/07\/12\/a-jornada-do-esporte-clube-poco-das-antas-no-futebol-regional\/"},"wordCount":755,"commentCount":0,"image":{"@id":"https:\/\/folhapopular.info\/index.php\/2025\/07\/12\/a-jornada-do-esporte-clube-poco-das-antas-no-futebol-regional\/#primaryimage"},"thumbnailUrl":"https:\/\/folhapopular.info\/wp-content\/uploads\/2025\/07\/Torcida-fanatica-comunidade-se-mobilizou-apos-retomada-do-futebol_Divulgacao-scaled.jpeg","keywords":["Esporte Clube Po\u00e7o das Antas","Futebol Regional","Po\u00e7o das Antas"],"articleSection":["Campeonato Regional 2025","Esportes","Futebol Amador","Regional da Aslivata"],"inLanguage":"pt-BR","potentialAction":[{"@type":"CommentAction","name":"Comment","target":["https:\/\/folhapopular.info\/index.php\/2025\/07\/12\/a-jornada-do-esporte-clube-poco-das-antas-no-futebol-regional\/#respond"]}]},{"@type":"WebPage","@id":"https:\/\/folhapopular.info\/index.php\/2025\/07\/12\/a-jornada-do-esporte-clube-poco-das-antas-no-futebol-regional\/","url":"https:\/\/folhapopular.info\/index.php\/2025\/07\/12\/a-jornada-do-esporte-clube-poco-das-antas-no-futebol-regional\/","name":"\"Recome\u00e7ar n\u00e3o \u00e9 voltar atr\u00e1s, \u00e9 provar que ainda d\u00e1 certo\", diz dirigente do E.C. Po\u00e7o das Antas - Folha Popular","isPartOf":{"@id":"https:\/\/folhapopular.info\/#website"},"primaryImageOfPage":{"@id":"https:\/\/folhapopular.info\/index.php\/2025\/07\/12\/a-jornada-do-esporte-clube-poco-das-antas-no-futebol-regional\/#primaryimage"},"image":{"@id":"https:\/\/folhapopular.info\/index.php\/2025\/07\/12\/a-jornada-do-esporte-clube-poco-das-antas-no-futebol-regional\/#primaryimage"},"thumbnailUrl":"https:\/\/folhapopular.info\/wp-content\/uploads\/2025\/07\/Torcida-fanatica-comunidade-se-mobilizou-apos-retomada-do-futebol_Divulgacao-scaled.jpeg","datePublished":"2025-07-12T17:00:00+00:00","dateModified":"2025-07-14T11:33:04+00:00","author":{"@id":"https:\/\/folhapopular.info\/#\/schema\/person\/533a15f60cd49e81ab3a90b4ca33cb36"},"breadcrumb":{"@id":"https:\/\/folhapopular.info\/index.php\/2025\/07\/12\/a-jornada-do-esporte-clube-poco-das-antas-no-futebol-regional\/#breadcrumb"},"inLanguage":"pt-BR","potentialAction":[{"@type":"ReadAction","target":["https:\/\/folhapopular.info\/index.php\/2025\/07\/12\/a-jornada-do-esporte-clube-poco-das-antas-no-futebol-regional\/"]}]},{"@type":"ImageObject","inLanguage":"pt-BR","@id":"https:\/\/folhapopular.info\/index.php\/2025\/07\/12\/a-jornada-do-esporte-clube-poco-das-antas-no-futebol-regional\/#primaryimage","url":"https:\/\/folhapopular.info\/wp-content\/uploads\/2025\/07\/Torcida-fanatica-comunidade-se-mobilizou-apos-retomada-do-futebol_Divulgacao-scaled.jpeg","contentUrl":"https:\/\/folhapopular.info\/wp-content\/uploads\/2025\/07\/Torcida-fanatica-comunidade-se-mobilizou-apos-retomada-do-futebol_Divulgacao-scaled.jpeg","width":2560,"height":1707,"caption":"Torcida fan\u00e1tica: comunidade se mobilizou ap\u00f3s retomada do futebol \/ Cr\u00e9dito: Divulga\u00e7\u00e3o"},{"@type":"BreadcrumbList","@id":"https:\/\/folhapopular.info\/index.php\/2025\/07\/12\/a-jornada-do-esporte-clube-poco-das-antas-no-futebol-regional\/#breadcrumb","itemListElement":[{"@type":"ListItem","position":1,"name":"In\u00edcio","item":"https:\/\/folhapopular.info\/"},{"@type":"ListItem","position":2,"name":"&#8220;Recome\u00e7ar n\u00e3o \u00e9 voltar atr\u00e1s, \u00e9 provar que ainda d\u00e1 certo&#8221;, diz dirigente do E.C. Po\u00e7o das Antas"}]},{"@type":"WebSite","@id":"https:\/\/folhapopular.info\/#website","url":"https:\/\/folhapopular.info\/","name":"Folha Popular","description":"Onde voc\u00ea tem vez e voz","potentialAction":[{"@type":"SearchAction","target":{"@type":"EntryPoint","urlTemplate":"https:\/\/folhapopular.info\/?s={search_term_string}"},"query-input":{"@type":"PropertyValueSpecification","valueRequired":true,"valueName":"search_term_string"}}],"inLanguage":"pt-BR"},{"@type":"Person","@id":"https:\/\/folhapopular.info\/#\/schema\/person\/533a15f60cd49e81ab3a90b4ca33cb36","name":"Lucas Leandro Brune","image":{"@type":"ImageObject","inLanguage":"pt-BR","@id":"https:\/\/folhapopular.info\/wp-content\/uploads\/2026\/04\/LUCAS-1-1.webp","url":"https:\/\/folhapopular.info\/wp-content\/uploads\/2026\/04\/LUCAS-1-1.webp","contentUrl":"https:\/\/folhapopular.info\/wp-content\/uploads\/2026\/04\/LUCAS-1-1.webp","caption":"Lucas Leandro Brune"},"description":"Jornalista Profissional Diplomado MTB\/RS 14.333","url":"https:\/\/folhapopular.info\/index.php\/author\/lucas-brune\/"}]}},"jetpack_featured_media_url":"https:\/\/folhapopular.info\/wp-content\/uploads\/2025\/07\/Torcida-fanatica-comunidade-se-mobilizou-apos-retomada-do-futebol_Divulgacao-scaled.jpeg","jetpack_sharing_enabled":true,"amp_enabled":true,"_links":{"self":[{"href":"https:\/\/folhapopular.info\/index.php\/wp-json\/wp\/v2\/posts\/190084","targetHints":{"allow":["GET"]}}],"collection":[{"href":"https:\/\/folhapopular.info\/index.php\/wp-json\/wp\/v2\/posts"}],"about":[{"href":"https:\/\/folhapopular.info\/index.php\/wp-json\/wp\/v2\/types\/post"}],"author":[{"embeddable":true,"href":"https:\/\/folhapopular.info\/index.php\/wp-json\/wp\/v2\/users\/7"}],"replies":[{"embeddable":true,"href":"https:\/\/folhapopular.info\/index.php\/wp-json\/wp\/v2\/comments?post=190084"}],"version-history":[{"count":0,"href":"https:\/\/folhapopular.info\/index.php\/wp-json\/wp\/v2\/posts\/190084\/revisions"}],"wp:featuredmedia":[{"embeddable":true,"href":"https:\/\/folhapopular.info\/index.php\/wp-json\/wp\/v2\/media\/190085"}],"wp:attachment":[{"href":"https:\/\/folhapopular.info\/index.php\/wp-json\/wp\/v2\/media?parent=190084"}],"wp:term":[{"taxonomy":"category","embeddable":true,"href":"https:\/\/folhapopular.info\/index.php\/wp-json\/wp\/v2\/categories?post=190084"},{"taxonomy":"post_tag","embeddable":true,"href":"https:\/\/folhapopular.info\/index.php\/wp-json\/wp\/v2\/tags?post=190084"}],"curies":[{"name":"wp","href":"https:\/\/api.w.org\/{rel}","templated":true}]}}