{"id":190101,"date":"2025-07-14T14:44:42","date_gmt":"2025-07-14T17:44:42","guid":{"rendered":"https:\/\/folhapopular.info\/?p=190101"},"modified":"2025-07-14T18:32:49","modified_gmt":"2025-07-14T21:32:49","slug":"riograndense-e-ecas-comemoram-titulos-em-imigrante","status":"publish","type":"post","link":"https:\/\/folhapopular.info\/index.php\/2025\/07\/14\/riograndense-e-ecas-comemoram-titulos-em-imigrante\/","title":{"rendered":"Riograndense e Ecas comemoram t\u00edtulos em Imigrante"},"content":{"rendered":"\n<p>Derrotados nos jogos de ida das finais do Campeonato Municipal de Imigrante, Riograndense e Ecas venceram as partidas de volta e celebraram as conquistas nas cobran\u00e7as de p\u00eanaltis. O Riograndense foi campe\u00e3o da S\u00e9rie Ouro, atingiu o s\u00e9timo trof\u00e9u e \u00e9 o maior campe\u00e3o de Imigrante na rivalidade interna. J\u00e1 o Ecas conquistou o trof\u00e9u da S\u00e9rie Prata.<\/p>\n\n\n\n<p>A decis\u00e3o da S\u00e9rie Ouro foi disputada e gerou oportunidades dos dois lados. Logo com 1min40 de jogo, Muca abriu o escore para o Riograndense: 1 a 0. O Cruzeiro conseguiu o empate aos 40min, em cobran\u00e7a de p\u00eanalti de Junica: 1 a 1. O Riograndense consolidou a vit\u00f3ria aos 27min, quando Rafa fez 2 a 1. Nas disputas por p\u00eanaltis, vit\u00f3ria do Riograndense por 7 a 6.<\/p>\n\n\n\n<h2 class=\"wp-block-heading\"><strong>S\u00e9rie Prata<\/strong><\/h2>\n\n\n\n<p>Oscar abriu o placar para o Ecas a 1 minuto de jogo. No segundo tempo, Jean aos 35min e Lucas aos 38min completar a vit\u00f3ria do Ecas sobre o Canarinho por 3 a 0. Como o Canarinho venceu o primeiro jogo, a disputa foi para os p\u00eanaltis. O Ecas venceu a disputa por 4 a 2 e ficou campe\u00e3o da S\u00e9rie Prata, pois o Canarinho errou os dois primeiros p\u00eanaltis.<\/p>\n\n\n\n<div class=\"wp-block-jetpack-slideshow aligncenter is-style-rectangular\" data-effect=\"slide\" style=\"--aspect-ratio:calc(2560 \/ 1920)\"><div class=\"wp-block-jetpack-slideshow_container swiper-container\"><ul class=\"wp-block-jetpack-slideshow_swiper-wrapper swiper-wrapper\"><li class=\"wp-block-jetpack-slideshow_slide swiper-slide\"><figure><img loading=\"lazy\" decoding=\"async\" width=\"2560\" height=\"1920\" alt=\"\" class=\"wp-block-jetpack-slideshow_image wp-image-190103\" data-id=\"190103\" data-aspect-ratio=\"2560 \/ 1920\" src=\"https:\/\/folhapopular.info\/wp-content\/uploads\/2025\/07\/WhatsApp-Image-2025-07-13-at-19.05.38-scaled.jpeg\" srcset=\"https:\/\/folhapopular.info\/wp-content\/uploads\/2025\/07\/WhatsApp-Image-2025-07-13-at-19.05.38-scaled.jpeg 2560w, https:\/\/folhapopular.info\/wp-content\/uploads\/2025\/07\/WhatsApp-Image-2025-07-13-at-19.05.38-300x225.jpeg 300w, https:\/\/folhapopular.info\/wp-content\/uploads\/2025\/07\/WhatsApp-Image-2025-07-13-at-19.05.38-1024x768.jpeg 1024w, https:\/\/folhapopular.info\/wp-content\/uploads\/2025\/07\/WhatsApp-Image-2025-07-13-at-19.05.38-768x576.jpeg 768w, https:\/\/folhapopular.info\/wp-content\/uploads\/2025\/07\/WhatsApp-Image-2025-07-13-at-19.05.38-1536x1152.jpeg 1536w, https:\/\/folhapopular.info\/wp-content\/uploads\/2025\/07\/WhatsApp-Image-2025-07-13-at-19.05.38-2048x1536.jpeg 2048w, https:\/\/folhapopular.info\/wp-content\/uploads\/2025\/07\/WhatsApp-Image-2025-07-13-at-19.05.38-560x420.jpeg 560w, https:\/\/folhapopular.info\/wp-content\/uploads\/2025\/07\/WhatsApp-Image-2025-07-13-at-19.05.38-80x60.jpeg 80w, https:\/\/folhapopular.info\/wp-content\/uploads\/2025\/07\/WhatsApp-Image-2025-07-13-at-19.05.38-696x522.jpeg 696w, https:\/\/folhapopular.info\/wp-content\/uploads\/2025\/07\/WhatsApp-Image-2025-07-13-at-19.05.38-1068x801.jpeg 1068w, https:\/\/folhapopular.info\/wp-content\/uploads\/2025\/07\/WhatsApp-Image-2025-07-13-at-19.05.38-1920x1440.jpeg 1920w\" sizes=\"(max-width: 2560px) 100vw, 2560px\" \/><figcaption class=\"wp-block-jetpack-slideshow_caption gallery-caption\">Cruzeiro foi o vice-campe\u00e3o da S\u00e9rie Ouro de Imigrante \/\/ Cr\u00e9dito: Vitor Gabriel<\/figcaption><\/figure><\/li><li class=\"wp-block-jetpack-slideshow_slide swiper-slide\"><figure><img loading=\"lazy\" decoding=\"async\" width=\"2560\" height=\"1920\" alt=\"\" class=\"wp-block-jetpack-slideshow_image wp-image-190105\" data-id=\"190105\" data-aspect-ratio=\"2560 \/ 1920\" src=\"https:\/\/folhapopular.info\/wp-content\/uploads\/2025\/07\/WhatsApp-Image-2025-07-13-at-15.37.35-scaled.jpeg\" srcset=\"https:\/\/folhapopular.info\/wp-content\/uploads\/2025\/07\/WhatsApp-Image-2025-07-13-at-15.37.35-scaled.jpeg 2560w, https:\/\/folhapopular.info\/wp-content\/uploads\/2025\/07\/WhatsApp-Image-2025-07-13-at-15.37.35-300x225.jpeg 300w, https:\/\/folhapopular.info\/wp-content\/uploads\/2025\/07\/WhatsApp-Image-2025-07-13-at-15.37.35-1024x768.jpeg 1024w, https:\/\/folhapopular.info\/wp-content\/uploads\/2025\/07\/WhatsApp-Image-2025-07-13-at-15.37.35-768x576.jpeg 768w, https:\/\/folhapopular.info\/wp-content\/uploads\/2025\/07\/WhatsApp-Image-2025-07-13-at-15.37.35-1536x1152.jpeg 1536w, https:\/\/folhapopular.info\/wp-content\/uploads\/2025\/07\/WhatsApp-Image-2025-07-13-at-15.37.35-2048x1536.jpeg 2048w, https:\/\/folhapopular.info\/wp-content\/uploads\/2025\/07\/WhatsApp-Image-2025-07-13-at-15.37.35-560x420.jpeg 560w, https:\/\/folhapopular.info\/wp-content\/uploads\/2025\/07\/WhatsApp-Image-2025-07-13-at-15.37.35-80x60.jpeg 80w, https:\/\/folhapopular.info\/wp-content\/uploads\/2025\/07\/WhatsApp-Image-2025-07-13-at-15.37.35-696x522.jpeg 696w, https:\/\/folhapopular.info\/wp-content\/uploads\/2025\/07\/WhatsApp-Image-2025-07-13-at-15.37.35-1068x801.jpeg 1068w, https:\/\/folhapopular.info\/wp-content\/uploads\/2025\/07\/WhatsApp-Image-2025-07-13-at-15.37.35-1920x1440.jpeg 1920w\" sizes=\"(max-width: 2560px) 100vw, 2560px\" \/><figcaption class=\"wp-block-jetpack-slideshow_caption gallery-caption\">Canarinho \u00e9 o vice-campe\u00e3o da S\u00e9rie Prata de Imigrante \/\/ Cr\u00e9dito: Vitor Gabriel<\/figcaption><\/figure><\/li><li class=\"wp-block-jetpack-slideshow_slide swiper-slide\"><figure><img loading=\"lazy\" decoding=\"async\" width=\"2560\" height=\"1920\" alt=\"\" class=\"wp-block-jetpack-slideshow_image wp-image-190106\" data-id=\"190106\" data-aspect-ratio=\"2560 \/ 1920\" src=\"https:\/\/folhapopular.info\/wp-content\/uploads\/2025\/07\/WhatsApp-Image-2025-07-13-at-15.37.16-scaled.jpeg\" srcset=\"https:\/\/folhapopular.info\/wp-content\/uploads\/2025\/07\/WhatsApp-Image-2025-07-13-at-15.37.16-scaled.jpeg 2560w, https:\/\/folhapopular.info\/wp-content\/uploads\/2025\/07\/WhatsApp-Image-2025-07-13-at-15.37.16-300x225.jpeg 300w, https:\/\/folhapopular.info\/wp-content\/uploads\/2025\/07\/WhatsApp-Image-2025-07-13-at-15.37.16-1024x768.jpeg 1024w, https:\/\/folhapopular.info\/wp-content\/uploads\/2025\/07\/WhatsApp-Image-2025-07-13-at-15.37.16-768x576.jpeg 768w, https:\/\/folhapopular.info\/wp-content\/uploads\/2025\/07\/WhatsApp-Image-2025-07-13-at-15.37.16-1536x1152.jpeg 1536w, https:\/\/folhapopular.info\/wp-content\/uploads\/2025\/07\/WhatsApp-Image-2025-07-13-at-15.37.16-2048x1536.jpeg 2048w, https:\/\/folhapopular.info\/wp-content\/uploads\/2025\/07\/WhatsApp-Image-2025-07-13-at-15.37.16-560x420.jpeg 560w, https:\/\/folhapopular.info\/wp-content\/uploads\/2025\/07\/WhatsApp-Image-2025-07-13-at-15.37.16-80x60.jpeg 80w, https:\/\/folhapopular.info\/wp-content\/uploads\/2025\/07\/WhatsApp-Image-2025-07-13-at-15.37.16-696x522.jpeg 696w, https:\/\/folhapopular.info\/wp-content\/uploads\/2025\/07\/WhatsApp-Image-2025-07-13-at-15.37.16-1068x801.jpeg 1068w, https:\/\/folhapopular.info\/wp-content\/uploads\/2025\/07\/WhatsApp-Image-2025-07-13-at-15.37.16-1920x1440.jpeg 1920w\" sizes=\"(max-width: 2560px) 100vw, 2560px\" \/><figcaption class=\"wp-block-jetpack-slideshow_caption gallery-caption\">Ecas venceu no tempo normal e nos p\u00eanaltis para ser campe\u00e3o da S\u00e9rie Prata \/\/ Cr\u00e9dito: Vitor Gabriel<\/figcaption><\/figure><\/li><li class=\"wp-block-jetpack-slideshow_slide swiper-slide\"><figure><img loading=\"lazy\" decoding=\"async\" width=\"1920\" height=\"2560\" alt=\"\" class=\"wp-block-jetpack-slideshow_image wp-image-190107\" data-id=\"190107\" data-aspect-ratio=\"1920 \/ 2560\" src=\"https:\/\/folhapopular.info\/wp-content\/uploads\/2025\/07\/WhatsApp-Image-2025-07-13-at-14.48.07-scaled.jpeg\" srcset=\"https:\/\/folhapopular.info\/wp-content\/uploads\/2025\/07\/WhatsApp-Image-2025-07-13-at-14.48.07-scaled.jpeg 1920w, https:\/\/folhapopular.info\/wp-content\/uploads\/2025\/07\/WhatsApp-Image-2025-07-13-at-14.48.07-225x300.jpeg 225w, https:\/\/folhapopular.info\/wp-content\/uploads\/2025\/07\/WhatsApp-Image-2025-07-13-at-14.48.07-768x1024.jpeg 768w, https:\/\/folhapopular.info\/wp-content\/uploads\/2025\/07\/WhatsApp-Image-2025-07-13-at-14.48.07-1152x1536.jpeg 1152w, https:\/\/folhapopular.info\/wp-content\/uploads\/2025\/07\/WhatsApp-Image-2025-07-13-at-14.48.07-1536x2048.jpeg 1536w, https:\/\/folhapopular.info\/wp-content\/uploads\/2025\/07\/WhatsApp-Image-2025-07-13-at-14.48.07-315x420.jpeg 315w, https:\/\/folhapopular.info\/wp-content\/uploads\/2025\/07\/WhatsApp-Image-2025-07-13-at-14.48.07-696x928.jpeg 696w, https:\/\/folhapopular.info\/wp-content\/uploads\/2025\/07\/WhatsApp-Image-2025-07-13-at-14.48.07-1068x1424.jpeg 1068w\" sizes=\"(max-width: 1920px) 100vw, 1920px\" \/><figcaption class=\"wp-block-jetpack-slideshow_caption gallery-caption\">Decis\u00f5es de Imigrante foram disputadas na Linha Cruzeiro \/\/ Cr\u00e9dito: Vitor Gabriel<\/figcaption><\/figure><\/li><li class=\"wp-block-jetpack-slideshow_slide swiper-slide\"><figure><img loading=\"lazy\" decoding=\"async\" width=\"1920\" height=\"2560\" alt=\"\" class=\"wp-block-jetpack-slideshow_image wp-image-190111\" data-id=\"190111\" data-aspect-ratio=\"1920 \/ 2560\" src=\"https:\/\/folhapopular.info\/wp-content\/uploads\/2025\/07\/WhatsApp-Image-2025-07-13-at-15.37.56-scaled.jpeg\" srcset=\"https:\/\/folhapopular.info\/wp-content\/uploads\/2025\/07\/WhatsApp-Image-2025-07-13-at-15.37.56-scaled.jpeg 1920w, https:\/\/folhapopular.info\/wp-content\/uploads\/2025\/07\/WhatsApp-Image-2025-07-13-at-15.37.56-225x300.jpeg 225w, https:\/\/folhapopular.info\/wp-content\/uploads\/2025\/07\/WhatsApp-Image-2025-07-13-at-15.37.56-768x1024.jpeg 768w, https:\/\/folhapopular.info\/wp-content\/uploads\/2025\/07\/WhatsApp-Image-2025-07-13-at-15.37.56-1152x1536.jpeg 1152w, https:\/\/folhapopular.info\/wp-content\/uploads\/2025\/07\/WhatsApp-Image-2025-07-13-at-15.37.56-1536x2048.jpeg 1536w, https:\/\/folhapopular.info\/wp-content\/uploads\/2025\/07\/WhatsApp-Image-2025-07-13-at-15.37.56-315x420.jpeg 315w, https:\/\/folhapopular.info\/wp-content\/uploads\/2025\/07\/WhatsApp-Image-2025-07-13-at-15.37.56-696x928.jpeg 696w, https:\/\/folhapopular.info\/wp-content\/uploads\/2025\/07\/WhatsApp-Image-2025-07-13-at-15.37.56-1068x1424.jpeg 1068w\" sizes=\"(max-width: 1920px) 100vw, 1920px\" \/><figcaption class=\"wp-block-jetpack-slideshow_caption gallery-caption\">J\u00fanior, do Ecas, craque da final da S\u00e9rie Prata \/\/ Cr\u00e9dito: Vitor Gabriel<\/figcaption><\/figure><\/li><li class=\"wp-block-jetpack-slideshow_slide swiper-slide\"><figure><img loading=\"lazy\" decoding=\"async\" width=\"1920\" height=\"2560\" alt=\"\" class=\"wp-block-jetpack-slideshow_image wp-image-190104\" data-id=\"190104\" data-aspect-ratio=\"1920 \/ 2560\" src=\"https:\/\/folhapopular.info\/wp-content\/uploads\/2025\/07\/WhatsApp-Image-2025-07-13-at-19.04.27-scaled.jpeg\" srcset=\"https:\/\/folhapopular.info\/wp-content\/uploads\/2025\/07\/WhatsApp-Image-2025-07-13-at-19.04.27-scaled.jpeg 1920w, https:\/\/folhapopular.info\/wp-content\/uploads\/2025\/07\/WhatsApp-Image-2025-07-13-at-19.04.27-225x300.jpeg 225w, https:\/\/folhapopular.info\/wp-content\/uploads\/2025\/07\/WhatsApp-Image-2025-07-13-at-19.04.27-768x1024.jpeg 768w, https:\/\/folhapopular.info\/wp-content\/uploads\/2025\/07\/WhatsApp-Image-2025-07-13-at-19.04.27-1152x1536.jpeg 1152w, https:\/\/folhapopular.info\/wp-content\/uploads\/2025\/07\/WhatsApp-Image-2025-07-13-at-19.04.27-1536x2048.jpeg 1536w, https:\/\/folhapopular.info\/wp-content\/uploads\/2025\/07\/WhatsApp-Image-2025-07-13-at-19.04.27-315x420.jpeg 315w, https:\/\/folhapopular.info\/wp-content\/uploads\/2025\/07\/WhatsApp-Image-2025-07-13-at-19.04.27-696x928.jpeg 696w, https:\/\/folhapopular.info\/wp-content\/uploads\/2025\/07\/WhatsApp-Image-2025-07-13-at-19.04.27-1068x1424.jpeg 1068w\" sizes=\"(max-width: 1920px) 100vw, 1920px\" \/><figcaption class=\"wp-block-jetpack-slideshow_caption gallery-caption\">Muca, do Riograndense, craque da final da S\u00e9rie Ouro em Imigrante \/\/ Cr\u00e9dito: Vitor Gabriel<\/figcaption><\/figure><\/li><\/ul><a class=\"wp-block-jetpack-slideshow_button-prev swiper-button-prev swiper-button-white\" role=\"button\"><\/a><a class=\"wp-block-jetpack-slideshow_button-next swiper-button-next swiper-button-white\" role=\"button\"><\/a><a aria-label=\"Pause Slideshow\" class=\"wp-block-jetpack-slideshow_button-pause\" role=\"button\"><\/a><div class=\"wp-block-jetpack-slideshow_pagination swiper-pagination swiper-pagination-white\"><\/div><\/div><\/div>\n","protected":false},"excerpt":{"rendered":"<p>Derrotados nos jogos de ida das finais do Campeonato Municipal de Imigrante, Riograndense e Ecas venceram as partidas de volta e celebraram as conquistas nas cobran\u00e7as de p\u00eanaltis. O Riograndense foi campe\u00e3o da S\u00e9rie Ouro, atingiu o s\u00e9timo trof\u00e9u e \u00e9 o maior campe\u00e3o de Imigrante na rivalidade interna. J\u00e1 o Ecas conquistou o trof\u00e9u [&hellip;]<\/p>\n","protected":false},"author":7,"featured_media":190102,"comment_status":"open","ping_status":"open","sticky":false,"template":"","format":"standard","meta":{"pmpro_default_level":"","_jetpack_memberships_contains_paid_content":false,"footnotes":""},"categories":[2,5,240],"tags":[499,147,34],"class_list":{"0":"post-190101","1":"post","2":"type-post","3":"status-publish","4":"format-standard","5":"has-post-thumbnail","7":"category-featured","8":"category-esportes","9":"category-futebol-amador","10":"tag-campeonato-municipal","11":"tag-futebol-amador","12":"tag-imigrante","13":"pmpro-has-access"},"yoast_head":"<!-- This site is optimized with the Yoast SEO plugin v27.5 - https:\/\/yoast.com\/product\/yoast-seo-wordpress\/ -->\n<title>Riograndense e Ecas comemoram t\u00edtulos em Imigrante - Folha Popular<\/title>\n<meta name=\"robots\" content=\"index, follow, max-snippet:-1, max-image-preview:large, max-video-preview:-1\" \/>\n<link rel=\"canonical\" href=\"https:\/\/folhapopular.info\/index.php\/2025\/07\/14\/riograndense-e-ecas-comemoram-titulos-em-imigrante\/\" \/>\n<meta property=\"og:locale\" content=\"pt_BR\" \/>\n<meta property=\"og:type\" content=\"article\" \/>\n<meta property=\"og:title\" content=\"Riograndense e Ecas comemoram t\u00edtulos em Imigrante - Folha Popular\" \/>\n<meta property=\"og:description\" content=\"Derrotados nos jogos de ida das finais do Campeonato Municipal de Imigrante, Riograndense e Ecas venceram as partidas de volta e celebraram as conquistas nas cobran\u00e7as de p\u00eanaltis. O Riograndense foi campe\u00e3o da S\u00e9rie Ouro, atingiu o s\u00e9timo trof\u00e9u e \u00e9 o maior campe\u00e3o de Imigrante na rivalidade interna. J\u00e1 o Ecas conquistou o trof\u00e9u [&hellip;]\" \/>\n<meta property=\"og:url\" content=\"https:\/\/folhapopular.info\/index.php\/2025\/07\/14\/riograndense-e-ecas-comemoram-titulos-em-imigrante\/\" \/>\n<meta property=\"og:site_name\" content=\"Folha Popular\" \/>\n<meta property=\"article:published_time\" content=\"2025-07-14T17:44:42+00:00\" \/>\n<meta property=\"article:modified_time\" content=\"2025-07-14T21:32:49+00:00\" \/>\n<meta property=\"og:image\" content=\"http:\/\/folhapopular.info\/wp-content\/uploads\/2025\/07\/WhatsApp-Image-2025-07-13-at-19.06.22-scaled.jpeg\" \/>\n\t<meta property=\"og:image:width\" content=\"1920\" \/>\n\t<meta property=\"og:image:height\" content=\"2560\" \/>\n\t<meta property=\"og:image:type\" content=\"image\/jpeg\" \/>\n<meta name=\"author\" content=\"Lucas Leandro Brune\" \/>\n<meta name=\"twitter:card\" content=\"summary_large_image\" \/>\n<meta name=\"twitter:label1\" content=\"Escrito por\" \/>\n\t<meta name=\"twitter:data1\" content=\"Lucas Leandro Brune\" \/>\n\t<meta name=\"twitter:label2\" content=\"Est. tempo de leitura\" \/>\n\t<meta name=\"twitter:data2\" content=\"3 minutos\" \/>\n<script type=\"application\/ld+json\" class=\"yoast-schema-graph\">{\"@context\":\"https:\\\/\\\/schema.org\",\"@graph\":[{\"@type\":\"Article\",\"@id\":\"https:\\\/\\\/folhapopular.info\\\/index.php\\\/2025\\\/07\\\/14\\\/riograndense-e-ecas-comemoram-titulos-em-imigrante\\\/#article\",\"isPartOf\":{\"@id\":\"https:\\\/\\\/folhapopular.info\\\/index.php\\\/2025\\\/07\\\/14\\\/riograndense-e-ecas-comemoram-titulos-em-imigrante\\\/\"},\"author\":{\"name\":\"Lucas Leandro Brune\",\"@id\":\"https:\\\/\\\/folhapopular.info\\\/#\\\/schema\\\/person\\\/533a15f60cd49e81ab3a90b4ca33cb36\"},\"headline\":\"Riograndense e Ecas comemoram t\u00edtulos em Imigrante\",\"datePublished\":\"2025-07-14T17:44:42+00:00\",\"dateModified\":\"2025-07-14T21:32:49+00:00\",\"mainEntityOfPage\":{\"@id\":\"https:\\\/\\\/folhapopular.info\\\/index.php\\\/2025\\\/07\\\/14\\\/riograndense-e-ecas-comemoram-titulos-em-imigrante\\\/\"},\"wordCount\":308,\"commentCount\":0,\"image\":{\"@id\":\"https:\\\/\\\/folhapopular.info\\\/index.php\\\/2025\\\/07\\\/14\\\/riograndense-e-ecas-comemoram-titulos-em-imigrante\\\/#primaryimage\"},\"thumbnailUrl\":\"https:\\\/\\\/folhapopular.info\\\/wp-content\\\/uploads\\\/2025\\\/07\\\/WhatsApp-Image-2025-07-13-at-19.06.22-scaled.jpeg\",\"keywords\":[\"Campeonato Municipal\",\"futebol amador\",\"Imigrante\"],\"articleSection\":[\"Destaques\",\"Esportes\",\"Futebol Amador\"],\"inLanguage\":\"pt-BR\",\"potentialAction\":[{\"@type\":\"CommentAction\",\"name\":\"Comment\",\"target\":[\"https:\\\/\\\/folhapopular.info\\\/index.php\\\/2025\\\/07\\\/14\\\/riograndense-e-ecas-comemoram-titulos-em-imigrante\\\/#respond\"]}]},{\"@type\":\"WebPage\",\"@id\":\"https:\\\/\\\/folhapopular.info\\\/index.php\\\/2025\\\/07\\\/14\\\/riograndense-e-ecas-comemoram-titulos-em-imigrante\\\/\",\"url\":\"https:\\\/\\\/folhapopular.info\\\/index.php\\\/2025\\\/07\\\/14\\\/riograndense-e-ecas-comemoram-titulos-em-imigrante\\\/\",\"name\":\"Riograndense e Ecas comemoram t\u00edtulos em Imigrante - Folha Popular\",\"isPartOf\":{\"@id\":\"https:\\\/\\\/folhapopular.info\\\/#website\"},\"primaryImageOfPage\":{\"@id\":\"https:\\\/\\\/folhapopular.info\\\/index.php\\\/2025\\\/07\\\/14\\\/riograndense-e-ecas-comemoram-titulos-em-imigrante\\\/#primaryimage\"},\"image\":{\"@id\":\"https:\\\/\\\/folhapopular.info\\\/index.php\\\/2025\\\/07\\\/14\\\/riograndense-e-ecas-comemoram-titulos-em-imigrante\\\/#primaryimage\"},\"thumbnailUrl\":\"https:\\\/\\\/folhapopular.info\\\/wp-content\\\/uploads\\\/2025\\\/07\\\/WhatsApp-Image-2025-07-13-at-19.06.22-scaled.jpeg\",\"datePublished\":\"2025-07-14T17:44:42+00:00\",\"dateModified\":\"2025-07-14T21:32:49+00:00\",\"author\":{\"@id\":\"https:\\\/\\\/folhapopular.info\\\/#\\\/schema\\\/person\\\/533a15f60cd49e81ab3a90b4ca33cb36\"},\"breadcrumb\":{\"@id\":\"https:\\\/\\\/folhapopular.info\\\/index.php\\\/2025\\\/07\\\/14\\\/riograndense-e-ecas-comemoram-titulos-em-imigrante\\\/#breadcrumb\"},\"inLanguage\":\"pt-BR\",\"potentialAction\":[{\"@type\":\"ReadAction\",\"target\":[\"https:\\\/\\\/folhapopular.info\\\/index.php\\\/2025\\\/07\\\/14\\\/riograndense-e-ecas-comemoram-titulos-em-imigrante\\\/\"]}]},{\"@type\":\"ImageObject\",\"inLanguage\":\"pt-BR\",\"@id\":\"https:\\\/\\\/folhapopular.info\\\/index.php\\\/2025\\\/07\\\/14\\\/riograndense-e-ecas-comemoram-titulos-em-imigrante\\\/#primaryimage\",\"url\":\"https:\\\/\\\/folhapopular.info\\\/wp-content\\\/uploads\\\/2025\\\/07\\\/WhatsApp-Image-2025-07-13-at-19.06.22-scaled.jpeg\",\"contentUrl\":\"https:\\\/\\\/folhapopular.info\\\/wp-content\\\/uploads\\\/2025\\\/07\\\/WhatsApp-Image-2025-07-13-at-19.06.22-scaled.jpeg\",\"width\":1920,\"height\":2560,\"caption\":\"Riograndense conquistou o trof\u00e9u de campe\u00e3o de Imigrante \\\/\\\/ Cr\u00e9dito: Vitor Gabriel\"},{\"@type\":\"BreadcrumbList\",\"@id\":\"https:\\\/\\\/folhapopular.info\\\/index.php\\\/2025\\\/07\\\/14\\\/riograndense-e-ecas-comemoram-titulos-em-imigrante\\\/#breadcrumb\",\"itemListElement\":[{\"@type\":\"ListItem\",\"position\":1,\"name\":\"In\u00edcio\",\"item\":\"https:\\\/\\\/folhapopular.info\\\/\"},{\"@type\":\"ListItem\",\"position\":2,\"name\":\"Riograndense e Ecas comemoram t\u00edtulos em Imigrante\"}]},{\"@type\":\"WebSite\",\"@id\":\"https:\\\/\\\/folhapopular.info\\\/#website\",\"url\":\"https:\\\/\\\/folhapopular.info\\\/\",\"name\":\"Folha Popular\",\"description\":\"Onde voc\u00ea tem vez e voz\",\"potentialAction\":[{\"@type\":\"SearchAction\",\"target\":{\"@type\":\"EntryPoint\",\"urlTemplate\":\"https:\\\/\\\/folhapopular.info\\\/?s={search_term_string}\"},\"query-input\":{\"@type\":\"PropertyValueSpecification\",\"valueRequired\":true,\"valueName\":\"search_term_string\"}}],\"inLanguage\":\"pt-BR\"},{\"@type\":\"Person\",\"@id\":\"https:\\\/\\\/folhapopular.info\\\/#\\\/schema\\\/person\\\/533a15f60cd49e81ab3a90b4ca33cb36\",\"name\":\"Lucas Leandro Brune\",\"image\":{\"@type\":\"ImageObject\",\"inLanguage\":\"pt-BR\",\"@id\":\"https:\\\/\\\/folhapopular.info\\\/wp-content\\\/uploads\\\/2026\\\/04\\\/LUCAS-1-1.webp\",\"url\":\"https:\\\/\\\/folhapopular.info\\\/wp-content\\\/uploads\\\/2026\\\/04\\\/LUCAS-1-1.webp\",\"contentUrl\":\"https:\\\/\\\/folhapopular.info\\\/wp-content\\\/uploads\\\/2026\\\/04\\\/LUCAS-1-1.webp\",\"caption\":\"Lucas Leandro Brune\"},\"description\":\"Jornalista Profissional Diplomado MTB\\\/RS 14.333\",\"url\":\"https:\\\/\\\/folhapopular.info\\\/index.php\\\/author\\\/lucas-brune\\\/\"}]}<\/script>\n<!-- \/ Yoast SEO plugin. -->","yoast_head_json":{"title":"Riograndense e Ecas comemoram t\u00edtulos em Imigrante - Folha Popular","robots":{"index":"index","follow":"follow","max-snippet":"max-snippet:-1","max-image-preview":"max-image-preview:large","max-video-preview":"max-video-preview:-1"},"canonical":"https:\/\/folhapopular.info\/index.php\/2025\/07\/14\/riograndense-e-ecas-comemoram-titulos-em-imigrante\/","og_locale":"pt_BR","og_type":"article","og_title":"Riograndense e Ecas comemoram t\u00edtulos em Imigrante - Folha Popular","og_description":"Derrotados nos jogos de ida das finais do Campeonato Municipal de Imigrante, Riograndense e Ecas venceram as partidas de volta e celebraram as conquistas nas cobran\u00e7as de p\u00eanaltis. O Riograndense foi campe\u00e3o da S\u00e9rie Ouro, atingiu o s\u00e9timo trof\u00e9u e \u00e9 o maior campe\u00e3o de Imigrante na rivalidade interna. J\u00e1 o Ecas conquistou o trof\u00e9u [&hellip;]","og_url":"https:\/\/folhapopular.info\/index.php\/2025\/07\/14\/riograndense-e-ecas-comemoram-titulos-em-imigrante\/","og_site_name":"Folha Popular","article_published_time":"2025-07-14T17:44:42+00:00","article_modified_time":"2025-07-14T21:32:49+00:00","og_image":[{"width":1920,"height":2560,"url":"http:\/\/folhapopular.info\/wp-content\/uploads\/2025\/07\/WhatsApp-Image-2025-07-13-at-19.06.22-scaled.jpeg","type":"image\/jpeg"}],"author":"Lucas Leandro Brune","twitter_card":"summary_large_image","twitter_misc":{"Escrito por":"Lucas Leandro Brune","Est. tempo de leitura":"3 minutos"},"schema":{"@context":"https:\/\/schema.org","@graph":[{"@type":"Article","@id":"https:\/\/folhapopular.info\/index.php\/2025\/07\/14\/riograndense-e-ecas-comemoram-titulos-em-imigrante\/#article","isPartOf":{"@id":"https:\/\/folhapopular.info\/index.php\/2025\/07\/14\/riograndense-e-ecas-comemoram-titulos-em-imigrante\/"},"author":{"name":"Lucas Leandro Brune","@id":"https:\/\/folhapopular.info\/#\/schema\/person\/533a15f60cd49e81ab3a90b4ca33cb36"},"headline":"Riograndense e Ecas comemoram t\u00edtulos em Imigrante","datePublished":"2025-07-14T17:44:42+00:00","dateModified":"2025-07-14T21:32:49+00:00","mainEntityOfPage":{"@id":"https:\/\/folhapopular.info\/index.php\/2025\/07\/14\/riograndense-e-ecas-comemoram-titulos-em-imigrante\/"},"wordCount":308,"commentCount":0,"image":{"@id":"https:\/\/folhapopular.info\/index.php\/2025\/07\/14\/riograndense-e-ecas-comemoram-titulos-em-imigrante\/#primaryimage"},"thumbnailUrl":"https:\/\/folhapopular.info\/wp-content\/uploads\/2025\/07\/WhatsApp-Image-2025-07-13-at-19.06.22-scaled.jpeg","keywords":["Campeonato Municipal","futebol amador","Imigrante"],"articleSection":["Destaques","Esportes","Futebol Amador"],"inLanguage":"pt-BR","potentialAction":[{"@type":"CommentAction","name":"Comment","target":["https:\/\/folhapopular.info\/index.php\/2025\/07\/14\/riograndense-e-ecas-comemoram-titulos-em-imigrante\/#respond"]}]},{"@type":"WebPage","@id":"https:\/\/folhapopular.info\/index.php\/2025\/07\/14\/riograndense-e-ecas-comemoram-titulos-em-imigrante\/","url":"https:\/\/folhapopular.info\/index.php\/2025\/07\/14\/riograndense-e-ecas-comemoram-titulos-em-imigrante\/","name":"Riograndense e Ecas comemoram t\u00edtulos em Imigrante - Folha Popular","isPartOf":{"@id":"https:\/\/folhapopular.info\/#website"},"primaryImageOfPage":{"@id":"https:\/\/folhapopular.info\/index.php\/2025\/07\/14\/riograndense-e-ecas-comemoram-titulos-em-imigrante\/#primaryimage"},"image":{"@id":"https:\/\/folhapopular.info\/index.php\/2025\/07\/14\/riograndense-e-ecas-comemoram-titulos-em-imigrante\/#primaryimage"},"thumbnailUrl":"https:\/\/folhapopular.info\/wp-content\/uploads\/2025\/07\/WhatsApp-Image-2025-07-13-at-19.06.22-scaled.jpeg","datePublished":"2025-07-14T17:44:42+00:00","dateModified":"2025-07-14T21:32:49+00:00","author":{"@id":"https:\/\/folhapopular.info\/#\/schema\/person\/533a15f60cd49e81ab3a90b4ca33cb36"},"breadcrumb":{"@id":"https:\/\/folhapopular.info\/index.php\/2025\/07\/14\/riograndense-e-ecas-comemoram-titulos-em-imigrante\/#breadcrumb"},"inLanguage":"pt-BR","potentialAction":[{"@type":"ReadAction","target":["https:\/\/folhapopular.info\/index.php\/2025\/07\/14\/riograndense-e-ecas-comemoram-titulos-em-imigrante\/"]}]},{"@type":"ImageObject","inLanguage":"pt-BR","@id":"https:\/\/folhapopular.info\/index.php\/2025\/07\/14\/riograndense-e-ecas-comemoram-titulos-em-imigrante\/#primaryimage","url":"https:\/\/folhapopular.info\/wp-content\/uploads\/2025\/07\/WhatsApp-Image-2025-07-13-at-19.06.22-scaled.jpeg","contentUrl":"https:\/\/folhapopular.info\/wp-content\/uploads\/2025\/07\/WhatsApp-Image-2025-07-13-at-19.06.22-scaled.jpeg","width":1920,"height":2560,"caption":"Riograndense conquistou o trof\u00e9u de campe\u00e3o de Imigrante \/\/ Cr\u00e9dito: Vitor Gabriel"},{"@type":"BreadcrumbList","@id":"https:\/\/folhapopular.info\/index.php\/2025\/07\/14\/riograndense-e-ecas-comemoram-titulos-em-imigrante\/#breadcrumb","itemListElement":[{"@type":"ListItem","position":1,"name":"In\u00edcio","item":"https:\/\/folhapopular.info\/"},{"@type":"ListItem","position":2,"name":"Riograndense e Ecas comemoram t\u00edtulos em Imigrante"}]},{"@type":"WebSite","@id":"https:\/\/folhapopular.info\/#website","url":"https:\/\/folhapopular.info\/","name":"Folha Popular","description":"Onde voc\u00ea tem vez e voz","potentialAction":[{"@type":"SearchAction","target":{"@type":"EntryPoint","urlTemplate":"https:\/\/folhapopular.info\/?s={search_term_string}"},"query-input":{"@type":"PropertyValueSpecification","valueRequired":true,"valueName":"search_term_string"}}],"inLanguage":"pt-BR"},{"@type":"Person","@id":"https:\/\/folhapopular.info\/#\/schema\/person\/533a15f60cd49e81ab3a90b4ca33cb36","name":"Lucas Leandro Brune","image":{"@type":"ImageObject","inLanguage":"pt-BR","@id":"https:\/\/folhapopular.info\/wp-content\/uploads\/2026\/04\/LUCAS-1-1.webp","url":"https:\/\/folhapopular.info\/wp-content\/uploads\/2026\/04\/LUCAS-1-1.webp","contentUrl":"https:\/\/folhapopular.info\/wp-content\/uploads\/2026\/04\/LUCAS-1-1.webp","caption":"Lucas Leandro Brune"},"description":"Jornalista Profissional Diplomado MTB\/RS 14.333","url":"https:\/\/folhapopular.info\/index.php\/author\/lucas-brune\/"}]}},"jetpack_featured_media_url":"https:\/\/folhapopular.info\/wp-content\/uploads\/2025\/07\/WhatsApp-Image-2025-07-13-at-19.06.22-scaled.jpeg","jetpack_sharing_enabled":true,"amp_enabled":true,"_links":{"self":[{"href":"https:\/\/folhapopular.info\/index.php\/wp-json\/wp\/v2\/posts\/190101","targetHints":{"allow":["GET"]}}],"collection":[{"href":"https:\/\/folhapopular.info\/index.php\/wp-json\/wp\/v2\/posts"}],"about":[{"href":"https:\/\/folhapopular.info\/index.php\/wp-json\/wp\/v2\/types\/post"}],"author":[{"embeddable":true,"href":"https:\/\/folhapopular.info\/index.php\/wp-json\/wp\/v2\/users\/7"}],"replies":[{"embeddable":true,"href":"https:\/\/folhapopular.info\/index.php\/wp-json\/wp\/v2\/comments?post=190101"}],"version-history":[{"count":0,"href":"https:\/\/folhapopular.info\/index.php\/wp-json\/wp\/v2\/posts\/190101\/revisions"}],"wp:featuredmedia":[{"embeddable":true,"href":"https:\/\/folhapopular.info\/index.php\/wp-json\/wp\/v2\/media\/190102"}],"wp:attachment":[{"href":"https:\/\/folhapopular.info\/index.php\/wp-json\/wp\/v2\/media?parent=190101"}],"wp:term":[{"taxonomy":"category","embeddable":true,"href":"https:\/\/folhapopular.info\/index.php\/wp-json\/wp\/v2\/categories?post=190101"},{"taxonomy":"post_tag","embeddable":true,"href":"https:\/\/folhapopular.info\/index.php\/wp-json\/wp\/v2\/tags?post=190101"}],"curies":[{"name":"wp","href":"https:\/\/api.w.org\/{rel}","templated":true}]}}