{"id":190108,"date":"2025-07-14T13:04:45","date_gmt":"2025-07-14T16:04:45","guid":{"rendered":"https:\/\/folhapopular.info\/?p=190108"},"modified":"2025-07-14T19:12:15","modified_gmt":"2025-07-14T22:12:15","slug":"gremio-conquista-titulo-em-bom-retiro-do-sul","status":"publish","type":"post","link":"https:\/\/folhapopular.info\/index.php\/2025\/07\/14\/gremio-conquista-titulo-em-bom-retiro-do-sul\/","title":{"rendered":"Gr\u00eamio conquista t\u00edtulo em Bom Retiro do Sul"},"content":{"rendered":"\n<p>Suado e com emo\u00e7\u00e3o. Assim foi a conquista do t\u00edtulo de Campe\u00e3o Municipal de Bom Retiro do Sul para o Gr\u00eamio da Beira do Rio. Na tarde deste domingo (13\/7), o tricolor comemorou no Est\u00e1dio do Rochedo ap\u00f3s disputa por p\u00eanaltis com a Aecosajo.<\/p>\n\n\n\n<p>Derrotada no jogo de ida, a Aecosajo precisava vencer para for\u00e7ar p\u00eanaltis. No entanto, o Gr\u00eamio saiu em vantagem logo a 3min de partida,  quando tanque recebeu passe da direita de Alan Viena e chapou para as redes: 1 a 0.<\/p>\n\n\n\n<p>A Aecosajo chegou ao empate pouco depois. Aos 6min30, o \u00e1rbitro marcou p\u00eanalti de Geison sobre Dudu. Ap\u00f3s atendimento, o pr\u00f3prio Dudu cobrou e igualou o marcador para a Aecosajo: 1 a 1, aos 8min30.<\/p>\n\n\n\n<p>Ap\u00f3s alguns momentos mais tensos na partida, o segundo tempo foi desenrolando com o Gr\u00eamio administrando o empate e a Aecosajo procurando o gol da vit\u00f3ria. Quando tudo parecia se encaminhar para o empate, aos 43min30, a Aecosajo virou o placar para 2 a 1, com Alex.<\/p>\n\n\n\n<p>Com a vit\u00f3ria por 2 a 1, a disputa foi para as cobran\u00e7as de penalidades m\u00e1ximas. O Gr\u00eamio venceu por 5 a 4 e faturou o trof\u00e9u de campe\u00e3o. Os cinco p\u00eanaltis do Gr\u00eamio foram convertidos por Padilha, Tanque, Gabriel, Douglas e Volmir. Do lado da Aecosajo, gols nos p\u00eanaltis marcados por: Dudu, Ara\u00fajo, Rangel e Alex. A quarta cobran\u00e7a da Aecosajo foi desperdi\u00e7ada por D\u00eanis, a bola bateu no travess\u00e3o e saiu pela linha de fundo.<\/p>\n\n\n\n<p>Na disputa do terceiro lugar, o Lesionados venceu o Limitados por 4 a 2 e faturou o trof\u00e9u &#8211; pois o primeiro jogo terminou empatado sem gols. A partida antecedeu a decis\u00e3o entre Gr\u00eamio e Aecosajo, tamb\u00e9m no Est\u00e1dio do Rochedo.<\/p>\n\n\n\n<div class=\"wp-block-jetpack-slideshow aligncenter is-style-rectangular\" data-effect=\"slide\" style=\"--aspect-ratio:calc(1600 \/ 1200)\"><div class=\"wp-block-jetpack-slideshow_container swiper-container\"><ul class=\"wp-block-jetpack-slideshow_swiper-wrapper swiper-wrapper\"><li class=\"wp-block-jetpack-slideshow_slide swiper-slide\"><figure><img loading=\"lazy\" decoding=\"async\" width=\"1600\" height=\"1200\" alt=\"\" class=\"wp-block-jetpack-slideshow_image wp-image-190113\" data-id=\"190113\" data-aspect-ratio=\"1600 \/ 1200\" src=\"https:\/\/folhapopular.info\/wp-content\/uploads\/2025\/07\/WhatsApp-Image-2025-07-13-at-17.54.29.jpeg\" srcset=\"https:\/\/folhapopular.info\/wp-content\/uploads\/2025\/07\/WhatsApp-Image-2025-07-13-at-17.54.29.jpeg 1600w, https:\/\/folhapopular.info\/wp-content\/uploads\/2025\/07\/WhatsApp-Image-2025-07-13-at-17.54.29-300x225.jpeg 300w, https:\/\/folhapopular.info\/wp-content\/uploads\/2025\/07\/WhatsApp-Image-2025-07-13-at-17.54.29-1024x768.jpeg 1024w, https:\/\/folhapopular.info\/wp-content\/uploads\/2025\/07\/WhatsApp-Image-2025-07-13-at-17.54.29-768x576.jpeg 768w, https:\/\/folhapopular.info\/wp-content\/uploads\/2025\/07\/WhatsApp-Image-2025-07-13-at-17.54.29-1536x1152.jpeg 1536w, https:\/\/folhapopular.info\/wp-content\/uploads\/2025\/07\/WhatsApp-Image-2025-07-13-at-17.54.29-560x420.jpeg 560w, https:\/\/folhapopular.info\/wp-content\/uploads\/2025\/07\/WhatsApp-Image-2025-07-13-at-17.54.29-80x60.jpeg 80w, https:\/\/folhapopular.info\/wp-content\/uploads\/2025\/07\/WhatsApp-Image-2025-07-13-at-17.54.29-696x522.jpeg 696w, https:\/\/folhapopular.info\/wp-content\/uploads\/2025\/07\/WhatsApp-Image-2025-07-13-at-17.54.29-1068x801.jpeg 1068w\" sizes=\"(max-width: 1600px) 100vw, 1600px\" \/><figcaption class=\"wp-block-jetpack-slideshow_caption gallery-caption\">Aecosajo, vice-campe\u00e3 de Bom Retiro do Sul \/\/ Cr\u00e9dito: Igor Moreira<\/figcaption><\/figure><\/li><li class=\"wp-block-jetpack-slideshow_slide swiper-slide\"><figure><img loading=\"lazy\" decoding=\"async\" width=\"1600\" height=\"1200\" alt=\"\" class=\"wp-block-jetpack-slideshow_image wp-image-190115\" data-id=\"190115\" data-aspect-ratio=\"1600 \/ 1200\" src=\"https:\/\/folhapopular.info\/wp-content\/uploads\/2025\/07\/WhatsApp-Image-2025-07-13-at-16.46.12-2.jpeg\" srcset=\"https:\/\/folhapopular.info\/wp-content\/uploads\/2025\/07\/WhatsApp-Image-2025-07-13-at-16.46.12-2.jpeg 1600w, https:\/\/folhapopular.info\/wp-content\/uploads\/2025\/07\/WhatsApp-Image-2025-07-13-at-16.46.12-2-300x225.jpeg 300w, https:\/\/folhapopular.info\/wp-content\/uploads\/2025\/07\/WhatsApp-Image-2025-07-13-at-16.46.12-2-1024x768.jpeg 1024w, https:\/\/folhapopular.info\/wp-content\/uploads\/2025\/07\/WhatsApp-Image-2025-07-13-at-16.46.12-2-768x576.jpeg 768w, https:\/\/folhapopular.info\/wp-content\/uploads\/2025\/07\/WhatsApp-Image-2025-07-13-at-16.46.12-2-1536x1152.jpeg 1536w, https:\/\/folhapopular.info\/wp-content\/uploads\/2025\/07\/WhatsApp-Image-2025-07-13-at-16.46.12-2-560x420.jpeg 560w, https:\/\/folhapopular.info\/wp-content\/uploads\/2025\/07\/WhatsApp-Image-2025-07-13-at-16.46.12-2-80x60.jpeg 80w, https:\/\/folhapopular.info\/wp-content\/uploads\/2025\/07\/WhatsApp-Image-2025-07-13-at-16.46.12-2-696x522.jpeg 696w, https:\/\/folhapopular.info\/wp-content\/uploads\/2025\/07\/WhatsApp-Image-2025-07-13-at-16.46.12-2-1068x801.jpeg 1068w\" sizes=\"(max-width: 1600px) 100vw, 1600px\" \/><figcaption class=\"wp-block-jetpack-slideshow_caption gallery-caption\">Lesionados comemorou o terceiro lugar em Bom Retiro do Sul \/\/ Cr\u00e9dito: Igor Moreira<\/figcaption><\/figure><\/li><li class=\"wp-block-jetpack-slideshow_slide swiper-slide\"><figure><img loading=\"lazy\" decoding=\"async\" width=\"900\" height=\"1600\" alt=\"\" class=\"wp-block-jetpack-slideshow_image wp-image-190114\" data-id=\"190114\" data-aspect-ratio=\"900 \/ 1600\" src=\"https:\/\/folhapopular.info\/wp-content\/uploads\/2025\/07\/WhatsApp-Image-2025-07-13-at-17.48.04.jpeg\" srcset=\"https:\/\/folhapopular.info\/wp-content\/uploads\/2025\/07\/WhatsApp-Image-2025-07-13-at-17.48.04.jpeg 900w, https:\/\/folhapopular.info\/wp-content\/uploads\/2025\/07\/WhatsApp-Image-2025-07-13-at-17.48.04-169x300.jpeg 169w, https:\/\/folhapopular.info\/wp-content\/uploads\/2025\/07\/WhatsApp-Image-2025-07-13-at-17.48.04-576x1024.jpeg 576w, https:\/\/folhapopular.info\/wp-content\/uploads\/2025\/07\/WhatsApp-Image-2025-07-13-at-17.48.04-768x1365.jpeg 768w, https:\/\/folhapopular.info\/wp-content\/uploads\/2025\/07\/WhatsApp-Image-2025-07-13-at-17.48.04-864x1536.jpeg 864w, https:\/\/folhapopular.info\/wp-content\/uploads\/2025\/07\/WhatsApp-Image-2025-07-13-at-17.48.04-236x420.jpeg 236w, https:\/\/folhapopular.info\/wp-content\/uploads\/2025\/07\/WhatsApp-Image-2025-07-13-at-17.48.04-696x1237.jpeg 696w\" sizes=\"(max-width: 900px) 100vw, 900px\" \/><figcaption class=\"wp-block-jetpack-slideshow_caption gallery-caption\">Elson Fazenda, do Gr\u00eamio, craque da final de Bom Retiro \/\/ Cr\u00e9dito: Igor Moreira<\/figcaption><\/figure><\/li><li class=\"wp-block-jetpack-slideshow_slide swiper-slide\"><figure><img loading=\"lazy\" decoding=\"async\" width=\"1200\" height=\"1600\" alt=\"\" class=\"wp-block-jetpack-slideshow_image wp-image-190117\" data-id=\"190117\" data-aspect-ratio=\"1200 \/ 1600\" src=\"https:\/\/folhapopular.info\/wp-content\/uploads\/2025\/07\/WhatsApp-Image-2025-07-13-at-16.46.11.jpeg\" srcset=\"https:\/\/folhapopular.info\/wp-content\/uploads\/2025\/07\/WhatsApp-Image-2025-07-13-at-16.46.11.jpeg 1200w, https:\/\/folhapopular.info\/wp-content\/uploads\/2025\/07\/WhatsApp-Image-2025-07-13-at-16.46.11-225x300.jpeg 225w, https:\/\/folhapopular.info\/wp-content\/uploads\/2025\/07\/WhatsApp-Image-2025-07-13-at-16.46.11-768x1024.jpeg 768w, https:\/\/folhapopular.info\/wp-content\/uploads\/2025\/07\/WhatsApp-Image-2025-07-13-at-16.46.11-1152x1536.jpeg 1152w, https:\/\/folhapopular.info\/wp-content\/uploads\/2025\/07\/WhatsApp-Image-2025-07-13-at-16.46.11-315x420.jpeg 315w, https:\/\/folhapopular.info\/wp-content\/uploads\/2025\/07\/WhatsApp-Image-2025-07-13-at-16.46.11-696x928.jpeg 696w, https:\/\/folhapopular.info\/wp-content\/uploads\/2025\/07\/WhatsApp-Image-2025-07-13-at-16.46.11-1068x1424.jpeg 1068w\" sizes=\"(max-width: 1200px) 100vw, 1200px\" \/><figcaption class=\"wp-block-jetpack-slideshow_caption gallery-caption\">Matheus Gewehr, do Lesionados, craque da disputa de 3\u00ba lugar em Bom Retiro \/\/ Cr\u00e9dito: Igor Moreira<\/figcaption><\/figure><\/li><\/ul><a class=\"wp-block-jetpack-slideshow_button-prev swiper-button-prev swiper-button-white\" role=\"button\"><\/a><a class=\"wp-block-jetpack-slideshow_button-next swiper-button-next swiper-button-white\" role=\"button\"><\/a><a aria-label=\"Pause Slideshow\" class=\"wp-block-jetpack-slideshow_button-pause\" role=\"button\"><\/a><div class=\"wp-block-jetpack-slideshow_pagination swiper-pagination swiper-pagination-white\"><\/div><\/div><\/div>\n","protected":false},"excerpt":{"rendered":"<p>Suado e com emo\u00e7\u00e3o. Assim foi a conquista do t\u00edtulo de Campe\u00e3o Municipal de Bom Retiro do Sul para o Gr\u00eamio da Beira do Rio. Na tarde deste domingo (13\/7), o tricolor comemorou no Est\u00e1dio do Rochedo ap\u00f3s disputa por p\u00eanaltis com a Aecosajo. Derrotada no jogo de ida, a Aecosajo precisava vencer para for\u00e7ar [&hellip;]<\/p>\n","protected":false},"author":7,"featured_media":190112,"comment_status":"open","ping_status":"open","sticky":false,"template":"","format":"standard","meta":{"pmpro_default_level":"","_jetpack_memberships_contains_paid_content":false,"footnotes":""},"categories":[5,240],"tags":[146,499,147],"class_list":{"0":"post-190108","1":"post","2":"type-post","3":"status-publish","4":"format-standard","5":"has-post-thumbnail","7":"category-esportes","8":"category-futebol-amador","9":"tag-bom-retiro-do-sul","10":"tag-campeonato-municipal","11":"tag-futebol-amador","12":"pmpro-has-access"},"yoast_head":"<!-- This site is optimized with the Yoast SEO plugin v27.5 - https:\/\/yoast.com\/product\/yoast-seo-wordpress\/ -->\n<title>Gr\u00eamio conquista t\u00edtulo em Bom Retiro do Sul - Folha Popular<\/title>\n<meta name=\"robots\" content=\"index, follow, max-snippet:-1, max-image-preview:large, max-video-preview:-1\" \/>\n<link rel=\"canonical\" href=\"https:\/\/folhapopular.info\/index.php\/2025\/07\/14\/gremio-conquista-titulo-em-bom-retiro-do-sul\/\" \/>\n<meta property=\"og:locale\" content=\"pt_BR\" \/>\n<meta property=\"og:type\" content=\"article\" \/>\n<meta property=\"og:title\" content=\"Gr\u00eamio conquista t\u00edtulo em Bom Retiro do Sul - Folha Popular\" \/>\n<meta property=\"og:description\" content=\"Suado e com emo\u00e7\u00e3o. Assim foi a conquista do t\u00edtulo de Campe\u00e3o Municipal de Bom Retiro do Sul para o Gr\u00eamio da Beira do Rio. Na tarde deste domingo (13\/7), o tricolor comemorou no Est\u00e1dio do Rochedo ap\u00f3s disputa por p\u00eanaltis com a Aecosajo. Derrotada no jogo de ida, a Aecosajo precisava vencer para for\u00e7ar [&hellip;]\" \/>\n<meta property=\"og:url\" content=\"https:\/\/folhapopular.info\/index.php\/2025\/07\/14\/gremio-conquista-titulo-em-bom-retiro-do-sul\/\" \/>\n<meta property=\"og:site_name\" content=\"Folha Popular\" \/>\n<meta property=\"article:published_time\" content=\"2025-07-14T16:04:45+00:00\" \/>\n<meta property=\"article:modified_time\" content=\"2025-07-14T22:12:15+00:00\" \/>\n<meta property=\"og:image\" content=\"http:\/\/folhapopular.info\/wp-content\/uploads\/2025\/07\/WhatsApp-Image-2025-07-13-at-17.59.41.jpeg\" \/>\n\t<meta property=\"og:image:width\" content=\"1600\" \/>\n\t<meta property=\"og:image:height\" content=\"1200\" \/>\n\t<meta property=\"og:image:type\" content=\"image\/jpeg\" \/>\n<meta name=\"author\" content=\"Lucas Leandro Brune\" \/>\n<meta name=\"twitter:card\" content=\"summary_large_image\" \/>\n<meta name=\"twitter:label1\" content=\"Escrito por\" \/>\n\t<meta name=\"twitter:data1\" content=\"Lucas Leandro Brune\" \/>\n\t<meta name=\"twitter:label2\" content=\"Est. tempo de leitura\" \/>\n\t<meta name=\"twitter:data2\" content=\"3 minutos\" \/>\n<script type=\"application\/ld+json\" class=\"yoast-schema-graph\">{\"@context\":\"https:\\\/\\\/schema.org\",\"@graph\":[{\"@type\":\"Article\",\"@id\":\"https:\\\/\\\/folhapopular.info\\\/index.php\\\/2025\\\/07\\\/14\\\/gremio-conquista-titulo-em-bom-retiro-do-sul\\\/#article\",\"isPartOf\":{\"@id\":\"https:\\\/\\\/folhapopular.info\\\/index.php\\\/2025\\\/07\\\/14\\\/gremio-conquista-titulo-em-bom-retiro-do-sul\\\/\"},\"author\":{\"name\":\"Lucas Leandro Brune\",\"@id\":\"https:\\\/\\\/folhapopular.info\\\/#\\\/schema\\\/person\\\/533a15f60cd49e81ab3a90b4ca33cb36\"},\"headline\":\"Gr\u00eamio conquista t\u00edtulo em Bom Retiro do Sul\",\"datePublished\":\"2025-07-14T16:04:45+00:00\",\"dateModified\":\"2025-07-14T22:12:15+00:00\",\"mainEntityOfPage\":{\"@id\":\"https:\\\/\\\/folhapopular.info\\\/index.php\\\/2025\\\/07\\\/14\\\/gremio-conquista-titulo-em-bom-retiro-do-sul\\\/\"},\"wordCount\":373,\"commentCount\":0,\"image\":{\"@id\":\"https:\\\/\\\/folhapopular.info\\\/index.php\\\/2025\\\/07\\\/14\\\/gremio-conquista-titulo-em-bom-retiro-do-sul\\\/#primaryimage\"},\"thumbnailUrl\":\"https:\\\/\\\/folhapopular.info\\\/wp-content\\\/uploads\\\/2025\\\/07\\\/WhatsApp-Image-2025-07-13-at-17.59.41.jpeg\",\"keywords\":[\"Bom Retiro do Sul\",\"Campeonato Municipal\",\"futebol amador\"],\"articleSection\":[\"Esportes\",\"Futebol Amador\"],\"inLanguage\":\"pt-BR\",\"potentialAction\":[{\"@type\":\"CommentAction\",\"name\":\"Comment\",\"target\":[\"https:\\\/\\\/folhapopular.info\\\/index.php\\\/2025\\\/07\\\/14\\\/gremio-conquista-titulo-em-bom-retiro-do-sul\\\/#respond\"]}]},{\"@type\":\"WebPage\",\"@id\":\"https:\\\/\\\/folhapopular.info\\\/index.php\\\/2025\\\/07\\\/14\\\/gremio-conquista-titulo-em-bom-retiro-do-sul\\\/\",\"url\":\"https:\\\/\\\/folhapopular.info\\\/index.php\\\/2025\\\/07\\\/14\\\/gremio-conquista-titulo-em-bom-retiro-do-sul\\\/\",\"name\":\"Gr\u00eamio conquista t\u00edtulo em Bom Retiro do Sul - Folha Popular\",\"isPartOf\":{\"@id\":\"https:\\\/\\\/folhapopular.info\\\/#website\"},\"primaryImageOfPage\":{\"@id\":\"https:\\\/\\\/folhapopular.info\\\/index.php\\\/2025\\\/07\\\/14\\\/gremio-conquista-titulo-em-bom-retiro-do-sul\\\/#primaryimage\"},\"image\":{\"@id\":\"https:\\\/\\\/folhapopular.info\\\/index.php\\\/2025\\\/07\\\/14\\\/gremio-conquista-titulo-em-bom-retiro-do-sul\\\/#primaryimage\"},\"thumbnailUrl\":\"https:\\\/\\\/folhapopular.info\\\/wp-content\\\/uploads\\\/2025\\\/07\\\/WhatsApp-Image-2025-07-13-at-17.59.41.jpeg\",\"datePublished\":\"2025-07-14T16:04:45+00:00\",\"dateModified\":\"2025-07-14T22:12:15+00:00\",\"author\":{\"@id\":\"https:\\\/\\\/folhapopular.info\\\/#\\\/schema\\\/person\\\/533a15f60cd49e81ab3a90b4ca33cb36\"},\"breadcrumb\":{\"@id\":\"https:\\\/\\\/folhapopular.info\\\/index.php\\\/2025\\\/07\\\/14\\\/gremio-conquista-titulo-em-bom-retiro-do-sul\\\/#breadcrumb\"},\"inLanguage\":\"pt-BR\",\"potentialAction\":[{\"@type\":\"ReadAction\",\"target\":[\"https:\\\/\\\/folhapopular.info\\\/index.php\\\/2025\\\/07\\\/14\\\/gremio-conquista-titulo-em-bom-retiro-do-sul\\\/\"]}]},{\"@type\":\"ImageObject\",\"inLanguage\":\"pt-BR\",\"@id\":\"https:\\\/\\\/folhapopular.info\\\/index.php\\\/2025\\\/07\\\/14\\\/gremio-conquista-titulo-em-bom-retiro-do-sul\\\/#primaryimage\",\"url\":\"https:\\\/\\\/folhapopular.info\\\/wp-content\\\/uploads\\\/2025\\\/07\\\/WhatsApp-Image-2025-07-13-at-17.59.41.jpeg\",\"contentUrl\":\"https:\\\/\\\/folhapopular.info\\\/wp-content\\\/uploads\\\/2025\\\/07\\\/WhatsApp-Image-2025-07-13-at-17.59.41.jpeg\",\"width\":1600,\"height\":1200,\"caption\":\"Gr\u00eamio comemorou o t\u00edtulo de campe\u00e3o de Bom Retiro do Sul \\\/\\\/ Cr\u00e9dito: Igor Moreira\"},{\"@type\":\"BreadcrumbList\",\"@id\":\"https:\\\/\\\/folhapopular.info\\\/index.php\\\/2025\\\/07\\\/14\\\/gremio-conquista-titulo-em-bom-retiro-do-sul\\\/#breadcrumb\",\"itemListElement\":[{\"@type\":\"ListItem\",\"position\":1,\"name\":\"In\u00edcio\",\"item\":\"https:\\\/\\\/folhapopular.info\\\/\"},{\"@type\":\"ListItem\",\"position\":2,\"name\":\"Gr\u00eamio conquista t\u00edtulo em Bom Retiro do Sul\"}]},{\"@type\":\"WebSite\",\"@id\":\"https:\\\/\\\/folhapopular.info\\\/#website\",\"url\":\"https:\\\/\\\/folhapopular.info\\\/\",\"name\":\"Folha Popular\",\"description\":\"Onde voc\u00ea tem vez e voz\",\"potentialAction\":[{\"@type\":\"SearchAction\",\"target\":{\"@type\":\"EntryPoint\",\"urlTemplate\":\"https:\\\/\\\/folhapopular.info\\\/?s={search_term_string}\"},\"query-input\":{\"@type\":\"PropertyValueSpecification\",\"valueRequired\":true,\"valueName\":\"search_term_string\"}}],\"inLanguage\":\"pt-BR\"},{\"@type\":\"Person\",\"@id\":\"https:\\\/\\\/folhapopular.info\\\/#\\\/schema\\\/person\\\/533a15f60cd49e81ab3a90b4ca33cb36\",\"name\":\"Lucas Leandro Brune\",\"image\":{\"@type\":\"ImageObject\",\"inLanguage\":\"pt-BR\",\"@id\":\"https:\\\/\\\/folhapopular.info\\\/wp-content\\\/uploads\\\/2026\\\/04\\\/LUCAS-1-1.webp\",\"url\":\"https:\\\/\\\/folhapopular.info\\\/wp-content\\\/uploads\\\/2026\\\/04\\\/LUCAS-1-1.webp\",\"contentUrl\":\"https:\\\/\\\/folhapopular.info\\\/wp-content\\\/uploads\\\/2026\\\/04\\\/LUCAS-1-1.webp\",\"caption\":\"Lucas Leandro Brune\"},\"description\":\"Jornalista Profissional Diplomado MTB\\\/RS 14.333\",\"url\":\"https:\\\/\\\/folhapopular.info\\\/index.php\\\/author\\\/lucas-brune\\\/\"}]}<\/script>\n<!-- \/ Yoast SEO plugin. -->","yoast_head_json":{"title":"Gr\u00eamio conquista t\u00edtulo em Bom Retiro do Sul - Folha Popular","robots":{"index":"index","follow":"follow","max-snippet":"max-snippet:-1","max-image-preview":"max-image-preview:large","max-video-preview":"max-video-preview:-1"},"canonical":"https:\/\/folhapopular.info\/index.php\/2025\/07\/14\/gremio-conquista-titulo-em-bom-retiro-do-sul\/","og_locale":"pt_BR","og_type":"article","og_title":"Gr\u00eamio conquista t\u00edtulo em Bom Retiro do Sul - Folha Popular","og_description":"Suado e com emo\u00e7\u00e3o. Assim foi a conquista do t\u00edtulo de Campe\u00e3o Municipal de Bom Retiro do Sul para o Gr\u00eamio da Beira do Rio. Na tarde deste domingo (13\/7), o tricolor comemorou no Est\u00e1dio do Rochedo ap\u00f3s disputa por p\u00eanaltis com a Aecosajo. Derrotada no jogo de ida, a Aecosajo precisava vencer para for\u00e7ar [&hellip;]","og_url":"https:\/\/folhapopular.info\/index.php\/2025\/07\/14\/gremio-conquista-titulo-em-bom-retiro-do-sul\/","og_site_name":"Folha Popular","article_published_time":"2025-07-14T16:04:45+00:00","article_modified_time":"2025-07-14T22:12:15+00:00","og_image":[{"width":1600,"height":1200,"url":"http:\/\/folhapopular.info\/wp-content\/uploads\/2025\/07\/WhatsApp-Image-2025-07-13-at-17.59.41.jpeg","type":"image\/jpeg"}],"author":"Lucas Leandro Brune","twitter_card":"summary_large_image","twitter_misc":{"Escrito por":"Lucas Leandro Brune","Est. tempo de leitura":"3 minutos"},"schema":{"@context":"https:\/\/schema.org","@graph":[{"@type":"Article","@id":"https:\/\/folhapopular.info\/index.php\/2025\/07\/14\/gremio-conquista-titulo-em-bom-retiro-do-sul\/#article","isPartOf":{"@id":"https:\/\/folhapopular.info\/index.php\/2025\/07\/14\/gremio-conquista-titulo-em-bom-retiro-do-sul\/"},"author":{"name":"Lucas Leandro Brune","@id":"https:\/\/folhapopular.info\/#\/schema\/person\/533a15f60cd49e81ab3a90b4ca33cb36"},"headline":"Gr\u00eamio conquista t\u00edtulo em Bom Retiro do Sul","datePublished":"2025-07-14T16:04:45+00:00","dateModified":"2025-07-14T22:12:15+00:00","mainEntityOfPage":{"@id":"https:\/\/folhapopular.info\/index.php\/2025\/07\/14\/gremio-conquista-titulo-em-bom-retiro-do-sul\/"},"wordCount":373,"commentCount":0,"image":{"@id":"https:\/\/folhapopular.info\/index.php\/2025\/07\/14\/gremio-conquista-titulo-em-bom-retiro-do-sul\/#primaryimage"},"thumbnailUrl":"https:\/\/folhapopular.info\/wp-content\/uploads\/2025\/07\/WhatsApp-Image-2025-07-13-at-17.59.41.jpeg","keywords":["Bom Retiro do Sul","Campeonato Municipal","futebol amador"],"articleSection":["Esportes","Futebol Amador"],"inLanguage":"pt-BR","potentialAction":[{"@type":"CommentAction","name":"Comment","target":["https:\/\/folhapopular.info\/index.php\/2025\/07\/14\/gremio-conquista-titulo-em-bom-retiro-do-sul\/#respond"]}]},{"@type":"WebPage","@id":"https:\/\/folhapopular.info\/index.php\/2025\/07\/14\/gremio-conquista-titulo-em-bom-retiro-do-sul\/","url":"https:\/\/folhapopular.info\/index.php\/2025\/07\/14\/gremio-conquista-titulo-em-bom-retiro-do-sul\/","name":"Gr\u00eamio conquista t\u00edtulo em Bom Retiro do Sul - Folha Popular","isPartOf":{"@id":"https:\/\/folhapopular.info\/#website"},"primaryImageOfPage":{"@id":"https:\/\/folhapopular.info\/index.php\/2025\/07\/14\/gremio-conquista-titulo-em-bom-retiro-do-sul\/#primaryimage"},"image":{"@id":"https:\/\/folhapopular.info\/index.php\/2025\/07\/14\/gremio-conquista-titulo-em-bom-retiro-do-sul\/#primaryimage"},"thumbnailUrl":"https:\/\/folhapopular.info\/wp-content\/uploads\/2025\/07\/WhatsApp-Image-2025-07-13-at-17.59.41.jpeg","datePublished":"2025-07-14T16:04:45+00:00","dateModified":"2025-07-14T22:12:15+00:00","author":{"@id":"https:\/\/folhapopular.info\/#\/schema\/person\/533a15f60cd49e81ab3a90b4ca33cb36"},"breadcrumb":{"@id":"https:\/\/folhapopular.info\/index.php\/2025\/07\/14\/gremio-conquista-titulo-em-bom-retiro-do-sul\/#breadcrumb"},"inLanguage":"pt-BR","potentialAction":[{"@type":"ReadAction","target":["https:\/\/folhapopular.info\/index.php\/2025\/07\/14\/gremio-conquista-titulo-em-bom-retiro-do-sul\/"]}]},{"@type":"ImageObject","inLanguage":"pt-BR","@id":"https:\/\/folhapopular.info\/index.php\/2025\/07\/14\/gremio-conquista-titulo-em-bom-retiro-do-sul\/#primaryimage","url":"https:\/\/folhapopular.info\/wp-content\/uploads\/2025\/07\/WhatsApp-Image-2025-07-13-at-17.59.41.jpeg","contentUrl":"https:\/\/folhapopular.info\/wp-content\/uploads\/2025\/07\/WhatsApp-Image-2025-07-13-at-17.59.41.jpeg","width":1600,"height":1200,"caption":"Gr\u00eamio comemorou o t\u00edtulo de campe\u00e3o de Bom Retiro do Sul \/\/ Cr\u00e9dito: Igor Moreira"},{"@type":"BreadcrumbList","@id":"https:\/\/folhapopular.info\/index.php\/2025\/07\/14\/gremio-conquista-titulo-em-bom-retiro-do-sul\/#breadcrumb","itemListElement":[{"@type":"ListItem","position":1,"name":"In\u00edcio","item":"https:\/\/folhapopular.info\/"},{"@type":"ListItem","position":2,"name":"Gr\u00eamio conquista t\u00edtulo em Bom Retiro do Sul"}]},{"@type":"WebSite","@id":"https:\/\/folhapopular.info\/#website","url":"https:\/\/folhapopular.info\/","name":"Folha Popular","description":"Onde voc\u00ea tem vez e voz","potentialAction":[{"@type":"SearchAction","target":{"@type":"EntryPoint","urlTemplate":"https:\/\/folhapopular.info\/?s={search_term_string}"},"query-input":{"@type":"PropertyValueSpecification","valueRequired":true,"valueName":"search_term_string"}}],"inLanguage":"pt-BR"},{"@type":"Person","@id":"https:\/\/folhapopular.info\/#\/schema\/person\/533a15f60cd49e81ab3a90b4ca33cb36","name":"Lucas Leandro Brune","image":{"@type":"ImageObject","inLanguage":"pt-BR","@id":"https:\/\/folhapopular.info\/wp-content\/uploads\/2026\/04\/LUCAS-1-1.webp","url":"https:\/\/folhapopular.info\/wp-content\/uploads\/2026\/04\/LUCAS-1-1.webp","contentUrl":"https:\/\/folhapopular.info\/wp-content\/uploads\/2026\/04\/LUCAS-1-1.webp","caption":"Lucas Leandro Brune"},"description":"Jornalista Profissional Diplomado MTB\/RS 14.333","url":"https:\/\/folhapopular.info\/index.php\/author\/lucas-brune\/"}]}},"jetpack_featured_media_url":"https:\/\/folhapopular.info\/wp-content\/uploads\/2025\/07\/WhatsApp-Image-2025-07-13-at-17.59.41.jpeg","jetpack_sharing_enabled":true,"amp_enabled":true,"_links":{"self":[{"href":"https:\/\/folhapopular.info\/index.php\/wp-json\/wp\/v2\/posts\/190108","targetHints":{"allow":["GET"]}}],"collection":[{"href":"https:\/\/folhapopular.info\/index.php\/wp-json\/wp\/v2\/posts"}],"about":[{"href":"https:\/\/folhapopular.info\/index.php\/wp-json\/wp\/v2\/types\/post"}],"author":[{"embeddable":true,"href":"https:\/\/folhapopular.info\/index.php\/wp-json\/wp\/v2\/users\/7"}],"replies":[{"embeddable":true,"href":"https:\/\/folhapopular.info\/index.php\/wp-json\/wp\/v2\/comments?post=190108"}],"version-history":[{"count":0,"href":"https:\/\/folhapopular.info\/index.php\/wp-json\/wp\/v2\/posts\/190108\/revisions"}],"wp:featuredmedia":[{"embeddable":true,"href":"https:\/\/folhapopular.info\/index.php\/wp-json\/wp\/v2\/media\/190112"}],"wp:attachment":[{"href":"https:\/\/folhapopular.info\/index.php\/wp-json\/wp\/v2\/media?parent=190108"}],"wp:term":[{"taxonomy":"category","embeddable":true,"href":"https:\/\/folhapopular.info\/index.php\/wp-json\/wp\/v2\/categories?post=190108"},{"taxonomy":"post_tag","embeddable":true,"href":"https:\/\/folhapopular.info\/index.php\/wp-json\/wp\/v2\/tags?post=190108"}],"curies":[{"name":"wp","href":"https:\/\/api.w.org\/{rel}","templated":true}]}}