{"id":190263,"date":"2025-07-16T10:16:52","date_gmt":"2025-07-16T13:16:52","guid":{"rendered":"https:\/\/folhapopular.info\/?p=190263"},"modified":"2025-07-16T10:16:54","modified_gmt":"2025-07-16T13:16:54","slug":"6o-feirao-do-comercio-de-teutonia-encerra-com-r-650-mil-em-vendas","status":"publish","type":"post","link":"https:\/\/folhapopular.info\/index.php\/2025\/07\/16\/6o-feirao-do-comercio-de-teutonia-encerra-com-r-650-mil-em-vendas\/","title":{"rendered":"6\u00ba Feir\u00e3o do Com\u00e9rcio de Teut\u00f4nia encerra com R$ 650 mil em vendas"},"content":{"rendered":"\n<p>O <a href=\"https:\/\/folhapopular.info\/index.php\/2025\/07\/12\/6o-feirao-do-comercio-impulsiona-marcas-locais-e-fortalece-economia\/\" target=\"_blank\" rel=\"noreferrer noopener\">6\u00ba Feir\u00e3o do Com\u00e9rcio de Teut\u00f4nia<\/a> confirmou sua relev\u00e2ncia como espa\u00e7o estrat\u00e9gico para o com\u00e9rcio local. Promovido pela CIC Teut\u00f4nia, o evento ocorreu no Pavilh\u00e3o da Comunidade Cat\u00f3lica do Bairro Canabarro entre os dias 11 e 13 de julho e gerou cerca de R$ 650 mil em vendas.<\/p>\n\n\n\n<p>A edi\u00e7\u00e3o deste ano atraiu centenas de consumidores com a grande diversidade de produtos e servi\u00e7os em ofertas e condi\u00e7\u00f5es especiais de pagamento. <a href=\"https:\/\/folhapopular.info\/index.php\/2025\/07\/07\/cic-teutonia-realiza-feirao-do-comercio-de-11-a-13-de-julho\/\" target=\"_blank\" rel=\"noreferrer noopener\">O feir\u00e3o reuniu 34 empresas locais<\/a>, distribu\u00eddas em 50 estandes, com estrutura que incluiu pra\u00e7a de alimenta\u00e7\u00e3o, brinquedos infl\u00e1veis e espa\u00e7o para chimarr\u00e3o.<\/p>\n\n\n\n<p>Al\u00e9m dos neg\u00f3cios, o fim de semana dos expositores foi dedicado ao relacionamento com a comunidade e divulga\u00e7\u00e3o da marca. Gerente da ag\u00eancia do Sicoob, Evair Brune afima que a cooperativa registrou aberturas de conta e neg\u00f3cios envolvendo ve\u00edculos, al\u00e9m de contatos com potencial para convers\u00f5es futuras. \u201cHouve bastante movimenta\u00e7\u00e3o e um p\u00fablico expressivo. Fiquei impressionado com a quantidade de pessoas\u201d, relatou.<\/p>\n\n\n\n<p>Gerente da ag\u00eancia Sicredi de Canabarro, Adriane Bloemker afirma que a participa\u00e7\u00e3o no evento refor\u00e7a a miss\u00e3o institucional da cooperativa. \u201cValorizar iniciativas como esta \u00e9 fortalecer a economia da nossa comunidade e um compromisso que faz parte do jeito Sicredi de atuar. Seguimos acreditando na for\u00e7a do cooperativismo como caminho para uma sociedade mais justa, pr\u00f3spera e solid\u00e1ria\u201d, destacou.<\/p>\n\n\n\n<p>Pela primeira vez no evento, a Dinda Card colheu resultados expressivos. De acordo com a vendedora Eunice Dorneles, a empresa chegou a Teut\u00f4nia em mar\u00e7o e o evento foi fundamental para ampliar o reconhecimento da marca na comunidade. \u201cO estande atraiu grande n\u00famero de visitantes, com brindes, roleta e explica\u00e7\u00f5es sobre o funcionamento do cart\u00e3o. Fechamos muitos neg\u00f3cios durante o Feir\u00e3o, e outros est\u00e3o vindo agora, no p\u00f3s-feira\u201d, acrescentou.<\/p>\n\n\n\n<p>Em pesquisa aplicada junto aos expositores, 100% dos respondentes adiantaram que pretendem participar da pr\u00f3xima edi\u00e7\u00e3o. O presidente da CIC Teut\u00f4nia, Jairo Sperotto, celebrou os resultados e refor\u00e7ou a import\u00e2ncia da iniciativa para o fortalecimento do com\u00e9rcio local. \u201cEste Feir\u00e3o \u00e9 a cara do que desejamos para Teut\u00f4nia: um ambiente de neg\u00f3cios com p\u00fablico engajado, vendas expressivas e incentivo \u00e0s empresas da nossa cidade\u201d, sinalizou<\/p>\n\n\n\n<h2 class=\"wp-block-heading\"><strong>Perfil e satisfa\u00e7\u00e3o<\/strong><\/h2>\n\n\n\n<p>De acordo com o levantamento realizado durante o evento, 82,5% do p\u00fablico presente era residente de Teut\u00f4nia, mas houve presen\u00e7a significativa de visitantes de munic\u00edpios vizinhos, como Lajeado, Westf\u00e1lia, Paverama, Porto Alegre e Estrela. A maior parte dos visitantes tinha entre 35 e 60 anos &#8211; perfil de alto potencial de consumo.<\/p>\n\n\n\n<p>A pesquisa de satisfa\u00e7\u00e3o com o p\u00fablico revelou que 54,1% dos entrevistados declararam-se \u201cmuito satisfeitos\u201d com os pre\u00e7os e promo\u00e7\u00f5es. Os demais (45,9%) demonstraram aprova\u00e7\u00e3o e classificaram a experi\u00eancia como \u201csatisfat\u00f3ria\u201d. A m\u00e9dia de recomenda\u00e7\u00e3o do evento atingiu 9,4 em uma escala de 0 a 10.<\/p>\n","protected":false},"excerpt":{"rendered":"<p>O 6\u00ba Feir\u00e3o do Com\u00e9rcio de Teut\u00f4nia confirmou sua relev\u00e2ncia como espa\u00e7o estrat\u00e9gico para o com\u00e9rcio local. Promovido pela CIC Teut\u00f4nia, o evento ocorreu no Pavilh\u00e3o da Comunidade Cat\u00f3lica do Bairro Canabarro entre os dias 11 e 13 de julho e gerou cerca de R$ 650 mil em vendas. A edi\u00e7\u00e3o deste ano atraiu centenas [&hellip;]<\/p>\n","protected":false},"author":771,"featured_media":190264,"comment_status":"open","ping_status":"open","sticky":false,"template":"","format":"standard","meta":{"pmpro_default_level":"","_jetpack_memberships_contains_paid_content":false,"footnotes":""},"categories":[2,10991,12473],"tags":[18945,178,326,5594],"class_list":{"0":"post-190263","1":"post","2":"type-post","3":"status-publish","4":"format-standard","5":"has-post-thumbnail","7":"category-featured","8":"category-economia","9":"category-negocios","10":"tag-6o-feirao-do-comercio","11":"tag-cic-teutonia","12":"tag-negocios","13":"tag-vendas","14":"pmpro-has-access"},"yoast_head":"<!-- This site is optimized with the Yoast SEO plugin v27.5 - https:\/\/yoast.com\/product\/yoast-seo-wordpress\/ -->\n<title>6\u00ba Feir\u00e3o do Com\u00e9rcio de Teut\u00f4nia encerra com R$ 650 mil em vendas - Folha Popular<\/title>\n<meta name=\"robots\" content=\"index, follow, max-snippet:-1, max-image-preview:large, max-video-preview:-1\" \/>\n<link rel=\"canonical\" href=\"https:\/\/folhapopular.info\/index.php\/2025\/07\/16\/6o-feirao-do-comercio-de-teutonia-encerra-com-r-650-mil-em-vendas\/\" \/>\n<meta property=\"og:locale\" content=\"pt_BR\" \/>\n<meta property=\"og:type\" content=\"article\" \/>\n<meta property=\"og:title\" content=\"6\u00ba Feir\u00e3o do Com\u00e9rcio de Teut\u00f4nia encerra com R$ 650 mil em vendas - Folha Popular\" \/>\n<meta property=\"og:description\" content=\"O 6\u00ba Feir\u00e3o do Com\u00e9rcio de Teut\u00f4nia confirmou sua relev\u00e2ncia como espa\u00e7o estrat\u00e9gico para o com\u00e9rcio local. Promovido pela CIC Teut\u00f4nia, o evento ocorreu no Pavilh\u00e3o da Comunidade Cat\u00f3lica do Bairro Canabarro entre os dias 11 e 13 de julho e gerou cerca de R$ 650 mil em vendas. A edi\u00e7\u00e3o deste ano atraiu centenas [&hellip;]\" \/>\n<meta property=\"og:url\" content=\"https:\/\/folhapopular.info\/index.php\/2025\/07\/16\/6o-feirao-do-comercio-de-teutonia-encerra-com-r-650-mil-em-vendas\/\" \/>\n<meta property=\"og:site_name\" content=\"Folha Popular\" \/>\n<meta property=\"article:published_time\" content=\"2025-07-16T13:16:52+00:00\" \/>\n<meta property=\"article:modified_time\" content=\"2025-07-16T13:16:54+00:00\" \/>\n<meta property=\"og:image\" content=\"http:\/\/folhapopular.info\/wp-content\/uploads\/2025\/07\/Feirao-Fernanda-Kolling.jpg\" \/>\n\t<meta property=\"og:image:width\" content=\"1600\" \/>\n\t<meta property=\"og:image:height\" content=\"1086\" \/>\n\t<meta property=\"og:image:type\" content=\"image\/jpeg\" \/>\n<meta name=\"author\" content=\"Thiago Maurique\" \/>\n<meta name=\"twitter:card\" content=\"summary_large_image\" \/>\n<meta name=\"twitter:label1\" content=\"Escrito por\" \/>\n\t<meta name=\"twitter:data1\" content=\"Thiago Maurique\" \/>\n\t<meta name=\"twitter:label2\" content=\"Est. tempo de leitura\" \/>\n\t<meta name=\"twitter:data2\" content=\"3 minutos\" \/>\n<script type=\"application\/ld+json\" class=\"yoast-schema-graph\">{\"@context\":\"https:\\\/\\\/schema.org\",\"@graph\":[{\"@type\":\"Article\",\"@id\":\"https:\\\/\\\/folhapopular.info\\\/index.php\\\/2025\\\/07\\\/16\\\/6o-feirao-do-comercio-de-teutonia-encerra-com-r-650-mil-em-vendas\\\/#article\",\"isPartOf\":{\"@id\":\"https:\\\/\\\/folhapopular.info\\\/index.php\\\/2025\\\/07\\\/16\\\/6o-feirao-do-comercio-de-teutonia-encerra-com-r-650-mil-em-vendas\\\/\"},\"author\":{\"name\":\"Thiago Maurique\",\"@id\":\"https:\\\/\\\/folhapopular.info\\\/#\\\/schema\\\/person\\\/da0b2794f793376cb5dd908e88ca6911\"},\"headline\":\"6\u00ba Feir\u00e3o do Com\u00e9rcio de Teut\u00f4nia encerra com R$ 650 mil em vendas\",\"datePublished\":\"2025-07-16T13:16:52+00:00\",\"dateModified\":\"2025-07-16T13:16:54+00:00\",\"mainEntityOfPage\":{\"@id\":\"https:\\\/\\\/folhapopular.info\\\/index.php\\\/2025\\\/07\\\/16\\\/6o-feirao-do-comercio-de-teutonia-encerra-com-r-650-mil-em-vendas\\\/\"},\"wordCount\":519,\"commentCount\":0,\"image\":{\"@id\":\"https:\\\/\\\/folhapopular.info\\\/index.php\\\/2025\\\/07\\\/16\\\/6o-feirao-do-comercio-de-teutonia-encerra-com-r-650-mil-em-vendas\\\/#primaryimage\"},\"thumbnailUrl\":\"https:\\\/\\\/folhapopular.info\\\/wp-content\\\/uploads\\\/2025\\\/07\\\/Feirao-Fernanda-Kolling.jpg\",\"keywords\":[\"6\u00ba Feir\u00e3o do Com\u00e9rcio\",\"CIC Teut\u00f4nia\",\"Neg\u00f3cios\",\"vendas\"],\"articleSection\":[\"Destaques\",\"Economia\",\"Neg\u00f3cios\"],\"inLanguage\":\"pt-BR\",\"potentialAction\":[{\"@type\":\"CommentAction\",\"name\":\"Comment\",\"target\":[\"https:\\\/\\\/folhapopular.info\\\/index.php\\\/2025\\\/07\\\/16\\\/6o-feirao-do-comercio-de-teutonia-encerra-com-r-650-mil-em-vendas\\\/#respond\"]}]},{\"@type\":\"WebPage\",\"@id\":\"https:\\\/\\\/folhapopular.info\\\/index.php\\\/2025\\\/07\\\/16\\\/6o-feirao-do-comercio-de-teutonia-encerra-com-r-650-mil-em-vendas\\\/\",\"url\":\"https:\\\/\\\/folhapopular.info\\\/index.php\\\/2025\\\/07\\\/16\\\/6o-feirao-do-comercio-de-teutonia-encerra-com-r-650-mil-em-vendas\\\/\",\"name\":\"6\u00ba Feir\u00e3o do Com\u00e9rcio de Teut\u00f4nia encerra com R$ 650 mil em vendas - Folha Popular\",\"isPartOf\":{\"@id\":\"https:\\\/\\\/folhapopular.info\\\/#website\"},\"primaryImageOfPage\":{\"@id\":\"https:\\\/\\\/folhapopular.info\\\/index.php\\\/2025\\\/07\\\/16\\\/6o-feirao-do-comercio-de-teutonia-encerra-com-r-650-mil-em-vendas\\\/#primaryimage\"},\"image\":{\"@id\":\"https:\\\/\\\/folhapopular.info\\\/index.php\\\/2025\\\/07\\\/16\\\/6o-feirao-do-comercio-de-teutonia-encerra-com-r-650-mil-em-vendas\\\/#primaryimage\"},\"thumbnailUrl\":\"https:\\\/\\\/folhapopular.info\\\/wp-content\\\/uploads\\\/2025\\\/07\\\/Feirao-Fernanda-Kolling.jpg\",\"datePublished\":\"2025-07-16T13:16:52+00:00\",\"dateModified\":\"2025-07-16T13:16:54+00:00\",\"author\":{\"@id\":\"https:\\\/\\\/folhapopular.info\\\/#\\\/schema\\\/person\\\/da0b2794f793376cb5dd908e88ca6911\"},\"breadcrumb\":{\"@id\":\"https:\\\/\\\/folhapopular.info\\\/index.php\\\/2025\\\/07\\\/16\\\/6o-feirao-do-comercio-de-teutonia-encerra-com-r-650-mil-em-vendas\\\/#breadcrumb\"},\"inLanguage\":\"pt-BR\",\"potentialAction\":[{\"@type\":\"ReadAction\",\"target\":[\"https:\\\/\\\/folhapopular.info\\\/index.php\\\/2025\\\/07\\\/16\\\/6o-feirao-do-comercio-de-teutonia-encerra-com-r-650-mil-em-vendas\\\/\"]}]},{\"@type\":\"ImageObject\",\"inLanguage\":\"pt-BR\",\"@id\":\"https:\\\/\\\/folhapopular.info\\\/index.php\\\/2025\\\/07\\\/16\\\/6o-feirao-do-comercio-de-teutonia-encerra-com-r-650-mil-em-vendas\\\/#primaryimage\",\"url\":\"https:\\\/\\\/folhapopular.info\\\/wp-content\\\/uploads\\\/2025\\\/07\\\/Feirao-Fernanda-Kolling.jpg\",\"contentUrl\":\"https:\\\/\\\/folhapopular.info\\\/wp-content\\\/uploads\\\/2025\\\/07\\\/Feirao-Fernanda-Kolling.jpg\",\"width\":1600,\"height\":1086,\"caption\":\"Feir\u00e3o reuniu 34 empresas locais, distribu\u00eddas em 50 estandes e atraiu milhares de consumidores. Cr\u00e9dito: Fernanda Kolling \\\/ Divulga\u00e7\u00e3o CIC Teut\u00f4nia\"},{\"@type\":\"BreadcrumbList\",\"@id\":\"https:\\\/\\\/folhapopular.info\\\/index.php\\\/2025\\\/07\\\/16\\\/6o-feirao-do-comercio-de-teutonia-encerra-com-r-650-mil-em-vendas\\\/#breadcrumb\",\"itemListElement\":[{\"@type\":\"ListItem\",\"position\":1,\"name\":\"In\u00edcio\",\"item\":\"https:\\\/\\\/folhapopular.info\\\/\"},{\"@type\":\"ListItem\",\"position\":2,\"name\":\"6\u00ba Feir\u00e3o do Com\u00e9rcio de Teut\u00f4nia encerra com R$ 650 mil em vendas\"}]},{\"@type\":\"WebSite\",\"@id\":\"https:\\\/\\\/folhapopular.info\\\/#website\",\"url\":\"https:\\\/\\\/folhapopular.info\\\/\",\"name\":\"Folha Popular\",\"description\":\"Onde voc\u00ea tem vez e voz\",\"potentialAction\":[{\"@type\":\"SearchAction\",\"target\":{\"@type\":\"EntryPoint\",\"urlTemplate\":\"https:\\\/\\\/folhapopular.info\\\/?s={search_term_string}\"},\"query-input\":{\"@type\":\"PropertyValueSpecification\",\"valueRequired\":true,\"valueName\":\"search_term_string\"}}],\"inLanguage\":\"pt-BR\"},{\"@type\":\"Person\",\"@id\":\"https:\\\/\\\/folhapopular.info\\\/#\\\/schema\\\/person\\\/da0b2794f793376cb5dd908e88ca6911\",\"name\":\"Thiago Maurique\",\"image\":{\"@type\":\"ImageObject\",\"inLanguage\":\"pt-BR\",\"@id\":\"https:\\\/\\\/folhapopular.info\\\/wp-content\\\/uploads\\\/2026\\\/04\\\/THIAGO-MAURIQUE-1-1.webp\",\"url\":\"https:\\\/\\\/folhapopular.info\\\/wp-content\\\/uploads\\\/2026\\\/04\\\/THIAGO-MAURIQUE-1-1.webp\",\"contentUrl\":\"https:\\\/\\\/folhapopular.info\\\/wp-content\\\/uploads\\\/2026\\\/04\\\/THIAGO-MAURIQUE-1-1.webp\",\"caption\":\"Thiago Maurique\"},\"url\":\"https:\\\/\\\/folhapopular.info\\\/index.php\\\/author\\\/thiago-maurique\\\/\"}]}<\/script>\n<!-- \/ Yoast SEO plugin. -->","yoast_head_json":{"title":"6\u00ba Feir\u00e3o do Com\u00e9rcio de Teut\u00f4nia encerra com R$ 650 mil em vendas - Folha Popular","robots":{"index":"index","follow":"follow","max-snippet":"max-snippet:-1","max-image-preview":"max-image-preview:large","max-video-preview":"max-video-preview:-1"},"canonical":"https:\/\/folhapopular.info\/index.php\/2025\/07\/16\/6o-feirao-do-comercio-de-teutonia-encerra-com-r-650-mil-em-vendas\/","og_locale":"pt_BR","og_type":"article","og_title":"6\u00ba Feir\u00e3o do Com\u00e9rcio de Teut\u00f4nia encerra com R$ 650 mil em vendas - Folha Popular","og_description":"O 6\u00ba Feir\u00e3o do Com\u00e9rcio de Teut\u00f4nia confirmou sua relev\u00e2ncia como espa\u00e7o estrat\u00e9gico para o com\u00e9rcio local. Promovido pela CIC Teut\u00f4nia, o evento ocorreu no Pavilh\u00e3o da Comunidade Cat\u00f3lica do Bairro Canabarro entre os dias 11 e 13 de julho e gerou cerca de R$ 650 mil em vendas. A edi\u00e7\u00e3o deste ano atraiu centenas [&hellip;]","og_url":"https:\/\/folhapopular.info\/index.php\/2025\/07\/16\/6o-feirao-do-comercio-de-teutonia-encerra-com-r-650-mil-em-vendas\/","og_site_name":"Folha Popular","article_published_time":"2025-07-16T13:16:52+00:00","article_modified_time":"2025-07-16T13:16:54+00:00","og_image":[{"width":1600,"height":1086,"url":"http:\/\/folhapopular.info\/wp-content\/uploads\/2025\/07\/Feirao-Fernanda-Kolling.jpg","type":"image\/jpeg"}],"author":"Thiago Maurique","twitter_card":"summary_large_image","twitter_misc":{"Escrito por":"Thiago Maurique","Est. tempo de leitura":"3 minutos"},"schema":{"@context":"https:\/\/schema.org","@graph":[{"@type":"Article","@id":"https:\/\/folhapopular.info\/index.php\/2025\/07\/16\/6o-feirao-do-comercio-de-teutonia-encerra-com-r-650-mil-em-vendas\/#article","isPartOf":{"@id":"https:\/\/folhapopular.info\/index.php\/2025\/07\/16\/6o-feirao-do-comercio-de-teutonia-encerra-com-r-650-mil-em-vendas\/"},"author":{"name":"Thiago Maurique","@id":"https:\/\/folhapopular.info\/#\/schema\/person\/da0b2794f793376cb5dd908e88ca6911"},"headline":"6\u00ba Feir\u00e3o do Com\u00e9rcio de Teut\u00f4nia encerra com R$ 650 mil em vendas","datePublished":"2025-07-16T13:16:52+00:00","dateModified":"2025-07-16T13:16:54+00:00","mainEntityOfPage":{"@id":"https:\/\/folhapopular.info\/index.php\/2025\/07\/16\/6o-feirao-do-comercio-de-teutonia-encerra-com-r-650-mil-em-vendas\/"},"wordCount":519,"commentCount":0,"image":{"@id":"https:\/\/folhapopular.info\/index.php\/2025\/07\/16\/6o-feirao-do-comercio-de-teutonia-encerra-com-r-650-mil-em-vendas\/#primaryimage"},"thumbnailUrl":"https:\/\/folhapopular.info\/wp-content\/uploads\/2025\/07\/Feirao-Fernanda-Kolling.jpg","keywords":["6\u00ba Feir\u00e3o do Com\u00e9rcio","CIC Teut\u00f4nia","Neg\u00f3cios","vendas"],"articleSection":["Destaques","Economia","Neg\u00f3cios"],"inLanguage":"pt-BR","potentialAction":[{"@type":"CommentAction","name":"Comment","target":["https:\/\/folhapopular.info\/index.php\/2025\/07\/16\/6o-feirao-do-comercio-de-teutonia-encerra-com-r-650-mil-em-vendas\/#respond"]}]},{"@type":"WebPage","@id":"https:\/\/folhapopular.info\/index.php\/2025\/07\/16\/6o-feirao-do-comercio-de-teutonia-encerra-com-r-650-mil-em-vendas\/","url":"https:\/\/folhapopular.info\/index.php\/2025\/07\/16\/6o-feirao-do-comercio-de-teutonia-encerra-com-r-650-mil-em-vendas\/","name":"6\u00ba Feir\u00e3o do Com\u00e9rcio de Teut\u00f4nia encerra com R$ 650 mil em vendas - Folha Popular","isPartOf":{"@id":"https:\/\/folhapopular.info\/#website"},"primaryImageOfPage":{"@id":"https:\/\/folhapopular.info\/index.php\/2025\/07\/16\/6o-feirao-do-comercio-de-teutonia-encerra-com-r-650-mil-em-vendas\/#primaryimage"},"image":{"@id":"https:\/\/folhapopular.info\/index.php\/2025\/07\/16\/6o-feirao-do-comercio-de-teutonia-encerra-com-r-650-mil-em-vendas\/#primaryimage"},"thumbnailUrl":"https:\/\/folhapopular.info\/wp-content\/uploads\/2025\/07\/Feirao-Fernanda-Kolling.jpg","datePublished":"2025-07-16T13:16:52+00:00","dateModified":"2025-07-16T13:16:54+00:00","author":{"@id":"https:\/\/folhapopular.info\/#\/schema\/person\/da0b2794f793376cb5dd908e88ca6911"},"breadcrumb":{"@id":"https:\/\/folhapopular.info\/index.php\/2025\/07\/16\/6o-feirao-do-comercio-de-teutonia-encerra-com-r-650-mil-em-vendas\/#breadcrumb"},"inLanguage":"pt-BR","potentialAction":[{"@type":"ReadAction","target":["https:\/\/folhapopular.info\/index.php\/2025\/07\/16\/6o-feirao-do-comercio-de-teutonia-encerra-com-r-650-mil-em-vendas\/"]}]},{"@type":"ImageObject","inLanguage":"pt-BR","@id":"https:\/\/folhapopular.info\/index.php\/2025\/07\/16\/6o-feirao-do-comercio-de-teutonia-encerra-com-r-650-mil-em-vendas\/#primaryimage","url":"https:\/\/folhapopular.info\/wp-content\/uploads\/2025\/07\/Feirao-Fernanda-Kolling.jpg","contentUrl":"https:\/\/folhapopular.info\/wp-content\/uploads\/2025\/07\/Feirao-Fernanda-Kolling.jpg","width":1600,"height":1086,"caption":"Feir\u00e3o reuniu 34 empresas locais, distribu\u00eddas em 50 estandes e atraiu milhares de consumidores. Cr\u00e9dito: Fernanda Kolling \/ Divulga\u00e7\u00e3o CIC Teut\u00f4nia"},{"@type":"BreadcrumbList","@id":"https:\/\/folhapopular.info\/index.php\/2025\/07\/16\/6o-feirao-do-comercio-de-teutonia-encerra-com-r-650-mil-em-vendas\/#breadcrumb","itemListElement":[{"@type":"ListItem","position":1,"name":"In\u00edcio","item":"https:\/\/folhapopular.info\/"},{"@type":"ListItem","position":2,"name":"6\u00ba Feir\u00e3o do Com\u00e9rcio de Teut\u00f4nia encerra com R$ 650 mil em vendas"}]},{"@type":"WebSite","@id":"https:\/\/folhapopular.info\/#website","url":"https:\/\/folhapopular.info\/","name":"Folha Popular","description":"Onde voc\u00ea tem vez e voz","potentialAction":[{"@type":"SearchAction","target":{"@type":"EntryPoint","urlTemplate":"https:\/\/folhapopular.info\/?s={search_term_string}"},"query-input":{"@type":"PropertyValueSpecification","valueRequired":true,"valueName":"search_term_string"}}],"inLanguage":"pt-BR"},{"@type":"Person","@id":"https:\/\/folhapopular.info\/#\/schema\/person\/da0b2794f793376cb5dd908e88ca6911","name":"Thiago Maurique","image":{"@type":"ImageObject","inLanguage":"pt-BR","@id":"https:\/\/folhapopular.info\/wp-content\/uploads\/2026\/04\/THIAGO-MAURIQUE-1-1.webp","url":"https:\/\/folhapopular.info\/wp-content\/uploads\/2026\/04\/THIAGO-MAURIQUE-1-1.webp","contentUrl":"https:\/\/folhapopular.info\/wp-content\/uploads\/2026\/04\/THIAGO-MAURIQUE-1-1.webp","caption":"Thiago Maurique"},"url":"https:\/\/folhapopular.info\/index.php\/author\/thiago-maurique\/"}]}},"jetpack_featured_media_url":"https:\/\/folhapopular.info\/wp-content\/uploads\/2025\/07\/Feirao-Fernanda-Kolling.jpg","jetpack_sharing_enabled":true,"amp_enabled":true,"_links":{"self":[{"href":"https:\/\/folhapopular.info\/index.php\/wp-json\/wp\/v2\/posts\/190263","targetHints":{"allow":["GET"]}}],"collection":[{"href":"https:\/\/folhapopular.info\/index.php\/wp-json\/wp\/v2\/posts"}],"about":[{"href":"https:\/\/folhapopular.info\/index.php\/wp-json\/wp\/v2\/types\/post"}],"author":[{"embeddable":true,"href":"https:\/\/folhapopular.info\/index.php\/wp-json\/wp\/v2\/users\/771"}],"replies":[{"embeddable":true,"href":"https:\/\/folhapopular.info\/index.php\/wp-json\/wp\/v2\/comments?post=190263"}],"version-history":[{"count":0,"href":"https:\/\/folhapopular.info\/index.php\/wp-json\/wp\/v2\/posts\/190263\/revisions"}],"wp:featuredmedia":[{"embeddable":true,"href":"https:\/\/folhapopular.info\/index.php\/wp-json\/wp\/v2\/media\/190264"}],"wp:attachment":[{"href":"https:\/\/folhapopular.info\/index.php\/wp-json\/wp\/v2\/media?parent=190263"}],"wp:term":[{"taxonomy":"category","embeddable":true,"href":"https:\/\/folhapopular.info\/index.php\/wp-json\/wp\/v2\/categories?post=190263"},{"taxonomy":"post_tag","embeddable":true,"href":"https:\/\/folhapopular.info\/index.php\/wp-json\/wp\/v2\/tags?post=190263"}],"curies":[{"name":"wp","href":"https:\/\/api.w.org\/{rel}","templated":true}]}}