{"id":190303,"date":"2025-07-16T15:53:00","date_gmt":"2025-07-16T18:53:00","guid":{"rendered":"https:\/\/folhapopular.info\/?p=190303"},"modified":"2025-07-16T14:06:10","modified_gmt":"2025-07-16T17:06:10","slug":"dia-da-familia-fortalece-vinculos-na-comunidade-escolar-da-emef-dom-pedro-i-em-linha-clara","status":"publish","type":"post","link":"https:\/\/folhapopular.info\/index.php\/2025\/07\/16\/dia-da-familia-fortalece-vinculos-na-comunidade-escolar-da-emef-dom-pedro-i-em-linha-clara\/","title":{"rendered":"Dia da Fam\u00edlia fortalece v\u00ednculos na comunidade escolar da Emef Dom Pedro I, em Linha Clara"},"content":{"rendered":"\n<p>A Escola Municipal de Ensino Fundamental (Emef) Dom Pedro I, de Linha Clara, Teut\u00f4nia, celebrou o Dia da Fam\u00edlia no s\u00e1bado (12\/7). O evento reuniu a maior parte dos 67 alunos e suas fam\u00edlias &#8211; uma expressiva presen\u00e7a da comunidade escolar. As atividades ocorreram no sal\u00e3o da Associa\u00e7\u00e3o Cultural e Recreativa Linha Clara.<\/p>\n\n\n\n<p>O encontro, promovido pela escola e pelo C\u00edrculo de Pais e Mestres (CPM), tem como principal objetivo fortalecer os la\u00e7os entre a escola e as fam\u00edlias. A diretora da Emef, Viviane Weber Wiebusch, se surpreendeu com a grande participa\u00e7\u00e3o da comunidade. \u201cConsiderando que recebemos alunos de Languiru, Boa Vista e linhas Pontes Filho, Capivara e Catarina, a meta foi alcan\u00e7ada com sucesso\u201d, diz.<\/p>\n\n\n\n<p>A programa\u00e7\u00e3o diversificada atendeu a todas as faixas et\u00e1rias, desde a Educa\u00e7\u00e3o Infantil at\u00e9 o 9\u00ba ano do Ensino Fundamental, e contou ainda com a participa\u00e7\u00e3o de alunos que deixaram a escola em 2024. \u201cFoi uma forma de homenage\u00e1-los, j\u00e1 que ano passado n\u00e3o realizamos a festividade devido \u00e0s enchentes\u201d, conta Viviane.<\/p>\n\n\n\n<p>As atividades tiveram in\u00edcio com apresenta\u00e7\u00f5es dos alunos, um verdadeiro show de talentos com dan\u00e7a e canto, incluindo uma performance de uma aluna com toda a sua fam\u00edlia. Ap\u00f3s os pronunciamentos, um almo\u00e7o coletivo refor\u00e7ou a confraterniza\u00e7\u00e3o entre todos. \u201cFalamos das diferen\u00e7as entre n\u00f3s, entre cada fam\u00edlia. Apesar de nossas delas e da nossa individualidade, juntos, nos fortalecemos\u201d, reitera a diretora.<\/p>\n\n\n\n<p>Durante todo o dia, o evento ofereceu diversas atra\u00e7\u00f5es: um brech\u00f3 solid\u00e1rio, uma feira do livro e um espa\u00e7o dedicado \u00e0 cooperativa escolar Eccuart, que aproveitou o momento para premiar os vencedores do concurso fotogr\u00e1fico, cujo tema deste ano celebrava os 28 anos da cooperativa. A divers\u00e3o das crian\u00e7as foi garantida com pescaria e brinquedo infl\u00e1vel.<\/p>\n\n\n\n<p>Outro momento especial foi a entrega de uma lembran\u00e7a \u00e0s fam\u00edlias, simbolizadas por uma casinha de madeira, representando o acolhimento e a uni\u00e3o.<\/p>\n\n\n\n<p>Al\u00e9m das festividades, o Dia da Fam\u00edlia foi uma oportunidade para a escola expor os trabalhos realizados ao longo do primeiro semestre. Foram apresentados projetos desenvolvidos a partir da Secretaria Municipal de Educa\u00e7\u00e3o, como a leitura, os Objetivos de Desenvolvimento Sustent\u00e1vel (ODS) da ONU e o de educa\u00e7\u00e3o financeira (em parceria com a Sicredi), al\u00e9m das iniciativas pr\u00f3prias da Emef Dom Pedro I.<\/p>\n\n\n\n<figure class=\"wp-block-gallery has-nested-images columns-default is-cropped wp-block-gallery-1 is-layout-flex wp-block-gallery-is-layout-flex\">\n<figure class=\"wp-block-image size-large\"><img loading=\"lazy\" decoding=\"async\" width=\"819\" height=\"1024\" data-id=\"190307\" src=\"https:\/\/folhapopular.info\/wp-content\/uploads\/2025\/07\/498673720_17904898176197692_2520659714506632542_n-819x1024.jpg\" alt=\"\" class=\"wp-image-190307\" srcset=\"https:\/\/folhapopular.info\/wp-content\/uploads\/2025\/07\/498673720_17904898176197692_2520659714506632542_n-819x1024.jpg 819w, https:\/\/folhapopular.info\/wp-content\/uploads\/2025\/07\/498673720_17904898176197692_2520659714506632542_n-240x300.jpg 240w, https:\/\/folhapopular.info\/wp-content\/uploads\/2025\/07\/498673720_17904898176197692_2520659714506632542_n-768x960.jpg 768w, https:\/\/folhapopular.info\/wp-content\/uploads\/2025\/07\/498673720_17904898176197692_2520659714506632542_n-1229x1536.jpg 1229w, https:\/\/folhapopular.info\/wp-content\/uploads\/2025\/07\/498673720_17904898176197692_2520659714506632542_n-336x420.jpg 336w, https:\/\/folhapopular.info\/wp-content\/uploads\/2025\/07\/498673720_17904898176197692_2520659714506632542_n-696x870.jpg 696w, https:\/\/folhapopular.info\/wp-content\/uploads\/2025\/07\/498673720_17904898176197692_2520659714506632542_n-1068x1335.jpg 1068w, https:\/\/folhapopular.info\/wp-content\/uploads\/2025\/07\/498673720_17904898176197692_2520659714506632542_n.jpg 1440w\" sizes=\"auto, (max-width: 819px) 100vw, 819px\" \/><figcaption class=\"wp-element-caption\">Alunos apresentaram encena\u00e7\u00f5es<\/figcaption><\/figure>\n\n\n\n<figure class=\"wp-block-image size-large\"><img loading=\"lazy\" decoding=\"async\" width=\"819\" height=\"1024\" data-id=\"190306\" src=\"https:\/\/folhapopular.info\/wp-content\/uploads\/2025\/07\/Evento-teve-atividades-paralelas-como-feira-do-livro-e-brecho_DIV-819x1024.jpg\" alt=\"\" class=\"wp-image-190306\" srcset=\"https:\/\/folhapopular.info\/wp-content\/uploads\/2025\/07\/Evento-teve-atividades-paralelas-como-feira-do-livro-e-brecho_DIV-819x1024.jpg 819w, https:\/\/folhapopular.info\/wp-content\/uploads\/2025\/07\/Evento-teve-atividades-paralelas-como-feira-do-livro-e-brecho_DIV-240x300.jpg 240w, https:\/\/folhapopular.info\/wp-content\/uploads\/2025\/07\/Evento-teve-atividades-paralelas-como-feira-do-livro-e-brecho_DIV-768x960.jpg 768w, https:\/\/folhapopular.info\/wp-content\/uploads\/2025\/07\/Evento-teve-atividades-paralelas-como-feira-do-livro-e-brecho_DIV-1229x1536.jpg 1229w, https:\/\/folhapopular.info\/wp-content\/uploads\/2025\/07\/Evento-teve-atividades-paralelas-como-feira-do-livro-e-brecho_DIV-336x420.jpg 336w, https:\/\/folhapopular.info\/wp-content\/uploads\/2025\/07\/Evento-teve-atividades-paralelas-como-feira-do-livro-e-brecho_DIV-696x870.jpg 696w, https:\/\/folhapopular.info\/wp-content\/uploads\/2025\/07\/Evento-teve-atividades-paralelas-como-feira-do-livro-e-brecho_DIV-1068x1335.jpg 1068w, https:\/\/folhapopular.info\/wp-content\/uploads\/2025\/07\/Evento-teve-atividades-paralelas-como-feira-do-livro-e-brecho_DIV.jpg 1440w\" sizes=\"auto, (max-width: 819px) 100vw, 819px\" \/><figcaption class=\"wp-element-caption\">Evento teve atividades paralelas, como feira do livro e brech\u00f3.<\/figcaption><\/figure>\n\n\n\n<figure class=\"wp-block-image size-large\"><img loading=\"lazy\" decoding=\"async\" width=\"819\" height=\"1024\" data-id=\"190304\" src=\"https:\/\/folhapopular.info\/wp-content\/uploads\/2025\/07\/517738384_17904900516197692_7765100048944342865_n-819x1024.jpg\" alt=\"\" class=\"wp-image-190304\" srcset=\"https:\/\/folhapopular.info\/wp-content\/uploads\/2025\/07\/517738384_17904900516197692_7765100048944342865_n-819x1024.jpg 819w, https:\/\/folhapopular.info\/wp-content\/uploads\/2025\/07\/517738384_17904900516197692_7765100048944342865_n-240x300.jpg 240w, https:\/\/folhapopular.info\/wp-content\/uploads\/2025\/07\/517738384_17904900516197692_7765100048944342865_n-768x960.jpg 768w, https:\/\/folhapopular.info\/wp-content\/uploads\/2025\/07\/517738384_17904900516197692_7765100048944342865_n-1229x1536.jpg 1229w, https:\/\/folhapopular.info\/wp-content\/uploads\/2025\/07\/517738384_17904900516197692_7765100048944342865_n-336x420.jpg 336w, https:\/\/folhapopular.info\/wp-content\/uploads\/2025\/07\/517738384_17904900516197692_7765100048944342865_n-696x870.jpg 696w, https:\/\/folhapopular.info\/wp-content\/uploads\/2025\/07\/517738384_17904900516197692_7765100048944342865_n-1068x1335.jpg 1068w, https:\/\/folhapopular.info\/wp-content\/uploads\/2025\/07\/517738384_17904900516197692_7765100048944342865_n.jpg 1440w\" sizes=\"auto, (max-width: 819px) 100vw, 819px\" \/><figcaption class=\"wp-element-caption\">Alunos apresentaram encena\u00e7\u00f5es<\/figcaption><\/figure>\n<figcaption class=\"blocks-gallery-caption wp-element-caption\">Cr\u00e9dito: Divulga\u00e7\u00e3o<\/figcaption><\/figure>\n","protected":false},"excerpt":{"rendered":"<p>A Escola Municipal de Ensino Fundamental (Emef) Dom Pedro I, de Linha Clara, Teut\u00f4nia, celebrou o Dia da Fam\u00edlia no s\u00e1bado (12\/7). O evento reuniu a maior parte dos 67 alunos e suas fam\u00edlias &#8211; uma expressiva presen\u00e7a da comunidade escolar. As atividades ocorreram no sal\u00e3o da Associa\u00e7\u00e3o Cultural e Recreativa Linha Clara. O encontro, [&hellip;]<\/p>\n","protected":false},"author":639,"featured_media":190305,"comment_status":"open","ping_status":"open","sticky":false,"template":"","format":"standard","meta":{"pmpro_default_level":"","_jetpack_memberships_contains_paid_content":false,"footnotes":""},"categories":[2,12602,10988,3,6],"tags":[3260,11610,5358,1113,441,26],"class_list":{"0":"post-190303","1":"post","2":"type-post","3":"status-publish","4":"format-standard","5":"has-post-thumbnail","7":"category-featured","8":"category-diversidade","9":"category-educacao","10":"category-geral","11":"category-inclusive","12":"tag-dia-da-familia","13":"tag-emef-dom-pedro-i","14":"tag-familias","15":"tag-fortalecimento-de-vinculos","16":"tag-linha-clara","17":"tag-teutonia","18":"pmpro-has-access"},"yoast_head":"<!-- This site is optimized with the Yoast SEO plugin v27.5 - https:\/\/yoast.com\/product\/yoast-seo-wordpress\/ -->\n<title>Dia da Fam\u00edlia fortalece v\u00ednculos na comunidade escolar da Emef Dom Pedro I, em Linha Clara - Folha Popular<\/title>\n<meta name=\"robots\" content=\"index, follow, max-snippet:-1, max-image-preview:large, max-video-preview:-1\" \/>\n<link rel=\"canonical\" href=\"https:\/\/folhapopular.info\/index.php\/2025\/07\/16\/dia-da-familia-fortalece-vinculos-na-comunidade-escolar-da-emef-dom-pedro-i-em-linha-clara\/\" \/>\n<meta property=\"og:locale\" content=\"pt_BR\" \/>\n<meta property=\"og:type\" content=\"article\" \/>\n<meta property=\"og:title\" content=\"Dia da Fam\u00edlia fortalece v\u00ednculos na comunidade escolar da Emef Dom Pedro I, em Linha Clara - Folha Popular\" \/>\n<meta property=\"og:description\" content=\"A Escola Municipal de Ensino Fundamental (Emef) Dom Pedro I, de Linha Clara, Teut\u00f4nia, celebrou o Dia da Fam\u00edlia no s\u00e1bado (12\/7). O evento reuniu a maior parte dos 67 alunos e suas fam\u00edlias &#8211; uma expressiva presen\u00e7a da comunidade escolar. As atividades ocorreram no sal\u00e3o da Associa\u00e7\u00e3o Cultural e Recreativa Linha Clara. O encontro, [&hellip;]\" \/>\n<meta property=\"og:url\" content=\"https:\/\/folhapopular.info\/index.php\/2025\/07\/16\/dia-da-familia-fortalece-vinculos-na-comunidade-escolar-da-emef-dom-pedro-i-em-linha-clara\/\" \/>\n<meta property=\"og:site_name\" content=\"Folha Popular\" \/>\n<meta property=\"article:published_time\" content=\"2025-07-16T18:53:00+00:00\" \/>\n<meta property=\"og:image\" content=\"https:\/\/folhapopular.info\/wp-content\/uploads\/2025\/07\/Alunos-protagonizaram-verdadeiro-show-de-talentos_DIV.jpeg\" \/>\n\t<meta property=\"og:image:width\" content=\"1280\" \/>\n\t<meta property=\"og:image:height\" content=\"960\" \/>\n\t<meta property=\"og:image:type\" content=\"image\/jpeg\" \/>\n<meta name=\"author\" content=\"Camille Lenz da Silva\" \/>\n<meta name=\"twitter:card\" content=\"summary_large_image\" \/>\n<meta name=\"twitter:label1\" content=\"Escrito por\" \/>\n\t<meta name=\"twitter:data1\" content=\"Camille Lenz da Silva\" \/>\n\t<meta name=\"twitter:label2\" content=\"Est. tempo de leitura\" \/>\n\t<meta name=\"twitter:data2\" content=\"3 minutos\" \/>\n<script type=\"application\/ld+json\" class=\"yoast-schema-graph\">{\"@context\":\"https:\\\/\\\/schema.org\",\"@graph\":[{\"@type\":\"Article\",\"@id\":\"https:\\\/\\\/folhapopular.info\\\/index.php\\\/2025\\\/07\\\/16\\\/dia-da-familia-fortalece-vinculos-na-comunidade-escolar-da-emef-dom-pedro-i-em-linha-clara\\\/#article\",\"isPartOf\":{\"@id\":\"https:\\\/\\\/folhapopular.info\\\/index.php\\\/2025\\\/07\\\/16\\\/dia-da-familia-fortalece-vinculos-na-comunidade-escolar-da-emef-dom-pedro-i-em-linha-clara\\\/\"},\"author\":{\"name\":\"Camille Lenz da Silva\",\"@id\":\"https:\\\/\\\/folhapopular.info\\\/#\\\/schema\\\/person\\\/f0b811f932ef2505faf473ffaef49df5\"},\"headline\":\"Dia da Fam\u00edlia fortalece v\u00ednculos na comunidade escolar da Emef Dom Pedro I, em Linha Clara\",\"datePublished\":\"2025-07-16T18:53:00+00:00\",\"mainEntityOfPage\":{\"@id\":\"https:\\\/\\\/folhapopular.info\\\/index.php\\\/2025\\\/07\\\/16\\\/dia-da-familia-fortalece-vinculos-na-comunidade-escolar-da-emef-dom-pedro-i-em-linha-clara\\\/\"},\"wordCount\":451,\"commentCount\":0,\"image\":{\"@id\":\"https:\\\/\\\/folhapopular.info\\\/index.php\\\/2025\\\/07\\\/16\\\/dia-da-familia-fortalece-vinculos-na-comunidade-escolar-da-emef-dom-pedro-i-em-linha-clara\\\/#primaryimage\"},\"thumbnailUrl\":\"https:\\\/\\\/folhapopular.info\\\/wp-content\\\/uploads\\\/2025\\\/07\\\/Alunos-protagonizaram-verdadeiro-show-de-talentos_DIV.jpeg\",\"keywords\":[\"Dia da Fam\u00edlia\",\"emef dom pedro I\",\"fam\u00edlias\",\"Fortalecimento de V\u00ednculos\",\"Linha Clara\",\"Teut\u00f4nia\"],\"articleSection\":[\"Destaques\",\"Diversidade\",\"Educa\u00e7\u00e3o\",\"Geral\",\"Inclusive\"],\"inLanguage\":\"pt-BR\",\"potentialAction\":[{\"@type\":\"CommentAction\",\"name\":\"Comment\",\"target\":[\"https:\\\/\\\/folhapopular.info\\\/index.php\\\/2025\\\/07\\\/16\\\/dia-da-familia-fortalece-vinculos-na-comunidade-escolar-da-emef-dom-pedro-i-em-linha-clara\\\/#respond\"]}]},{\"@type\":\"WebPage\",\"@id\":\"https:\\\/\\\/folhapopular.info\\\/index.php\\\/2025\\\/07\\\/16\\\/dia-da-familia-fortalece-vinculos-na-comunidade-escolar-da-emef-dom-pedro-i-em-linha-clara\\\/\",\"url\":\"https:\\\/\\\/folhapopular.info\\\/index.php\\\/2025\\\/07\\\/16\\\/dia-da-familia-fortalece-vinculos-na-comunidade-escolar-da-emef-dom-pedro-i-em-linha-clara\\\/\",\"name\":\"Dia da Fam\u00edlia fortalece v\u00ednculos na comunidade escolar da Emef Dom Pedro I, em Linha Clara - Folha Popular\",\"isPartOf\":{\"@id\":\"https:\\\/\\\/folhapopular.info\\\/#website\"},\"primaryImageOfPage\":{\"@id\":\"https:\\\/\\\/folhapopular.info\\\/index.php\\\/2025\\\/07\\\/16\\\/dia-da-familia-fortalece-vinculos-na-comunidade-escolar-da-emef-dom-pedro-i-em-linha-clara\\\/#primaryimage\"},\"image\":{\"@id\":\"https:\\\/\\\/folhapopular.info\\\/index.php\\\/2025\\\/07\\\/16\\\/dia-da-familia-fortalece-vinculos-na-comunidade-escolar-da-emef-dom-pedro-i-em-linha-clara\\\/#primaryimage\"},\"thumbnailUrl\":\"https:\\\/\\\/folhapopular.info\\\/wp-content\\\/uploads\\\/2025\\\/07\\\/Alunos-protagonizaram-verdadeiro-show-de-talentos_DIV.jpeg\",\"datePublished\":\"2025-07-16T18:53:00+00:00\",\"author\":{\"@id\":\"https:\\\/\\\/folhapopular.info\\\/#\\\/schema\\\/person\\\/f0b811f932ef2505faf473ffaef49df5\"},\"breadcrumb\":{\"@id\":\"https:\\\/\\\/folhapopular.info\\\/index.php\\\/2025\\\/07\\\/16\\\/dia-da-familia-fortalece-vinculos-na-comunidade-escolar-da-emef-dom-pedro-i-em-linha-clara\\\/#breadcrumb\"},\"inLanguage\":\"pt-BR\",\"potentialAction\":[{\"@type\":\"ReadAction\",\"target\":[\"https:\\\/\\\/folhapopular.info\\\/index.php\\\/2025\\\/07\\\/16\\\/dia-da-familia-fortalece-vinculos-na-comunidade-escolar-da-emef-dom-pedro-i-em-linha-clara\\\/\"]}]},{\"@type\":\"ImageObject\",\"inLanguage\":\"pt-BR\",\"@id\":\"https:\\\/\\\/folhapopular.info\\\/index.php\\\/2025\\\/07\\\/16\\\/dia-da-familia-fortalece-vinculos-na-comunidade-escolar-da-emef-dom-pedro-i-em-linha-clara\\\/#primaryimage\",\"url\":\"https:\\\/\\\/folhapopular.info\\\/wp-content\\\/uploads\\\/2025\\\/07\\\/Alunos-protagonizaram-verdadeiro-show-de-talentos_DIV.jpeg\",\"contentUrl\":\"https:\\\/\\\/folhapopular.info\\\/wp-content\\\/uploads\\\/2025\\\/07\\\/Alunos-protagonizaram-verdadeiro-show-de-talentos_DIV.jpeg\",\"width\":1280,\"height\":960,\"caption\":\"Alunos protagonizaram verdadeiro show de talentos. Cr\u00e9dito: Divulga\u00e7\u00e3o\"},{\"@type\":\"BreadcrumbList\",\"@id\":\"https:\\\/\\\/folhapopular.info\\\/index.php\\\/2025\\\/07\\\/16\\\/dia-da-familia-fortalece-vinculos-na-comunidade-escolar-da-emef-dom-pedro-i-em-linha-clara\\\/#breadcrumb\",\"itemListElement\":[{\"@type\":\"ListItem\",\"position\":1,\"name\":\"In\u00edcio\",\"item\":\"https:\\\/\\\/folhapopular.info\\\/\"},{\"@type\":\"ListItem\",\"position\":2,\"name\":\"Dia da Fam\u00edlia fortalece v\u00ednculos na comunidade escolar da Emef Dom Pedro I, em Linha Clara\"}]},{\"@type\":\"WebSite\",\"@id\":\"https:\\\/\\\/folhapopular.info\\\/#website\",\"url\":\"https:\\\/\\\/folhapopular.info\\\/\",\"name\":\"Folha Popular\",\"description\":\"Onde voc\u00ea tem vez e voz\",\"potentialAction\":[{\"@type\":\"SearchAction\",\"target\":{\"@type\":\"EntryPoint\",\"urlTemplate\":\"https:\\\/\\\/folhapopular.info\\\/?s={search_term_string}\"},\"query-input\":{\"@type\":\"PropertyValueSpecification\",\"valueRequired\":true,\"valueName\":\"search_term_string\"}}],\"inLanguage\":\"pt-BR\"},{\"@type\":\"Person\",\"@id\":\"https:\\\/\\\/folhapopular.info\\\/#\\\/schema\\\/person\\\/f0b811f932ef2505faf473ffaef49df5\",\"name\":\"Camille Lenz da Silva\",\"image\":{\"@type\":\"ImageObject\",\"inLanguage\":\"pt-BR\",\"@id\":\"https:\\\/\\\/secure.gravatar.com\\\/avatar\\\/50be826d73ca259ec0e0a88a407f5de800c576c46cfdc57e50ef28551e216fff?s=96&d=mm&r=g\",\"url\":\"https:\\\/\\\/secure.gravatar.com\\\/avatar\\\/50be826d73ca259ec0e0a88a407f5de800c576c46cfdc57e50ef28551e216fff?s=96&d=mm&r=g\",\"contentUrl\":\"https:\\\/\\\/secure.gravatar.com\\\/avatar\\\/50be826d73ca259ec0e0a88a407f5de800c576c46cfdc57e50ef28551e216fff?s=96&d=mm&r=g\",\"caption\":\"Camille Lenz da Silva\"},\"url\":\"https:\\\/\\\/folhapopular.info\\\/index.php\\\/author\\\/camillelenzgmail-com\\\/\"}]}<\/script>\n<!-- \/ Yoast SEO plugin. -->","yoast_head_json":{"title":"Dia da Fam\u00edlia fortalece v\u00ednculos na comunidade escolar da Emef Dom Pedro I, em Linha Clara - Folha Popular","robots":{"index":"index","follow":"follow","max-snippet":"max-snippet:-1","max-image-preview":"max-image-preview:large","max-video-preview":"max-video-preview:-1"},"canonical":"https:\/\/folhapopular.info\/index.php\/2025\/07\/16\/dia-da-familia-fortalece-vinculos-na-comunidade-escolar-da-emef-dom-pedro-i-em-linha-clara\/","og_locale":"pt_BR","og_type":"article","og_title":"Dia da Fam\u00edlia fortalece v\u00ednculos na comunidade escolar da Emef Dom Pedro I, em Linha Clara - Folha Popular","og_description":"A Escola Municipal de Ensino Fundamental (Emef) Dom Pedro I, de Linha Clara, Teut\u00f4nia, celebrou o Dia da Fam\u00edlia no s\u00e1bado (12\/7). O evento reuniu a maior parte dos 67 alunos e suas fam\u00edlias &#8211; uma expressiva presen\u00e7a da comunidade escolar. As atividades ocorreram no sal\u00e3o da Associa\u00e7\u00e3o Cultural e Recreativa Linha Clara. O encontro, [&hellip;]","og_url":"https:\/\/folhapopular.info\/index.php\/2025\/07\/16\/dia-da-familia-fortalece-vinculos-na-comunidade-escolar-da-emef-dom-pedro-i-em-linha-clara\/","og_site_name":"Folha Popular","article_published_time":"2025-07-16T18:53:00+00:00","og_image":[{"width":1280,"height":960,"url":"https:\/\/folhapopular.info\/wp-content\/uploads\/2025\/07\/Alunos-protagonizaram-verdadeiro-show-de-talentos_DIV.jpeg","type":"image\/jpeg"}],"author":"Camille Lenz da Silva","twitter_card":"summary_large_image","twitter_misc":{"Escrito por":"Camille Lenz da Silva","Est. tempo de leitura":"3 minutos"},"schema":{"@context":"https:\/\/schema.org","@graph":[{"@type":"Article","@id":"https:\/\/folhapopular.info\/index.php\/2025\/07\/16\/dia-da-familia-fortalece-vinculos-na-comunidade-escolar-da-emef-dom-pedro-i-em-linha-clara\/#article","isPartOf":{"@id":"https:\/\/folhapopular.info\/index.php\/2025\/07\/16\/dia-da-familia-fortalece-vinculos-na-comunidade-escolar-da-emef-dom-pedro-i-em-linha-clara\/"},"author":{"name":"Camille Lenz da Silva","@id":"https:\/\/folhapopular.info\/#\/schema\/person\/f0b811f932ef2505faf473ffaef49df5"},"headline":"Dia da Fam\u00edlia fortalece v\u00ednculos na comunidade escolar da Emef Dom Pedro I, em Linha Clara","datePublished":"2025-07-16T18:53:00+00:00","mainEntityOfPage":{"@id":"https:\/\/folhapopular.info\/index.php\/2025\/07\/16\/dia-da-familia-fortalece-vinculos-na-comunidade-escolar-da-emef-dom-pedro-i-em-linha-clara\/"},"wordCount":451,"commentCount":0,"image":{"@id":"https:\/\/folhapopular.info\/index.php\/2025\/07\/16\/dia-da-familia-fortalece-vinculos-na-comunidade-escolar-da-emef-dom-pedro-i-em-linha-clara\/#primaryimage"},"thumbnailUrl":"https:\/\/folhapopular.info\/wp-content\/uploads\/2025\/07\/Alunos-protagonizaram-verdadeiro-show-de-talentos_DIV.jpeg","keywords":["Dia da Fam\u00edlia","emef dom pedro I","fam\u00edlias","Fortalecimento de V\u00ednculos","Linha Clara","Teut\u00f4nia"],"articleSection":["Destaques","Diversidade","Educa\u00e7\u00e3o","Geral","Inclusive"],"inLanguage":"pt-BR","potentialAction":[{"@type":"CommentAction","name":"Comment","target":["https:\/\/folhapopular.info\/index.php\/2025\/07\/16\/dia-da-familia-fortalece-vinculos-na-comunidade-escolar-da-emef-dom-pedro-i-em-linha-clara\/#respond"]}]},{"@type":"WebPage","@id":"https:\/\/folhapopular.info\/index.php\/2025\/07\/16\/dia-da-familia-fortalece-vinculos-na-comunidade-escolar-da-emef-dom-pedro-i-em-linha-clara\/","url":"https:\/\/folhapopular.info\/index.php\/2025\/07\/16\/dia-da-familia-fortalece-vinculos-na-comunidade-escolar-da-emef-dom-pedro-i-em-linha-clara\/","name":"Dia da Fam\u00edlia fortalece v\u00ednculos na comunidade escolar da Emef Dom Pedro I, em Linha Clara - Folha Popular","isPartOf":{"@id":"https:\/\/folhapopular.info\/#website"},"primaryImageOfPage":{"@id":"https:\/\/folhapopular.info\/index.php\/2025\/07\/16\/dia-da-familia-fortalece-vinculos-na-comunidade-escolar-da-emef-dom-pedro-i-em-linha-clara\/#primaryimage"},"image":{"@id":"https:\/\/folhapopular.info\/index.php\/2025\/07\/16\/dia-da-familia-fortalece-vinculos-na-comunidade-escolar-da-emef-dom-pedro-i-em-linha-clara\/#primaryimage"},"thumbnailUrl":"https:\/\/folhapopular.info\/wp-content\/uploads\/2025\/07\/Alunos-protagonizaram-verdadeiro-show-de-talentos_DIV.jpeg","datePublished":"2025-07-16T18:53:00+00:00","author":{"@id":"https:\/\/folhapopular.info\/#\/schema\/person\/f0b811f932ef2505faf473ffaef49df5"},"breadcrumb":{"@id":"https:\/\/folhapopular.info\/index.php\/2025\/07\/16\/dia-da-familia-fortalece-vinculos-na-comunidade-escolar-da-emef-dom-pedro-i-em-linha-clara\/#breadcrumb"},"inLanguage":"pt-BR","potentialAction":[{"@type":"ReadAction","target":["https:\/\/folhapopular.info\/index.php\/2025\/07\/16\/dia-da-familia-fortalece-vinculos-na-comunidade-escolar-da-emef-dom-pedro-i-em-linha-clara\/"]}]},{"@type":"ImageObject","inLanguage":"pt-BR","@id":"https:\/\/folhapopular.info\/index.php\/2025\/07\/16\/dia-da-familia-fortalece-vinculos-na-comunidade-escolar-da-emef-dom-pedro-i-em-linha-clara\/#primaryimage","url":"https:\/\/folhapopular.info\/wp-content\/uploads\/2025\/07\/Alunos-protagonizaram-verdadeiro-show-de-talentos_DIV.jpeg","contentUrl":"https:\/\/folhapopular.info\/wp-content\/uploads\/2025\/07\/Alunos-protagonizaram-verdadeiro-show-de-talentos_DIV.jpeg","width":1280,"height":960,"caption":"Alunos protagonizaram verdadeiro show de talentos. Cr\u00e9dito: Divulga\u00e7\u00e3o"},{"@type":"BreadcrumbList","@id":"https:\/\/folhapopular.info\/index.php\/2025\/07\/16\/dia-da-familia-fortalece-vinculos-na-comunidade-escolar-da-emef-dom-pedro-i-em-linha-clara\/#breadcrumb","itemListElement":[{"@type":"ListItem","position":1,"name":"In\u00edcio","item":"https:\/\/folhapopular.info\/"},{"@type":"ListItem","position":2,"name":"Dia da Fam\u00edlia fortalece v\u00ednculos na comunidade escolar da Emef Dom Pedro I, em Linha Clara"}]},{"@type":"WebSite","@id":"https:\/\/folhapopular.info\/#website","url":"https:\/\/folhapopular.info\/","name":"Folha Popular","description":"Onde voc\u00ea tem vez e voz","potentialAction":[{"@type":"SearchAction","target":{"@type":"EntryPoint","urlTemplate":"https:\/\/folhapopular.info\/?s={search_term_string}"},"query-input":{"@type":"PropertyValueSpecification","valueRequired":true,"valueName":"search_term_string"}}],"inLanguage":"pt-BR"},{"@type":"Person","@id":"https:\/\/folhapopular.info\/#\/schema\/person\/f0b811f932ef2505faf473ffaef49df5","name":"Camille Lenz da Silva","image":{"@type":"ImageObject","inLanguage":"pt-BR","@id":"https:\/\/secure.gravatar.com\/avatar\/50be826d73ca259ec0e0a88a407f5de800c576c46cfdc57e50ef28551e216fff?s=96&d=mm&r=g","url":"https:\/\/secure.gravatar.com\/avatar\/50be826d73ca259ec0e0a88a407f5de800c576c46cfdc57e50ef28551e216fff?s=96&d=mm&r=g","contentUrl":"https:\/\/secure.gravatar.com\/avatar\/50be826d73ca259ec0e0a88a407f5de800c576c46cfdc57e50ef28551e216fff?s=96&d=mm&r=g","caption":"Camille Lenz da Silva"},"url":"https:\/\/folhapopular.info\/index.php\/author\/camillelenzgmail-com\/"}]}},"jetpack_featured_media_url":"https:\/\/folhapopular.info\/wp-content\/uploads\/2025\/07\/Alunos-protagonizaram-verdadeiro-show-de-talentos_DIV.jpeg","jetpack_sharing_enabled":true,"amp_enabled":true,"_links":{"self":[{"href":"https:\/\/folhapopular.info\/index.php\/wp-json\/wp\/v2\/posts\/190303","targetHints":{"allow":["GET"]}}],"collection":[{"href":"https:\/\/folhapopular.info\/index.php\/wp-json\/wp\/v2\/posts"}],"about":[{"href":"https:\/\/folhapopular.info\/index.php\/wp-json\/wp\/v2\/types\/post"}],"author":[{"embeddable":true,"href":"https:\/\/folhapopular.info\/index.php\/wp-json\/wp\/v2\/users\/639"}],"replies":[{"embeddable":true,"href":"https:\/\/folhapopular.info\/index.php\/wp-json\/wp\/v2\/comments?post=190303"}],"version-history":[{"count":0,"href":"https:\/\/folhapopular.info\/index.php\/wp-json\/wp\/v2\/posts\/190303\/revisions"}],"wp:featuredmedia":[{"embeddable":true,"href":"https:\/\/folhapopular.info\/index.php\/wp-json\/wp\/v2\/media\/190305"}],"wp:attachment":[{"href":"https:\/\/folhapopular.info\/index.php\/wp-json\/wp\/v2\/media?parent=190303"}],"wp:term":[{"taxonomy":"category","embeddable":true,"href":"https:\/\/folhapopular.info\/index.php\/wp-json\/wp\/v2\/categories?post=190303"},{"taxonomy":"post_tag","embeddable":true,"href":"https:\/\/folhapopular.info\/index.php\/wp-json\/wp\/v2\/tags?post=190303"}],"curies":[{"name":"wp","href":"https:\/\/api.w.org\/{rel}","templated":true}]}}