{"id":190418,"date":"2025-07-19T11:00:00","date_gmt":"2025-07-19T14:00:00","guid":{"rendered":"https:\/\/folhapopular.info\/?p=190418"},"modified":"2025-07-19T08:11:53","modified_gmt":"2025-07-19T11:11:53","slug":"26a-festa-do-colono-e-motorista-espera-12-mil-fieis-neste-domingo-em-canabarro","status":"publish","type":"post","link":"https:\/\/folhapopular.info\/index.php\/2025\/07\/19\/26a-festa-do-colono-e-motorista-espera-12-mil-fieis-neste-domingo-em-canabarro\/","title":{"rendered":"26\u00aa Festa do Colono e Motorista espera 1,2 mil fi\u00e9is neste domingo em Canabarro"},"content":{"rendered":"\n<p>Tradicional homenagem aos colonos e motoristas de Teut\u00f4nia, a 26\u00aa edi\u00e7\u00e3o da Festa do Colono e Motorista promovida pela Par\u00f3quia Nossa Senhora do Ros\u00e1rio acontece neste domingo (20\/7), no Bairro Canabarro.<\/p>\n\n\n\n<p>A atividade inicia \u00e0s 7h30 com caf\u00e9 colonial. A celebra\u00e7\u00e3o segue \u00e0s 8h30, com uma missa celebrada no Posto Canteiros, localizado junto ao trevo de acesso ao bairro, na Rua Tiradentes. \u00c0s 9h30 haver\u00e1 o tradicional leil\u00e3o de S\u00e3o Crist\u00f3v\u00e3o, padroeiro dos motoristas, que definir\u00e1 o respons\u00e1vel por conduzir a imagem do santo na edi\u00e7\u00e3o de 2026. Neste ano, quem assumir\u00e1 essa miss\u00e3o \u00e9 Armando Driemeyer, propriet\u00e1rio do Posto Canteiros e vencedor do leil\u00e3o de 2024.<\/p>\n\n\n\n<p>\u00c0s 10h tem in\u00edcio a prociss\u00e3o, que parte do Bairro Canabarro, percorre a Rua Major Bandeira, no Bairro Languiru, entra na Avenida 1 Leste, no Centro Administrativo, e retorna pela Rua Dom Pedro II at\u00e9 o gin\u00e1sio da comunidade cat\u00f3lica.<\/p>\n\n\n\n<p>Na chegada, haver\u00e1 a b\u00ean\u00e7\u00e3o dos ve\u00edculos. No ano passado foram aben\u00e7oados cerca de 500 ve\u00edculos e utilizados cerca de 180 litros de \u00e1gua benta, segundo o padre Rodrigo Henrique Schneider.<\/p>\n\n\n\n<p>Rodrigo est\u00e1 h\u00e1 pouco tempo em Teut\u00f4nia, mas v\u00ea o evento como uma oportunidade de se aproximar dos fi\u00e9is. \u201cSempre \u00e9 importante participar desses momentos com a comunidade\u201d, afirma.<\/p>\n\n\n\n<p>Ao meio-dia, ser\u00e1 servido almo\u00e7o. A equipe est\u00e1 preparada para servir 1.200 pessoas ou mais. O card\u00e1pio inclui galeto, carne su\u00edna e carne bovina, variedade de saladas, conservas, aipim com farofa, arroz e maionese. Para a sobremesa, torta, creme de leite e sagu.<\/p>\n\n\n\n<p>Durante a tarde ocorre baile, animado pela Orquestra La Montanara. Haver\u00e1 cart\u00f5es dispon\u00edveis no dia por R$ 60.<\/p>\n\n\n\n<p>Jos\u00e9 Martins \u00e9 coordenador do evento. Ele ajuda a igreja h\u00e1 20 anos e enxerga o trabalho como uma miss\u00e3o. \u201cOnde n\u00f3s podemos ajudar, n\u00f3s estamos l\u00e1, cumprindo a nossa miss\u00e3o. Eu penso que a nossa passagem nesse mundo n\u00e3o \u00e9 s\u00f3 para vir e viver, mas viver a miss\u00e3o que Deus nos d\u00e1, e eu encaro isso como um chamado para prestar esse servi\u00e7o \u00e0 igreja\u201d, diz.<\/p>\n\n\n\n<figure class=\"wp-block-image size-large\"><img loading=\"lazy\" decoding=\"async\" width=\"1024\" height=\"485\" src=\"https:\/\/folhapopular.info\/wp-content\/uploads\/2025\/07\/Credito_Reproducao-1024x485.jpg\" alt=\"\" class=\"wp-image-190420\" srcset=\"https:\/\/folhapopular.info\/wp-content\/uploads\/2025\/07\/Credito_Reproducao-1024x485.jpg 1024w, https:\/\/folhapopular.info\/wp-content\/uploads\/2025\/07\/Credito_Reproducao-300x142.jpg 300w, https:\/\/folhapopular.info\/wp-content\/uploads\/2025\/07\/Credito_Reproducao-768x364.jpg 768w, https:\/\/folhapopular.info\/wp-content\/uploads\/2025\/07\/Credito_Reproducao-1536x727.jpg 1536w, https:\/\/folhapopular.info\/wp-content\/uploads\/2025\/07\/Credito_Reproducao-887x420.jpg 887w, https:\/\/folhapopular.info\/wp-content\/uploads\/2025\/07\/Credito_Reproducao-696x330.jpg 696w, https:\/\/folhapopular.info\/wp-content\/uploads\/2025\/07\/Credito_Reproducao-1068x506.jpg 1068w, https:\/\/folhapopular.info\/wp-content\/uploads\/2025\/07\/Credito_Reproducao.jpg 1599w\" sizes=\"auto, (max-width: 1024px) 100vw, 1024px\" \/><figcaption class=\"wp-element-caption\">Padre Rodrigo (d), Jos\u00e9 Martins (c) e Padre Pedro participaram do programa Espa\u00e7o Aberto de sexta-feira \/ Cr\u00e9dito: Reprodu\u00e7\u00e3o<\/figcaption><\/figure>\n\n\n\n<p><strong>Solidariedade<\/strong><\/p>\n\n\n\n<p>Tamb\u00e9m ocorre a arrecada\u00e7\u00e3o de 1 quilo de alimento n\u00e3o perec\u00edvel. Motoristas, fam\u00edlias e empresas s\u00e3o incentivados a trazer doa\u00e7\u00f5es, que ser\u00e3o recolhidas e destinadas \u00e0s fam\u00edlias carentes da cidade, acompanhadas pela Pastoral da Crian\u00e7a. No ano passado, foram arrecadados mais de 300 quilos de alimentos.<\/p>\n\n\n\n<p>\u201cN\u00f3s fazemos as cestas b\u00e1sicas e, diante da necessidade dessas fam\u00edlias, distribu\u00edmos. Al\u00e9m de levar esse conforto da f\u00e9, de ser um sinal que a igreja est\u00e1 junto com essas crian\u00e7as e com as fam\u00edlias, tamb\u00e9m h\u00e1 o alimento, que \u00e9 algo muito essencial\u201d, afirma o padre Rodrigo.<\/p>\n\n\n\n<p><strong>S\u00e3o Crist\u00f3v\u00e3o<\/strong> <strong>e S\u00e3o Isidoro<\/strong><\/p>\n\n\n\n<p>S\u00e3o Crist\u00f3v\u00e3o \u00e9 o padroeiro dos motoristas. H\u00e1 muitas vers\u00f5es de sua hist\u00f3ria, mas a mais conhecida trata de um homem forte que buscava servir o maior rei e acabou por carregar o pr\u00f3prio Cristo, disfar\u00e7ado de crian\u00e7a, atrav\u00e9s de um rio, sentindo um peso imenso. Em seguida, a crian\u00e7a ordenou que fixasse seu bast\u00e3o na terra. Na manh\u00e3 seguinte, apareceu no mesmo local uma exuberante palmeira. Da\u00ed prov\u00e9m o nome Crist\u00f3v\u00e3o, que significa \u201caquele que carrega Cristo\u201d.<\/p>\n\n\n\n<p>Santo Isidoro, padroeiro dos colonos, nasceu na Europa e foi um agricultor. Na simplicidade dele, na viv\u00eancia da fam\u00edlia, ele se doou a Deus e tudo aquilo que ele conseguia tirar da terra, ele dava aos pobres.<\/p>\n","protected":false},"excerpt":{"rendered":"<p>Tradicional homenagem aos colonos e motoristas de Teut\u00f4nia, a 26\u00aa edi\u00e7\u00e3o da Festa do Colono e Motorista promovida pela Par\u00f3quia Nossa Senhora do Ros\u00e1rio acontece neste domingo (20\/7), no Bairro Canabarro. A atividade inicia \u00e0s 7h30 com caf\u00e9 colonial. A celebra\u00e7\u00e3o segue \u00e0s 8h30, com uma missa celebrada no Posto Canteiros, localizado junto ao trevo [&hellip;]<\/p>\n","protected":false},"author":673,"featured_media":190419,"comment_status":"open","ping_status":"open","sticky":false,"template":"","format":"standard","meta":{"pmpro_default_level":"","_jetpack_memberships_contains_paid_content":false,"footnotes":""},"categories":[2,3],"tags":[15622,2866,26],"class_list":{"0":"post-190418","1":"post","2":"type-post","3":"status-publish","4":"format-standard","5":"has-post-thumbnail","7":"category-featured","8":"category-geral","9":"tag-festa-do-colono-e-do-motorista","10":"tag-sao-cristovao","11":"tag-teutonia","12":"pmpro-has-access"},"yoast_head":"<!-- This site is optimized with the Yoast SEO plugin v27.5 - https:\/\/yoast.com\/product\/yoast-seo-wordpress\/ -->\n<title>26\u00aa Festa do Colono e Motorista espera 1,2 mil fi\u00e9is neste domingo em Canabarro - Folha Popular<\/title>\n<meta name=\"robots\" content=\"index, follow, max-snippet:-1, max-image-preview:large, max-video-preview:-1\" \/>\n<link rel=\"canonical\" href=\"https:\/\/folhapopular.info\/index.php\/2025\/07\/19\/26a-festa-do-colono-e-motorista-espera-12-mil-fieis-neste-domingo-em-canabarro\/\" \/>\n<meta property=\"og:locale\" content=\"pt_BR\" \/>\n<meta property=\"og:type\" content=\"article\" \/>\n<meta property=\"og:title\" content=\"26\u00aa Festa do Colono e Motorista espera 1,2 mil fi\u00e9is neste domingo em Canabarro - Folha Popular\" \/>\n<meta property=\"og:description\" content=\"Tradicional homenagem aos colonos e motoristas de Teut\u00f4nia, a 26\u00aa edi\u00e7\u00e3o da Festa do Colono e Motorista promovida pela Par\u00f3quia Nossa Senhora do Ros\u00e1rio acontece neste domingo (20\/7), no Bairro Canabarro. A atividade inicia \u00e0s 7h30 com caf\u00e9 colonial. A celebra\u00e7\u00e3o segue \u00e0s 8h30, com uma missa celebrada no Posto Canteiros, localizado junto ao trevo [&hellip;]\" \/>\n<meta property=\"og:url\" content=\"https:\/\/folhapopular.info\/index.php\/2025\/07\/19\/26a-festa-do-colono-e-motorista-espera-12-mil-fieis-neste-domingo-em-canabarro\/\" \/>\n<meta property=\"og:site_name\" content=\"Folha Popular\" \/>\n<meta property=\"article:published_time\" content=\"2025-07-19T14:00:00+00:00\" \/>\n<meta property=\"og:image\" content=\"https:\/\/folhapopular.info\/wp-content\/uploads\/2025\/07\/Em-2024-quem-levou-a-imagem-do-padroeiro-foi-a-3F1B-neste-ano-o-Posto-Canteiros-conduzira-a-estatua-scaled.jpg\" \/>\n\t<meta property=\"og:image:width\" content=\"2560\" \/>\n\t<meta property=\"og:image:height\" content=\"1920\" \/>\n\t<meta property=\"og:image:type\" content=\"image\/jpeg\" \/>\n<meta name=\"author\" content=\"Let\u00edcia Echer\" \/>\n<meta name=\"twitter:card\" content=\"summary_large_image\" \/>\n<meta name=\"twitter:label1\" content=\"Escrito por\" \/>\n\t<meta name=\"twitter:data1\" content=\"Let\u00edcia Echer\" \/>\n\t<meta name=\"twitter:label2\" content=\"Est. tempo de leitura\" \/>\n\t<meta name=\"twitter:data2\" content=\"4 minutos\" \/>\n<script type=\"application\/ld+json\" class=\"yoast-schema-graph\">{\"@context\":\"https:\\\/\\\/schema.org\",\"@graph\":[{\"@type\":\"Article\",\"@id\":\"https:\\\/\\\/folhapopular.info\\\/index.php\\\/2025\\\/07\\\/19\\\/26a-festa-do-colono-e-motorista-espera-12-mil-fieis-neste-domingo-em-canabarro\\\/#article\",\"isPartOf\":{\"@id\":\"https:\\\/\\\/folhapopular.info\\\/index.php\\\/2025\\\/07\\\/19\\\/26a-festa-do-colono-e-motorista-espera-12-mil-fieis-neste-domingo-em-canabarro\\\/\"},\"author\":{\"name\":\"Let\u00edcia Echer\",\"@id\":\"https:\\\/\\\/folhapopular.info\\\/#\\\/schema\\\/person\\\/52b95b9c1c41ec0e826e7518183d0cc0\"},\"headline\":\"26\u00aa Festa do Colono e Motorista espera 1,2 mil fi\u00e9is neste domingo em Canabarro\",\"datePublished\":\"2025-07-19T14:00:00+00:00\",\"mainEntityOfPage\":{\"@id\":\"https:\\\/\\\/folhapopular.info\\\/index.php\\\/2025\\\/07\\\/19\\\/26a-festa-do-colono-e-motorista-espera-12-mil-fieis-neste-domingo-em-canabarro\\\/\"},\"wordCount\":641,\"commentCount\":0,\"image\":{\"@id\":\"https:\\\/\\\/folhapopular.info\\\/index.php\\\/2025\\\/07\\\/19\\\/26a-festa-do-colono-e-motorista-espera-12-mil-fieis-neste-domingo-em-canabarro\\\/#primaryimage\"},\"thumbnailUrl\":\"https:\\\/\\\/folhapopular.info\\\/wp-content\\\/uploads\\\/2025\\\/07\\\/Em-2024-quem-levou-a-imagem-do-padroeiro-foi-a-3F1B-neste-ano-o-Posto-Canteiros-conduzira-a-estatua-scaled.jpg\",\"keywords\":[\"Festa do Colono e do Motorista\",\"S\u00e3o Crist\u00f3v\u00e3o\",\"Teut\u00f4nia\"],\"articleSection\":[\"Destaques\",\"Geral\"],\"inLanguage\":\"pt-BR\",\"potentialAction\":[{\"@type\":\"CommentAction\",\"name\":\"Comment\",\"target\":[\"https:\\\/\\\/folhapopular.info\\\/index.php\\\/2025\\\/07\\\/19\\\/26a-festa-do-colono-e-motorista-espera-12-mil-fieis-neste-domingo-em-canabarro\\\/#respond\"]}]},{\"@type\":\"WebPage\",\"@id\":\"https:\\\/\\\/folhapopular.info\\\/index.php\\\/2025\\\/07\\\/19\\\/26a-festa-do-colono-e-motorista-espera-12-mil-fieis-neste-domingo-em-canabarro\\\/\",\"url\":\"https:\\\/\\\/folhapopular.info\\\/index.php\\\/2025\\\/07\\\/19\\\/26a-festa-do-colono-e-motorista-espera-12-mil-fieis-neste-domingo-em-canabarro\\\/\",\"name\":\"26\u00aa Festa do Colono e Motorista espera 1,2 mil fi\u00e9is neste domingo em Canabarro - Folha Popular\",\"isPartOf\":{\"@id\":\"https:\\\/\\\/folhapopular.info\\\/#website\"},\"primaryImageOfPage\":{\"@id\":\"https:\\\/\\\/folhapopular.info\\\/index.php\\\/2025\\\/07\\\/19\\\/26a-festa-do-colono-e-motorista-espera-12-mil-fieis-neste-domingo-em-canabarro\\\/#primaryimage\"},\"image\":{\"@id\":\"https:\\\/\\\/folhapopular.info\\\/index.php\\\/2025\\\/07\\\/19\\\/26a-festa-do-colono-e-motorista-espera-12-mil-fieis-neste-domingo-em-canabarro\\\/#primaryimage\"},\"thumbnailUrl\":\"https:\\\/\\\/folhapopular.info\\\/wp-content\\\/uploads\\\/2025\\\/07\\\/Em-2024-quem-levou-a-imagem-do-padroeiro-foi-a-3F1B-neste-ano-o-Posto-Canteiros-conduzira-a-estatua-scaled.jpg\",\"datePublished\":\"2025-07-19T14:00:00+00:00\",\"author\":{\"@id\":\"https:\\\/\\\/folhapopular.info\\\/#\\\/schema\\\/person\\\/52b95b9c1c41ec0e826e7518183d0cc0\"},\"breadcrumb\":{\"@id\":\"https:\\\/\\\/folhapopular.info\\\/index.php\\\/2025\\\/07\\\/19\\\/26a-festa-do-colono-e-motorista-espera-12-mil-fieis-neste-domingo-em-canabarro\\\/#breadcrumb\"},\"inLanguage\":\"pt-BR\",\"potentialAction\":[{\"@type\":\"ReadAction\",\"target\":[\"https:\\\/\\\/folhapopular.info\\\/index.php\\\/2025\\\/07\\\/19\\\/26a-festa-do-colono-e-motorista-espera-12-mil-fieis-neste-domingo-em-canabarro\\\/\"]}]},{\"@type\":\"ImageObject\",\"inLanguage\":\"pt-BR\",\"@id\":\"https:\\\/\\\/folhapopular.info\\\/index.php\\\/2025\\\/07\\\/19\\\/26a-festa-do-colono-e-motorista-espera-12-mil-fieis-neste-domingo-em-canabarro\\\/#primaryimage\",\"url\":\"https:\\\/\\\/folhapopular.info\\\/wp-content\\\/uploads\\\/2025\\\/07\\\/Em-2024-quem-levou-a-imagem-do-padroeiro-foi-a-3F1B-neste-ano-o-Posto-Canteiros-conduzira-a-estatua-scaled.jpg\",\"contentUrl\":\"https:\\\/\\\/folhapopular.info\\\/wp-content\\\/uploads\\\/2025\\\/07\\\/Em-2024-quem-levou-a-imagem-do-padroeiro-foi-a-3F1B-neste-ano-o-Posto-Canteiros-conduzira-a-estatua-scaled.jpg\",\"width\":2560,\"height\":1920,\"caption\":\"Em 2024, quem levou a imagem do padroeiro foi a 3F1B; neste ano, o Posto Canteiros conduzir\u00e1 a est\u00e1tua \\\/ Cr\u00e9dito: Ariana de Oliveira - Arquivo\"},{\"@type\":\"BreadcrumbList\",\"@id\":\"https:\\\/\\\/folhapopular.info\\\/index.php\\\/2025\\\/07\\\/19\\\/26a-festa-do-colono-e-motorista-espera-12-mil-fieis-neste-domingo-em-canabarro\\\/#breadcrumb\",\"itemListElement\":[{\"@type\":\"ListItem\",\"position\":1,\"name\":\"In\u00edcio\",\"item\":\"https:\\\/\\\/folhapopular.info\\\/\"},{\"@type\":\"ListItem\",\"position\":2,\"name\":\"26\u00aa Festa do Colono e Motorista espera 1,2 mil fi\u00e9is neste domingo em Canabarro\"}]},{\"@type\":\"WebSite\",\"@id\":\"https:\\\/\\\/folhapopular.info\\\/#website\",\"url\":\"https:\\\/\\\/folhapopular.info\\\/\",\"name\":\"Folha Popular\",\"description\":\"Onde voc\u00ea tem vez e voz\",\"potentialAction\":[{\"@type\":\"SearchAction\",\"target\":{\"@type\":\"EntryPoint\",\"urlTemplate\":\"https:\\\/\\\/folhapopular.info\\\/?s={search_term_string}\"},\"query-input\":{\"@type\":\"PropertyValueSpecification\",\"valueRequired\":true,\"valueName\":\"search_term_string\"}}],\"inLanguage\":\"pt-BR\"},{\"@type\":\"Person\",\"@id\":\"https:\\\/\\\/folhapopular.info\\\/#\\\/schema\\\/person\\\/52b95b9c1c41ec0e826e7518183d0cc0\",\"name\":\"Let\u00edcia Echer\",\"image\":{\"@type\":\"ImageObject\",\"inLanguage\":\"pt-BR\",\"@id\":\"https:\\\/\\\/secure.gravatar.com\\\/avatar\\\/303201b45d8f4e048c95808925ff8953fa7ebc0e52cb5b3af1fc9e3d52c95645?s=96&d=mm&r=g\",\"url\":\"https:\\\/\\\/secure.gravatar.com\\\/avatar\\\/303201b45d8f4e048c95808925ff8953fa7ebc0e52cb5b3af1fc9e3d52c95645?s=96&d=mm&r=g\",\"contentUrl\":\"https:\\\/\\\/secure.gravatar.com\\\/avatar\\\/303201b45d8f4e048c95808925ff8953fa7ebc0e52cb5b3af1fc9e3d52c95645?s=96&d=mm&r=g\",\"caption\":\"Let\u00edcia Echer\"},\"url\":\"https:\\\/\\\/folhapopular.info\\\/index.php\\\/author\\\/leticiaecher04gmail-com\\\/\"}]}<\/script>\n<!-- \/ Yoast SEO plugin. -->","yoast_head_json":{"title":"26\u00aa Festa do Colono e Motorista espera 1,2 mil fi\u00e9is neste domingo em Canabarro - Folha Popular","robots":{"index":"index","follow":"follow","max-snippet":"max-snippet:-1","max-image-preview":"max-image-preview:large","max-video-preview":"max-video-preview:-1"},"canonical":"https:\/\/folhapopular.info\/index.php\/2025\/07\/19\/26a-festa-do-colono-e-motorista-espera-12-mil-fieis-neste-domingo-em-canabarro\/","og_locale":"pt_BR","og_type":"article","og_title":"26\u00aa Festa do Colono e Motorista espera 1,2 mil fi\u00e9is neste domingo em Canabarro - Folha Popular","og_description":"Tradicional homenagem aos colonos e motoristas de Teut\u00f4nia, a 26\u00aa edi\u00e7\u00e3o da Festa do Colono e Motorista promovida pela Par\u00f3quia Nossa Senhora do Ros\u00e1rio acontece neste domingo (20\/7), no Bairro Canabarro. A atividade inicia \u00e0s 7h30 com caf\u00e9 colonial. A celebra\u00e7\u00e3o segue \u00e0s 8h30, com uma missa celebrada no Posto Canteiros, localizado junto ao trevo [&hellip;]","og_url":"https:\/\/folhapopular.info\/index.php\/2025\/07\/19\/26a-festa-do-colono-e-motorista-espera-12-mil-fieis-neste-domingo-em-canabarro\/","og_site_name":"Folha Popular","article_published_time":"2025-07-19T14:00:00+00:00","og_image":[{"width":2560,"height":1920,"url":"https:\/\/folhapopular.info\/wp-content\/uploads\/2025\/07\/Em-2024-quem-levou-a-imagem-do-padroeiro-foi-a-3F1B-neste-ano-o-Posto-Canteiros-conduzira-a-estatua-scaled.jpg","type":"image\/jpeg"}],"author":"Let\u00edcia Echer","twitter_card":"summary_large_image","twitter_misc":{"Escrito por":"Let\u00edcia Echer","Est. tempo de leitura":"4 minutos"},"schema":{"@context":"https:\/\/schema.org","@graph":[{"@type":"Article","@id":"https:\/\/folhapopular.info\/index.php\/2025\/07\/19\/26a-festa-do-colono-e-motorista-espera-12-mil-fieis-neste-domingo-em-canabarro\/#article","isPartOf":{"@id":"https:\/\/folhapopular.info\/index.php\/2025\/07\/19\/26a-festa-do-colono-e-motorista-espera-12-mil-fieis-neste-domingo-em-canabarro\/"},"author":{"name":"Let\u00edcia Echer","@id":"https:\/\/folhapopular.info\/#\/schema\/person\/52b95b9c1c41ec0e826e7518183d0cc0"},"headline":"26\u00aa Festa do Colono e Motorista espera 1,2 mil fi\u00e9is neste domingo em Canabarro","datePublished":"2025-07-19T14:00:00+00:00","mainEntityOfPage":{"@id":"https:\/\/folhapopular.info\/index.php\/2025\/07\/19\/26a-festa-do-colono-e-motorista-espera-12-mil-fieis-neste-domingo-em-canabarro\/"},"wordCount":641,"commentCount":0,"image":{"@id":"https:\/\/folhapopular.info\/index.php\/2025\/07\/19\/26a-festa-do-colono-e-motorista-espera-12-mil-fieis-neste-domingo-em-canabarro\/#primaryimage"},"thumbnailUrl":"https:\/\/folhapopular.info\/wp-content\/uploads\/2025\/07\/Em-2024-quem-levou-a-imagem-do-padroeiro-foi-a-3F1B-neste-ano-o-Posto-Canteiros-conduzira-a-estatua-scaled.jpg","keywords":["Festa do Colono e do Motorista","S\u00e3o Crist\u00f3v\u00e3o","Teut\u00f4nia"],"articleSection":["Destaques","Geral"],"inLanguage":"pt-BR","potentialAction":[{"@type":"CommentAction","name":"Comment","target":["https:\/\/folhapopular.info\/index.php\/2025\/07\/19\/26a-festa-do-colono-e-motorista-espera-12-mil-fieis-neste-domingo-em-canabarro\/#respond"]}]},{"@type":"WebPage","@id":"https:\/\/folhapopular.info\/index.php\/2025\/07\/19\/26a-festa-do-colono-e-motorista-espera-12-mil-fieis-neste-domingo-em-canabarro\/","url":"https:\/\/folhapopular.info\/index.php\/2025\/07\/19\/26a-festa-do-colono-e-motorista-espera-12-mil-fieis-neste-domingo-em-canabarro\/","name":"26\u00aa Festa do Colono e Motorista espera 1,2 mil fi\u00e9is neste domingo em Canabarro - Folha Popular","isPartOf":{"@id":"https:\/\/folhapopular.info\/#website"},"primaryImageOfPage":{"@id":"https:\/\/folhapopular.info\/index.php\/2025\/07\/19\/26a-festa-do-colono-e-motorista-espera-12-mil-fieis-neste-domingo-em-canabarro\/#primaryimage"},"image":{"@id":"https:\/\/folhapopular.info\/index.php\/2025\/07\/19\/26a-festa-do-colono-e-motorista-espera-12-mil-fieis-neste-domingo-em-canabarro\/#primaryimage"},"thumbnailUrl":"https:\/\/folhapopular.info\/wp-content\/uploads\/2025\/07\/Em-2024-quem-levou-a-imagem-do-padroeiro-foi-a-3F1B-neste-ano-o-Posto-Canteiros-conduzira-a-estatua-scaled.jpg","datePublished":"2025-07-19T14:00:00+00:00","author":{"@id":"https:\/\/folhapopular.info\/#\/schema\/person\/52b95b9c1c41ec0e826e7518183d0cc0"},"breadcrumb":{"@id":"https:\/\/folhapopular.info\/index.php\/2025\/07\/19\/26a-festa-do-colono-e-motorista-espera-12-mil-fieis-neste-domingo-em-canabarro\/#breadcrumb"},"inLanguage":"pt-BR","potentialAction":[{"@type":"ReadAction","target":["https:\/\/folhapopular.info\/index.php\/2025\/07\/19\/26a-festa-do-colono-e-motorista-espera-12-mil-fieis-neste-domingo-em-canabarro\/"]}]},{"@type":"ImageObject","inLanguage":"pt-BR","@id":"https:\/\/folhapopular.info\/index.php\/2025\/07\/19\/26a-festa-do-colono-e-motorista-espera-12-mil-fieis-neste-domingo-em-canabarro\/#primaryimage","url":"https:\/\/folhapopular.info\/wp-content\/uploads\/2025\/07\/Em-2024-quem-levou-a-imagem-do-padroeiro-foi-a-3F1B-neste-ano-o-Posto-Canteiros-conduzira-a-estatua-scaled.jpg","contentUrl":"https:\/\/folhapopular.info\/wp-content\/uploads\/2025\/07\/Em-2024-quem-levou-a-imagem-do-padroeiro-foi-a-3F1B-neste-ano-o-Posto-Canteiros-conduzira-a-estatua-scaled.jpg","width":2560,"height":1920,"caption":"Em 2024, quem levou a imagem do padroeiro foi a 3F1B; neste ano, o Posto Canteiros conduzir\u00e1 a est\u00e1tua \/ Cr\u00e9dito: Ariana de Oliveira - Arquivo"},{"@type":"BreadcrumbList","@id":"https:\/\/folhapopular.info\/index.php\/2025\/07\/19\/26a-festa-do-colono-e-motorista-espera-12-mil-fieis-neste-domingo-em-canabarro\/#breadcrumb","itemListElement":[{"@type":"ListItem","position":1,"name":"In\u00edcio","item":"https:\/\/folhapopular.info\/"},{"@type":"ListItem","position":2,"name":"26\u00aa Festa do Colono e Motorista espera 1,2 mil fi\u00e9is neste domingo em Canabarro"}]},{"@type":"WebSite","@id":"https:\/\/folhapopular.info\/#website","url":"https:\/\/folhapopular.info\/","name":"Folha Popular","description":"Onde voc\u00ea tem vez e voz","potentialAction":[{"@type":"SearchAction","target":{"@type":"EntryPoint","urlTemplate":"https:\/\/folhapopular.info\/?s={search_term_string}"},"query-input":{"@type":"PropertyValueSpecification","valueRequired":true,"valueName":"search_term_string"}}],"inLanguage":"pt-BR"},{"@type":"Person","@id":"https:\/\/folhapopular.info\/#\/schema\/person\/52b95b9c1c41ec0e826e7518183d0cc0","name":"Let\u00edcia Echer","image":{"@type":"ImageObject","inLanguage":"pt-BR","@id":"https:\/\/secure.gravatar.com\/avatar\/303201b45d8f4e048c95808925ff8953fa7ebc0e52cb5b3af1fc9e3d52c95645?s=96&d=mm&r=g","url":"https:\/\/secure.gravatar.com\/avatar\/303201b45d8f4e048c95808925ff8953fa7ebc0e52cb5b3af1fc9e3d52c95645?s=96&d=mm&r=g","contentUrl":"https:\/\/secure.gravatar.com\/avatar\/303201b45d8f4e048c95808925ff8953fa7ebc0e52cb5b3af1fc9e3d52c95645?s=96&d=mm&r=g","caption":"Let\u00edcia Echer"},"url":"https:\/\/folhapopular.info\/index.php\/author\/leticiaecher04gmail-com\/"}]}},"jetpack_featured_media_url":"https:\/\/folhapopular.info\/wp-content\/uploads\/2025\/07\/Em-2024-quem-levou-a-imagem-do-padroeiro-foi-a-3F1B-neste-ano-o-Posto-Canteiros-conduzira-a-estatua-scaled.jpg","jetpack_sharing_enabled":true,"amp_enabled":true,"_links":{"self":[{"href":"https:\/\/folhapopular.info\/index.php\/wp-json\/wp\/v2\/posts\/190418","targetHints":{"allow":["GET"]}}],"collection":[{"href":"https:\/\/folhapopular.info\/index.php\/wp-json\/wp\/v2\/posts"}],"about":[{"href":"https:\/\/folhapopular.info\/index.php\/wp-json\/wp\/v2\/types\/post"}],"author":[{"embeddable":true,"href":"https:\/\/folhapopular.info\/index.php\/wp-json\/wp\/v2\/users\/673"}],"replies":[{"embeddable":true,"href":"https:\/\/folhapopular.info\/index.php\/wp-json\/wp\/v2\/comments?post=190418"}],"version-history":[{"count":0,"href":"https:\/\/folhapopular.info\/index.php\/wp-json\/wp\/v2\/posts\/190418\/revisions"}],"wp:featuredmedia":[{"embeddable":true,"href":"https:\/\/folhapopular.info\/index.php\/wp-json\/wp\/v2\/media\/190419"}],"wp:attachment":[{"href":"https:\/\/folhapopular.info\/index.php\/wp-json\/wp\/v2\/media?parent=190418"}],"wp:term":[{"taxonomy":"category","embeddable":true,"href":"https:\/\/folhapopular.info\/index.php\/wp-json\/wp\/v2\/categories?post=190418"},{"taxonomy":"post_tag","embeddable":true,"href":"https:\/\/folhapopular.info\/index.php\/wp-json\/wp\/v2\/tags?post=190418"}],"curies":[{"name":"wp","href":"https:\/\/api.w.org\/{rel}","templated":true}]}}