{"id":190436,"date":"2025-07-19T15:00:00","date_gmt":"2025-07-19T18:00:00","guid":{"rendered":"https:\/\/folhapopular.info\/?p=190436"},"modified":"2025-07-19T08:46:23","modified_gmt":"2025-07-19T11:46:23","slug":"vibee-unimed-celebra-5-anos-de-protagonismo-na-inovacao-em-saude","status":"publish","type":"post","link":"https:\/\/folhapopular.info\/index.php\/2025\/07\/19\/vibee-unimed-celebra-5-anos-de-protagonismo-na-inovacao-em-saude\/","title":{"rendered":"Vibee Unimed celebra 5 anos de protagonismo na inova\u00e7\u00e3o em sa\u00fade"},"content":{"rendered":"\n<p><em>Hub<\/em> de inova\u00e7\u00e3o da Unimed Vales do Taquari e Rio Pardo (VTRP), o <em>Vibee<\/em> Unimed completou 5 anos dedicados a impulsionar a inova\u00e7\u00e3o na sa\u00fade. Criado em 2020 no auge da pandemia, o <em>Hub<\/em> se consolidou como refer\u00eancia nacional, capaz de atrair centenas de <em>startups<\/em> aos programas de acelera\u00e7\u00e3o baseados em Lajeado.<\/p>\n\n\n\n<p>A celebra\u00e7\u00e3o do anivers\u00e1rio ocorreu na noite de quarta-feira (16\/7), em <em>meetup<\/em>especial que reuniu parceiros, l\u00edderes regionais e convidados. O evento teve como ponto alto a palestra de Dagoberto Trento, s\u00f3cio da consultoria Innoscience, empresa protagonista da trajet\u00f3ria de inova\u00e7\u00e3o da Unimed VTRP.<\/p>\n\n\n\n<p>Trento possui ampla experi\u00eancia em transforma\u00e7\u00e3o de neg\u00f3cios e j\u00e1 liderou portf\u00f3lios de at\u00e9 R$ 200 milh\u00f5es por ano. Ele abriu o evento com uma provoca\u00e7\u00e3o sobre o impacto real dos <em>hubs<\/em> de inova\u00e7\u00e3o. \u201cMuito do que foi feito aqui ainda vai mostrar resultados no futuro. Algumas pessoas s\u00f3 perceber\u00e3o mais adiante como essa iniciativa fez diferen\u00e7a\u201d, apontou.<\/p>\n\n\n\n<p>Segundo ele, o esp\u00edrito de um <em>hub<\/em> \u00e9 justamente criar possibilidades muitas vezes ainda invis\u00edveis para quem est\u00e1 envolvido. Lembrou ainda que o <em>Vibee<\/em> foi pioneiro ao propor um espa\u00e7o corporativo de inova\u00e7\u00e3o conectado \u00e0 comunidade regional, mas aberto a iniciativas de todo o Brasil. \u201cQuem \u00e9 de Lajeado e da regi\u00e3o pode se orgulhar. A Unimed VTRP aposta no empreendedorismo, na inova\u00e7\u00e3o e oferece oportunidades reais de crescimento\u201d, disse.<\/p>\n\n\n\n<p>O <em>head<\/em> do <em>Vibee<\/em>, Rafael Zanatta, refor\u00e7ou que o <em>hub<\/em> evoluiu junto com os desafios da cooperativa e do ecossistema. \u201cO que fazemos em Lajeado tem repercuss\u00e3o em todo o Brasil. Seja pelo nosso programa de acelera\u00e7\u00e3o de <em>startups<\/em> on-line, seja pelas conex\u00f5es e investimentos em solu\u00e7\u00f5es inovadoras\u201d, destacou.<\/p>\n\n\n\n<p>Conforme Zanatta, al\u00e9m da inova\u00e7\u00e3o aberta, o <em>V<\/em><em>i<\/em><em>bee<\/em> tamb\u00e9m apoia projetos internos, de forma a fortalecer o intraempreendedorismo e ajudar os colaboradores a desenvolverem compet\u00eancias para os desafios do futuro. \u201cO <em>hub<\/em> atua como uma ponte, permitindo que novas tecnologias sejam testadas e aplicadas aqui, gra\u00e7as \u00e0 sua integra\u00e7\u00e3o com outros <em>hubs<\/em> e estruturas de inova\u00e7\u00e3o espalhadas pelo pa\u00eds\u201d, refor\u00e7ou.<\/p>\n\n\n\n<p><strong>Evolu\u00e7\u00e3o constante<\/strong><\/p>\n\n\n\n<p>Rafael ressaltou o orgulho de chegar aos 5 anos do <em>Hub<\/em> como vanguarda do movimento de inova\u00e7\u00e3o na sa\u00fade. Afirmou que o <em>Vibee<\/em> n\u00e3o apenas cumpriu seus objetivos iniciais, como superou as expectativas e promete novas conquistas. \u201cTer uma estrutura como essa, alinhada com o que h\u00e1 de mais avan\u00e7ado em inova\u00e7\u00e3o, faz total sentido para uma empresa que busca se manter na vanguarda\u201d, alegou.<\/p>\n\n\n\n<p>A superintendente executiva da Unimed VTRP, Rosilene Knebel, tamb\u00e9m destacou o sentimento de realiza\u00e7\u00e3o com o momento vivido pelo <em>hub<\/em>. \u201cAcredito muito nesse processo de inova\u00e7\u00e3o. Antes mesmo do <em>Vibee<\/em>, j\u00e1 trabalh\u00e1vamos com essa l\u00f3gica, mas foi com ele que conseguimos consolidar tanto as a\u00e7\u00f5es internas quanto a nossa conex\u00e3o com o ecossistema\u201d, afirmou.<\/p>\n\n\n\n<p>Para ela, o <em>hub<\/em> se tornou um catalisador de transforma\u00e7\u00e3o, inclusive no segmento da sa\u00fade em geral. \u201cEstamos conseguindo apoiar as <em>startups<\/em> e, ao mesmo tempo, aprender muito. O que constru\u00edmos at\u00e9 aqui \u00e9 fruto de muito trabalho e de uma cren\u00e7a genu\u00edna de que podemos contribuir com uma sa\u00fade melhor\u201d, concluiu.<\/p>\n","protected":false},"excerpt":{"rendered":"<p>Hub de inova\u00e7\u00e3o da Unimed Vales do Taquari e Rio Pardo (VTRP), o Vibee Unimed completou 5 anos dedicados a impulsionar a inova\u00e7\u00e3o na sa\u00fade. Criado em 2020 no auge da pandemia, o Hub se consolidou como refer\u00eancia nacional, capaz de atrair centenas de startups aos programas de acelera\u00e7\u00e3o baseados em Lajeado. A celebra\u00e7\u00e3o do [&hellip;]<\/p>\n","protected":false},"author":771,"featured_media":190437,"comment_status":"open","ping_status":"open","sticky":false,"template":"","format":"standard","meta":{"pmpro_default_level":"","_jetpack_memberships_contains_paid_content":false,"footnotes":""},"categories":[2,10991],"tags":[5207,19015,19016],"class_list":{"0":"post-190436","1":"post","2":"type-post","3":"status-publish","4":"format-standard","5":"has-post-thumbnail","7":"category-featured","8":"category-economia","9":"tag-unimed","10":"tag-vibee-unimed","11":"tag-vtrp","12":"pmpro-has-access"},"yoast_head":"<!-- This site is optimized with the Yoast SEO plugin v27.5 - https:\/\/yoast.com\/product\/yoast-seo-wordpress\/ -->\n<title>Vibee Unimed celebra 5 anos de protagonismo na inova\u00e7\u00e3o em sa\u00fade - Folha Popular<\/title>\n<meta name=\"robots\" content=\"index, follow, max-snippet:-1, max-image-preview:large, max-video-preview:-1\" \/>\n<link rel=\"canonical\" href=\"https:\/\/folhapopular.info\/index.php\/2025\/07\/19\/vibee-unimed-celebra-5-anos-de-protagonismo-na-inovacao-em-saude\/\" \/>\n<meta property=\"og:locale\" content=\"pt_BR\" \/>\n<meta property=\"og:type\" content=\"article\" \/>\n<meta property=\"og:title\" content=\"Vibee Unimed celebra 5 anos de protagonismo na inova\u00e7\u00e3o em sa\u00fade - Folha Popular\" \/>\n<meta property=\"og:description\" content=\"Hub de inova\u00e7\u00e3o da Unimed Vales do Taquari e Rio Pardo (VTRP), o Vibee Unimed completou 5 anos dedicados a impulsionar a inova\u00e7\u00e3o na sa\u00fade. Criado em 2020 no auge da pandemia, o Hub se consolidou como refer\u00eancia nacional, capaz de atrair centenas de startups aos programas de acelera\u00e7\u00e3o baseados em Lajeado. A celebra\u00e7\u00e3o do [&hellip;]\" \/>\n<meta property=\"og:url\" content=\"https:\/\/folhapopular.info\/index.php\/2025\/07\/19\/vibee-unimed-celebra-5-anos-de-protagonismo-na-inovacao-em-saude\/\" \/>\n<meta property=\"og:site_name\" content=\"Folha Popular\" \/>\n<meta property=\"article:published_time\" content=\"2025-07-19T18:00:00+00:00\" \/>\n<meta property=\"og:image\" content=\"https:\/\/folhapopular.info\/wp-content\/uploads\/2025\/07\/Encontro-especial-de-aniversario-reuniu-parceiros-lideres-regionais-e-convidados-na-sede-do-Vibee_TM-scaled.jpeg\" \/>\n\t<meta property=\"og:image:width\" content=\"2560\" \/>\n\t<meta property=\"og:image:height\" content=\"1920\" \/>\n\t<meta property=\"og:image:type\" content=\"image\/jpeg\" \/>\n<meta name=\"author\" content=\"Thiago Maurique\" \/>\n<meta name=\"twitter:card\" content=\"summary_large_image\" \/>\n<meta name=\"twitter:label1\" content=\"Escrito por\" \/>\n\t<meta name=\"twitter:data1\" content=\"Thiago Maurique\" \/>\n\t<meta name=\"twitter:label2\" content=\"Est. tempo de leitura\" \/>\n\t<meta name=\"twitter:data2\" content=\"4 minutos\" \/>\n<script type=\"application\/ld+json\" class=\"yoast-schema-graph\">{\"@context\":\"https:\\\/\\\/schema.org\",\"@graph\":[{\"@type\":\"Article\",\"@id\":\"https:\\\/\\\/folhapopular.info\\\/index.php\\\/2025\\\/07\\\/19\\\/vibee-unimed-celebra-5-anos-de-protagonismo-na-inovacao-em-saude\\\/#article\",\"isPartOf\":{\"@id\":\"https:\\\/\\\/folhapopular.info\\\/index.php\\\/2025\\\/07\\\/19\\\/vibee-unimed-celebra-5-anos-de-protagonismo-na-inovacao-em-saude\\\/\"},\"author\":{\"name\":\"Thiago Maurique\",\"@id\":\"https:\\\/\\\/folhapopular.info\\\/#\\\/schema\\\/person\\\/da0b2794f793376cb5dd908e88ca6911\"},\"headline\":\"Vibee Unimed celebra 5 anos de protagonismo na inova\u00e7\u00e3o em sa\u00fade\",\"datePublished\":\"2025-07-19T18:00:00+00:00\",\"mainEntityOfPage\":{\"@id\":\"https:\\\/\\\/folhapopular.info\\\/index.php\\\/2025\\\/07\\\/19\\\/vibee-unimed-celebra-5-anos-de-protagonismo-na-inovacao-em-saude\\\/\"},\"wordCount\":568,\"commentCount\":0,\"image\":{\"@id\":\"https:\\\/\\\/folhapopular.info\\\/index.php\\\/2025\\\/07\\\/19\\\/vibee-unimed-celebra-5-anos-de-protagonismo-na-inovacao-em-saude\\\/#primaryimage\"},\"thumbnailUrl\":\"https:\\\/\\\/folhapopular.info\\\/wp-content\\\/uploads\\\/2025\\\/07\\\/Encontro-especial-de-aniversario-reuniu-parceiros-lideres-regionais-e-convidados-na-sede-do-Vibee_TM-scaled.jpeg\",\"keywords\":[\"Unimed\",\"Vibee Unimed\",\"VTRP\"],\"articleSection\":[\"Destaques\",\"Economia\"],\"inLanguage\":\"pt-BR\",\"potentialAction\":[{\"@type\":\"CommentAction\",\"name\":\"Comment\",\"target\":[\"https:\\\/\\\/folhapopular.info\\\/index.php\\\/2025\\\/07\\\/19\\\/vibee-unimed-celebra-5-anos-de-protagonismo-na-inovacao-em-saude\\\/#respond\"]}]},{\"@type\":\"WebPage\",\"@id\":\"https:\\\/\\\/folhapopular.info\\\/index.php\\\/2025\\\/07\\\/19\\\/vibee-unimed-celebra-5-anos-de-protagonismo-na-inovacao-em-saude\\\/\",\"url\":\"https:\\\/\\\/folhapopular.info\\\/index.php\\\/2025\\\/07\\\/19\\\/vibee-unimed-celebra-5-anos-de-protagonismo-na-inovacao-em-saude\\\/\",\"name\":\"Vibee Unimed celebra 5 anos de protagonismo na inova\u00e7\u00e3o em sa\u00fade - Folha Popular\",\"isPartOf\":{\"@id\":\"https:\\\/\\\/folhapopular.info\\\/#website\"},\"primaryImageOfPage\":{\"@id\":\"https:\\\/\\\/folhapopular.info\\\/index.php\\\/2025\\\/07\\\/19\\\/vibee-unimed-celebra-5-anos-de-protagonismo-na-inovacao-em-saude\\\/#primaryimage\"},\"image\":{\"@id\":\"https:\\\/\\\/folhapopular.info\\\/index.php\\\/2025\\\/07\\\/19\\\/vibee-unimed-celebra-5-anos-de-protagonismo-na-inovacao-em-saude\\\/#primaryimage\"},\"thumbnailUrl\":\"https:\\\/\\\/folhapopular.info\\\/wp-content\\\/uploads\\\/2025\\\/07\\\/Encontro-especial-de-aniversario-reuniu-parceiros-lideres-regionais-e-convidados-na-sede-do-Vibee_TM-scaled.jpeg\",\"datePublished\":\"2025-07-19T18:00:00+00:00\",\"author\":{\"@id\":\"https:\\\/\\\/folhapopular.info\\\/#\\\/schema\\\/person\\\/da0b2794f793376cb5dd908e88ca6911\"},\"breadcrumb\":{\"@id\":\"https:\\\/\\\/folhapopular.info\\\/index.php\\\/2025\\\/07\\\/19\\\/vibee-unimed-celebra-5-anos-de-protagonismo-na-inovacao-em-saude\\\/#breadcrumb\"},\"inLanguage\":\"pt-BR\",\"potentialAction\":[{\"@type\":\"ReadAction\",\"target\":[\"https:\\\/\\\/folhapopular.info\\\/index.php\\\/2025\\\/07\\\/19\\\/vibee-unimed-celebra-5-anos-de-protagonismo-na-inovacao-em-saude\\\/\"]}]},{\"@type\":\"ImageObject\",\"inLanguage\":\"pt-BR\",\"@id\":\"https:\\\/\\\/folhapopular.info\\\/index.php\\\/2025\\\/07\\\/19\\\/vibee-unimed-celebra-5-anos-de-protagonismo-na-inovacao-em-saude\\\/#primaryimage\",\"url\":\"https:\\\/\\\/folhapopular.info\\\/wp-content\\\/uploads\\\/2025\\\/07\\\/Encontro-especial-de-aniversario-reuniu-parceiros-lideres-regionais-e-convidados-na-sede-do-Vibee_TM-scaled.jpeg\",\"contentUrl\":\"https:\\\/\\\/folhapopular.info\\\/wp-content\\\/uploads\\\/2025\\\/07\\\/Encontro-especial-de-aniversario-reuniu-parceiros-lideres-regionais-e-convidados-na-sede-do-Vibee_TM-scaled.jpeg\",\"width\":2560,\"height\":1920,\"caption\":\"Encontro especial de anivers\u00e1rio reuniu parceiros, l\u00edderes regionais e convidados na sede do Vibee \\\/ Cr\u00e9dito: Thiago Maurique\"},{\"@type\":\"BreadcrumbList\",\"@id\":\"https:\\\/\\\/folhapopular.info\\\/index.php\\\/2025\\\/07\\\/19\\\/vibee-unimed-celebra-5-anos-de-protagonismo-na-inovacao-em-saude\\\/#breadcrumb\",\"itemListElement\":[{\"@type\":\"ListItem\",\"position\":1,\"name\":\"In\u00edcio\",\"item\":\"https:\\\/\\\/folhapopular.info\\\/\"},{\"@type\":\"ListItem\",\"position\":2,\"name\":\"Vibee Unimed celebra 5 anos de protagonismo na inova\u00e7\u00e3o em sa\u00fade\"}]},{\"@type\":\"WebSite\",\"@id\":\"https:\\\/\\\/folhapopular.info\\\/#website\",\"url\":\"https:\\\/\\\/folhapopular.info\\\/\",\"name\":\"Folha Popular\",\"description\":\"Onde voc\u00ea tem vez e voz\",\"potentialAction\":[{\"@type\":\"SearchAction\",\"target\":{\"@type\":\"EntryPoint\",\"urlTemplate\":\"https:\\\/\\\/folhapopular.info\\\/?s={search_term_string}\"},\"query-input\":{\"@type\":\"PropertyValueSpecification\",\"valueRequired\":true,\"valueName\":\"search_term_string\"}}],\"inLanguage\":\"pt-BR\"},{\"@type\":\"Person\",\"@id\":\"https:\\\/\\\/folhapopular.info\\\/#\\\/schema\\\/person\\\/da0b2794f793376cb5dd908e88ca6911\",\"name\":\"Thiago Maurique\",\"image\":{\"@type\":\"ImageObject\",\"inLanguage\":\"pt-BR\",\"@id\":\"https:\\\/\\\/folhapopular.info\\\/wp-content\\\/uploads\\\/2026\\\/04\\\/THIAGO-MAURIQUE-1-1.webp\",\"url\":\"https:\\\/\\\/folhapopular.info\\\/wp-content\\\/uploads\\\/2026\\\/04\\\/THIAGO-MAURIQUE-1-1.webp\",\"contentUrl\":\"https:\\\/\\\/folhapopular.info\\\/wp-content\\\/uploads\\\/2026\\\/04\\\/THIAGO-MAURIQUE-1-1.webp\",\"caption\":\"Thiago Maurique\"},\"url\":\"https:\\\/\\\/folhapopular.info\\\/index.php\\\/author\\\/thiago-maurique\\\/\"}]}<\/script>\n<!-- \/ Yoast SEO plugin. -->","yoast_head_json":{"title":"Vibee Unimed celebra 5 anos de protagonismo na inova\u00e7\u00e3o em sa\u00fade - Folha Popular","robots":{"index":"index","follow":"follow","max-snippet":"max-snippet:-1","max-image-preview":"max-image-preview:large","max-video-preview":"max-video-preview:-1"},"canonical":"https:\/\/folhapopular.info\/index.php\/2025\/07\/19\/vibee-unimed-celebra-5-anos-de-protagonismo-na-inovacao-em-saude\/","og_locale":"pt_BR","og_type":"article","og_title":"Vibee Unimed celebra 5 anos de protagonismo na inova\u00e7\u00e3o em sa\u00fade - Folha Popular","og_description":"Hub de inova\u00e7\u00e3o da Unimed Vales do Taquari e Rio Pardo (VTRP), o Vibee Unimed completou 5 anos dedicados a impulsionar a inova\u00e7\u00e3o na sa\u00fade. Criado em 2020 no auge da pandemia, o Hub se consolidou como refer\u00eancia nacional, capaz de atrair centenas de startups aos programas de acelera\u00e7\u00e3o baseados em Lajeado. A celebra\u00e7\u00e3o do [&hellip;]","og_url":"https:\/\/folhapopular.info\/index.php\/2025\/07\/19\/vibee-unimed-celebra-5-anos-de-protagonismo-na-inovacao-em-saude\/","og_site_name":"Folha Popular","article_published_time":"2025-07-19T18:00:00+00:00","og_image":[{"width":2560,"height":1920,"url":"https:\/\/folhapopular.info\/wp-content\/uploads\/2025\/07\/Encontro-especial-de-aniversario-reuniu-parceiros-lideres-regionais-e-convidados-na-sede-do-Vibee_TM-scaled.jpeg","type":"image\/jpeg"}],"author":"Thiago Maurique","twitter_card":"summary_large_image","twitter_misc":{"Escrito por":"Thiago Maurique","Est. tempo de leitura":"4 minutos"},"schema":{"@context":"https:\/\/schema.org","@graph":[{"@type":"Article","@id":"https:\/\/folhapopular.info\/index.php\/2025\/07\/19\/vibee-unimed-celebra-5-anos-de-protagonismo-na-inovacao-em-saude\/#article","isPartOf":{"@id":"https:\/\/folhapopular.info\/index.php\/2025\/07\/19\/vibee-unimed-celebra-5-anos-de-protagonismo-na-inovacao-em-saude\/"},"author":{"name":"Thiago Maurique","@id":"https:\/\/folhapopular.info\/#\/schema\/person\/da0b2794f793376cb5dd908e88ca6911"},"headline":"Vibee Unimed celebra 5 anos de protagonismo na inova\u00e7\u00e3o em sa\u00fade","datePublished":"2025-07-19T18:00:00+00:00","mainEntityOfPage":{"@id":"https:\/\/folhapopular.info\/index.php\/2025\/07\/19\/vibee-unimed-celebra-5-anos-de-protagonismo-na-inovacao-em-saude\/"},"wordCount":568,"commentCount":0,"image":{"@id":"https:\/\/folhapopular.info\/index.php\/2025\/07\/19\/vibee-unimed-celebra-5-anos-de-protagonismo-na-inovacao-em-saude\/#primaryimage"},"thumbnailUrl":"https:\/\/folhapopular.info\/wp-content\/uploads\/2025\/07\/Encontro-especial-de-aniversario-reuniu-parceiros-lideres-regionais-e-convidados-na-sede-do-Vibee_TM-scaled.jpeg","keywords":["Unimed","Vibee Unimed","VTRP"],"articleSection":["Destaques","Economia"],"inLanguage":"pt-BR","potentialAction":[{"@type":"CommentAction","name":"Comment","target":["https:\/\/folhapopular.info\/index.php\/2025\/07\/19\/vibee-unimed-celebra-5-anos-de-protagonismo-na-inovacao-em-saude\/#respond"]}]},{"@type":"WebPage","@id":"https:\/\/folhapopular.info\/index.php\/2025\/07\/19\/vibee-unimed-celebra-5-anos-de-protagonismo-na-inovacao-em-saude\/","url":"https:\/\/folhapopular.info\/index.php\/2025\/07\/19\/vibee-unimed-celebra-5-anos-de-protagonismo-na-inovacao-em-saude\/","name":"Vibee Unimed celebra 5 anos de protagonismo na inova\u00e7\u00e3o em sa\u00fade - Folha Popular","isPartOf":{"@id":"https:\/\/folhapopular.info\/#website"},"primaryImageOfPage":{"@id":"https:\/\/folhapopular.info\/index.php\/2025\/07\/19\/vibee-unimed-celebra-5-anos-de-protagonismo-na-inovacao-em-saude\/#primaryimage"},"image":{"@id":"https:\/\/folhapopular.info\/index.php\/2025\/07\/19\/vibee-unimed-celebra-5-anos-de-protagonismo-na-inovacao-em-saude\/#primaryimage"},"thumbnailUrl":"https:\/\/folhapopular.info\/wp-content\/uploads\/2025\/07\/Encontro-especial-de-aniversario-reuniu-parceiros-lideres-regionais-e-convidados-na-sede-do-Vibee_TM-scaled.jpeg","datePublished":"2025-07-19T18:00:00+00:00","author":{"@id":"https:\/\/folhapopular.info\/#\/schema\/person\/da0b2794f793376cb5dd908e88ca6911"},"breadcrumb":{"@id":"https:\/\/folhapopular.info\/index.php\/2025\/07\/19\/vibee-unimed-celebra-5-anos-de-protagonismo-na-inovacao-em-saude\/#breadcrumb"},"inLanguage":"pt-BR","potentialAction":[{"@type":"ReadAction","target":["https:\/\/folhapopular.info\/index.php\/2025\/07\/19\/vibee-unimed-celebra-5-anos-de-protagonismo-na-inovacao-em-saude\/"]}]},{"@type":"ImageObject","inLanguage":"pt-BR","@id":"https:\/\/folhapopular.info\/index.php\/2025\/07\/19\/vibee-unimed-celebra-5-anos-de-protagonismo-na-inovacao-em-saude\/#primaryimage","url":"https:\/\/folhapopular.info\/wp-content\/uploads\/2025\/07\/Encontro-especial-de-aniversario-reuniu-parceiros-lideres-regionais-e-convidados-na-sede-do-Vibee_TM-scaled.jpeg","contentUrl":"https:\/\/folhapopular.info\/wp-content\/uploads\/2025\/07\/Encontro-especial-de-aniversario-reuniu-parceiros-lideres-regionais-e-convidados-na-sede-do-Vibee_TM-scaled.jpeg","width":2560,"height":1920,"caption":"Encontro especial de anivers\u00e1rio reuniu parceiros, l\u00edderes regionais e convidados na sede do Vibee \/ Cr\u00e9dito: Thiago Maurique"},{"@type":"BreadcrumbList","@id":"https:\/\/folhapopular.info\/index.php\/2025\/07\/19\/vibee-unimed-celebra-5-anos-de-protagonismo-na-inovacao-em-saude\/#breadcrumb","itemListElement":[{"@type":"ListItem","position":1,"name":"In\u00edcio","item":"https:\/\/folhapopular.info\/"},{"@type":"ListItem","position":2,"name":"Vibee Unimed celebra 5 anos de protagonismo na inova\u00e7\u00e3o em sa\u00fade"}]},{"@type":"WebSite","@id":"https:\/\/folhapopular.info\/#website","url":"https:\/\/folhapopular.info\/","name":"Folha Popular","description":"Onde voc\u00ea tem vez e voz","potentialAction":[{"@type":"SearchAction","target":{"@type":"EntryPoint","urlTemplate":"https:\/\/folhapopular.info\/?s={search_term_string}"},"query-input":{"@type":"PropertyValueSpecification","valueRequired":true,"valueName":"search_term_string"}}],"inLanguage":"pt-BR"},{"@type":"Person","@id":"https:\/\/folhapopular.info\/#\/schema\/person\/da0b2794f793376cb5dd908e88ca6911","name":"Thiago Maurique","image":{"@type":"ImageObject","inLanguage":"pt-BR","@id":"https:\/\/folhapopular.info\/wp-content\/uploads\/2026\/04\/THIAGO-MAURIQUE-1-1.webp","url":"https:\/\/folhapopular.info\/wp-content\/uploads\/2026\/04\/THIAGO-MAURIQUE-1-1.webp","contentUrl":"https:\/\/folhapopular.info\/wp-content\/uploads\/2026\/04\/THIAGO-MAURIQUE-1-1.webp","caption":"Thiago Maurique"},"url":"https:\/\/folhapopular.info\/index.php\/author\/thiago-maurique\/"}]}},"jetpack_featured_media_url":"https:\/\/folhapopular.info\/wp-content\/uploads\/2025\/07\/Encontro-especial-de-aniversario-reuniu-parceiros-lideres-regionais-e-convidados-na-sede-do-Vibee_TM-scaled.jpeg","jetpack_sharing_enabled":true,"amp_enabled":true,"_links":{"self":[{"href":"https:\/\/folhapopular.info\/index.php\/wp-json\/wp\/v2\/posts\/190436","targetHints":{"allow":["GET"]}}],"collection":[{"href":"https:\/\/folhapopular.info\/index.php\/wp-json\/wp\/v2\/posts"}],"about":[{"href":"https:\/\/folhapopular.info\/index.php\/wp-json\/wp\/v2\/types\/post"}],"author":[{"embeddable":true,"href":"https:\/\/folhapopular.info\/index.php\/wp-json\/wp\/v2\/users\/771"}],"replies":[{"embeddable":true,"href":"https:\/\/folhapopular.info\/index.php\/wp-json\/wp\/v2\/comments?post=190436"}],"version-history":[{"count":0,"href":"https:\/\/folhapopular.info\/index.php\/wp-json\/wp\/v2\/posts\/190436\/revisions"}],"wp:featuredmedia":[{"embeddable":true,"href":"https:\/\/folhapopular.info\/index.php\/wp-json\/wp\/v2\/media\/190437"}],"wp:attachment":[{"href":"https:\/\/folhapopular.info\/index.php\/wp-json\/wp\/v2\/media?parent=190436"}],"wp:term":[{"taxonomy":"category","embeddable":true,"href":"https:\/\/folhapopular.info\/index.php\/wp-json\/wp\/v2\/categories?post=190436"},{"taxonomy":"post_tag","embeddable":true,"href":"https:\/\/folhapopular.info\/index.php\/wp-json\/wp\/v2\/tags?post=190436"}],"curies":[{"name":"wp","href":"https:\/\/api.w.org\/{rel}","templated":true}]}}