{"id":190524,"date":"2025-07-21T07:51:04","date_gmt":"2025-07-21T10:51:04","guid":{"rendered":"https:\/\/folhapopular.info\/?p=190524"},"modified":"2025-07-21T07:51:07","modified_gmt":"2025-07-21T10:51:07","slug":"estudantes-de-imigrante-sao-premiados-na-obmep-e-na-olimpiada-de-matematica-da-univates","status":"publish","type":"post","link":"https:\/\/folhapopular.info\/index.php\/2025\/07\/21\/estudantes-de-imigrante-sao-premiados-na-obmep-e-na-olimpiada-de-matematica-da-univates\/","title":{"rendered":"Estudantes de Imigrante s\u00e3o premiados na OBMEP e na Olimp\u00edada de Matem\u00e1tica da Univates"},"content":{"rendered":"\n<p>Alunos da Escola Municipal de Ensino Fundamental Arco-\u00cdris, de Imigrante, conquistaram medalhas e certificados em duas renomadas competi\u00e7\u00f5es acad\u00eamicas: a Olimp\u00edada Brasileira de Matem\u00e1tica das Escolas P\u00fablicas (OBMEP) e a Olimp\u00edada de Matem\u00e1tica da Univates (OMU).<\/p>\n\n\n\n<p>Roger Dorr e Rodolfo Werkhausen, que conclu\u00edram o 9\u00ba ano em 2024, foram destaque nas duas olimp\u00edadas, recebendo medalha de Bronze na OBMEP, medalha de Participa\u00e7\u00e3o na OMU (Univates) e medalha de Melhor Desempenho Escolar. Outros alunos tamb\u00e9m se destacaram: Gabriel Pereira (8\u00ba ano) e Alice Raqueli Scheer Mattuella (7\u00ba ano) receberam Men\u00e7\u00e3o Honrosa na OBMEP.<\/p>\n\n\n\n<p>A professora Simone Noll, respons\u00e1vel pela disciplina de matem\u00e1tica, acompanhou de perto o desempenho dos alunos e celebrou os resultados. \u201c\u00c9 muito gratificante ver nossos alunos crescendo, se dedicando e alcan\u00e7ando esse tipo de reconhecimento. Eles mostraram muita disciplina e talento. Essas medalhas representam o esfor\u00e7o e o comprometimento de cada um deles\u201d, afirma.<\/p>\n","protected":false},"excerpt":{"rendered":"<p>Alunos da Escola Municipal de Ensino Fundamental Arco-\u00cdris, de Imigrante, conquistaram medalhas e certificados em duas renomadas competi\u00e7\u00f5es acad\u00eamicas: a Olimp\u00edada Brasileira de Matem\u00e1tica das Escolas P\u00fablicas (OBMEP) e a Olimp\u00edada de Matem\u00e1tica da Univates (OMU). Roger Dorr e Rodolfo Werkhausen, que conclu\u00edram o 9\u00ba ano em 2024, foram destaque nas duas olimp\u00edadas, recebendo medalha [&hellip;]<\/p>\n","protected":false},"author":8,"featured_media":190526,"comment_status":"open","ping_status":"open","sticky":false,"template":"","format":"standard","meta":{"pmpro_default_level":"","_jetpack_memberships_contains_paid_content":false,"footnotes":""},"categories":[2,10988,3],"tags":[34,1615,403,13595],"class_list":{"0":"post-190524","1":"post","2":"type-post","3":"status-publish","4":"format-standard","5":"has-post-thumbnail","7":"category-featured","8":"category-educacao","9":"category-geral","10":"tag-imigrante","11":"tag-matematica","12":"tag-obmep","13":"tag-olimpiada-de-matematica-da-univates","14":"pmpro-has-access"},"yoast_head":"<!-- This site is optimized with the Yoast SEO plugin v27.5 - https:\/\/yoast.com\/product\/yoast-seo-wordpress\/ -->\n<title>Estudantes de Imigrante s\u00e3o premiados na OBMEP e na Olimp\u00edada de Matem\u00e1tica da Univates - Folha Popular<\/title>\n<meta name=\"robots\" content=\"index, follow, max-snippet:-1, max-image-preview:large, max-video-preview:-1\" \/>\n<link rel=\"canonical\" href=\"https:\/\/folhapopular.info\/index.php\/2025\/07\/21\/estudantes-de-imigrante-sao-premiados-na-obmep-e-na-olimpiada-de-matematica-da-univates\/\" \/>\n<meta property=\"og:locale\" content=\"pt_BR\" \/>\n<meta property=\"og:type\" content=\"article\" \/>\n<meta property=\"og:title\" content=\"Estudantes de Imigrante s\u00e3o premiados na OBMEP e na Olimp\u00edada de Matem\u00e1tica da Univates - Folha Popular\" \/>\n<meta property=\"og:description\" content=\"Alunos da Escola Municipal de Ensino Fundamental Arco-\u00cdris, de Imigrante, conquistaram medalhas e certificados em duas renomadas competi\u00e7\u00f5es acad\u00eamicas: a Olimp\u00edada Brasileira de Matem\u00e1tica das Escolas P\u00fablicas (OBMEP) e a Olimp\u00edada de Matem\u00e1tica da Univates (OMU). Roger Dorr e Rodolfo Werkhausen, que conclu\u00edram o 9\u00ba ano em 2024, foram destaque nas duas olimp\u00edadas, recebendo medalha [&hellip;]\" \/>\n<meta property=\"og:url\" content=\"https:\/\/folhapopular.info\/index.php\/2025\/07\/21\/estudantes-de-imigrante-sao-premiados-na-obmep-e-na-olimpiada-de-matematica-da-univates\/\" \/>\n<meta property=\"og:site_name\" content=\"Folha Popular\" \/>\n<meta property=\"article:published_time\" content=\"2025-07-21T10:51:04+00:00\" \/>\n<meta property=\"article:modified_time\" content=\"2025-07-21T10:51:07+00:00\" \/>\n<meta property=\"og:image\" content=\"http:\/\/folhapopular.info\/wp-content\/uploads\/2025\/07\/WhatsApp-Image-2025-07-18-at-10.43.06-1.jpeg\" \/>\n\t<meta property=\"og:image:width\" content=\"1280\" \/>\n\t<meta property=\"og:image:height\" content=\"960\" \/>\n\t<meta property=\"og:image:type\" content=\"image\/jpeg\" \/>\n<meta name=\"author\" content=\"Reda\u00e7\u00e3o Folha Popular\" \/>\n<meta name=\"twitter:card\" content=\"summary_large_image\" \/>\n<meta name=\"twitter:label1\" content=\"Escrito por\" \/>\n\t<meta name=\"twitter:data1\" content=\"Reda\u00e7\u00e3o Folha Popular\" \/>\n\t<meta name=\"twitter:label2\" content=\"Est. tempo de leitura\" \/>\n\t<meta name=\"twitter:data2\" content=\"2 minutos\" \/>\n<script type=\"application\/ld+json\" class=\"yoast-schema-graph\">{\"@context\":\"https:\\\/\\\/schema.org\",\"@graph\":[{\"@type\":\"Article\",\"@id\":\"https:\\\/\\\/folhapopular.info\\\/index.php\\\/2025\\\/07\\\/21\\\/estudantes-de-imigrante-sao-premiados-na-obmep-e-na-olimpiada-de-matematica-da-univates\\\/#article\",\"isPartOf\":{\"@id\":\"https:\\\/\\\/folhapopular.info\\\/index.php\\\/2025\\\/07\\\/21\\\/estudantes-de-imigrante-sao-premiados-na-obmep-e-na-olimpiada-de-matematica-da-univates\\\/\"},\"author\":{\"name\":\"Reda\u00e7\u00e3o Folha Popular\",\"@id\":\"https:\\\/\\\/folhapopular.info\\\/#\\\/schema\\\/person\\\/2814e8a0df7643585a9ca38bc6eb9d4b\"},\"headline\":\"Estudantes de Imigrante s\u00e3o premiados na OBMEP e na Olimp\u00edada de Matem\u00e1tica da Univates\",\"datePublished\":\"2025-07-21T10:51:04+00:00\",\"dateModified\":\"2025-07-21T10:51:07+00:00\",\"mainEntityOfPage\":{\"@id\":\"https:\\\/\\\/folhapopular.info\\\/index.php\\\/2025\\\/07\\\/21\\\/estudantes-de-imigrante-sao-premiados-na-obmep-e-na-olimpiada-de-matematica-da-univates\\\/\"},\"wordCount\":175,\"commentCount\":0,\"image\":{\"@id\":\"https:\\\/\\\/folhapopular.info\\\/index.php\\\/2025\\\/07\\\/21\\\/estudantes-de-imigrante-sao-premiados-na-obmep-e-na-olimpiada-de-matematica-da-univates\\\/#primaryimage\"},\"thumbnailUrl\":\"https:\\\/\\\/folhapopular.info\\\/wp-content\\\/uploads\\\/2025\\\/07\\\/WhatsApp-Image-2025-07-18-at-10.43.06-1.jpeg\",\"keywords\":[\"Imigrante\",\"Matem\u00e1tica\",\"OBMEP\",\"Olimp\u00edada de Matem\u00e1tica da Univates\"],\"articleSection\":[\"Destaques\",\"Educa\u00e7\u00e3o\",\"Geral\"],\"inLanguage\":\"pt-BR\",\"potentialAction\":[{\"@type\":\"CommentAction\",\"name\":\"Comment\",\"target\":[\"https:\\\/\\\/folhapopular.info\\\/index.php\\\/2025\\\/07\\\/21\\\/estudantes-de-imigrante-sao-premiados-na-obmep-e-na-olimpiada-de-matematica-da-univates\\\/#respond\"]}]},{\"@type\":\"WebPage\",\"@id\":\"https:\\\/\\\/folhapopular.info\\\/index.php\\\/2025\\\/07\\\/21\\\/estudantes-de-imigrante-sao-premiados-na-obmep-e-na-olimpiada-de-matematica-da-univates\\\/\",\"url\":\"https:\\\/\\\/folhapopular.info\\\/index.php\\\/2025\\\/07\\\/21\\\/estudantes-de-imigrante-sao-premiados-na-obmep-e-na-olimpiada-de-matematica-da-univates\\\/\",\"name\":\"Estudantes de Imigrante s\u00e3o premiados na OBMEP e na Olimp\u00edada de Matem\u00e1tica da Univates - Folha Popular\",\"isPartOf\":{\"@id\":\"https:\\\/\\\/folhapopular.info\\\/#website\"},\"primaryImageOfPage\":{\"@id\":\"https:\\\/\\\/folhapopular.info\\\/index.php\\\/2025\\\/07\\\/21\\\/estudantes-de-imigrante-sao-premiados-na-obmep-e-na-olimpiada-de-matematica-da-univates\\\/#primaryimage\"},\"image\":{\"@id\":\"https:\\\/\\\/folhapopular.info\\\/index.php\\\/2025\\\/07\\\/21\\\/estudantes-de-imigrante-sao-premiados-na-obmep-e-na-olimpiada-de-matematica-da-univates\\\/#primaryimage\"},\"thumbnailUrl\":\"https:\\\/\\\/folhapopular.info\\\/wp-content\\\/uploads\\\/2025\\\/07\\\/WhatsApp-Image-2025-07-18-at-10.43.06-1.jpeg\",\"datePublished\":\"2025-07-21T10:51:04+00:00\",\"dateModified\":\"2025-07-21T10:51:07+00:00\",\"author\":{\"@id\":\"https:\\\/\\\/folhapopular.info\\\/#\\\/schema\\\/person\\\/2814e8a0df7643585a9ca38bc6eb9d4b\"},\"breadcrumb\":{\"@id\":\"https:\\\/\\\/folhapopular.info\\\/index.php\\\/2025\\\/07\\\/21\\\/estudantes-de-imigrante-sao-premiados-na-obmep-e-na-olimpiada-de-matematica-da-univates\\\/#breadcrumb\"},\"inLanguage\":\"pt-BR\",\"potentialAction\":[{\"@type\":\"ReadAction\",\"target\":[\"https:\\\/\\\/folhapopular.info\\\/index.php\\\/2025\\\/07\\\/21\\\/estudantes-de-imigrante-sao-premiados-na-obmep-e-na-olimpiada-de-matematica-da-univates\\\/\"]}]},{\"@type\":\"ImageObject\",\"inLanguage\":\"pt-BR\",\"@id\":\"https:\\\/\\\/folhapopular.info\\\/index.php\\\/2025\\\/07\\\/21\\\/estudantes-de-imigrante-sao-premiados-na-obmep-e-na-olimpiada-de-matematica-da-univates\\\/#primaryimage\",\"url\":\"https:\\\/\\\/folhapopular.info\\\/wp-content\\\/uploads\\\/2025\\\/07\\\/WhatsApp-Image-2025-07-18-at-10.43.06-1.jpeg\",\"contentUrl\":\"https:\\\/\\\/folhapopular.info\\\/wp-content\\\/uploads\\\/2025\\\/07\\\/WhatsApp-Image-2025-07-18-at-10.43.06-1.jpeg\",\"width\":1280,\"height\":960,\"caption\":\"Roger Dorr e Rodolfo Werkhausen \\\/ Cr\u00e9dito: Prefeitura de Imigrante - Divulga\u00e7\u00e3o\"},{\"@type\":\"BreadcrumbList\",\"@id\":\"https:\\\/\\\/folhapopular.info\\\/index.php\\\/2025\\\/07\\\/21\\\/estudantes-de-imigrante-sao-premiados-na-obmep-e-na-olimpiada-de-matematica-da-univates\\\/#breadcrumb\",\"itemListElement\":[{\"@type\":\"ListItem\",\"position\":1,\"name\":\"In\u00edcio\",\"item\":\"https:\\\/\\\/folhapopular.info\\\/\"},{\"@type\":\"ListItem\",\"position\":2,\"name\":\"Estudantes de Imigrante s\u00e3o premiados na OBMEP e na Olimp\u00edada de Matem\u00e1tica da Univates\"}]},{\"@type\":\"WebSite\",\"@id\":\"https:\\\/\\\/folhapopular.info\\\/#website\",\"url\":\"https:\\\/\\\/folhapopular.info\\\/\",\"name\":\"Folha Popular\",\"description\":\"Onde voc\u00ea tem vez e voz\",\"potentialAction\":[{\"@type\":\"SearchAction\",\"target\":{\"@type\":\"EntryPoint\",\"urlTemplate\":\"https:\\\/\\\/folhapopular.info\\\/?s={search_term_string}\"},\"query-input\":{\"@type\":\"PropertyValueSpecification\",\"valueRequired\":true,\"valueName\":\"search_term_string\"}}],\"inLanguage\":\"pt-BR\"},{\"@type\":\"Person\",\"@id\":\"https:\\\/\\\/folhapopular.info\\\/#\\\/schema\\\/person\\\/2814e8a0df7643585a9ca38bc6eb9d4b\",\"name\":\"Reda\u00e7\u00e3o Folha Popular\",\"image\":{\"@type\":\"ImageObject\",\"inLanguage\":\"pt-BR\",\"@id\":\"https:\\\/\\\/folhapopular.info\\\/wp-content\\\/uploads\\\/2026\\\/04\\\/Folha-1.webp\",\"url\":\"https:\\\/\\\/folhapopular.info\\\/wp-content\\\/uploads\\\/2026\\\/04\\\/Folha-1.webp\",\"contentUrl\":\"https:\\\/\\\/folhapopular.info\\\/wp-content\\\/uploads\\\/2026\\\/04\\\/Folha-1.webp\",\"caption\":\"Reda\u00e7\u00e3o Folha Popular\"},\"url\":\"https:\\\/\\\/folhapopular.info\\\/index.php\\\/author\\\/redacao\\\/\"}]}<\/script>\n<!-- \/ Yoast SEO plugin. -->","yoast_head_json":{"title":"Estudantes de Imigrante s\u00e3o premiados na OBMEP e na Olimp\u00edada de Matem\u00e1tica da Univates - Folha Popular","robots":{"index":"index","follow":"follow","max-snippet":"max-snippet:-1","max-image-preview":"max-image-preview:large","max-video-preview":"max-video-preview:-1"},"canonical":"https:\/\/folhapopular.info\/index.php\/2025\/07\/21\/estudantes-de-imigrante-sao-premiados-na-obmep-e-na-olimpiada-de-matematica-da-univates\/","og_locale":"pt_BR","og_type":"article","og_title":"Estudantes de Imigrante s\u00e3o premiados na OBMEP e na Olimp\u00edada de Matem\u00e1tica da Univates - Folha Popular","og_description":"Alunos da Escola Municipal de Ensino Fundamental Arco-\u00cdris, de Imigrante, conquistaram medalhas e certificados em duas renomadas competi\u00e7\u00f5es acad\u00eamicas: a Olimp\u00edada Brasileira de Matem\u00e1tica das Escolas P\u00fablicas (OBMEP) e a Olimp\u00edada de Matem\u00e1tica da Univates (OMU). Roger Dorr e Rodolfo Werkhausen, que conclu\u00edram o 9\u00ba ano em 2024, foram destaque nas duas olimp\u00edadas, recebendo medalha [&hellip;]","og_url":"https:\/\/folhapopular.info\/index.php\/2025\/07\/21\/estudantes-de-imigrante-sao-premiados-na-obmep-e-na-olimpiada-de-matematica-da-univates\/","og_site_name":"Folha Popular","article_published_time":"2025-07-21T10:51:04+00:00","article_modified_time":"2025-07-21T10:51:07+00:00","og_image":[{"width":1280,"height":960,"url":"http:\/\/folhapopular.info\/wp-content\/uploads\/2025\/07\/WhatsApp-Image-2025-07-18-at-10.43.06-1.jpeg","type":"image\/jpeg"}],"author":"Reda\u00e7\u00e3o Folha Popular","twitter_card":"summary_large_image","twitter_misc":{"Escrito por":"Reda\u00e7\u00e3o Folha Popular","Est. tempo de leitura":"2 minutos"},"schema":{"@context":"https:\/\/schema.org","@graph":[{"@type":"Article","@id":"https:\/\/folhapopular.info\/index.php\/2025\/07\/21\/estudantes-de-imigrante-sao-premiados-na-obmep-e-na-olimpiada-de-matematica-da-univates\/#article","isPartOf":{"@id":"https:\/\/folhapopular.info\/index.php\/2025\/07\/21\/estudantes-de-imigrante-sao-premiados-na-obmep-e-na-olimpiada-de-matematica-da-univates\/"},"author":{"name":"Reda\u00e7\u00e3o Folha Popular","@id":"https:\/\/folhapopular.info\/#\/schema\/person\/2814e8a0df7643585a9ca38bc6eb9d4b"},"headline":"Estudantes de Imigrante s\u00e3o premiados na OBMEP e na Olimp\u00edada de Matem\u00e1tica da Univates","datePublished":"2025-07-21T10:51:04+00:00","dateModified":"2025-07-21T10:51:07+00:00","mainEntityOfPage":{"@id":"https:\/\/folhapopular.info\/index.php\/2025\/07\/21\/estudantes-de-imigrante-sao-premiados-na-obmep-e-na-olimpiada-de-matematica-da-univates\/"},"wordCount":175,"commentCount":0,"image":{"@id":"https:\/\/folhapopular.info\/index.php\/2025\/07\/21\/estudantes-de-imigrante-sao-premiados-na-obmep-e-na-olimpiada-de-matematica-da-univates\/#primaryimage"},"thumbnailUrl":"https:\/\/folhapopular.info\/wp-content\/uploads\/2025\/07\/WhatsApp-Image-2025-07-18-at-10.43.06-1.jpeg","keywords":["Imigrante","Matem\u00e1tica","OBMEP","Olimp\u00edada de Matem\u00e1tica da Univates"],"articleSection":["Destaques","Educa\u00e7\u00e3o","Geral"],"inLanguage":"pt-BR","potentialAction":[{"@type":"CommentAction","name":"Comment","target":["https:\/\/folhapopular.info\/index.php\/2025\/07\/21\/estudantes-de-imigrante-sao-premiados-na-obmep-e-na-olimpiada-de-matematica-da-univates\/#respond"]}]},{"@type":"WebPage","@id":"https:\/\/folhapopular.info\/index.php\/2025\/07\/21\/estudantes-de-imigrante-sao-premiados-na-obmep-e-na-olimpiada-de-matematica-da-univates\/","url":"https:\/\/folhapopular.info\/index.php\/2025\/07\/21\/estudantes-de-imigrante-sao-premiados-na-obmep-e-na-olimpiada-de-matematica-da-univates\/","name":"Estudantes de Imigrante s\u00e3o premiados na OBMEP e na Olimp\u00edada de Matem\u00e1tica da Univates - Folha Popular","isPartOf":{"@id":"https:\/\/folhapopular.info\/#website"},"primaryImageOfPage":{"@id":"https:\/\/folhapopular.info\/index.php\/2025\/07\/21\/estudantes-de-imigrante-sao-premiados-na-obmep-e-na-olimpiada-de-matematica-da-univates\/#primaryimage"},"image":{"@id":"https:\/\/folhapopular.info\/index.php\/2025\/07\/21\/estudantes-de-imigrante-sao-premiados-na-obmep-e-na-olimpiada-de-matematica-da-univates\/#primaryimage"},"thumbnailUrl":"https:\/\/folhapopular.info\/wp-content\/uploads\/2025\/07\/WhatsApp-Image-2025-07-18-at-10.43.06-1.jpeg","datePublished":"2025-07-21T10:51:04+00:00","dateModified":"2025-07-21T10:51:07+00:00","author":{"@id":"https:\/\/folhapopular.info\/#\/schema\/person\/2814e8a0df7643585a9ca38bc6eb9d4b"},"breadcrumb":{"@id":"https:\/\/folhapopular.info\/index.php\/2025\/07\/21\/estudantes-de-imigrante-sao-premiados-na-obmep-e-na-olimpiada-de-matematica-da-univates\/#breadcrumb"},"inLanguage":"pt-BR","potentialAction":[{"@type":"ReadAction","target":["https:\/\/folhapopular.info\/index.php\/2025\/07\/21\/estudantes-de-imigrante-sao-premiados-na-obmep-e-na-olimpiada-de-matematica-da-univates\/"]}]},{"@type":"ImageObject","inLanguage":"pt-BR","@id":"https:\/\/folhapopular.info\/index.php\/2025\/07\/21\/estudantes-de-imigrante-sao-premiados-na-obmep-e-na-olimpiada-de-matematica-da-univates\/#primaryimage","url":"https:\/\/folhapopular.info\/wp-content\/uploads\/2025\/07\/WhatsApp-Image-2025-07-18-at-10.43.06-1.jpeg","contentUrl":"https:\/\/folhapopular.info\/wp-content\/uploads\/2025\/07\/WhatsApp-Image-2025-07-18-at-10.43.06-1.jpeg","width":1280,"height":960,"caption":"Roger Dorr e Rodolfo Werkhausen \/ Cr\u00e9dito: Prefeitura de Imigrante - Divulga\u00e7\u00e3o"},{"@type":"BreadcrumbList","@id":"https:\/\/folhapopular.info\/index.php\/2025\/07\/21\/estudantes-de-imigrante-sao-premiados-na-obmep-e-na-olimpiada-de-matematica-da-univates\/#breadcrumb","itemListElement":[{"@type":"ListItem","position":1,"name":"In\u00edcio","item":"https:\/\/folhapopular.info\/"},{"@type":"ListItem","position":2,"name":"Estudantes de Imigrante s\u00e3o premiados na OBMEP e na Olimp\u00edada de Matem\u00e1tica da Univates"}]},{"@type":"WebSite","@id":"https:\/\/folhapopular.info\/#website","url":"https:\/\/folhapopular.info\/","name":"Folha Popular","description":"Onde voc\u00ea tem vez e voz","potentialAction":[{"@type":"SearchAction","target":{"@type":"EntryPoint","urlTemplate":"https:\/\/folhapopular.info\/?s={search_term_string}"},"query-input":{"@type":"PropertyValueSpecification","valueRequired":true,"valueName":"search_term_string"}}],"inLanguage":"pt-BR"},{"@type":"Person","@id":"https:\/\/folhapopular.info\/#\/schema\/person\/2814e8a0df7643585a9ca38bc6eb9d4b","name":"Reda\u00e7\u00e3o Folha Popular","image":{"@type":"ImageObject","inLanguage":"pt-BR","@id":"https:\/\/folhapopular.info\/wp-content\/uploads\/2026\/04\/Folha-1.webp","url":"https:\/\/folhapopular.info\/wp-content\/uploads\/2026\/04\/Folha-1.webp","contentUrl":"https:\/\/folhapopular.info\/wp-content\/uploads\/2026\/04\/Folha-1.webp","caption":"Reda\u00e7\u00e3o Folha Popular"},"url":"https:\/\/folhapopular.info\/index.php\/author\/redacao\/"}]}},"jetpack_featured_media_url":"https:\/\/folhapopular.info\/wp-content\/uploads\/2025\/07\/WhatsApp-Image-2025-07-18-at-10.43.06-1.jpeg","jetpack_sharing_enabled":true,"amp_enabled":true,"_links":{"self":[{"href":"https:\/\/folhapopular.info\/index.php\/wp-json\/wp\/v2\/posts\/190524","targetHints":{"allow":["GET"]}}],"collection":[{"href":"https:\/\/folhapopular.info\/index.php\/wp-json\/wp\/v2\/posts"}],"about":[{"href":"https:\/\/folhapopular.info\/index.php\/wp-json\/wp\/v2\/types\/post"}],"author":[{"embeddable":true,"href":"https:\/\/folhapopular.info\/index.php\/wp-json\/wp\/v2\/users\/8"}],"replies":[{"embeddable":true,"href":"https:\/\/folhapopular.info\/index.php\/wp-json\/wp\/v2\/comments?post=190524"}],"version-history":[{"count":0,"href":"https:\/\/folhapopular.info\/index.php\/wp-json\/wp\/v2\/posts\/190524\/revisions"}],"wp:featuredmedia":[{"embeddable":true,"href":"https:\/\/folhapopular.info\/index.php\/wp-json\/wp\/v2\/media\/190526"}],"wp:attachment":[{"href":"https:\/\/folhapopular.info\/index.php\/wp-json\/wp\/v2\/media?parent=190524"}],"wp:term":[{"taxonomy":"category","embeddable":true,"href":"https:\/\/folhapopular.info\/index.php\/wp-json\/wp\/v2\/categories?post=190524"},{"taxonomy":"post_tag","embeddable":true,"href":"https:\/\/folhapopular.info\/index.php\/wp-json\/wp\/v2\/tags?post=190524"}],"curies":[{"name":"wp","href":"https:\/\/api.w.org\/{rel}","templated":true}]}}