{"id":190566,"date":"2025-07-21T21:27:48","date_gmt":"2025-07-22T00:27:48","guid":{"rendered":"https:\/\/folhapopular.info\/?p=190566"},"modified":"2025-07-22T09:15:43","modified_gmt":"2025-07-22T12:15:43","slug":"homem-morre-e-dois-sao-presos-apos-perseguicao-e-confronto-com-a-policia-em-santa-clara-do-sul","status":"publish","type":"post","link":"https:\/\/folhapopular.info\/index.php\/2025\/07\/21\/homem-morre-e-dois-sao-presos-apos-perseguicao-e-confronto-com-a-policia-em-santa-clara-do-sul\/","title":{"rendered":"Homem morre e dois s\u00e3o presos ap\u00f3s persegui\u00e7\u00e3o e confronto com a pol\u00edcia em Santa Clara do Sul"},"content":{"rendered":"\n<p>Na tarde desta segunda-feira (21\/7), uma a\u00e7\u00e3o coordenada entre a Brigada Militar, por meio da equipe da For\u00e7a T\u00e1tica do 22\u00ba Batalh\u00e3o de Pol\u00edcia Militar (BPM), e a Pol\u00edcia Civil de Lajeado resultou na pris\u00e3o de dois indiv\u00edduos e na apreens\u00e3o de um vasto material utilizado em crimes recentes. Um terceiro suspeito, que chegou a ser socorrido, morreu no hospital.<\/p>\n\n\n\n<p>A opera\u00e7\u00e3o ocorreu ap\u00f3s patrulhamento t\u00e1tico identificar um ve\u00edculo suspeito, que desobedeceu \u00e0 ordem de parada e iniciou fuga. O carro colidiu em uma estrada da zona rural de Santa Clara do Sul, e os ocupantes tentaram escapar a p\u00e9, efetuando disparos contra a guarni\u00e7\u00e3o. Os policiais revidaram \u00e0 agress\u00e3o.<\/p>\n\n\n\n<p>Com os criminosos, foram apreendidas tr\u00eas armas de fogo \u2014 pistolas calibres 9mm e .45, al\u00e9m de um rev\u00f3lver calibre .32 \u2014, carregadores, muni\u00e7\u00f5es, r\u00e1dios comunicadores, bloqueadores de sinal, lacres pl\u00e1sticos, roupas e mochilas semelhantes \u00e0s utilizadas em roubos na regi\u00e3o e um r\u00e1dio operando na frequ\u00eancia da Brigada Militar.<\/p>\n\n\n\n<p>Todos os envolvidos possuem antecedentes criminais. As investiga\u00e7\u00f5es continuam para apurar a participa\u00e7\u00e3o do grupo em outros crimes. O material recolhido foi encaminhado para an\u00e1lise.<\/p>\n\n\n\n<figure class=\"wp-block-image size-large\"><img loading=\"lazy\" decoding=\"async\" width=\"768\" height=\"1024\" src=\"https:\/\/folhapopular.info\/wp-content\/uploads\/2025\/07\/989a385e-fa0e-447f-b39d-84bbbdba50a0-768x1024.jpeg\" alt=\"\" class=\"wp-image-190582\" srcset=\"https:\/\/folhapopular.info\/wp-content\/uploads\/2025\/07\/989a385e-fa0e-447f-b39d-84bbbdba50a0-768x1024.jpeg 768w, https:\/\/folhapopular.info\/wp-content\/uploads\/2025\/07\/989a385e-fa0e-447f-b39d-84bbbdba50a0-225x300.jpeg 225w, https:\/\/folhapopular.info\/wp-content\/uploads\/2025\/07\/989a385e-fa0e-447f-b39d-84bbbdba50a0-1152x1536.jpeg 1152w, https:\/\/folhapopular.info\/wp-content\/uploads\/2025\/07\/989a385e-fa0e-447f-b39d-84bbbdba50a0-1536x2048.jpeg 1536w, https:\/\/folhapopular.info\/wp-content\/uploads\/2025\/07\/989a385e-fa0e-447f-b39d-84bbbdba50a0-315x420.jpeg 315w, https:\/\/folhapopular.info\/wp-content\/uploads\/2025\/07\/989a385e-fa0e-447f-b39d-84bbbdba50a0-696x928.jpeg 696w, https:\/\/folhapopular.info\/wp-content\/uploads\/2025\/07\/989a385e-fa0e-447f-b39d-84bbbdba50a0-1068x1424.jpeg 1068w, https:\/\/folhapopular.info\/wp-content\/uploads\/2025\/07\/989a385e-fa0e-447f-b39d-84bbbdba50a0-scaled.jpeg 1920w\" sizes=\"auto, (max-width: 768px) 100vw, 768px\" \/><\/figure>\n","protected":false},"excerpt":{"rendered":"<p>Na tarde desta segunda-feira (21\/7), uma a\u00e7\u00e3o coordenada entre a Brigada Militar, por meio da equipe da For\u00e7a T\u00e1tica do 22\u00ba Batalh\u00e3o de Pol\u00edcia Militar (BPM), e a Pol\u00edcia Civil de Lajeado resultou na pris\u00e3o de dois indiv\u00edduos e na apreens\u00e3o de um vasto material utilizado em crimes recentes. Um terceiro suspeito, que chegou a [&hellip;]<\/p>\n","protected":false},"author":8,"featured_media":190567,"comment_status":"open","ping_status":"open","sticky":false,"template":"","format":"standard","meta":{"pmpro_default_level":"","_jetpack_memberships_contains_paid_content":false,"footnotes":""},"categories":[10982,7],"tags":[3434,629,1534,107,1917],"class_list":{"0":"post-190566","1":"post","2":"type-post","3":"status-publish","4":"format-standard","5":"has-post-thumbnail","7":"category-policia","8":"category-seguranca","9":"tag-confronto-armado","10":"tag-morte","11":"tag-perseguicao","12":"tag-prisao","13":"tag-troca-de-tiros","14":"pmpro-has-access"},"yoast_head":"<!-- This site is optimized with the Yoast SEO plugin v27.5 - https:\/\/yoast.com\/product\/yoast-seo-wordpress\/ -->\n<title>Homem morre e dois s\u00e3o presos ap\u00f3s persegui\u00e7\u00e3o e confronto com a pol\u00edcia em Santa Clara do Sul - Folha Popular<\/title>\n<meta name=\"robots\" content=\"index, follow, max-snippet:-1, max-image-preview:large, max-video-preview:-1\" \/>\n<link rel=\"canonical\" href=\"https:\/\/folhapopular.info\/index.php\/2025\/07\/21\/homem-morre-e-dois-sao-presos-apos-perseguicao-e-confronto-com-a-policia-em-santa-clara-do-sul\/\" \/>\n<meta property=\"og:locale\" content=\"pt_BR\" \/>\n<meta property=\"og:type\" content=\"article\" \/>\n<meta property=\"og:title\" content=\"Homem morre e dois s\u00e3o presos ap\u00f3s persegui\u00e7\u00e3o e confronto com a pol\u00edcia em Santa Clara do Sul - Folha Popular\" \/>\n<meta property=\"og:description\" content=\"Na tarde desta segunda-feira (21\/7), uma a\u00e7\u00e3o coordenada entre a Brigada Militar, por meio da equipe da For\u00e7a T\u00e1tica do 22\u00ba Batalh\u00e3o de Pol\u00edcia Militar (BPM), e a Pol\u00edcia Civil de Lajeado resultou na pris\u00e3o de dois indiv\u00edduos e na apreens\u00e3o de um vasto material utilizado em crimes recentes. Um terceiro suspeito, que chegou a [&hellip;]\" \/>\n<meta property=\"og:url\" content=\"https:\/\/folhapopular.info\/index.php\/2025\/07\/21\/homem-morre-e-dois-sao-presos-apos-perseguicao-e-confronto-com-a-policia-em-santa-clara-do-sul\/\" \/>\n<meta property=\"og:site_name\" content=\"Folha Popular\" \/>\n<meta property=\"article:published_time\" content=\"2025-07-22T00:27:48+00:00\" \/>\n<meta property=\"article:modified_time\" content=\"2025-07-22T12:15:43+00:00\" \/>\n<meta property=\"og:image\" content=\"http:\/\/folhapopular.info\/wp-content\/uploads\/2025\/07\/perseguiccedilatildeo-e-troca-de-tiros-satildeo-registrados-em-via-rural-de-santa-clara-do-sul-1753134187.jpeg\" \/>\n\t<meta property=\"og:image:width\" content=\"955\" \/>\n\t<meta property=\"og:image:height\" content=\"857\" \/>\n\t<meta property=\"og:image:type\" content=\"image\/jpeg\" \/>\n<meta name=\"author\" content=\"Reda\u00e7\u00e3o Folha Popular\" \/>\n<meta name=\"twitter:card\" content=\"summary_large_image\" \/>\n<meta name=\"twitter:label1\" content=\"Escrito por\" \/>\n\t<meta name=\"twitter:data1\" content=\"Reda\u00e7\u00e3o Folha Popular\" \/>\n\t<meta name=\"twitter:label2\" content=\"Est. tempo de leitura\" \/>\n\t<meta name=\"twitter:data2\" content=\"2 minutos\" \/>\n<script type=\"application\/ld+json\" class=\"yoast-schema-graph\">{\"@context\":\"https:\\\/\\\/schema.org\",\"@graph\":[{\"@type\":\"Article\",\"@id\":\"https:\\\/\\\/folhapopular.info\\\/index.php\\\/2025\\\/07\\\/21\\\/homem-morre-e-dois-sao-presos-apos-perseguicao-e-confronto-com-a-policia-em-santa-clara-do-sul\\\/#article\",\"isPartOf\":{\"@id\":\"https:\\\/\\\/folhapopular.info\\\/index.php\\\/2025\\\/07\\\/21\\\/homem-morre-e-dois-sao-presos-apos-perseguicao-e-confronto-com-a-policia-em-santa-clara-do-sul\\\/\"},\"author\":{\"name\":\"Reda\u00e7\u00e3o Folha Popular\",\"@id\":\"https:\\\/\\\/folhapopular.info\\\/#\\\/schema\\\/person\\\/2814e8a0df7643585a9ca38bc6eb9d4b\"},\"headline\":\"Homem morre e dois s\u00e3o presos ap\u00f3s persegui\u00e7\u00e3o e confronto com a pol\u00edcia em Santa Clara do Sul\",\"datePublished\":\"2025-07-22T00:27:48+00:00\",\"dateModified\":\"2025-07-22T12:15:43+00:00\",\"mainEntityOfPage\":{\"@id\":\"https:\\\/\\\/folhapopular.info\\\/index.php\\\/2025\\\/07\\\/21\\\/homem-morre-e-dois-sao-presos-apos-perseguicao-e-confronto-com-a-policia-em-santa-clara-do-sul\\\/\"},\"wordCount\":226,\"commentCount\":0,\"image\":{\"@id\":\"https:\\\/\\\/folhapopular.info\\\/index.php\\\/2025\\\/07\\\/21\\\/homem-morre-e-dois-sao-presos-apos-perseguicao-e-confronto-com-a-policia-em-santa-clara-do-sul\\\/#primaryimage\"},\"thumbnailUrl\":\"https:\\\/\\\/folhapopular.info\\\/wp-content\\\/uploads\\\/2025\\\/07\\\/perseguiccedilatildeo-e-troca-de-tiros-satildeo-registrados-em-via-rural-de-santa-clara-do-sul-1753134187.jpeg\",\"keywords\":[\"Confronto armado\",\"morte\",\"persegui\u00e7\u00e3o\",\"Pris\u00e3o\",\"troca de tiros\"],\"articleSection\":[\"Pol\u00edcia\",\"Seguran\u00e7a\"],\"inLanguage\":\"pt-BR\",\"potentialAction\":[{\"@type\":\"CommentAction\",\"name\":\"Comment\",\"target\":[\"https:\\\/\\\/folhapopular.info\\\/index.php\\\/2025\\\/07\\\/21\\\/homem-morre-e-dois-sao-presos-apos-perseguicao-e-confronto-com-a-policia-em-santa-clara-do-sul\\\/#respond\"]}]},{\"@type\":\"WebPage\",\"@id\":\"https:\\\/\\\/folhapopular.info\\\/index.php\\\/2025\\\/07\\\/21\\\/homem-morre-e-dois-sao-presos-apos-perseguicao-e-confronto-com-a-policia-em-santa-clara-do-sul\\\/\",\"url\":\"https:\\\/\\\/folhapopular.info\\\/index.php\\\/2025\\\/07\\\/21\\\/homem-morre-e-dois-sao-presos-apos-perseguicao-e-confronto-com-a-policia-em-santa-clara-do-sul\\\/\",\"name\":\"Homem morre e dois s\u00e3o presos ap\u00f3s persegui\u00e7\u00e3o e confronto com a pol\u00edcia em Santa Clara do Sul - Folha Popular\",\"isPartOf\":{\"@id\":\"https:\\\/\\\/folhapopular.info\\\/#website\"},\"primaryImageOfPage\":{\"@id\":\"https:\\\/\\\/folhapopular.info\\\/index.php\\\/2025\\\/07\\\/21\\\/homem-morre-e-dois-sao-presos-apos-perseguicao-e-confronto-com-a-policia-em-santa-clara-do-sul\\\/#primaryimage\"},\"image\":{\"@id\":\"https:\\\/\\\/folhapopular.info\\\/index.php\\\/2025\\\/07\\\/21\\\/homem-morre-e-dois-sao-presos-apos-perseguicao-e-confronto-com-a-policia-em-santa-clara-do-sul\\\/#primaryimage\"},\"thumbnailUrl\":\"https:\\\/\\\/folhapopular.info\\\/wp-content\\\/uploads\\\/2025\\\/07\\\/perseguiccedilatildeo-e-troca-de-tiros-satildeo-registrados-em-via-rural-de-santa-clara-do-sul-1753134187.jpeg\",\"datePublished\":\"2025-07-22T00:27:48+00:00\",\"dateModified\":\"2025-07-22T12:15:43+00:00\",\"author\":{\"@id\":\"https:\\\/\\\/folhapopular.info\\\/#\\\/schema\\\/person\\\/2814e8a0df7643585a9ca38bc6eb9d4b\"},\"breadcrumb\":{\"@id\":\"https:\\\/\\\/folhapopular.info\\\/index.php\\\/2025\\\/07\\\/21\\\/homem-morre-e-dois-sao-presos-apos-perseguicao-e-confronto-com-a-policia-em-santa-clara-do-sul\\\/#breadcrumb\"},\"inLanguage\":\"pt-BR\",\"potentialAction\":[{\"@type\":\"ReadAction\",\"target\":[\"https:\\\/\\\/folhapopular.info\\\/index.php\\\/2025\\\/07\\\/21\\\/homem-morre-e-dois-sao-presos-apos-perseguicao-e-confronto-com-a-policia-em-santa-clara-do-sul\\\/\"]}]},{\"@type\":\"ImageObject\",\"inLanguage\":\"pt-BR\",\"@id\":\"https:\\\/\\\/folhapopular.info\\\/index.php\\\/2025\\\/07\\\/21\\\/homem-morre-e-dois-sao-presos-apos-perseguicao-e-confronto-com-a-policia-em-santa-clara-do-sul\\\/#primaryimage\",\"url\":\"https:\\\/\\\/folhapopular.info\\\/wp-content\\\/uploads\\\/2025\\\/07\\\/perseguiccedilatildeo-e-troca-de-tiros-satildeo-registrados-em-via-rural-de-santa-clara-do-sul-1753134187.jpeg\",\"contentUrl\":\"https:\\\/\\\/folhapopular.info\\\/wp-content\\\/uploads\\\/2025\\\/07\\\/perseguiccedilatildeo-e-troca-de-tiros-satildeo-registrados-em-via-rural-de-santa-clara-do-sul-1753134187.jpeg\",\"width\":955,\"height\":857},{\"@type\":\"BreadcrumbList\",\"@id\":\"https:\\\/\\\/folhapopular.info\\\/index.php\\\/2025\\\/07\\\/21\\\/homem-morre-e-dois-sao-presos-apos-perseguicao-e-confronto-com-a-policia-em-santa-clara-do-sul\\\/#breadcrumb\",\"itemListElement\":[{\"@type\":\"ListItem\",\"position\":1,\"name\":\"In\u00edcio\",\"item\":\"https:\\\/\\\/folhapopular.info\\\/\"},{\"@type\":\"ListItem\",\"position\":2,\"name\":\"Homem morre e dois s\u00e3o presos ap\u00f3s persegui\u00e7\u00e3o e confronto com a pol\u00edcia em Santa Clara do Sul\"}]},{\"@type\":\"WebSite\",\"@id\":\"https:\\\/\\\/folhapopular.info\\\/#website\",\"url\":\"https:\\\/\\\/folhapopular.info\\\/\",\"name\":\"Folha Popular\",\"description\":\"Onde voc\u00ea tem vez e voz\",\"potentialAction\":[{\"@type\":\"SearchAction\",\"target\":{\"@type\":\"EntryPoint\",\"urlTemplate\":\"https:\\\/\\\/folhapopular.info\\\/?s={search_term_string}\"},\"query-input\":{\"@type\":\"PropertyValueSpecification\",\"valueRequired\":true,\"valueName\":\"search_term_string\"}}],\"inLanguage\":\"pt-BR\"},{\"@type\":\"Person\",\"@id\":\"https:\\\/\\\/folhapopular.info\\\/#\\\/schema\\\/person\\\/2814e8a0df7643585a9ca38bc6eb9d4b\",\"name\":\"Reda\u00e7\u00e3o Folha Popular\",\"image\":{\"@type\":\"ImageObject\",\"inLanguage\":\"pt-BR\",\"@id\":\"https:\\\/\\\/folhapopular.info\\\/wp-content\\\/uploads\\\/2026\\\/04\\\/Folha-1.webp\",\"url\":\"https:\\\/\\\/folhapopular.info\\\/wp-content\\\/uploads\\\/2026\\\/04\\\/Folha-1.webp\",\"contentUrl\":\"https:\\\/\\\/folhapopular.info\\\/wp-content\\\/uploads\\\/2026\\\/04\\\/Folha-1.webp\",\"caption\":\"Reda\u00e7\u00e3o Folha Popular\"},\"url\":\"https:\\\/\\\/folhapopular.info\\\/index.php\\\/author\\\/redacao\\\/\"}]}<\/script>\n<!-- \/ Yoast SEO plugin. -->","yoast_head_json":{"title":"Homem morre e dois s\u00e3o presos ap\u00f3s persegui\u00e7\u00e3o e confronto com a pol\u00edcia em Santa Clara do Sul - Folha Popular","robots":{"index":"index","follow":"follow","max-snippet":"max-snippet:-1","max-image-preview":"max-image-preview:large","max-video-preview":"max-video-preview:-1"},"canonical":"https:\/\/folhapopular.info\/index.php\/2025\/07\/21\/homem-morre-e-dois-sao-presos-apos-perseguicao-e-confronto-com-a-policia-em-santa-clara-do-sul\/","og_locale":"pt_BR","og_type":"article","og_title":"Homem morre e dois s\u00e3o presos ap\u00f3s persegui\u00e7\u00e3o e confronto com a pol\u00edcia em Santa Clara do Sul - Folha Popular","og_description":"Na tarde desta segunda-feira (21\/7), uma a\u00e7\u00e3o coordenada entre a Brigada Militar, por meio da equipe da For\u00e7a T\u00e1tica do 22\u00ba Batalh\u00e3o de Pol\u00edcia Militar (BPM), e a Pol\u00edcia Civil de Lajeado resultou na pris\u00e3o de dois indiv\u00edduos e na apreens\u00e3o de um vasto material utilizado em crimes recentes. Um terceiro suspeito, que chegou a [&hellip;]","og_url":"https:\/\/folhapopular.info\/index.php\/2025\/07\/21\/homem-morre-e-dois-sao-presos-apos-perseguicao-e-confronto-com-a-policia-em-santa-clara-do-sul\/","og_site_name":"Folha Popular","article_published_time":"2025-07-22T00:27:48+00:00","article_modified_time":"2025-07-22T12:15:43+00:00","og_image":[{"width":955,"height":857,"url":"http:\/\/folhapopular.info\/wp-content\/uploads\/2025\/07\/perseguiccedilatildeo-e-troca-de-tiros-satildeo-registrados-em-via-rural-de-santa-clara-do-sul-1753134187.jpeg","type":"image\/jpeg"}],"author":"Reda\u00e7\u00e3o Folha Popular","twitter_card":"summary_large_image","twitter_misc":{"Escrito por":"Reda\u00e7\u00e3o Folha Popular","Est. tempo de leitura":"2 minutos"},"schema":{"@context":"https:\/\/schema.org","@graph":[{"@type":"Article","@id":"https:\/\/folhapopular.info\/index.php\/2025\/07\/21\/homem-morre-e-dois-sao-presos-apos-perseguicao-e-confronto-com-a-policia-em-santa-clara-do-sul\/#article","isPartOf":{"@id":"https:\/\/folhapopular.info\/index.php\/2025\/07\/21\/homem-morre-e-dois-sao-presos-apos-perseguicao-e-confronto-com-a-policia-em-santa-clara-do-sul\/"},"author":{"name":"Reda\u00e7\u00e3o Folha Popular","@id":"https:\/\/folhapopular.info\/#\/schema\/person\/2814e8a0df7643585a9ca38bc6eb9d4b"},"headline":"Homem morre e dois s\u00e3o presos ap\u00f3s persegui\u00e7\u00e3o e confronto com a pol\u00edcia em Santa Clara do Sul","datePublished":"2025-07-22T00:27:48+00:00","dateModified":"2025-07-22T12:15:43+00:00","mainEntityOfPage":{"@id":"https:\/\/folhapopular.info\/index.php\/2025\/07\/21\/homem-morre-e-dois-sao-presos-apos-perseguicao-e-confronto-com-a-policia-em-santa-clara-do-sul\/"},"wordCount":226,"commentCount":0,"image":{"@id":"https:\/\/folhapopular.info\/index.php\/2025\/07\/21\/homem-morre-e-dois-sao-presos-apos-perseguicao-e-confronto-com-a-policia-em-santa-clara-do-sul\/#primaryimage"},"thumbnailUrl":"https:\/\/folhapopular.info\/wp-content\/uploads\/2025\/07\/perseguiccedilatildeo-e-troca-de-tiros-satildeo-registrados-em-via-rural-de-santa-clara-do-sul-1753134187.jpeg","keywords":["Confronto armado","morte","persegui\u00e7\u00e3o","Pris\u00e3o","troca de tiros"],"articleSection":["Pol\u00edcia","Seguran\u00e7a"],"inLanguage":"pt-BR","potentialAction":[{"@type":"CommentAction","name":"Comment","target":["https:\/\/folhapopular.info\/index.php\/2025\/07\/21\/homem-morre-e-dois-sao-presos-apos-perseguicao-e-confronto-com-a-policia-em-santa-clara-do-sul\/#respond"]}]},{"@type":"WebPage","@id":"https:\/\/folhapopular.info\/index.php\/2025\/07\/21\/homem-morre-e-dois-sao-presos-apos-perseguicao-e-confronto-com-a-policia-em-santa-clara-do-sul\/","url":"https:\/\/folhapopular.info\/index.php\/2025\/07\/21\/homem-morre-e-dois-sao-presos-apos-perseguicao-e-confronto-com-a-policia-em-santa-clara-do-sul\/","name":"Homem morre e dois s\u00e3o presos ap\u00f3s persegui\u00e7\u00e3o e confronto com a pol\u00edcia em Santa Clara do Sul - Folha Popular","isPartOf":{"@id":"https:\/\/folhapopular.info\/#website"},"primaryImageOfPage":{"@id":"https:\/\/folhapopular.info\/index.php\/2025\/07\/21\/homem-morre-e-dois-sao-presos-apos-perseguicao-e-confronto-com-a-policia-em-santa-clara-do-sul\/#primaryimage"},"image":{"@id":"https:\/\/folhapopular.info\/index.php\/2025\/07\/21\/homem-morre-e-dois-sao-presos-apos-perseguicao-e-confronto-com-a-policia-em-santa-clara-do-sul\/#primaryimage"},"thumbnailUrl":"https:\/\/folhapopular.info\/wp-content\/uploads\/2025\/07\/perseguiccedilatildeo-e-troca-de-tiros-satildeo-registrados-em-via-rural-de-santa-clara-do-sul-1753134187.jpeg","datePublished":"2025-07-22T00:27:48+00:00","dateModified":"2025-07-22T12:15:43+00:00","author":{"@id":"https:\/\/folhapopular.info\/#\/schema\/person\/2814e8a0df7643585a9ca38bc6eb9d4b"},"breadcrumb":{"@id":"https:\/\/folhapopular.info\/index.php\/2025\/07\/21\/homem-morre-e-dois-sao-presos-apos-perseguicao-e-confronto-com-a-policia-em-santa-clara-do-sul\/#breadcrumb"},"inLanguage":"pt-BR","potentialAction":[{"@type":"ReadAction","target":["https:\/\/folhapopular.info\/index.php\/2025\/07\/21\/homem-morre-e-dois-sao-presos-apos-perseguicao-e-confronto-com-a-policia-em-santa-clara-do-sul\/"]}]},{"@type":"ImageObject","inLanguage":"pt-BR","@id":"https:\/\/folhapopular.info\/index.php\/2025\/07\/21\/homem-morre-e-dois-sao-presos-apos-perseguicao-e-confronto-com-a-policia-em-santa-clara-do-sul\/#primaryimage","url":"https:\/\/folhapopular.info\/wp-content\/uploads\/2025\/07\/perseguiccedilatildeo-e-troca-de-tiros-satildeo-registrados-em-via-rural-de-santa-clara-do-sul-1753134187.jpeg","contentUrl":"https:\/\/folhapopular.info\/wp-content\/uploads\/2025\/07\/perseguiccedilatildeo-e-troca-de-tiros-satildeo-registrados-em-via-rural-de-santa-clara-do-sul-1753134187.jpeg","width":955,"height":857},{"@type":"BreadcrumbList","@id":"https:\/\/folhapopular.info\/index.php\/2025\/07\/21\/homem-morre-e-dois-sao-presos-apos-perseguicao-e-confronto-com-a-policia-em-santa-clara-do-sul\/#breadcrumb","itemListElement":[{"@type":"ListItem","position":1,"name":"In\u00edcio","item":"https:\/\/folhapopular.info\/"},{"@type":"ListItem","position":2,"name":"Homem morre e dois s\u00e3o presos ap\u00f3s persegui\u00e7\u00e3o e confronto com a pol\u00edcia em Santa Clara do Sul"}]},{"@type":"WebSite","@id":"https:\/\/folhapopular.info\/#website","url":"https:\/\/folhapopular.info\/","name":"Folha Popular","description":"Onde voc\u00ea tem vez e voz","potentialAction":[{"@type":"SearchAction","target":{"@type":"EntryPoint","urlTemplate":"https:\/\/folhapopular.info\/?s={search_term_string}"},"query-input":{"@type":"PropertyValueSpecification","valueRequired":true,"valueName":"search_term_string"}}],"inLanguage":"pt-BR"},{"@type":"Person","@id":"https:\/\/folhapopular.info\/#\/schema\/person\/2814e8a0df7643585a9ca38bc6eb9d4b","name":"Reda\u00e7\u00e3o Folha Popular","image":{"@type":"ImageObject","inLanguage":"pt-BR","@id":"https:\/\/folhapopular.info\/wp-content\/uploads\/2026\/04\/Folha-1.webp","url":"https:\/\/folhapopular.info\/wp-content\/uploads\/2026\/04\/Folha-1.webp","contentUrl":"https:\/\/folhapopular.info\/wp-content\/uploads\/2026\/04\/Folha-1.webp","caption":"Reda\u00e7\u00e3o Folha Popular"},"url":"https:\/\/folhapopular.info\/index.php\/author\/redacao\/"}]}},"jetpack_featured_media_url":"https:\/\/folhapopular.info\/wp-content\/uploads\/2025\/07\/perseguiccedilatildeo-e-troca-de-tiros-satildeo-registrados-em-via-rural-de-santa-clara-do-sul-1753134187.jpeg","jetpack_sharing_enabled":true,"amp_enabled":true,"_links":{"self":[{"href":"https:\/\/folhapopular.info\/index.php\/wp-json\/wp\/v2\/posts\/190566","targetHints":{"allow":["GET"]}}],"collection":[{"href":"https:\/\/folhapopular.info\/index.php\/wp-json\/wp\/v2\/posts"}],"about":[{"href":"https:\/\/folhapopular.info\/index.php\/wp-json\/wp\/v2\/types\/post"}],"author":[{"embeddable":true,"href":"https:\/\/folhapopular.info\/index.php\/wp-json\/wp\/v2\/users\/8"}],"replies":[{"embeddable":true,"href":"https:\/\/folhapopular.info\/index.php\/wp-json\/wp\/v2\/comments?post=190566"}],"version-history":[{"count":0,"href":"https:\/\/folhapopular.info\/index.php\/wp-json\/wp\/v2\/posts\/190566\/revisions"}],"wp:featuredmedia":[{"embeddable":true,"href":"https:\/\/folhapopular.info\/index.php\/wp-json\/wp\/v2\/media\/190567"}],"wp:attachment":[{"href":"https:\/\/folhapopular.info\/index.php\/wp-json\/wp\/v2\/media?parent=190566"}],"wp:term":[{"taxonomy":"category","embeddable":true,"href":"https:\/\/folhapopular.info\/index.php\/wp-json\/wp\/v2\/categories?post=190566"},{"taxonomy":"post_tag","embeddable":true,"href":"https:\/\/folhapopular.info\/index.php\/wp-json\/wp\/v2\/tags?post=190566"}],"curies":[{"name":"wp","href":"https:\/\/api.w.org\/{rel}","templated":true}]}}