{"id":190574,"date":"2025-07-22T09:00:00","date_gmt":"2025-07-22T12:00:00","guid":{"rendered":"https:\/\/folhapopular.info\/?p=190574"},"modified":"2025-07-22T08:16:18","modified_gmt":"2025-07-22T11:16:18","slug":"falta-de-mao-de-obra-atinge-80-das-empresas-da-regiao","status":"publish","type":"post","link":"https:\/\/folhapopular.info\/index.php\/2025\/07\/22\/falta-de-mao-de-obra-atinge-80-das-empresas-da-regiao\/","title":{"rendered":"Falta de m\u00e3o de obra atinge 80% das empresas da regi\u00e3o"},"content":{"rendered":"\n<p>Um levantamento realizado pela Associa\u00e7\u00e3o Comercial e Industrial de Lajeado (Acil) durante o m\u00eas de junho revelou que 80% das empresas regionais enfrentam dificuldades para preencher vagas de trabalho. A pesquisa, conduzida de forma virtual entre os dias 6 e 30 de junho, contou com a participa\u00e7\u00e3o de 77 empresas e buscou tra\u00e7ar um diagn\u00f3stico da escassez de profissionais na regi\u00e3o.<\/p>\n\n\n\n<p>Segundo os dados, a maior demanda est\u00e1 concentrada na ind\u00fastria, com vagas nas \u00e1reas de produ\u00e7\u00e3o, servi\u00e7os gerais e fun\u00e7\u00f5es t\u00e9cnicas. No setor do com\u00e9rcio, o destaque vai para as oportunidades ligadas ao atendimento ao cliente. A faixa salarial m\u00e9dia oferecida varia entre R$ 2 mil e R$ 3 mil.<\/p>\n\n\n\n<p>Diante do cen\u00e1rio preocupante, a Acil promoveu, no in\u00edcio de julho, um encontro com profissionais de Recursos Humanos e Desenvolvimento Humano de empresas da regi\u00e3o para apresentar os resultados da pesquisa e discutir estrat\u00e9gias conjuntas. A reuni\u00e3o tamb\u00e9m contou com a presen\u00e7a dos secret\u00e1rios municipais de Desenvolvimento Econ\u00f4mico, Inova\u00e7\u00e3o e Agricultura, Jairo Valandro, e de Desenvolvimento Social, Eliana Ahlert Heberle.<\/p>\n\n\n\n<p>Durante o encontro, os participantes apontaram os principais entraves enfrentados pelas empresas na hora da contrata\u00e7\u00e3o: falta de qualifica\u00e7\u00e3o profissional, alta rotatividade e desinteresse por v\u00ednculos formais de trabalho. O excesso de benef\u00edcios sociais tamb\u00e9m foi mencionado como um fator que pode contribuir para o afastamento de candidatos do mercado formal.<\/p>\n\n\n\n<p>A vice-presidente de Rela\u00e7\u00f5es com Associados da Acil, Adriana Nunes Machado, que conduziu a reuni\u00e3o, refor\u00e7ou a import\u00e2ncia do papel da entidade na media\u00e7\u00e3o entre empres\u00e1rios e poder p\u00fablico. \u201cCriamos um espa\u00e7o seguro para debater o tema e, a partir disso, seguimos com novas conversas e busca de refer\u00eancias em outros munic\u00edpios que j\u00e1 enfrentaram desafios semelhantes. Nossa miss\u00e3o \u00e9 conectar iniciativas existentes e colaborar com solu\u00e7\u00f5es que atendam \u00e0s demandas das empresas da regi\u00e3o\u201d, afirmou.<\/p>\n\n\n\n<p><\/p>\n","protected":false},"excerpt":{"rendered":"<p>Um levantamento realizado pela Associa\u00e7\u00e3o Comercial e Industrial de Lajeado (Acil) durante o m\u00eas de junho revelou que 80% das empresas regionais enfrentam dificuldades para preencher vagas de trabalho. A pesquisa, conduzida de forma virtual entre os dias 6 e 30 de junho, contou com a participa\u00e7\u00e3o de 77 empresas e buscou tra\u00e7ar um diagn\u00f3stico [&hellip;]<\/p>\n","protected":false},"author":8,"featured_media":169101,"comment_status":"open","ping_status":"open","sticky":false,"template":"","format":"standard","meta":{"pmpro_default_level":"","_jetpack_memberships_contains_paid_content":false,"footnotes":""},"categories":[2,10991],"tags":[214,12880,1595],"class_list":{"0":"post-190574","1":"post","2":"type-post","3":"status-publish","4":"format-standard","5":"has-post-thumbnail","7":"category-featured","8":"category-economia","9":"tag-acil","10":"tag-mao-de-obra","11":"tag-pesquisa","12":"pmpro-has-access"},"yoast_head":"<!-- This site is optimized with the Yoast SEO plugin v27.4 - https:\/\/yoast.com\/product\/yoast-seo-wordpress\/ -->\n<title>Falta de m\u00e3o de obra atinge 80% das empresas da regi\u00e3o - Folha Popular<\/title>\n<meta name=\"robots\" content=\"index, follow, max-snippet:-1, max-image-preview:large, max-video-preview:-1\" \/>\n<link rel=\"canonical\" href=\"https:\/\/folhapopular.info\/index.php\/2025\/07\/22\/falta-de-mao-de-obra-atinge-80-das-empresas-da-regiao\/\" \/>\n<meta property=\"og:locale\" content=\"pt_BR\" \/>\n<meta property=\"og:type\" content=\"article\" \/>\n<meta property=\"og:title\" content=\"Falta de m\u00e3o de obra atinge 80% das empresas da regi\u00e3o - Folha Popular\" \/>\n<meta property=\"og:description\" content=\"Um levantamento realizado pela Associa\u00e7\u00e3o Comercial e Industrial de Lajeado (Acil) durante o m\u00eas de junho revelou que 80% das empresas regionais enfrentam dificuldades para preencher vagas de trabalho. A pesquisa, conduzida de forma virtual entre os dias 6 e 30 de junho, contou com a participa\u00e7\u00e3o de 77 empresas e buscou tra\u00e7ar um diagn\u00f3stico [&hellip;]\" \/>\n<meta property=\"og:url\" content=\"https:\/\/folhapopular.info\/index.php\/2025\/07\/22\/falta-de-mao-de-obra-atinge-80-das-empresas-da-regiao\/\" \/>\n<meta property=\"og:site_name\" content=\"Folha Popular\" \/>\n<meta property=\"article:published_time\" content=\"2025-07-22T12:00:00+00:00\" \/>\n<meta property=\"og:image\" content=\"https:\/\/folhapopular.info\/wp-content\/uploads\/2024\/09\/WhatsApp-Image-2024-09-17-at-17.33.32-scaled.jpeg\" \/>\n\t<meta property=\"og:image:width\" content=\"2560\" \/>\n\t<meta property=\"og:image:height\" content=\"1920\" \/>\n\t<meta property=\"og:image:type\" content=\"image\/jpeg\" \/>\n<meta name=\"author\" content=\"Reda\u00e7\u00e3o Folha Popular\" \/>\n<meta name=\"twitter:card\" content=\"summary_large_image\" \/>\n<meta name=\"twitter:label1\" content=\"Escrito por\" \/>\n\t<meta name=\"twitter:data1\" content=\"Reda\u00e7\u00e3o Folha Popular\" \/>\n\t<meta name=\"twitter:label2\" content=\"Est. tempo de leitura\" \/>\n\t<meta name=\"twitter:data2\" content=\"2 minutos\" \/>\n<script type=\"application\/ld+json\" class=\"yoast-schema-graph\">{\"@context\":\"https:\\\/\\\/schema.org\",\"@graph\":[{\"@type\":\"Article\",\"@id\":\"https:\\\/\\\/folhapopular.info\\\/index.php\\\/2025\\\/07\\\/22\\\/falta-de-mao-de-obra-atinge-80-das-empresas-da-regiao\\\/#article\",\"isPartOf\":{\"@id\":\"https:\\\/\\\/folhapopular.info\\\/index.php\\\/2025\\\/07\\\/22\\\/falta-de-mao-de-obra-atinge-80-das-empresas-da-regiao\\\/\"},\"author\":{\"name\":\"Reda\u00e7\u00e3o Folha Popular\",\"@id\":\"https:\\\/\\\/folhapopular.info\\\/#\\\/schema\\\/person\\\/2814e8a0df7643585a9ca38bc6eb9d4b\"},\"headline\":\"Falta de m\u00e3o de obra atinge 80% das empresas da regi\u00e3o\",\"datePublished\":\"2025-07-22T12:00:00+00:00\",\"mainEntityOfPage\":{\"@id\":\"https:\\\/\\\/folhapopular.info\\\/index.php\\\/2025\\\/07\\\/22\\\/falta-de-mao-de-obra-atinge-80-das-empresas-da-regiao\\\/\"},\"wordCount\":344,\"commentCount\":0,\"image\":{\"@id\":\"https:\\\/\\\/folhapopular.info\\\/index.php\\\/2025\\\/07\\\/22\\\/falta-de-mao-de-obra-atinge-80-das-empresas-da-regiao\\\/#primaryimage\"},\"thumbnailUrl\":\"https:\\\/\\\/folhapopular.info\\\/wp-content\\\/uploads\\\/2024\\\/09\\\/WhatsApp-Image-2024-09-17-at-17.33.32-scaled.jpeg\",\"keywords\":[\"Acil\",\"m\u00e3o de obra\",\"Pesquisa\"],\"articleSection\":[\"Destaques\",\"Economia\"],\"inLanguage\":\"pt-BR\",\"potentialAction\":[{\"@type\":\"CommentAction\",\"name\":\"Comment\",\"target\":[\"https:\\\/\\\/folhapopular.info\\\/index.php\\\/2025\\\/07\\\/22\\\/falta-de-mao-de-obra-atinge-80-das-empresas-da-regiao\\\/#respond\"]}]},{\"@type\":\"WebPage\",\"@id\":\"https:\\\/\\\/folhapopular.info\\\/index.php\\\/2025\\\/07\\\/22\\\/falta-de-mao-de-obra-atinge-80-das-empresas-da-regiao\\\/\",\"url\":\"https:\\\/\\\/folhapopular.info\\\/index.php\\\/2025\\\/07\\\/22\\\/falta-de-mao-de-obra-atinge-80-das-empresas-da-regiao\\\/\",\"name\":\"Falta de m\u00e3o de obra atinge 80% das empresas da regi\u00e3o - Folha Popular\",\"isPartOf\":{\"@id\":\"https:\\\/\\\/folhapopular.info\\\/#website\"},\"primaryImageOfPage\":{\"@id\":\"https:\\\/\\\/folhapopular.info\\\/index.php\\\/2025\\\/07\\\/22\\\/falta-de-mao-de-obra-atinge-80-das-empresas-da-regiao\\\/#primaryimage\"},\"image\":{\"@id\":\"https:\\\/\\\/folhapopular.info\\\/index.php\\\/2025\\\/07\\\/22\\\/falta-de-mao-de-obra-atinge-80-das-empresas-da-regiao\\\/#primaryimage\"},\"thumbnailUrl\":\"https:\\\/\\\/folhapopular.info\\\/wp-content\\\/uploads\\\/2024\\\/09\\\/WhatsApp-Image-2024-09-17-at-17.33.32-scaled.jpeg\",\"datePublished\":\"2025-07-22T12:00:00+00:00\",\"author\":{\"@id\":\"https:\\\/\\\/folhapopular.info\\\/#\\\/schema\\\/person\\\/2814e8a0df7643585a9ca38bc6eb9d4b\"},\"breadcrumb\":{\"@id\":\"https:\\\/\\\/folhapopular.info\\\/index.php\\\/2025\\\/07\\\/22\\\/falta-de-mao-de-obra-atinge-80-das-empresas-da-regiao\\\/#breadcrumb\"},\"inLanguage\":\"pt-BR\",\"potentialAction\":[{\"@type\":\"ReadAction\",\"target\":[\"https:\\\/\\\/folhapopular.info\\\/index.php\\\/2025\\\/07\\\/22\\\/falta-de-mao-de-obra-atinge-80-das-empresas-da-regiao\\\/\"]}]},{\"@type\":\"ImageObject\",\"inLanguage\":\"pt-BR\",\"@id\":\"https:\\\/\\\/folhapopular.info\\\/index.php\\\/2025\\\/07\\\/22\\\/falta-de-mao-de-obra-atinge-80-das-empresas-da-regiao\\\/#primaryimage\",\"url\":\"https:\\\/\\\/folhapopular.info\\\/wp-content\\\/uploads\\\/2024\\\/09\\\/WhatsApp-Image-2024-09-17-at-17.33.32-scaled.jpeg\",\"contentUrl\":\"https:\\\/\\\/folhapopular.info\\\/wp-content\\\/uploads\\\/2024\\\/09\\\/WhatsApp-Image-2024-09-17-at-17.33.32-scaled.jpeg\",\"width\":2560,\"height\":1920,\"caption\":\"Apesar de tentar in\u00fameros tipos de abordagem, as empresas seguem com car\u00eancia de m\u00e3o de obra \\\/ Cr\u00e9dito: Luis Augusto Huppes\"},{\"@type\":\"BreadcrumbList\",\"@id\":\"https:\\\/\\\/folhapopular.info\\\/index.php\\\/2025\\\/07\\\/22\\\/falta-de-mao-de-obra-atinge-80-das-empresas-da-regiao\\\/#breadcrumb\",\"itemListElement\":[{\"@type\":\"ListItem\",\"position\":1,\"name\":\"In\u00edcio\",\"item\":\"https:\\\/\\\/folhapopular.info\\\/\"},{\"@type\":\"ListItem\",\"position\":2,\"name\":\"Falta de m\u00e3o de obra atinge 80% das empresas da regi\u00e3o\"}]},{\"@type\":\"WebSite\",\"@id\":\"https:\\\/\\\/folhapopular.info\\\/#website\",\"url\":\"https:\\\/\\\/folhapopular.info\\\/\",\"name\":\"Folha Popular\",\"description\":\"Onde voc\u00ea tem vez e voz\",\"potentialAction\":[{\"@type\":\"SearchAction\",\"target\":{\"@type\":\"EntryPoint\",\"urlTemplate\":\"https:\\\/\\\/folhapopular.info\\\/?s={search_term_string}\"},\"query-input\":{\"@type\":\"PropertyValueSpecification\",\"valueRequired\":true,\"valueName\":\"search_term_string\"}}],\"inLanguage\":\"pt-BR\"},{\"@type\":\"Person\",\"@id\":\"https:\\\/\\\/folhapopular.info\\\/#\\\/schema\\\/person\\\/2814e8a0df7643585a9ca38bc6eb9d4b\",\"name\":\"Reda\u00e7\u00e3o Folha Popular\",\"image\":{\"@type\":\"ImageObject\",\"inLanguage\":\"pt-BR\",\"@id\":\"https:\\\/\\\/folhapopular.info\\\/wp-content\\\/uploads\\\/2026\\\/04\\\/Folha-1.webp\",\"url\":\"https:\\\/\\\/folhapopular.info\\\/wp-content\\\/uploads\\\/2026\\\/04\\\/Folha-1.webp\",\"contentUrl\":\"https:\\\/\\\/folhapopular.info\\\/wp-content\\\/uploads\\\/2026\\\/04\\\/Folha-1.webp\",\"caption\":\"Reda\u00e7\u00e3o Folha Popular\"},\"url\":\"https:\\\/\\\/folhapopular.info\\\/index.php\\\/author\\\/redacao\\\/\"}]}<\/script>\n<!-- \/ Yoast SEO plugin. -->","yoast_head_json":{"title":"Falta de m\u00e3o de obra atinge 80% das empresas da regi\u00e3o - Folha Popular","robots":{"index":"index","follow":"follow","max-snippet":"max-snippet:-1","max-image-preview":"max-image-preview:large","max-video-preview":"max-video-preview:-1"},"canonical":"https:\/\/folhapopular.info\/index.php\/2025\/07\/22\/falta-de-mao-de-obra-atinge-80-das-empresas-da-regiao\/","og_locale":"pt_BR","og_type":"article","og_title":"Falta de m\u00e3o de obra atinge 80% das empresas da regi\u00e3o - Folha Popular","og_description":"Um levantamento realizado pela Associa\u00e7\u00e3o Comercial e Industrial de Lajeado (Acil) durante o m\u00eas de junho revelou que 80% das empresas regionais enfrentam dificuldades para preencher vagas de trabalho. A pesquisa, conduzida de forma virtual entre os dias 6 e 30 de junho, contou com a participa\u00e7\u00e3o de 77 empresas e buscou tra\u00e7ar um diagn\u00f3stico [&hellip;]","og_url":"https:\/\/folhapopular.info\/index.php\/2025\/07\/22\/falta-de-mao-de-obra-atinge-80-das-empresas-da-regiao\/","og_site_name":"Folha Popular","article_published_time":"2025-07-22T12:00:00+00:00","og_image":[{"width":2560,"height":1920,"url":"https:\/\/folhapopular.info\/wp-content\/uploads\/2024\/09\/WhatsApp-Image-2024-09-17-at-17.33.32-scaled.jpeg","type":"image\/jpeg"}],"author":"Reda\u00e7\u00e3o Folha Popular","twitter_card":"summary_large_image","twitter_misc":{"Escrito por":"Reda\u00e7\u00e3o Folha Popular","Est. tempo de leitura":"2 minutos"},"schema":{"@context":"https:\/\/schema.org","@graph":[{"@type":"Article","@id":"https:\/\/folhapopular.info\/index.php\/2025\/07\/22\/falta-de-mao-de-obra-atinge-80-das-empresas-da-regiao\/#article","isPartOf":{"@id":"https:\/\/folhapopular.info\/index.php\/2025\/07\/22\/falta-de-mao-de-obra-atinge-80-das-empresas-da-regiao\/"},"author":{"name":"Reda\u00e7\u00e3o Folha Popular","@id":"https:\/\/folhapopular.info\/#\/schema\/person\/2814e8a0df7643585a9ca38bc6eb9d4b"},"headline":"Falta de m\u00e3o de obra atinge 80% das empresas da regi\u00e3o","datePublished":"2025-07-22T12:00:00+00:00","mainEntityOfPage":{"@id":"https:\/\/folhapopular.info\/index.php\/2025\/07\/22\/falta-de-mao-de-obra-atinge-80-das-empresas-da-regiao\/"},"wordCount":344,"commentCount":0,"image":{"@id":"https:\/\/folhapopular.info\/index.php\/2025\/07\/22\/falta-de-mao-de-obra-atinge-80-das-empresas-da-regiao\/#primaryimage"},"thumbnailUrl":"https:\/\/folhapopular.info\/wp-content\/uploads\/2024\/09\/WhatsApp-Image-2024-09-17-at-17.33.32-scaled.jpeg","keywords":["Acil","m\u00e3o de obra","Pesquisa"],"articleSection":["Destaques","Economia"],"inLanguage":"pt-BR","potentialAction":[{"@type":"CommentAction","name":"Comment","target":["https:\/\/folhapopular.info\/index.php\/2025\/07\/22\/falta-de-mao-de-obra-atinge-80-das-empresas-da-regiao\/#respond"]}]},{"@type":"WebPage","@id":"https:\/\/folhapopular.info\/index.php\/2025\/07\/22\/falta-de-mao-de-obra-atinge-80-das-empresas-da-regiao\/","url":"https:\/\/folhapopular.info\/index.php\/2025\/07\/22\/falta-de-mao-de-obra-atinge-80-das-empresas-da-regiao\/","name":"Falta de m\u00e3o de obra atinge 80% das empresas da regi\u00e3o - Folha Popular","isPartOf":{"@id":"https:\/\/folhapopular.info\/#website"},"primaryImageOfPage":{"@id":"https:\/\/folhapopular.info\/index.php\/2025\/07\/22\/falta-de-mao-de-obra-atinge-80-das-empresas-da-regiao\/#primaryimage"},"image":{"@id":"https:\/\/folhapopular.info\/index.php\/2025\/07\/22\/falta-de-mao-de-obra-atinge-80-das-empresas-da-regiao\/#primaryimage"},"thumbnailUrl":"https:\/\/folhapopular.info\/wp-content\/uploads\/2024\/09\/WhatsApp-Image-2024-09-17-at-17.33.32-scaled.jpeg","datePublished":"2025-07-22T12:00:00+00:00","author":{"@id":"https:\/\/folhapopular.info\/#\/schema\/person\/2814e8a0df7643585a9ca38bc6eb9d4b"},"breadcrumb":{"@id":"https:\/\/folhapopular.info\/index.php\/2025\/07\/22\/falta-de-mao-de-obra-atinge-80-das-empresas-da-regiao\/#breadcrumb"},"inLanguage":"pt-BR","potentialAction":[{"@type":"ReadAction","target":["https:\/\/folhapopular.info\/index.php\/2025\/07\/22\/falta-de-mao-de-obra-atinge-80-das-empresas-da-regiao\/"]}]},{"@type":"ImageObject","inLanguage":"pt-BR","@id":"https:\/\/folhapopular.info\/index.php\/2025\/07\/22\/falta-de-mao-de-obra-atinge-80-das-empresas-da-regiao\/#primaryimage","url":"https:\/\/folhapopular.info\/wp-content\/uploads\/2024\/09\/WhatsApp-Image-2024-09-17-at-17.33.32-scaled.jpeg","contentUrl":"https:\/\/folhapopular.info\/wp-content\/uploads\/2024\/09\/WhatsApp-Image-2024-09-17-at-17.33.32-scaled.jpeg","width":2560,"height":1920,"caption":"Apesar de tentar in\u00fameros tipos de abordagem, as empresas seguem com car\u00eancia de m\u00e3o de obra \/ Cr\u00e9dito: Luis Augusto Huppes"},{"@type":"BreadcrumbList","@id":"https:\/\/folhapopular.info\/index.php\/2025\/07\/22\/falta-de-mao-de-obra-atinge-80-das-empresas-da-regiao\/#breadcrumb","itemListElement":[{"@type":"ListItem","position":1,"name":"In\u00edcio","item":"https:\/\/folhapopular.info\/"},{"@type":"ListItem","position":2,"name":"Falta de m\u00e3o de obra atinge 80% das empresas da regi\u00e3o"}]},{"@type":"WebSite","@id":"https:\/\/folhapopular.info\/#website","url":"https:\/\/folhapopular.info\/","name":"Folha Popular","description":"Onde voc\u00ea tem vez e voz","potentialAction":[{"@type":"SearchAction","target":{"@type":"EntryPoint","urlTemplate":"https:\/\/folhapopular.info\/?s={search_term_string}"},"query-input":{"@type":"PropertyValueSpecification","valueRequired":true,"valueName":"search_term_string"}}],"inLanguage":"pt-BR"},{"@type":"Person","@id":"https:\/\/folhapopular.info\/#\/schema\/person\/2814e8a0df7643585a9ca38bc6eb9d4b","name":"Reda\u00e7\u00e3o Folha Popular","image":{"@type":"ImageObject","inLanguage":"pt-BR","@id":"https:\/\/folhapopular.info\/wp-content\/uploads\/2026\/04\/Folha-1.webp","url":"https:\/\/folhapopular.info\/wp-content\/uploads\/2026\/04\/Folha-1.webp","contentUrl":"https:\/\/folhapopular.info\/wp-content\/uploads\/2026\/04\/Folha-1.webp","caption":"Reda\u00e7\u00e3o Folha Popular"},"url":"https:\/\/folhapopular.info\/index.php\/author\/redacao\/"}]}},"jetpack_featured_media_url":"https:\/\/folhapopular.info\/wp-content\/uploads\/2024\/09\/WhatsApp-Image-2024-09-17-at-17.33.32-scaled.jpeg","jetpack_sharing_enabled":true,"amp_enabled":true,"_links":{"self":[{"href":"https:\/\/folhapopular.info\/index.php\/wp-json\/wp\/v2\/posts\/190574","targetHints":{"allow":["GET"]}}],"collection":[{"href":"https:\/\/folhapopular.info\/index.php\/wp-json\/wp\/v2\/posts"}],"about":[{"href":"https:\/\/folhapopular.info\/index.php\/wp-json\/wp\/v2\/types\/post"}],"author":[{"embeddable":true,"href":"https:\/\/folhapopular.info\/index.php\/wp-json\/wp\/v2\/users\/8"}],"replies":[{"embeddable":true,"href":"https:\/\/folhapopular.info\/index.php\/wp-json\/wp\/v2\/comments?post=190574"}],"version-history":[{"count":0,"href":"https:\/\/folhapopular.info\/index.php\/wp-json\/wp\/v2\/posts\/190574\/revisions"}],"wp:featuredmedia":[{"embeddable":true,"href":"https:\/\/folhapopular.info\/index.php\/wp-json\/wp\/v2\/media\/169101"}],"wp:attachment":[{"href":"https:\/\/folhapopular.info\/index.php\/wp-json\/wp\/v2\/media?parent=190574"}],"wp:term":[{"taxonomy":"category","embeddable":true,"href":"https:\/\/folhapopular.info\/index.php\/wp-json\/wp\/v2\/categories?post=190574"},{"taxonomy":"post_tag","embeddable":true,"href":"https:\/\/folhapopular.info\/index.php\/wp-json\/wp\/v2\/tags?post=190574"}],"curies":[{"name":"wp","href":"https:\/\/api.w.org\/{rel}","templated":true}]}}