{"id":190673,"date":"2025-07-25T11:00:00","date_gmt":"2025-07-25T14:00:00","guid":{"rendered":"https:\/\/folhapopular.info\/?p=190673"},"modified":"2025-07-25T10:50:40","modified_gmt":"2025-07-25T13:50:40","slug":"curta-metragem-gamba-gravado-em-teutonia-e-selecionado-para-o-festival-de-cinema-de-gramado","status":"publish","type":"post","link":"https:\/\/folhapopular.info\/index.php\/2025\/07\/25\/curta-metragem-gamba-gravado-em-teutonia-e-selecionado-para-o-festival-de-cinema-de-gramado\/","title":{"rendered":"Curta-metragem &#8220;Gamb\u00e1&#8221;, gravado em Teut\u00f4nia, \u00e9 selecionado para o Festival de Cinema de Gramado"},"content":{"rendered":"\n<p>Um projeto nascido dentro da Escola Municipal de Ensino Fundamental 24 de Maio, de Teut\u00f4nia, foi selecionado para o 53\u00ba Festival de Cinema de Gramado. O curta-metragem \u201cGamb\u00e1\u201d, dirigido pelo cineasta Maciel Fischer, \u00e9 um dos 18 filmes escolhidos entre 222 inscritos.<\/p>\n\n\n\n<p>A produ\u00e7\u00e3o do filme foi viabilizada por meio da Lei Paulo Gustavo, com apoio da Prefeitura de Teut\u00f4nia. Mais de 200 crian\u00e7as participaram dos testes de elenco, com 103 efetivamente envolvidas no processo. Os protagonistas escolhidos foram os estudantes Vitor Hugo da Silva e Emanuelli Brand\u00e3o.<\/p>\n\n\n\n<p>As grava\u00e7\u00f5es aconteceram em diversos cen\u00e1rios do munic\u00edpio, como Linha Catarina, al\u00e9m da Figueira Centen\u00e1ria, em Ven\u00e2ncio Aires.<\/p>\n\n\n\n<figure class=\"wp-block-image size-large\"><img loading=\"lazy\" decoding=\"async\" width=\"1024\" height=\"768\" src=\"https:\/\/folhapopular.info\/wp-content\/uploads\/2025\/07\/WhatsApp-Image-2025-07-24-at-08.48.51-1024x768.jpeg\" alt=\"\" class=\"wp-image-190717\" srcset=\"https:\/\/folhapopular.info\/wp-content\/uploads\/2025\/07\/WhatsApp-Image-2025-07-24-at-08.48.51-1024x768.jpeg 1024w, https:\/\/folhapopular.info\/wp-content\/uploads\/2025\/07\/WhatsApp-Image-2025-07-24-at-08.48.51-300x225.jpeg 300w, https:\/\/folhapopular.info\/wp-content\/uploads\/2025\/07\/WhatsApp-Image-2025-07-24-at-08.48.51-768x576.jpeg 768w, https:\/\/folhapopular.info\/wp-content\/uploads\/2025\/07\/WhatsApp-Image-2025-07-24-at-08.48.51-1536x1152.jpeg 1536w, https:\/\/folhapopular.info\/wp-content\/uploads\/2025\/07\/WhatsApp-Image-2025-07-24-at-08.48.51-2048x1536.jpeg 2048w, https:\/\/folhapopular.info\/wp-content\/uploads\/2025\/07\/WhatsApp-Image-2025-07-24-at-08.48.51-560x420.jpeg 560w, https:\/\/folhapopular.info\/wp-content\/uploads\/2025\/07\/WhatsApp-Image-2025-07-24-at-08.48.51-80x60.jpeg 80w, https:\/\/folhapopular.info\/wp-content\/uploads\/2025\/07\/WhatsApp-Image-2025-07-24-at-08.48.51-696x522.jpeg 696w, https:\/\/folhapopular.info\/wp-content\/uploads\/2025\/07\/WhatsApp-Image-2025-07-24-at-08.48.51-1068x801.jpeg 1068w, https:\/\/folhapopular.info\/wp-content\/uploads\/2025\/07\/WhatsApp-Image-2025-07-24-at-08.48.51-1920x1440.jpeg 1920w\" sizes=\"auto, (max-width: 1024px) 100vw, 1024px\" \/><figcaption class=\"wp-element-caption\">Diretor Maciel Fischer participou do programa Espa\u00e7o Aberto desta quinta-feira (25\/7) \/ Cr\u00e9dito: Ariana Oliveira<\/figcaption><\/figure>\n\n\n\n<p>O t\u00edtulo <em>Gamb\u00e1<\/em> foi escolhido de forma provocativa, com o objetivo de ressignificar a imagem do animal, muitas vezes mal interpretado, mas extremamente ben\u00e9fico para o ecossistema.<\/p>\n\n\n\n<p>A primeira exibi\u00e7\u00e3o do curta ocorreu no Audit\u00f3rio do Col\u00e9gio Teut\u00f4nia na sexta-feira (18\/7). Segundo a programa\u00e7\u00e3o do Festival de Cinema, o curta &#8220;Gamb\u00e1&#8221; ser\u00e1 o oitavo a ser exibido no dia 16 de agosto, no Pal\u00e1cio dos Festivais. As sess\u00f5es come\u00e7am \u00e0s 13h.<\/p>\n\n\n\n<p>Em conjunto com a Secretaria de Educa\u00e7\u00e3o e Cultura, foi feito um esfor\u00e7o coletivo para viabilizar a presen\u00e7a das crian\u00e7as e suas fam\u00edlias no evento. Embora nem toda a equipe possa estar presente, as crian\u00e7as participar\u00e3o. &#8220;Acredito que ser\u00e1 uma experi\u00eancia transformadora&#8221;, diz Fischer.<\/p>\n\n\n\n<p><strong>O in\u00edcio do curta<\/strong><\/p>\n\n\n\n<p>Inicialmente, a proposta era apenas produzir um document\u00e1rio sobre a Escola 24 de Maio. No entanto, o entusiasmo dos alunos despertou um novo caminho: iniciou-se uma oficina na escola para as crian\u00e7as que tivessem interesse em cinema.<\/p>\n\n\n\n<p>Com a chegada da pandemia, as atividades precisaram ser interrompidas. Durante esse per\u00edodo de pausa, o diretor Maciel come\u00e7ou a esbo\u00e7ar uma nova hist\u00f3ria. &#8220;Eu pensei que se um dia eu fosse fazer um filme, eu iria primeiro dar oportunidade para as crian\u00e7as da 24 de Maio. E foi justamente isso que a gente fez&#8221;, explica.<\/p>\n\n\n\n<p>Ap\u00f3s a aprova\u00e7\u00e3o do projeto por meio da Lei Paulo Gustavo, o diretor Maciel entrou em contato com a Secretaria de Educa\u00e7\u00e3o e com a Escola 24 de Maio para dar in\u00edcio \u00e0 produ\u00e7\u00e3o do curta-metragem Gamb\u00e1.<\/p>\n\n\n\n<p><strong>Confira a entrevista completa na \u00edntegra:<br><\/strong><\/p>\n\n\n\n<figure class=\"wp-block-embed is-type-video is-provider-youtube wp-block-embed-youtube wp-embed-aspect-16-9 wp-has-aspect-ratio\"><div class=\"wp-block-embed__wrapper\">\n<div class=\"youtube-embed\" data-video_id=\"\"><iframe loading=\"lazy\" title=\"Curta &quot;Gamb\u00e1&quot;, protagonizado por alunos da Escola 24 de Maio, estreia no Festival de Gramado\" width=\"696\" height=\"392\" src=\"https:\/\/www.youtube.com\/embed\/X0Dq7gzkKmM?feature=oembed&#038;enablejsapi=1\" frameborder=\"0\" allow=\"accelerometer; autoplay; clipboard-write; encrypted-media; gyroscope; picture-in-picture; web-share\" referrerpolicy=\"strict-origin-when-cross-origin\" allowfullscreen><\/iframe><\/div>\n<\/div><\/figure>\n","protected":false},"excerpt":{"rendered":"<p>Um projeto nascido dentro da Escola Municipal de Ensino Fundamental 24 de Maio, de Teut\u00f4nia, foi selecionado para o 53\u00ba Festival de Cinema de Gramado. O curta-metragem \u201cGamb\u00e1\u201d, dirigido pelo cineasta Maciel Fischer, \u00e9 um dos 18 filmes escolhidos entre 222 inscritos. A produ\u00e7\u00e3o do filme foi viabilizada por meio da Lei Paulo Gustavo, com [&hellip;]<\/p>\n","protected":false},"author":8,"featured_media":190718,"comment_status":"open","ping_status":"open","sticky":false,"template":"","format":"standard","meta":{"pmpro_default_level":"","_jetpack_memberships_contains_paid_content":false,"footnotes":""},"categories":[10996,2,10999,6],"tags":[19044,19042,19043],"class_list":{"0":"post-190673","1":"post","2":"type-post","3":"status-publish","4":"format-standard","5":"has-post-thumbnail","7":"category-cultura","8":"category-featured","9":"category-entretenimento","10":"category-inclusive","11":"tag-festival-de-cinema-de-gramado","12":"tag-gamba","13":"tag-maciel-fischer","14":"pmpro-has-access"},"yoast_head":"<!-- This site is optimized with the Yoast SEO plugin v27.5 - https:\/\/yoast.com\/product\/yoast-seo-wordpress\/ -->\n<title>Curta-metragem &quot;Gamb\u00e1&quot;, gravado em Teut\u00f4nia, \u00e9 selecionado para o Festival de Cinema de Gramado - Folha Popular<\/title>\n<meta name=\"robots\" content=\"index, follow, max-snippet:-1, max-image-preview:large, max-video-preview:-1\" \/>\n<link rel=\"canonical\" href=\"https:\/\/folhapopular.info\/index.php\/2025\/07\/25\/curta-metragem-gamba-gravado-em-teutonia-e-selecionado-para-o-festival-de-cinema-de-gramado\/\" \/>\n<meta property=\"og:locale\" content=\"pt_BR\" \/>\n<meta property=\"og:type\" content=\"article\" \/>\n<meta property=\"og:title\" content=\"Curta-metragem &quot;Gamb\u00e1&quot;, gravado em Teut\u00f4nia, \u00e9 selecionado para o Festival de Cinema de Gramado - Folha Popular\" \/>\n<meta property=\"og:description\" content=\"Um projeto nascido dentro da Escola Municipal de Ensino Fundamental 24 de Maio, de Teut\u00f4nia, foi selecionado para o 53\u00ba Festival de Cinema de Gramado. O curta-metragem \u201cGamb\u00e1\u201d, dirigido pelo cineasta Maciel Fischer, \u00e9 um dos 18 filmes escolhidos entre 222 inscritos. A produ\u00e7\u00e3o do filme foi viabilizada por meio da Lei Paulo Gustavo, com [&hellip;]\" \/>\n<meta property=\"og:url\" content=\"https:\/\/folhapopular.info\/index.php\/2025\/07\/25\/curta-metragem-gamba-gravado-em-teutonia-e-selecionado-para-o-festival-de-cinema-de-gramado\/\" \/>\n<meta property=\"og:site_name\" content=\"Folha Popular\" \/>\n<meta property=\"article:published_time\" content=\"2025-07-25T14:00:00+00:00\" \/>\n<meta property=\"og:image\" content=\"https:\/\/folhapopular.info\/wp-content\/uploads\/2025\/07\/WhatsApp-Image-2025-07-25-at-10.22.07.jpeg\" \/>\n\t<meta property=\"og:image:width\" content=\"1080\" \/>\n\t<meta property=\"og:image:height\" content=\"602\" \/>\n\t<meta property=\"og:image:type\" content=\"image\/jpeg\" \/>\n<meta name=\"author\" content=\"Reda\u00e7\u00e3o Folha Popular\" \/>\n<meta name=\"twitter:card\" content=\"summary_large_image\" \/>\n<meta name=\"twitter:label1\" content=\"Escrito por\" \/>\n\t<meta name=\"twitter:data1\" content=\"Reda\u00e7\u00e3o Folha Popular\" \/>\n\t<meta name=\"twitter:label2\" content=\"Est. tempo de leitura\" \/>\n\t<meta name=\"twitter:data2\" content=\"3 minutos\" \/>\n<script type=\"application\/ld+json\" class=\"yoast-schema-graph\">{\"@context\":\"https:\\\/\\\/schema.org\",\"@graph\":[{\"@type\":\"Article\",\"@id\":\"https:\\\/\\\/folhapopular.info\\\/index.php\\\/2025\\\/07\\\/25\\\/curta-metragem-gamba-gravado-em-teutonia-e-selecionado-para-o-festival-de-cinema-de-gramado\\\/#article\",\"isPartOf\":{\"@id\":\"https:\\\/\\\/folhapopular.info\\\/index.php\\\/2025\\\/07\\\/25\\\/curta-metragem-gamba-gravado-em-teutonia-e-selecionado-para-o-festival-de-cinema-de-gramado\\\/\"},\"author\":{\"name\":\"Reda\u00e7\u00e3o Folha Popular\",\"@id\":\"https:\\\/\\\/folhapopular.info\\\/#\\\/schema\\\/person\\\/2814e8a0df7643585a9ca38bc6eb9d4b\"},\"headline\":\"Curta-metragem &#8220;Gamb\u00e1&#8221;, gravado em Teut\u00f4nia, \u00e9 selecionado para o Festival de Cinema de Gramado\",\"datePublished\":\"2025-07-25T14:00:00+00:00\",\"mainEntityOfPage\":{\"@id\":\"https:\\\/\\\/folhapopular.info\\\/index.php\\\/2025\\\/07\\\/25\\\/curta-metragem-gamba-gravado-em-teutonia-e-selecionado-para-o-festival-de-cinema-de-gramado\\\/\"},\"wordCount\":430,\"commentCount\":0,\"image\":{\"@id\":\"https:\\\/\\\/folhapopular.info\\\/index.php\\\/2025\\\/07\\\/25\\\/curta-metragem-gamba-gravado-em-teutonia-e-selecionado-para-o-festival-de-cinema-de-gramado\\\/#primaryimage\"},\"thumbnailUrl\":\"https:\\\/\\\/folhapopular.info\\\/wp-content\\\/uploads\\\/2025\\\/07\\\/WhatsApp-Image-2025-07-25-at-10.22.07.jpeg\",\"keywords\":[\"Festival de Cinema de Gramado\",\"Gamb\u00e1\",\"Maciel Fischer\"],\"articleSection\":[\"Cultura\",\"Destaques\",\"Entretenimento\",\"Inclusive\"],\"inLanguage\":\"pt-BR\",\"potentialAction\":[{\"@type\":\"CommentAction\",\"name\":\"Comment\",\"target\":[\"https:\\\/\\\/folhapopular.info\\\/index.php\\\/2025\\\/07\\\/25\\\/curta-metragem-gamba-gravado-em-teutonia-e-selecionado-para-o-festival-de-cinema-de-gramado\\\/#respond\"]}]},{\"@type\":\"WebPage\",\"@id\":\"https:\\\/\\\/folhapopular.info\\\/index.php\\\/2025\\\/07\\\/25\\\/curta-metragem-gamba-gravado-em-teutonia-e-selecionado-para-o-festival-de-cinema-de-gramado\\\/\",\"url\":\"https:\\\/\\\/folhapopular.info\\\/index.php\\\/2025\\\/07\\\/25\\\/curta-metragem-gamba-gravado-em-teutonia-e-selecionado-para-o-festival-de-cinema-de-gramado\\\/\",\"name\":\"Curta-metragem \\\"Gamb\u00e1\\\", gravado em Teut\u00f4nia, \u00e9 selecionado para o Festival de Cinema de Gramado - Folha Popular\",\"isPartOf\":{\"@id\":\"https:\\\/\\\/folhapopular.info\\\/#website\"},\"primaryImageOfPage\":{\"@id\":\"https:\\\/\\\/folhapopular.info\\\/index.php\\\/2025\\\/07\\\/25\\\/curta-metragem-gamba-gravado-em-teutonia-e-selecionado-para-o-festival-de-cinema-de-gramado\\\/#primaryimage\"},\"image\":{\"@id\":\"https:\\\/\\\/folhapopular.info\\\/index.php\\\/2025\\\/07\\\/25\\\/curta-metragem-gamba-gravado-em-teutonia-e-selecionado-para-o-festival-de-cinema-de-gramado\\\/#primaryimage\"},\"thumbnailUrl\":\"https:\\\/\\\/folhapopular.info\\\/wp-content\\\/uploads\\\/2025\\\/07\\\/WhatsApp-Image-2025-07-25-at-10.22.07.jpeg\",\"datePublished\":\"2025-07-25T14:00:00+00:00\",\"author\":{\"@id\":\"https:\\\/\\\/folhapopular.info\\\/#\\\/schema\\\/person\\\/2814e8a0df7643585a9ca38bc6eb9d4b\"},\"breadcrumb\":{\"@id\":\"https:\\\/\\\/folhapopular.info\\\/index.php\\\/2025\\\/07\\\/25\\\/curta-metragem-gamba-gravado-em-teutonia-e-selecionado-para-o-festival-de-cinema-de-gramado\\\/#breadcrumb\"},\"inLanguage\":\"pt-BR\",\"potentialAction\":[{\"@type\":\"ReadAction\",\"target\":[\"https:\\\/\\\/folhapopular.info\\\/index.php\\\/2025\\\/07\\\/25\\\/curta-metragem-gamba-gravado-em-teutonia-e-selecionado-para-o-festival-de-cinema-de-gramado\\\/\"]}]},{\"@type\":\"ImageObject\",\"inLanguage\":\"pt-BR\",\"@id\":\"https:\\\/\\\/folhapopular.info\\\/index.php\\\/2025\\\/07\\\/25\\\/curta-metragem-gamba-gravado-em-teutonia-e-selecionado-para-o-festival-de-cinema-de-gramado\\\/#primaryimage\",\"url\":\"https:\\\/\\\/folhapopular.info\\\/wp-content\\\/uploads\\\/2025\\\/07\\\/WhatsApp-Image-2025-07-25-at-10.22.07.jpeg\",\"contentUrl\":\"https:\\\/\\\/folhapopular.info\\\/wp-content\\\/uploads\\\/2025\\\/07\\\/WhatsApp-Image-2025-07-25-at-10.22.07.jpeg\",\"width\":1080,\"height\":602,\"caption\":\"Cr\u00e9dito: Reprodu\u00e7\u00e3o\"},{\"@type\":\"BreadcrumbList\",\"@id\":\"https:\\\/\\\/folhapopular.info\\\/index.php\\\/2025\\\/07\\\/25\\\/curta-metragem-gamba-gravado-em-teutonia-e-selecionado-para-o-festival-de-cinema-de-gramado\\\/#breadcrumb\",\"itemListElement\":[{\"@type\":\"ListItem\",\"position\":1,\"name\":\"In\u00edcio\",\"item\":\"https:\\\/\\\/folhapopular.info\\\/\"},{\"@type\":\"ListItem\",\"position\":2,\"name\":\"Curta-metragem &#8220;Gamb\u00e1&#8221;, gravado em Teut\u00f4nia, \u00e9 selecionado para o Festival de Cinema de Gramado\"}]},{\"@type\":\"WebSite\",\"@id\":\"https:\\\/\\\/folhapopular.info\\\/#website\",\"url\":\"https:\\\/\\\/folhapopular.info\\\/\",\"name\":\"Folha Popular\",\"description\":\"Onde voc\u00ea tem vez e voz\",\"potentialAction\":[{\"@type\":\"SearchAction\",\"target\":{\"@type\":\"EntryPoint\",\"urlTemplate\":\"https:\\\/\\\/folhapopular.info\\\/?s={search_term_string}\"},\"query-input\":{\"@type\":\"PropertyValueSpecification\",\"valueRequired\":true,\"valueName\":\"search_term_string\"}}],\"inLanguage\":\"pt-BR\"},{\"@type\":\"Person\",\"@id\":\"https:\\\/\\\/folhapopular.info\\\/#\\\/schema\\\/person\\\/2814e8a0df7643585a9ca38bc6eb9d4b\",\"name\":\"Reda\u00e7\u00e3o Folha Popular\",\"image\":{\"@type\":\"ImageObject\",\"inLanguage\":\"pt-BR\",\"@id\":\"https:\\\/\\\/folhapopular.info\\\/wp-content\\\/uploads\\\/2026\\\/04\\\/Folha-1.webp\",\"url\":\"https:\\\/\\\/folhapopular.info\\\/wp-content\\\/uploads\\\/2026\\\/04\\\/Folha-1.webp\",\"contentUrl\":\"https:\\\/\\\/folhapopular.info\\\/wp-content\\\/uploads\\\/2026\\\/04\\\/Folha-1.webp\",\"caption\":\"Reda\u00e7\u00e3o Folha Popular\"},\"url\":\"https:\\\/\\\/folhapopular.info\\\/index.php\\\/author\\\/redacao\\\/\"}]}<\/script>\n<!-- \/ Yoast SEO plugin. -->","yoast_head_json":{"title":"Curta-metragem \"Gamb\u00e1\", gravado em Teut\u00f4nia, \u00e9 selecionado para o Festival de Cinema de Gramado - Folha Popular","robots":{"index":"index","follow":"follow","max-snippet":"max-snippet:-1","max-image-preview":"max-image-preview:large","max-video-preview":"max-video-preview:-1"},"canonical":"https:\/\/folhapopular.info\/index.php\/2025\/07\/25\/curta-metragem-gamba-gravado-em-teutonia-e-selecionado-para-o-festival-de-cinema-de-gramado\/","og_locale":"pt_BR","og_type":"article","og_title":"Curta-metragem \"Gamb\u00e1\", gravado em Teut\u00f4nia, \u00e9 selecionado para o Festival de Cinema de Gramado - Folha Popular","og_description":"Um projeto nascido dentro da Escola Municipal de Ensino Fundamental 24 de Maio, de Teut\u00f4nia, foi selecionado para o 53\u00ba Festival de Cinema de Gramado. O curta-metragem \u201cGamb\u00e1\u201d, dirigido pelo cineasta Maciel Fischer, \u00e9 um dos 18 filmes escolhidos entre 222 inscritos. A produ\u00e7\u00e3o do filme foi viabilizada por meio da Lei Paulo Gustavo, com [&hellip;]","og_url":"https:\/\/folhapopular.info\/index.php\/2025\/07\/25\/curta-metragem-gamba-gravado-em-teutonia-e-selecionado-para-o-festival-de-cinema-de-gramado\/","og_site_name":"Folha Popular","article_published_time":"2025-07-25T14:00:00+00:00","og_image":[{"width":1080,"height":602,"url":"https:\/\/folhapopular.info\/wp-content\/uploads\/2025\/07\/WhatsApp-Image-2025-07-25-at-10.22.07.jpeg","type":"image\/jpeg"}],"author":"Reda\u00e7\u00e3o Folha Popular","twitter_card":"summary_large_image","twitter_misc":{"Escrito por":"Reda\u00e7\u00e3o Folha Popular","Est. tempo de leitura":"3 minutos"},"schema":{"@context":"https:\/\/schema.org","@graph":[{"@type":"Article","@id":"https:\/\/folhapopular.info\/index.php\/2025\/07\/25\/curta-metragem-gamba-gravado-em-teutonia-e-selecionado-para-o-festival-de-cinema-de-gramado\/#article","isPartOf":{"@id":"https:\/\/folhapopular.info\/index.php\/2025\/07\/25\/curta-metragem-gamba-gravado-em-teutonia-e-selecionado-para-o-festival-de-cinema-de-gramado\/"},"author":{"name":"Reda\u00e7\u00e3o Folha Popular","@id":"https:\/\/folhapopular.info\/#\/schema\/person\/2814e8a0df7643585a9ca38bc6eb9d4b"},"headline":"Curta-metragem &#8220;Gamb\u00e1&#8221;, gravado em Teut\u00f4nia, \u00e9 selecionado para o Festival de Cinema de Gramado","datePublished":"2025-07-25T14:00:00+00:00","mainEntityOfPage":{"@id":"https:\/\/folhapopular.info\/index.php\/2025\/07\/25\/curta-metragem-gamba-gravado-em-teutonia-e-selecionado-para-o-festival-de-cinema-de-gramado\/"},"wordCount":430,"commentCount":0,"image":{"@id":"https:\/\/folhapopular.info\/index.php\/2025\/07\/25\/curta-metragem-gamba-gravado-em-teutonia-e-selecionado-para-o-festival-de-cinema-de-gramado\/#primaryimage"},"thumbnailUrl":"https:\/\/folhapopular.info\/wp-content\/uploads\/2025\/07\/WhatsApp-Image-2025-07-25-at-10.22.07.jpeg","keywords":["Festival de Cinema de Gramado","Gamb\u00e1","Maciel Fischer"],"articleSection":["Cultura","Destaques","Entretenimento","Inclusive"],"inLanguage":"pt-BR","potentialAction":[{"@type":"CommentAction","name":"Comment","target":["https:\/\/folhapopular.info\/index.php\/2025\/07\/25\/curta-metragem-gamba-gravado-em-teutonia-e-selecionado-para-o-festival-de-cinema-de-gramado\/#respond"]}]},{"@type":"WebPage","@id":"https:\/\/folhapopular.info\/index.php\/2025\/07\/25\/curta-metragem-gamba-gravado-em-teutonia-e-selecionado-para-o-festival-de-cinema-de-gramado\/","url":"https:\/\/folhapopular.info\/index.php\/2025\/07\/25\/curta-metragem-gamba-gravado-em-teutonia-e-selecionado-para-o-festival-de-cinema-de-gramado\/","name":"Curta-metragem \"Gamb\u00e1\", gravado em Teut\u00f4nia, \u00e9 selecionado para o Festival de Cinema de Gramado - Folha Popular","isPartOf":{"@id":"https:\/\/folhapopular.info\/#website"},"primaryImageOfPage":{"@id":"https:\/\/folhapopular.info\/index.php\/2025\/07\/25\/curta-metragem-gamba-gravado-em-teutonia-e-selecionado-para-o-festival-de-cinema-de-gramado\/#primaryimage"},"image":{"@id":"https:\/\/folhapopular.info\/index.php\/2025\/07\/25\/curta-metragem-gamba-gravado-em-teutonia-e-selecionado-para-o-festival-de-cinema-de-gramado\/#primaryimage"},"thumbnailUrl":"https:\/\/folhapopular.info\/wp-content\/uploads\/2025\/07\/WhatsApp-Image-2025-07-25-at-10.22.07.jpeg","datePublished":"2025-07-25T14:00:00+00:00","author":{"@id":"https:\/\/folhapopular.info\/#\/schema\/person\/2814e8a0df7643585a9ca38bc6eb9d4b"},"breadcrumb":{"@id":"https:\/\/folhapopular.info\/index.php\/2025\/07\/25\/curta-metragem-gamba-gravado-em-teutonia-e-selecionado-para-o-festival-de-cinema-de-gramado\/#breadcrumb"},"inLanguage":"pt-BR","potentialAction":[{"@type":"ReadAction","target":["https:\/\/folhapopular.info\/index.php\/2025\/07\/25\/curta-metragem-gamba-gravado-em-teutonia-e-selecionado-para-o-festival-de-cinema-de-gramado\/"]}]},{"@type":"ImageObject","inLanguage":"pt-BR","@id":"https:\/\/folhapopular.info\/index.php\/2025\/07\/25\/curta-metragem-gamba-gravado-em-teutonia-e-selecionado-para-o-festival-de-cinema-de-gramado\/#primaryimage","url":"https:\/\/folhapopular.info\/wp-content\/uploads\/2025\/07\/WhatsApp-Image-2025-07-25-at-10.22.07.jpeg","contentUrl":"https:\/\/folhapopular.info\/wp-content\/uploads\/2025\/07\/WhatsApp-Image-2025-07-25-at-10.22.07.jpeg","width":1080,"height":602,"caption":"Cr\u00e9dito: Reprodu\u00e7\u00e3o"},{"@type":"BreadcrumbList","@id":"https:\/\/folhapopular.info\/index.php\/2025\/07\/25\/curta-metragem-gamba-gravado-em-teutonia-e-selecionado-para-o-festival-de-cinema-de-gramado\/#breadcrumb","itemListElement":[{"@type":"ListItem","position":1,"name":"In\u00edcio","item":"https:\/\/folhapopular.info\/"},{"@type":"ListItem","position":2,"name":"Curta-metragem &#8220;Gamb\u00e1&#8221;, gravado em Teut\u00f4nia, \u00e9 selecionado para o Festival de Cinema de Gramado"}]},{"@type":"WebSite","@id":"https:\/\/folhapopular.info\/#website","url":"https:\/\/folhapopular.info\/","name":"Folha Popular","description":"Onde voc\u00ea tem vez e voz","potentialAction":[{"@type":"SearchAction","target":{"@type":"EntryPoint","urlTemplate":"https:\/\/folhapopular.info\/?s={search_term_string}"},"query-input":{"@type":"PropertyValueSpecification","valueRequired":true,"valueName":"search_term_string"}}],"inLanguage":"pt-BR"},{"@type":"Person","@id":"https:\/\/folhapopular.info\/#\/schema\/person\/2814e8a0df7643585a9ca38bc6eb9d4b","name":"Reda\u00e7\u00e3o Folha Popular","image":{"@type":"ImageObject","inLanguage":"pt-BR","@id":"https:\/\/folhapopular.info\/wp-content\/uploads\/2026\/04\/Folha-1.webp","url":"https:\/\/folhapopular.info\/wp-content\/uploads\/2026\/04\/Folha-1.webp","contentUrl":"https:\/\/folhapopular.info\/wp-content\/uploads\/2026\/04\/Folha-1.webp","caption":"Reda\u00e7\u00e3o Folha Popular"},"url":"https:\/\/folhapopular.info\/index.php\/author\/redacao\/"}]}},"jetpack_featured_media_url":"https:\/\/folhapopular.info\/wp-content\/uploads\/2025\/07\/WhatsApp-Image-2025-07-25-at-10.22.07.jpeg","jetpack_sharing_enabled":true,"amp_enabled":true,"_links":{"self":[{"href":"https:\/\/folhapopular.info\/index.php\/wp-json\/wp\/v2\/posts\/190673","targetHints":{"allow":["GET"]}}],"collection":[{"href":"https:\/\/folhapopular.info\/index.php\/wp-json\/wp\/v2\/posts"}],"about":[{"href":"https:\/\/folhapopular.info\/index.php\/wp-json\/wp\/v2\/types\/post"}],"author":[{"embeddable":true,"href":"https:\/\/folhapopular.info\/index.php\/wp-json\/wp\/v2\/users\/8"}],"replies":[{"embeddable":true,"href":"https:\/\/folhapopular.info\/index.php\/wp-json\/wp\/v2\/comments?post=190673"}],"version-history":[{"count":0,"href":"https:\/\/folhapopular.info\/index.php\/wp-json\/wp\/v2\/posts\/190673\/revisions"}],"wp:featuredmedia":[{"embeddable":true,"href":"https:\/\/folhapopular.info\/index.php\/wp-json\/wp\/v2\/media\/190718"}],"wp:attachment":[{"href":"https:\/\/folhapopular.info\/index.php\/wp-json\/wp\/v2\/media?parent=190673"}],"wp:term":[{"taxonomy":"category","embeddable":true,"href":"https:\/\/folhapopular.info\/index.php\/wp-json\/wp\/v2\/categories?post=190673"},{"taxonomy":"post_tag","embeddable":true,"href":"https:\/\/folhapopular.info\/index.php\/wp-json\/wp\/v2\/tags?post=190673"}],"curies":[{"name":"wp","href":"https:\/\/api.w.org\/{rel}","templated":true}]}}