{"id":190724,"date":"2025-07-25T15:00:00","date_gmt":"2025-07-25T18:00:00","guid":{"rendered":"https:\/\/folhapopular.info\/?p=190724"},"modified":"2025-07-25T11:03:32","modified_gmt":"2025-07-25T14:03:32","slug":"comerciarios-de-paverama-e-poco-das-antas-terao-reajuste-salarial-com-nova-convencao-coletiva","status":"publish","type":"post","link":"https:\/\/folhapopular.info\/index.php\/2025\/07\/25\/comerciarios-de-paverama-e-poco-das-antas-terao-reajuste-salarial-com-nova-convencao-coletiva\/","title":{"rendered":"Comerci\u00e1rios de Paverama e Po\u00e7o das Antas ter\u00e3o reajuste salarial com nova conven\u00e7\u00e3o coletiva"},"content":{"rendered":"\n<p>Os trabalhadores do com\u00e9rcio varejista de Paverama e Po\u00e7o das Antas ter\u00e3o reajuste salarial garantido pela nova conven\u00e7\u00e3o coletiva assinada pelo Sindicato dos Comerci\u00e1rios de Taquari e Regi\u00e3o. O acordo tamb\u00e9m abrange as cidades de Taquari e Taba\u00ed. A conven\u00e7\u00e3o prev\u00ea reajuste de 6,8% nos pisos salariais e de 5,5% nos demais sal\u00e1rios, com pagamento das diferen\u00e7as retroativas at\u00e9 o dia 5 de setembro.<\/p>\n\n\n\n<p><strong>Os novos pisos salariais ficam definidos da seguinte forma:<\/strong><\/p>\n\n\n\n<ul class=\"wp-block-list\">\n<li><strong>A partir de 1\u00ba de mar\u00e7o de 2025:<\/strong>\n<ul class=\"wp-block-list\">\n<li>R$ 1.847,66 para empregados em geral<\/li>\n\n\n\n<li>R$ 1.920,03 para empregados comissionados<\/li>\n\n\n\n<li><\/li>\n<\/ul>\n<\/li>\n\n\n\n<li><strong>A partir de 1\u00ba de julho de 2025:<\/strong>\n<ul class=\"wp-block-list\">\n<li>R$ 1.872,00 para empregados em geral<\/li>\n\n\n\n<li>R$ 1.945,86 para empregados comissionados<\/li>\n<\/ul>\n<\/li>\n<\/ul>\n\n\n\n<p>Entre os avan\u00e7os da nova conven\u00e7\u00e3o est\u00e1 a amplia\u00e7\u00e3o do direito de acompanhamento de filhos em consultas m\u00e9dicas, sem desconto no sal\u00e1rio. Agora, o benef\u00edcio se estende a crian\u00e7as de at\u00e9 12 anos \u2014 antes, o limite era de 6 anos. \u201c\u00c9 uma forma de ajudar os trabalhadores no cuidado com os filhos\u201d, explica o presidente do sindicato, Vitor Espinoza.<\/p>\n\n\n\n<p>Outro destaque \u00e9 o Aux\u00edlio Estudante, no valor de um piso salarial, destinado a trabalhadores matriculados em institui\u00e7\u00f5es reconhecidas pelo MEC. Para aqueles que t\u00eam apenas filhos estudantes, o benef\u00edcio \u00e9 de 75% do piso. O valor ser\u00e1 pago em duas parcelas: a primeira at\u00e9 o 5\u00ba dia \u00fatil de agosto e a segunda at\u00e9 o 5\u00ba dia \u00fatil de fevereiro de 2026.<\/p>\n\n\n\n<p><\/p>\n","protected":false},"excerpt":{"rendered":"<p>Os trabalhadores do com\u00e9rcio varejista de Paverama e Po\u00e7o das Antas ter\u00e3o reajuste salarial garantido pela nova conven\u00e7\u00e3o coletiva assinada pelo Sindicato dos Comerci\u00e1rios de Taquari e Regi\u00e3o. O acordo tamb\u00e9m abrange as cidades de Taquari e Taba\u00ed. A conven\u00e7\u00e3o prev\u00ea reajuste de 6,8% nos pisos salariais e de 5,5% nos demais sal\u00e1rios, com pagamento [&hellip;]<\/p>\n","protected":false},"author":8,"featured_media":190725,"comment_status":"open","ping_status":"open","sticky":false,"template":"","format":"standard","meta":{"pmpro_default_level":"","_jetpack_memberships_contains_paid_content":false,"footnotes":""},"categories":[2,10991],"tags":[108,1500,1443],"class_list":{"0":"post-190724","1":"post","2":"type-post","3":"status-publish","4":"format-standard","5":"has-post-thumbnail","7":"category-featured","8":"category-economia","9":"tag-comercio","10":"tag-convencao-coletiva","11":"tag-sindicomerciarios","12":"pmpro-has-access"},"yoast_head":"<!-- This site is optimized with the Yoast SEO plugin v27.5 - https:\/\/yoast.com\/product\/yoast-seo-wordpress\/ -->\n<title>Comerci\u00e1rios de Paverama e Po\u00e7o das Antas ter\u00e3o reajuste salarial com nova conven\u00e7\u00e3o coletiva - Folha Popular<\/title>\n<meta name=\"robots\" content=\"index, follow, max-snippet:-1, max-image-preview:large, max-video-preview:-1\" \/>\n<link rel=\"canonical\" href=\"https:\/\/folhapopular.info\/index.php\/2025\/07\/25\/comerciarios-de-paverama-e-poco-das-antas-terao-reajuste-salarial-com-nova-convencao-coletiva\/\" \/>\n<meta property=\"og:locale\" content=\"pt_BR\" \/>\n<meta property=\"og:type\" content=\"article\" \/>\n<meta property=\"og:title\" content=\"Comerci\u00e1rios de Paverama e Po\u00e7o das Antas ter\u00e3o reajuste salarial com nova conven\u00e7\u00e3o coletiva - Folha Popular\" \/>\n<meta property=\"og:description\" content=\"Os trabalhadores do com\u00e9rcio varejista de Paverama e Po\u00e7o das Antas ter\u00e3o reajuste salarial garantido pela nova conven\u00e7\u00e3o coletiva assinada pelo Sindicato dos Comerci\u00e1rios de Taquari e Regi\u00e3o. O acordo tamb\u00e9m abrange as cidades de Taquari e Taba\u00ed. A conven\u00e7\u00e3o prev\u00ea reajuste de 6,8% nos pisos salariais e de 5,5% nos demais sal\u00e1rios, com pagamento [&hellip;]\" \/>\n<meta property=\"og:url\" content=\"https:\/\/folhapopular.info\/index.php\/2025\/07\/25\/comerciarios-de-paverama-e-poco-das-antas-terao-reajuste-salarial-com-nova-convencao-coletiva\/\" \/>\n<meta property=\"og:site_name\" content=\"Folha Popular\" \/>\n<meta property=\"article:published_time\" content=\"2025-07-25T18:00:00+00:00\" \/>\n<meta property=\"og:image\" content=\"https:\/\/folhapopular.info\/wp-content\/uploads\/2025\/07\/Sindicomerciarios-de-Taquari-e-Regiao-Assina-convencao-coletiva-para-lojas-de-TaquariCredito-da-Foto-Bruno-de-Azevedo-scaled.jpg\" \/>\n\t<meta property=\"og:image:width\" content=\"2560\" \/>\n\t<meta property=\"og:image:height\" content=\"1920\" \/>\n\t<meta property=\"og:image:type\" content=\"image\/jpeg\" \/>\n<meta name=\"author\" content=\"Reda\u00e7\u00e3o Folha Popular\" \/>\n<meta name=\"twitter:card\" content=\"summary_large_image\" \/>\n<meta name=\"twitter:label1\" content=\"Escrito por\" \/>\n\t<meta name=\"twitter:data1\" content=\"Reda\u00e7\u00e3o Folha Popular\" \/>\n\t<meta name=\"twitter:label2\" content=\"Est. tempo de leitura\" \/>\n\t<meta name=\"twitter:data2\" content=\"2 minutos\" \/>\n<script type=\"application\/ld+json\" class=\"yoast-schema-graph\">{\"@context\":\"https:\\\/\\\/schema.org\",\"@graph\":[{\"@type\":\"Article\",\"@id\":\"https:\\\/\\\/folhapopular.info\\\/index.php\\\/2025\\\/07\\\/25\\\/comerciarios-de-paverama-e-poco-das-antas-terao-reajuste-salarial-com-nova-convencao-coletiva\\\/#article\",\"isPartOf\":{\"@id\":\"https:\\\/\\\/folhapopular.info\\\/index.php\\\/2025\\\/07\\\/25\\\/comerciarios-de-paverama-e-poco-das-antas-terao-reajuste-salarial-com-nova-convencao-coletiva\\\/\"},\"author\":{\"name\":\"Reda\u00e7\u00e3o Folha Popular\",\"@id\":\"https:\\\/\\\/folhapopular.info\\\/#\\\/schema\\\/person\\\/2814e8a0df7643585a9ca38bc6eb9d4b\"},\"headline\":\"Comerci\u00e1rios de Paverama e Po\u00e7o das Antas ter\u00e3o reajuste salarial com nova conven\u00e7\u00e3o coletiva\",\"datePublished\":\"2025-07-25T18:00:00+00:00\",\"mainEntityOfPage\":{\"@id\":\"https:\\\/\\\/folhapopular.info\\\/index.php\\\/2025\\\/07\\\/25\\\/comerciarios-de-paverama-e-poco-das-antas-terao-reajuste-salarial-com-nova-convencao-coletiva\\\/\"},\"wordCount\":253,\"commentCount\":0,\"image\":{\"@id\":\"https:\\\/\\\/folhapopular.info\\\/index.php\\\/2025\\\/07\\\/25\\\/comerciarios-de-paverama-e-poco-das-antas-terao-reajuste-salarial-com-nova-convencao-coletiva\\\/#primaryimage\"},\"thumbnailUrl\":\"https:\\\/\\\/folhapopular.info\\\/wp-content\\\/uploads\\\/2025\\\/07\\\/Sindicomerciarios-de-Taquari-e-Regiao-Assina-convencao-coletiva-para-lojas-de-TaquariCredito-da-Foto-Bruno-de-Azevedo-scaled.jpg\",\"keywords\":[\"Com\u00e9rcio\",\"Conven\u00e7\u00e3o Coletiva\",\"Sindicomerci\u00e1rios\"],\"articleSection\":[\"Destaques\",\"Economia\"],\"inLanguage\":\"pt-BR\",\"potentialAction\":[{\"@type\":\"CommentAction\",\"name\":\"Comment\",\"target\":[\"https:\\\/\\\/folhapopular.info\\\/index.php\\\/2025\\\/07\\\/25\\\/comerciarios-de-paverama-e-poco-das-antas-terao-reajuste-salarial-com-nova-convencao-coletiva\\\/#respond\"]}]},{\"@type\":\"WebPage\",\"@id\":\"https:\\\/\\\/folhapopular.info\\\/index.php\\\/2025\\\/07\\\/25\\\/comerciarios-de-paverama-e-poco-das-antas-terao-reajuste-salarial-com-nova-convencao-coletiva\\\/\",\"url\":\"https:\\\/\\\/folhapopular.info\\\/index.php\\\/2025\\\/07\\\/25\\\/comerciarios-de-paverama-e-poco-das-antas-terao-reajuste-salarial-com-nova-convencao-coletiva\\\/\",\"name\":\"Comerci\u00e1rios de Paverama e Po\u00e7o das Antas ter\u00e3o reajuste salarial com nova conven\u00e7\u00e3o coletiva - Folha Popular\",\"isPartOf\":{\"@id\":\"https:\\\/\\\/folhapopular.info\\\/#website\"},\"primaryImageOfPage\":{\"@id\":\"https:\\\/\\\/folhapopular.info\\\/index.php\\\/2025\\\/07\\\/25\\\/comerciarios-de-paverama-e-poco-das-antas-terao-reajuste-salarial-com-nova-convencao-coletiva\\\/#primaryimage\"},\"image\":{\"@id\":\"https:\\\/\\\/folhapopular.info\\\/index.php\\\/2025\\\/07\\\/25\\\/comerciarios-de-paverama-e-poco-das-antas-terao-reajuste-salarial-com-nova-convencao-coletiva\\\/#primaryimage\"},\"thumbnailUrl\":\"https:\\\/\\\/folhapopular.info\\\/wp-content\\\/uploads\\\/2025\\\/07\\\/Sindicomerciarios-de-Taquari-e-Regiao-Assina-convencao-coletiva-para-lojas-de-TaquariCredito-da-Foto-Bruno-de-Azevedo-scaled.jpg\",\"datePublished\":\"2025-07-25T18:00:00+00:00\",\"author\":{\"@id\":\"https:\\\/\\\/folhapopular.info\\\/#\\\/schema\\\/person\\\/2814e8a0df7643585a9ca38bc6eb9d4b\"},\"breadcrumb\":{\"@id\":\"https:\\\/\\\/folhapopular.info\\\/index.php\\\/2025\\\/07\\\/25\\\/comerciarios-de-paverama-e-poco-das-antas-terao-reajuste-salarial-com-nova-convencao-coletiva\\\/#breadcrumb\"},\"inLanguage\":\"pt-BR\",\"potentialAction\":[{\"@type\":\"ReadAction\",\"target\":[\"https:\\\/\\\/folhapopular.info\\\/index.php\\\/2025\\\/07\\\/25\\\/comerciarios-de-paverama-e-poco-das-antas-terao-reajuste-salarial-com-nova-convencao-coletiva\\\/\"]}]},{\"@type\":\"ImageObject\",\"inLanguage\":\"pt-BR\",\"@id\":\"https:\\\/\\\/folhapopular.info\\\/index.php\\\/2025\\\/07\\\/25\\\/comerciarios-de-paverama-e-poco-das-antas-terao-reajuste-salarial-com-nova-convencao-coletiva\\\/#primaryimage\",\"url\":\"https:\\\/\\\/folhapopular.info\\\/wp-content\\\/uploads\\\/2025\\\/07\\\/Sindicomerciarios-de-Taquari-e-Regiao-Assina-convencao-coletiva-para-lojas-de-TaquariCredito-da-Foto-Bruno-de-Azevedo-scaled.jpg\",\"contentUrl\":\"https:\\\/\\\/folhapopular.info\\\/wp-content\\\/uploads\\\/2025\\\/07\\\/Sindicomerciarios-de-Taquari-e-Regiao-Assina-convencao-coletiva-para-lojas-de-TaquariCredito-da-Foto-Bruno-de-Azevedo-scaled.jpg\",\"width\":2560,\"height\":1920,\"caption\":\"Sindicomerci\u00e1rios assinam conven\u00e7\u00e3o coletiva \\\/ Cr\u00e9dito: Divulga\u00e7\u00e3o\"},{\"@type\":\"BreadcrumbList\",\"@id\":\"https:\\\/\\\/folhapopular.info\\\/index.php\\\/2025\\\/07\\\/25\\\/comerciarios-de-paverama-e-poco-das-antas-terao-reajuste-salarial-com-nova-convencao-coletiva\\\/#breadcrumb\",\"itemListElement\":[{\"@type\":\"ListItem\",\"position\":1,\"name\":\"In\u00edcio\",\"item\":\"https:\\\/\\\/folhapopular.info\\\/\"},{\"@type\":\"ListItem\",\"position\":2,\"name\":\"Comerci\u00e1rios de Paverama e Po\u00e7o das Antas ter\u00e3o reajuste salarial com nova conven\u00e7\u00e3o coletiva\"}]},{\"@type\":\"WebSite\",\"@id\":\"https:\\\/\\\/folhapopular.info\\\/#website\",\"url\":\"https:\\\/\\\/folhapopular.info\\\/\",\"name\":\"Folha Popular\",\"description\":\"Onde voc\u00ea tem vez e voz\",\"potentialAction\":[{\"@type\":\"SearchAction\",\"target\":{\"@type\":\"EntryPoint\",\"urlTemplate\":\"https:\\\/\\\/folhapopular.info\\\/?s={search_term_string}\"},\"query-input\":{\"@type\":\"PropertyValueSpecification\",\"valueRequired\":true,\"valueName\":\"search_term_string\"}}],\"inLanguage\":\"pt-BR\"},{\"@type\":\"Person\",\"@id\":\"https:\\\/\\\/folhapopular.info\\\/#\\\/schema\\\/person\\\/2814e8a0df7643585a9ca38bc6eb9d4b\",\"name\":\"Reda\u00e7\u00e3o Folha Popular\",\"image\":{\"@type\":\"ImageObject\",\"inLanguage\":\"pt-BR\",\"@id\":\"https:\\\/\\\/folhapopular.info\\\/wp-content\\\/uploads\\\/2026\\\/04\\\/Folha-1.webp\",\"url\":\"https:\\\/\\\/folhapopular.info\\\/wp-content\\\/uploads\\\/2026\\\/04\\\/Folha-1.webp\",\"contentUrl\":\"https:\\\/\\\/folhapopular.info\\\/wp-content\\\/uploads\\\/2026\\\/04\\\/Folha-1.webp\",\"caption\":\"Reda\u00e7\u00e3o Folha Popular\"},\"url\":\"https:\\\/\\\/folhapopular.info\\\/index.php\\\/author\\\/redacao\\\/\"}]}<\/script>\n<!-- \/ Yoast SEO plugin. -->","yoast_head_json":{"title":"Comerci\u00e1rios de Paverama e Po\u00e7o das Antas ter\u00e3o reajuste salarial com nova conven\u00e7\u00e3o coletiva - Folha Popular","robots":{"index":"index","follow":"follow","max-snippet":"max-snippet:-1","max-image-preview":"max-image-preview:large","max-video-preview":"max-video-preview:-1"},"canonical":"https:\/\/folhapopular.info\/index.php\/2025\/07\/25\/comerciarios-de-paverama-e-poco-das-antas-terao-reajuste-salarial-com-nova-convencao-coletiva\/","og_locale":"pt_BR","og_type":"article","og_title":"Comerci\u00e1rios de Paverama e Po\u00e7o das Antas ter\u00e3o reajuste salarial com nova conven\u00e7\u00e3o coletiva - Folha Popular","og_description":"Os trabalhadores do com\u00e9rcio varejista de Paverama e Po\u00e7o das Antas ter\u00e3o reajuste salarial garantido pela nova conven\u00e7\u00e3o coletiva assinada pelo Sindicato dos Comerci\u00e1rios de Taquari e Regi\u00e3o. O acordo tamb\u00e9m abrange as cidades de Taquari e Taba\u00ed. A conven\u00e7\u00e3o prev\u00ea reajuste de 6,8% nos pisos salariais e de 5,5% nos demais sal\u00e1rios, com pagamento [&hellip;]","og_url":"https:\/\/folhapopular.info\/index.php\/2025\/07\/25\/comerciarios-de-paverama-e-poco-das-antas-terao-reajuste-salarial-com-nova-convencao-coletiva\/","og_site_name":"Folha Popular","article_published_time":"2025-07-25T18:00:00+00:00","og_image":[{"width":2560,"height":1920,"url":"https:\/\/folhapopular.info\/wp-content\/uploads\/2025\/07\/Sindicomerciarios-de-Taquari-e-Regiao-Assina-convencao-coletiva-para-lojas-de-TaquariCredito-da-Foto-Bruno-de-Azevedo-scaled.jpg","type":"image\/jpeg"}],"author":"Reda\u00e7\u00e3o Folha Popular","twitter_card":"summary_large_image","twitter_misc":{"Escrito por":"Reda\u00e7\u00e3o Folha Popular","Est. tempo de leitura":"2 minutos"},"schema":{"@context":"https:\/\/schema.org","@graph":[{"@type":"Article","@id":"https:\/\/folhapopular.info\/index.php\/2025\/07\/25\/comerciarios-de-paverama-e-poco-das-antas-terao-reajuste-salarial-com-nova-convencao-coletiva\/#article","isPartOf":{"@id":"https:\/\/folhapopular.info\/index.php\/2025\/07\/25\/comerciarios-de-paverama-e-poco-das-antas-terao-reajuste-salarial-com-nova-convencao-coletiva\/"},"author":{"name":"Reda\u00e7\u00e3o Folha Popular","@id":"https:\/\/folhapopular.info\/#\/schema\/person\/2814e8a0df7643585a9ca38bc6eb9d4b"},"headline":"Comerci\u00e1rios de Paverama e Po\u00e7o das Antas ter\u00e3o reajuste salarial com nova conven\u00e7\u00e3o coletiva","datePublished":"2025-07-25T18:00:00+00:00","mainEntityOfPage":{"@id":"https:\/\/folhapopular.info\/index.php\/2025\/07\/25\/comerciarios-de-paverama-e-poco-das-antas-terao-reajuste-salarial-com-nova-convencao-coletiva\/"},"wordCount":253,"commentCount":0,"image":{"@id":"https:\/\/folhapopular.info\/index.php\/2025\/07\/25\/comerciarios-de-paverama-e-poco-das-antas-terao-reajuste-salarial-com-nova-convencao-coletiva\/#primaryimage"},"thumbnailUrl":"https:\/\/folhapopular.info\/wp-content\/uploads\/2025\/07\/Sindicomerciarios-de-Taquari-e-Regiao-Assina-convencao-coletiva-para-lojas-de-TaquariCredito-da-Foto-Bruno-de-Azevedo-scaled.jpg","keywords":["Com\u00e9rcio","Conven\u00e7\u00e3o Coletiva","Sindicomerci\u00e1rios"],"articleSection":["Destaques","Economia"],"inLanguage":"pt-BR","potentialAction":[{"@type":"CommentAction","name":"Comment","target":["https:\/\/folhapopular.info\/index.php\/2025\/07\/25\/comerciarios-de-paverama-e-poco-das-antas-terao-reajuste-salarial-com-nova-convencao-coletiva\/#respond"]}]},{"@type":"WebPage","@id":"https:\/\/folhapopular.info\/index.php\/2025\/07\/25\/comerciarios-de-paverama-e-poco-das-antas-terao-reajuste-salarial-com-nova-convencao-coletiva\/","url":"https:\/\/folhapopular.info\/index.php\/2025\/07\/25\/comerciarios-de-paverama-e-poco-das-antas-terao-reajuste-salarial-com-nova-convencao-coletiva\/","name":"Comerci\u00e1rios de Paverama e Po\u00e7o das Antas ter\u00e3o reajuste salarial com nova conven\u00e7\u00e3o coletiva - Folha Popular","isPartOf":{"@id":"https:\/\/folhapopular.info\/#website"},"primaryImageOfPage":{"@id":"https:\/\/folhapopular.info\/index.php\/2025\/07\/25\/comerciarios-de-paverama-e-poco-das-antas-terao-reajuste-salarial-com-nova-convencao-coletiva\/#primaryimage"},"image":{"@id":"https:\/\/folhapopular.info\/index.php\/2025\/07\/25\/comerciarios-de-paverama-e-poco-das-antas-terao-reajuste-salarial-com-nova-convencao-coletiva\/#primaryimage"},"thumbnailUrl":"https:\/\/folhapopular.info\/wp-content\/uploads\/2025\/07\/Sindicomerciarios-de-Taquari-e-Regiao-Assina-convencao-coletiva-para-lojas-de-TaquariCredito-da-Foto-Bruno-de-Azevedo-scaled.jpg","datePublished":"2025-07-25T18:00:00+00:00","author":{"@id":"https:\/\/folhapopular.info\/#\/schema\/person\/2814e8a0df7643585a9ca38bc6eb9d4b"},"breadcrumb":{"@id":"https:\/\/folhapopular.info\/index.php\/2025\/07\/25\/comerciarios-de-paverama-e-poco-das-antas-terao-reajuste-salarial-com-nova-convencao-coletiva\/#breadcrumb"},"inLanguage":"pt-BR","potentialAction":[{"@type":"ReadAction","target":["https:\/\/folhapopular.info\/index.php\/2025\/07\/25\/comerciarios-de-paverama-e-poco-das-antas-terao-reajuste-salarial-com-nova-convencao-coletiva\/"]}]},{"@type":"ImageObject","inLanguage":"pt-BR","@id":"https:\/\/folhapopular.info\/index.php\/2025\/07\/25\/comerciarios-de-paverama-e-poco-das-antas-terao-reajuste-salarial-com-nova-convencao-coletiva\/#primaryimage","url":"https:\/\/folhapopular.info\/wp-content\/uploads\/2025\/07\/Sindicomerciarios-de-Taquari-e-Regiao-Assina-convencao-coletiva-para-lojas-de-TaquariCredito-da-Foto-Bruno-de-Azevedo-scaled.jpg","contentUrl":"https:\/\/folhapopular.info\/wp-content\/uploads\/2025\/07\/Sindicomerciarios-de-Taquari-e-Regiao-Assina-convencao-coletiva-para-lojas-de-TaquariCredito-da-Foto-Bruno-de-Azevedo-scaled.jpg","width":2560,"height":1920,"caption":"Sindicomerci\u00e1rios assinam conven\u00e7\u00e3o coletiva \/ Cr\u00e9dito: Divulga\u00e7\u00e3o"},{"@type":"BreadcrumbList","@id":"https:\/\/folhapopular.info\/index.php\/2025\/07\/25\/comerciarios-de-paverama-e-poco-das-antas-terao-reajuste-salarial-com-nova-convencao-coletiva\/#breadcrumb","itemListElement":[{"@type":"ListItem","position":1,"name":"In\u00edcio","item":"https:\/\/folhapopular.info\/"},{"@type":"ListItem","position":2,"name":"Comerci\u00e1rios de Paverama e Po\u00e7o das Antas ter\u00e3o reajuste salarial com nova conven\u00e7\u00e3o coletiva"}]},{"@type":"WebSite","@id":"https:\/\/folhapopular.info\/#website","url":"https:\/\/folhapopular.info\/","name":"Folha Popular","description":"Onde voc\u00ea tem vez e voz","potentialAction":[{"@type":"SearchAction","target":{"@type":"EntryPoint","urlTemplate":"https:\/\/folhapopular.info\/?s={search_term_string}"},"query-input":{"@type":"PropertyValueSpecification","valueRequired":true,"valueName":"search_term_string"}}],"inLanguage":"pt-BR"},{"@type":"Person","@id":"https:\/\/folhapopular.info\/#\/schema\/person\/2814e8a0df7643585a9ca38bc6eb9d4b","name":"Reda\u00e7\u00e3o Folha Popular","image":{"@type":"ImageObject","inLanguage":"pt-BR","@id":"https:\/\/folhapopular.info\/wp-content\/uploads\/2026\/04\/Folha-1.webp","url":"https:\/\/folhapopular.info\/wp-content\/uploads\/2026\/04\/Folha-1.webp","contentUrl":"https:\/\/folhapopular.info\/wp-content\/uploads\/2026\/04\/Folha-1.webp","caption":"Reda\u00e7\u00e3o Folha Popular"},"url":"https:\/\/folhapopular.info\/index.php\/author\/redacao\/"}]}},"jetpack_featured_media_url":"https:\/\/folhapopular.info\/wp-content\/uploads\/2025\/07\/Sindicomerciarios-de-Taquari-e-Regiao-Assina-convencao-coletiva-para-lojas-de-TaquariCredito-da-Foto-Bruno-de-Azevedo-scaled.jpg","jetpack_sharing_enabled":true,"amp_enabled":true,"_links":{"self":[{"href":"https:\/\/folhapopular.info\/index.php\/wp-json\/wp\/v2\/posts\/190724","targetHints":{"allow":["GET"]}}],"collection":[{"href":"https:\/\/folhapopular.info\/index.php\/wp-json\/wp\/v2\/posts"}],"about":[{"href":"https:\/\/folhapopular.info\/index.php\/wp-json\/wp\/v2\/types\/post"}],"author":[{"embeddable":true,"href":"https:\/\/folhapopular.info\/index.php\/wp-json\/wp\/v2\/users\/8"}],"replies":[{"embeddable":true,"href":"https:\/\/folhapopular.info\/index.php\/wp-json\/wp\/v2\/comments?post=190724"}],"version-history":[{"count":0,"href":"https:\/\/folhapopular.info\/index.php\/wp-json\/wp\/v2\/posts\/190724\/revisions"}],"wp:featuredmedia":[{"embeddable":true,"href":"https:\/\/folhapopular.info\/index.php\/wp-json\/wp\/v2\/media\/190725"}],"wp:attachment":[{"href":"https:\/\/folhapopular.info\/index.php\/wp-json\/wp\/v2\/media?parent=190724"}],"wp:term":[{"taxonomy":"category","embeddable":true,"href":"https:\/\/folhapopular.info\/index.php\/wp-json\/wp\/v2\/categories?post=190724"},{"taxonomy":"post_tag","embeddable":true,"href":"https:\/\/folhapopular.info\/index.php\/wp-json\/wp\/v2\/tags?post=190724"}],"curies":[{"name":"wp","href":"https:\/\/api.w.org\/{rel}","templated":true}]}}