{"id":190874,"date":"2025-07-29T10:29:09","date_gmt":"2025-07-29T13:29:09","guid":{"rendered":"https:\/\/folhapopular.info\/?p=190874"},"modified":"2025-07-29T10:36:47","modified_gmt":"2025-07-29T13:36:47","slug":"sicergs-promove-evento-sobre-a-nr-12-e-terceirizacao-do-setor-calcadista-com-apoio-da-acil","status":"publish","type":"post","link":"https:\/\/folhapopular.info\/index.php\/2025\/07\/29\/sicergs-promove-evento-sobre-a-nr-12-e-terceirizacao-do-setor-calcadista-com-apoio-da-acil\/","title":{"rendered":"Sicergs promove evento sobre a NR-12 e terceiriza\u00e7\u00e3o do setor cal\u00e7adista com apoio da Acil"},"content":{"rendered":"\n<p>Com forte presen\u00e7a no Rio Grande do Sul, o setor cal\u00e7adista \u00e9 respons\u00e1vel por mais de 85 mil empregos no estado, sendo mais de 12 mil apenas nos 25 munic\u00edpios do Vale do Taquari. Representando mais de 15% da for\u00e7a de trabalho formal, o segmento \u00e9 acompanhado de perto por entidades como o Sindicato da Ind\u00fastria de Cal\u00e7ados do Estado do Rio Grande do Sul (Sicergs).<\/p>\n\n\n\n<p>Conforme Nei Arruda Filho, assessor jur\u00eddico do Sicergs, &#8220;o Sindicato da Ind\u00fastria de Cal\u00e7adas do Estado do Rio Grande do Sul, como entidade representativa,  entende que \u00e9 muito necess\u00e1rio que se trabalhem esses dois temas, que s\u00e3o muito importantes para a a sustentabilidade da ind\u00fastria cal\u00e7adista como um todo, especialmente aqui na regi\u00e3o&#8221;.<\/p>\n\n\n\n<p>O Sicergs promove um evento na segunda-feira (4\/8) das 9h30 \u00e0s 12h, no audit\u00f3rio do Sesi em Lajeado. O foco ser\u00e1 os principais desafios relacionados \u00e0 Norma Regulamentadora n\u00ba 12 (NR-12) e \u00e0 terceiriza\u00e7\u00e3o no setor cal\u00e7adista.<\/p>\n\n\n\n<p>A programa\u00e7\u00e3o ter\u00e1 palestra com o chefe da Se\u00e7\u00e3o de Seguran\u00e7a e Sa\u00fade do Minist\u00e9rio do Trabalho no RS, S\u00e9rgio Augusto Letizia Garcia, e com a advogada e conselheira do Conselho de Rela\u00e7\u00f5es do Trabalho (Contrab), Gisele de Moraes Garcez.<\/p>\n\n\n\n<p>O evento \u00e9 aberto a empres\u00e1rios, produtores, fabricantes de m\u00e1quinas e demais profissionais ligados ao setor cal\u00e7adista e \u00e9 uma oportunidade para atualiza\u00e7\u00e3o, networking e troca de experi\u00eancias sobre os desafios da ind\u00fastria. As inscri\u00e7\u00f5es devem ser feitas antecipadamente atrav\u00e9s do site\u00a0<a href=\"http:\/\/nr12lajeado.eventize.com.br\/\" target=\"_blank\" rel=\"noreferrer noopener\">nr12lajeado.eventize.com.br<\/a>.\u00a0<\/p>\n\n\n\n<p><strong>Confira a entrevista completa na \u00edntegra:<\/strong><\/p>\n\n\n\n<figure class=\"wp-block-embed is-type-video is-provider-youtube wp-block-embed-youtube wp-embed-aspect-4-3 wp-has-aspect-ratio\"><div class=\"wp-block-embed__wrapper\">\n<div class=\"youtube-embed\" data-video_id=\"\"><iframe loading=\"lazy\" title=\"Seguran\u00e7a e terceiriza\u00e7\u00e3o na ind\u00fastria cal\u00e7adista pautam evento com apoio da Acil em Lajeado\" width=\"696\" height=\"522\" src=\"https:\/\/www.youtube.com\/embed\/Gli4GVw1fbs?feature=oembed&#038;enablejsapi=1\" frameborder=\"0\" allow=\"accelerometer; autoplay; clipboard-write; encrypted-media; gyroscope; picture-in-picture; web-share\" referrerpolicy=\"strict-origin-when-cross-origin\" allowfullscreen><\/iframe><\/div>\n<\/div><\/figure>\n\n\n\n<p><a href=\"https:\/\/www.youtube.com\/@popular969fm\"><\/a><\/p>\n","protected":false},"excerpt":{"rendered":"<p>Com forte presen\u00e7a no Rio Grande do Sul, o setor cal\u00e7adista \u00e9 respons\u00e1vel por mais de 85 mil empregos no estado, sendo mais de 12 mil apenas nos 25 munic\u00edpios do Vale do Taquari. Representando mais de 15% da for\u00e7a de trabalho formal, o segmento \u00e9 acompanhado de perto por entidades como o Sindicato da [&hellip;]<\/p>\n","protected":false},"author":8,"featured_media":190890,"comment_status":"open","ping_status":"open","sticky":false,"template":"","format":"standard","meta":{"pmpro_default_level":"","_jetpack_memberships_contains_paid_content":false,"footnotes":""},"categories":[2,10991],"tags":[214,14431,19064],"class_list":{"0":"post-190874","1":"post","2":"type-post","3":"status-publish","4":"format-standard","5":"has-post-thumbnail","7":"category-featured","8":"category-economia","9":"tag-acil","10":"tag-setor-calcadista","11":"tag-sicergs","12":"pmpro-has-access"},"yoast_head":"<!-- This site is optimized with the Yoast SEO plugin v27.4 - https:\/\/yoast.com\/product\/yoast-seo-wordpress\/ -->\n<title>Sicergs promove evento sobre a NR-12 e terceiriza\u00e7\u00e3o do setor cal\u00e7adista com apoio da Acil - Folha Popular<\/title>\n<meta name=\"robots\" content=\"index, follow, max-snippet:-1, max-image-preview:large, max-video-preview:-1\" \/>\n<link rel=\"canonical\" href=\"https:\/\/folhapopular.info\/index.php\/2025\/07\/29\/sicergs-promove-evento-sobre-a-nr-12-e-terceirizacao-do-setor-calcadista-com-apoio-da-acil\/\" \/>\n<meta property=\"og:locale\" content=\"pt_BR\" \/>\n<meta property=\"og:type\" content=\"article\" \/>\n<meta property=\"og:title\" content=\"Sicergs promove evento sobre a NR-12 e terceiriza\u00e7\u00e3o do setor cal\u00e7adista com apoio da Acil - Folha Popular\" \/>\n<meta property=\"og:description\" content=\"Com forte presen\u00e7a no Rio Grande do Sul, o setor cal\u00e7adista \u00e9 respons\u00e1vel por mais de 85 mil empregos no estado, sendo mais de 12 mil apenas nos 25 munic\u00edpios do Vale do Taquari. Representando mais de 15% da for\u00e7a de trabalho formal, o segmento \u00e9 acompanhado de perto por entidades como o Sindicato da [&hellip;]\" \/>\n<meta property=\"og:url\" content=\"https:\/\/folhapopular.info\/index.php\/2025\/07\/29\/sicergs-promove-evento-sobre-a-nr-12-e-terceirizacao-do-setor-calcadista-com-apoio-da-acil\/\" \/>\n<meta property=\"og:site_name\" content=\"Folha Popular\" \/>\n<meta property=\"article:published_time\" content=\"2025-07-29T13:29:09+00:00\" \/>\n<meta property=\"article:modified_time\" content=\"2025-07-29T13:36:47+00:00\" \/>\n<meta property=\"og:image\" content=\"http:\/\/folhapopular.info\/wp-content\/uploads\/2025\/07\/455029_1163942_img_2573-scaled.jpg\" \/>\n\t<meta property=\"og:image:width\" content=\"2560\" \/>\n\t<meta property=\"og:image:height\" content=\"1707\" \/>\n\t<meta property=\"og:image:type\" content=\"image\/jpeg\" \/>\n<meta name=\"author\" content=\"Reda\u00e7\u00e3o Folha Popular\" \/>\n<meta name=\"twitter:card\" content=\"summary_large_image\" \/>\n<meta name=\"twitter:label1\" content=\"Escrito por\" \/>\n\t<meta name=\"twitter:data1\" content=\"Reda\u00e7\u00e3o Folha Popular\" \/>\n\t<meta name=\"twitter:label2\" content=\"Est. tempo de leitura\" \/>\n\t<meta name=\"twitter:data2\" content=\"2 minutos\" \/>\n<script type=\"application\/ld+json\" class=\"yoast-schema-graph\">{\"@context\":\"https:\\\/\\\/schema.org\",\"@graph\":[{\"@type\":\"Article\",\"@id\":\"https:\\\/\\\/folhapopular.info\\\/index.php\\\/2025\\\/07\\\/29\\\/sicergs-promove-evento-sobre-a-nr-12-e-terceirizacao-do-setor-calcadista-com-apoio-da-acil\\\/#article\",\"isPartOf\":{\"@id\":\"https:\\\/\\\/folhapopular.info\\\/index.php\\\/2025\\\/07\\\/29\\\/sicergs-promove-evento-sobre-a-nr-12-e-terceirizacao-do-setor-calcadista-com-apoio-da-acil\\\/\"},\"author\":{\"name\":\"Reda\u00e7\u00e3o Folha Popular\",\"@id\":\"https:\\\/\\\/folhapopular.info\\\/#\\\/schema\\\/person\\\/2814e8a0df7643585a9ca38bc6eb9d4b\"},\"headline\":\"Sicergs promove evento sobre a NR-12 e terceiriza\u00e7\u00e3o do setor cal\u00e7adista com apoio da Acil\",\"datePublished\":\"2025-07-29T13:29:09+00:00\",\"dateModified\":\"2025-07-29T13:36:47+00:00\",\"mainEntityOfPage\":{\"@id\":\"https:\\\/\\\/folhapopular.info\\\/index.php\\\/2025\\\/07\\\/29\\\/sicergs-promove-evento-sobre-a-nr-12-e-terceirizacao-do-setor-calcadista-com-apoio-da-acil\\\/\"},\"wordCount\":297,\"commentCount\":0,\"image\":{\"@id\":\"https:\\\/\\\/folhapopular.info\\\/index.php\\\/2025\\\/07\\\/29\\\/sicergs-promove-evento-sobre-a-nr-12-e-terceirizacao-do-setor-calcadista-com-apoio-da-acil\\\/#primaryimage\"},\"thumbnailUrl\":\"https:\\\/\\\/folhapopular.info\\\/wp-content\\\/uploads\\\/2025\\\/07\\\/455029_1163942_img_2573-scaled.jpg\",\"keywords\":[\"Acil\",\"Setor cal\u00e7adista\",\"Sicergs\"],\"articleSection\":[\"Destaques\",\"Economia\"],\"inLanguage\":\"pt-BR\",\"potentialAction\":[{\"@type\":\"CommentAction\",\"name\":\"Comment\",\"target\":[\"https:\\\/\\\/folhapopular.info\\\/index.php\\\/2025\\\/07\\\/29\\\/sicergs-promove-evento-sobre-a-nr-12-e-terceirizacao-do-setor-calcadista-com-apoio-da-acil\\\/#respond\"]}]},{\"@type\":\"WebPage\",\"@id\":\"https:\\\/\\\/folhapopular.info\\\/index.php\\\/2025\\\/07\\\/29\\\/sicergs-promove-evento-sobre-a-nr-12-e-terceirizacao-do-setor-calcadista-com-apoio-da-acil\\\/\",\"url\":\"https:\\\/\\\/folhapopular.info\\\/index.php\\\/2025\\\/07\\\/29\\\/sicergs-promove-evento-sobre-a-nr-12-e-terceirizacao-do-setor-calcadista-com-apoio-da-acil\\\/\",\"name\":\"Sicergs promove evento sobre a NR-12 e terceiriza\u00e7\u00e3o do setor cal\u00e7adista com apoio da Acil - Folha Popular\",\"isPartOf\":{\"@id\":\"https:\\\/\\\/folhapopular.info\\\/#website\"},\"primaryImageOfPage\":{\"@id\":\"https:\\\/\\\/folhapopular.info\\\/index.php\\\/2025\\\/07\\\/29\\\/sicergs-promove-evento-sobre-a-nr-12-e-terceirizacao-do-setor-calcadista-com-apoio-da-acil\\\/#primaryimage\"},\"image\":{\"@id\":\"https:\\\/\\\/folhapopular.info\\\/index.php\\\/2025\\\/07\\\/29\\\/sicergs-promove-evento-sobre-a-nr-12-e-terceirizacao-do-setor-calcadista-com-apoio-da-acil\\\/#primaryimage\"},\"thumbnailUrl\":\"https:\\\/\\\/folhapopular.info\\\/wp-content\\\/uploads\\\/2025\\\/07\\\/455029_1163942_img_2573-scaled.jpg\",\"datePublished\":\"2025-07-29T13:29:09+00:00\",\"dateModified\":\"2025-07-29T13:36:47+00:00\",\"author\":{\"@id\":\"https:\\\/\\\/folhapopular.info\\\/#\\\/schema\\\/person\\\/2814e8a0df7643585a9ca38bc6eb9d4b\"},\"breadcrumb\":{\"@id\":\"https:\\\/\\\/folhapopular.info\\\/index.php\\\/2025\\\/07\\\/29\\\/sicergs-promove-evento-sobre-a-nr-12-e-terceirizacao-do-setor-calcadista-com-apoio-da-acil\\\/#breadcrumb\"},\"inLanguage\":\"pt-BR\",\"potentialAction\":[{\"@type\":\"ReadAction\",\"target\":[\"https:\\\/\\\/folhapopular.info\\\/index.php\\\/2025\\\/07\\\/29\\\/sicergs-promove-evento-sobre-a-nr-12-e-terceirizacao-do-setor-calcadista-com-apoio-da-acil\\\/\"]}]},{\"@type\":\"ImageObject\",\"inLanguage\":\"pt-BR\",\"@id\":\"https:\\\/\\\/folhapopular.info\\\/index.php\\\/2025\\\/07\\\/29\\\/sicergs-promove-evento-sobre-a-nr-12-e-terceirizacao-do-setor-calcadista-com-apoio-da-acil\\\/#primaryimage\",\"url\":\"https:\\\/\\\/folhapopular.info\\\/wp-content\\\/uploads\\\/2025\\\/07\\\/455029_1163942_img_2573-scaled.jpg\",\"contentUrl\":\"https:\\\/\\\/folhapopular.info\\\/wp-content\\\/uploads\\\/2025\\\/07\\\/455029_1163942_img_2573-scaled.jpg\",\"width\":2560,\"height\":1707,\"caption\":\"Cr\u00e9dito: Lucas Santos \\\/ Divulga\u00e7\u00e3o\"},{\"@type\":\"BreadcrumbList\",\"@id\":\"https:\\\/\\\/folhapopular.info\\\/index.php\\\/2025\\\/07\\\/29\\\/sicergs-promove-evento-sobre-a-nr-12-e-terceirizacao-do-setor-calcadista-com-apoio-da-acil\\\/#breadcrumb\",\"itemListElement\":[{\"@type\":\"ListItem\",\"position\":1,\"name\":\"In\u00edcio\",\"item\":\"https:\\\/\\\/folhapopular.info\\\/\"},{\"@type\":\"ListItem\",\"position\":2,\"name\":\"Sicergs promove evento sobre a NR-12 e terceiriza\u00e7\u00e3o do setor cal\u00e7adista com apoio da Acil\"}]},{\"@type\":\"WebSite\",\"@id\":\"https:\\\/\\\/folhapopular.info\\\/#website\",\"url\":\"https:\\\/\\\/folhapopular.info\\\/\",\"name\":\"Folha Popular\",\"description\":\"Onde voc\u00ea tem vez e voz\",\"potentialAction\":[{\"@type\":\"SearchAction\",\"target\":{\"@type\":\"EntryPoint\",\"urlTemplate\":\"https:\\\/\\\/folhapopular.info\\\/?s={search_term_string}\"},\"query-input\":{\"@type\":\"PropertyValueSpecification\",\"valueRequired\":true,\"valueName\":\"search_term_string\"}}],\"inLanguage\":\"pt-BR\"},{\"@type\":\"Person\",\"@id\":\"https:\\\/\\\/folhapopular.info\\\/#\\\/schema\\\/person\\\/2814e8a0df7643585a9ca38bc6eb9d4b\",\"name\":\"Reda\u00e7\u00e3o Folha Popular\",\"image\":{\"@type\":\"ImageObject\",\"inLanguage\":\"pt-BR\",\"@id\":\"https:\\\/\\\/folhapopular.info\\\/wp-content\\\/uploads\\\/2026\\\/04\\\/Folha-1.webp\",\"url\":\"https:\\\/\\\/folhapopular.info\\\/wp-content\\\/uploads\\\/2026\\\/04\\\/Folha-1.webp\",\"contentUrl\":\"https:\\\/\\\/folhapopular.info\\\/wp-content\\\/uploads\\\/2026\\\/04\\\/Folha-1.webp\",\"caption\":\"Reda\u00e7\u00e3o Folha Popular\"},\"url\":\"https:\\\/\\\/folhapopular.info\\\/index.php\\\/author\\\/redacao\\\/\"}]}<\/script>\n<!-- \/ Yoast SEO plugin. -->","yoast_head_json":{"title":"Sicergs promove evento sobre a NR-12 e terceiriza\u00e7\u00e3o do setor cal\u00e7adista com apoio da Acil - Folha Popular","robots":{"index":"index","follow":"follow","max-snippet":"max-snippet:-1","max-image-preview":"max-image-preview:large","max-video-preview":"max-video-preview:-1"},"canonical":"https:\/\/folhapopular.info\/index.php\/2025\/07\/29\/sicergs-promove-evento-sobre-a-nr-12-e-terceirizacao-do-setor-calcadista-com-apoio-da-acil\/","og_locale":"pt_BR","og_type":"article","og_title":"Sicergs promove evento sobre a NR-12 e terceiriza\u00e7\u00e3o do setor cal\u00e7adista com apoio da Acil - Folha Popular","og_description":"Com forte presen\u00e7a no Rio Grande do Sul, o setor cal\u00e7adista \u00e9 respons\u00e1vel por mais de 85 mil empregos no estado, sendo mais de 12 mil apenas nos 25 munic\u00edpios do Vale do Taquari. Representando mais de 15% da for\u00e7a de trabalho formal, o segmento \u00e9 acompanhado de perto por entidades como o Sindicato da [&hellip;]","og_url":"https:\/\/folhapopular.info\/index.php\/2025\/07\/29\/sicergs-promove-evento-sobre-a-nr-12-e-terceirizacao-do-setor-calcadista-com-apoio-da-acil\/","og_site_name":"Folha Popular","article_published_time":"2025-07-29T13:29:09+00:00","article_modified_time":"2025-07-29T13:36:47+00:00","og_image":[{"width":2560,"height":1707,"url":"http:\/\/folhapopular.info\/wp-content\/uploads\/2025\/07\/455029_1163942_img_2573-scaled.jpg","type":"image\/jpeg"}],"author":"Reda\u00e7\u00e3o Folha Popular","twitter_card":"summary_large_image","twitter_misc":{"Escrito por":"Reda\u00e7\u00e3o Folha Popular","Est. tempo de leitura":"2 minutos"},"schema":{"@context":"https:\/\/schema.org","@graph":[{"@type":"Article","@id":"https:\/\/folhapopular.info\/index.php\/2025\/07\/29\/sicergs-promove-evento-sobre-a-nr-12-e-terceirizacao-do-setor-calcadista-com-apoio-da-acil\/#article","isPartOf":{"@id":"https:\/\/folhapopular.info\/index.php\/2025\/07\/29\/sicergs-promove-evento-sobre-a-nr-12-e-terceirizacao-do-setor-calcadista-com-apoio-da-acil\/"},"author":{"name":"Reda\u00e7\u00e3o Folha Popular","@id":"https:\/\/folhapopular.info\/#\/schema\/person\/2814e8a0df7643585a9ca38bc6eb9d4b"},"headline":"Sicergs promove evento sobre a NR-12 e terceiriza\u00e7\u00e3o do setor cal\u00e7adista com apoio da Acil","datePublished":"2025-07-29T13:29:09+00:00","dateModified":"2025-07-29T13:36:47+00:00","mainEntityOfPage":{"@id":"https:\/\/folhapopular.info\/index.php\/2025\/07\/29\/sicergs-promove-evento-sobre-a-nr-12-e-terceirizacao-do-setor-calcadista-com-apoio-da-acil\/"},"wordCount":297,"commentCount":0,"image":{"@id":"https:\/\/folhapopular.info\/index.php\/2025\/07\/29\/sicergs-promove-evento-sobre-a-nr-12-e-terceirizacao-do-setor-calcadista-com-apoio-da-acil\/#primaryimage"},"thumbnailUrl":"https:\/\/folhapopular.info\/wp-content\/uploads\/2025\/07\/455029_1163942_img_2573-scaled.jpg","keywords":["Acil","Setor cal\u00e7adista","Sicergs"],"articleSection":["Destaques","Economia"],"inLanguage":"pt-BR","potentialAction":[{"@type":"CommentAction","name":"Comment","target":["https:\/\/folhapopular.info\/index.php\/2025\/07\/29\/sicergs-promove-evento-sobre-a-nr-12-e-terceirizacao-do-setor-calcadista-com-apoio-da-acil\/#respond"]}]},{"@type":"WebPage","@id":"https:\/\/folhapopular.info\/index.php\/2025\/07\/29\/sicergs-promove-evento-sobre-a-nr-12-e-terceirizacao-do-setor-calcadista-com-apoio-da-acil\/","url":"https:\/\/folhapopular.info\/index.php\/2025\/07\/29\/sicergs-promove-evento-sobre-a-nr-12-e-terceirizacao-do-setor-calcadista-com-apoio-da-acil\/","name":"Sicergs promove evento sobre a NR-12 e terceiriza\u00e7\u00e3o do setor cal\u00e7adista com apoio da Acil - Folha Popular","isPartOf":{"@id":"https:\/\/folhapopular.info\/#website"},"primaryImageOfPage":{"@id":"https:\/\/folhapopular.info\/index.php\/2025\/07\/29\/sicergs-promove-evento-sobre-a-nr-12-e-terceirizacao-do-setor-calcadista-com-apoio-da-acil\/#primaryimage"},"image":{"@id":"https:\/\/folhapopular.info\/index.php\/2025\/07\/29\/sicergs-promove-evento-sobre-a-nr-12-e-terceirizacao-do-setor-calcadista-com-apoio-da-acil\/#primaryimage"},"thumbnailUrl":"https:\/\/folhapopular.info\/wp-content\/uploads\/2025\/07\/455029_1163942_img_2573-scaled.jpg","datePublished":"2025-07-29T13:29:09+00:00","dateModified":"2025-07-29T13:36:47+00:00","author":{"@id":"https:\/\/folhapopular.info\/#\/schema\/person\/2814e8a0df7643585a9ca38bc6eb9d4b"},"breadcrumb":{"@id":"https:\/\/folhapopular.info\/index.php\/2025\/07\/29\/sicergs-promove-evento-sobre-a-nr-12-e-terceirizacao-do-setor-calcadista-com-apoio-da-acil\/#breadcrumb"},"inLanguage":"pt-BR","potentialAction":[{"@type":"ReadAction","target":["https:\/\/folhapopular.info\/index.php\/2025\/07\/29\/sicergs-promove-evento-sobre-a-nr-12-e-terceirizacao-do-setor-calcadista-com-apoio-da-acil\/"]}]},{"@type":"ImageObject","inLanguage":"pt-BR","@id":"https:\/\/folhapopular.info\/index.php\/2025\/07\/29\/sicergs-promove-evento-sobre-a-nr-12-e-terceirizacao-do-setor-calcadista-com-apoio-da-acil\/#primaryimage","url":"https:\/\/folhapopular.info\/wp-content\/uploads\/2025\/07\/455029_1163942_img_2573-scaled.jpg","contentUrl":"https:\/\/folhapopular.info\/wp-content\/uploads\/2025\/07\/455029_1163942_img_2573-scaled.jpg","width":2560,"height":1707,"caption":"Cr\u00e9dito: Lucas Santos \/ Divulga\u00e7\u00e3o"},{"@type":"BreadcrumbList","@id":"https:\/\/folhapopular.info\/index.php\/2025\/07\/29\/sicergs-promove-evento-sobre-a-nr-12-e-terceirizacao-do-setor-calcadista-com-apoio-da-acil\/#breadcrumb","itemListElement":[{"@type":"ListItem","position":1,"name":"In\u00edcio","item":"https:\/\/folhapopular.info\/"},{"@type":"ListItem","position":2,"name":"Sicergs promove evento sobre a NR-12 e terceiriza\u00e7\u00e3o do setor cal\u00e7adista com apoio da Acil"}]},{"@type":"WebSite","@id":"https:\/\/folhapopular.info\/#website","url":"https:\/\/folhapopular.info\/","name":"Folha Popular","description":"Onde voc\u00ea tem vez e voz","potentialAction":[{"@type":"SearchAction","target":{"@type":"EntryPoint","urlTemplate":"https:\/\/folhapopular.info\/?s={search_term_string}"},"query-input":{"@type":"PropertyValueSpecification","valueRequired":true,"valueName":"search_term_string"}}],"inLanguage":"pt-BR"},{"@type":"Person","@id":"https:\/\/folhapopular.info\/#\/schema\/person\/2814e8a0df7643585a9ca38bc6eb9d4b","name":"Reda\u00e7\u00e3o Folha Popular","image":{"@type":"ImageObject","inLanguage":"pt-BR","@id":"https:\/\/folhapopular.info\/wp-content\/uploads\/2026\/04\/Folha-1.webp","url":"https:\/\/folhapopular.info\/wp-content\/uploads\/2026\/04\/Folha-1.webp","contentUrl":"https:\/\/folhapopular.info\/wp-content\/uploads\/2026\/04\/Folha-1.webp","caption":"Reda\u00e7\u00e3o Folha Popular"},"url":"https:\/\/folhapopular.info\/index.php\/author\/redacao\/"}]}},"jetpack_featured_media_url":"https:\/\/folhapopular.info\/wp-content\/uploads\/2025\/07\/455029_1163942_img_2573-scaled.jpg","jetpack_sharing_enabled":true,"amp_enabled":true,"_links":{"self":[{"href":"https:\/\/folhapopular.info\/index.php\/wp-json\/wp\/v2\/posts\/190874","targetHints":{"allow":["GET"]}}],"collection":[{"href":"https:\/\/folhapopular.info\/index.php\/wp-json\/wp\/v2\/posts"}],"about":[{"href":"https:\/\/folhapopular.info\/index.php\/wp-json\/wp\/v2\/types\/post"}],"author":[{"embeddable":true,"href":"https:\/\/folhapopular.info\/index.php\/wp-json\/wp\/v2\/users\/8"}],"replies":[{"embeddable":true,"href":"https:\/\/folhapopular.info\/index.php\/wp-json\/wp\/v2\/comments?post=190874"}],"version-history":[{"count":0,"href":"https:\/\/folhapopular.info\/index.php\/wp-json\/wp\/v2\/posts\/190874\/revisions"}],"wp:featuredmedia":[{"embeddable":true,"href":"https:\/\/folhapopular.info\/index.php\/wp-json\/wp\/v2\/media\/190890"}],"wp:attachment":[{"href":"https:\/\/folhapopular.info\/index.php\/wp-json\/wp\/v2\/media?parent=190874"}],"wp:term":[{"taxonomy":"category","embeddable":true,"href":"https:\/\/folhapopular.info\/index.php\/wp-json\/wp\/v2\/categories?post=190874"},{"taxonomy":"post_tag","embeddable":true,"href":"https:\/\/folhapopular.info\/index.php\/wp-json\/wp\/v2\/tags?post=190874"}],"curies":[{"name":"wp","href":"https:\/\/api.w.org\/{rel}","templated":true}]}}