{"id":190999,"date":"2025-07-31T10:00:00","date_gmt":"2025-07-31T13:00:00","guid":{"rendered":"https:\/\/folhapopular.info\/?p=190999"},"modified":"2025-07-31T09:10:13","modified_gmt":"2025-07-31T12:10:13","slug":"abertura-da-26a-copa-certel-sicredi-transferida-para-o-dia-3-de-agosto","status":"publish","type":"post","link":"https:\/\/folhapopular.info\/index.php\/2025\/07\/31\/abertura-da-26a-copa-certel-sicredi-transferida-para-o-dia-3-de-agosto\/","title":{"rendered":"Abertura da 26\u00aa Copa Certel Sicredi transferida para o dia 3 de agosto"},"content":{"rendered":"\n<p>A diretoria da Aslivata emitiu comunicado por volta das 18h40 de s\u00e1bado (26\/7) para adiar o in\u00edcio do Campeonato Regional Certel Sicredi 2025 \u2013 S\u00e9rie A. O jogo inaugural estava marcado para domingo (27\/7), em Guapor\u00e9, entre Juventude de Guapor\u00e9 e Boavistense de Boa Vista do Sul. Por\u00e9m, devido \u00e0 previs\u00e3o de chuva, o jogo foi transferido.<\/p>\n\n\n\n<p>A defini\u00e7\u00e3o foi tomada em comum acordo entre a Aslivata, o anfitri\u00e3o Juventude e o visitante, Boavistense. O jogo est\u00e1 automaticamente marcado para o pr\u00f3ximo domingo (3\/8), quando ser\u00e3o realizados todos os jogos da primeira rodada. Ou seja, n\u00e3o haver\u00e1 partida isolada.<\/p>\n\n\n\n<p>A possibilidade de adiamento foi antecipada pela Folha Popular na quinta-feira (24\/7) pela manh\u00e3, quando os dirigentes do Juventude j\u00e1 alertavam para a previs\u00e3o de muita chuva para domingo. O clube anfitri\u00e3o monitorava a situa\u00e7\u00e3o e ficou no aguardo do posicionamento da organiza\u00e7\u00e3o. A Defesa Civil de Guapor\u00e9 chegou a emitir um comunicado no fim da tarde de s\u00e1bado para o risco meteorol\u00f3gico laranja de alerta.<\/p>\n\n\n\n<p>A Aslivata decidiu esperar at\u00e9 o in\u00edcio da noite para verificar a confirma\u00e7\u00e3o do cen\u00e1rio de chuva o mais pr\u00f3ximo do hor\u00e1rio marcado. O Boavistense demonstrou preocupa\u00e7\u00e3o com o deslocamento dos atletas, hor\u00e1rio de sa\u00edda e o envio da lista de passageiros do \u00f4nibus da categoria Aspirantes para o Daer com anteced\u00eancia m\u00ednima de 12h.<\/p>\n\n\n\n<p><\/p>\n","protected":false},"excerpt":{"rendered":"<p>A diretoria da Aslivata emitiu comunicado por volta das 18h40 de s\u00e1bado (26\/7) para adiar o in\u00edcio do Campeonato Regional Certel Sicredi 2025 \u2013 S\u00e9rie A. O jogo inaugural estava marcado para domingo (27\/7), em Guapor\u00e9, entre Juventude de Guapor\u00e9 e Boavistense de Boa Vista do Sul. Por\u00e9m, devido \u00e0 previs\u00e3o de chuva, o jogo [&hellip;]<\/p>\n","protected":false},"author":7,"featured_media":191002,"comment_status":"open","ping_status":"open","sticky":false,"template":"","format":"standard","meta":{"pmpro_default_level":"","_jetpack_memberships_contains_paid_content":false,"footnotes":""},"categories":[5,240],"tags":[19078,16933,318],"class_list":{"0":"post-190999","1":"post","2":"type-post","3":"status-publish","4":"format-standard","5":"has-post-thumbnail","7":"category-esportes","8":"category-futebol-amador","9":"tag-26a-copa-certel-sicredi","10":"tag-campeonato-regional-certel-sicredi-serie-a","11":"tag-copa-certel-sicredi","12":"pmpro-has-access"},"yoast_head":"<!-- This site is optimized with the Yoast SEO plugin v27.5 - https:\/\/yoast.com\/product\/yoast-seo-wordpress\/ -->\n<title>Abertura da 26\u00aa Copa Certel Sicredi transferida para o dia 3 de agosto - Folha Popular<\/title>\n<meta name=\"robots\" content=\"index, follow, max-snippet:-1, max-image-preview:large, max-video-preview:-1\" \/>\n<link rel=\"canonical\" href=\"https:\/\/folhapopular.info\/index.php\/2025\/07\/31\/abertura-da-26a-copa-certel-sicredi-transferida-para-o-dia-3-de-agosto\/\" \/>\n<meta property=\"og:locale\" content=\"pt_BR\" \/>\n<meta property=\"og:type\" content=\"article\" \/>\n<meta property=\"og:title\" content=\"Abertura da 26\u00aa Copa Certel Sicredi transferida para o dia 3 de agosto - Folha Popular\" \/>\n<meta property=\"og:description\" content=\"A diretoria da Aslivata emitiu comunicado por volta das 18h40 de s\u00e1bado (26\/7) para adiar o in\u00edcio do Campeonato Regional Certel Sicredi 2025 \u2013 S\u00e9rie A. O jogo inaugural estava marcado para domingo (27\/7), em Guapor\u00e9, entre Juventude de Guapor\u00e9 e Boavistense de Boa Vista do Sul. Por\u00e9m, devido \u00e0 previs\u00e3o de chuva, o jogo [&hellip;]\" \/>\n<meta property=\"og:url\" content=\"https:\/\/folhapopular.info\/index.php\/2025\/07\/31\/abertura-da-26a-copa-certel-sicredi-transferida-para-o-dia-3-de-agosto\/\" \/>\n<meta property=\"og:site_name\" content=\"Folha Popular\" \/>\n<meta property=\"article:published_time\" content=\"2025-07-31T13:00:00+00:00\" \/>\n<meta property=\"og:image\" content=\"https:\/\/folhapopular.info\/wp-content\/uploads\/2025\/07\/Partida-de-abertura-sera-no-campo-do-Juventude-de-Guapore-mas-ficou-para-o-dia-3-de-agosto.jpg\" \/>\n\t<meta property=\"og:image:width\" content=\"1536\" \/>\n\t<meta property=\"og:image:height\" content=\"1021\" \/>\n\t<meta property=\"og:image:type\" content=\"image\/jpeg\" \/>\n<meta name=\"author\" content=\"Lucas Leandro Brune\" \/>\n<meta name=\"twitter:card\" content=\"summary_large_image\" \/>\n<meta name=\"twitter:label1\" content=\"Escrito por\" \/>\n\t<meta name=\"twitter:data1\" content=\"Lucas Leandro Brune\" \/>\n\t<meta name=\"twitter:label2\" content=\"Est. tempo de leitura\" \/>\n\t<meta name=\"twitter:data2\" content=\"2 minutos\" \/>\n<script type=\"application\/ld+json\" class=\"yoast-schema-graph\">{\"@context\":\"https:\\\/\\\/schema.org\",\"@graph\":[{\"@type\":\"Article\",\"@id\":\"https:\\\/\\\/folhapopular.info\\\/index.php\\\/2025\\\/07\\\/31\\\/abertura-da-26a-copa-certel-sicredi-transferida-para-o-dia-3-de-agosto\\\/#article\",\"isPartOf\":{\"@id\":\"https:\\\/\\\/folhapopular.info\\\/index.php\\\/2025\\\/07\\\/31\\\/abertura-da-26a-copa-certel-sicredi-transferida-para-o-dia-3-de-agosto\\\/\"},\"author\":{\"name\":\"Lucas Leandro Brune\",\"@id\":\"https:\\\/\\\/folhapopular.info\\\/#\\\/schema\\\/person\\\/533a15f60cd49e81ab3a90b4ca33cb36\"},\"headline\":\"Abertura da 26\u00aa Copa Certel Sicredi transferida para o dia 3 de agosto\",\"datePublished\":\"2025-07-31T13:00:00+00:00\",\"mainEntityOfPage\":{\"@id\":\"https:\\\/\\\/folhapopular.info\\\/index.php\\\/2025\\\/07\\\/31\\\/abertura-da-26a-copa-certel-sicredi-transferida-para-o-dia-3-de-agosto\\\/\"},\"wordCount\":250,\"commentCount\":0,\"image\":{\"@id\":\"https:\\\/\\\/folhapopular.info\\\/index.php\\\/2025\\\/07\\\/31\\\/abertura-da-26a-copa-certel-sicredi-transferida-para-o-dia-3-de-agosto\\\/#primaryimage\"},\"thumbnailUrl\":\"https:\\\/\\\/folhapopular.info\\\/wp-content\\\/uploads\\\/2025\\\/07\\\/Partida-de-abertura-sera-no-campo-do-Juventude-de-Guapore-mas-ficou-para-o-dia-3-de-agosto.jpg\",\"keywords\":[\"26\u00aa Copa Certel Sicredi\",\"Campeonato Regional Certel Sicredi \u2013 S\u00e9rie A\",\"Copa Certel Sicredi\"],\"articleSection\":[\"Esportes\",\"Futebol Amador\"],\"inLanguage\":\"pt-BR\",\"potentialAction\":[{\"@type\":\"CommentAction\",\"name\":\"Comment\",\"target\":[\"https:\\\/\\\/folhapopular.info\\\/index.php\\\/2025\\\/07\\\/31\\\/abertura-da-26a-copa-certel-sicredi-transferida-para-o-dia-3-de-agosto\\\/#respond\"]}]},{\"@type\":\"WebPage\",\"@id\":\"https:\\\/\\\/folhapopular.info\\\/index.php\\\/2025\\\/07\\\/31\\\/abertura-da-26a-copa-certel-sicredi-transferida-para-o-dia-3-de-agosto\\\/\",\"url\":\"https:\\\/\\\/folhapopular.info\\\/index.php\\\/2025\\\/07\\\/31\\\/abertura-da-26a-copa-certel-sicredi-transferida-para-o-dia-3-de-agosto\\\/\",\"name\":\"Abertura da 26\u00aa Copa Certel Sicredi transferida para o dia 3 de agosto - Folha Popular\",\"isPartOf\":{\"@id\":\"https:\\\/\\\/folhapopular.info\\\/#website\"},\"primaryImageOfPage\":{\"@id\":\"https:\\\/\\\/folhapopular.info\\\/index.php\\\/2025\\\/07\\\/31\\\/abertura-da-26a-copa-certel-sicredi-transferida-para-o-dia-3-de-agosto\\\/#primaryimage\"},\"image\":{\"@id\":\"https:\\\/\\\/folhapopular.info\\\/index.php\\\/2025\\\/07\\\/31\\\/abertura-da-26a-copa-certel-sicredi-transferida-para-o-dia-3-de-agosto\\\/#primaryimage\"},\"thumbnailUrl\":\"https:\\\/\\\/folhapopular.info\\\/wp-content\\\/uploads\\\/2025\\\/07\\\/Partida-de-abertura-sera-no-campo-do-Juventude-de-Guapore-mas-ficou-para-o-dia-3-de-agosto.jpg\",\"datePublished\":\"2025-07-31T13:00:00+00:00\",\"author\":{\"@id\":\"https:\\\/\\\/folhapopular.info\\\/#\\\/schema\\\/person\\\/533a15f60cd49e81ab3a90b4ca33cb36\"},\"breadcrumb\":{\"@id\":\"https:\\\/\\\/folhapopular.info\\\/index.php\\\/2025\\\/07\\\/31\\\/abertura-da-26a-copa-certel-sicredi-transferida-para-o-dia-3-de-agosto\\\/#breadcrumb\"},\"inLanguage\":\"pt-BR\",\"potentialAction\":[{\"@type\":\"ReadAction\",\"target\":[\"https:\\\/\\\/folhapopular.info\\\/index.php\\\/2025\\\/07\\\/31\\\/abertura-da-26a-copa-certel-sicredi-transferida-para-o-dia-3-de-agosto\\\/\"]}]},{\"@type\":\"ImageObject\",\"inLanguage\":\"pt-BR\",\"@id\":\"https:\\\/\\\/folhapopular.info\\\/index.php\\\/2025\\\/07\\\/31\\\/abertura-da-26a-copa-certel-sicredi-transferida-para-o-dia-3-de-agosto\\\/#primaryimage\",\"url\":\"https:\\\/\\\/folhapopular.info\\\/wp-content\\\/uploads\\\/2025\\\/07\\\/Partida-de-abertura-sera-no-campo-do-Juventude-de-Guapore-mas-ficou-para-o-dia-3-de-agosto.jpg\",\"contentUrl\":\"https:\\\/\\\/folhapopular.info\\\/wp-content\\\/uploads\\\/2025\\\/07\\\/Partida-de-abertura-sera-no-campo-do-Juventude-de-Guapore-mas-ficou-para-o-dia-3-de-agosto.jpg\",\"width\":1536,\"height\":1021,\"caption\":\"Partida de abertura ser\u00e1 no campo do Juventude de Guapor\u00e9, mas ficou para o dia 3 de agosto \\\/ Cr\u00e9dito: Luis Augusto Huppes - Arquivo FP\"},{\"@type\":\"BreadcrumbList\",\"@id\":\"https:\\\/\\\/folhapopular.info\\\/index.php\\\/2025\\\/07\\\/31\\\/abertura-da-26a-copa-certel-sicredi-transferida-para-o-dia-3-de-agosto\\\/#breadcrumb\",\"itemListElement\":[{\"@type\":\"ListItem\",\"position\":1,\"name\":\"In\u00edcio\",\"item\":\"https:\\\/\\\/folhapopular.info\\\/\"},{\"@type\":\"ListItem\",\"position\":2,\"name\":\"Abertura da 26\u00aa Copa Certel Sicredi transferida para o dia 3 de agosto\"}]},{\"@type\":\"WebSite\",\"@id\":\"https:\\\/\\\/folhapopular.info\\\/#website\",\"url\":\"https:\\\/\\\/folhapopular.info\\\/\",\"name\":\"Folha Popular\",\"description\":\"Onde voc\u00ea tem vez e voz\",\"potentialAction\":[{\"@type\":\"SearchAction\",\"target\":{\"@type\":\"EntryPoint\",\"urlTemplate\":\"https:\\\/\\\/folhapopular.info\\\/?s={search_term_string}\"},\"query-input\":{\"@type\":\"PropertyValueSpecification\",\"valueRequired\":true,\"valueName\":\"search_term_string\"}}],\"inLanguage\":\"pt-BR\"},{\"@type\":\"Person\",\"@id\":\"https:\\\/\\\/folhapopular.info\\\/#\\\/schema\\\/person\\\/533a15f60cd49e81ab3a90b4ca33cb36\",\"name\":\"Lucas Leandro Brune\",\"image\":{\"@type\":\"ImageObject\",\"inLanguage\":\"pt-BR\",\"@id\":\"https:\\\/\\\/folhapopular.info\\\/wp-content\\\/uploads\\\/2026\\\/04\\\/LUCAS-1-1.webp\",\"url\":\"https:\\\/\\\/folhapopular.info\\\/wp-content\\\/uploads\\\/2026\\\/04\\\/LUCAS-1-1.webp\",\"contentUrl\":\"https:\\\/\\\/folhapopular.info\\\/wp-content\\\/uploads\\\/2026\\\/04\\\/LUCAS-1-1.webp\",\"caption\":\"Lucas Leandro Brune\"},\"description\":\"Jornalista Profissional Diplomado MTB\\\/RS 14.333\",\"url\":\"https:\\\/\\\/folhapopular.info\\\/index.php\\\/author\\\/lucas-brune\\\/\"}]}<\/script>\n<!-- \/ Yoast SEO plugin. -->","yoast_head_json":{"title":"Abertura da 26\u00aa Copa Certel Sicredi transferida para o dia 3 de agosto - Folha Popular","robots":{"index":"index","follow":"follow","max-snippet":"max-snippet:-1","max-image-preview":"max-image-preview:large","max-video-preview":"max-video-preview:-1"},"canonical":"https:\/\/folhapopular.info\/index.php\/2025\/07\/31\/abertura-da-26a-copa-certel-sicredi-transferida-para-o-dia-3-de-agosto\/","og_locale":"pt_BR","og_type":"article","og_title":"Abertura da 26\u00aa Copa Certel Sicredi transferida para o dia 3 de agosto - Folha Popular","og_description":"A diretoria da Aslivata emitiu comunicado por volta das 18h40 de s\u00e1bado (26\/7) para adiar o in\u00edcio do Campeonato Regional Certel Sicredi 2025 \u2013 S\u00e9rie A. O jogo inaugural estava marcado para domingo (27\/7), em Guapor\u00e9, entre Juventude de Guapor\u00e9 e Boavistense de Boa Vista do Sul. Por\u00e9m, devido \u00e0 previs\u00e3o de chuva, o jogo [&hellip;]","og_url":"https:\/\/folhapopular.info\/index.php\/2025\/07\/31\/abertura-da-26a-copa-certel-sicredi-transferida-para-o-dia-3-de-agosto\/","og_site_name":"Folha Popular","article_published_time":"2025-07-31T13:00:00+00:00","og_image":[{"width":1536,"height":1021,"url":"https:\/\/folhapopular.info\/wp-content\/uploads\/2025\/07\/Partida-de-abertura-sera-no-campo-do-Juventude-de-Guapore-mas-ficou-para-o-dia-3-de-agosto.jpg","type":"image\/jpeg"}],"author":"Lucas Leandro Brune","twitter_card":"summary_large_image","twitter_misc":{"Escrito por":"Lucas Leandro Brune","Est. tempo de leitura":"2 minutos"},"schema":{"@context":"https:\/\/schema.org","@graph":[{"@type":"Article","@id":"https:\/\/folhapopular.info\/index.php\/2025\/07\/31\/abertura-da-26a-copa-certel-sicredi-transferida-para-o-dia-3-de-agosto\/#article","isPartOf":{"@id":"https:\/\/folhapopular.info\/index.php\/2025\/07\/31\/abertura-da-26a-copa-certel-sicredi-transferida-para-o-dia-3-de-agosto\/"},"author":{"name":"Lucas Leandro Brune","@id":"https:\/\/folhapopular.info\/#\/schema\/person\/533a15f60cd49e81ab3a90b4ca33cb36"},"headline":"Abertura da 26\u00aa Copa Certel Sicredi transferida para o dia 3 de agosto","datePublished":"2025-07-31T13:00:00+00:00","mainEntityOfPage":{"@id":"https:\/\/folhapopular.info\/index.php\/2025\/07\/31\/abertura-da-26a-copa-certel-sicredi-transferida-para-o-dia-3-de-agosto\/"},"wordCount":250,"commentCount":0,"image":{"@id":"https:\/\/folhapopular.info\/index.php\/2025\/07\/31\/abertura-da-26a-copa-certel-sicredi-transferida-para-o-dia-3-de-agosto\/#primaryimage"},"thumbnailUrl":"https:\/\/folhapopular.info\/wp-content\/uploads\/2025\/07\/Partida-de-abertura-sera-no-campo-do-Juventude-de-Guapore-mas-ficou-para-o-dia-3-de-agosto.jpg","keywords":["26\u00aa Copa Certel Sicredi","Campeonato Regional Certel Sicredi \u2013 S\u00e9rie A","Copa Certel Sicredi"],"articleSection":["Esportes","Futebol Amador"],"inLanguage":"pt-BR","potentialAction":[{"@type":"CommentAction","name":"Comment","target":["https:\/\/folhapopular.info\/index.php\/2025\/07\/31\/abertura-da-26a-copa-certel-sicredi-transferida-para-o-dia-3-de-agosto\/#respond"]}]},{"@type":"WebPage","@id":"https:\/\/folhapopular.info\/index.php\/2025\/07\/31\/abertura-da-26a-copa-certel-sicredi-transferida-para-o-dia-3-de-agosto\/","url":"https:\/\/folhapopular.info\/index.php\/2025\/07\/31\/abertura-da-26a-copa-certel-sicredi-transferida-para-o-dia-3-de-agosto\/","name":"Abertura da 26\u00aa Copa Certel Sicredi transferida para o dia 3 de agosto - Folha Popular","isPartOf":{"@id":"https:\/\/folhapopular.info\/#website"},"primaryImageOfPage":{"@id":"https:\/\/folhapopular.info\/index.php\/2025\/07\/31\/abertura-da-26a-copa-certel-sicredi-transferida-para-o-dia-3-de-agosto\/#primaryimage"},"image":{"@id":"https:\/\/folhapopular.info\/index.php\/2025\/07\/31\/abertura-da-26a-copa-certel-sicredi-transferida-para-o-dia-3-de-agosto\/#primaryimage"},"thumbnailUrl":"https:\/\/folhapopular.info\/wp-content\/uploads\/2025\/07\/Partida-de-abertura-sera-no-campo-do-Juventude-de-Guapore-mas-ficou-para-o-dia-3-de-agosto.jpg","datePublished":"2025-07-31T13:00:00+00:00","author":{"@id":"https:\/\/folhapopular.info\/#\/schema\/person\/533a15f60cd49e81ab3a90b4ca33cb36"},"breadcrumb":{"@id":"https:\/\/folhapopular.info\/index.php\/2025\/07\/31\/abertura-da-26a-copa-certel-sicredi-transferida-para-o-dia-3-de-agosto\/#breadcrumb"},"inLanguage":"pt-BR","potentialAction":[{"@type":"ReadAction","target":["https:\/\/folhapopular.info\/index.php\/2025\/07\/31\/abertura-da-26a-copa-certel-sicredi-transferida-para-o-dia-3-de-agosto\/"]}]},{"@type":"ImageObject","inLanguage":"pt-BR","@id":"https:\/\/folhapopular.info\/index.php\/2025\/07\/31\/abertura-da-26a-copa-certel-sicredi-transferida-para-o-dia-3-de-agosto\/#primaryimage","url":"https:\/\/folhapopular.info\/wp-content\/uploads\/2025\/07\/Partida-de-abertura-sera-no-campo-do-Juventude-de-Guapore-mas-ficou-para-o-dia-3-de-agosto.jpg","contentUrl":"https:\/\/folhapopular.info\/wp-content\/uploads\/2025\/07\/Partida-de-abertura-sera-no-campo-do-Juventude-de-Guapore-mas-ficou-para-o-dia-3-de-agosto.jpg","width":1536,"height":1021,"caption":"Partida de abertura ser\u00e1 no campo do Juventude de Guapor\u00e9, mas ficou para o dia 3 de agosto \/ Cr\u00e9dito: Luis Augusto Huppes - Arquivo FP"},{"@type":"BreadcrumbList","@id":"https:\/\/folhapopular.info\/index.php\/2025\/07\/31\/abertura-da-26a-copa-certel-sicredi-transferida-para-o-dia-3-de-agosto\/#breadcrumb","itemListElement":[{"@type":"ListItem","position":1,"name":"In\u00edcio","item":"https:\/\/folhapopular.info\/"},{"@type":"ListItem","position":2,"name":"Abertura da 26\u00aa Copa Certel Sicredi transferida para o dia 3 de agosto"}]},{"@type":"WebSite","@id":"https:\/\/folhapopular.info\/#website","url":"https:\/\/folhapopular.info\/","name":"Folha Popular","description":"Onde voc\u00ea tem vez e voz","potentialAction":[{"@type":"SearchAction","target":{"@type":"EntryPoint","urlTemplate":"https:\/\/folhapopular.info\/?s={search_term_string}"},"query-input":{"@type":"PropertyValueSpecification","valueRequired":true,"valueName":"search_term_string"}}],"inLanguage":"pt-BR"},{"@type":"Person","@id":"https:\/\/folhapopular.info\/#\/schema\/person\/533a15f60cd49e81ab3a90b4ca33cb36","name":"Lucas Leandro Brune","image":{"@type":"ImageObject","inLanguage":"pt-BR","@id":"https:\/\/folhapopular.info\/wp-content\/uploads\/2026\/04\/LUCAS-1-1.webp","url":"https:\/\/folhapopular.info\/wp-content\/uploads\/2026\/04\/LUCAS-1-1.webp","contentUrl":"https:\/\/folhapopular.info\/wp-content\/uploads\/2026\/04\/LUCAS-1-1.webp","caption":"Lucas Leandro Brune"},"description":"Jornalista Profissional Diplomado MTB\/RS 14.333","url":"https:\/\/folhapopular.info\/index.php\/author\/lucas-brune\/"}]}},"jetpack_featured_media_url":"https:\/\/folhapopular.info\/wp-content\/uploads\/2025\/07\/Partida-de-abertura-sera-no-campo-do-Juventude-de-Guapore-mas-ficou-para-o-dia-3-de-agosto.jpg","jetpack_sharing_enabled":true,"amp_enabled":true,"_links":{"self":[{"href":"https:\/\/folhapopular.info\/index.php\/wp-json\/wp\/v2\/posts\/190999","targetHints":{"allow":["GET"]}}],"collection":[{"href":"https:\/\/folhapopular.info\/index.php\/wp-json\/wp\/v2\/posts"}],"about":[{"href":"https:\/\/folhapopular.info\/index.php\/wp-json\/wp\/v2\/types\/post"}],"author":[{"embeddable":true,"href":"https:\/\/folhapopular.info\/index.php\/wp-json\/wp\/v2\/users\/7"}],"replies":[{"embeddable":true,"href":"https:\/\/folhapopular.info\/index.php\/wp-json\/wp\/v2\/comments?post=190999"}],"version-history":[{"count":0,"href":"https:\/\/folhapopular.info\/index.php\/wp-json\/wp\/v2\/posts\/190999\/revisions"}],"wp:featuredmedia":[{"embeddable":true,"href":"https:\/\/folhapopular.info\/index.php\/wp-json\/wp\/v2\/media\/191002"}],"wp:attachment":[{"href":"https:\/\/folhapopular.info\/index.php\/wp-json\/wp\/v2\/media?parent=190999"}],"wp:term":[{"taxonomy":"category","embeddable":true,"href":"https:\/\/folhapopular.info\/index.php\/wp-json\/wp\/v2\/categories?post=190999"},{"taxonomy":"post_tag","embeddable":true,"href":"https:\/\/folhapopular.info\/index.php\/wp-json\/wp\/v2\/tags?post=190999"}],"curies":[{"name":"wp","href":"https:\/\/api.w.org\/{rel}","templated":true}]}}