{"id":191009,"date":"2025-07-31T12:00:00","date_gmt":"2025-07-31T15:00:00","guid":{"rendered":"https:\/\/folhapopular.info\/?p=191009"},"modified":"2025-07-31T09:21:09","modified_gmt":"2025-07-31T12:21:09","slug":"o-titulo-inedito-e-a-motivacao-de-todos-nos","status":"publish","type":"post","link":"https:\/\/folhapopular.info\/index.php\/2025\/07\/31\/o-titulo-inedito-e-a-motivacao-de-todos-nos\/","title":{"rendered":"&#8220;O t\u00edtulo in\u00e9dito \u00e9 a motiva\u00e7\u00e3o de todos n\u00f3s&#8221;"},"content":{"rendered":"\n<p>O Esporte Clube Serrano, de Jacarezinho &#8211; Encantado, inicia sua caminhada no Campeonato Regional da Aslivata 2025 com uma miss\u00e3o clara: buscar o t\u00edtulo in\u00e9dito nas categorias Titulares e Veteranos. Depois de campanhas marcantes que garantiram o vice-campeonato regional nos Titulares em 2023 e Veteranos em 2024 e o t\u00edtulo dos Aspirantes em 2023, o clube aposta em organiza\u00e7\u00e3o, investimentos e engajamento comunit\u00e1rio para transformar boas campanhas em conquistas hist\u00f3ricas.<\/p>\n\n\n\n<p>Segundo o dirigente \u00c9der Tasca, o Serrano ter\u00e1 novamente equipes fortes nas tr\u00eas categorias. \u201cA gente acredita que fez um bom planejamento. Os tr\u00eas times est\u00e3o bem competitivos e vamos desempenhar um bom futebol\u201d, afirmou. O dirigente destaca que, embora o t\u00edtulo ainda n\u00e3o tenha vindo nos Titulares e Veteranos, os resultados recentes mostraram que o clube est\u00e1 no caminho certo. \u201cForam derrotas no detalhe, contra equipes muito qualificadas. Mas aprendemos muito com essas participa\u00e7\u00f5es e refor\u00e7amos bem nossos elencos\u201d, conta.<\/p>\n\n\n\n<p>\u201cO t\u00edtulo in\u00e9dito \u00e9 a motiva\u00e7\u00e3o de todos n\u00f3s\u201d, resume \u00c9der. Mais do que uma frase de efeito, trata-se de um objetivo que norteia todo o projeto do clube. O planejamento inclui a meta clara de classifica\u00e7\u00e3o nas tr\u00eas categorias como primeiro passo, com a consci\u00eancia de que o campeonato est\u00e1 mais nivelado e competitivo do que nunca. \u201cTem muitos ex-profissionais jogando, especialmente no Veterano. \u00c9 um desafio grande\u201d, comenta.<\/p>\n\n\n\n<p>O clube apostou na amplia\u00e7\u00e3o da sua estrutura diretiva. A coordena\u00e7\u00e3o do time principal est\u00e1 a cargo de Remor Bagnara, t\u00e9cnico experiente auxiliado por Arley, Marcos e Marron. O elenco mescla juventude e experi\u00eancia, com nomes como Didi, Zinho (campe\u00e3o regional pelo 7 de Setembro), Rodrigo Sirena, Rondinelli e Dorigon. No Veterano, Gabriel lidera a montagem da equipe. Carly Hans Klepker, Douglas Brusky e Marron est\u00e3o entre os atletas mais conhecidos da categoria Veteranos.<\/p>\n\n\n\n<p>Tamb\u00e9m h\u00e1 integra\u00e7\u00e3o entre categorias. O clube j\u00e1 mapeou ao menos tr\u00eas nomes do Veterano que poder\u00e3o refor\u00e7ar os Titulares, caso necess\u00e1rio, como permite o regulamento. Essa sinergia \u00e9 resultado de um planejamento minucioso, que busca equil\u00edbrio t\u00e9cnico e harmonia na gest\u00e3o. \u201cCada diretor \u00e9 respons\u00e1vel pela organiza\u00e7\u00e3o do seu time e pela comunica\u00e7\u00e3o com os jogadores. Isso gera confian\u00e7a, ambiente positivo e bom rendimento.\u201d<\/p>\n\n\n\n<p>Quanto ao investimento, \u00c9der reconhece que o projeto \u00e9 ambicioso, mas destaca que tudo est\u00e1 dentro de um plano sustent\u00e1vel. \u201cTemos elencos qualificados, o que demanda investimento. Mas, tamb\u00e9m temos limita\u00e7\u00f5es devido \u00e0s enchentes, que exigem aten\u00e7\u00e3o com a infraestrutura. Nosso objetivo \u00e9 ter times competitivos e um ambiente acolhedor para quem frequenta o est\u00e1dio\u201d, cita.<\/p>\n\n\n\n<p>Com base s\u00f3lida e metas bem definidas, o Serrano entra no Regional 2025 com o sonho do t\u00edtulo in\u00e9dito nas categorias e os p\u00e9s no ch\u00e3o, valorizando a reconstru\u00e7\u00e3o, a participa\u00e7\u00e3o comunit\u00e1ria e a evolu\u00e7\u00e3o cont\u00ednua do clube.<\/p>\n\n\n\n<p>Para \u00c9der e todos os envolvidos no projeto, mais do que erguer uma ta\u00e7a, o objetivo \u00e9 consolidar um legado. E, se depender de planejamento, uni\u00e3o e perseveran\u00e7a, Jacarezinho ainda tem muitos cap\u00edtulos para escrever na hist\u00f3ria do futebol regional.<\/p>\n\n\n\n<p><strong>Sede recuperada<\/strong><\/p>\n\n\n\n<p>Outro cap\u00edtulo importante da trajet\u00f3ria recente do clube \u00e9 a supera\u00e7\u00e3o das enchentes. A sede do Serrano, localizada nas margens do arroio Jacarezinho, foi fortemente atingida pelas cheias de novembro de 2023 e maio de 2024. Mesmo assim, o clube manteve suas atividades. \u201cSe n\u00e3o fossem essas cat\u00e1strofes, a gente estaria ainda mais forte, esportivamente falando. Mas, psicologicamente, estamos mais preparados. Aprendemos muito e recebemos muita ajuda de pessoas, de entidades. Foi emocionante ver a solidariedade da comunidade\u201d, contou \u00c9der, ao lembrar que a equipe precisou at\u00e9 mesmo trocar o local de jogos em 2023. \u201cNa semifinal contra o Fluminense, minha casa estava alagada e n\u00e3o pude nem ir ao jogo. Mas cada gol do Serrano era comemorado com buzina\u00e7o. Foi marcante\u201d, aponta.<\/p>\n\n\n\n<p>A retomada da estrutura f\u00edsica tamb\u00e9m foi prioridade. O est\u00e1dio do Jacarezinho passou por melhorias e, segundo \u00c9der, est\u00e1 entre os melhores da regi\u00e3o. \u201cNosso campo est\u00e1 em \u00f3timas condi\u00e7\u00f5es. Ainda temos pontos externos da estrutura para melhorar, mas estamos num bom momento\u201d, afirma.<\/p>\n\n\n\n<p>A recupera\u00e7\u00e3o da sede n\u00e3o \u00e9 apenas uma conquista material. Ela refor\u00e7a o elo com a comunidade, que tem papel decisivo no projeto do clube, desde a atua\u00e7\u00e3o de dirigentes at\u00e9 a presen\u00e7a de jovens nas escolinhas.<\/p>\n\n\n\n<p><strong>Talentos<\/strong><\/p>\n\n\n\n<p>A forma\u00e7\u00e3o de novos talentos e dirigentes \u00e9 outra frente importante do Serrano. \u201cTemos uma gera\u00e7\u00e3o de crian\u00e7as de 11, 12 anos que ser\u00e3o os nossos futuros atletas e diretores. Tivemos uma lacuna geracional, mas agora a comunidade est\u00e1 voltando a frequentar o est\u00e1dio, levando seus filhos, e isso \u00e9 fundamental para garantir o futuro do clube. Nossa esperan\u00e7a \u00e9 que tenhamos menos necessidade de buscar atletas de fora no futuro\u201d, destacou \u00c9der. Atualmente, o elenco principal ainda depende de refor\u00e7os externos, mas a base local vem sendo fortalecida, especialmente nos Aspirantes.<\/p>\n","protected":false},"excerpt":{"rendered":"<p>O Esporte Clube Serrano, de Jacarezinho &#8211; Encantado, inicia sua caminhada no Campeonato Regional da Aslivata 2025 com uma miss\u00e3o clara: buscar o t\u00edtulo in\u00e9dito nas categorias Titulares e Veteranos. Depois de campanhas marcantes que garantiram o vice-campeonato regional nos Titulares em 2023 e Veteranos em 2024 e o t\u00edtulo dos Aspirantes em 2023, o [&hellip;]<\/p>\n","protected":false},"author":7,"featured_media":191010,"comment_status":"open","ping_status":"open","sticky":false,"template":"","format":"standard","meta":{"pmpro_default_level":"","_jetpack_memberships_contains_paid_content":false,"footnotes":""},"categories":[5,240],"tags":[19080,466,19079,498],"class_list":{"0":"post-191009","1":"post","2":"type-post","3":"status-publish","4":"format-standard","5":"has-post-thumbnail","7":"category-esportes","8":"category-futebol-amador","9":"tag-campeonato-regional-aslivata","10":"tag-encantado","11":"tag-esporte-clube-serrano","12":"tag-futebol","13":"pmpro-has-access"},"yoast_head":"<!-- This site is optimized with the Yoast SEO plugin v27.5 - https:\/\/yoast.com\/product\/yoast-seo-wordpress\/ -->\n<title>&quot;O t\u00edtulo in\u00e9dito \u00e9 a motiva\u00e7\u00e3o de todos n\u00f3s&quot; - Folha Popular<\/title>\n<meta name=\"robots\" content=\"index, follow, max-snippet:-1, max-image-preview:large, max-video-preview:-1\" \/>\n<link rel=\"canonical\" href=\"https:\/\/folhapopular.info\/index.php\/2025\/07\/31\/o-titulo-inedito-e-a-motivacao-de-todos-nos\/\" \/>\n<meta property=\"og:locale\" content=\"pt_BR\" \/>\n<meta property=\"og:type\" content=\"article\" \/>\n<meta property=\"og:title\" content=\"&quot;O t\u00edtulo in\u00e9dito \u00e9 a motiva\u00e7\u00e3o de todos n\u00f3s&quot; - Folha Popular\" \/>\n<meta property=\"og:description\" content=\"O Esporte Clube Serrano, de Jacarezinho &#8211; Encantado, inicia sua caminhada no Campeonato Regional da Aslivata 2025 com uma miss\u00e3o clara: buscar o t\u00edtulo in\u00e9dito nas categorias Titulares e Veteranos. Depois de campanhas marcantes que garantiram o vice-campeonato regional nos Titulares em 2023 e Veteranos em 2024 e o t\u00edtulo dos Aspirantes em 2023, o [&hellip;]\" \/>\n<meta property=\"og:url\" content=\"https:\/\/folhapopular.info\/index.php\/2025\/07\/31\/o-titulo-inedito-e-a-motivacao-de-todos-nos\/\" \/>\n<meta property=\"og:site_name\" content=\"Folha Popular\" \/>\n<meta property=\"article:published_time\" content=\"2025-07-31T15:00:00+00:00\" \/>\n<meta property=\"og:image\" content=\"https:\/\/folhapopular.info\/wp-content\/uploads\/2025\/07\/Serrano-de-Encantado-conquistou-o-vice-campeonato-de-Titulares-em-2023_Arquivo-FP.jpeg\" \/>\n\t<meta property=\"og:image:width\" content=\"1600\" \/>\n\t<meta property=\"og:image:height\" content=\"1200\" \/>\n\t<meta property=\"og:image:type\" content=\"image\/jpeg\" \/>\n<meta name=\"author\" content=\"Lucas Leandro Brune\" \/>\n<meta name=\"twitter:card\" content=\"summary_large_image\" \/>\n<meta name=\"twitter:label1\" content=\"Escrito por\" \/>\n\t<meta name=\"twitter:data1\" content=\"Lucas Leandro Brune\" \/>\n\t<meta name=\"twitter:label2\" content=\"Est. tempo de leitura\" \/>\n\t<meta name=\"twitter:data2\" content=\"4 minutos\" \/>\n<script type=\"application\/ld+json\" class=\"yoast-schema-graph\">{\"@context\":\"https:\\\/\\\/schema.org\",\"@graph\":[{\"@type\":\"Article\",\"@id\":\"https:\\\/\\\/folhapopular.info\\\/index.php\\\/2025\\\/07\\\/31\\\/o-titulo-inedito-e-a-motivacao-de-todos-nos\\\/#article\",\"isPartOf\":{\"@id\":\"https:\\\/\\\/folhapopular.info\\\/index.php\\\/2025\\\/07\\\/31\\\/o-titulo-inedito-e-a-motivacao-de-todos-nos\\\/\"},\"author\":{\"name\":\"Lucas Leandro Brune\",\"@id\":\"https:\\\/\\\/folhapopular.info\\\/#\\\/schema\\\/person\\\/533a15f60cd49e81ab3a90b4ca33cb36\"},\"headline\":\"&#8220;O t\u00edtulo in\u00e9dito \u00e9 a motiva\u00e7\u00e3o de todos n\u00f3s&#8221;\",\"datePublished\":\"2025-07-31T15:00:00+00:00\",\"mainEntityOfPage\":{\"@id\":\"https:\\\/\\\/folhapopular.info\\\/index.php\\\/2025\\\/07\\\/31\\\/o-titulo-inedito-e-a-motivacao-de-todos-nos\\\/\"},\"wordCount\":866,\"commentCount\":0,\"image\":{\"@id\":\"https:\\\/\\\/folhapopular.info\\\/index.php\\\/2025\\\/07\\\/31\\\/o-titulo-inedito-e-a-motivacao-de-todos-nos\\\/#primaryimage\"},\"thumbnailUrl\":\"https:\\\/\\\/folhapopular.info\\\/wp-content\\\/uploads\\\/2025\\\/07\\\/Serrano-de-Encantado-conquistou-o-vice-campeonato-de-Titulares-em-2023_Arquivo-FP.jpeg\",\"keywords\":[\"Campeonato Regional Aslivata\",\"Encantado\",\"Esporte Clube Serrano\",\"Futebol\"],\"articleSection\":[\"Esportes\",\"Futebol Amador\"],\"inLanguage\":\"pt-BR\",\"potentialAction\":[{\"@type\":\"CommentAction\",\"name\":\"Comment\",\"target\":[\"https:\\\/\\\/folhapopular.info\\\/index.php\\\/2025\\\/07\\\/31\\\/o-titulo-inedito-e-a-motivacao-de-todos-nos\\\/#respond\"]}]},{\"@type\":\"WebPage\",\"@id\":\"https:\\\/\\\/folhapopular.info\\\/index.php\\\/2025\\\/07\\\/31\\\/o-titulo-inedito-e-a-motivacao-de-todos-nos\\\/\",\"url\":\"https:\\\/\\\/folhapopular.info\\\/index.php\\\/2025\\\/07\\\/31\\\/o-titulo-inedito-e-a-motivacao-de-todos-nos\\\/\",\"name\":\"\\\"O t\u00edtulo in\u00e9dito \u00e9 a motiva\u00e7\u00e3o de todos n\u00f3s\\\" - Folha Popular\",\"isPartOf\":{\"@id\":\"https:\\\/\\\/folhapopular.info\\\/#website\"},\"primaryImageOfPage\":{\"@id\":\"https:\\\/\\\/folhapopular.info\\\/index.php\\\/2025\\\/07\\\/31\\\/o-titulo-inedito-e-a-motivacao-de-todos-nos\\\/#primaryimage\"},\"image\":{\"@id\":\"https:\\\/\\\/folhapopular.info\\\/index.php\\\/2025\\\/07\\\/31\\\/o-titulo-inedito-e-a-motivacao-de-todos-nos\\\/#primaryimage\"},\"thumbnailUrl\":\"https:\\\/\\\/folhapopular.info\\\/wp-content\\\/uploads\\\/2025\\\/07\\\/Serrano-de-Encantado-conquistou-o-vice-campeonato-de-Titulares-em-2023_Arquivo-FP.jpeg\",\"datePublished\":\"2025-07-31T15:00:00+00:00\",\"author\":{\"@id\":\"https:\\\/\\\/folhapopular.info\\\/#\\\/schema\\\/person\\\/533a15f60cd49e81ab3a90b4ca33cb36\"},\"breadcrumb\":{\"@id\":\"https:\\\/\\\/folhapopular.info\\\/index.php\\\/2025\\\/07\\\/31\\\/o-titulo-inedito-e-a-motivacao-de-todos-nos\\\/#breadcrumb\"},\"inLanguage\":\"pt-BR\",\"potentialAction\":[{\"@type\":\"ReadAction\",\"target\":[\"https:\\\/\\\/folhapopular.info\\\/index.php\\\/2025\\\/07\\\/31\\\/o-titulo-inedito-e-a-motivacao-de-todos-nos\\\/\"]}]},{\"@type\":\"ImageObject\",\"inLanguage\":\"pt-BR\",\"@id\":\"https:\\\/\\\/folhapopular.info\\\/index.php\\\/2025\\\/07\\\/31\\\/o-titulo-inedito-e-a-motivacao-de-todos-nos\\\/#primaryimage\",\"url\":\"https:\\\/\\\/folhapopular.info\\\/wp-content\\\/uploads\\\/2025\\\/07\\\/Serrano-de-Encantado-conquistou-o-vice-campeonato-de-Titulares-em-2023_Arquivo-FP.jpeg\",\"contentUrl\":\"https:\\\/\\\/folhapopular.info\\\/wp-content\\\/uploads\\\/2025\\\/07\\\/Serrano-de-Encantado-conquistou-o-vice-campeonato-de-Titulares-em-2023_Arquivo-FP.jpeg\",\"width\":1600,\"height\":1200,\"caption\":\"Serrano de Encantado conquistou o vice-campeonato de Titulares em 2023 \\\/ Cr\u00e9dito: Arquivo FP\"},{\"@type\":\"BreadcrumbList\",\"@id\":\"https:\\\/\\\/folhapopular.info\\\/index.php\\\/2025\\\/07\\\/31\\\/o-titulo-inedito-e-a-motivacao-de-todos-nos\\\/#breadcrumb\",\"itemListElement\":[{\"@type\":\"ListItem\",\"position\":1,\"name\":\"In\u00edcio\",\"item\":\"https:\\\/\\\/folhapopular.info\\\/\"},{\"@type\":\"ListItem\",\"position\":2,\"name\":\"&#8220;O t\u00edtulo in\u00e9dito \u00e9 a motiva\u00e7\u00e3o de todos n\u00f3s&#8221;\"}]},{\"@type\":\"WebSite\",\"@id\":\"https:\\\/\\\/folhapopular.info\\\/#website\",\"url\":\"https:\\\/\\\/folhapopular.info\\\/\",\"name\":\"Folha Popular\",\"description\":\"Onde voc\u00ea tem vez e voz\",\"potentialAction\":[{\"@type\":\"SearchAction\",\"target\":{\"@type\":\"EntryPoint\",\"urlTemplate\":\"https:\\\/\\\/folhapopular.info\\\/?s={search_term_string}\"},\"query-input\":{\"@type\":\"PropertyValueSpecification\",\"valueRequired\":true,\"valueName\":\"search_term_string\"}}],\"inLanguage\":\"pt-BR\"},{\"@type\":\"Person\",\"@id\":\"https:\\\/\\\/folhapopular.info\\\/#\\\/schema\\\/person\\\/533a15f60cd49e81ab3a90b4ca33cb36\",\"name\":\"Lucas Leandro Brune\",\"image\":{\"@type\":\"ImageObject\",\"inLanguage\":\"pt-BR\",\"@id\":\"https:\\\/\\\/folhapopular.info\\\/wp-content\\\/uploads\\\/2026\\\/04\\\/LUCAS-1-1.webp\",\"url\":\"https:\\\/\\\/folhapopular.info\\\/wp-content\\\/uploads\\\/2026\\\/04\\\/LUCAS-1-1.webp\",\"contentUrl\":\"https:\\\/\\\/folhapopular.info\\\/wp-content\\\/uploads\\\/2026\\\/04\\\/LUCAS-1-1.webp\",\"caption\":\"Lucas Leandro Brune\"},\"description\":\"Jornalista Profissional Diplomado MTB\\\/RS 14.333\",\"url\":\"https:\\\/\\\/folhapopular.info\\\/index.php\\\/author\\\/lucas-brune\\\/\"}]}<\/script>\n<!-- \/ Yoast SEO plugin. -->","yoast_head_json":{"title":"\"O t\u00edtulo in\u00e9dito \u00e9 a motiva\u00e7\u00e3o de todos n\u00f3s\" - Folha Popular","robots":{"index":"index","follow":"follow","max-snippet":"max-snippet:-1","max-image-preview":"max-image-preview:large","max-video-preview":"max-video-preview:-1"},"canonical":"https:\/\/folhapopular.info\/index.php\/2025\/07\/31\/o-titulo-inedito-e-a-motivacao-de-todos-nos\/","og_locale":"pt_BR","og_type":"article","og_title":"\"O t\u00edtulo in\u00e9dito \u00e9 a motiva\u00e7\u00e3o de todos n\u00f3s\" - Folha Popular","og_description":"O Esporte Clube Serrano, de Jacarezinho &#8211; Encantado, inicia sua caminhada no Campeonato Regional da Aslivata 2025 com uma miss\u00e3o clara: buscar o t\u00edtulo in\u00e9dito nas categorias Titulares e Veteranos. Depois de campanhas marcantes que garantiram o vice-campeonato regional nos Titulares em 2023 e Veteranos em 2024 e o t\u00edtulo dos Aspirantes em 2023, o [&hellip;]","og_url":"https:\/\/folhapopular.info\/index.php\/2025\/07\/31\/o-titulo-inedito-e-a-motivacao-de-todos-nos\/","og_site_name":"Folha Popular","article_published_time":"2025-07-31T15:00:00+00:00","og_image":[{"width":1600,"height":1200,"url":"https:\/\/folhapopular.info\/wp-content\/uploads\/2025\/07\/Serrano-de-Encantado-conquistou-o-vice-campeonato-de-Titulares-em-2023_Arquivo-FP.jpeg","type":"image\/jpeg"}],"author":"Lucas Leandro Brune","twitter_card":"summary_large_image","twitter_misc":{"Escrito por":"Lucas Leandro Brune","Est. tempo de leitura":"4 minutos"},"schema":{"@context":"https:\/\/schema.org","@graph":[{"@type":"Article","@id":"https:\/\/folhapopular.info\/index.php\/2025\/07\/31\/o-titulo-inedito-e-a-motivacao-de-todos-nos\/#article","isPartOf":{"@id":"https:\/\/folhapopular.info\/index.php\/2025\/07\/31\/o-titulo-inedito-e-a-motivacao-de-todos-nos\/"},"author":{"name":"Lucas Leandro Brune","@id":"https:\/\/folhapopular.info\/#\/schema\/person\/533a15f60cd49e81ab3a90b4ca33cb36"},"headline":"&#8220;O t\u00edtulo in\u00e9dito \u00e9 a motiva\u00e7\u00e3o de todos n\u00f3s&#8221;","datePublished":"2025-07-31T15:00:00+00:00","mainEntityOfPage":{"@id":"https:\/\/folhapopular.info\/index.php\/2025\/07\/31\/o-titulo-inedito-e-a-motivacao-de-todos-nos\/"},"wordCount":866,"commentCount":0,"image":{"@id":"https:\/\/folhapopular.info\/index.php\/2025\/07\/31\/o-titulo-inedito-e-a-motivacao-de-todos-nos\/#primaryimage"},"thumbnailUrl":"https:\/\/folhapopular.info\/wp-content\/uploads\/2025\/07\/Serrano-de-Encantado-conquistou-o-vice-campeonato-de-Titulares-em-2023_Arquivo-FP.jpeg","keywords":["Campeonato Regional Aslivata","Encantado","Esporte Clube Serrano","Futebol"],"articleSection":["Esportes","Futebol Amador"],"inLanguage":"pt-BR","potentialAction":[{"@type":"CommentAction","name":"Comment","target":["https:\/\/folhapopular.info\/index.php\/2025\/07\/31\/o-titulo-inedito-e-a-motivacao-de-todos-nos\/#respond"]}]},{"@type":"WebPage","@id":"https:\/\/folhapopular.info\/index.php\/2025\/07\/31\/o-titulo-inedito-e-a-motivacao-de-todos-nos\/","url":"https:\/\/folhapopular.info\/index.php\/2025\/07\/31\/o-titulo-inedito-e-a-motivacao-de-todos-nos\/","name":"\"O t\u00edtulo in\u00e9dito \u00e9 a motiva\u00e7\u00e3o de todos n\u00f3s\" - Folha Popular","isPartOf":{"@id":"https:\/\/folhapopular.info\/#website"},"primaryImageOfPage":{"@id":"https:\/\/folhapopular.info\/index.php\/2025\/07\/31\/o-titulo-inedito-e-a-motivacao-de-todos-nos\/#primaryimage"},"image":{"@id":"https:\/\/folhapopular.info\/index.php\/2025\/07\/31\/o-titulo-inedito-e-a-motivacao-de-todos-nos\/#primaryimage"},"thumbnailUrl":"https:\/\/folhapopular.info\/wp-content\/uploads\/2025\/07\/Serrano-de-Encantado-conquistou-o-vice-campeonato-de-Titulares-em-2023_Arquivo-FP.jpeg","datePublished":"2025-07-31T15:00:00+00:00","author":{"@id":"https:\/\/folhapopular.info\/#\/schema\/person\/533a15f60cd49e81ab3a90b4ca33cb36"},"breadcrumb":{"@id":"https:\/\/folhapopular.info\/index.php\/2025\/07\/31\/o-titulo-inedito-e-a-motivacao-de-todos-nos\/#breadcrumb"},"inLanguage":"pt-BR","potentialAction":[{"@type":"ReadAction","target":["https:\/\/folhapopular.info\/index.php\/2025\/07\/31\/o-titulo-inedito-e-a-motivacao-de-todos-nos\/"]}]},{"@type":"ImageObject","inLanguage":"pt-BR","@id":"https:\/\/folhapopular.info\/index.php\/2025\/07\/31\/o-titulo-inedito-e-a-motivacao-de-todos-nos\/#primaryimage","url":"https:\/\/folhapopular.info\/wp-content\/uploads\/2025\/07\/Serrano-de-Encantado-conquistou-o-vice-campeonato-de-Titulares-em-2023_Arquivo-FP.jpeg","contentUrl":"https:\/\/folhapopular.info\/wp-content\/uploads\/2025\/07\/Serrano-de-Encantado-conquistou-o-vice-campeonato-de-Titulares-em-2023_Arquivo-FP.jpeg","width":1600,"height":1200,"caption":"Serrano de Encantado conquistou o vice-campeonato de Titulares em 2023 \/ Cr\u00e9dito: Arquivo FP"},{"@type":"BreadcrumbList","@id":"https:\/\/folhapopular.info\/index.php\/2025\/07\/31\/o-titulo-inedito-e-a-motivacao-de-todos-nos\/#breadcrumb","itemListElement":[{"@type":"ListItem","position":1,"name":"In\u00edcio","item":"https:\/\/folhapopular.info\/"},{"@type":"ListItem","position":2,"name":"&#8220;O t\u00edtulo in\u00e9dito \u00e9 a motiva\u00e7\u00e3o de todos n\u00f3s&#8221;"}]},{"@type":"WebSite","@id":"https:\/\/folhapopular.info\/#website","url":"https:\/\/folhapopular.info\/","name":"Folha Popular","description":"Onde voc\u00ea tem vez e voz","potentialAction":[{"@type":"SearchAction","target":{"@type":"EntryPoint","urlTemplate":"https:\/\/folhapopular.info\/?s={search_term_string}"},"query-input":{"@type":"PropertyValueSpecification","valueRequired":true,"valueName":"search_term_string"}}],"inLanguage":"pt-BR"},{"@type":"Person","@id":"https:\/\/folhapopular.info\/#\/schema\/person\/533a15f60cd49e81ab3a90b4ca33cb36","name":"Lucas Leandro Brune","image":{"@type":"ImageObject","inLanguage":"pt-BR","@id":"https:\/\/folhapopular.info\/wp-content\/uploads\/2026\/04\/LUCAS-1-1.webp","url":"https:\/\/folhapopular.info\/wp-content\/uploads\/2026\/04\/LUCAS-1-1.webp","contentUrl":"https:\/\/folhapopular.info\/wp-content\/uploads\/2026\/04\/LUCAS-1-1.webp","caption":"Lucas Leandro Brune"},"description":"Jornalista Profissional Diplomado MTB\/RS 14.333","url":"https:\/\/folhapopular.info\/index.php\/author\/lucas-brune\/"}]}},"jetpack_featured_media_url":"https:\/\/folhapopular.info\/wp-content\/uploads\/2025\/07\/Serrano-de-Encantado-conquistou-o-vice-campeonato-de-Titulares-em-2023_Arquivo-FP.jpeg","jetpack_sharing_enabled":true,"amp_enabled":true,"_links":{"self":[{"href":"https:\/\/folhapopular.info\/index.php\/wp-json\/wp\/v2\/posts\/191009","targetHints":{"allow":["GET"]}}],"collection":[{"href":"https:\/\/folhapopular.info\/index.php\/wp-json\/wp\/v2\/posts"}],"about":[{"href":"https:\/\/folhapopular.info\/index.php\/wp-json\/wp\/v2\/types\/post"}],"author":[{"embeddable":true,"href":"https:\/\/folhapopular.info\/index.php\/wp-json\/wp\/v2\/users\/7"}],"replies":[{"embeddable":true,"href":"https:\/\/folhapopular.info\/index.php\/wp-json\/wp\/v2\/comments?post=191009"}],"version-history":[{"count":0,"href":"https:\/\/folhapopular.info\/index.php\/wp-json\/wp\/v2\/posts\/191009\/revisions"}],"wp:featuredmedia":[{"embeddable":true,"href":"https:\/\/folhapopular.info\/index.php\/wp-json\/wp\/v2\/media\/191010"}],"wp:attachment":[{"href":"https:\/\/folhapopular.info\/index.php\/wp-json\/wp\/v2\/media?parent=191009"}],"wp:term":[{"taxonomy":"category","embeddable":true,"href":"https:\/\/folhapopular.info\/index.php\/wp-json\/wp\/v2\/categories?post=191009"},{"taxonomy":"post_tag","embeddable":true,"href":"https:\/\/folhapopular.info\/index.php\/wp-json\/wp\/v2\/tags?post=191009"}],"curies":[{"name":"wp","href":"https:\/\/api.w.org\/{rel}","templated":true}]}}