{"id":191023,"date":"2025-08-01T10:00:00","date_gmt":"2025-08-01T13:00:00","guid":{"rendered":"https:\/\/folhapopular.info\/?p=191023"},"modified":"2025-07-31T10:34:14","modified_gmt":"2025-07-31T13:34:14","slug":"cdl-lajeado-discute-crise-de-mao-de-obra-em-reuniao-com-liderancas-empresariais","status":"publish","type":"post","link":"https:\/\/folhapopular.info\/index.php\/2025\/08\/01\/cdl-lajeado-discute-crise-de-mao-de-obra-em-reuniao-com-liderancas-empresariais\/","title":{"rendered":"CDL Lajeado discute crise de m\u00e3o de obra em reuni\u00e3o com lideran\u00e7as empresariais"},"content":{"rendered":"\n<p>A escassez de m\u00e3o de obra qualificada foi o principal tema debatido durante a reuni\u00e3o mensal da diretoria da CDL Lajeado, realizada na ter\u00e7a-feira (29\/7), na sede da entidade. O encontro contou com a participa\u00e7\u00e3o da diretora da Acil, Jana\u00edna Schneider, que apresentou os resultados de uma pesquisa conduzida pela associa\u00e7\u00e3o entre os dias 6 e 30 de junho com empresas da regi\u00e3o.<\/p>\n\n\n\n<p>Segundo o levantamento, 77 empresas participaram da consulta e, destas, 80% relataram ter vagas abertas. Os principais entraves na contrata\u00e7\u00e3o, de acordo com os empres\u00e1rios, incluem falta de qualifica\u00e7\u00e3o t\u00e9cnica e comportamental, excesso de benef\u00edcios sociais, rigidez nos hor\u00e1rios de trabalho e exig\u00eancia de expediente aos s\u00e1bados. Os setores com maior demanda s\u00e3o a ind\u00fastria, o com\u00e9rcio, a constru\u00e7\u00e3o civil e os servi\u00e7os. \u201c\u00c9 meio que um buraco negro. N\u00e3o existem solu\u00e7\u00f5es simples para problemas complexos, e esse \u00e9 um problema muito complexo, que n\u00e3o atinge somente Lajeado\u201d, afirmou Jana\u00edna.<\/p>\n\n\n\n<p>Diante do cen\u00e1rio, os diretores da CDL discutiram alternativas para enfrentar o desafio. Entre as propostas, est\u00e3o o amplia\u00e7\u00e3o do di\u00e1logo com entidades da sociedade civil, como o F\u00f3rum das Entidades, e a escuta ativa de trabalhadores, com o objetivo de alinhar as percep\u00e7\u00f5es dos empregadores \u00e0s experi\u00eancias dos profissionais. A presidente da CDL, Giselda Hahn, destacou a import\u00e2ncia de uma atua\u00e7\u00e3o conjunta: \u201cTem um problema espec\u00edfico, que \u00e9 empresarial, mas h\u00e1 tamb\u00e9m quest\u00f5es de infraestrutura que n\u00e3o dependem apenas de n\u00f3s\u201d.<\/p>\n\n\n\n<p>Al\u00e9m da pauta principal, a reuni\u00e3o tratou de outros assuntos relevantes, como a demanda pela constru\u00e7\u00e3o de uma nova ponte sobre o Rio Taquari, que ser\u00e1 levada \u00e0 Federasul. A diretoria tamb\u00e9m aprovou a participa\u00e7\u00e3o da CDL Lajeado e seus associados em uma campanha estadual de est\u00edmulo \u00e0s vendas, promovida pela CDL Porto Alegre, com in\u00edcio previsto para setembro.<\/p>\n\n\n\n<p><\/p>\n","protected":false},"excerpt":{"rendered":"<p>A escassez de m\u00e3o de obra qualificada foi o principal tema debatido durante a reuni\u00e3o mensal da diretoria da CDL Lajeado, realizada na ter\u00e7a-feira (29\/7), na sede da entidade. O encontro contou com a participa\u00e7\u00e3o da diretora da Acil, Jana\u00edna Schneider, que apresentou os resultados de uma pesquisa conduzida pela associa\u00e7\u00e3o entre os dias 6 [&hellip;]<\/p>\n","protected":false},"author":8,"featured_media":191024,"comment_status":"open","ping_status":"open","sticky":false,"template":"","format":"standard","meta":{"pmpro_default_level":"","_jetpack_memberships_contains_paid_content":false,"footnotes":""},"categories":[2,10991],"tags":[214,722,12880],"class_list":{"0":"post-191023","1":"post","2":"type-post","3":"status-publish","4":"format-standard","5":"has-post-thumbnail","7":"category-featured","8":"category-economia","9":"tag-acil","10":"tag-cdl-lajeado","11":"tag-mao-de-obra","12":"pmpro-has-access"},"yoast_head":"<!-- This site is optimized with the Yoast SEO plugin v27.4 - https:\/\/yoast.com\/product\/yoast-seo-wordpress\/ -->\n<title>CDL Lajeado discute crise de m\u00e3o de obra em reuni\u00e3o com lideran\u00e7as empresariais - Folha Popular<\/title>\n<meta name=\"robots\" content=\"index, follow, max-snippet:-1, max-image-preview:large, max-video-preview:-1\" \/>\n<link rel=\"canonical\" href=\"https:\/\/folhapopular.info\/index.php\/2025\/08\/01\/cdl-lajeado-discute-crise-de-mao-de-obra-em-reuniao-com-liderancas-empresariais\/\" \/>\n<meta property=\"og:locale\" content=\"pt_BR\" \/>\n<meta property=\"og:type\" content=\"article\" \/>\n<meta property=\"og:title\" content=\"CDL Lajeado discute crise de m\u00e3o de obra em reuni\u00e3o com lideran\u00e7as empresariais - Folha Popular\" \/>\n<meta property=\"og:description\" content=\"A escassez de m\u00e3o de obra qualificada foi o principal tema debatido durante a reuni\u00e3o mensal da diretoria da CDL Lajeado, realizada na ter\u00e7a-feira (29\/7), na sede da entidade. O encontro contou com a participa\u00e7\u00e3o da diretora da Acil, Jana\u00edna Schneider, que apresentou os resultados de uma pesquisa conduzida pela associa\u00e7\u00e3o entre os dias 6 [&hellip;]\" \/>\n<meta property=\"og:url\" content=\"https:\/\/folhapopular.info\/index.php\/2025\/08\/01\/cdl-lajeado-discute-crise-de-mao-de-obra-em-reuniao-com-liderancas-empresariais\/\" \/>\n<meta property=\"og:site_name\" content=\"Folha Popular\" \/>\n<meta property=\"article:published_time\" content=\"2025-08-01T13:00:00+00:00\" \/>\n<meta property=\"og:image\" content=\"https:\/\/folhapopular.info\/wp-content\/uploads\/2025\/07\/455129_1164317_image00001-scaled.jpeg\" \/>\n\t<meta property=\"og:image:width\" content=\"2560\" \/>\n\t<meta property=\"og:image:height\" content=\"1920\" \/>\n\t<meta property=\"og:image:type\" content=\"image\/jpeg\" \/>\n<meta name=\"author\" content=\"Reda\u00e7\u00e3o Folha Popular\" \/>\n<meta name=\"twitter:card\" content=\"summary_large_image\" \/>\n<meta name=\"twitter:label1\" content=\"Escrito por\" \/>\n\t<meta name=\"twitter:data1\" content=\"Reda\u00e7\u00e3o Folha Popular\" \/>\n\t<meta name=\"twitter:label2\" content=\"Est. tempo de leitura\" \/>\n\t<meta name=\"twitter:data2\" content=\"2 minutos\" \/>\n<script type=\"application\/ld+json\" class=\"yoast-schema-graph\">{\"@context\":\"https:\\\/\\\/schema.org\",\"@graph\":[{\"@type\":\"Article\",\"@id\":\"https:\\\/\\\/folhapopular.info\\\/index.php\\\/2025\\\/08\\\/01\\\/cdl-lajeado-discute-crise-de-mao-de-obra-em-reuniao-com-liderancas-empresariais\\\/#article\",\"isPartOf\":{\"@id\":\"https:\\\/\\\/folhapopular.info\\\/index.php\\\/2025\\\/08\\\/01\\\/cdl-lajeado-discute-crise-de-mao-de-obra-em-reuniao-com-liderancas-empresariais\\\/\"},\"author\":{\"name\":\"Reda\u00e7\u00e3o Folha Popular\",\"@id\":\"https:\\\/\\\/folhapopular.info\\\/#\\\/schema\\\/person\\\/2814e8a0df7643585a9ca38bc6eb9d4b\"},\"headline\":\"CDL Lajeado discute crise de m\u00e3o de obra em reuni\u00e3o com lideran\u00e7as empresariais\",\"datePublished\":\"2025-08-01T13:00:00+00:00\",\"mainEntityOfPage\":{\"@id\":\"https:\\\/\\\/folhapopular.info\\\/index.php\\\/2025\\\/08\\\/01\\\/cdl-lajeado-discute-crise-de-mao-de-obra-em-reuniao-com-liderancas-empresariais\\\/\"},\"wordCount\":346,\"commentCount\":0,\"image\":{\"@id\":\"https:\\\/\\\/folhapopular.info\\\/index.php\\\/2025\\\/08\\\/01\\\/cdl-lajeado-discute-crise-de-mao-de-obra-em-reuniao-com-liderancas-empresariais\\\/#primaryimage\"},\"thumbnailUrl\":\"https:\\\/\\\/folhapopular.info\\\/wp-content\\\/uploads\\\/2025\\\/07\\\/455129_1164317_image00001-scaled.jpeg\",\"keywords\":[\"Acil\",\"CDL Lajeado\",\"m\u00e3o de obra\"],\"articleSection\":[\"Destaques\",\"Economia\"],\"inLanguage\":\"pt-BR\",\"potentialAction\":[{\"@type\":\"CommentAction\",\"name\":\"Comment\",\"target\":[\"https:\\\/\\\/folhapopular.info\\\/index.php\\\/2025\\\/08\\\/01\\\/cdl-lajeado-discute-crise-de-mao-de-obra-em-reuniao-com-liderancas-empresariais\\\/#respond\"]}]},{\"@type\":\"WebPage\",\"@id\":\"https:\\\/\\\/folhapopular.info\\\/index.php\\\/2025\\\/08\\\/01\\\/cdl-lajeado-discute-crise-de-mao-de-obra-em-reuniao-com-liderancas-empresariais\\\/\",\"url\":\"https:\\\/\\\/folhapopular.info\\\/index.php\\\/2025\\\/08\\\/01\\\/cdl-lajeado-discute-crise-de-mao-de-obra-em-reuniao-com-liderancas-empresariais\\\/\",\"name\":\"CDL Lajeado discute crise de m\u00e3o de obra em reuni\u00e3o com lideran\u00e7as empresariais - Folha Popular\",\"isPartOf\":{\"@id\":\"https:\\\/\\\/folhapopular.info\\\/#website\"},\"primaryImageOfPage\":{\"@id\":\"https:\\\/\\\/folhapopular.info\\\/index.php\\\/2025\\\/08\\\/01\\\/cdl-lajeado-discute-crise-de-mao-de-obra-em-reuniao-com-liderancas-empresariais\\\/#primaryimage\"},\"image\":{\"@id\":\"https:\\\/\\\/folhapopular.info\\\/index.php\\\/2025\\\/08\\\/01\\\/cdl-lajeado-discute-crise-de-mao-de-obra-em-reuniao-com-liderancas-empresariais\\\/#primaryimage\"},\"thumbnailUrl\":\"https:\\\/\\\/folhapopular.info\\\/wp-content\\\/uploads\\\/2025\\\/07\\\/455129_1164317_image00001-scaled.jpeg\",\"datePublished\":\"2025-08-01T13:00:00+00:00\",\"author\":{\"@id\":\"https:\\\/\\\/folhapopular.info\\\/#\\\/schema\\\/person\\\/2814e8a0df7643585a9ca38bc6eb9d4b\"},\"breadcrumb\":{\"@id\":\"https:\\\/\\\/folhapopular.info\\\/index.php\\\/2025\\\/08\\\/01\\\/cdl-lajeado-discute-crise-de-mao-de-obra-em-reuniao-com-liderancas-empresariais\\\/#breadcrumb\"},\"inLanguage\":\"pt-BR\",\"potentialAction\":[{\"@type\":\"ReadAction\",\"target\":[\"https:\\\/\\\/folhapopular.info\\\/index.php\\\/2025\\\/08\\\/01\\\/cdl-lajeado-discute-crise-de-mao-de-obra-em-reuniao-com-liderancas-empresariais\\\/\"]}]},{\"@type\":\"ImageObject\",\"inLanguage\":\"pt-BR\",\"@id\":\"https:\\\/\\\/folhapopular.info\\\/index.php\\\/2025\\\/08\\\/01\\\/cdl-lajeado-discute-crise-de-mao-de-obra-em-reuniao-com-liderancas-empresariais\\\/#primaryimage\",\"url\":\"https:\\\/\\\/folhapopular.info\\\/wp-content\\\/uploads\\\/2025\\\/07\\\/455129_1164317_image00001-scaled.jpeg\",\"contentUrl\":\"https:\\\/\\\/folhapopular.info\\\/wp-content\\\/uploads\\\/2025\\\/07\\\/455129_1164317_image00001-scaled.jpeg\",\"width\":2560,\"height\":1920,\"caption\":\"Cr\u00e9dito: Clarissa Jaeger \\\/ Divulga\u00e7\u00e3o\"},{\"@type\":\"BreadcrumbList\",\"@id\":\"https:\\\/\\\/folhapopular.info\\\/index.php\\\/2025\\\/08\\\/01\\\/cdl-lajeado-discute-crise-de-mao-de-obra-em-reuniao-com-liderancas-empresariais\\\/#breadcrumb\",\"itemListElement\":[{\"@type\":\"ListItem\",\"position\":1,\"name\":\"In\u00edcio\",\"item\":\"https:\\\/\\\/folhapopular.info\\\/\"},{\"@type\":\"ListItem\",\"position\":2,\"name\":\"CDL Lajeado discute crise de m\u00e3o de obra em reuni\u00e3o com lideran\u00e7as empresariais\"}]},{\"@type\":\"WebSite\",\"@id\":\"https:\\\/\\\/folhapopular.info\\\/#website\",\"url\":\"https:\\\/\\\/folhapopular.info\\\/\",\"name\":\"Folha Popular\",\"description\":\"Onde voc\u00ea tem vez e voz\",\"potentialAction\":[{\"@type\":\"SearchAction\",\"target\":{\"@type\":\"EntryPoint\",\"urlTemplate\":\"https:\\\/\\\/folhapopular.info\\\/?s={search_term_string}\"},\"query-input\":{\"@type\":\"PropertyValueSpecification\",\"valueRequired\":true,\"valueName\":\"search_term_string\"}}],\"inLanguage\":\"pt-BR\"},{\"@type\":\"Person\",\"@id\":\"https:\\\/\\\/folhapopular.info\\\/#\\\/schema\\\/person\\\/2814e8a0df7643585a9ca38bc6eb9d4b\",\"name\":\"Reda\u00e7\u00e3o Folha Popular\",\"image\":{\"@type\":\"ImageObject\",\"inLanguage\":\"pt-BR\",\"@id\":\"https:\\\/\\\/folhapopular.info\\\/wp-content\\\/uploads\\\/2026\\\/04\\\/Folha-1.webp\",\"url\":\"https:\\\/\\\/folhapopular.info\\\/wp-content\\\/uploads\\\/2026\\\/04\\\/Folha-1.webp\",\"contentUrl\":\"https:\\\/\\\/folhapopular.info\\\/wp-content\\\/uploads\\\/2026\\\/04\\\/Folha-1.webp\",\"caption\":\"Reda\u00e7\u00e3o Folha Popular\"},\"url\":\"https:\\\/\\\/folhapopular.info\\\/index.php\\\/author\\\/redacao\\\/\"}]}<\/script>\n<!-- \/ Yoast SEO plugin. -->","yoast_head_json":{"title":"CDL Lajeado discute crise de m\u00e3o de obra em reuni\u00e3o com lideran\u00e7as empresariais - Folha Popular","robots":{"index":"index","follow":"follow","max-snippet":"max-snippet:-1","max-image-preview":"max-image-preview:large","max-video-preview":"max-video-preview:-1"},"canonical":"https:\/\/folhapopular.info\/index.php\/2025\/08\/01\/cdl-lajeado-discute-crise-de-mao-de-obra-em-reuniao-com-liderancas-empresariais\/","og_locale":"pt_BR","og_type":"article","og_title":"CDL Lajeado discute crise de m\u00e3o de obra em reuni\u00e3o com lideran\u00e7as empresariais - Folha Popular","og_description":"A escassez de m\u00e3o de obra qualificada foi o principal tema debatido durante a reuni\u00e3o mensal da diretoria da CDL Lajeado, realizada na ter\u00e7a-feira (29\/7), na sede da entidade. O encontro contou com a participa\u00e7\u00e3o da diretora da Acil, Jana\u00edna Schneider, que apresentou os resultados de uma pesquisa conduzida pela associa\u00e7\u00e3o entre os dias 6 [&hellip;]","og_url":"https:\/\/folhapopular.info\/index.php\/2025\/08\/01\/cdl-lajeado-discute-crise-de-mao-de-obra-em-reuniao-com-liderancas-empresariais\/","og_site_name":"Folha Popular","article_published_time":"2025-08-01T13:00:00+00:00","og_image":[{"width":2560,"height":1920,"url":"https:\/\/folhapopular.info\/wp-content\/uploads\/2025\/07\/455129_1164317_image00001-scaled.jpeg","type":"image\/jpeg"}],"author":"Reda\u00e7\u00e3o Folha Popular","twitter_card":"summary_large_image","twitter_misc":{"Escrito por":"Reda\u00e7\u00e3o Folha Popular","Est. tempo de leitura":"2 minutos"},"schema":{"@context":"https:\/\/schema.org","@graph":[{"@type":"Article","@id":"https:\/\/folhapopular.info\/index.php\/2025\/08\/01\/cdl-lajeado-discute-crise-de-mao-de-obra-em-reuniao-com-liderancas-empresariais\/#article","isPartOf":{"@id":"https:\/\/folhapopular.info\/index.php\/2025\/08\/01\/cdl-lajeado-discute-crise-de-mao-de-obra-em-reuniao-com-liderancas-empresariais\/"},"author":{"name":"Reda\u00e7\u00e3o Folha Popular","@id":"https:\/\/folhapopular.info\/#\/schema\/person\/2814e8a0df7643585a9ca38bc6eb9d4b"},"headline":"CDL Lajeado discute crise de m\u00e3o de obra em reuni\u00e3o com lideran\u00e7as empresariais","datePublished":"2025-08-01T13:00:00+00:00","mainEntityOfPage":{"@id":"https:\/\/folhapopular.info\/index.php\/2025\/08\/01\/cdl-lajeado-discute-crise-de-mao-de-obra-em-reuniao-com-liderancas-empresariais\/"},"wordCount":346,"commentCount":0,"image":{"@id":"https:\/\/folhapopular.info\/index.php\/2025\/08\/01\/cdl-lajeado-discute-crise-de-mao-de-obra-em-reuniao-com-liderancas-empresariais\/#primaryimage"},"thumbnailUrl":"https:\/\/folhapopular.info\/wp-content\/uploads\/2025\/07\/455129_1164317_image00001-scaled.jpeg","keywords":["Acil","CDL Lajeado","m\u00e3o de obra"],"articleSection":["Destaques","Economia"],"inLanguage":"pt-BR","potentialAction":[{"@type":"CommentAction","name":"Comment","target":["https:\/\/folhapopular.info\/index.php\/2025\/08\/01\/cdl-lajeado-discute-crise-de-mao-de-obra-em-reuniao-com-liderancas-empresariais\/#respond"]}]},{"@type":"WebPage","@id":"https:\/\/folhapopular.info\/index.php\/2025\/08\/01\/cdl-lajeado-discute-crise-de-mao-de-obra-em-reuniao-com-liderancas-empresariais\/","url":"https:\/\/folhapopular.info\/index.php\/2025\/08\/01\/cdl-lajeado-discute-crise-de-mao-de-obra-em-reuniao-com-liderancas-empresariais\/","name":"CDL Lajeado discute crise de m\u00e3o de obra em reuni\u00e3o com lideran\u00e7as empresariais - Folha Popular","isPartOf":{"@id":"https:\/\/folhapopular.info\/#website"},"primaryImageOfPage":{"@id":"https:\/\/folhapopular.info\/index.php\/2025\/08\/01\/cdl-lajeado-discute-crise-de-mao-de-obra-em-reuniao-com-liderancas-empresariais\/#primaryimage"},"image":{"@id":"https:\/\/folhapopular.info\/index.php\/2025\/08\/01\/cdl-lajeado-discute-crise-de-mao-de-obra-em-reuniao-com-liderancas-empresariais\/#primaryimage"},"thumbnailUrl":"https:\/\/folhapopular.info\/wp-content\/uploads\/2025\/07\/455129_1164317_image00001-scaled.jpeg","datePublished":"2025-08-01T13:00:00+00:00","author":{"@id":"https:\/\/folhapopular.info\/#\/schema\/person\/2814e8a0df7643585a9ca38bc6eb9d4b"},"breadcrumb":{"@id":"https:\/\/folhapopular.info\/index.php\/2025\/08\/01\/cdl-lajeado-discute-crise-de-mao-de-obra-em-reuniao-com-liderancas-empresariais\/#breadcrumb"},"inLanguage":"pt-BR","potentialAction":[{"@type":"ReadAction","target":["https:\/\/folhapopular.info\/index.php\/2025\/08\/01\/cdl-lajeado-discute-crise-de-mao-de-obra-em-reuniao-com-liderancas-empresariais\/"]}]},{"@type":"ImageObject","inLanguage":"pt-BR","@id":"https:\/\/folhapopular.info\/index.php\/2025\/08\/01\/cdl-lajeado-discute-crise-de-mao-de-obra-em-reuniao-com-liderancas-empresariais\/#primaryimage","url":"https:\/\/folhapopular.info\/wp-content\/uploads\/2025\/07\/455129_1164317_image00001-scaled.jpeg","contentUrl":"https:\/\/folhapopular.info\/wp-content\/uploads\/2025\/07\/455129_1164317_image00001-scaled.jpeg","width":2560,"height":1920,"caption":"Cr\u00e9dito: Clarissa Jaeger \/ Divulga\u00e7\u00e3o"},{"@type":"BreadcrumbList","@id":"https:\/\/folhapopular.info\/index.php\/2025\/08\/01\/cdl-lajeado-discute-crise-de-mao-de-obra-em-reuniao-com-liderancas-empresariais\/#breadcrumb","itemListElement":[{"@type":"ListItem","position":1,"name":"In\u00edcio","item":"https:\/\/folhapopular.info\/"},{"@type":"ListItem","position":2,"name":"CDL Lajeado discute crise de m\u00e3o de obra em reuni\u00e3o com lideran\u00e7as empresariais"}]},{"@type":"WebSite","@id":"https:\/\/folhapopular.info\/#website","url":"https:\/\/folhapopular.info\/","name":"Folha Popular","description":"Onde voc\u00ea tem vez e voz","potentialAction":[{"@type":"SearchAction","target":{"@type":"EntryPoint","urlTemplate":"https:\/\/folhapopular.info\/?s={search_term_string}"},"query-input":{"@type":"PropertyValueSpecification","valueRequired":true,"valueName":"search_term_string"}}],"inLanguage":"pt-BR"},{"@type":"Person","@id":"https:\/\/folhapopular.info\/#\/schema\/person\/2814e8a0df7643585a9ca38bc6eb9d4b","name":"Reda\u00e7\u00e3o Folha Popular","image":{"@type":"ImageObject","inLanguage":"pt-BR","@id":"https:\/\/folhapopular.info\/wp-content\/uploads\/2026\/04\/Folha-1.webp","url":"https:\/\/folhapopular.info\/wp-content\/uploads\/2026\/04\/Folha-1.webp","contentUrl":"https:\/\/folhapopular.info\/wp-content\/uploads\/2026\/04\/Folha-1.webp","caption":"Reda\u00e7\u00e3o Folha Popular"},"url":"https:\/\/folhapopular.info\/index.php\/author\/redacao\/"}]}},"jetpack_featured_media_url":"https:\/\/folhapopular.info\/wp-content\/uploads\/2025\/07\/455129_1164317_image00001-scaled.jpeg","jetpack_sharing_enabled":true,"amp_enabled":true,"_links":{"self":[{"href":"https:\/\/folhapopular.info\/index.php\/wp-json\/wp\/v2\/posts\/191023","targetHints":{"allow":["GET"]}}],"collection":[{"href":"https:\/\/folhapopular.info\/index.php\/wp-json\/wp\/v2\/posts"}],"about":[{"href":"https:\/\/folhapopular.info\/index.php\/wp-json\/wp\/v2\/types\/post"}],"author":[{"embeddable":true,"href":"https:\/\/folhapopular.info\/index.php\/wp-json\/wp\/v2\/users\/8"}],"replies":[{"embeddable":true,"href":"https:\/\/folhapopular.info\/index.php\/wp-json\/wp\/v2\/comments?post=191023"}],"version-history":[{"count":0,"href":"https:\/\/folhapopular.info\/index.php\/wp-json\/wp\/v2\/posts\/191023\/revisions"}],"wp:featuredmedia":[{"embeddable":true,"href":"https:\/\/folhapopular.info\/index.php\/wp-json\/wp\/v2\/media\/191024"}],"wp:attachment":[{"href":"https:\/\/folhapopular.info\/index.php\/wp-json\/wp\/v2\/media?parent=191023"}],"wp:term":[{"taxonomy":"category","embeddable":true,"href":"https:\/\/folhapopular.info\/index.php\/wp-json\/wp\/v2\/categories?post=191023"},{"taxonomy":"post_tag","embeddable":true,"href":"https:\/\/folhapopular.info\/index.php\/wp-json\/wp\/v2\/tags?post=191023"}],"curies":[{"name":"wp","href":"https:\/\/api.w.org\/{rel}","templated":true}]}}