{"id":191048,"date":"2025-08-01T13:00:00","date_gmt":"2025-08-01T16:00:00","guid":{"rendered":"https:\/\/folhapopular.info\/?p=191048"},"modified":"2025-08-01T10:51:56","modified_gmt":"2025-08-01T13:51:56","slug":"cruzeiro-do-sul-realiza-festa-da-agricultura-familiar-neste-domingo","status":"publish","type":"post","link":"https:\/\/folhapopular.info\/index.php\/2025\/08\/01\/cruzeiro-do-sul-realiza-festa-da-agricultura-familiar-neste-domingo\/","title":{"rendered":"Cruzeiro do Sul realiza Festa da Agricultura Familiar neste domingo"},"content":{"rendered":"\n<p>O Sindicato dos Trabalhadores Rurais (STR) de Cruzeiro do Sul promove neste domingo (3\/8) a tradicional Festa da Agricultura Familiar, no Sal\u00e3o da Comunidade Cat\u00f3lica S\u00e3o Gabriel Arcanjo, no Centro da cidade. O evento tem como objetivo reunir agricultores e suas fam\u00edlias em um momento de confraterniza\u00e7\u00e3o, valorizando o trabalho no campo e fortalecendo os la\u00e7os comunit\u00e1rios.<\/p>\n\n\n\n<p>A programa\u00e7\u00e3o come\u00e7a \u00e0s 10h com uma Assembleia Extraordin\u00e1ria do STR, voltada aos associados para tratar de pautas internas da entidade. Na sequ\u00eancia, ser\u00e1 servido almo\u00e7o gratuito para os s\u00f3cios em dia com suas contribui\u00e7\u00f5es.<\/p>\n\n\n\n<p>N\u00e3o s\u00f3cios tamb\u00e9m poder\u00e3o participar, mediante aquisi\u00e7\u00e3o de ingressos: R$ 35 antecipado ou R$ 40 no dia do evento. A anima\u00e7\u00e3o musical ficar\u00e1 por conta da banda Harmonia Musical.<\/p>\n\n\n\n<p>A festa representa uma importante celebra\u00e7\u00e3o da agricultura familiar e do papel do STR na defesa dos direitos dos trabalhadores rurais. A \u00faltima edi\u00e7\u00e3o ocorreu em 2023, em Boa Esperan\u00e7a Alta. Em 2024, o evento n\u00e3o foi realizado em raz\u00e3o da enchente que atingiu a regi\u00e3o.<\/p>\n","protected":false},"excerpt":{"rendered":"<p>O Sindicato dos Trabalhadores Rurais (STR) de Cruzeiro do Sul promove neste domingo (3\/8) a tradicional Festa da Agricultura Familiar, no Sal\u00e3o da Comunidade Cat\u00f3lica S\u00e3o Gabriel Arcanjo, no Centro da cidade. O evento tem como objetivo reunir agricultores e suas fam\u00edlias em um momento de confraterniza\u00e7\u00e3o, valorizando o trabalho no campo e fortalecendo os [&hellip;]<\/p>\n","protected":false},"author":8,"featured_media":191049,"comment_status":"open","ping_status":"open","sticky":false,"template":"","format":"standard","meta":{"pmpro_default_level":"","_jetpack_memberships_contains_paid_content":false,"footnotes":""},"categories":[2,10994],"tags":[160,1989,370],"class_list":{"0":"post-191048","1":"post","2":"type-post","3":"status-publish","4":"format-standard","5":"has-post-thumbnail","7":"category-featured","8":"category-rural","9":"tag-agricultura-familiar","10":"tag-cruzeiro-do-sul","11":"tag-str","12":"pmpro-has-access"},"yoast_head":"<!-- This site is optimized with the Yoast SEO plugin v27.5 - https:\/\/yoast.com\/product\/yoast-seo-wordpress\/ -->\n<title>Cruzeiro do Sul realiza Festa da Agricultura Familiar neste domingo - Folha Popular<\/title>\n<meta name=\"robots\" content=\"index, follow, max-snippet:-1, max-image-preview:large, max-video-preview:-1\" \/>\n<link rel=\"canonical\" href=\"https:\/\/folhapopular.info\/index.php\/2025\/08\/01\/cruzeiro-do-sul-realiza-festa-da-agricultura-familiar-neste-domingo\/\" \/>\n<meta property=\"og:locale\" content=\"pt_BR\" \/>\n<meta property=\"og:type\" content=\"article\" \/>\n<meta property=\"og:title\" content=\"Cruzeiro do Sul realiza Festa da Agricultura Familiar neste domingo - Folha Popular\" \/>\n<meta property=\"og:description\" content=\"O Sindicato dos Trabalhadores Rurais (STR) de Cruzeiro do Sul promove neste domingo (3\/8) a tradicional Festa da Agricultura Familiar, no Sal\u00e3o da Comunidade Cat\u00f3lica S\u00e3o Gabriel Arcanjo, no Centro da cidade. O evento tem como objetivo reunir agricultores e suas fam\u00edlias em um momento de confraterniza\u00e7\u00e3o, valorizando o trabalho no campo e fortalecendo os [&hellip;]\" \/>\n<meta property=\"og:url\" content=\"https:\/\/folhapopular.info\/index.php\/2025\/08\/01\/cruzeiro-do-sul-realiza-festa-da-agricultura-familiar-neste-domingo\/\" \/>\n<meta property=\"og:site_name\" content=\"Folha Popular\" \/>\n<meta property=\"article:published_time\" content=\"2025-08-01T16:00:00+00:00\" \/>\n<meta property=\"og:image\" content=\"https:\/\/folhapopular.info\/wp-content\/uploads\/2025\/08\/festa_STR_2023.jpeg\" \/>\n\t<meta property=\"og:image:width\" content=\"1600\" \/>\n\t<meta property=\"og:image:height\" content=\"945\" \/>\n\t<meta property=\"og:image:type\" content=\"image\/jpeg\" \/>\n<meta name=\"author\" content=\"Reda\u00e7\u00e3o Folha Popular\" \/>\n<meta name=\"twitter:card\" content=\"summary_large_image\" \/>\n<meta name=\"twitter:label1\" content=\"Escrito por\" \/>\n\t<meta name=\"twitter:data1\" content=\"Reda\u00e7\u00e3o Folha Popular\" \/>\n\t<meta name=\"twitter:label2\" content=\"Est. tempo de leitura\" \/>\n\t<meta name=\"twitter:data2\" content=\"2 minutos\" \/>\n<script type=\"application\/ld+json\" class=\"yoast-schema-graph\">{\"@context\":\"https:\\\/\\\/schema.org\",\"@graph\":[{\"@type\":\"Article\",\"@id\":\"https:\\\/\\\/folhapopular.info\\\/index.php\\\/2025\\\/08\\\/01\\\/cruzeiro-do-sul-realiza-festa-da-agricultura-familiar-neste-domingo\\\/#article\",\"isPartOf\":{\"@id\":\"https:\\\/\\\/folhapopular.info\\\/index.php\\\/2025\\\/08\\\/01\\\/cruzeiro-do-sul-realiza-festa-da-agricultura-familiar-neste-domingo\\\/\"},\"author\":{\"name\":\"Reda\u00e7\u00e3o Folha Popular\",\"@id\":\"https:\\\/\\\/folhapopular.info\\\/#\\\/schema\\\/person\\\/2814e8a0df7643585a9ca38bc6eb9d4b\"},\"headline\":\"Cruzeiro do Sul realiza Festa da Agricultura Familiar neste domingo\",\"datePublished\":\"2025-08-01T16:00:00+00:00\",\"mainEntityOfPage\":{\"@id\":\"https:\\\/\\\/folhapopular.info\\\/index.php\\\/2025\\\/08\\\/01\\\/cruzeiro-do-sul-realiza-festa-da-agricultura-familiar-neste-domingo\\\/\"},\"wordCount\":198,\"commentCount\":0,\"image\":{\"@id\":\"https:\\\/\\\/folhapopular.info\\\/index.php\\\/2025\\\/08\\\/01\\\/cruzeiro-do-sul-realiza-festa-da-agricultura-familiar-neste-domingo\\\/#primaryimage\"},\"thumbnailUrl\":\"https:\\\/\\\/folhapopular.info\\\/wp-content\\\/uploads\\\/2025\\\/08\\\/festa_STR_2023.jpeg\",\"keywords\":[\"Agricultura Familiar\",\"Cruzeiro do Sul\",\"STR\"],\"articleSection\":[\"Destaques\",\"Rural\"],\"inLanguage\":\"pt-BR\",\"potentialAction\":[{\"@type\":\"CommentAction\",\"name\":\"Comment\",\"target\":[\"https:\\\/\\\/folhapopular.info\\\/index.php\\\/2025\\\/08\\\/01\\\/cruzeiro-do-sul-realiza-festa-da-agricultura-familiar-neste-domingo\\\/#respond\"]}]},{\"@type\":\"WebPage\",\"@id\":\"https:\\\/\\\/folhapopular.info\\\/index.php\\\/2025\\\/08\\\/01\\\/cruzeiro-do-sul-realiza-festa-da-agricultura-familiar-neste-domingo\\\/\",\"url\":\"https:\\\/\\\/folhapopular.info\\\/index.php\\\/2025\\\/08\\\/01\\\/cruzeiro-do-sul-realiza-festa-da-agricultura-familiar-neste-domingo\\\/\",\"name\":\"Cruzeiro do Sul realiza Festa da Agricultura Familiar neste domingo - Folha Popular\",\"isPartOf\":{\"@id\":\"https:\\\/\\\/folhapopular.info\\\/#website\"},\"primaryImageOfPage\":{\"@id\":\"https:\\\/\\\/folhapopular.info\\\/index.php\\\/2025\\\/08\\\/01\\\/cruzeiro-do-sul-realiza-festa-da-agricultura-familiar-neste-domingo\\\/#primaryimage\"},\"image\":{\"@id\":\"https:\\\/\\\/folhapopular.info\\\/index.php\\\/2025\\\/08\\\/01\\\/cruzeiro-do-sul-realiza-festa-da-agricultura-familiar-neste-domingo\\\/#primaryimage\"},\"thumbnailUrl\":\"https:\\\/\\\/folhapopular.info\\\/wp-content\\\/uploads\\\/2025\\\/08\\\/festa_STR_2023.jpeg\",\"datePublished\":\"2025-08-01T16:00:00+00:00\",\"author\":{\"@id\":\"https:\\\/\\\/folhapopular.info\\\/#\\\/schema\\\/person\\\/2814e8a0df7643585a9ca38bc6eb9d4b\"},\"breadcrumb\":{\"@id\":\"https:\\\/\\\/folhapopular.info\\\/index.php\\\/2025\\\/08\\\/01\\\/cruzeiro-do-sul-realiza-festa-da-agricultura-familiar-neste-domingo\\\/#breadcrumb\"},\"inLanguage\":\"pt-BR\",\"potentialAction\":[{\"@type\":\"ReadAction\",\"target\":[\"https:\\\/\\\/folhapopular.info\\\/index.php\\\/2025\\\/08\\\/01\\\/cruzeiro-do-sul-realiza-festa-da-agricultura-familiar-neste-domingo\\\/\"]}]},{\"@type\":\"ImageObject\",\"inLanguage\":\"pt-BR\",\"@id\":\"https:\\\/\\\/folhapopular.info\\\/index.php\\\/2025\\\/08\\\/01\\\/cruzeiro-do-sul-realiza-festa-da-agricultura-familiar-neste-domingo\\\/#primaryimage\",\"url\":\"https:\\\/\\\/folhapopular.info\\\/wp-content\\\/uploads\\\/2025\\\/08\\\/festa_STR_2023.jpeg\",\"contentUrl\":\"https:\\\/\\\/folhapopular.info\\\/wp-content\\\/uploads\\\/2025\\\/08\\\/festa_STR_2023.jpeg\",\"width\":1600,\"height\":945,\"caption\":\"Cr\u00e9dito: Divulga\u00e7\u00e3o\"},{\"@type\":\"BreadcrumbList\",\"@id\":\"https:\\\/\\\/folhapopular.info\\\/index.php\\\/2025\\\/08\\\/01\\\/cruzeiro-do-sul-realiza-festa-da-agricultura-familiar-neste-domingo\\\/#breadcrumb\",\"itemListElement\":[{\"@type\":\"ListItem\",\"position\":1,\"name\":\"In\u00edcio\",\"item\":\"https:\\\/\\\/folhapopular.info\\\/\"},{\"@type\":\"ListItem\",\"position\":2,\"name\":\"Cruzeiro do Sul realiza Festa da Agricultura Familiar neste domingo\"}]},{\"@type\":\"WebSite\",\"@id\":\"https:\\\/\\\/folhapopular.info\\\/#website\",\"url\":\"https:\\\/\\\/folhapopular.info\\\/\",\"name\":\"Folha Popular\",\"description\":\"Onde voc\u00ea tem vez e voz\",\"potentialAction\":[{\"@type\":\"SearchAction\",\"target\":{\"@type\":\"EntryPoint\",\"urlTemplate\":\"https:\\\/\\\/folhapopular.info\\\/?s={search_term_string}\"},\"query-input\":{\"@type\":\"PropertyValueSpecification\",\"valueRequired\":true,\"valueName\":\"search_term_string\"}}],\"inLanguage\":\"pt-BR\"},{\"@type\":\"Person\",\"@id\":\"https:\\\/\\\/folhapopular.info\\\/#\\\/schema\\\/person\\\/2814e8a0df7643585a9ca38bc6eb9d4b\",\"name\":\"Reda\u00e7\u00e3o Folha Popular\",\"image\":{\"@type\":\"ImageObject\",\"inLanguage\":\"pt-BR\",\"@id\":\"https:\\\/\\\/folhapopular.info\\\/wp-content\\\/uploads\\\/2026\\\/04\\\/Folha-1.webp\",\"url\":\"https:\\\/\\\/folhapopular.info\\\/wp-content\\\/uploads\\\/2026\\\/04\\\/Folha-1.webp\",\"contentUrl\":\"https:\\\/\\\/folhapopular.info\\\/wp-content\\\/uploads\\\/2026\\\/04\\\/Folha-1.webp\",\"caption\":\"Reda\u00e7\u00e3o Folha Popular\"},\"url\":\"https:\\\/\\\/folhapopular.info\\\/index.php\\\/author\\\/redacao\\\/\"}]}<\/script>\n<!-- \/ Yoast SEO plugin. -->","yoast_head_json":{"title":"Cruzeiro do Sul realiza Festa da Agricultura Familiar neste domingo - Folha Popular","robots":{"index":"index","follow":"follow","max-snippet":"max-snippet:-1","max-image-preview":"max-image-preview:large","max-video-preview":"max-video-preview:-1"},"canonical":"https:\/\/folhapopular.info\/index.php\/2025\/08\/01\/cruzeiro-do-sul-realiza-festa-da-agricultura-familiar-neste-domingo\/","og_locale":"pt_BR","og_type":"article","og_title":"Cruzeiro do Sul realiza Festa da Agricultura Familiar neste domingo - Folha Popular","og_description":"O Sindicato dos Trabalhadores Rurais (STR) de Cruzeiro do Sul promove neste domingo (3\/8) a tradicional Festa da Agricultura Familiar, no Sal\u00e3o da Comunidade Cat\u00f3lica S\u00e3o Gabriel Arcanjo, no Centro da cidade. O evento tem como objetivo reunir agricultores e suas fam\u00edlias em um momento de confraterniza\u00e7\u00e3o, valorizando o trabalho no campo e fortalecendo os [&hellip;]","og_url":"https:\/\/folhapopular.info\/index.php\/2025\/08\/01\/cruzeiro-do-sul-realiza-festa-da-agricultura-familiar-neste-domingo\/","og_site_name":"Folha Popular","article_published_time":"2025-08-01T16:00:00+00:00","og_image":[{"width":1600,"height":945,"url":"https:\/\/folhapopular.info\/wp-content\/uploads\/2025\/08\/festa_STR_2023.jpeg","type":"image\/jpeg"}],"author":"Reda\u00e7\u00e3o Folha Popular","twitter_card":"summary_large_image","twitter_misc":{"Escrito por":"Reda\u00e7\u00e3o Folha Popular","Est. tempo de leitura":"2 minutos"},"schema":{"@context":"https:\/\/schema.org","@graph":[{"@type":"Article","@id":"https:\/\/folhapopular.info\/index.php\/2025\/08\/01\/cruzeiro-do-sul-realiza-festa-da-agricultura-familiar-neste-domingo\/#article","isPartOf":{"@id":"https:\/\/folhapopular.info\/index.php\/2025\/08\/01\/cruzeiro-do-sul-realiza-festa-da-agricultura-familiar-neste-domingo\/"},"author":{"name":"Reda\u00e7\u00e3o Folha Popular","@id":"https:\/\/folhapopular.info\/#\/schema\/person\/2814e8a0df7643585a9ca38bc6eb9d4b"},"headline":"Cruzeiro do Sul realiza Festa da Agricultura Familiar neste domingo","datePublished":"2025-08-01T16:00:00+00:00","mainEntityOfPage":{"@id":"https:\/\/folhapopular.info\/index.php\/2025\/08\/01\/cruzeiro-do-sul-realiza-festa-da-agricultura-familiar-neste-domingo\/"},"wordCount":198,"commentCount":0,"image":{"@id":"https:\/\/folhapopular.info\/index.php\/2025\/08\/01\/cruzeiro-do-sul-realiza-festa-da-agricultura-familiar-neste-domingo\/#primaryimage"},"thumbnailUrl":"https:\/\/folhapopular.info\/wp-content\/uploads\/2025\/08\/festa_STR_2023.jpeg","keywords":["Agricultura Familiar","Cruzeiro do Sul","STR"],"articleSection":["Destaques","Rural"],"inLanguage":"pt-BR","potentialAction":[{"@type":"CommentAction","name":"Comment","target":["https:\/\/folhapopular.info\/index.php\/2025\/08\/01\/cruzeiro-do-sul-realiza-festa-da-agricultura-familiar-neste-domingo\/#respond"]}]},{"@type":"WebPage","@id":"https:\/\/folhapopular.info\/index.php\/2025\/08\/01\/cruzeiro-do-sul-realiza-festa-da-agricultura-familiar-neste-domingo\/","url":"https:\/\/folhapopular.info\/index.php\/2025\/08\/01\/cruzeiro-do-sul-realiza-festa-da-agricultura-familiar-neste-domingo\/","name":"Cruzeiro do Sul realiza Festa da Agricultura Familiar neste domingo - Folha Popular","isPartOf":{"@id":"https:\/\/folhapopular.info\/#website"},"primaryImageOfPage":{"@id":"https:\/\/folhapopular.info\/index.php\/2025\/08\/01\/cruzeiro-do-sul-realiza-festa-da-agricultura-familiar-neste-domingo\/#primaryimage"},"image":{"@id":"https:\/\/folhapopular.info\/index.php\/2025\/08\/01\/cruzeiro-do-sul-realiza-festa-da-agricultura-familiar-neste-domingo\/#primaryimage"},"thumbnailUrl":"https:\/\/folhapopular.info\/wp-content\/uploads\/2025\/08\/festa_STR_2023.jpeg","datePublished":"2025-08-01T16:00:00+00:00","author":{"@id":"https:\/\/folhapopular.info\/#\/schema\/person\/2814e8a0df7643585a9ca38bc6eb9d4b"},"breadcrumb":{"@id":"https:\/\/folhapopular.info\/index.php\/2025\/08\/01\/cruzeiro-do-sul-realiza-festa-da-agricultura-familiar-neste-domingo\/#breadcrumb"},"inLanguage":"pt-BR","potentialAction":[{"@type":"ReadAction","target":["https:\/\/folhapopular.info\/index.php\/2025\/08\/01\/cruzeiro-do-sul-realiza-festa-da-agricultura-familiar-neste-domingo\/"]}]},{"@type":"ImageObject","inLanguage":"pt-BR","@id":"https:\/\/folhapopular.info\/index.php\/2025\/08\/01\/cruzeiro-do-sul-realiza-festa-da-agricultura-familiar-neste-domingo\/#primaryimage","url":"https:\/\/folhapopular.info\/wp-content\/uploads\/2025\/08\/festa_STR_2023.jpeg","contentUrl":"https:\/\/folhapopular.info\/wp-content\/uploads\/2025\/08\/festa_STR_2023.jpeg","width":1600,"height":945,"caption":"Cr\u00e9dito: Divulga\u00e7\u00e3o"},{"@type":"BreadcrumbList","@id":"https:\/\/folhapopular.info\/index.php\/2025\/08\/01\/cruzeiro-do-sul-realiza-festa-da-agricultura-familiar-neste-domingo\/#breadcrumb","itemListElement":[{"@type":"ListItem","position":1,"name":"In\u00edcio","item":"https:\/\/folhapopular.info\/"},{"@type":"ListItem","position":2,"name":"Cruzeiro do Sul realiza Festa da Agricultura Familiar neste domingo"}]},{"@type":"WebSite","@id":"https:\/\/folhapopular.info\/#website","url":"https:\/\/folhapopular.info\/","name":"Folha Popular","description":"Onde voc\u00ea tem vez e voz","potentialAction":[{"@type":"SearchAction","target":{"@type":"EntryPoint","urlTemplate":"https:\/\/folhapopular.info\/?s={search_term_string}"},"query-input":{"@type":"PropertyValueSpecification","valueRequired":true,"valueName":"search_term_string"}}],"inLanguage":"pt-BR"},{"@type":"Person","@id":"https:\/\/folhapopular.info\/#\/schema\/person\/2814e8a0df7643585a9ca38bc6eb9d4b","name":"Reda\u00e7\u00e3o Folha Popular","image":{"@type":"ImageObject","inLanguage":"pt-BR","@id":"https:\/\/folhapopular.info\/wp-content\/uploads\/2026\/04\/Folha-1.webp","url":"https:\/\/folhapopular.info\/wp-content\/uploads\/2026\/04\/Folha-1.webp","contentUrl":"https:\/\/folhapopular.info\/wp-content\/uploads\/2026\/04\/Folha-1.webp","caption":"Reda\u00e7\u00e3o Folha Popular"},"url":"https:\/\/folhapopular.info\/index.php\/author\/redacao\/"}]}},"jetpack_featured_media_url":"https:\/\/folhapopular.info\/wp-content\/uploads\/2025\/08\/festa_STR_2023.jpeg","jetpack_sharing_enabled":true,"amp_enabled":true,"_links":{"self":[{"href":"https:\/\/folhapopular.info\/index.php\/wp-json\/wp\/v2\/posts\/191048","targetHints":{"allow":["GET"]}}],"collection":[{"href":"https:\/\/folhapopular.info\/index.php\/wp-json\/wp\/v2\/posts"}],"about":[{"href":"https:\/\/folhapopular.info\/index.php\/wp-json\/wp\/v2\/types\/post"}],"author":[{"embeddable":true,"href":"https:\/\/folhapopular.info\/index.php\/wp-json\/wp\/v2\/users\/8"}],"replies":[{"embeddable":true,"href":"https:\/\/folhapopular.info\/index.php\/wp-json\/wp\/v2\/comments?post=191048"}],"version-history":[{"count":0,"href":"https:\/\/folhapopular.info\/index.php\/wp-json\/wp\/v2\/posts\/191048\/revisions"}],"wp:featuredmedia":[{"embeddable":true,"href":"https:\/\/folhapopular.info\/index.php\/wp-json\/wp\/v2\/media\/191049"}],"wp:attachment":[{"href":"https:\/\/folhapopular.info\/index.php\/wp-json\/wp\/v2\/media?parent=191048"}],"wp:term":[{"taxonomy":"category","embeddable":true,"href":"https:\/\/folhapopular.info\/index.php\/wp-json\/wp\/v2\/categories?post=191048"},{"taxonomy":"post_tag","embeddable":true,"href":"https:\/\/folhapopular.info\/index.php\/wp-json\/wp\/v2\/tags?post=191048"}],"curies":[{"name":"wp","href":"https:\/\/api.w.org\/{rel}","templated":true}]}}