{"id":191085,"date":"2025-08-01T23:00:23","date_gmt":"2025-08-02T02:00:23","guid":{"rendered":"https:\/\/folhapopular.info\/?p=191085"},"modified":"2025-08-02T10:45:43","modified_gmt":"2025-08-02T13:45:43","slug":"com-emocao-e-alto-nivel-tecnico-festival-popular-da-cancao-abriu-sua-quinta-edicao","status":"publish","type":"post","link":"https:\/\/folhapopular.info\/index.php\/2025\/08\/01\/com-emocao-e-alto-nivel-tecnico-festival-popular-da-cancao-abriu-sua-quinta-edicao\/","title":{"rendered":"Com emo\u00e7\u00e3o e alto n\u00edvel t\u00e9cnico, Festival Popular da Can\u00e7\u00e3o abriu sua quinta edi\u00e7\u00e3o"},"content":{"rendered":"\n<p>Os holofotes voltaram-se ao palco do audit\u00f3rio do Col\u00e9gio Teut\u00f4nia para a primeira noite de apresenta\u00e7\u00f5es do 5\u00ba Festival Popular da Can\u00e7\u00e3o, nesta sexta-feira (1\u00ba\/8). O p\u00fablico presente conferiu um verdadeiro espet\u00e1culo de vozes e emo\u00e7\u00f5es. Ao todo, 25 jovens int\u00e9rpretes das categorias Infantil e Juvenil encantaram o p\u00fablico com repert\u00f3rios exigentes e interpreta\u00e7\u00f5es sens\u00edveis.<\/p>\n\n\n\n<p>Acompanhados por banda ao vivo, os participantes passaram por uma intensa jornada de prepara\u00e7\u00e3o, que incluiu ensaios individuais e um ensaio geral realizado na quinta-feira (31\/8), envolvendo todas as categorias (Infantil, Juvenil e Livre) e mobilizando quase 50 candidatos ao longo do dia.<\/p>\n\n\n\n<p>\u201cQueremos que cada crian\u00e7a e jovem se sinta acolhido e seguro no palco, para que sua primeira experi\u00eancia musical seja positiva e inesquec\u00edvel. Esse \u00e9 o cuidado que tivemos desde o primeiro contato com os participantes\u201d, destacou Marcelo Brentano, produtor do festival.<\/p>\n\n\n\n<p>Do samba ao pop, da MPB ao sertanejo, os int\u00e9rpretes mostraram maturidade ao lidar com arranjos exigentes e letras marcantes.<br><br>A abertura da noite ficou por conta de Laura Dalm\u00e1s. Com um sorriso que acolhe e uma voz j\u00e1 conhecida do p\u00fablico nacional, Laura retorna a Teut\u00f4nia pela segunda vez para fazer parte desta celebra\u00e7\u00e3o da arte. \u201cEssa cidade tem algo especial, ela respira m\u00fasica e recebe a gente com tanto carinho\u201d, comentou.<\/p>\n\n\n\n<p>Laura sabe o poder transformador da m\u00fasica, ela que fez da participa\u00e7\u00e3o no do The Voice Brasil, em 2016, e a m\u00fasica virou profiss\u00e3o e miss\u00e3o. Nesta noite, ela abriu o espet\u00e1culo e integrou o time de jurados das Categorias Infantil e Juvenil.<\/p>\n\n\n\n<p>Na categoria Infantil, os destaques passam por composi\u00e7\u00f5es cl\u00e1ssicas do melhor da m\u00fasica brasileira como \u201c\u00c1guas de Mar\u00e7o\u201d (Elis Regina), \u201cVelha Roupa Colorida\u201d (Belchior) e \u201cSina\u201d (Djavan), que exigem interpreta\u00e7\u00e3o precisa e sutilezas de ritmo. Crian\u00e7as como Manuela Gastring, Laura e Manuela Ramos mostram que a escolha do repert\u00f3rio foi feita com crit\u00e9rio art\u00edstico, respeitando a pot\u00eancia e a identidade de cada voz.<br><br>J\u00e1 na categoria Juvenil, a exig\u00eancia t\u00e9cnica cresce. M\u00fasicas como \u201cQuase Sem Querer\u201d (Legi\u00e3o Urbana), \u201cExagerado\u201d (Cazuza) e \u201cQuando a Chuva Passar\u201d (Ivete Sangalo) ser\u00e3o defendidas por adolescentes com impressionante dom\u00ednio de palco. Participantes como \u00c9rika, Vit\u00f3ria e Amanda se destacam n\u00e3o apenas pelo repert\u00f3rio escolhido, mas pela capacidade de entregar performances consistentes, com afina\u00e7\u00e3o, proje\u00e7\u00e3o e emo\u00e7\u00e3o.<\/p>\n\n\n\n<p>A qualidade do festival tamb\u00e9m passa pelo cuidado com a prepara\u00e7\u00e3o dos candidatos. Desde os ensaios com o maestro Marcinho Staggemeier, realizados em julho, at\u00e9 o ensaio geral com banda no dia 31, tudo foi pensado para garantir uma experi\u00eancia completa no palco. A estrutura profissional e o acompanhamento t\u00e9cnico oferecem seguran\u00e7a para que os int\u00e9rpretes brilhem diante do p\u00fablico e da comiss\u00e3o avaliadora.<\/p>\n\n\n\n<p>A primeira noite do 5\u00ba Festival Popular da Can\u00e7\u00e3o teve brilho especial com a presen\u00e7a de um nome querido da nossa m\u00fasica: Pino, dos Atuais, que marcou presen\u00e7a como jurado e como mem\u00f3ria viva dos festivais que revelam talentos.<\/p>\n\n\n\n<p>Com seu carisma e gratid\u00e3o, ele relembrou que tamb\u00e9m come\u00e7ou sua jornada em um palco de festival e foi ali que o destino o levou a ser convidado para os Atuais, \u201cO \u00fanico festival que ganhei em primeiro lugar\u201d, brinca, com a simplicidade de quem sabe o valor de cada come\u00e7o. Ver hoje a gurizada estreando no palco \u00e9, para ele, reviver o pr\u00f3prio in\u00edcio: \u201cAli come\u00e7a a estrada. Cada cantor d\u00e1 tudo no palco, e \u00e9 bonito ver isso\u201d.<\/p>\n\n\n\n<h2 class=\"wp-block-heading\"><strong>Classificados categoria Infantil:<\/strong><\/h2>\n\n\n\n<p>Davi Augusto Teixeira<br>Isabella Tramontina da Silva e Matheus Salazar M\u00fcller<br>J\u00falia F\u00e1tima Ziliotto<br>Julia Zanchin Dai Prai<br>Laura Guedes<br>Manuela Amaral Gastring<br>Manuela Ramos<\/p>\n\n\n\n<figure class=\"wp-block-image size-large\"><img loading=\"lazy\" decoding=\"async\" width=\"1024\" height=\"768\" src=\"https:\/\/folhapopular.info\/wp-content\/uploads\/2025\/08\/IMG_5702-1024x768.jpeg\" alt=\"\" class=\"wp-image-191132\" srcset=\"https:\/\/folhapopular.info\/wp-content\/uploads\/2025\/08\/IMG_5702-1024x768.jpeg 1024w, https:\/\/folhapopular.info\/wp-content\/uploads\/2025\/08\/IMG_5702-300x225.jpeg 300w, https:\/\/folhapopular.info\/wp-content\/uploads\/2025\/08\/IMG_5702-768x576.jpeg 768w, https:\/\/folhapopular.info\/wp-content\/uploads\/2025\/08\/IMG_5702-1536x1152.jpeg 1536w, https:\/\/folhapopular.info\/wp-content\/uploads\/2025\/08\/IMG_5702-2048x1536.jpeg 2048w, https:\/\/folhapopular.info\/wp-content\/uploads\/2025\/08\/IMG_5702-560x420.jpeg 560w, https:\/\/folhapopular.info\/wp-content\/uploads\/2025\/08\/IMG_5702-80x60.jpeg 80w, https:\/\/folhapopular.info\/wp-content\/uploads\/2025\/08\/IMG_5702-696x522.jpeg 696w, https:\/\/folhapopular.info\/wp-content\/uploads\/2025\/08\/IMG_5702-1068x801.jpeg 1068w, https:\/\/folhapopular.info\/wp-content\/uploads\/2025\/08\/IMG_5702-1920x1440.jpeg 1920w\" sizes=\"auto, (max-width: 1024px) 100vw, 1024px\" \/><\/figure>\n\n\n\n<h2 class=\"wp-block-heading\"><strong>Classificados categoria Juvenil:<\/strong><\/h2>\n\n\n\n<p>Alice de Oliveira Weirich<br>Amanda de Azevedo da Silva<br>\u00c9rika de Castro<br>Gabriela Taise Haas<br>Jo\u00e3o Vitor Camargo<br>Manuela Otar\u00e3o Segatto<br>Nahuana Antoniely Rosa da Rosa<\/p>\n\n\n\n<figure class=\"wp-block-image size-large\"><img loading=\"lazy\" decoding=\"async\" width=\"1024\" height=\"768\" src=\"https:\/\/folhapopular.info\/wp-content\/uploads\/2025\/08\/IMG_5695-1024x768.jpeg\" alt=\"\" class=\"wp-image-191133\" srcset=\"https:\/\/folhapopular.info\/wp-content\/uploads\/2025\/08\/IMG_5695-1024x768.jpeg 1024w, https:\/\/folhapopular.info\/wp-content\/uploads\/2025\/08\/IMG_5695-300x225.jpeg 300w, https:\/\/folhapopular.info\/wp-content\/uploads\/2025\/08\/IMG_5695-768x576.jpeg 768w, https:\/\/folhapopular.info\/wp-content\/uploads\/2025\/08\/IMG_5695-1536x1152.jpeg 1536w, https:\/\/folhapopular.info\/wp-content\/uploads\/2025\/08\/IMG_5695-2048x1536.jpeg 2048w, https:\/\/folhapopular.info\/wp-content\/uploads\/2025\/08\/IMG_5695-560x420.jpeg 560w, https:\/\/folhapopular.info\/wp-content\/uploads\/2025\/08\/IMG_5695-80x60.jpeg 80w, https:\/\/folhapopular.info\/wp-content\/uploads\/2025\/08\/IMG_5695-696x522.jpeg 696w, https:\/\/folhapopular.info\/wp-content\/uploads\/2025\/08\/IMG_5695-1068x801.jpeg 1068w, https:\/\/folhapopular.info\/wp-content\/uploads\/2025\/08\/IMG_5695-1920x1440.jpeg 1920w\" sizes=\"auto, (max-width: 1024px) 100vw, 1024px\" \/><\/figure>\n\n\n\n<p><br>O festival segue no s\u00e1bado (2\/8) com apresenta\u00e7\u00f5es da categoria Livre, voltada ao p\u00fablico adulto. A grande final est\u00e1 marcada para 23 de agosto, quando ser\u00e3o revelados os vencedores de cada categoria.<\/p>\n\n\n\n<h2 class=\"wp-block-heading\"><strong>Festival consolidado na regi\u00e3o<\/strong><\/h2>\n\n\n\n<p>Mais do que um evento musical, o Festival Popular da Can\u00e7\u00e3o se consolidou como um exerc\u00edcio de afeto e comunidade. Desde o acolhimento das fam\u00edlias nas depend\u00eancias da R\u00e1dio Popular at\u00e9 a dedica\u00e7\u00e3o com cada detalhe t\u00e9cnico, a organiza\u00e7\u00e3o construiu um ambiente de pertencimento. \u201cEstive na porta, recebi cada crian\u00e7a e cada pai com um abra\u00e7o, e posso dizer com o cora\u00e7\u00e3o: a gente sente o que fala. Esse festival \u00e9 feito com alma\u201d, refor\u00e7ou Brentano. <\/p>\n\n\n\n<p>S\u00edlvio Brune, idealizador do evento, comparou o envolvimento da equipe ao cuidado materno: \u201c\u00c9 como uma m\u00e3e que arruma a cama, que prepara tudo para os filhos. O Festival \u00e9 o \u00fatero que acolhe os artistas, as fam\u00edlias, os sonhos\u201d. E essa rede de carinho ultrapassou fronteiras: nesta edi\u00e7\u00e3o, o festival contou com participantes de 19 munic\u00edpios, como Porto Alegre, Santo Ant\u00f4nio da Patrulha, Gravata\u00ed, Ven\u00e2ncio Aires, Campo Bom, Nova Bassano e muitos outros, refor\u00e7ando o nome de Teut\u00f4nia como polo cultural e musical do Rio Grande do Sul.<\/p>\n\n\n\n<p>O 5\u00ba Festival Popular da Can\u00e7\u00e3o \u00e9 uma promo\u00e7\u00e3o do Grupo Popular de Comunica\u00e7\u00e3o, com realiza\u00e7\u00e3o de Brentano Projetos e Eventos Culturais. Tem o patroc\u00ednio das cooperativas Sicredi Ouro Branco RS\/MG e Certel,&nbsp;<em>American Nutrients<\/em>&nbsp;e Fuchs&nbsp;<em>Gruppe.&nbsp;<\/em>O apoio \u00e9 da Protepac e Col\u00e9gio Teut\u00f4nia, e a Prefeitura de Teut\u00f4nia presta apoio institucional.<\/p>\n\n\n\n<h2 class=\"wp-block-heading\">Categoria Infantil<\/h2>\n\n\n\n<div class=\"wp-block-jetpack-slideshow aligncenter\" data-effect=\"slide\" style=\"--aspect-ratio:calc(696 \/ 465)\"><div class=\"wp-block-jetpack-slideshow_container swiper-container\"><ul class=\"wp-block-jetpack-slideshow_swiper-wrapper swiper-wrapper\"><li class=\"wp-block-jetpack-slideshow_slide swiper-slide\"><figure><img loading=\"lazy\" decoding=\"async\" width=\"1024\" height=\"684\" alt=\"\" class=\"wp-block-jetpack-slideshow_image wp-image-191117\" data-id=\"191117\" data-aspect-ratio=\"696 \/ 465\" src=\"https:\/\/folhapopular.info\/wp-content\/uploads\/2025\/08\/DSC_0114-1024x684.jpg\" srcset=\"https:\/\/folhapopular.info\/wp-content\/uploads\/2025\/08\/DSC_0114-1024x684.jpg 1024w, https:\/\/folhapopular.info\/wp-content\/uploads\/2025\/08\/DSC_0114-300x201.jpg 300w, https:\/\/folhapopular.info\/wp-content\/uploads\/2025\/08\/DSC_0114-768x513.jpg 768w, https:\/\/folhapopular.info\/wp-content\/uploads\/2025\/08\/DSC_0114-1536x1027.jpg 1536w, https:\/\/folhapopular.info\/wp-content\/uploads\/2025\/08\/DSC_0114-2048x1369.jpg 2048w, https:\/\/folhapopular.info\/wp-content\/uploads\/2025\/08\/DSC_0114-628x420.jpg 628w, https:\/\/folhapopular.info\/wp-content\/uploads\/2025\/08\/DSC_0114-696x465.jpg 696w, https:\/\/folhapopular.info\/wp-content\/uploads\/2025\/08\/DSC_0114-1068x714.jpg 1068w, https:\/\/folhapopular.info\/wp-content\/uploads\/2025\/08\/DSC_0114-1920x1283.jpg 1920w\" sizes=\"(max-width: 1024px) 100vw, 1024px\" \/><figcaption class=\"wp-block-jetpack-slideshow_caption gallery-caption\">Bianca Diedrich Lopes Brummelhaus, de Carlos Barbosa<\/figcaption><\/figure><\/li><li class=\"wp-block-jetpack-slideshow_slide swiper-slide\"><figure><img loading=\"lazy\" decoding=\"async\" width=\"1024\" height=\"684\" alt=\"\" class=\"wp-block-jetpack-slideshow_image wp-image-191118\" data-id=\"191118\" data-aspect-ratio=\"696 \/ 465\" src=\"https:\/\/folhapopular.info\/wp-content\/uploads\/2025\/08\/DSC_0177-1024x684.jpg\" srcset=\"https:\/\/folhapopular.info\/wp-content\/uploads\/2025\/08\/DSC_0177-1024x684.jpg 1024w, https:\/\/folhapopular.info\/wp-content\/uploads\/2025\/08\/DSC_0177-300x201.jpg 300w, https:\/\/folhapopular.info\/wp-content\/uploads\/2025\/08\/DSC_0177-768x513.jpg 768w, https:\/\/folhapopular.info\/wp-content\/uploads\/2025\/08\/DSC_0177-1536x1027.jpg 1536w, https:\/\/folhapopular.info\/wp-content\/uploads\/2025\/08\/DSC_0177-2048x1369.jpg 2048w, https:\/\/folhapopular.info\/wp-content\/uploads\/2025\/08\/DSC_0177-628x420.jpg 628w, https:\/\/folhapopular.info\/wp-content\/uploads\/2025\/08\/DSC_0177-696x465.jpg 696w, https:\/\/folhapopular.info\/wp-content\/uploads\/2025\/08\/DSC_0177-1068x714.jpg 1068w, https:\/\/folhapopular.info\/wp-content\/uploads\/2025\/08\/DSC_0177-1920x1283.jpg 1920w\" sizes=\"(max-width: 1024px) 100vw, 1024px\" \/><figcaption class=\"wp-block-jetpack-slideshow_caption gallery-caption\">Davi Augusto Teixeira, de Parob\u00e9<\/figcaption><\/figure><\/li><li class=\"wp-block-jetpack-slideshow_slide swiper-slide\"><figure><img loading=\"lazy\" decoding=\"async\" width=\"1024\" height=\"684\" alt=\"\" class=\"wp-block-jetpack-slideshow_image wp-image-191119\" data-id=\"191119\" data-aspect-ratio=\"696 \/ 465\" src=\"https:\/\/folhapopular.info\/wp-content\/uploads\/2025\/08\/DSC_0201-1024x684.jpg\" srcset=\"https:\/\/folhapopular.info\/wp-content\/uploads\/2025\/08\/DSC_0201-1024x684.jpg 1024w, https:\/\/folhapopular.info\/wp-content\/uploads\/2025\/08\/DSC_0201-300x201.jpg 300w, https:\/\/folhapopular.info\/wp-content\/uploads\/2025\/08\/DSC_0201-768x513.jpg 768w, https:\/\/folhapopular.info\/wp-content\/uploads\/2025\/08\/DSC_0201-1536x1027.jpg 1536w, https:\/\/folhapopular.info\/wp-content\/uploads\/2025\/08\/DSC_0201-2048x1369.jpg 2048w, https:\/\/folhapopular.info\/wp-content\/uploads\/2025\/08\/DSC_0201-628x420.jpg 628w, https:\/\/folhapopular.info\/wp-content\/uploads\/2025\/08\/DSC_0201-696x465.jpg 696w, https:\/\/folhapopular.info\/wp-content\/uploads\/2025\/08\/DSC_0201-1068x714.jpg 1068w, https:\/\/folhapopular.info\/wp-content\/uploads\/2025\/08\/DSC_0201-1920x1283.jpg 1920w\" sizes=\"(max-width: 1024px) 100vw, 1024px\" \/><figcaption class=\"wp-block-jetpack-slideshow_caption gallery-caption\">Isabela Vit\u00f3ria Link, de Teut\u00f4nia<\/figcaption><\/figure><\/li><li class=\"wp-block-jetpack-slideshow_slide swiper-slide\"><figure><img loading=\"lazy\" decoding=\"async\" width=\"1024\" height=\"684\" alt=\"\" class=\"wp-block-jetpack-slideshow_image wp-image-191120\" data-id=\"191120\" data-aspect-ratio=\"696 \/ 465\" src=\"https:\/\/folhapopular.info\/wp-content\/uploads\/2025\/08\/DSC_0217-1024x684.jpg\" srcset=\"https:\/\/folhapopular.info\/wp-content\/uploads\/2025\/08\/DSC_0217-1024x684.jpg 1024w, https:\/\/folhapopular.info\/wp-content\/uploads\/2025\/08\/DSC_0217-300x201.jpg 300w, https:\/\/folhapopular.info\/wp-content\/uploads\/2025\/08\/DSC_0217-768x513.jpg 768w, https:\/\/folhapopular.info\/wp-content\/uploads\/2025\/08\/DSC_0217-1536x1027.jpg 1536w, https:\/\/folhapopular.info\/wp-content\/uploads\/2025\/08\/DSC_0217-2048x1369.jpg 2048w, https:\/\/folhapopular.info\/wp-content\/uploads\/2025\/08\/DSC_0217-628x420.jpg 628w, https:\/\/folhapopular.info\/wp-content\/uploads\/2025\/08\/DSC_0217-696x465.jpg 696w, https:\/\/folhapopular.info\/wp-content\/uploads\/2025\/08\/DSC_0217-1068x714.jpg 1068w, https:\/\/folhapopular.info\/wp-content\/uploads\/2025\/08\/DSC_0217-1920x1283.jpg 1920w\" sizes=\"(max-width: 1024px) 100vw, 1024px\" \/><figcaption class=\"wp-block-jetpack-slideshow_caption gallery-caption\">Isabele Hillebrand Weber, de Estrela<\/figcaption><\/figure><\/li><li class=\"wp-block-jetpack-slideshow_slide swiper-slide\"><figure><img loading=\"lazy\" decoding=\"async\" width=\"1024\" height=\"684\" alt=\"\" class=\"wp-block-jetpack-slideshow_image wp-image-191121\" data-id=\"191121\" data-aspect-ratio=\"696 \/ 465\" src=\"https:\/\/folhapopular.info\/wp-content\/uploads\/2025\/08\/DSC_0224-1024x684.jpg\" srcset=\"https:\/\/folhapopular.info\/wp-content\/uploads\/2025\/08\/DSC_0224-1024x684.jpg 1024w, https:\/\/folhapopular.info\/wp-content\/uploads\/2025\/08\/DSC_0224-300x201.jpg 300w, https:\/\/folhapopular.info\/wp-content\/uploads\/2025\/08\/DSC_0224-768x513.jpg 768w, https:\/\/folhapopular.info\/wp-content\/uploads\/2025\/08\/DSC_0224-1536x1027.jpg 1536w, https:\/\/folhapopular.info\/wp-content\/uploads\/2025\/08\/DSC_0224-2048x1369.jpg 2048w, https:\/\/folhapopular.info\/wp-content\/uploads\/2025\/08\/DSC_0224-628x420.jpg 628w, https:\/\/folhapopular.info\/wp-content\/uploads\/2025\/08\/DSC_0224-696x465.jpg 696w, https:\/\/folhapopular.info\/wp-content\/uploads\/2025\/08\/DSC_0224-1068x714.jpg 1068w, https:\/\/folhapopular.info\/wp-content\/uploads\/2025\/08\/DSC_0224-1920x1283.jpg 1920w\" sizes=\"(max-width: 1024px) 100vw, 1024px\" \/><figcaption class=\"wp-block-jetpack-slideshow_caption gallery-caption\">Isabella Tramontina da Silva e Matheus Salazar M\u00fcller, de Porto Alegre e Santo Ant\u00f4nio da Patrulha<\/figcaption><\/figure><\/li><li class=\"wp-block-jetpack-slideshow_slide swiper-slide\"><figure><img loading=\"lazy\" decoding=\"async\" width=\"1024\" height=\"684\" alt=\"\" class=\"wp-block-jetpack-slideshow_image wp-image-191122\" data-id=\"191122\" data-aspect-ratio=\"696 \/ 465\" src=\"https:\/\/folhapopular.info\/wp-content\/uploads\/2025\/08\/DSC_0295-1024x684.jpg\" srcset=\"https:\/\/folhapopular.info\/wp-content\/uploads\/2025\/08\/DSC_0295-1024x684.jpg 1024w, https:\/\/folhapopular.info\/wp-content\/uploads\/2025\/08\/DSC_0295-300x201.jpg 300w, https:\/\/folhapopular.info\/wp-content\/uploads\/2025\/08\/DSC_0295-768x513.jpg 768w, https:\/\/folhapopular.info\/wp-content\/uploads\/2025\/08\/DSC_0295-1536x1027.jpg 1536w, https:\/\/folhapopular.info\/wp-content\/uploads\/2025\/08\/DSC_0295-2048x1369.jpg 2048w, https:\/\/folhapopular.info\/wp-content\/uploads\/2025\/08\/DSC_0295-628x420.jpg 628w, https:\/\/folhapopular.info\/wp-content\/uploads\/2025\/08\/DSC_0295-696x465.jpg 696w, https:\/\/folhapopular.info\/wp-content\/uploads\/2025\/08\/DSC_0295-1068x714.jpg 1068w, https:\/\/folhapopular.info\/wp-content\/uploads\/2025\/08\/DSC_0295-1920x1283.jpg 1920w\" sizes=\"(max-width: 1024px) 100vw, 1024px\" \/><figcaption class=\"wp-block-jetpack-slideshow_caption gallery-caption\">J\u00falia F\u00e1tima Ziliotto, de Nova Bassano<\/figcaption><\/figure><\/li><li class=\"wp-block-jetpack-slideshow_slide swiper-slide\"><figure><img loading=\"lazy\" decoding=\"async\" width=\"1024\" height=\"684\" alt=\"\" class=\"wp-block-jetpack-slideshow_image wp-image-191123\" data-id=\"191123\" data-aspect-ratio=\"696 \/ 465\" src=\"https:\/\/folhapopular.info\/wp-content\/uploads\/2025\/08\/DSC_0336-1024x684.jpg\" srcset=\"https:\/\/folhapopular.info\/wp-content\/uploads\/2025\/08\/DSC_0336-1024x684.jpg 1024w, https:\/\/folhapopular.info\/wp-content\/uploads\/2025\/08\/DSC_0336-300x201.jpg 300w, https:\/\/folhapopular.info\/wp-content\/uploads\/2025\/08\/DSC_0336-768x513.jpg 768w, https:\/\/folhapopular.info\/wp-content\/uploads\/2025\/08\/DSC_0336-1536x1027.jpg 1536w, https:\/\/folhapopular.info\/wp-content\/uploads\/2025\/08\/DSC_0336-2048x1369.jpg 2048w, https:\/\/folhapopular.info\/wp-content\/uploads\/2025\/08\/DSC_0336-628x420.jpg 628w, https:\/\/folhapopular.info\/wp-content\/uploads\/2025\/08\/DSC_0336-696x465.jpg 696w, https:\/\/folhapopular.info\/wp-content\/uploads\/2025\/08\/DSC_0336-1068x714.jpg 1068w, https:\/\/folhapopular.info\/wp-content\/uploads\/2025\/08\/DSC_0336-1920x1283.jpg 1920w\" sizes=\"(max-width: 1024px) 100vw, 1024px\" \/><figcaption class=\"wp-block-jetpack-slideshow_caption gallery-caption\">Julia Zanchin Dai Prai, de Guapor\u00e9<\/figcaption><\/figure><\/li><li class=\"wp-block-jetpack-slideshow_slide swiper-slide\"><figure><img loading=\"lazy\" decoding=\"async\" width=\"1024\" height=\"684\" alt=\"\" class=\"wp-block-jetpack-slideshow_image wp-image-191124\" data-id=\"191124\" data-aspect-ratio=\"696 \/ 465\" src=\"https:\/\/folhapopular.info\/wp-content\/uploads\/2025\/08\/DSC_0367-1024x684.jpg\" srcset=\"https:\/\/folhapopular.info\/wp-content\/uploads\/2025\/08\/DSC_0367-1024x684.jpg 1024w, https:\/\/folhapopular.info\/wp-content\/uploads\/2025\/08\/DSC_0367-300x201.jpg 300w, https:\/\/folhapopular.info\/wp-content\/uploads\/2025\/08\/DSC_0367-768x513.jpg 768w, https:\/\/folhapopular.info\/wp-content\/uploads\/2025\/08\/DSC_0367-1536x1027.jpg 1536w, https:\/\/folhapopular.info\/wp-content\/uploads\/2025\/08\/DSC_0367-2048x1369.jpg 2048w, https:\/\/folhapopular.info\/wp-content\/uploads\/2025\/08\/DSC_0367-628x420.jpg 628w, https:\/\/folhapopular.info\/wp-content\/uploads\/2025\/08\/DSC_0367-696x465.jpg 696w, https:\/\/folhapopular.info\/wp-content\/uploads\/2025\/08\/DSC_0367-1068x714.jpg 1068w, https:\/\/folhapopular.info\/wp-content\/uploads\/2025\/08\/DSC_0367-1920x1283.jpg 1920w\" sizes=\"(max-width: 1024px) 100vw, 1024px\" \/><figcaption class=\"wp-block-jetpack-slideshow_caption gallery-caption\">Laura Guedes, de Gravata\u00ed<\/figcaption><\/figure><\/li><li class=\"wp-block-jetpack-slideshow_slide swiper-slide\"><figure><img loading=\"lazy\" decoding=\"async\" width=\"1024\" height=\"684\" alt=\"\" class=\"wp-block-jetpack-slideshow_image wp-image-191125\" data-id=\"191125\" data-aspect-ratio=\"696 \/ 465\" src=\"https:\/\/folhapopular.info\/wp-content\/uploads\/2025\/08\/DSC_0421-1024x684.jpg\" srcset=\"https:\/\/folhapopular.info\/wp-content\/uploads\/2025\/08\/DSC_0421-1024x684.jpg 1024w, https:\/\/folhapopular.info\/wp-content\/uploads\/2025\/08\/DSC_0421-300x201.jpg 300w, https:\/\/folhapopular.info\/wp-content\/uploads\/2025\/08\/DSC_0421-768x513.jpg 768w, https:\/\/folhapopular.info\/wp-content\/uploads\/2025\/08\/DSC_0421-1536x1027.jpg 1536w, https:\/\/folhapopular.info\/wp-content\/uploads\/2025\/08\/DSC_0421-2048x1369.jpg 2048w, https:\/\/folhapopular.info\/wp-content\/uploads\/2025\/08\/DSC_0421-628x420.jpg 628w, https:\/\/folhapopular.info\/wp-content\/uploads\/2025\/08\/DSC_0421-696x465.jpg 696w, https:\/\/folhapopular.info\/wp-content\/uploads\/2025\/08\/DSC_0421-1068x714.jpg 1068w, https:\/\/folhapopular.info\/wp-content\/uploads\/2025\/08\/DSC_0421-1920x1283.jpg 1920w\" sizes=\"(max-width: 1024px) 100vw, 1024px\" \/><figcaption class=\"wp-block-jetpack-slideshow_caption gallery-caption\">Luani Reckziegel da Rosa, de Paverama<\/figcaption><\/figure><\/li><li class=\"wp-block-jetpack-slideshow_slide swiper-slide\"><figure><img loading=\"lazy\" decoding=\"async\" width=\"1024\" height=\"684\" alt=\"\" class=\"wp-block-jetpack-slideshow_image wp-image-191126\" data-id=\"191126\" data-aspect-ratio=\"696 \/ 465\" src=\"https:\/\/folhapopular.info\/wp-content\/uploads\/2025\/08\/DSC_0477-1024x684.jpg\" srcset=\"https:\/\/folhapopular.info\/wp-content\/uploads\/2025\/08\/DSC_0477-1024x684.jpg 1024w, https:\/\/folhapopular.info\/wp-content\/uploads\/2025\/08\/DSC_0477-300x201.jpg 300w, https:\/\/folhapopular.info\/wp-content\/uploads\/2025\/08\/DSC_0477-768x513.jpg 768w, https:\/\/folhapopular.info\/wp-content\/uploads\/2025\/08\/DSC_0477-1536x1027.jpg 1536w, https:\/\/folhapopular.info\/wp-content\/uploads\/2025\/08\/DSC_0477-2048x1369.jpg 2048w, https:\/\/folhapopular.info\/wp-content\/uploads\/2025\/08\/DSC_0477-628x420.jpg 628w, https:\/\/folhapopular.info\/wp-content\/uploads\/2025\/08\/DSC_0477-696x465.jpg 696w, https:\/\/folhapopular.info\/wp-content\/uploads\/2025\/08\/DSC_0477-1068x714.jpg 1068w, https:\/\/folhapopular.info\/wp-content\/uploads\/2025\/08\/DSC_0477-1920x1283.jpg 1920w\" sizes=\"(max-width: 1024px) 100vw, 1024px\" \/><figcaption class=\"wp-block-jetpack-slideshow_caption gallery-caption\">Manuela Amaral Gastring, de Teut\u00f4nia<\/figcaption><\/figure><\/li><li class=\"wp-block-jetpack-slideshow_slide swiper-slide\"><figure><img loading=\"lazy\" decoding=\"async\" width=\"1024\" height=\"684\" alt=\"\" class=\"wp-block-jetpack-slideshow_image wp-image-191127\" data-id=\"191127\" data-aspect-ratio=\"696 \/ 465\" src=\"https:\/\/folhapopular.info\/wp-content\/uploads\/2025\/08\/DSC_0488-1024x684.jpg\" srcset=\"https:\/\/folhapopular.info\/wp-content\/uploads\/2025\/08\/DSC_0488-1024x684.jpg 1024w, https:\/\/folhapopular.info\/wp-content\/uploads\/2025\/08\/DSC_0488-300x201.jpg 300w, https:\/\/folhapopular.info\/wp-content\/uploads\/2025\/08\/DSC_0488-768x513.jpg 768w, https:\/\/folhapopular.info\/wp-content\/uploads\/2025\/08\/DSC_0488-1536x1027.jpg 1536w, https:\/\/folhapopular.info\/wp-content\/uploads\/2025\/08\/DSC_0488-2048x1369.jpg 2048w, https:\/\/folhapopular.info\/wp-content\/uploads\/2025\/08\/DSC_0488-628x420.jpg 628w, https:\/\/folhapopular.info\/wp-content\/uploads\/2025\/08\/DSC_0488-696x465.jpg 696w, https:\/\/folhapopular.info\/wp-content\/uploads\/2025\/08\/DSC_0488-1068x714.jpg 1068w, https:\/\/folhapopular.info\/wp-content\/uploads\/2025\/08\/DSC_0488-1920x1283.jpg 1920w\" sizes=\"(max-width: 1024px) 100vw, 1024px\" \/><figcaption class=\"wp-block-jetpack-slideshow_caption gallery-caption\">Manuela Ramos, de Montenegro<\/figcaption><\/figure><\/li><li class=\"wp-block-jetpack-slideshow_slide swiper-slide\"><figure><img loading=\"lazy\" decoding=\"async\" width=\"1024\" height=\"684\" alt=\"\" class=\"wp-block-jetpack-slideshow_image wp-image-191128\" data-id=\"191128\" data-aspect-ratio=\"696 \/ 465\" src=\"https:\/\/folhapopular.info\/wp-content\/uploads\/2025\/08\/DSC_0508-1024x684.jpg\" srcset=\"https:\/\/folhapopular.info\/wp-content\/uploads\/2025\/08\/DSC_0508-1024x684.jpg 1024w, https:\/\/folhapopular.info\/wp-content\/uploads\/2025\/08\/DSC_0508-300x201.jpg 300w, https:\/\/folhapopular.info\/wp-content\/uploads\/2025\/08\/DSC_0508-768x513.jpg 768w, https:\/\/folhapopular.info\/wp-content\/uploads\/2025\/08\/DSC_0508-1536x1027.jpg 1536w, https:\/\/folhapopular.info\/wp-content\/uploads\/2025\/08\/DSC_0508-2048x1369.jpg 2048w, https:\/\/folhapopular.info\/wp-content\/uploads\/2025\/08\/DSC_0508-628x420.jpg 628w, https:\/\/folhapopular.info\/wp-content\/uploads\/2025\/08\/DSC_0508-696x465.jpg 696w, https:\/\/folhapopular.info\/wp-content\/uploads\/2025\/08\/DSC_0508-1068x714.jpg 1068w, https:\/\/folhapopular.info\/wp-content\/uploads\/2025\/08\/DSC_0508-1920x1283.jpg 1920w\" sizes=\"(max-width: 1024px) 100vw, 1024px\" \/><figcaption class=\"wp-block-jetpack-slideshow_caption gallery-caption\">Milena Lu\u00edsa de Carvalho, de S\u00e3o Pedro da Serra<\/figcaption><\/figure><\/li><li class=\"wp-block-jetpack-slideshow_slide swiper-slide\"><figure><img loading=\"lazy\" decoding=\"async\" width=\"1024\" height=\"684\" alt=\"\" class=\"wp-block-jetpack-slideshow_image wp-image-191129\" data-id=\"191129\" data-aspect-ratio=\"696 \/ 465\" src=\"https:\/\/folhapopular.info\/wp-content\/uploads\/2025\/08\/DSC_0552-1024x684.jpg\" srcset=\"https:\/\/folhapopular.info\/wp-content\/uploads\/2025\/08\/DSC_0552-1024x684.jpg 1024w, https:\/\/folhapopular.info\/wp-content\/uploads\/2025\/08\/DSC_0552-300x201.jpg 300w, https:\/\/folhapopular.info\/wp-content\/uploads\/2025\/08\/DSC_0552-768x513.jpg 768w, https:\/\/folhapopular.info\/wp-content\/uploads\/2025\/08\/DSC_0552-1536x1027.jpg 1536w, https:\/\/folhapopular.info\/wp-content\/uploads\/2025\/08\/DSC_0552-2048x1369.jpg 2048w, https:\/\/folhapopular.info\/wp-content\/uploads\/2025\/08\/DSC_0552-628x420.jpg 628w, https:\/\/folhapopular.info\/wp-content\/uploads\/2025\/08\/DSC_0552-696x465.jpg 696w, https:\/\/folhapopular.info\/wp-content\/uploads\/2025\/08\/DSC_0552-1068x714.jpg 1068w, https:\/\/folhapopular.info\/wp-content\/uploads\/2025\/08\/DSC_0552-1920x1283.jpg 1920w\" sizes=\"(max-width: 1024px) 100vw, 1024px\" \/><figcaption class=\"wp-block-jetpack-slideshow_caption gallery-caption\">Rafaela Luiza Rhoden Hartmann, de S\u00e3o Pedro da Serra<\/figcaption><\/figure><\/li><li class=\"wp-block-jetpack-slideshow_slide swiper-slide\"><figure><img loading=\"lazy\" decoding=\"async\" width=\"1024\" height=\"684\" alt=\"\" class=\"wp-block-jetpack-slideshow_image wp-image-191130\" data-id=\"191130\" data-aspect-ratio=\"696 \/ 465\" src=\"https:\/\/folhapopular.info\/wp-content\/uploads\/2025\/08\/DSC_0572-1024x684.jpg\" srcset=\"https:\/\/folhapopular.info\/wp-content\/uploads\/2025\/08\/DSC_0572-1024x684.jpg 1024w, https:\/\/folhapopular.info\/wp-content\/uploads\/2025\/08\/DSC_0572-300x201.jpg 300w, https:\/\/folhapopular.info\/wp-content\/uploads\/2025\/08\/DSC_0572-768x513.jpg 768w, https:\/\/folhapopular.info\/wp-content\/uploads\/2025\/08\/DSC_0572-1536x1027.jpg 1536w, https:\/\/folhapopular.info\/wp-content\/uploads\/2025\/08\/DSC_0572-2048x1369.jpg 2048w, https:\/\/folhapopular.info\/wp-content\/uploads\/2025\/08\/DSC_0572-628x420.jpg 628w, https:\/\/folhapopular.info\/wp-content\/uploads\/2025\/08\/DSC_0572-696x465.jpg 696w, https:\/\/folhapopular.info\/wp-content\/uploads\/2025\/08\/DSC_0572-1068x714.jpg 1068w, https:\/\/folhapopular.info\/wp-content\/uploads\/2025\/08\/DSC_0572-1920x1283.jpg 1920w\" sizes=\"(max-width: 1024px) 100vw, 1024px\" \/><figcaption class=\"wp-block-jetpack-slideshow_caption gallery-caption\">Sofia Gregory Kuhn, de Estrela<\/figcaption><\/figure><\/li><\/ul><a class=\"wp-block-jetpack-slideshow_button-prev swiper-button-prev swiper-button-white\" role=\"button\"><\/a><a class=\"wp-block-jetpack-slideshow_button-next swiper-button-next swiper-button-white\" role=\"button\"><\/a><a aria-label=\"Pause Slideshow\" class=\"wp-block-jetpack-slideshow_button-pause\" role=\"button\"><\/a><div class=\"wp-block-jetpack-slideshow_pagination swiper-pagination swiper-pagination-white\"><\/div><\/div><\/div>\n\n\n\n<h2 class=\"wp-block-heading\">Categoria Juvenil<\/h2>\n\n\n\n<div class=\"wp-block-jetpack-slideshow aligncenter\" data-effect=\"slide\" style=\"--aspect-ratio:calc(696 \/ 522)\"><div class=\"wp-block-jetpack-slideshow_container swiper-container\"><ul class=\"wp-block-jetpack-slideshow_swiper-wrapper swiper-wrapper\"><li class=\"wp-block-jetpack-slideshow_slide swiper-slide\"><figure><img loading=\"lazy\" decoding=\"async\" width=\"1024\" height=\"768\" alt=\"\" class=\"wp-block-jetpack-slideshow_image wp-image-191102\" data-id=\"191102\" data-aspect-ratio=\"696 \/ 522\" src=\"https:\/\/folhapopular.info\/wp-content\/uploads\/2025\/08\/Alice-de-Oliveira-Weirich-1024x768.jpeg\" srcset=\"https:\/\/folhapopular.info\/wp-content\/uploads\/2025\/08\/Alice-de-Oliveira-Weirich-1024x768.jpeg 1024w, https:\/\/folhapopular.info\/wp-content\/uploads\/2025\/08\/Alice-de-Oliveira-Weirich-300x225.jpeg 300w, https:\/\/folhapopular.info\/wp-content\/uploads\/2025\/08\/Alice-de-Oliveira-Weirich-768x576.jpeg 768w, https:\/\/folhapopular.info\/wp-content\/uploads\/2025\/08\/Alice-de-Oliveira-Weirich-1536x1152.jpeg 1536w, https:\/\/folhapopular.info\/wp-content\/uploads\/2025\/08\/Alice-de-Oliveira-Weirich-2048x1536.jpeg 2048w, https:\/\/folhapopular.info\/wp-content\/uploads\/2025\/08\/Alice-de-Oliveira-Weirich-560x420.jpeg 560w, https:\/\/folhapopular.info\/wp-content\/uploads\/2025\/08\/Alice-de-Oliveira-Weirich-80x60.jpeg 80w, https:\/\/folhapopular.info\/wp-content\/uploads\/2025\/08\/Alice-de-Oliveira-Weirich-696x522.jpeg 696w, https:\/\/folhapopular.info\/wp-content\/uploads\/2025\/08\/Alice-de-Oliveira-Weirich-1068x801.jpeg 1068w, https:\/\/folhapopular.info\/wp-content\/uploads\/2025\/08\/Alice-de-Oliveira-Weirich-1920x1440.jpeg 1920w\" sizes=\"(max-width: 1024px) 100vw, 1024px\" \/><figcaption class=\"wp-block-jetpack-slideshow_caption gallery-caption\">Alice de Oliveira Weirich, de Santa Clara do Sul, cantou &#8220;Vilarejo&#8221;, de Marisa Monte<\/figcaption><\/figure><\/li><li class=\"wp-block-jetpack-slideshow_slide swiper-slide\"><figure><img loading=\"lazy\" decoding=\"async\" width=\"1024\" height=\"768\" alt=\"\" class=\"wp-block-jetpack-slideshow_image wp-image-191105\" data-id=\"191105\" data-aspect-ratio=\"696 \/ 522\" src=\"https:\/\/folhapopular.info\/wp-content\/uploads\/2025\/08\/Amanda-de-Azevedo-da-Silva-1024x768.jpeg\" srcset=\"https:\/\/folhapopular.info\/wp-content\/uploads\/2025\/08\/Amanda-de-Azevedo-da-Silva-1024x768.jpeg 1024w, https:\/\/folhapopular.info\/wp-content\/uploads\/2025\/08\/Amanda-de-Azevedo-da-Silva-300x225.jpeg 300w, https:\/\/folhapopular.info\/wp-content\/uploads\/2025\/08\/Amanda-de-Azevedo-da-Silva-768x576.jpeg 768w, https:\/\/folhapopular.info\/wp-content\/uploads\/2025\/08\/Amanda-de-Azevedo-da-Silva-1536x1152.jpeg 1536w, https:\/\/folhapopular.info\/wp-content\/uploads\/2025\/08\/Amanda-de-Azevedo-da-Silva-2048x1536.jpeg 2048w, https:\/\/folhapopular.info\/wp-content\/uploads\/2025\/08\/Amanda-de-Azevedo-da-Silva-560x420.jpeg 560w, https:\/\/folhapopular.info\/wp-content\/uploads\/2025\/08\/Amanda-de-Azevedo-da-Silva-80x60.jpeg 80w, https:\/\/folhapopular.info\/wp-content\/uploads\/2025\/08\/Amanda-de-Azevedo-da-Silva-696x522.jpeg 696w, https:\/\/folhapopular.info\/wp-content\/uploads\/2025\/08\/Amanda-de-Azevedo-da-Silva-1068x801.jpeg 1068w, https:\/\/folhapopular.info\/wp-content\/uploads\/2025\/08\/Amanda-de-Azevedo-da-Silva-1920x1440.jpeg 1920w\" sizes=\"(max-width: 1024px) 100vw, 1024px\" \/><figcaption class=\"wp-block-jetpack-slideshow_caption gallery-caption\">Amanda de Azevedo da Silva, de Triunfo, cantou \u201cQuando a chuva passar\u201d, de Ivete Sangalo<\/figcaption><\/figure><\/li><li class=\"wp-block-jetpack-slideshow_slide swiper-slide\"><figure><img loading=\"lazy\" decoding=\"async\" width=\"1024\" height=\"768\" alt=\"\" class=\"wp-block-jetpack-slideshow_image wp-image-191106\" data-id=\"191106\" data-aspect-ratio=\"696 \/ 522\" src=\"https:\/\/folhapopular.info\/wp-content\/uploads\/2025\/08\/IMG_5638-1024x768.jpeg\" srcset=\"https:\/\/folhapopular.info\/wp-content\/uploads\/2025\/08\/IMG_5638-1024x768.jpeg 1024w, https:\/\/folhapopular.info\/wp-content\/uploads\/2025\/08\/IMG_5638-300x225.jpeg 300w, https:\/\/folhapopular.info\/wp-content\/uploads\/2025\/08\/IMG_5638-768x576.jpeg 768w, https:\/\/folhapopular.info\/wp-content\/uploads\/2025\/08\/IMG_5638-1536x1152.jpeg 1536w, https:\/\/folhapopular.info\/wp-content\/uploads\/2025\/08\/IMG_5638-2048x1536.jpeg 2048w, https:\/\/folhapopular.info\/wp-content\/uploads\/2025\/08\/IMG_5638-560x420.jpeg 560w, https:\/\/folhapopular.info\/wp-content\/uploads\/2025\/08\/IMG_5638-80x60.jpeg 80w, https:\/\/folhapopular.info\/wp-content\/uploads\/2025\/08\/IMG_5638-696x522.jpeg 696w, https:\/\/folhapopular.info\/wp-content\/uploads\/2025\/08\/IMG_5638-1068x801.jpeg 1068w, https:\/\/folhapopular.info\/wp-content\/uploads\/2025\/08\/IMG_5638-1920x1440.jpeg 1920w\" sizes=\"(max-width: 1024px) 100vw, 1024px\" \/><figcaption class=\"wp-block-jetpack-slideshow_caption gallery-caption\">\u00c9rika de Castro, de Po\u00e7o das Antas, cantou &#8220;Exagerado&#8221;, de Cazuza<\/figcaption><\/figure><\/li><li class=\"wp-block-jetpack-slideshow_slide swiper-slide\"><figure><img loading=\"lazy\" decoding=\"async\" width=\"1024\" height=\"768\" alt=\"\" class=\"wp-block-jetpack-slideshow_image wp-image-191107\" data-id=\"191107\" data-aspect-ratio=\"696 \/ 522\" src=\"https:\/\/folhapopular.info\/wp-content\/uploads\/2025\/08\/IMG_5643-1024x768.jpeg\" srcset=\"https:\/\/folhapopular.info\/wp-content\/uploads\/2025\/08\/IMG_5643-1024x768.jpeg 1024w, https:\/\/folhapopular.info\/wp-content\/uploads\/2025\/08\/IMG_5643-300x225.jpeg 300w, https:\/\/folhapopular.info\/wp-content\/uploads\/2025\/08\/IMG_5643-768x576.jpeg 768w, https:\/\/folhapopular.info\/wp-content\/uploads\/2025\/08\/IMG_5643-1536x1152.jpeg 1536w, https:\/\/folhapopular.info\/wp-content\/uploads\/2025\/08\/IMG_5643-2048x1536.jpeg 2048w, https:\/\/folhapopular.info\/wp-content\/uploads\/2025\/08\/IMG_5643-560x420.jpeg 560w, https:\/\/folhapopular.info\/wp-content\/uploads\/2025\/08\/IMG_5643-80x60.jpeg 80w, https:\/\/folhapopular.info\/wp-content\/uploads\/2025\/08\/IMG_5643-696x522.jpeg 696w, https:\/\/folhapopular.info\/wp-content\/uploads\/2025\/08\/IMG_5643-1068x801.jpeg 1068w, https:\/\/folhapopular.info\/wp-content\/uploads\/2025\/08\/IMG_5643-1920x1440.jpeg 1920w\" sizes=\"(max-width: 1024px) 100vw, 1024px\" \/><figcaption class=\"wp-block-jetpack-slideshow_caption gallery-caption\">Gabriela Taise Haas, de Teut\u00f4nia, cantou \u201c10 minutos longe de voc\u00ea\u201d, de Victor e Leo<\/figcaption><\/figure><\/li><li class=\"wp-block-jetpack-slideshow_slide swiper-slide\"><figure><img loading=\"lazy\" decoding=\"async\" width=\"1024\" height=\"768\" alt=\"\" class=\"wp-block-jetpack-slideshow_image wp-image-191111\" data-id=\"191111\" data-aspect-ratio=\"696 \/ 522\" src=\"https:\/\/folhapopular.info\/wp-content\/uploads\/2025\/08\/Joao-Victor-Camargo-1024x768.jpeg\" srcset=\"https:\/\/folhapopular.info\/wp-content\/uploads\/2025\/08\/Joao-Victor-Camargo-1024x768.jpeg 1024w, https:\/\/folhapopular.info\/wp-content\/uploads\/2025\/08\/Joao-Victor-Camargo-300x225.jpeg 300w, https:\/\/folhapopular.info\/wp-content\/uploads\/2025\/08\/Joao-Victor-Camargo-768x576.jpeg 768w, https:\/\/folhapopular.info\/wp-content\/uploads\/2025\/08\/Joao-Victor-Camargo-1536x1152.jpeg 1536w, https:\/\/folhapopular.info\/wp-content\/uploads\/2025\/08\/Joao-Victor-Camargo-2048x1536.jpeg 2048w, https:\/\/folhapopular.info\/wp-content\/uploads\/2025\/08\/Joao-Victor-Camargo-560x420.jpeg 560w, https:\/\/folhapopular.info\/wp-content\/uploads\/2025\/08\/Joao-Victor-Camargo-80x60.jpeg 80w, https:\/\/folhapopular.info\/wp-content\/uploads\/2025\/08\/Joao-Victor-Camargo-696x522.jpeg 696w, https:\/\/folhapopular.info\/wp-content\/uploads\/2025\/08\/Joao-Victor-Camargo-1068x801.jpeg 1068w, https:\/\/folhapopular.info\/wp-content\/uploads\/2025\/08\/Joao-Victor-Camargo-1920x1440.jpeg 1920w\" sizes=\"(max-width: 1024px) 100vw, 1024px\" \/><figcaption class=\"wp-block-jetpack-slideshow_caption gallery-caption\">Jo\u00e3o Victor Camargo, de Campo Bom, cantou \u201cDona\u201d, de Roupa Nova<\/figcaption><\/figure><\/li><li class=\"wp-block-jetpack-slideshow_slide swiper-slide\"><figure><img loading=\"lazy\" decoding=\"async\" width=\"1024\" height=\"768\" alt=\"\" class=\"wp-block-jetpack-slideshow_image wp-image-191112\" data-id=\"191112\" data-aspect-ratio=\"696 \/ 522\" src=\"https:\/\/folhapopular.info\/wp-content\/uploads\/2025\/08\/Lucas-Rovyan-Gossler-1024x768.jpeg\" srcset=\"https:\/\/folhapopular.info\/wp-content\/uploads\/2025\/08\/Lucas-Rovyan-Gossler-1024x768.jpeg 1024w, https:\/\/folhapopular.info\/wp-content\/uploads\/2025\/08\/Lucas-Rovyan-Gossler-300x225.jpeg 300w, https:\/\/folhapopular.info\/wp-content\/uploads\/2025\/08\/Lucas-Rovyan-Gossler-768x576.jpeg 768w, https:\/\/folhapopular.info\/wp-content\/uploads\/2025\/08\/Lucas-Rovyan-Gossler-1536x1152.jpeg 1536w, https:\/\/folhapopular.info\/wp-content\/uploads\/2025\/08\/Lucas-Rovyan-Gossler-2048x1536.jpeg 2048w, https:\/\/folhapopular.info\/wp-content\/uploads\/2025\/08\/Lucas-Rovyan-Gossler-560x420.jpeg 560w, https:\/\/folhapopular.info\/wp-content\/uploads\/2025\/08\/Lucas-Rovyan-Gossler-80x60.jpeg 80w, https:\/\/folhapopular.info\/wp-content\/uploads\/2025\/08\/Lucas-Rovyan-Gossler-696x522.jpeg 696w, https:\/\/folhapopular.info\/wp-content\/uploads\/2025\/08\/Lucas-Rovyan-Gossler-1068x801.jpeg 1068w, https:\/\/folhapopular.info\/wp-content\/uploads\/2025\/08\/Lucas-Rovyan-Gossler-1920x1440.jpeg 1920w\" sizes=\"(max-width: 1024px) 100vw, 1024px\" \/><figcaption class=\"wp-block-jetpack-slideshow_caption gallery-caption\">Lucas Rovyan Gossler, de S\u00e3o Pedro da Serra, cantou \u201cBeijinho Doce\u201d, de As Galv\u00e3o<\/figcaption><\/figure><\/li><li class=\"wp-block-jetpack-slideshow_slide swiper-slide\"><figure><img loading=\"lazy\" decoding=\"async\" width=\"1024\" height=\"768\" alt=\"\" class=\"wp-block-jetpack-slideshow_image wp-image-191113\" data-id=\"191113\" data-aspect-ratio=\"696 \/ 522\" src=\"https:\/\/folhapopular.info\/wp-content\/uploads\/2025\/08\/Manuela-Otarao-Segatto-1024x768.jpeg\" srcset=\"https:\/\/folhapopular.info\/wp-content\/uploads\/2025\/08\/Manuela-Otarao-Segatto-1024x768.jpeg 1024w, https:\/\/folhapopular.info\/wp-content\/uploads\/2025\/08\/Manuela-Otarao-Segatto-300x225.jpeg 300w, https:\/\/folhapopular.info\/wp-content\/uploads\/2025\/08\/Manuela-Otarao-Segatto-768x576.jpeg 768w, https:\/\/folhapopular.info\/wp-content\/uploads\/2025\/08\/Manuela-Otarao-Segatto-1536x1152.jpeg 1536w, https:\/\/folhapopular.info\/wp-content\/uploads\/2025\/08\/Manuela-Otarao-Segatto-2048x1536.jpeg 2048w, https:\/\/folhapopular.info\/wp-content\/uploads\/2025\/08\/Manuela-Otarao-Segatto-560x420.jpeg 560w, https:\/\/folhapopular.info\/wp-content\/uploads\/2025\/08\/Manuela-Otarao-Segatto-80x60.jpeg 80w, https:\/\/folhapopular.info\/wp-content\/uploads\/2025\/08\/Manuela-Otarao-Segatto-696x522.jpeg 696w, https:\/\/folhapopular.info\/wp-content\/uploads\/2025\/08\/Manuela-Otarao-Segatto-1068x801.jpeg 1068w, https:\/\/folhapopular.info\/wp-content\/uploads\/2025\/08\/Manuela-Otarao-Segatto-1920x1440.jpeg 1920w\" sizes=\"(max-width: 1024px) 100vw, 1024px\" \/><figcaption class=\"wp-block-jetpack-slideshow_caption gallery-caption\">Manuela Otar\u00e3o Segatto, de Ven\u00e2ncio Aires, cantou \u201cAguenta Cora\u00e7\u00e3o\u201d, de Marcos e Belutti <\/figcaption><\/figure><\/li><li class=\"wp-block-jetpack-slideshow_slide swiper-slide\"><figure><img loading=\"lazy\" decoding=\"async\" width=\"1024\" height=\"768\" alt=\"\" class=\"wp-block-jetpack-slideshow_image wp-image-191114\" data-id=\"191114\" data-aspect-ratio=\"696 \/ 522\" src=\"https:\/\/folhapopular.info\/wp-content\/uploads\/2025\/08\/Murilo-Rafael-Altmann-1024x768.jpeg\" srcset=\"https:\/\/folhapopular.info\/wp-content\/uploads\/2025\/08\/Murilo-Rafael-Altmann-1024x768.jpeg 1024w, https:\/\/folhapopular.info\/wp-content\/uploads\/2025\/08\/Murilo-Rafael-Altmann-300x225.jpeg 300w, https:\/\/folhapopular.info\/wp-content\/uploads\/2025\/08\/Murilo-Rafael-Altmann-768x576.jpeg 768w, https:\/\/folhapopular.info\/wp-content\/uploads\/2025\/08\/Murilo-Rafael-Altmann-1536x1152.jpeg 1536w, https:\/\/folhapopular.info\/wp-content\/uploads\/2025\/08\/Murilo-Rafael-Altmann-2048x1536.jpeg 2048w, https:\/\/folhapopular.info\/wp-content\/uploads\/2025\/08\/Murilo-Rafael-Altmann-560x420.jpeg 560w, https:\/\/folhapopular.info\/wp-content\/uploads\/2025\/08\/Murilo-Rafael-Altmann-80x60.jpeg 80w, https:\/\/folhapopular.info\/wp-content\/uploads\/2025\/08\/Murilo-Rafael-Altmann-696x522.jpeg 696w, https:\/\/folhapopular.info\/wp-content\/uploads\/2025\/08\/Murilo-Rafael-Altmann-1068x801.jpeg 1068w, https:\/\/folhapopular.info\/wp-content\/uploads\/2025\/08\/Murilo-Rafael-Altmann-1920x1440.jpeg 1920w\" sizes=\"(max-width: 1024px) 100vw, 1024px\" \/><figcaption class=\"wp-block-jetpack-slideshow_caption gallery-caption\">Murilo Rafael Altmann, de Teut\u00f4nia, cantou \u201cTudo o que voc\u00ea quiser\u201d, de Luan Santana<\/figcaption><\/figure><\/li><li class=\"wp-block-jetpack-slideshow_slide swiper-slide\"><figure><img loading=\"lazy\" decoding=\"async\" width=\"1024\" height=\"768\" alt=\"\" class=\"wp-block-jetpack-slideshow_image wp-image-191115\" data-id=\"191115\" data-aspect-ratio=\"696 \/ 522\" src=\"https:\/\/folhapopular.info\/wp-content\/uploads\/2025\/08\/Nahuana-Antoniely-Rosa-da-Rosa-1024x768.jpeg\" srcset=\"https:\/\/folhapopular.info\/wp-content\/uploads\/2025\/08\/Nahuana-Antoniely-Rosa-da-Rosa-1024x768.jpeg 1024w, https:\/\/folhapopular.info\/wp-content\/uploads\/2025\/08\/Nahuana-Antoniely-Rosa-da-Rosa-300x225.jpeg 300w, https:\/\/folhapopular.info\/wp-content\/uploads\/2025\/08\/Nahuana-Antoniely-Rosa-da-Rosa-768x576.jpeg 768w, https:\/\/folhapopular.info\/wp-content\/uploads\/2025\/08\/Nahuana-Antoniely-Rosa-da-Rosa-1536x1152.jpeg 1536w, https:\/\/folhapopular.info\/wp-content\/uploads\/2025\/08\/Nahuana-Antoniely-Rosa-da-Rosa-2048x1536.jpeg 2048w, https:\/\/folhapopular.info\/wp-content\/uploads\/2025\/08\/Nahuana-Antoniely-Rosa-da-Rosa-560x420.jpeg 560w, https:\/\/folhapopular.info\/wp-content\/uploads\/2025\/08\/Nahuana-Antoniely-Rosa-da-Rosa-80x60.jpeg 80w, https:\/\/folhapopular.info\/wp-content\/uploads\/2025\/08\/Nahuana-Antoniely-Rosa-da-Rosa-696x522.jpeg 696w, https:\/\/folhapopular.info\/wp-content\/uploads\/2025\/08\/Nahuana-Antoniely-Rosa-da-Rosa-1068x801.jpeg 1068w, https:\/\/folhapopular.info\/wp-content\/uploads\/2025\/08\/Nahuana-Antoniely-Rosa-da-Rosa-1920x1440.jpeg 1920w\" sizes=\"(max-width: 1024px) 100vw, 1024px\" \/><figcaption class=\"wp-block-jetpack-slideshow_caption gallery-caption\">Nahuana Antoniely Rosa da Rosa, de Triunfo, cantou \u201cPrimavera\u201d, de Tim Maia<\/figcaption><\/figure><\/li><li class=\"wp-block-jetpack-slideshow_slide swiper-slide\"><figure><img loading=\"lazy\" decoding=\"async\" width=\"1024\" height=\"768\" alt=\"\" class=\"wp-block-jetpack-slideshow_image wp-image-191116\" data-id=\"191116\" data-aspect-ratio=\"696 \/ 522\" src=\"https:\/\/folhapopular.info\/wp-content\/uploads\/2025\/08\/Vitoria-Ebeling-Schommer-1024x768.jpeg\" srcset=\"https:\/\/folhapopular.info\/wp-content\/uploads\/2025\/08\/Vitoria-Ebeling-Schommer-1024x768.jpeg 1024w, https:\/\/folhapopular.info\/wp-content\/uploads\/2025\/08\/Vitoria-Ebeling-Schommer-300x225.jpeg 300w, https:\/\/folhapopular.info\/wp-content\/uploads\/2025\/08\/Vitoria-Ebeling-Schommer-768x576.jpeg 768w, https:\/\/folhapopular.info\/wp-content\/uploads\/2025\/08\/Vitoria-Ebeling-Schommer-1536x1152.jpeg 1536w, https:\/\/folhapopular.info\/wp-content\/uploads\/2025\/08\/Vitoria-Ebeling-Schommer-2048x1536.jpeg 2048w, https:\/\/folhapopular.info\/wp-content\/uploads\/2025\/08\/Vitoria-Ebeling-Schommer-560x420.jpeg 560w, https:\/\/folhapopular.info\/wp-content\/uploads\/2025\/08\/Vitoria-Ebeling-Schommer-80x60.jpeg 80w, https:\/\/folhapopular.info\/wp-content\/uploads\/2025\/08\/Vitoria-Ebeling-Schommer-696x522.jpeg 696w, https:\/\/folhapopular.info\/wp-content\/uploads\/2025\/08\/Vitoria-Ebeling-Schommer-1068x801.jpeg 1068w, https:\/\/folhapopular.info\/wp-content\/uploads\/2025\/08\/Vitoria-Ebeling-Schommer-1920x1440.jpeg 1920w\" sizes=\"(max-width: 1024px) 100vw, 1024px\" \/><figcaption class=\"wp-block-jetpack-slideshow_caption gallery-caption\">Vit\u00f3ria Ebeling Schommer, de S\u00e3o Pedro da Serra, cantou \u201cQuase sem querer\u201d, de Legi\u00e3o Urbana<\/figcaption><\/figure><\/li><\/ul><a class=\"wp-block-jetpack-slideshow_button-prev swiper-button-prev swiper-button-white\" role=\"button\"><\/a><a class=\"wp-block-jetpack-slideshow_button-next swiper-button-next swiper-button-white\" role=\"button\"><\/a><a aria-label=\"Pause Slideshow\" class=\"wp-block-jetpack-slideshow_button-pause\" role=\"button\"><\/a><div class=\"wp-block-jetpack-slideshow_pagination swiper-pagination swiper-pagination-white\"><\/div><\/div><\/div>\n\n\n\n<h2 class=\"wp-block-heading\">Confira a primeira noite na \u00edntegra:<\/h2>\n\n\n\n<p><div class=\"youtube-embed\" data-video_id=\"SxFYw9QghFw\"><iframe loading=\"lazy\" title=\"5\u00ba FESTIVAL POPULAR DA CAN\u00c7\u00c3O | CATEGORIAS INFANTIL E JUVENIL - ETAPA CLASSIFICAT\u00d3RIA\" width=\"696\" height=\"392\" src=\"https:\/\/www.youtube.com\/embed\/SxFYw9QghFw?feature=oembed&#038;enablejsapi=1\" frameborder=\"0\" allow=\"accelerometer; autoplay; clipboard-write; encrypted-media; gyroscope; picture-in-picture; web-share\" referrerpolicy=\"strict-origin-when-cross-origin\" allowfullscreen><\/iframe><\/div><\/p>\n\n\n\n<p><\/p>\n","protected":false},"excerpt":{"rendered":"<p>Os holofotes voltaram-se ao palco do audit\u00f3rio do Col\u00e9gio Teut\u00f4nia para a primeira noite de apresenta\u00e7\u00f5es do 5\u00ba Festival Popular da Can\u00e7\u00e3o, nesta sexta-feira (1\u00ba\/8). O p\u00fablico presente conferiu um verdadeiro espet\u00e1culo de vozes e emo\u00e7\u00f5es. Ao todo, 25 jovens int\u00e9rpretes das categorias Infantil e Juvenil encantaram o p\u00fablico com repert\u00f3rios exigentes e interpreta\u00e7\u00f5es sens\u00edveis. [&hellip;]<\/p>\n","protected":false},"author":707,"featured_media":191131,"comment_status":"open","ping_status":"open","sticky":false,"template":"","format":"standard","meta":{"pmpro_default_level":"","_jetpack_memberships_contains_paid_content":false,"footnotes":""},"categories":[10996,2,6],"tags":[19091],"class_list":{"0":"post-191085","1":"post","2":"type-post","3":"status-publish","4":"format-standard","5":"has-post-thumbnail","7":"category-cultura","8":"category-featured","9":"category-inclusive","10":"tag-5-festival-popular-da-cancao","11":"pmpro-has-access"},"yoast_head":"<!-- This site is optimized with the Yoast SEO plugin v27.5 - https:\/\/yoast.com\/product\/yoast-seo-wordpress\/ -->\n<title>Com emo\u00e7\u00e3o e alto n\u00edvel t\u00e9cnico, Festival Popular da Can\u00e7\u00e3o abriu sua quinta edi\u00e7\u00e3o - Folha Popular<\/title>\n<meta name=\"robots\" content=\"index, follow, max-snippet:-1, max-image-preview:large, max-video-preview:-1\" \/>\n<link rel=\"canonical\" href=\"https:\/\/folhapopular.info\/index.php\/2025\/08\/01\/com-emocao-e-alto-nivel-tecnico-festival-popular-da-cancao-abriu-sua-quinta-edicao\/\" \/>\n<meta property=\"og:locale\" content=\"pt_BR\" \/>\n<meta property=\"og:type\" content=\"article\" \/>\n<meta property=\"og:title\" content=\"Com emo\u00e7\u00e3o e alto n\u00edvel t\u00e9cnico, Festival Popular da Can\u00e7\u00e3o abriu sua quinta edi\u00e7\u00e3o - Folha Popular\" \/>\n<meta property=\"og:description\" content=\"Os holofotes voltaram-se ao palco do audit\u00f3rio do Col\u00e9gio Teut\u00f4nia para a primeira noite de apresenta\u00e7\u00f5es do 5\u00ba Festival Popular da Can\u00e7\u00e3o, nesta sexta-feira (1\u00ba\/8). O p\u00fablico presente conferiu um verdadeiro espet\u00e1culo de vozes e emo\u00e7\u00f5es. Ao todo, 25 jovens int\u00e9rpretes das categorias Infantil e Juvenil encantaram o p\u00fablico com repert\u00f3rios exigentes e interpreta\u00e7\u00f5es sens\u00edveis. [&hellip;]\" \/>\n<meta property=\"og:url\" content=\"https:\/\/folhapopular.info\/index.php\/2025\/08\/01\/com-emocao-e-alto-nivel-tecnico-festival-popular-da-cancao-abriu-sua-quinta-edicao\/\" \/>\n<meta property=\"og:site_name\" content=\"Folha Popular\" \/>\n<meta property=\"article:published_time\" content=\"2025-08-02T02:00:23+00:00\" \/>\n<meta property=\"article:modified_time\" content=\"2025-08-02T13:45:43+00:00\" \/>\n<meta property=\"og:image\" content=\"http:\/\/folhapopular.info\/wp-content\/uploads\/2025\/08\/DSC_0477-1-scaled.jpg\" \/>\n\t<meta property=\"og:image:width\" content=\"2560\" \/>\n\t<meta property=\"og:image:height\" content=\"1711\" \/>\n\t<meta property=\"og:image:type\" content=\"image\/jpeg\" \/>\n<meta name=\"author\" content=\"Ariana de Oliveira\" \/>\n<meta name=\"twitter:card\" content=\"summary_large_image\" \/>\n<meta name=\"twitter:label1\" content=\"Escrito por\" \/>\n\t<meta name=\"twitter:data1\" content=\"Ariana de Oliveira\" \/>\n\t<meta name=\"twitter:label2\" content=\"Est. tempo de leitura\" \/>\n\t<meta name=\"twitter:data2\" content=\"12 minutos\" \/>\n<script type=\"application\/ld+json\" class=\"yoast-schema-graph\">{\"@context\":\"https:\\\/\\\/schema.org\",\"@graph\":[{\"@type\":\"Article\",\"@id\":\"https:\\\/\\\/folhapopular.info\\\/index.php\\\/2025\\\/08\\\/01\\\/com-emocao-e-alto-nivel-tecnico-festival-popular-da-cancao-abriu-sua-quinta-edicao\\\/#article\",\"isPartOf\":{\"@id\":\"https:\\\/\\\/folhapopular.info\\\/index.php\\\/2025\\\/08\\\/01\\\/com-emocao-e-alto-nivel-tecnico-festival-popular-da-cancao-abriu-sua-quinta-edicao\\\/\"},\"author\":{\"name\":\"Ariana de Oliveira\",\"@id\":\"https:\\\/\\\/folhapopular.info\\\/#\\\/schema\\\/person\\\/e80d332e33633a6164933af03d7ee1b2\"},\"headline\":\"Com emo\u00e7\u00e3o e alto n\u00edvel t\u00e9cnico, Festival Popular da Can\u00e7\u00e3o abriu sua quinta edi\u00e7\u00e3o\",\"datePublished\":\"2025-08-02T02:00:23+00:00\",\"dateModified\":\"2025-08-02T13:45:43+00:00\",\"mainEntityOfPage\":{\"@id\":\"https:\\\/\\\/folhapopular.info\\\/index.php\\\/2025\\\/08\\\/01\\\/com-emocao-e-alto-nivel-tecnico-festival-popular-da-cancao-abriu-sua-quinta-edicao\\\/\"},\"wordCount\":1240,\"commentCount\":0,\"image\":{\"@id\":\"https:\\\/\\\/folhapopular.info\\\/index.php\\\/2025\\\/08\\\/01\\\/com-emocao-e-alto-nivel-tecnico-festival-popular-da-cancao-abriu-sua-quinta-edicao\\\/#primaryimage\"},\"thumbnailUrl\":\"https:\\\/\\\/folhapopular.info\\\/wp-content\\\/uploads\\\/2025\\\/08\\\/DSC_0477-1-scaled.jpg\",\"keywords\":[\"5 Festival Popular da Can\u00e7\u00e3o\"],\"articleSection\":[\"Cultura\",\"Destaques\",\"Inclusive\"],\"inLanguage\":\"pt-BR\",\"potentialAction\":[{\"@type\":\"CommentAction\",\"name\":\"Comment\",\"target\":[\"https:\\\/\\\/folhapopular.info\\\/index.php\\\/2025\\\/08\\\/01\\\/com-emocao-e-alto-nivel-tecnico-festival-popular-da-cancao-abriu-sua-quinta-edicao\\\/#respond\"]}]},{\"@type\":\"WebPage\",\"@id\":\"https:\\\/\\\/folhapopular.info\\\/index.php\\\/2025\\\/08\\\/01\\\/com-emocao-e-alto-nivel-tecnico-festival-popular-da-cancao-abriu-sua-quinta-edicao\\\/\",\"url\":\"https:\\\/\\\/folhapopular.info\\\/index.php\\\/2025\\\/08\\\/01\\\/com-emocao-e-alto-nivel-tecnico-festival-popular-da-cancao-abriu-sua-quinta-edicao\\\/\",\"name\":\"Com emo\u00e7\u00e3o e alto n\u00edvel t\u00e9cnico, Festival Popular da Can\u00e7\u00e3o abriu sua quinta edi\u00e7\u00e3o - Folha Popular\",\"isPartOf\":{\"@id\":\"https:\\\/\\\/folhapopular.info\\\/#website\"},\"primaryImageOfPage\":{\"@id\":\"https:\\\/\\\/folhapopular.info\\\/index.php\\\/2025\\\/08\\\/01\\\/com-emocao-e-alto-nivel-tecnico-festival-popular-da-cancao-abriu-sua-quinta-edicao\\\/#primaryimage\"},\"image\":{\"@id\":\"https:\\\/\\\/folhapopular.info\\\/index.php\\\/2025\\\/08\\\/01\\\/com-emocao-e-alto-nivel-tecnico-festival-popular-da-cancao-abriu-sua-quinta-edicao\\\/#primaryimage\"},\"thumbnailUrl\":\"https:\\\/\\\/folhapopular.info\\\/wp-content\\\/uploads\\\/2025\\\/08\\\/DSC_0477-1-scaled.jpg\",\"datePublished\":\"2025-08-02T02:00:23+00:00\",\"dateModified\":\"2025-08-02T13:45:43+00:00\",\"author\":{\"@id\":\"https:\\\/\\\/folhapopular.info\\\/#\\\/schema\\\/person\\\/e80d332e33633a6164933af03d7ee1b2\"},\"breadcrumb\":{\"@id\":\"https:\\\/\\\/folhapopular.info\\\/index.php\\\/2025\\\/08\\\/01\\\/com-emocao-e-alto-nivel-tecnico-festival-popular-da-cancao-abriu-sua-quinta-edicao\\\/#breadcrumb\"},\"inLanguage\":\"pt-BR\",\"potentialAction\":[{\"@type\":\"ReadAction\",\"target\":[\"https:\\\/\\\/folhapopular.info\\\/index.php\\\/2025\\\/08\\\/01\\\/com-emocao-e-alto-nivel-tecnico-festival-popular-da-cancao-abriu-sua-quinta-edicao\\\/\"]}]},{\"@type\":\"ImageObject\",\"inLanguage\":\"pt-BR\",\"@id\":\"https:\\\/\\\/folhapopular.info\\\/index.php\\\/2025\\\/08\\\/01\\\/com-emocao-e-alto-nivel-tecnico-festival-popular-da-cancao-abriu-sua-quinta-edicao\\\/#primaryimage\",\"url\":\"https:\\\/\\\/folhapopular.info\\\/wp-content\\\/uploads\\\/2025\\\/08\\\/DSC_0477-1-scaled.jpg\",\"contentUrl\":\"https:\\\/\\\/folhapopular.info\\\/wp-content\\\/uploads\\\/2025\\\/08\\\/DSC_0477-1-scaled.jpg\",\"width\":2560,\"height\":1711,\"caption\":\"Cr\u00e9dito: Anderson Lopes\"},{\"@type\":\"BreadcrumbList\",\"@id\":\"https:\\\/\\\/folhapopular.info\\\/index.php\\\/2025\\\/08\\\/01\\\/com-emocao-e-alto-nivel-tecnico-festival-popular-da-cancao-abriu-sua-quinta-edicao\\\/#breadcrumb\",\"itemListElement\":[{\"@type\":\"ListItem\",\"position\":1,\"name\":\"In\u00edcio\",\"item\":\"https:\\\/\\\/folhapopular.info\\\/\"},{\"@type\":\"ListItem\",\"position\":2,\"name\":\"Com emo\u00e7\u00e3o e alto n\u00edvel t\u00e9cnico, Festival Popular da Can\u00e7\u00e3o abriu sua quinta edi\u00e7\u00e3o\"}]},{\"@type\":\"WebSite\",\"@id\":\"https:\\\/\\\/folhapopular.info\\\/#website\",\"url\":\"https:\\\/\\\/folhapopular.info\\\/\",\"name\":\"Folha Popular\",\"description\":\"Onde voc\u00ea tem vez e voz\",\"potentialAction\":[{\"@type\":\"SearchAction\",\"target\":{\"@type\":\"EntryPoint\",\"urlTemplate\":\"https:\\\/\\\/folhapopular.info\\\/?s={search_term_string}\"},\"query-input\":{\"@type\":\"PropertyValueSpecification\",\"valueRequired\":true,\"valueName\":\"search_term_string\"}}],\"inLanguage\":\"pt-BR\"},{\"@type\":\"Person\",\"@id\":\"https:\\\/\\\/folhapopular.info\\\/#\\\/schema\\\/person\\\/e80d332e33633a6164933af03d7ee1b2\",\"name\":\"Ariana de Oliveira\",\"image\":{\"@type\":\"ImageObject\",\"inLanguage\":\"pt-BR\",\"@id\":\"https:\\\/\\\/secure.gravatar.com\\\/avatar\\\/f41f85ba276460e0a04f6d5aca07e53f273efeee7e662d9ef431432a18216f59?s=96&d=mm&r=g\",\"url\":\"https:\\\/\\\/secure.gravatar.com\\\/avatar\\\/f41f85ba276460e0a04f6d5aca07e53f273efeee7e662d9ef431432a18216f59?s=96&d=mm&r=g\",\"contentUrl\":\"https:\\\/\\\/secure.gravatar.com\\\/avatar\\\/f41f85ba276460e0a04f6d5aca07e53f273efeee7e662d9ef431432a18216f59?s=96&d=mm&r=g\",\"caption\":\"Ariana de Oliveira\"},\"url\":\"https:\\\/\\\/folhapopular.info\\\/index.php\\\/author\\\/ariana-deoliveiragmail-com\\\/\"}]}<\/script>\n<!-- \/ Yoast SEO plugin. -->","yoast_head_json":{"title":"Com emo\u00e7\u00e3o e alto n\u00edvel t\u00e9cnico, Festival Popular da Can\u00e7\u00e3o abriu sua quinta edi\u00e7\u00e3o - Folha Popular","robots":{"index":"index","follow":"follow","max-snippet":"max-snippet:-1","max-image-preview":"max-image-preview:large","max-video-preview":"max-video-preview:-1"},"canonical":"https:\/\/folhapopular.info\/index.php\/2025\/08\/01\/com-emocao-e-alto-nivel-tecnico-festival-popular-da-cancao-abriu-sua-quinta-edicao\/","og_locale":"pt_BR","og_type":"article","og_title":"Com emo\u00e7\u00e3o e alto n\u00edvel t\u00e9cnico, Festival Popular da Can\u00e7\u00e3o abriu sua quinta edi\u00e7\u00e3o - Folha Popular","og_description":"Os holofotes voltaram-se ao palco do audit\u00f3rio do Col\u00e9gio Teut\u00f4nia para a primeira noite de apresenta\u00e7\u00f5es do 5\u00ba Festival Popular da Can\u00e7\u00e3o, nesta sexta-feira (1\u00ba\/8). O p\u00fablico presente conferiu um verdadeiro espet\u00e1culo de vozes e emo\u00e7\u00f5es. Ao todo, 25 jovens int\u00e9rpretes das categorias Infantil e Juvenil encantaram o p\u00fablico com repert\u00f3rios exigentes e interpreta\u00e7\u00f5es sens\u00edveis. [&hellip;]","og_url":"https:\/\/folhapopular.info\/index.php\/2025\/08\/01\/com-emocao-e-alto-nivel-tecnico-festival-popular-da-cancao-abriu-sua-quinta-edicao\/","og_site_name":"Folha Popular","article_published_time":"2025-08-02T02:00:23+00:00","article_modified_time":"2025-08-02T13:45:43+00:00","og_image":[{"width":2560,"height":1711,"url":"http:\/\/folhapopular.info\/wp-content\/uploads\/2025\/08\/DSC_0477-1-scaled.jpg","type":"image\/jpeg"}],"author":"Ariana de Oliveira","twitter_card":"summary_large_image","twitter_misc":{"Escrito por":"Ariana de Oliveira","Est. tempo de leitura":"12 minutos"},"schema":{"@context":"https:\/\/schema.org","@graph":[{"@type":"Article","@id":"https:\/\/folhapopular.info\/index.php\/2025\/08\/01\/com-emocao-e-alto-nivel-tecnico-festival-popular-da-cancao-abriu-sua-quinta-edicao\/#article","isPartOf":{"@id":"https:\/\/folhapopular.info\/index.php\/2025\/08\/01\/com-emocao-e-alto-nivel-tecnico-festival-popular-da-cancao-abriu-sua-quinta-edicao\/"},"author":{"name":"Ariana de Oliveira","@id":"https:\/\/folhapopular.info\/#\/schema\/person\/e80d332e33633a6164933af03d7ee1b2"},"headline":"Com emo\u00e7\u00e3o e alto n\u00edvel t\u00e9cnico, Festival Popular da Can\u00e7\u00e3o abriu sua quinta edi\u00e7\u00e3o","datePublished":"2025-08-02T02:00:23+00:00","dateModified":"2025-08-02T13:45:43+00:00","mainEntityOfPage":{"@id":"https:\/\/folhapopular.info\/index.php\/2025\/08\/01\/com-emocao-e-alto-nivel-tecnico-festival-popular-da-cancao-abriu-sua-quinta-edicao\/"},"wordCount":1240,"commentCount":0,"image":{"@id":"https:\/\/folhapopular.info\/index.php\/2025\/08\/01\/com-emocao-e-alto-nivel-tecnico-festival-popular-da-cancao-abriu-sua-quinta-edicao\/#primaryimage"},"thumbnailUrl":"https:\/\/folhapopular.info\/wp-content\/uploads\/2025\/08\/DSC_0477-1-scaled.jpg","keywords":["5 Festival Popular da Can\u00e7\u00e3o"],"articleSection":["Cultura","Destaques","Inclusive"],"inLanguage":"pt-BR","potentialAction":[{"@type":"CommentAction","name":"Comment","target":["https:\/\/folhapopular.info\/index.php\/2025\/08\/01\/com-emocao-e-alto-nivel-tecnico-festival-popular-da-cancao-abriu-sua-quinta-edicao\/#respond"]}]},{"@type":"WebPage","@id":"https:\/\/folhapopular.info\/index.php\/2025\/08\/01\/com-emocao-e-alto-nivel-tecnico-festival-popular-da-cancao-abriu-sua-quinta-edicao\/","url":"https:\/\/folhapopular.info\/index.php\/2025\/08\/01\/com-emocao-e-alto-nivel-tecnico-festival-popular-da-cancao-abriu-sua-quinta-edicao\/","name":"Com emo\u00e7\u00e3o e alto n\u00edvel t\u00e9cnico, Festival Popular da Can\u00e7\u00e3o abriu sua quinta edi\u00e7\u00e3o - Folha Popular","isPartOf":{"@id":"https:\/\/folhapopular.info\/#website"},"primaryImageOfPage":{"@id":"https:\/\/folhapopular.info\/index.php\/2025\/08\/01\/com-emocao-e-alto-nivel-tecnico-festival-popular-da-cancao-abriu-sua-quinta-edicao\/#primaryimage"},"image":{"@id":"https:\/\/folhapopular.info\/index.php\/2025\/08\/01\/com-emocao-e-alto-nivel-tecnico-festival-popular-da-cancao-abriu-sua-quinta-edicao\/#primaryimage"},"thumbnailUrl":"https:\/\/folhapopular.info\/wp-content\/uploads\/2025\/08\/DSC_0477-1-scaled.jpg","datePublished":"2025-08-02T02:00:23+00:00","dateModified":"2025-08-02T13:45:43+00:00","author":{"@id":"https:\/\/folhapopular.info\/#\/schema\/person\/e80d332e33633a6164933af03d7ee1b2"},"breadcrumb":{"@id":"https:\/\/folhapopular.info\/index.php\/2025\/08\/01\/com-emocao-e-alto-nivel-tecnico-festival-popular-da-cancao-abriu-sua-quinta-edicao\/#breadcrumb"},"inLanguage":"pt-BR","potentialAction":[{"@type":"ReadAction","target":["https:\/\/folhapopular.info\/index.php\/2025\/08\/01\/com-emocao-e-alto-nivel-tecnico-festival-popular-da-cancao-abriu-sua-quinta-edicao\/"]}]},{"@type":"ImageObject","inLanguage":"pt-BR","@id":"https:\/\/folhapopular.info\/index.php\/2025\/08\/01\/com-emocao-e-alto-nivel-tecnico-festival-popular-da-cancao-abriu-sua-quinta-edicao\/#primaryimage","url":"https:\/\/folhapopular.info\/wp-content\/uploads\/2025\/08\/DSC_0477-1-scaled.jpg","contentUrl":"https:\/\/folhapopular.info\/wp-content\/uploads\/2025\/08\/DSC_0477-1-scaled.jpg","width":2560,"height":1711,"caption":"Cr\u00e9dito: Anderson Lopes"},{"@type":"BreadcrumbList","@id":"https:\/\/folhapopular.info\/index.php\/2025\/08\/01\/com-emocao-e-alto-nivel-tecnico-festival-popular-da-cancao-abriu-sua-quinta-edicao\/#breadcrumb","itemListElement":[{"@type":"ListItem","position":1,"name":"In\u00edcio","item":"https:\/\/folhapopular.info\/"},{"@type":"ListItem","position":2,"name":"Com emo\u00e7\u00e3o e alto n\u00edvel t\u00e9cnico, Festival Popular da Can\u00e7\u00e3o abriu sua quinta edi\u00e7\u00e3o"}]},{"@type":"WebSite","@id":"https:\/\/folhapopular.info\/#website","url":"https:\/\/folhapopular.info\/","name":"Folha Popular","description":"Onde voc\u00ea tem vez e voz","potentialAction":[{"@type":"SearchAction","target":{"@type":"EntryPoint","urlTemplate":"https:\/\/folhapopular.info\/?s={search_term_string}"},"query-input":{"@type":"PropertyValueSpecification","valueRequired":true,"valueName":"search_term_string"}}],"inLanguage":"pt-BR"},{"@type":"Person","@id":"https:\/\/folhapopular.info\/#\/schema\/person\/e80d332e33633a6164933af03d7ee1b2","name":"Ariana de Oliveira","image":{"@type":"ImageObject","inLanguage":"pt-BR","@id":"https:\/\/secure.gravatar.com\/avatar\/f41f85ba276460e0a04f6d5aca07e53f273efeee7e662d9ef431432a18216f59?s=96&d=mm&r=g","url":"https:\/\/secure.gravatar.com\/avatar\/f41f85ba276460e0a04f6d5aca07e53f273efeee7e662d9ef431432a18216f59?s=96&d=mm&r=g","contentUrl":"https:\/\/secure.gravatar.com\/avatar\/f41f85ba276460e0a04f6d5aca07e53f273efeee7e662d9ef431432a18216f59?s=96&d=mm&r=g","caption":"Ariana de Oliveira"},"url":"https:\/\/folhapopular.info\/index.php\/author\/ariana-deoliveiragmail-com\/"}]}},"jetpack_featured_media_url":"https:\/\/folhapopular.info\/wp-content\/uploads\/2025\/08\/DSC_0477-1-scaled.jpg","jetpack_sharing_enabled":true,"amp_enabled":true,"_links":{"self":[{"href":"https:\/\/folhapopular.info\/index.php\/wp-json\/wp\/v2\/posts\/191085","targetHints":{"allow":["GET"]}}],"collection":[{"href":"https:\/\/folhapopular.info\/index.php\/wp-json\/wp\/v2\/posts"}],"about":[{"href":"https:\/\/folhapopular.info\/index.php\/wp-json\/wp\/v2\/types\/post"}],"author":[{"embeddable":true,"href":"https:\/\/folhapopular.info\/index.php\/wp-json\/wp\/v2\/users\/707"}],"replies":[{"embeddable":true,"href":"https:\/\/folhapopular.info\/index.php\/wp-json\/wp\/v2\/comments?post=191085"}],"version-history":[{"count":0,"href":"https:\/\/folhapopular.info\/index.php\/wp-json\/wp\/v2\/posts\/191085\/revisions"}],"wp:featuredmedia":[{"embeddable":true,"href":"https:\/\/folhapopular.info\/index.php\/wp-json\/wp\/v2\/media\/191131"}],"wp:attachment":[{"href":"https:\/\/folhapopular.info\/index.php\/wp-json\/wp\/v2\/media?parent=191085"}],"wp:term":[{"taxonomy":"category","embeddable":true,"href":"https:\/\/folhapopular.info\/index.php\/wp-json\/wp\/v2\/categories?post=191085"},{"taxonomy":"post_tag","embeddable":true,"href":"https:\/\/folhapopular.info\/index.php\/wp-json\/wp\/v2\/tags?post=191085"}],"curies":[{"name":"wp","href":"https:\/\/api.w.org\/{rel}","templated":true}]}}