{"id":191185,"date":"2025-08-03T14:00:00","date_gmt":"2025-08-03T17:00:00","guid":{"rendered":"https:\/\/folhapopular.info\/?p=191185"},"modified":"2025-08-02T09:35:52","modified_gmt":"2025-08-02T12:35:52","slug":"festival-internacional-une-folclore-europeu-e-tradicoes-brasileiras-em-imigrante","status":"publish","type":"post","link":"https:\/\/folhapopular.info\/index.php\/2025\/08\/03\/festival-internacional-une-folclore-europeu-e-tradicoes-brasileiras-em-imigrante\/","title":{"rendered":"Festival internacional une folclore europeu e tradi\u00e7\u00f5es brasileiras em Imigrante"},"content":{"rendered":"\n<p>O munic\u00edpio de Imigrante se prepara para a realiza\u00e7\u00e3o do 1\u00ba Festival Internacional de Folclore, que ocorrer\u00e1 nos dias 29, 30 e 31 de agosto. O evento promete 3 dias de celebra\u00e7\u00e3o cultural no Gin\u00e1sio Municipal de forma gratuita, reunindo express\u00f5es art\u00edsticas de diferentes partes do mundo, mas valorizando as ra\u00edzes locais.<\/p>\n\n\n\n<p>Entre os destaques do festival est\u00e1 a participa\u00e7\u00e3o de grupos de dan\u00e7a da Fran\u00e7a e da It\u00e1lia, proporcionando ao p\u00fablico uma oportunidade de apreciar apresenta\u00e7\u00f5es vindas diretamente da Europa. A presen\u00e7a do grupo italiano ganha ainda mais significado em 2025, quando se comemora os 150 anos da imigra\u00e7\u00e3o italiana ao Brasil.<\/p>\n\n\n\n<p>A Associa\u00e7\u00e3o Cultural e Folcl\u00f3rica Urbanitas, da It\u00e1lia, \u00e9 formada por 30 integrantes e foi fundada em 1933. O grupo mant\u00e9m viva a ess\u00eancia das tradi\u00e7\u00f5es camponesas italianas com coreografias vibrantes, trajes bordados \u00e0 m\u00e3o e performances com m\u00fasica ao vivo.<\/p>\n\n\n\n<figure class=\"wp-block-image size-large\"><img loading=\"lazy\" decoding=\"async\" width=\"1024\" height=\"769\" src=\"https:\/\/folhapopular.info\/wp-content\/uploads\/2025\/08\/Grupo-Urbanitas_DIV-1024x769.jpg\" alt=\"\" class=\"wp-image-191187\" srcset=\"https:\/\/folhapopular.info\/wp-content\/uploads\/2025\/08\/Grupo-Urbanitas_DIV-1024x769.jpg 1024w, https:\/\/folhapopular.info\/wp-content\/uploads\/2025\/08\/Grupo-Urbanitas_DIV-300x225.jpg 300w, https:\/\/folhapopular.info\/wp-content\/uploads\/2025\/08\/Grupo-Urbanitas_DIV-768x577.jpg 768w, https:\/\/folhapopular.info\/wp-content\/uploads\/2025\/08\/Grupo-Urbanitas_DIV-559x420.jpg 559w, https:\/\/folhapopular.info\/wp-content\/uploads\/2025\/08\/Grupo-Urbanitas_DIV-80x60.jpg 80w, https:\/\/folhapopular.info\/wp-content\/uploads\/2025\/08\/Grupo-Urbanitas_DIV-696x523.jpg 696w, https:\/\/folhapopular.info\/wp-content\/uploads\/2025\/08\/Grupo-Urbanitas_DIV-1068x802.jpg 1068w, https:\/\/folhapopular.info\/wp-content\/uploads\/2025\/08\/Grupo-Urbanitas_DIV.jpg 1082w\" sizes=\"auto, (max-width: 1024px) 100vw, 1024px\" \/><figcaption class=\"wp-element-caption\"><br>O grupo italiano Urbanitas tamb\u00e9m visitar\u00e1 Imigrante \/ Cr\u00e9dito: Divulga\u00e7\u00e3o<\/figcaption><\/figure>\n\n\n\n<p>J\u00e1 o grupo franc\u00eas Ballet de Savoie conta com 21 integrantes e vem diretamente dos Alpes franceses. Reconhecido como um dos mais importantes representantes da dan\u00e7a tradicional da Fran\u00e7a, o Ballet realiza mais de 70 apresenta\u00e7\u00f5es anuais em diversos pa\u00edses ao redor do mundo.<\/p>\n\n\n\n<figure class=\"wp-block-image size-large\"><img loading=\"lazy\" decoding=\"async\" width=\"1024\" height=\"684\" src=\"https:\/\/folhapopular.info\/wp-content\/uploads\/2025\/08\/Ballet-de-Savoie_DIV-1024x684.jpg\" alt=\"\" class=\"wp-image-191188\" srcset=\"https:\/\/folhapopular.info\/wp-content\/uploads\/2025\/08\/Ballet-de-Savoie_DIV-1024x684.jpg 1024w, https:\/\/folhapopular.info\/wp-content\/uploads\/2025\/08\/Ballet-de-Savoie_DIV-300x200.jpg 300w, https:\/\/folhapopular.info\/wp-content\/uploads\/2025\/08\/Ballet-de-Savoie_DIV-768x513.jpg 768w, https:\/\/folhapopular.info\/wp-content\/uploads\/2025\/08\/Ballet-de-Savoie_DIV-629x420.jpg 629w, https:\/\/folhapopular.info\/wp-content\/uploads\/2025\/08\/Ballet-de-Savoie_DIV-696x465.jpg 696w, https:\/\/folhapopular.info\/wp-content\/uploads\/2025\/08\/Ballet-de-Savoie_DIV-1068x713.jpg 1068w, https:\/\/folhapopular.info\/wp-content\/uploads\/2025\/08\/Ballet-de-Savoie_DIV.jpg 1367w\" sizes=\"auto, (max-width: 1024px) 100vw, 1024px\" \/><figcaption class=\"wp-element-caption\"><br>O Ballet de Savoie, da Fran\u00e7a, se apresentar\u00e1 no festival \/ Cr\u00e9dito: Divulga\u00e7\u00e3o<\/figcaption><\/figure>\n\n\n\n<p><strong>Apresenta\u00e7\u00f5es brasileiras<\/strong><\/p>\n\n\n\n<p>Al\u00e9m das atra\u00e7\u00f5es internacionais, o evento tamb\u00e9m contar\u00e1 com a presen\u00e7a de grupos locais, contemplando dan\u00e7as brasileiras, alem\u00e3s e ga\u00fachas. Est\u00e3o confirmados os grupos Nova Vida e <em>Sonnenlicht<\/em>, de Imigrante, e o Grupo de Artes Nativas Anita Garibaldi, de Encantado.<\/p>\n\n\n\n<p>Pela primeira vez, Imigrante receber\u00e1 grupos de dan\u00e7as ind\u00edgena e afro-brasileira, Kaigang Aldeia Fos\u00e1 e Identidade Re(Exist\u00eancias), de Lajeado. Completa a programa\u00e7\u00e3o a Invernada Art\u00edstica do CTG Ra\u00edzes do Sul, de Lajeado, trazendo a tradi\u00e7\u00e3o do Sul do pa\u00eds para o palco.<\/p>\n\n\n\n<p>\u201cQueremos mostrar as dan\u00e7as brasileiras e alem\u00e3s e oferecer o m\u00e1ximo de diversidade ao p\u00fablico\u201d, afirma o secret\u00e1rio de Cultura, Desporto e Turismo de Imigrante, Charles Porsche.<\/p>\n\n\n\n<figure class=\"wp-block-image size-large\"><img loading=\"lazy\" decoding=\"async\" width=\"1024\" height=\"683\" src=\"https:\/\/folhapopular.info\/wp-content\/uploads\/2025\/08\/Grupo-Sonnenlicht_DIV-1024x683.jpg\" alt=\"\" class=\"wp-image-191190\" srcset=\"https:\/\/folhapopular.info\/wp-content\/uploads\/2025\/08\/Grupo-Sonnenlicht_DIV-1024x683.jpg 1024w, https:\/\/folhapopular.info\/wp-content\/uploads\/2025\/08\/Grupo-Sonnenlicht_DIV-300x200.jpg 300w, https:\/\/folhapopular.info\/wp-content\/uploads\/2025\/08\/Grupo-Sonnenlicht_DIV-768x512.jpg 768w, https:\/\/folhapopular.info\/wp-content\/uploads\/2025\/08\/Grupo-Sonnenlicht_DIV-1536x1024.jpg 1536w, https:\/\/folhapopular.info\/wp-content\/uploads\/2025\/08\/Grupo-Sonnenlicht_DIV-2048x1365.jpg 2048w, https:\/\/folhapopular.info\/wp-content\/uploads\/2025\/08\/Grupo-Sonnenlicht_DIV-630x420.jpg 630w, https:\/\/folhapopular.info\/wp-content\/uploads\/2025\/08\/Grupo-Sonnenlicht_DIV-696x464.jpg 696w, https:\/\/folhapopular.info\/wp-content\/uploads\/2025\/08\/Grupo-Sonnenlicht_DIV-1068x712.jpg 1068w, https:\/\/folhapopular.info\/wp-content\/uploads\/2025\/08\/Grupo-Sonnenlicht_DIV-1920x1280.jpg 1920w\" sizes=\"auto, (max-width: 1024px) 100vw, 1024px\" \/><figcaption class=\"wp-element-caption\"><br>O grupo de dan\u00e7as folcl\u00f3ricas alem\u00e3s de Imigrante <em>Sonnenlicht<\/em> estar\u00e1 presente \/ Cr\u00e9dito: Divulga\u00e7\u00e3o<\/figcaption><\/figure>\n\n\n\n<p>O encerramento no domingo contar\u00e1 com desfile pela Avenida Dr. Ito Jo\u00e3o Snel, a partir das 15h, seguido de uma tarde cultural com apresenta\u00e7\u00f5es.<\/p>\n\n\n\n<p>A realiza\u00e7\u00e3o do evento s\u00f3 foi poss\u00edvel gra\u00e7as a uma parceria com o representante da Federa\u00e7\u00e3o de Festivais Internacionais de Dan\u00e7a, R\u00e9gis E. Bastian. O representante j\u00e1 viabilizou a vinda de grupos em anos anteriores, aproveitando a passagem dos artistas ao Brasil para o Festival Internacional de Folclore de Nova Prata.<\/p>\n\n\n\n<p><strong>Chegada dos artistas<\/strong><\/p>\n\n\n\n<p>Todos os participantes internacionais ser\u00e3o recepcionados em Porto Alegre, de onde seguir\u00e3o para o local do evento. O grupo da It\u00e1lia chegar\u00e1 com anteced\u00eancia, no dia 28 de agosto, e ficar\u00e1 hospedado no Convento S\u00e3o Boaventura at\u00e9 a segunda-feira seguinte (1\u00ba\/9). Durante esse per\u00edodo, ter\u00e3o a oportunidade de conhecer a cidade de Imigrante, visitar pontos tur\u00edsticos e interagir com as escolas do munic\u00edpio. Al\u00e9m disso, o grupo far\u00e1 uma visita \u00e0 comunidade de Daltro Filho, onde h\u00e1 forte presen\u00e7a de descendentes italianos.<\/p>\n\n\n\n<p>J\u00e1 o grupo da Fran\u00e7a tem chegada prevista para o dia 30 de agosto pela manh\u00e3. Embora sua perman\u00eancia seja mais breve, os membros tamb\u00e9m poder\u00e3o conhecer alguns locais da cidade e ter\u00e3o momentos de intera\u00e7\u00e3o com a popula\u00e7\u00e3o. Eles se apresentar\u00e3o no s\u00e1bado e domingo \u00e0 noite (30 e 31\/8).<\/p>\n\n\n\n<p>\u201cOs alunos crescem culturalmente, abrem sua mente com a oportunidade de conhecer estas culturas diferentes, com as quais n\u00e3o est\u00e3o acostumados. Da mesma forma, tamb\u00e9m ser\u00e1 a primeira vez de um grupo afro em Imigrante. Temos que promover esse conv\u00edvio, esse interc\u00e2mbio, essa troca de experi\u00eancias. Vai ser muito positivo para a nossa comunidade, para os alunos e para toda a regi\u00e3o\u201d, diz o secret\u00e1rio.<\/p>\n\n\n\n<p><strong>Confira a programa\u00e7\u00e3o:<br><br><\/strong><strong>Sexta-feira (<\/strong><strong>29\/<\/strong><strong>8)<\/strong><br>19h30 \u2013 Abertura com alunos do munic\u00edpio<br>20h \u2013 Grupo de Artes Nativas Anita Garibaldi (Encantado)<br>20h30 \u2013 Grupo Folcl\u00f3rico <em>Sonnenlicht<\/em> (Imigrante)<br>21h \u2013 Grupo Urbanitas (It\u00e1lia)<\/p>\n\n\n\n<p><br><strong>S\u00e1bado <\/strong><strong>(30\/8)<\/strong><br>19h30 \u2013 Grupo Folcl\u00f3rico <em>Sonnenlicht<\/em> (Imigrante)<br>20h \u2013 Grupo de Dan\u00e7a Kaingang Aldeia Fos\u00e1 (Lajeado)<br>20h30 \u2013 Grupo Folcl\u00f3rico Nova Vida (Imigrante)<br>21h \u2013 Grupo Identidade Re(Exist\u00eancias) + CTG Ra\u00edzes do Sul (Lajeado)<br>21h30 \u2013 Ballet de Savoie (Fran\u00e7a)<br><br><strong>Domingo <\/strong><strong>(31\/8)<\/strong><br>15h \u2013 Desfile na Av. Dr. Ito Jo\u00e3o Snel<br>15h30 \u2013 Grupo Oficial <em>Sonnenlicht<\/em> (Imigrante)<br>16h30 \u2013 Urbanitas (It\u00e1lia) + Ballet de Savoie (Fran\u00e7a)<\/p>\n","protected":false},"excerpt":{"rendered":"<p>O munic\u00edpio de Imigrante se prepara para a realiza\u00e7\u00e3o do 1\u00ba Festival Internacional de Folclore, que ocorrer\u00e1 nos dias 29, 30 e 31 de agosto. O evento promete 3 dias de celebra\u00e7\u00e3o cultural no Gin\u00e1sio Municipal de forma gratuita, reunindo express\u00f5es art\u00edsticas de diferentes partes do mundo, mas valorizando as ra\u00edzes locais. Entre os destaques [&hellip;]<\/p>\n","protected":false},"author":673,"featured_media":191186,"comment_status":"open","ping_status":"open","sticky":false,"template":"","format":"standard","meta":{"pmpro_default_level":"","_jetpack_memberships_contains_paid_content":false,"footnotes":""},"categories":[2,6],"tags":[4845,18962,34],"class_list":{"0":"post-191185","1":"post","2":"type-post","3":"status-publish","4":"format-standard","5":"has-post-thumbnail","7":"category-featured","8":"category-inclusive","9":"tag-festival","10":"tag-festival-internacional-de-folclore","11":"tag-imigrante","12":"pmpro-has-access"},"yoast_head":"<!-- This site is optimized with the Yoast SEO plugin v27.5 - https:\/\/yoast.com\/product\/yoast-seo-wordpress\/ -->\n<title>Festival internacional une folclore europeu e tradi\u00e7\u00f5es brasileiras em Imigrante - Folha Popular<\/title>\n<meta name=\"robots\" content=\"index, follow, max-snippet:-1, max-image-preview:large, max-video-preview:-1\" \/>\n<link rel=\"canonical\" href=\"https:\/\/folhapopular.info\/index.php\/2025\/08\/03\/festival-internacional-une-folclore-europeu-e-tradicoes-brasileiras-em-imigrante\/\" \/>\n<meta property=\"og:locale\" content=\"pt_BR\" \/>\n<meta property=\"og:type\" content=\"article\" \/>\n<meta property=\"og:title\" content=\"Festival internacional une folclore europeu e tradi\u00e7\u00f5es brasileiras em Imigrante - Folha Popular\" \/>\n<meta property=\"og:description\" content=\"O munic\u00edpio de Imigrante se prepara para a realiza\u00e7\u00e3o do 1\u00ba Festival Internacional de Folclore, que ocorrer\u00e1 nos dias 29, 30 e 31 de agosto. O evento promete 3 dias de celebra\u00e7\u00e3o cultural no Gin\u00e1sio Municipal de forma gratuita, reunindo express\u00f5es art\u00edsticas de diferentes partes do mundo, mas valorizando as ra\u00edzes locais. Entre os destaques [&hellip;]\" \/>\n<meta property=\"og:url\" content=\"https:\/\/folhapopular.info\/index.php\/2025\/08\/03\/festival-internacional-une-folclore-europeu-e-tradicoes-brasileiras-em-imigrante\/\" \/>\n<meta property=\"og:site_name\" content=\"Folha Popular\" \/>\n<meta property=\"article:published_time\" content=\"2025-08-03T17:00:00+00:00\" \/>\n<meta property=\"og:image\" content=\"https:\/\/folhapopular.info\/wp-content\/uploads\/2025\/08\/523470625_17864477724431674_6695023309461558344_n.webp\" \/>\n\t<meta property=\"og:image:width\" content=\"1334\" \/>\n\t<meta property=\"og:image:height\" content=\"960\" \/>\n\t<meta property=\"og:image:type\" content=\"image\/webp\" \/>\n<meta name=\"author\" content=\"Let\u00edcia Echer\" \/>\n<meta name=\"twitter:card\" content=\"summary_large_image\" \/>\n<meta name=\"twitter:label1\" content=\"Escrito por\" \/>\n\t<meta name=\"twitter:data1\" content=\"Let\u00edcia Echer\" \/>\n\t<meta name=\"twitter:label2\" content=\"Est. tempo de leitura\" \/>\n\t<meta name=\"twitter:data2\" content=\"5 minutos\" \/>\n<script type=\"application\/ld+json\" class=\"yoast-schema-graph\">{\"@context\":\"https:\\\/\\\/schema.org\",\"@graph\":[{\"@type\":\"Article\",\"@id\":\"https:\\\/\\\/folhapopular.info\\\/index.php\\\/2025\\\/08\\\/03\\\/festival-internacional-une-folclore-europeu-e-tradicoes-brasileiras-em-imigrante\\\/#article\",\"isPartOf\":{\"@id\":\"https:\\\/\\\/folhapopular.info\\\/index.php\\\/2025\\\/08\\\/03\\\/festival-internacional-une-folclore-europeu-e-tradicoes-brasileiras-em-imigrante\\\/\"},\"author\":{\"name\":\"Let\u00edcia Echer\",\"@id\":\"https:\\\/\\\/folhapopular.info\\\/#\\\/schema\\\/person\\\/52b95b9c1c41ec0e826e7518183d0cc0\"},\"headline\":\"Festival internacional une folclore europeu e tradi\u00e7\u00f5es brasileiras em Imigrante\",\"datePublished\":\"2025-08-03T17:00:00+00:00\",\"mainEntityOfPage\":{\"@id\":\"https:\\\/\\\/folhapopular.info\\\/index.php\\\/2025\\\/08\\\/03\\\/festival-internacional-une-folclore-europeu-e-tradicoes-brasileiras-em-imigrante\\\/\"},\"wordCount\":795,\"commentCount\":0,\"image\":{\"@id\":\"https:\\\/\\\/folhapopular.info\\\/index.php\\\/2025\\\/08\\\/03\\\/festival-internacional-une-folclore-europeu-e-tradicoes-brasileiras-em-imigrante\\\/#primaryimage\"},\"thumbnailUrl\":\"https:\\\/\\\/folhapopular.info\\\/wp-content\\\/uploads\\\/2025\\\/08\\\/523470625_17864477724431674_6695023309461558344_n.webp\",\"keywords\":[\"Festival\",\"Festival Internacional de Folclore\",\"Imigrante\"],\"articleSection\":[\"Destaques\",\"Inclusive\"],\"inLanguage\":\"pt-BR\",\"potentialAction\":[{\"@type\":\"CommentAction\",\"name\":\"Comment\",\"target\":[\"https:\\\/\\\/folhapopular.info\\\/index.php\\\/2025\\\/08\\\/03\\\/festival-internacional-une-folclore-europeu-e-tradicoes-brasileiras-em-imigrante\\\/#respond\"]}]},{\"@type\":\"WebPage\",\"@id\":\"https:\\\/\\\/folhapopular.info\\\/index.php\\\/2025\\\/08\\\/03\\\/festival-internacional-une-folclore-europeu-e-tradicoes-brasileiras-em-imigrante\\\/\",\"url\":\"https:\\\/\\\/folhapopular.info\\\/index.php\\\/2025\\\/08\\\/03\\\/festival-internacional-une-folclore-europeu-e-tradicoes-brasileiras-em-imigrante\\\/\",\"name\":\"Festival internacional une folclore europeu e tradi\u00e7\u00f5es brasileiras em Imigrante - Folha Popular\",\"isPartOf\":{\"@id\":\"https:\\\/\\\/folhapopular.info\\\/#website\"},\"primaryImageOfPage\":{\"@id\":\"https:\\\/\\\/folhapopular.info\\\/index.php\\\/2025\\\/08\\\/03\\\/festival-internacional-une-folclore-europeu-e-tradicoes-brasileiras-em-imigrante\\\/#primaryimage\"},\"image\":{\"@id\":\"https:\\\/\\\/folhapopular.info\\\/index.php\\\/2025\\\/08\\\/03\\\/festival-internacional-une-folclore-europeu-e-tradicoes-brasileiras-em-imigrante\\\/#primaryimage\"},\"thumbnailUrl\":\"https:\\\/\\\/folhapopular.info\\\/wp-content\\\/uploads\\\/2025\\\/08\\\/523470625_17864477724431674_6695023309461558344_n.webp\",\"datePublished\":\"2025-08-03T17:00:00+00:00\",\"author\":{\"@id\":\"https:\\\/\\\/folhapopular.info\\\/#\\\/schema\\\/person\\\/52b95b9c1c41ec0e826e7518183d0cc0\"},\"breadcrumb\":{\"@id\":\"https:\\\/\\\/folhapopular.info\\\/index.php\\\/2025\\\/08\\\/03\\\/festival-internacional-une-folclore-europeu-e-tradicoes-brasileiras-em-imigrante\\\/#breadcrumb\"},\"inLanguage\":\"pt-BR\",\"potentialAction\":[{\"@type\":\"ReadAction\",\"target\":[\"https:\\\/\\\/folhapopular.info\\\/index.php\\\/2025\\\/08\\\/03\\\/festival-internacional-une-folclore-europeu-e-tradicoes-brasileiras-em-imigrante\\\/\"]}]},{\"@type\":\"ImageObject\",\"inLanguage\":\"pt-BR\",\"@id\":\"https:\\\/\\\/folhapopular.info\\\/index.php\\\/2025\\\/08\\\/03\\\/festival-internacional-une-folclore-europeu-e-tradicoes-brasileiras-em-imigrante\\\/#primaryimage\",\"url\":\"https:\\\/\\\/folhapopular.info\\\/wp-content\\\/uploads\\\/2025\\\/08\\\/523470625_17864477724431674_6695023309461558344_n.webp\",\"contentUrl\":\"https:\\\/\\\/folhapopular.info\\\/wp-content\\\/uploads\\\/2025\\\/08\\\/523470625_17864477724431674_6695023309461558344_n.webp\",\"width\":1334,\"height\":960,\"caption\":\"Festival re\u00fane diversidade de culturas; grupo afro-brasileiro se apresentar\u00e1 no s\u00e1bado \\\/ Cr\u00e9dito: Divulga\u00e7\u00e3o\"},{\"@type\":\"BreadcrumbList\",\"@id\":\"https:\\\/\\\/folhapopular.info\\\/index.php\\\/2025\\\/08\\\/03\\\/festival-internacional-une-folclore-europeu-e-tradicoes-brasileiras-em-imigrante\\\/#breadcrumb\",\"itemListElement\":[{\"@type\":\"ListItem\",\"position\":1,\"name\":\"In\u00edcio\",\"item\":\"https:\\\/\\\/folhapopular.info\\\/\"},{\"@type\":\"ListItem\",\"position\":2,\"name\":\"Festival internacional une folclore europeu e tradi\u00e7\u00f5es brasileiras em Imigrante\"}]},{\"@type\":\"WebSite\",\"@id\":\"https:\\\/\\\/folhapopular.info\\\/#website\",\"url\":\"https:\\\/\\\/folhapopular.info\\\/\",\"name\":\"Folha Popular\",\"description\":\"Onde voc\u00ea tem vez e voz\",\"potentialAction\":[{\"@type\":\"SearchAction\",\"target\":{\"@type\":\"EntryPoint\",\"urlTemplate\":\"https:\\\/\\\/folhapopular.info\\\/?s={search_term_string}\"},\"query-input\":{\"@type\":\"PropertyValueSpecification\",\"valueRequired\":true,\"valueName\":\"search_term_string\"}}],\"inLanguage\":\"pt-BR\"},{\"@type\":\"Person\",\"@id\":\"https:\\\/\\\/folhapopular.info\\\/#\\\/schema\\\/person\\\/52b95b9c1c41ec0e826e7518183d0cc0\",\"name\":\"Let\u00edcia Echer\",\"image\":{\"@type\":\"ImageObject\",\"inLanguage\":\"pt-BR\",\"@id\":\"https:\\\/\\\/secure.gravatar.com\\\/avatar\\\/303201b45d8f4e048c95808925ff8953fa7ebc0e52cb5b3af1fc9e3d52c95645?s=96&d=mm&r=g\",\"url\":\"https:\\\/\\\/secure.gravatar.com\\\/avatar\\\/303201b45d8f4e048c95808925ff8953fa7ebc0e52cb5b3af1fc9e3d52c95645?s=96&d=mm&r=g\",\"contentUrl\":\"https:\\\/\\\/secure.gravatar.com\\\/avatar\\\/303201b45d8f4e048c95808925ff8953fa7ebc0e52cb5b3af1fc9e3d52c95645?s=96&d=mm&r=g\",\"caption\":\"Let\u00edcia Echer\"},\"url\":\"https:\\\/\\\/folhapopular.info\\\/index.php\\\/author\\\/leticiaecher04gmail-com\\\/\"}]}<\/script>\n<!-- \/ Yoast SEO plugin. -->","yoast_head_json":{"title":"Festival internacional une folclore europeu e tradi\u00e7\u00f5es brasileiras em Imigrante - Folha Popular","robots":{"index":"index","follow":"follow","max-snippet":"max-snippet:-1","max-image-preview":"max-image-preview:large","max-video-preview":"max-video-preview:-1"},"canonical":"https:\/\/folhapopular.info\/index.php\/2025\/08\/03\/festival-internacional-une-folclore-europeu-e-tradicoes-brasileiras-em-imigrante\/","og_locale":"pt_BR","og_type":"article","og_title":"Festival internacional une folclore europeu e tradi\u00e7\u00f5es brasileiras em Imigrante - Folha Popular","og_description":"O munic\u00edpio de Imigrante se prepara para a realiza\u00e7\u00e3o do 1\u00ba Festival Internacional de Folclore, que ocorrer\u00e1 nos dias 29, 30 e 31 de agosto. O evento promete 3 dias de celebra\u00e7\u00e3o cultural no Gin\u00e1sio Municipal de forma gratuita, reunindo express\u00f5es art\u00edsticas de diferentes partes do mundo, mas valorizando as ra\u00edzes locais. Entre os destaques [&hellip;]","og_url":"https:\/\/folhapopular.info\/index.php\/2025\/08\/03\/festival-internacional-une-folclore-europeu-e-tradicoes-brasileiras-em-imigrante\/","og_site_name":"Folha Popular","article_published_time":"2025-08-03T17:00:00+00:00","og_image":[{"width":1334,"height":960,"url":"https:\/\/folhapopular.info\/wp-content\/uploads\/2025\/08\/523470625_17864477724431674_6695023309461558344_n.webp","type":"image\/webp"}],"author":"Let\u00edcia Echer","twitter_card":"summary_large_image","twitter_misc":{"Escrito por":"Let\u00edcia Echer","Est. tempo de leitura":"5 minutos"},"schema":{"@context":"https:\/\/schema.org","@graph":[{"@type":"Article","@id":"https:\/\/folhapopular.info\/index.php\/2025\/08\/03\/festival-internacional-une-folclore-europeu-e-tradicoes-brasileiras-em-imigrante\/#article","isPartOf":{"@id":"https:\/\/folhapopular.info\/index.php\/2025\/08\/03\/festival-internacional-une-folclore-europeu-e-tradicoes-brasileiras-em-imigrante\/"},"author":{"name":"Let\u00edcia Echer","@id":"https:\/\/folhapopular.info\/#\/schema\/person\/52b95b9c1c41ec0e826e7518183d0cc0"},"headline":"Festival internacional une folclore europeu e tradi\u00e7\u00f5es brasileiras em Imigrante","datePublished":"2025-08-03T17:00:00+00:00","mainEntityOfPage":{"@id":"https:\/\/folhapopular.info\/index.php\/2025\/08\/03\/festival-internacional-une-folclore-europeu-e-tradicoes-brasileiras-em-imigrante\/"},"wordCount":795,"commentCount":0,"image":{"@id":"https:\/\/folhapopular.info\/index.php\/2025\/08\/03\/festival-internacional-une-folclore-europeu-e-tradicoes-brasileiras-em-imigrante\/#primaryimage"},"thumbnailUrl":"https:\/\/folhapopular.info\/wp-content\/uploads\/2025\/08\/523470625_17864477724431674_6695023309461558344_n.webp","keywords":["Festival","Festival Internacional de Folclore","Imigrante"],"articleSection":["Destaques","Inclusive"],"inLanguage":"pt-BR","potentialAction":[{"@type":"CommentAction","name":"Comment","target":["https:\/\/folhapopular.info\/index.php\/2025\/08\/03\/festival-internacional-une-folclore-europeu-e-tradicoes-brasileiras-em-imigrante\/#respond"]}]},{"@type":"WebPage","@id":"https:\/\/folhapopular.info\/index.php\/2025\/08\/03\/festival-internacional-une-folclore-europeu-e-tradicoes-brasileiras-em-imigrante\/","url":"https:\/\/folhapopular.info\/index.php\/2025\/08\/03\/festival-internacional-une-folclore-europeu-e-tradicoes-brasileiras-em-imigrante\/","name":"Festival internacional une folclore europeu e tradi\u00e7\u00f5es brasileiras em Imigrante - Folha Popular","isPartOf":{"@id":"https:\/\/folhapopular.info\/#website"},"primaryImageOfPage":{"@id":"https:\/\/folhapopular.info\/index.php\/2025\/08\/03\/festival-internacional-une-folclore-europeu-e-tradicoes-brasileiras-em-imigrante\/#primaryimage"},"image":{"@id":"https:\/\/folhapopular.info\/index.php\/2025\/08\/03\/festival-internacional-une-folclore-europeu-e-tradicoes-brasileiras-em-imigrante\/#primaryimage"},"thumbnailUrl":"https:\/\/folhapopular.info\/wp-content\/uploads\/2025\/08\/523470625_17864477724431674_6695023309461558344_n.webp","datePublished":"2025-08-03T17:00:00+00:00","author":{"@id":"https:\/\/folhapopular.info\/#\/schema\/person\/52b95b9c1c41ec0e826e7518183d0cc0"},"breadcrumb":{"@id":"https:\/\/folhapopular.info\/index.php\/2025\/08\/03\/festival-internacional-une-folclore-europeu-e-tradicoes-brasileiras-em-imigrante\/#breadcrumb"},"inLanguage":"pt-BR","potentialAction":[{"@type":"ReadAction","target":["https:\/\/folhapopular.info\/index.php\/2025\/08\/03\/festival-internacional-une-folclore-europeu-e-tradicoes-brasileiras-em-imigrante\/"]}]},{"@type":"ImageObject","inLanguage":"pt-BR","@id":"https:\/\/folhapopular.info\/index.php\/2025\/08\/03\/festival-internacional-une-folclore-europeu-e-tradicoes-brasileiras-em-imigrante\/#primaryimage","url":"https:\/\/folhapopular.info\/wp-content\/uploads\/2025\/08\/523470625_17864477724431674_6695023309461558344_n.webp","contentUrl":"https:\/\/folhapopular.info\/wp-content\/uploads\/2025\/08\/523470625_17864477724431674_6695023309461558344_n.webp","width":1334,"height":960,"caption":"Festival re\u00fane diversidade de culturas; grupo afro-brasileiro se apresentar\u00e1 no s\u00e1bado \/ Cr\u00e9dito: Divulga\u00e7\u00e3o"},{"@type":"BreadcrumbList","@id":"https:\/\/folhapopular.info\/index.php\/2025\/08\/03\/festival-internacional-une-folclore-europeu-e-tradicoes-brasileiras-em-imigrante\/#breadcrumb","itemListElement":[{"@type":"ListItem","position":1,"name":"In\u00edcio","item":"https:\/\/folhapopular.info\/"},{"@type":"ListItem","position":2,"name":"Festival internacional une folclore europeu e tradi\u00e7\u00f5es brasileiras em Imigrante"}]},{"@type":"WebSite","@id":"https:\/\/folhapopular.info\/#website","url":"https:\/\/folhapopular.info\/","name":"Folha Popular","description":"Onde voc\u00ea tem vez e voz","potentialAction":[{"@type":"SearchAction","target":{"@type":"EntryPoint","urlTemplate":"https:\/\/folhapopular.info\/?s={search_term_string}"},"query-input":{"@type":"PropertyValueSpecification","valueRequired":true,"valueName":"search_term_string"}}],"inLanguage":"pt-BR"},{"@type":"Person","@id":"https:\/\/folhapopular.info\/#\/schema\/person\/52b95b9c1c41ec0e826e7518183d0cc0","name":"Let\u00edcia Echer","image":{"@type":"ImageObject","inLanguage":"pt-BR","@id":"https:\/\/secure.gravatar.com\/avatar\/303201b45d8f4e048c95808925ff8953fa7ebc0e52cb5b3af1fc9e3d52c95645?s=96&d=mm&r=g","url":"https:\/\/secure.gravatar.com\/avatar\/303201b45d8f4e048c95808925ff8953fa7ebc0e52cb5b3af1fc9e3d52c95645?s=96&d=mm&r=g","contentUrl":"https:\/\/secure.gravatar.com\/avatar\/303201b45d8f4e048c95808925ff8953fa7ebc0e52cb5b3af1fc9e3d52c95645?s=96&d=mm&r=g","caption":"Let\u00edcia Echer"},"url":"https:\/\/folhapopular.info\/index.php\/author\/leticiaecher04gmail-com\/"}]}},"jetpack_featured_media_url":"https:\/\/folhapopular.info\/wp-content\/uploads\/2025\/08\/523470625_17864477724431674_6695023309461558344_n.webp","jetpack_sharing_enabled":true,"amp_enabled":true,"_links":{"self":[{"href":"https:\/\/folhapopular.info\/index.php\/wp-json\/wp\/v2\/posts\/191185","targetHints":{"allow":["GET"]}}],"collection":[{"href":"https:\/\/folhapopular.info\/index.php\/wp-json\/wp\/v2\/posts"}],"about":[{"href":"https:\/\/folhapopular.info\/index.php\/wp-json\/wp\/v2\/types\/post"}],"author":[{"embeddable":true,"href":"https:\/\/folhapopular.info\/index.php\/wp-json\/wp\/v2\/users\/673"}],"replies":[{"embeddable":true,"href":"https:\/\/folhapopular.info\/index.php\/wp-json\/wp\/v2\/comments?post=191185"}],"version-history":[{"count":0,"href":"https:\/\/folhapopular.info\/index.php\/wp-json\/wp\/v2\/posts\/191185\/revisions"}],"wp:featuredmedia":[{"embeddable":true,"href":"https:\/\/folhapopular.info\/index.php\/wp-json\/wp\/v2\/media\/191186"}],"wp:attachment":[{"href":"https:\/\/folhapopular.info\/index.php\/wp-json\/wp\/v2\/media?parent=191185"}],"wp:term":[{"taxonomy":"category","embeddable":true,"href":"https:\/\/folhapopular.info\/index.php\/wp-json\/wp\/v2\/categories?post=191185"},{"taxonomy":"post_tag","embeddable":true,"href":"https:\/\/folhapopular.info\/index.php\/wp-json\/wp\/v2\/tags?post=191185"}],"curies":[{"name":"wp","href":"https:\/\/api.w.org\/{rel}","templated":true}]}}