{"id":191288,"date":"2025-08-04T10:32:26","date_gmt":"2025-08-04T13:32:26","guid":{"rendered":"https:\/\/folhapopular.info\/?p=191288"},"modified":"2025-08-05T08:49:23","modified_gmt":"2025-08-05T11:49:23","slug":"jaque-weber-conquista-tres-medalhas-no-trofeu-brasil","status":"publish","type":"post","link":"https:\/\/folhapopular.info\/index.php\/2025\/08\/04\/jaque-weber-conquista-tres-medalhas-no-trofeu-brasil\/","title":{"rendered":"Jaque Weber conquista tr\u00eas medalhas no Trof\u00e9u Brasil"},"content":{"rendered":"\n<p>A atleta teutoniense, Jaqueline Weber, representante do Praia Clube\/Miller\/Girando Sol\/FAB\/Fila, encerrou com brilho sua 11\u00aa participa\u00e7\u00e3o no Trof\u00e9u Brasil de Atletismo, disputado no Centro Paral\u00edmpico Brasileiro, em S\u00e3o Paulo, no domingo (3\/8). Mesmo com problemas de sa\u00fade na semana da competi\u00e7\u00e3o, ela voltou a subir ao p\u00f3dio em tr\u00eas provas e agora soma 11 medalhas ao longo da carreira no principal torneio da modalidade no pa\u00eds.<\/p>\n\n\n\n<p>A prepara\u00e7\u00e3o para a competi\u00e7\u00e3o foi marcada por adversidades. Nos dias que antecederam o evento, Jaqueline foi diagnosticada com uma inflama\u00e7\u00e3o na garganta, que a deixou acamada e exigiu tratamento com antibi\u00f3ticos, sob orienta\u00e7\u00e3o m\u00e9dica. A condi\u00e7\u00e3o comprometeu parte de sua prepara\u00e7\u00e3o, mas n\u00e3o seu desempenho. \u201cN\u00e3o poderia deixar de dar minha contribui\u00e7\u00e3o na pista, n\u00e3o apenas por mim, mas pelo meu clube, que disputava ponto a ponto a classifica\u00e7\u00e3o geral\u201d, destaca Jaque.<\/p>\n\n\n\n<p>Na sexta-feira (1\u00ba\/8), Jaqueline garantiu o bronze nos 800 metros rasos, com o tempo de 2min05s57 &#8211; atr\u00e1s de Mayara dos Santos Leite (2min03s99) e Sabrina Pena (2min05s04). No domingo, a atleta voltou \u00e0 pista para mais dois desafios. Pela manh\u00e3, conquistou o 3\u00ba lugar nos 1.500 metros rasos, com 4min21s27. A prova foi vencida por Tatiane Raquel da Silva (4min16s90), com July Ferreira da Silva Abr\u00e3o (4min20s06) na 2\u00aa posi\u00e7\u00e3o.<\/p>\n\n\n\n<p>No mesmo dia, Jaqueline ainda integrou o quarteto do Praia Clube no revezamento 4&#215;400 metros feminino. Mesmo n\u00e3o sendo sua prova de origem, ela aceitou o desafio e contribuiu para a conquista da medalha de prata, com o tempo de 3min38s22 &#8211; atr\u00e1s apenas da equipe do Pinheiros (3min32s). O bronze foi para o Orcampi (3min39s23).<\/p>\n\n\n\n<h2 class=\"wp-block-heading\"><strong>Campanha s\u00f3lida<\/strong><\/h2>\n\n\n\n<p>Os resultados encerraram uma campanha consistente, apesar das limita\u00e7\u00f5es impostas pela sa\u00fade. \u201cTalvez n\u00e3o tenham sido medalhas da cor que eu gostaria, mas foram com o m\u00e1ximo esfor\u00e7o e entrega que eu podia dar naquele momento\u201d, avalia Jaqueline, que ficou fora da edi\u00e7\u00e3o anterior do Trof\u00e9u Brasil devido a uma gripe. Ela tamb\u00e9m destaca o apoio da m\u00e3e, Ingrid Weber. \u201cSou forte porque minha m\u00e3e \u00e9 forte e me engrandece a cada dia\u201d, aponta.<\/p>\n\n\n\n<p>O Praia Clube encerrou o evento com o vice-campeonato geral por equipes. \u201cFica a sensa\u00e7\u00e3o de dever cumprido e gratid\u00e3o por estar de volta fazendo o que mais amo. Mais um cap\u00edtulo que se encerra e uma nova p\u00e1gina que se abre\u201d, completa.<\/p>\n\n\n\n<figure class=\"wp-block-gallery has-nested-images columns-default is-cropped wp-block-gallery-1 is-layout-flex wp-block-gallery-is-layout-flex\">\n<figure class=\"wp-block-image size-large\"><img loading=\"lazy\" decoding=\"async\" width=\"1024\" height=\"1024\" data-id=\"191347\" src=\"https:\/\/folhapopular.info\/wp-content\/uploads\/2025\/08\/Alto-numero-de-participantes-faz-com-que-resultados-ganhem-ainda-mais-peso-1024x1024.jpg\" alt=\"\" class=\"wp-image-191347\" srcset=\"https:\/\/folhapopular.info\/wp-content\/uploads\/2025\/08\/Alto-numero-de-participantes-faz-com-que-resultados-ganhem-ainda-mais-peso-1024x1024.jpg 1024w, https:\/\/folhapopular.info\/wp-content\/uploads\/2025\/08\/Alto-numero-de-participantes-faz-com-que-resultados-ganhem-ainda-mais-peso-300x300.jpg 300w, https:\/\/folhapopular.info\/wp-content\/uploads\/2025\/08\/Alto-numero-de-participantes-faz-com-que-resultados-ganhem-ainda-mais-peso-150x150.jpg 150w, https:\/\/folhapopular.info\/wp-content\/uploads\/2025\/08\/Alto-numero-de-participantes-faz-com-que-resultados-ganhem-ainda-mais-peso-768x768.jpg 768w, https:\/\/folhapopular.info\/wp-content\/uploads\/2025\/08\/Alto-numero-de-participantes-faz-com-que-resultados-ganhem-ainda-mais-peso-420x420.jpg 420w, https:\/\/folhapopular.info\/wp-content\/uploads\/2025\/08\/Alto-numero-de-participantes-faz-com-que-resultados-ganhem-ainda-mais-peso-696x696.jpg 696w, https:\/\/folhapopular.info\/wp-content\/uploads\/2025\/08\/Alto-numero-de-participantes-faz-com-que-resultados-ganhem-ainda-mais-peso-1068x1068.jpg 1068w, https:\/\/folhapopular.info\/wp-content\/uploads\/2025\/08\/Alto-numero-de-participantes-faz-com-que-resultados-ganhem-ainda-mais-peso.jpg 1440w\" sizes=\"auto, (max-width: 1024px) 100vw, 1024px\" \/><figcaption class=\"wp-element-caption\">Alto n\u00famero de participantes faz com<br>que resultados ganhem ainda mais peso<\/figcaption><\/figure>\n\n\n\n<figure class=\"wp-block-image size-large\"><img loading=\"lazy\" decoding=\"async\" width=\"1024\" height=\"1024\" data-id=\"191348\" src=\"https:\/\/folhapopular.info\/wp-content\/uploads\/2025\/08\/Essa-foi-a-11a-participacao-de-Jaque-na-competicao-1024x1024.jpg\" alt=\"\" class=\"wp-image-191348\" srcset=\"https:\/\/folhapopular.info\/wp-content\/uploads\/2025\/08\/Essa-foi-a-11a-participacao-de-Jaque-na-competicao-1024x1024.jpg 1024w, https:\/\/folhapopular.info\/wp-content\/uploads\/2025\/08\/Essa-foi-a-11a-participacao-de-Jaque-na-competicao-300x300.jpg 300w, https:\/\/folhapopular.info\/wp-content\/uploads\/2025\/08\/Essa-foi-a-11a-participacao-de-Jaque-na-competicao-150x150.jpg 150w, https:\/\/folhapopular.info\/wp-content\/uploads\/2025\/08\/Essa-foi-a-11a-participacao-de-Jaque-na-competicao-768x768.jpg 768w, https:\/\/folhapopular.info\/wp-content\/uploads\/2025\/08\/Essa-foi-a-11a-participacao-de-Jaque-na-competicao-420x420.jpg 420w, https:\/\/folhapopular.info\/wp-content\/uploads\/2025\/08\/Essa-foi-a-11a-participacao-de-Jaque-na-competicao-696x696.jpg 696w, https:\/\/folhapopular.info\/wp-content\/uploads\/2025\/08\/Essa-foi-a-11a-participacao-de-Jaque-na-competicao-1068x1068.jpg 1068w, https:\/\/folhapopular.info\/wp-content\/uploads\/2025\/08\/Essa-foi-a-11a-participacao-de-Jaque-na-competicao.jpg 1440w\" sizes=\"auto, (max-width: 1024px) 100vw, 1024px\" \/><figcaption class=\"wp-element-caption\">Essa foi a 11\u00aa participa\u00e7\u00e3o de Jaque na competi\u00e7\u00e3o<\/figcaption><\/figure>\n<figcaption class=\"blocks-gallery-caption wp-element-caption\">Cr\u00e9dito: Arquivo \/ Divulga\u00e7\u00e3o<\/figcaption><\/figure>\n","protected":false},"excerpt":{"rendered":"<p>A atleta teutoniense, Jaqueline Weber, representante do Praia Clube\/Miller\/Girando Sol\/FAB\/Fila, encerrou com brilho sua 11\u00aa participa\u00e7\u00e3o no Trof\u00e9u Brasil de Atletismo, disputado no Centro Paral\u00edmpico Brasileiro, em S\u00e3o Paulo, no domingo (3\/8). Mesmo com problemas de sa\u00fade na semana da competi\u00e7\u00e3o, ela voltou a subir ao p\u00f3dio em tr\u00eas provas e agora soma 11 medalhas [&hellip;]<\/p>\n","protected":false},"author":732,"featured_media":191349,"comment_status":"open","ping_status":"open","sticky":false,"template":"","format":"standard","meta":{"pmpro_default_level":"","_jetpack_memberships_contains_paid_content":false,"footnotes":""},"categories":[16747,5],"tags":[80,17403,7457,4857],"class_list":{"0":"post-191288","1":"post","2":"type-post","3":"status-publish","4":"format-standard","5":"has-post-thumbnail","7":"category-atletismo","8":"category-esportes","9":"tag-atletismo","10":"tag-jaqueline-weber","11":"tag-medalhas","12":"tag-sao-paulo","13":"pmpro-has-access"},"yoast_head":"<!-- This site is optimized with the Yoast SEO plugin v27.5 - https:\/\/yoast.com\/product\/yoast-seo-wordpress\/ -->\n<title>Jaque Weber conquista tr\u00eas medalhas no Trof\u00e9u Brasil - Folha Popular<\/title>\n<meta name=\"robots\" content=\"index, follow, max-snippet:-1, max-image-preview:large, max-video-preview:-1\" \/>\n<link rel=\"canonical\" href=\"https:\/\/folhapopular.info\/index.php\/2025\/08\/04\/jaque-weber-conquista-tres-medalhas-no-trofeu-brasil\/\" \/>\n<meta property=\"og:locale\" content=\"pt_BR\" \/>\n<meta property=\"og:type\" content=\"article\" \/>\n<meta property=\"og:title\" content=\"Jaque Weber conquista tr\u00eas medalhas no Trof\u00e9u Brasil - Folha Popular\" \/>\n<meta property=\"og:description\" content=\"A atleta teutoniense, Jaqueline Weber, representante do Praia Clube\/Miller\/Girando Sol\/FAB\/Fila, encerrou com brilho sua 11\u00aa participa\u00e7\u00e3o no Trof\u00e9u Brasil de Atletismo, disputado no Centro Paral\u00edmpico Brasileiro, em S\u00e3o Paulo, no domingo (3\/8). Mesmo com problemas de sa\u00fade na semana da competi\u00e7\u00e3o, ela voltou a subir ao p\u00f3dio em tr\u00eas provas e agora soma 11 medalhas [&hellip;]\" \/>\n<meta property=\"og:url\" content=\"https:\/\/folhapopular.info\/index.php\/2025\/08\/04\/jaque-weber-conquista-tres-medalhas-no-trofeu-brasil\/\" \/>\n<meta property=\"og:site_name\" content=\"Folha Popular\" \/>\n<meta property=\"article:author\" content=\"https:\/\/www.facebook.com\/luis.huppes\/\" \/>\n<meta property=\"article:published_time\" content=\"2025-08-04T13:32:26+00:00\" \/>\n<meta property=\"article:modified_time\" content=\"2025-08-05T11:49:23+00:00\" \/>\n<meta property=\"og:image\" content=\"http:\/\/folhapopular.info\/wp-content\/uploads\/2025\/08\/A-teutoniense-conquistou-duas-medalhas-de-bronze-e-uma-de-prata-1.jpg\" \/>\n\t<meta property=\"og:image:width\" content=\"1440\" \/>\n\t<meta property=\"og:image:height\" content=\"1440\" \/>\n\t<meta property=\"og:image:type\" content=\"image\/jpeg\" \/>\n<meta name=\"author\" content=\"Luis Augusto Huppes\" \/>\n<meta name=\"twitter:card\" content=\"summary_large_image\" \/>\n<meta name=\"twitter:label1\" content=\"Escrito por\" \/>\n\t<meta name=\"twitter:data1\" content=\"Luis Augusto Huppes\" \/>\n\t<meta name=\"twitter:label2\" content=\"Est. tempo de leitura\" \/>\n\t<meta name=\"twitter:data2\" content=\"3 minutos\" \/>\n<script type=\"application\/ld+json\" class=\"yoast-schema-graph\">{\"@context\":\"https:\\\/\\\/schema.org\",\"@graph\":[{\"@type\":\"Article\",\"@id\":\"https:\\\/\\\/folhapopular.info\\\/index.php\\\/2025\\\/08\\\/04\\\/jaque-weber-conquista-tres-medalhas-no-trofeu-brasil\\\/#article\",\"isPartOf\":{\"@id\":\"https:\\\/\\\/folhapopular.info\\\/index.php\\\/2025\\\/08\\\/04\\\/jaque-weber-conquista-tres-medalhas-no-trofeu-brasil\\\/\"},\"author\":{\"name\":\"Luis Augusto Huppes\",\"@id\":\"https:\\\/\\\/folhapopular.info\\\/#\\\/schema\\\/person\\\/e852c327371714676d02e58cf917fd9f\"},\"headline\":\"Jaque Weber conquista tr\u00eas medalhas no Trof\u00e9u Brasil\",\"datePublished\":\"2025-08-04T13:32:26+00:00\",\"dateModified\":\"2025-08-05T11:49:23+00:00\",\"mainEntityOfPage\":{\"@id\":\"https:\\\/\\\/folhapopular.info\\\/index.php\\\/2025\\\/08\\\/04\\\/jaque-weber-conquista-tres-medalhas-no-trofeu-brasil\\\/\"},\"wordCount\":467,\"commentCount\":0,\"image\":{\"@id\":\"https:\\\/\\\/folhapopular.info\\\/index.php\\\/2025\\\/08\\\/04\\\/jaque-weber-conquista-tres-medalhas-no-trofeu-brasil\\\/#primaryimage\"},\"thumbnailUrl\":\"https:\\\/\\\/folhapopular.info\\\/wp-content\\\/uploads\\\/2025\\\/08\\\/A-teutoniense-conquistou-duas-medalhas-de-bronze-e-uma-de-prata-1.jpg\",\"keywords\":[\"Atletismo\",\"Jaqueline Weber\",\"Medalhas\",\"S\u00e3o Paulo\"],\"articleSection\":[\"Atletismo\",\"Esportes\"],\"inLanguage\":\"pt-BR\",\"potentialAction\":[{\"@type\":\"CommentAction\",\"name\":\"Comment\",\"target\":[\"https:\\\/\\\/folhapopular.info\\\/index.php\\\/2025\\\/08\\\/04\\\/jaque-weber-conquista-tres-medalhas-no-trofeu-brasil\\\/#respond\"]}]},{\"@type\":\"WebPage\",\"@id\":\"https:\\\/\\\/folhapopular.info\\\/index.php\\\/2025\\\/08\\\/04\\\/jaque-weber-conquista-tres-medalhas-no-trofeu-brasil\\\/\",\"url\":\"https:\\\/\\\/folhapopular.info\\\/index.php\\\/2025\\\/08\\\/04\\\/jaque-weber-conquista-tres-medalhas-no-trofeu-brasil\\\/\",\"name\":\"Jaque Weber conquista tr\u00eas medalhas no Trof\u00e9u Brasil - Folha Popular\",\"isPartOf\":{\"@id\":\"https:\\\/\\\/folhapopular.info\\\/#website\"},\"primaryImageOfPage\":{\"@id\":\"https:\\\/\\\/folhapopular.info\\\/index.php\\\/2025\\\/08\\\/04\\\/jaque-weber-conquista-tres-medalhas-no-trofeu-brasil\\\/#primaryimage\"},\"image\":{\"@id\":\"https:\\\/\\\/folhapopular.info\\\/index.php\\\/2025\\\/08\\\/04\\\/jaque-weber-conquista-tres-medalhas-no-trofeu-brasil\\\/#primaryimage\"},\"thumbnailUrl\":\"https:\\\/\\\/folhapopular.info\\\/wp-content\\\/uploads\\\/2025\\\/08\\\/A-teutoniense-conquistou-duas-medalhas-de-bronze-e-uma-de-prata-1.jpg\",\"datePublished\":\"2025-08-04T13:32:26+00:00\",\"dateModified\":\"2025-08-05T11:49:23+00:00\",\"author\":{\"@id\":\"https:\\\/\\\/folhapopular.info\\\/#\\\/schema\\\/person\\\/e852c327371714676d02e58cf917fd9f\"},\"breadcrumb\":{\"@id\":\"https:\\\/\\\/folhapopular.info\\\/index.php\\\/2025\\\/08\\\/04\\\/jaque-weber-conquista-tres-medalhas-no-trofeu-brasil\\\/#breadcrumb\"},\"inLanguage\":\"pt-BR\",\"potentialAction\":[{\"@type\":\"ReadAction\",\"target\":[\"https:\\\/\\\/folhapopular.info\\\/index.php\\\/2025\\\/08\\\/04\\\/jaque-weber-conquista-tres-medalhas-no-trofeu-brasil\\\/\"]}]},{\"@type\":\"ImageObject\",\"inLanguage\":\"pt-BR\",\"@id\":\"https:\\\/\\\/folhapopular.info\\\/index.php\\\/2025\\\/08\\\/04\\\/jaque-weber-conquista-tres-medalhas-no-trofeu-brasil\\\/#primaryimage\",\"url\":\"https:\\\/\\\/folhapopular.info\\\/wp-content\\\/uploads\\\/2025\\\/08\\\/A-teutoniense-conquistou-duas-medalhas-de-bronze-e-uma-de-prata-1.jpg\",\"contentUrl\":\"https:\\\/\\\/folhapopular.info\\\/wp-content\\\/uploads\\\/2025\\\/08\\\/A-teutoniense-conquistou-duas-medalhas-de-bronze-e-uma-de-prata-1.jpg\",\"width\":1440,\"height\":1440,\"caption\":\"A teutoniense conquistou duas medalhas de bronze e uma de prata - Cr\u00e9dito: Divulga\u00e7\u00e3o\"},{\"@type\":\"BreadcrumbList\",\"@id\":\"https:\\\/\\\/folhapopular.info\\\/index.php\\\/2025\\\/08\\\/04\\\/jaque-weber-conquista-tres-medalhas-no-trofeu-brasil\\\/#breadcrumb\",\"itemListElement\":[{\"@type\":\"ListItem\",\"position\":1,\"name\":\"In\u00edcio\",\"item\":\"https:\\\/\\\/folhapopular.info\\\/\"},{\"@type\":\"ListItem\",\"position\":2,\"name\":\"Jaque Weber conquista tr\u00eas medalhas no Trof\u00e9u Brasil\"}]},{\"@type\":\"WebSite\",\"@id\":\"https:\\\/\\\/folhapopular.info\\\/#website\",\"url\":\"https:\\\/\\\/folhapopular.info\\\/\",\"name\":\"Folha Popular\",\"description\":\"Onde voc\u00ea tem vez e voz\",\"potentialAction\":[{\"@type\":\"SearchAction\",\"target\":{\"@type\":\"EntryPoint\",\"urlTemplate\":\"https:\\\/\\\/folhapopular.info\\\/?s={search_term_string}\"},\"query-input\":{\"@type\":\"PropertyValueSpecification\",\"valueRequired\":true,\"valueName\":\"search_term_string\"}}],\"inLanguage\":\"pt-BR\"},{\"@type\":\"Person\",\"@id\":\"https:\\\/\\\/folhapopular.info\\\/#\\\/schema\\\/person\\\/e852c327371714676d02e58cf917fd9f\",\"name\":\"Luis Augusto Huppes\",\"image\":{\"@type\":\"ImageObject\",\"inLanguage\":\"pt-BR\",\"@id\":\"https:\\\/\\\/folhapopular.info\\\/wp-content\\\/uploads\\\/2026\\\/04\\\/Luis-Augusto-Huppes-1-1.webp\",\"url\":\"https:\\\/\\\/folhapopular.info\\\/wp-content\\\/uploads\\\/2026\\\/04\\\/Luis-Augusto-Huppes-1-1.webp\",\"contentUrl\":\"https:\\\/\\\/folhapopular.info\\\/wp-content\\\/uploads\\\/2026\\\/04\\\/Luis-Augusto-Huppes-1-1.webp\",\"caption\":\"Luis Augusto Huppes\"},\"sameAs\":[\"https:\\\/\\\/www.facebook.com\\\/luis.huppes\\\/\",\"https:\\\/\\\/www.instagram.com\\\/luis.huppes\\\/\",\"https:\\\/\\\/www.linkedin.com\\\/in\\\/luis-augusto-huppes-2554b52b7\\\/\"],\"url\":\"https:\\\/\\\/folhapopular.info\\\/index.php\\\/author\\\/luis-augusto-huppes\\\/\"}]}<\/script>\n<!-- \/ Yoast SEO plugin. -->","yoast_head_json":{"title":"Jaque Weber conquista tr\u00eas medalhas no Trof\u00e9u Brasil - Folha Popular","robots":{"index":"index","follow":"follow","max-snippet":"max-snippet:-1","max-image-preview":"max-image-preview:large","max-video-preview":"max-video-preview:-1"},"canonical":"https:\/\/folhapopular.info\/index.php\/2025\/08\/04\/jaque-weber-conquista-tres-medalhas-no-trofeu-brasil\/","og_locale":"pt_BR","og_type":"article","og_title":"Jaque Weber conquista tr\u00eas medalhas no Trof\u00e9u Brasil - Folha Popular","og_description":"A atleta teutoniense, Jaqueline Weber, representante do Praia Clube\/Miller\/Girando Sol\/FAB\/Fila, encerrou com brilho sua 11\u00aa participa\u00e7\u00e3o no Trof\u00e9u Brasil de Atletismo, disputado no Centro Paral\u00edmpico Brasileiro, em S\u00e3o Paulo, no domingo (3\/8). Mesmo com problemas de sa\u00fade na semana da competi\u00e7\u00e3o, ela voltou a subir ao p\u00f3dio em tr\u00eas provas e agora soma 11 medalhas [&hellip;]","og_url":"https:\/\/folhapopular.info\/index.php\/2025\/08\/04\/jaque-weber-conquista-tres-medalhas-no-trofeu-brasil\/","og_site_name":"Folha Popular","article_author":"https:\/\/www.facebook.com\/luis.huppes\/","article_published_time":"2025-08-04T13:32:26+00:00","article_modified_time":"2025-08-05T11:49:23+00:00","og_image":[{"width":1440,"height":1440,"url":"http:\/\/folhapopular.info\/wp-content\/uploads\/2025\/08\/A-teutoniense-conquistou-duas-medalhas-de-bronze-e-uma-de-prata-1.jpg","type":"image\/jpeg"}],"author":"Luis Augusto Huppes","twitter_card":"summary_large_image","twitter_misc":{"Escrito por":"Luis Augusto Huppes","Est. tempo de leitura":"3 minutos"},"schema":{"@context":"https:\/\/schema.org","@graph":[{"@type":"Article","@id":"https:\/\/folhapopular.info\/index.php\/2025\/08\/04\/jaque-weber-conquista-tres-medalhas-no-trofeu-brasil\/#article","isPartOf":{"@id":"https:\/\/folhapopular.info\/index.php\/2025\/08\/04\/jaque-weber-conquista-tres-medalhas-no-trofeu-brasil\/"},"author":{"name":"Luis Augusto Huppes","@id":"https:\/\/folhapopular.info\/#\/schema\/person\/e852c327371714676d02e58cf917fd9f"},"headline":"Jaque Weber conquista tr\u00eas medalhas no Trof\u00e9u Brasil","datePublished":"2025-08-04T13:32:26+00:00","dateModified":"2025-08-05T11:49:23+00:00","mainEntityOfPage":{"@id":"https:\/\/folhapopular.info\/index.php\/2025\/08\/04\/jaque-weber-conquista-tres-medalhas-no-trofeu-brasil\/"},"wordCount":467,"commentCount":0,"image":{"@id":"https:\/\/folhapopular.info\/index.php\/2025\/08\/04\/jaque-weber-conquista-tres-medalhas-no-trofeu-brasil\/#primaryimage"},"thumbnailUrl":"https:\/\/folhapopular.info\/wp-content\/uploads\/2025\/08\/A-teutoniense-conquistou-duas-medalhas-de-bronze-e-uma-de-prata-1.jpg","keywords":["Atletismo","Jaqueline Weber","Medalhas","S\u00e3o Paulo"],"articleSection":["Atletismo","Esportes"],"inLanguage":"pt-BR","potentialAction":[{"@type":"CommentAction","name":"Comment","target":["https:\/\/folhapopular.info\/index.php\/2025\/08\/04\/jaque-weber-conquista-tres-medalhas-no-trofeu-brasil\/#respond"]}]},{"@type":"WebPage","@id":"https:\/\/folhapopular.info\/index.php\/2025\/08\/04\/jaque-weber-conquista-tres-medalhas-no-trofeu-brasil\/","url":"https:\/\/folhapopular.info\/index.php\/2025\/08\/04\/jaque-weber-conquista-tres-medalhas-no-trofeu-brasil\/","name":"Jaque Weber conquista tr\u00eas medalhas no Trof\u00e9u Brasil - Folha Popular","isPartOf":{"@id":"https:\/\/folhapopular.info\/#website"},"primaryImageOfPage":{"@id":"https:\/\/folhapopular.info\/index.php\/2025\/08\/04\/jaque-weber-conquista-tres-medalhas-no-trofeu-brasil\/#primaryimage"},"image":{"@id":"https:\/\/folhapopular.info\/index.php\/2025\/08\/04\/jaque-weber-conquista-tres-medalhas-no-trofeu-brasil\/#primaryimage"},"thumbnailUrl":"https:\/\/folhapopular.info\/wp-content\/uploads\/2025\/08\/A-teutoniense-conquistou-duas-medalhas-de-bronze-e-uma-de-prata-1.jpg","datePublished":"2025-08-04T13:32:26+00:00","dateModified":"2025-08-05T11:49:23+00:00","author":{"@id":"https:\/\/folhapopular.info\/#\/schema\/person\/e852c327371714676d02e58cf917fd9f"},"breadcrumb":{"@id":"https:\/\/folhapopular.info\/index.php\/2025\/08\/04\/jaque-weber-conquista-tres-medalhas-no-trofeu-brasil\/#breadcrumb"},"inLanguage":"pt-BR","potentialAction":[{"@type":"ReadAction","target":["https:\/\/folhapopular.info\/index.php\/2025\/08\/04\/jaque-weber-conquista-tres-medalhas-no-trofeu-brasil\/"]}]},{"@type":"ImageObject","inLanguage":"pt-BR","@id":"https:\/\/folhapopular.info\/index.php\/2025\/08\/04\/jaque-weber-conquista-tres-medalhas-no-trofeu-brasil\/#primaryimage","url":"https:\/\/folhapopular.info\/wp-content\/uploads\/2025\/08\/A-teutoniense-conquistou-duas-medalhas-de-bronze-e-uma-de-prata-1.jpg","contentUrl":"https:\/\/folhapopular.info\/wp-content\/uploads\/2025\/08\/A-teutoniense-conquistou-duas-medalhas-de-bronze-e-uma-de-prata-1.jpg","width":1440,"height":1440,"caption":"A teutoniense conquistou duas medalhas de bronze e uma de prata - Cr\u00e9dito: Divulga\u00e7\u00e3o"},{"@type":"BreadcrumbList","@id":"https:\/\/folhapopular.info\/index.php\/2025\/08\/04\/jaque-weber-conquista-tres-medalhas-no-trofeu-brasil\/#breadcrumb","itemListElement":[{"@type":"ListItem","position":1,"name":"In\u00edcio","item":"https:\/\/folhapopular.info\/"},{"@type":"ListItem","position":2,"name":"Jaque Weber conquista tr\u00eas medalhas no Trof\u00e9u Brasil"}]},{"@type":"WebSite","@id":"https:\/\/folhapopular.info\/#website","url":"https:\/\/folhapopular.info\/","name":"Folha Popular","description":"Onde voc\u00ea tem vez e voz","potentialAction":[{"@type":"SearchAction","target":{"@type":"EntryPoint","urlTemplate":"https:\/\/folhapopular.info\/?s={search_term_string}"},"query-input":{"@type":"PropertyValueSpecification","valueRequired":true,"valueName":"search_term_string"}}],"inLanguage":"pt-BR"},{"@type":"Person","@id":"https:\/\/folhapopular.info\/#\/schema\/person\/e852c327371714676d02e58cf917fd9f","name":"Luis Augusto Huppes","image":{"@type":"ImageObject","inLanguage":"pt-BR","@id":"https:\/\/folhapopular.info\/wp-content\/uploads\/2026\/04\/Luis-Augusto-Huppes-1-1.webp","url":"https:\/\/folhapopular.info\/wp-content\/uploads\/2026\/04\/Luis-Augusto-Huppes-1-1.webp","contentUrl":"https:\/\/folhapopular.info\/wp-content\/uploads\/2026\/04\/Luis-Augusto-Huppes-1-1.webp","caption":"Luis Augusto Huppes"},"sameAs":["https:\/\/www.facebook.com\/luis.huppes\/","https:\/\/www.instagram.com\/luis.huppes\/","https:\/\/www.linkedin.com\/in\/luis-augusto-huppes-2554b52b7\/"],"url":"https:\/\/folhapopular.info\/index.php\/author\/luis-augusto-huppes\/"}]}},"jetpack_featured_media_url":"https:\/\/folhapopular.info\/wp-content\/uploads\/2025\/08\/A-teutoniense-conquistou-duas-medalhas-de-bronze-e-uma-de-prata-1.jpg","jetpack_sharing_enabled":true,"amp_enabled":true,"_links":{"self":[{"href":"https:\/\/folhapopular.info\/index.php\/wp-json\/wp\/v2\/posts\/191288","targetHints":{"allow":["GET"]}}],"collection":[{"href":"https:\/\/folhapopular.info\/index.php\/wp-json\/wp\/v2\/posts"}],"about":[{"href":"https:\/\/folhapopular.info\/index.php\/wp-json\/wp\/v2\/types\/post"}],"author":[{"embeddable":true,"href":"https:\/\/folhapopular.info\/index.php\/wp-json\/wp\/v2\/users\/732"}],"replies":[{"embeddable":true,"href":"https:\/\/folhapopular.info\/index.php\/wp-json\/wp\/v2\/comments?post=191288"}],"version-history":[{"count":0,"href":"https:\/\/folhapopular.info\/index.php\/wp-json\/wp\/v2\/posts\/191288\/revisions"}],"wp:featuredmedia":[{"embeddable":true,"href":"https:\/\/folhapopular.info\/index.php\/wp-json\/wp\/v2\/media\/191349"}],"wp:attachment":[{"href":"https:\/\/folhapopular.info\/index.php\/wp-json\/wp\/v2\/media?parent=191288"}],"wp:term":[{"taxonomy":"category","embeddable":true,"href":"https:\/\/folhapopular.info\/index.php\/wp-json\/wp\/v2\/categories?post=191288"},{"taxonomy":"post_tag","embeddable":true,"href":"https:\/\/folhapopular.info\/index.php\/wp-json\/wp\/v2\/tags?post=191288"}],"curies":[{"name":"wp","href":"https:\/\/api.w.org\/{rel}","templated":true}]}}