{"id":191326,"date":"2025-08-04T18:05:56","date_gmt":"2025-08-04T21:05:56","guid":{"rendered":"https:\/\/folhapopular.info\/?p=191326"},"modified":"2025-08-04T18:08:28","modified_gmt":"2025-08-04T21:08:28","slug":"radio-popular-estreia-programa-inteligencia-empresarial-nesta-terca-feira","status":"publish","type":"post","link":"https:\/\/folhapopular.info\/index.php\/2025\/08\/04\/radio-popular-estreia-programa-inteligencia-empresarial-nesta-terca-feira\/","title":{"rendered":"Thiago Maurique estreia programa \u201cIntelig\u00eancia Empresarial\u201d na R\u00e1dio Popular"},"content":{"rendered":"\n<p>A R\u00e1dio Popular lan\u00e7a nesta ter\u00e7a-feira (5\/8), das 8h \u00e0s 9h, o programa Intelig\u00eancia Empresarial, apresentado pelo jornalista Thiago Maurique. A atra\u00e7\u00e3o semanal ter\u00e1 como foco entrevistas com empres\u00e1rios do Vale do Taquari, destacando trajet\u00f3rias, desafios e estrat\u00e9gias de gest\u00e3o que levaram empresas regionais ao sucesso.<\/p>\n\n\n\n<p>Thiago com uma carreira extensa como jornalista focado em economia, abordar\u00e1 temas m\u00faltiplos com figuras imponentes da regi\u00e3o. O programa busca inspirar empreendedores e microempreendedores, abordando tamb\u00e9m temas como inova\u00e7\u00e3o, mercado e lideran\u00e7a.<\/p>\n\n\n\n<p>Segundo Maurique, as empresas da regi\u00e3o s\u00e3o familiares e enfrentam concorr\u00eancia de grandes marcas e multinacionais, mas mant\u00eam relev\u00e2ncia no mercado gra\u00e7as \u00e0 gest\u00e3o eficiente, valores locais e estrat\u00e9gias de expans\u00e3o. A estreia contar\u00e1 com o empres\u00e1rio Irno Delai, das Lojas Delai, figura reconhecida pelo trabalho e estrat\u00e9gias de marketing. O cl\u00e1ssico <em>Slogan<\/em><strong><em> <\/em>&#8220;N\u00e3o esque\u00e7a de ir no Delai&#8221;<\/strong> faz referencia ao nome do empres\u00e1rio. <\/p>\n\n\n\n<p>Al\u00e9m das entrevistas, a iniciativa prev\u00ea repercuss\u00e3o no jornal <em>Folha Popular<\/em>, presen\u00e7a no YouTube e surpresas a cada ciclo de seis meses. O apresentador refor\u00e7a que o espa\u00e7o est\u00e1 aberto para sugest\u00f5es de empres\u00e1rios e hist\u00f3rias de neg\u00f3cios: \u201cQueremos documentar e valorizar as empresas da nossa regi\u00e3o, sem f\u00f3rmulas prontas, mas com foco em gest\u00e3o, pessoas e qualidade\u201d, afirma.<\/p>\n\n\n\n<p>O Intelig\u00eancia Empresarial estar\u00e1 dispon\u00edvel ao vivo no r\u00e1dio, com transmiss\u00e3o simult\u00e2nea no YouTube e Facebook do Grupo Popular.<\/p>\n","protected":false},"excerpt":{"rendered":"<p>A R\u00e1dio Popular lan\u00e7a nesta ter\u00e7a-feira (5\/8), das 8h \u00e0s 9h, o programa Intelig\u00eancia Empresarial, apresentado pelo jornalista Thiago Maurique. A atra\u00e7\u00e3o semanal ter\u00e1 como foco entrevistas com empres\u00e1rios do Vale do Taquari, destacando trajet\u00f3rias, desafios e estrat\u00e9gias de gest\u00e3o que levaram empresas regionais ao sucesso. Thiago com uma carreira extensa como jornalista focado em [&hellip;]<\/p>\n","protected":false},"author":773,"featured_media":191327,"comment_status":"open","ping_status":"open","sticky":false,"template":"","format":"standard","meta":{"pmpro_default_level":"","_jetpack_memberships_contains_paid_content":false,"footnotes":""},"categories":[10991,10993,3,12473],"tags":[746,4191,156],"class_list":{"0":"post-191326","1":"post","2":"type-post","3":"status-publish","4":"format-standard","5":"has-post-thumbnail","7":"category-economia","8":"category-empreender","9":"category-geral","10":"category-negocios","11":"tag-economia","12":"tag-empresas","13":"tag-vale-do-taquari","14":"pmpro-has-access"},"yoast_head":"<!-- This site is optimized with the Yoast SEO plugin v27.5 - https:\/\/yoast.com\/product\/yoast-seo-wordpress\/ -->\n<title>Thiago Maurique estreia programa \u201cIntelig\u00eancia Empresarial\u201d na R\u00e1dio Popular - Folha Popular<\/title>\n<meta name=\"robots\" content=\"index, follow, max-snippet:-1, max-image-preview:large, max-video-preview:-1\" \/>\n<link rel=\"canonical\" href=\"https:\/\/folhapopular.info\/index.php\/2025\/08\/04\/radio-popular-estreia-programa-inteligencia-empresarial-nesta-terca-feira\/\" \/>\n<meta property=\"og:locale\" content=\"pt_BR\" \/>\n<meta property=\"og:type\" content=\"article\" \/>\n<meta property=\"og:title\" content=\"Thiago Maurique estreia programa \u201cIntelig\u00eancia Empresarial\u201d na R\u00e1dio Popular - Folha Popular\" \/>\n<meta property=\"og:description\" content=\"A R\u00e1dio Popular lan\u00e7a nesta ter\u00e7a-feira (5\/8), das 8h \u00e0s 9h, o programa Intelig\u00eancia Empresarial, apresentado pelo jornalista Thiago Maurique. A atra\u00e7\u00e3o semanal ter\u00e1 como foco entrevistas com empres\u00e1rios do Vale do Taquari, destacando trajet\u00f3rias, desafios e estrat\u00e9gias de gest\u00e3o que levaram empresas regionais ao sucesso. Thiago com uma carreira extensa como jornalista focado em [&hellip;]\" \/>\n<meta property=\"og:url\" content=\"https:\/\/folhapopular.info\/index.php\/2025\/08\/04\/radio-popular-estreia-programa-inteligencia-empresarial-nesta-terca-feira\/\" \/>\n<meta property=\"og:site_name\" content=\"Folha Popular\" \/>\n<meta property=\"article:published_time\" content=\"2025-08-04T21:05:56+00:00\" \/>\n<meta property=\"article:modified_time\" content=\"2025-08-04T21:08:28+00:00\" \/>\n<meta property=\"og:image\" content=\"http:\/\/folhapopular.info\/wp-content\/uploads\/2025\/08\/thiahoooo-scaled.jpg\" \/>\n\t<meta property=\"og:image:width\" content=\"2560\" \/>\n\t<meta property=\"og:image:height\" content=\"1920\" \/>\n\t<meta property=\"og:image:type\" content=\"image\/jpeg\" \/>\n<meta name=\"author\" content=\"Gabriely Hartmann Mallmann\" \/>\n<meta name=\"twitter:card\" content=\"summary_large_image\" \/>\n<meta name=\"twitter:label1\" content=\"Escrito por\" \/>\n\t<meta name=\"twitter:data1\" content=\"Gabriely Hartmann Mallmann\" \/>\n\t<meta name=\"twitter:label2\" content=\"Est. tempo de leitura\" \/>\n\t<meta name=\"twitter:data2\" content=\"2 minutos\" \/>\n<script type=\"application\/ld+json\" class=\"yoast-schema-graph\">{\"@context\":\"https:\\\/\\\/schema.org\",\"@graph\":[{\"@type\":\"Article\",\"@id\":\"https:\\\/\\\/folhapopular.info\\\/index.php\\\/2025\\\/08\\\/04\\\/radio-popular-estreia-programa-inteligencia-empresarial-nesta-terca-feira\\\/#article\",\"isPartOf\":{\"@id\":\"https:\\\/\\\/folhapopular.info\\\/index.php\\\/2025\\\/08\\\/04\\\/radio-popular-estreia-programa-inteligencia-empresarial-nesta-terca-feira\\\/\"},\"author\":{\"name\":\"Gabriely Hartmann Mallmann\",\"@id\":\"https:\\\/\\\/folhapopular.info\\\/#\\\/schema\\\/person\\\/41b3bb1ecf6e33e81cbab2c29b178754\"},\"headline\":\"Thiago Maurique estreia programa \u201cIntelig\u00eancia Empresarial\u201d na R\u00e1dio Popular\",\"datePublished\":\"2025-08-04T21:05:56+00:00\",\"dateModified\":\"2025-08-04T21:08:28+00:00\",\"mainEntityOfPage\":{\"@id\":\"https:\\\/\\\/folhapopular.info\\\/index.php\\\/2025\\\/08\\\/04\\\/radio-popular-estreia-programa-inteligencia-empresarial-nesta-terca-feira\\\/\"},\"wordCount\":277,\"commentCount\":0,\"image\":{\"@id\":\"https:\\\/\\\/folhapopular.info\\\/index.php\\\/2025\\\/08\\\/04\\\/radio-popular-estreia-programa-inteligencia-empresarial-nesta-terca-feira\\\/#primaryimage\"},\"thumbnailUrl\":\"https:\\\/\\\/folhapopular.info\\\/wp-content\\\/uploads\\\/2025\\\/08\\\/thiahoooo-scaled.jpg\",\"keywords\":[\"Economia\",\"Empresas\",\"Vale do Taquari\"],\"articleSection\":[\"Economia\",\"Empreender\",\"Geral\",\"Neg\u00f3cios\"],\"inLanguage\":\"pt-BR\",\"potentialAction\":[{\"@type\":\"CommentAction\",\"name\":\"Comment\",\"target\":[\"https:\\\/\\\/folhapopular.info\\\/index.php\\\/2025\\\/08\\\/04\\\/radio-popular-estreia-programa-inteligencia-empresarial-nesta-terca-feira\\\/#respond\"]}]},{\"@type\":\"WebPage\",\"@id\":\"https:\\\/\\\/folhapopular.info\\\/index.php\\\/2025\\\/08\\\/04\\\/radio-popular-estreia-programa-inteligencia-empresarial-nesta-terca-feira\\\/\",\"url\":\"https:\\\/\\\/folhapopular.info\\\/index.php\\\/2025\\\/08\\\/04\\\/radio-popular-estreia-programa-inteligencia-empresarial-nesta-terca-feira\\\/\",\"name\":\"Thiago Maurique estreia programa \u201cIntelig\u00eancia Empresarial\u201d na R\u00e1dio Popular - Folha Popular\",\"isPartOf\":{\"@id\":\"https:\\\/\\\/folhapopular.info\\\/#website\"},\"primaryImageOfPage\":{\"@id\":\"https:\\\/\\\/folhapopular.info\\\/index.php\\\/2025\\\/08\\\/04\\\/radio-popular-estreia-programa-inteligencia-empresarial-nesta-terca-feira\\\/#primaryimage\"},\"image\":{\"@id\":\"https:\\\/\\\/folhapopular.info\\\/index.php\\\/2025\\\/08\\\/04\\\/radio-popular-estreia-programa-inteligencia-empresarial-nesta-terca-feira\\\/#primaryimage\"},\"thumbnailUrl\":\"https:\\\/\\\/folhapopular.info\\\/wp-content\\\/uploads\\\/2025\\\/08\\\/thiahoooo-scaled.jpg\",\"datePublished\":\"2025-08-04T21:05:56+00:00\",\"dateModified\":\"2025-08-04T21:08:28+00:00\",\"author\":{\"@id\":\"https:\\\/\\\/folhapopular.info\\\/#\\\/schema\\\/person\\\/41b3bb1ecf6e33e81cbab2c29b178754\"},\"breadcrumb\":{\"@id\":\"https:\\\/\\\/folhapopular.info\\\/index.php\\\/2025\\\/08\\\/04\\\/radio-popular-estreia-programa-inteligencia-empresarial-nesta-terca-feira\\\/#breadcrumb\"},\"inLanguage\":\"pt-BR\",\"potentialAction\":[{\"@type\":\"ReadAction\",\"target\":[\"https:\\\/\\\/folhapopular.info\\\/index.php\\\/2025\\\/08\\\/04\\\/radio-popular-estreia-programa-inteligencia-empresarial-nesta-terca-feira\\\/\"]}]},{\"@type\":\"ImageObject\",\"inLanguage\":\"pt-BR\",\"@id\":\"https:\\\/\\\/folhapopular.info\\\/index.php\\\/2025\\\/08\\\/04\\\/radio-popular-estreia-programa-inteligencia-empresarial-nesta-terca-feira\\\/#primaryimage\",\"url\":\"https:\\\/\\\/folhapopular.info\\\/wp-content\\\/uploads\\\/2025\\\/08\\\/thiahoooo-scaled.jpg\",\"contentUrl\":\"https:\\\/\\\/folhapopular.info\\\/wp-content\\\/uploads\\\/2025\\\/08\\\/thiahoooo-scaled.jpg\",\"width\":2560,\"height\":1920,\"caption\":\"Thiago Maurique no programa Espa\u00e7o Aberto\"},{\"@type\":\"BreadcrumbList\",\"@id\":\"https:\\\/\\\/folhapopular.info\\\/index.php\\\/2025\\\/08\\\/04\\\/radio-popular-estreia-programa-inteligencia-empresarial-nesta-terca-feira\\\/#breadcrumb\",\"itemListElement\":[{\"@type\":\"ListItem\",\"position\":1,\"name\":\"In\u00edcio\",\"item\":\"https:\\\/\\\/folhapopular.info\\\/\"},{\"@type\":\"ListItem\",\"position\":2,\"name\":\"Thiago Maurique estreia programa \u201cIntelig\u00eancia Empresarial\u201d na R\u00e1dio Popular\"}]},{\"@type\":\"WebSite\",\"@id\":\"https:\\\/\\\/folhapopular.info\\\/#website\",\"url\":\"https:\\\/\\\/folhapopular.info\\\/\",\"name\":\"Folha Popular\",\"description\":\"Onde voc\u00ea tem vez e voz\",\"potentialAction\":[{\"@type\":\"SearchAction\",\"target\":{\"@type\":\"EntryPoint\",\"urlTemplate\":\"https:\\\/\\\/folhapopular.info\\\/?s={search_term_string}\"},\"query-input\":{\"@type\":\"PropertyValueSpecification\",\"valueRequired\":true,\"valueName\":\"search_term_string\"}}],\"inLanguage\":\"pt-BR\"},{\"@type\":\"Person\",\"@id\":\"https:\\\/\\\/folhapopular.info\\\/#\\\/schema\\\/person\\\/41b3bb1ecf6e33e81cbab2c29b178754\",\"name\":\"Gabriely Hartmann Mallmann\",\"image\":{\"@type\":\"ImageObject\",\"inLanguage\":\"pt-BR\",\"@id\":\"https:\\\/\\\/secure.gravatar.com\\\/avatar\\\/92999d30b0cc9bf49e6aa3c07c592bb06855a37dcfbdc7bbe6567a4637e999ce?s=96&d=mm&r=g\",\"url\":\"https:\\\/\\\/secure.gravatar.com\\\/avatar\\\/92999d30b0cc9bf49e6aa3c07c592bb06855a37dcfbdc7bbe6567a4637e999ce?s=96&d=mm&r=g\",\"contentUrl\":\"https:\\\/\\\/secure.gravatar.com\\\/avatar\\\/92999d30b0cc9bf49e6aa3c07c592bb06855a37dcfbdc7bbe6567a4637e999ce?s=96&d=mm&r=g\",\"caption\":\"Gabriely Hartmann Mallmann\"},\"url\":\"https:\\\/\\\/folhapopular.info\\\/index.php\\\/author\\\/gabriely-hartmann-mallmann\\\/\"}]}<\/script>\n<!-- \/ Yoast SEO plugin. -->","yoast_head_json":{"title":"Thiago Maurique estreia programa \u201cIntelig\u00eancia Empresarial\u201d na R\u00e1dio Popular - Folha Popular","robots":{"index":"index","follow":"follow","max-snippet":"max-snippet:-1","max-image-preview":"max-image-preview:large","max-video-preview":"max-video-preview:-1"},"canonical":"https:\/\/folhapopular.info\/index.php\/2025\/08\/04\/radio-popular-estreia-programa-inteligencia-empresarial-nesta-terca-feira\/","og_locale":"pt_BR","og_type":"article","og_title":"Thiago Maurique estreia programa \u201cIntelig\u00eancia Empresarial\u201d na R\u00e1dio Popular - Folha Popular","og_description":"A R\u00e1dio Popular lan\u00e7a nesta ter\u00e7a-feira (5\/8), das 8h \u00e0s 9h, o programa Intelig\u00eancia Empresarial, apresentado pelo jornalista Thiago Maurique. A atra\u00e7\u00e3o semanal ter\u00e1 como foco entrevistas com empres\u00e1rios do Vale do Taquari, destacando trajet\u00f3rias, desafios e estrat\u00e9gias de gest\u00e3o que levaram empresas regionais ao sucesso. Thiago com uma carreira extensa como jornalista focado em [&hellip;]","og_url":"https:\/\/folhapopular.info\/index.php\/2025\/08\/04\/radio-popular-estreia-programa-inteligencia-empresarial-nesta-terca-feira\/","og_site_name":"Folha Popular","article_published_time":"2025-08-04T21:05:56+00:00","article_modified_time":"2025-08-04T21:08:28+00:00","og_image":[{"width":2560,"height":1920,"url":"http:\/\/folhapopular.info\/wp-content\/uploads\/2025\/08\/thiahoooo-scaled.jpg","type":"image\/jpeg"}],"author":"Gabriely Hartmann Mallmann","twitter_card":"summary_large_image","twitter_misc":{"Escrito por":"Gabriely Hartmann Mallmann","Est. tempo de leitura":"2 minutos"},"schema":{"@context":"https:\/\/schema.org","@graph":[{"@type":"Article","@id":"https:\/\/folhapopular.info\/index.php\/2025\/08\/04\/radio-popular-estreia-programa-inteligencia-empresarial-nesta-terca-feira\/#article","isPartOf":{"@id":"https:\/\/folhapopular.info\/index.php\/2025\/08\/04\/radio-popular-estreia-programa-inteligencia-empresarial-nesta-terca-feira\/"},"author":{"name":"Gabriely Hartmann Mallmann","@id":"https:\/\/folhapopular.info\/#\/schema\/person\/41b3bb1ecf6e33e81cbab2c29b178754"},"headline":"Thiago Maurique estreia programa \u201cIntelig\u00eancia Empresarial\u201d na R\u00e1dio Popular","datePublished":"2025-08-04T21:05:56+00:00","dateModified":"2025-08-04T21:08:28+00:00","mainEntityOfPage":{"@id":"https:\/\/folhapopular.info\/index.php\/2025\/08\/04\/radio-popular-estreia-programa-inteligencia-empresarial-nesta-terca-feira\/"},"wordCount":277,"commentCount":0,"image":{"@id":"https:\/\/folhapopular.info\/index.php\/2025\/08\/04\/radio-popular-estreia-programa-inteligencia-empresarial-nesta-terca-feira\/#primaryimage"},"thumbnailUrl":"https:\/\/folhapopular.info\/wp-content\/uploads\/2025\/08\/thiahoooo-scaled.jpg","keywords":["Economia","Empresas","Vale do Taquari"],"articleSection":["Economia","Empreender","Geral","Neg\u00f3cios"],"inLanguage":"pt-BR","potentialAction":[{"@type":"CommentAction","name":"Comment","target":["https:\/\/folhapopular.info\/index.php\/2025\/08\/04\/radio-popular-estreia-programa-inteligencia-empresarial-nesta-terca-feira\/#respond"]}]},{"@type":"WebPage","@id":"https:\/\/folhapopular.info\/index.php\/2025\/08\/04\/radio-popular-estreia-programa-inteligencia-empresarial-nesta-terca-feira\/","url":"https:\/\/folhapopular.info\/index.php\/2025\/08\/04\/radio-popular-estreia-programa-inteligencia-empresarial-nesta-terca-feira\/","name":"Thiago Maurique estreia programa \u201cIntelig\u00eancia Empresarial\u201d na R\u00e1dio Popular - Folha Popular","isPartOf":{"@id":"https:\/\/folhapopular.info\/#website"},"primaryImageOfPage":{"@id":"https:\/\/folhapopular.info\/index.php\/2025\/08\/04\/radio-popular-estreia-programa-inteligencia-empresarial-nesta-terca-feira\/#primaryimage"},"image":{"@id":"https:\/\/folhapopular.info\/index.php\/2025\/08\/04\/radio-popular-estreia-programa-inteligencia-empresarial-nesta-terca-feira\/#primaryimage"},"thumbnailUrl":"https:\/\/folhapopular.info\/wp-content\/uploads\/2025\/08\/thiahoooo-scaled.jpg","datePublished":"2025-08-04T21:05:56+00:00","dateModified":"2025-08-04T21:08:28+00:00","author":{"@id":"https:\/\/folhapopular.info\/#\/schema\/person\/41b3bb1ecf6e33e81cbab2c29b178754"},"breadcrumb":{"@id":"https:\/\/folhapopular.info\/index.php\/2025\/08\/04\/radio-popular-estreia-programa-inteligencia-empresarial-nesta-terca-feira\/#breadcrumb"},"inLanguage":"pt-BR","potentialAction":[{"@type":"ReadAction","target":["https:\/\/folhapopular.info\/index.php\/2025\/08\/04\/radio-popular-estreia-programa-inteligencia-empresarial-nesta-terca-feira\/"]}]},{"@type":"ImageObject","inLanguage":"pt-BR","@id":"https:\/\/folhapopular.info\/index.php\/2025\/08\/04\/radio-popular-estreia-programa-inteligencia-empresarial-nesta-terca-feira\/#primaryimage","url":"https:\/\/folhapopular.info\/wp-content\/uploads\/2025\/08\/thiahoooo-scaled.jpg","contentUrl":"https:\/\/folhapopular.info\/wp-content\/uploads\/2025\/08\/thiahoooo-scaled.jpg","width":2560,"height":1920,"caption":"Thiago Maurique no programa Espa\u00e7o Aberto"},{"@type":"BreadcrumbList","@id":"https:\/\/folhapopular.info\/index.php\/2025\/08\/04\/radio-popular-estreia-programa-inteligencia-empresarial-nesta-terca-feira\/#breadcrumb","itemListElement":[{"@type":"ListItem","position":1,"name":"In\u00edcio","item":"https:\/\/folhapopular.info\/"},{"@type":"ListItem","position":2,"name":"Thiago Maurique estreia programa \u201cIntelig\u00eancia Empresarial\u201d na R\u00e1dio Popular"}]},{"@type":"WebSite","@id":"https:\/\/folhapopular.info\/#website","url":"https:\/\/folhapopular.info\/","name":"Folha Popular","description":"Onde voc\u00ea tem vez e voz","potentialAction":[{"@type":"SearchAction","target":{"@type":"EntryPoint","urlTemplate":"https:\/\/folhapopular.info\/?s={search_term_string}"},"query-input":{"@type":"PropertyValueSpecification","valueRequired":true,"valueName":"search_term_string"}}],"inLanguage":"pt-BR"},{"@type":"Person","@id":"https:\/\/folhapopular.info\/#\/schema\/person\/41b3bb1ecf6e33e81cbab2c29b178754","name":"Gabriely Hartmann Mallmann","image":{"@type":"ImageObject","inLanguage":"pt-BR","@id":"https:\/\/secure.gravatar.com\/avatar\/92999d30b0cc9bf49e6aa3c07c592bb06855a37dcfbdc7bbe6567a4637e999ce?s=96&d=mm&r=g","url":"https:\/\/secure.gravatar.com\/avatar\/92999d30b0cc9bf49e6aa3c07c592bb06855a37dcfbdc7bbe6567a4637e999ce?s=96&d=mm&r=g","contentUrl":"https:\/\/secure.gravatar.com\/avatar\/92999d30b0cc9bf49e6aa3c07c592bb06855a37dcfbdc7bbe6567a4637e999ce?s=96&d=mm&r=g","caption":"Gabriely Hartmann Mallmann"},"url":"https:\/\/folhapopular.info\/index.php\/author\/gabriely-hartmann-mallmann\/"}]}},"jetpack_featured_media_url":"https:\/\/folhapopular.info\/wp-content\/uploads\/2025\/08\/thiahoooo-scaled.jpg","jetpack_sharing_enabled":true,"amp_enabled":true,"_links":{"self":[{"href":"https:\/\/folhapopular.info\/index.php\/wp-json\/wp\/v2\/posts\/191326","targetHints":{"allow":["GET"]}}],"collection":[{"href":"https:\/\/folhapopular.info\/index.php\/wp-json\/wp\/v2\/posts"}],"about":[{"href":"https:\/\/folhapopular.info\/index.php\/wp-json\/wp\/v2\/types\/post"}],"author":[{"embeddable":true,"href":"https:\/\/folhapopular.info\/index.php\/wp-json\/wp\/v2\/users\/773"}],"replies":[{"embeddable":true,"href":"https:\/\/folhapopular.info\/index.php\/wp-json\/wp\/v2\/comments?post=191326"}],"version-history":[{"count":0,"href":"https:\/\/folhapopular.info\/index.php\/wp-json\/wp\/v2\/posts\/191326\/revisions"}],"wp:featuredmedia":[{"embeddable":true,"href":"https:\/\/folhapopular.info\/index.php\/wp-json\/wp\/v2\/media\/191327"}],"wp:attachment":[{"href":"https:\/\/folhapopular.info\/index.php\/wp-json\/wp\/v2\/media?parent=191326"}],"wp:term":[{"taxonomy":"category","embeddable":true,"href":"https:\/\/folhapopular.info\/index.php\/wp-json\/wp\/v2\/categories?post=191326"},{"taxonomy":"post_tag","embeddable":true,"href":"https:\/\/folhapopular.info\/index.php\/wp-json\/wp\/v2\/tags?post=191326"}],"curies":[{"name":"wp","href":"https:\/\/api.w.org\/{rel}","templated":true}]}}