{"id":191381,"date":"2025-08-05T16:46:36","date_gmt":"2025-08-05T19:46:36","guid":{"rendered":"https:\/\/folhapopular.info\/?p=191381"},"modified":"2025-08-05T16:57:15","modified_gmt":"2025-08-05T19:57:15","slug":"empreendedoras-em-acao-amplia-espaco-feminino-na-economia","status":"publish","type":"post","link":"https:\/\/folhapopular.info\/index.php\/2025\/08\/05\/empreendedoras-em-acao-amplia-espaco-feminino-na-economia\/","title":{"rendered":"Empreendedoras em A\u00e7\u00e3o amplia espa\u00e7o feminino na economia"},"content":{"rendered":"\n<p>O programa Espa\u00e7o Aberto desta segunda-feira (5\/8) recebeu a jornalista, professora e empres\u00e1ria, Luciana Brune, para apresentar o novo programa &#8220;Empreendedoras em A\u00e7\u00e3o&#8221;, que estreia nesta quinta-feira, das 8h \u00e0s 9h da manh\u00e3, na programa\u00e7\u00e3o da R\u00e1dio Popular.<\/p>\n\n\n\n<p>Luciana afirma que a motiva\u00e7\u00e3o do novo quadro surge da necessidade de ampliar os espa\u00e7os dedicados ao empreendedorismo feminino na programa\u00e7\u00e3o, sem limitar o conte\u00fado ao p\u00fablico feminino. O foco ser\u00e1 compartilhar hist\u00f3rias inspiradoras de empres\u00e1rias, estrat\u00e9gias de gest\u00e3o, an\u00e1lises de cen\u00e1rio econ\u00f4mico, al\u00e9m de promover trocas de experi\u00eancias com conte\u00fado pr\u00e1tico e relevante para todos os ouvintes interessados no mundo dos neg\u00f3cios.<\/p>\n\n\n\n<p>Ela destaca o crescimento dos n\u00facleos de mulheres empreendedoras no Rio Grande do Sul &#8211; o n\u00famero j\u00e1 passa de 70 -, e a import\u00e2ncia desses espa\u00e7os para o fortalecimento da lideran\u00e7a feminina e desenvolvimento de habilidades de gest\u00e3o. A jornalista ressalta que o programa ser\u00e1 um espa\u00e7o aberto \u00e0 comunidade, e convida as ouvintes para trazer suas hist\u00f3rias que merecem ser contadas. <\/p>\n\n\n\n<p>Ainda, Luciana refor\u00e7a que o programa n\u00e3o ser\u00e1 exclusivo para grandes nomes do empreendedorismo, como tamb\u00e9m abrir\u00e1 os microfones para hist\u00f3rias an\u00f4nimas e empresas menores que fazem a diferen\u00e7a em suas comunidades.<\/p>\n\n\n\n<p>A primeira entrevistada do &#8220;Empreendedoras em A\u00e7\u00e3o&#8221; ser\u00e1 a gestora de uma empresa familiar, refer\u00eancia em sucess\u00e3o empresarial na regi\u00e3o e \u00e9 especializada em ambienta\u00e7\u00e3o residencial e corporativa, Andrea Freine.\u00a0<\/p>\n\n\n\n<p><\/p>\n","protected":false},"excerpt":{"rendered":"<p>O programa Espa\u00e7o Aberto desta segunda-feira (5\/8) recebeu a jornalista, professora e empres\u00e1ria, Luciana Brune, para apresentar o novo programa &#8220;Empreendedoras em A\u00e7\u00e3o&#8221;, que estreia nesta quinta-feira, das 8h \u00e0s 9h da manh\u00e3, na programa\u00e7\u00e3o da R\u00e1dio Popular. Luciana afirma que a motiva\u00e7\u00e3o do novo quadro surge da necessidade de ampliar os espa\u00e7os dedicados ao [&hellip;]<\/p>\n","protected":false},"author":773,"featured_media":191382,"comment_status":"open","ping_status":"open","sticky":false,"template":"","format":"standard","meta":{"pmpro_default_level":"","_jetpack_memberships_contains_paid_content":false,"footnotes":""},"categories":[2,10991,10993,12473],"tags":[6637,27,156],"class_list":{"0":"post-191381","1":"post","2":"type-post","3":"status-publish","4":"format-standard","5":"has-post-thumbnail","7":"category-featured","8":"category-economia","9":"category-empreender","10":"category-negocios","11":"tag-empreender","12":"tag-lajeado","13":"tag-vale-do-taquari","14":"pmpro-has-access"},"yoast_head":"<!-- This site is optimized with the Yoast SEO plugin v27.5 - https:\/\/yoast.com\/product\/yoast-seo-wordpress\/ -->\n<title>Empreendedoras em A\u00e7\u00e3o amplia espa\u00e7o feminino na economia - Folha Popular<\/title>\n<meta name=\"robots\" content=\"index, follow, max-snippet:-1, max-image-preview:large, max-video-preview:-1\" \/>\n<link rel=\"canonical\" href=\"https:\/\/folhapopular.info\/index.php\/2025\/08\/05\/empreendedoras-em-acao-amplia-espaco-feminino-na-economia\/\" \/>\n<meta property=\"og:locale\" content=\"pt_BR\" \/>\n<meta property=\"og:type\" content=\"article\" \/>\n<meta property=\"og:title\" content=\"Empreendedoras em A\u00e7\u00e3o amplia espa\u00e7o feminino na economia - Folha Popular\" \/>\n<meta property=\"og:description\" content=\"O programa Espa\u00e7o Aberto desta segunda-feira (5\/8) recebeu a jornalista, professora e empres\u00e1ria, Luciana Brune, para apresentar o novo programa &#8220;Empreendedoras em A\u00e7\u00e3o&#8221;, que estreia nesta quinta-feira, das 8h \u00e0s 9h da manh\u00e3, na programa\u00e7\u00e3o da R\u00e1dio Popular. Luciana afirma que a motiva\u00e7\u00e3o do novo quadro surge da necessidade de ampliar os espa\u00e7os dedicados ao [&hellip;]\" \/>\n<meta property=\"og:url\" content=\"https:\/\/folhapopular.info\/index.php\/2025\/08\/05\/empreendedoras-em-acao-amplia-espaco-feminino-na-economia\/\" \/>\n<meta property=\"og:site_name\" content=\"Folha Popular\" \/>\n<meta property=\"article:published_time\" content=\"2025-08-05T19:46:36+00:00\" \/>\n<meta property=\"article:modified_time\" content=\"2025-08-05T19:57:15+00:00\" \/>\n<meta property=\"og:image\" content=\"http:\/\/folhapopular.info\/wp-content\/uploads\/2025\/08\/0c358377-cf42-4e56-9410-5a6fce5429ca-scaled.jpg\" \/>\n\t<meta property=\"og:image:width\" content=\"2560\" \/>\n\t<meta property=\"og:image:height\" content=\"1920\" \/>\n\t<meta property=\"og:image:type\" content=\"image\/jpeg\" \/>\n<meta name=\"author\" content=\"Gabriely Hartmann Mallmann\" \/>\n<meta name=\"twitter:card\" content=\"summary_large_image\" \/>\n<meta name=\"twitter:label1\" content=\"Escrito por\" \/>\n\t<meta name=\"twitter:data1\" content=\"Gabriely Hartmann Mallmann\" \/>\n\t<meta name=\"twitter:label2\" content=\"Est. tempo de leitura\" \/>\n\t<meta name=\"twitter:data2\" content=\"2 minutos\" \/>\n<script type=\"application\/ld+json\" class=\"yoast-schema-graph\">{\"@context\":\"https:\\\/\\\/schema.org\",\"@graph\":[{\"@type\":\"Article\",\"@id\":\"https:\\\/\\\/folhapopular.info\\\/index.php\\\/2025\\\/08\\\/05\\\/empreendedoras-em-acao-amplia-espaco-feminino-na-economia\\\/#article\",\"isPartOf\":{\"@id\":\"https:\\\/\\\/folhapopular.info\\\/index.php\\\/2025\\\/08\\\/05\\\/empreendedoras-em-acao-amplia-espaco-feminino-na-economia\\\/\"},\"author\":{\"name\":\"Gabriely Hartmann Mallmann\",\"@id\":\"https:\\\/\\\/folhapopular.info\\\/#\\\/schema\\\/person\\\/41b3bb1ecf6e33e81cbab2c29b178754\"},\"headline\":\"Empreendedoras em A\u00e7\u00e3o amplia espa\u00e7o feminino na economia\",\"datePublished\":\"2025-08-05T19:46:36+00:00\",\"dateModified\":\"2025-08-05T19:57:15+00:00\",\"mainEntityOfPage\":{\"@id\":\"https:\\\/\\\/folhapopular.info\\\/index.php\\\/2025\\\/08\\\/05\\\/empreendedoras-em-acao-amplia-espaco-feminino-na-economia\\\/\"},\"wordCount\":273,\"commentCount\":0,\"image\":{\"@id\":\"https:\\\/\\\/folhapopular.info\\\/index.php\\\/2025\\\/08\\\/05\\\/empreendedoras-em-acao-amplia-espaco-feminino-na-economia\\\/#primaryimage\"},\"thumbnailUrl\":\"https:\\\/\\\/folhapopular.info\\\/wp-content\\\/uploads\\\/2025\\\/08\\\/0c358377-cf42-4e56-9410-5a6fce5429ca-scaled.jpg\",\"keywords\":[\"Empreender\",\"Lajeado\",\"Vale do Taquari\"],\"articleSection\":[\"Destaques\",\"Economia\",\"Empreender\",\"Neg\u00f3cios\"],\"inLanguage\":\"pt-BR\",\"potentialAction\":[{\"@type\":\"CommentAction\",\"name\":\"Comment\",\"target\":[\"https:\\\/\\\/folhapopular.info\\\/index.php\\\/2025\\\/08\\\/05\\\/empreendedoras-em-acao-amplia-espaco-feminino-na-economia\\\/#respond\"]}]},{\"@type\":\"WebPage\",\"@id\":\"https:\\\/\\\/folhapopular.info\\\/index.php\\\/2025\\\/08\\\/05\\\/empreendedoras-em-acao-amplia-espaco-feminino-na-economia\\\/\",\"url\":\"https:\\\/\\\/folhapopular.info\\\/index.php\\\/2025\\\/08\\\/05\\\/empreendedoras-em-acao-amplia-espaco-feminino-na-economia\\\/\",\"name\":\"Empreendedoras em A\u00e7\u00e3o amplia espa\u00e7o feminino na economia - Folha Popular\",\"isPartOf\":{\"@id\":\"https:\\\/\\\/folhapopular.info\\\/#website\"},\"primaryImageOfPage\":{\"@id\":\"https:\\\/\\\/folhapopular.info\\\/index.php\\\/2025\\\/08\\\/05\\\/empreendedoras-em-acao-amplia-espaco-feminino-na-economia\\\/#primaryimage\"},\"image\":{\"@id\":\"https:\\\/\\\/folhapopular.info\\\/index.php\\\/2025\\\/08\\\/05\\\/empreendedoras-em-acao-amplia-espaco-feminino-na-economia\\\/#primaryimage\"},\"thumbnailUrl\":\"https:\\\/\\\/folhapopular.info\\\/wp-content\\\/uploads\\\/2025\\\/08\\\/0c358377-cf42-4e56-9410-5a6fce5429ca-scaled.jpg\",\"datePublished\":\"2025-08-05T19:46:36+00:00\",\"dateModified\":\"2025-08-05T19:57:15+00:00\",\"author\":{\"@id\":\"https:\\\/\\\/folhapopular.info\\\/#\\\/schema\\\/person\\\/41b3bb1ecf6e33e81cbab2c29b178754\"},\"breadcrumb\":{\"@id\":\"https:\\\/\\\/folhapopular.info\\\/index.php\\\/2025\\\/08\\\/05\\\/empreendedoras-em-acao-amplia-espaco-feminino-na-economia\\\/#breadcrumb\"},\"inLanguage\":\"pt-BR\",\"potentialAction\":[{\"@type\":\"ReadAction\",\"target\":[\"https:\\\/\\\/folhapopular.info\\\/index.php\\\/2025\\\/08\\\/05\\\/empreendedoras-em-acao-amplia-espaco-feminino-na-economia\\\/\"]}]},{\"@type\":\"ImageObject\",\"inLanguage\":\"pt-BR\",\"@id\":\"https:\\\/\\\/folhapopular.info\\\/index.php\\\/2025\\\/08\\\/05\\\/empreendedoras-em-acao-amplia-espaco-feminino-na-economia\\\/#primaryimage\",\"url\":\"https:\\\/\\\/folhapopular.info\\\/wp-content\\\/uploads\\\/2025\\\/08\\\/0c358377-cf42-4e56-9410-5a6fce5429ca-scaled.jpg\",\"contentUrl\":\"https:\\\/\\\/folhapopular.info\\\/wp-content\\\/uploads\\\/2025\\\/08\\\/0c358377-cf42-4e56-9410-5a6fce5429ca-scaled.jpg\",\"width\":2560,\"height\":1920},{\"@type\":\"BreadcrumbList\",\"@id\":\"https:\\\/\\\/folhapopular.info\\\/index.php\\\/2025\\\/08\\\/05\\\/empreendedoras-em-acao-amplia-espaco-feminino-na-economia\\\/#breadcrumb\",\"itemListElement\":[{\"@type\":\"ListItem\",\"position\":1,\"name\":\"In\u00edcio\",\"item\":\"https:\\\/\\\/folhapopular.info\\\/\"},{\"@type\":\"ListItem\",\"position\":2,\"name\":\"Empreendedoras em A\u00e7\u00e3o amplia espa\u00e7o feminino na economia\"}]},{\"@type\":\"WebSite\",\"@id\":\"https:\\\/\\\/folhapopular.info\\\/#website\",\"url\":\"https:\\\/\\\/folhapopular.info\\\/\",\"name\":\"Folha Popular\",\"description\":\"Onde voc\u00ea tem vez e voz\",\"potentialAction\":[{\"@type\":\"SearchAction\",\"target\":{\"@type\":\"EntryPoint\",\"urlTemplate\":\"https:\\\/\\\/folhapopular.info\\\/?s={search_term_string}\"},\"query-input\":{\"@type\":\"PropertyValueSpecification\",\"valueRequired\":true,\"valueName\":\"search_term_string\"}}],\"inLanguage\":\"pt-BR\"},{\"@type\":\"Person\",\"@id\":\"https:\\\/\\\/folhapopular.info\\\/#\\\/schema\\\/person\\\/41b3bb1ecf6e33e81cbab2c29b178754\",\"name\":\"Gabriely Hartmann Mallmann\",\"image\":{\"@type\":\"ImageObject\",\"inLanguage\":\"pt-BR\",\"@id\":\"https:\\\/\\\/secure.gravatar.com\\\/avatar\\\/92999d30b0cc9bf49e6aa3c07c592bb06855a37dcfbdc7bbe6567a4637e999ce?s=96&d=mm&r=g\",\"url\":\"https:\\\/\\\/secure.gravatar.com\\\/avatar\\\/92999d30b0cc9bf49e6aa3c07c592bb06855a37dcfbdc7bbe6567a4637e999ce?s=96&d=mm&r=g\",\"contentUrl\":\"https:\\\/\\\/secure.gravatar.com\\\/avatar\\\/92999d30b0cc9bf49e6aa3c07c592bb06855a37dcfbdc7bbe6567a4637e999ce?s=96&d=mm&r=g\",\"caption\":\"Gabriely Hartmann Mallmann\"},\"url\":\"https:\\\/\\\/folhapopular.info\\\/index.php\\\/author\\\/gabriely-hartmann-mallmann\\\/\"}]}<\/script>\n<!-- \/ Yoast SEO plugin. -->","yoast_head_json":{"title":"Empreendedoras em A\u00e7\u00e3o amplia espa\u00e7o feminino na economia - Folha Popular","robots":{"index":"index","follow":"follow","max-snippet":"max-snippet:-1","max-image-preview":"max-image-preview:large","max-video-preview":"max-video-preview:-1"},"canonical":"https:\/\/folhapopular.info\/index.php\/2025\/08\/05\/empreendedoras-em-acao-amplia-espaco-feminino-na-economia\/","og_locale":"pt_BR","og_type":"article","og_title":"Empreendedoras em A\u00e7\u00e3o amplia espa\u00e7o feminino na economia - Folha Popular","og_description":"O programa Espa\u00e7o Aberto desta segunda-feira (5\/8) recebeu a jornalista, professora e empres\u00e1ria, Luciana Brune, para apresentar o novo programa &#8220;Empreendedoras em A\u00e7\u00e3o&#8221;, que estreia nesta quinta-feira, das 8h \u00e0s 9h da manh\u00e3, na programa\u00e7\u00e3o da R\u00e1dio Popular. Luciana afirma que a motiva\u00e7\u00e3o do novo quadro surge da necessidade de ampliar os espa\u00e7os dedicados ao [&hellip;]","og_url":"https:\/\/folhapopular.info\/index.php\/2025\/08\/05\/empreendedoras-em-acao-amplia-espaco-feminino-na-economia\/","og_site_name":"Folha Popular","article_published_time":"2025-08-05T19:46:36+00:00","article_modified_time":"2025-08-05T19:57:15+00:00","og_image":[{"width":2560,"height":1920,"url":"http:\/\/folhapopular.info\/wp-content\/uploads\/2025\/08\/0c358377-cf42-4e56-9410-5a6fce5429ca-scaled.jpg","type":"image\/jpeg"}],"author":"Gabriely Hartmann Mallmann","twitter_card":"summary_large_image","twitter_misc":{"Escrito por":"Gabriely Hartmann Mallmann","Est. tempo de leitura":"2 minutos"},"schema":{"@context":"https:\/\/schema.org","@graph":[{"@type":"Article","@id":"https:\/\/folhapopular.info\/index.php\/2025\/08\/05\/empreendedoras-em-acao-amplia-espaco-feminino-na-economia\/#article","isPartOf":{"@id":"https:\/\/folhapopular.info\/index.php\/2025\/08\/05\/empreendedoras-em-acao-amplia-espaco-feminino-na-economia\/"},"author":{"name":"Gabriely Hartmann Mallmann","@id":"https:\/\/folhapopular.info\/#\/schema\/person\/41b3bb1ecf6e33e81cbab2c29b178754"},"headline":"Empreendedoras em A\u00e7\u00e3o amplia espa\u00e7o feminino na economia","datePublished":"2025-08-05T19:46:36+00:00","dateModified":"2025-08-05T19:57:15+00:00","mainEntityOfPage":{"@id":"https:\/\/folhapopular.info\/index.php\/2025\/08\/05\/empreendedoras-em-acao-amplia-espaco-feminino-na-economia\/"},"wordCount":273,"commentCount":0,"image":{"@id":"https:\/\/folhapopular.info\/index.php\/2025\/08\/05\/empreendedoras-em-acao-amplia-espaco-feminino-na-economia\/#primaryimage"},"thumbnailUrl":"https:\/\/folhapopular.info\/wp-content\/uploads\/2025\/08\/0c358377-cf42-4e56-9410-5a6fce5429ca-scaled.jpg","keywords":["Empreender","Lajeado","Vale do Taquari"],"articleSection":["Destaques","Economia","Empreender","Neg\u00f3cios"],"inLanguage":"pt-BR","potentialAction":[{"@type":"CommentAction","name":"Comment","target":["https:\/\/folhapopular.info\/index.php\/2025\/08\/05\/empreendedoras-em-acao-amplia-espaco-feminino-na-economia\/#respond"]}]},{"@type":"WebPage","@id":"https:\/\/folhapopular.info\/index.php\/2025\/08\/05\/empreendedoras-em-acao-amplia-espaco-feminino-na-economia\/","url":"https:\/\/folhapopular.info\/index.php\/2025\/08\/05\/empreendedoras-em-acao-amplia-espaco-feminino-na-economia\/","name":"Empreendedoras em A\u00e7\u00e3o amplia espa\u00e7o feminino na economia - Folha Popular","isPartOf":{"@id":"https:\/\/folhapopular.info\/#website"},"primaryImageOfPage":{"@id":"https:\/\/folhapopular.info\/index.php\/2025\/08\/05\/empreendedoras-em-acao-amplia-espaco-feminino-na-economia\/#primaryimage"},"image":{"@id":"https:\/\/folhapopular.info\/index.php\/2025\/08\/05\/empreendedoras-em-acao-amplia-espaco-feminino-na-economia\/#primaryimage"},"thumbnailUrl":"https:\/\/folhapopular.info\/wp-content\/uploads\/2025\/08\/0c358377-cf42-4e56-9410-5a6fce5429ca-scaled.jpg","datePublished":"2025-08-05T19:46:36+00:00","dateModified":"2025-08-05T19:57:15+00:00","author":{"@id":"https:\/\/folhapopular.info\/#\/schema\/person\/41b3bb1ecf6e33e81cbab2c29b178754"},"breadcrumb":{"@id":"https:\/\/folhapopular.info\/index.php\/2025\/08\/05\/empreendedoras-em-acao-amplia-espaco-feminino-na-economia\/#breadcrumb"},"inLanguage":"pt-BR","potentialAction":[{"@type":"ReadAction","target":["https:\/\/folhapopular.info\/index.php\/2025\/08\/05\/empreendedoras-em-acao-amplia-espaco-feminino-na-economia\/"]}]},{"@type":"ImageObject","inLanguage":"pt-BR","@id":"https:\/\/folhapopular.info\/index.php\/2025\/08\/05\/empreendedoras-em-acao-amplia-espaco-feminino-na-economia\/#primaryimage","url":"https:\/\/folhapopular.info\/wp-content\/uploads\/2025\/08\/0c358377-cf42-4e56-9410-5a6fce5429ca-scaled.jpg","contentUrl":"https:\/\/folhapopular.info\/wp-content\/uploads\/2025\/08\/0c358377-cf42-4e56-9410-5a6fce5429ca-scaled.jpg","width":2560,"height":1920},{"@type":"BreadcrumbList","@id":"https:\/\/folhapopular.info\/index.php\/2025\/08\/05\/empreendedoras-em-acao-amplia-espaco-feminino-na-economia\/#breadcrumb","itemListElement":[{"@type":"ListItem","position":1,"name":"In\u00edcio","item":"https:\/\/folhapopular.info\/"},{"@type":"ListItem","position":2,"name":"Empreendedoras em A\u00e7\u00e3o amplia espa\u00e7o feminino na economia"}]},{"@type":"WebSite","@id":"https:\/\/folhapopular.info\/#website","url":"https:\/\/folhapopular.info\/","name":"Folha Popular","description":"Onde voc\u00ea tem vez e voz","potentialAction":[{"@type":"SearchAction","target":{"@type":"EntryPoint","urlTemplate":"https:\/\/folhapopular.info\/?s={search_term_string}"},"query-input":{"@type":"PropertyValueSpecification","valueRequired":true,"valueName":"search_term_string"}}],"inLanguage":"pt-BR"},{"@type":"Person","@id":"https:\/\/folhapopular.info\/#\/schema\/person\/41b3bb1ecf6e33e81cbab2c29b178754","name":"Gabriely Hartmann Mallmann","image":{"@type":"ImageObject","inLanguage":"pt-BR","@id":"https:\/\/secure.gravatar.com\/avatar\/92999d30b0cc9bf49e6aa3c07c592bb06855a37dcfbdc7bbe6567a4637e999ce?s=96&d=mm&r=g","url":"https:\/\/secure.gravatar.com\/avatar\/92999d30b0cc9bf49e6aa3c07c592bb06855a37dcfbdc7bbe6567a4637e999ce?s=96&d=mm&r=g","contentUrl":"https:\/\/secure.gravatar.com\/avatar\/92999d30b0cc9bf49e6aa3c07c592bb06855a37dcfbdc7bbe6567a4637e999ce?s=96&d=mm&r=g","caption":"Gabriely Hartmann Mallmann"},"url":"https:\/\/folhapopular.info\/index.php\/author\/gabriely-hartmann-mallmann\/"}]}},"jetpack_featured_media_url":"https:\/\/folhapopular.info\/wp-content\/uploads\/2025\/08\/0c358377-cf42-4e56-9410-5a6fce5429ca-scaled.jpg","jetpack_sharing_enabled":true,"amp_enabled":true,"_links":{"self":[{"href":"https:\/\/folhapopular.info\/index.php\/wp-json\/wp\/v2\/posts\/191381","targetHints":{"allow":["GET"]}}],"collection":[{"href":"https:\/\/folhapopular.info\/index.php\/wp-json\/wp\/v2\/posts"}],"about":[{"href":"https:\/\/folhapopular.info\/index.php\/wp-json\/wp\/v2\/types\/post"}],"author":[{"embeddable":true,"href":"https:\/\/folhapopular.info\/index.php\/wp-json\/wp\/v2\/users\/773"}],"replies":[{"embeddable":true,"href":"https:\/\/folhapopular.info\/index.php\/wp-json\/wp\/v2\/comments?post=191381"}],"version-history":[{"count":0,"href":"https:\/\/folhapopular.info\/index.php\/wp-json\/wp\/v2\/posts\/191381\/revisions"}],"wp:featuredmedia":[{"embeddable":true,"href":"https:\/\/folhapopular.info\/index.php\/wp-json\/wp\/v2\/media\/191382"}],"wp:attachment":[{"href":"https:\/\/folhapopular.info\/index.php\/wp-json\/wp\/v2\/media?parent=191381"}],"wp:term":[{"taxonomy":"category","embeddable":true,"href":"https:\/\/folhapopular.info\/index.php\/wp-json\/wp\/v2\/categories?post=191381"},{"taxonomy":"post_tag","embeddable":true,"href":"https:\/\/folhapopular.info\/index.php\/wp-json\/wp\/v2\/tags?post=191381"}],"curies":[{"name":"wp","href":"https:\/\/api.w.org\/{rel}","templated":true}]}}