{"id":191405,"date":"2025-08-06T12:00:00","date_gmt":"2025-08-06T15:00:00","guid":{"rendered":"https:\/\/folhapopular.info\/?p=191405"},"modified":"2025-08-06T08:43:40","modified_gmt":"2025-08-06T11:43:40","slug":"escritorio-central-e-pavilhao-da-languiru-sediaram-momentos-historicos-em-teutonia","status":"publish","type":"post","link":"https:\/\/folhapopular.info\/index.php\/2025\/08\/06\/escritorio-central-e-pavilhao-da-languiru-sediaram-momentos-historicos-em-teutonia\/","title":{"rendered":"Escrit\u00f3rio Central e Pavilh\u00e3o da Languiru sediaram momentos hist\u00f3ricos em Teut\u00f4nia"},"content":{"rendered":"<p>A demoli\u00e7\u00e3o do pr\u00e9dio que abrigou por d\u00e9cadas o Escrit\u00f3rio Central da Languiru, em Teut\u00f4nia, e do antigo pavilh\u00e3o multiuso da cooperativa, representa mais do que a remo\u00e7\u00e3o de estruturas f\u00edsicas. Significa tamb\u00e9m encerramento simb\u00f3lico de um ciclo de protagonismo cooperativo e comunit\u00e1rio que moldou parte significativa da identidade da cidade. A transforma\u00e7\u00e3o do terreno&#8230; <\/p>\n<div class=\"pmpro\">\n<div class=\"pmpro_card pmpro_content_message\">\n<div class=\"pmpro_card_content\">Este conte\u00fado \u00e9 apenas para associados Grupo Popular &#8211; Conte\u00fado Total Anual e Grupo Popular &#8211; Conte\u00fado Total Mensal. <br \/><a href=\"https:\/\/folhapopular.info\/wp-login.php?action=register\">Cadastre-se<\/a><\/div>\n<div class=\"pmpro_card_actions pmpro_font-medium\">J\u00e1 se associou? <a href=\"https:\/\/folhapopular.info\/wp-login.php?redirect_to=https%3A%2F%2Ffolhapopular.info%2Findex.php%2F2025%2F08%2F06%2Fescritorio-central-e-pavilhao-da-languiru-sediaram-momentos-historicos-em-teutonia%2F\">Acesse aqui<\/a><\/div>\n<\/div>\n<\/div>\n","protected":false},"excerpt":{"rendered":"<p>A demoli\u00e7\u00e3o do pr\u00e9dio que abrigou por d\u00e9cadas o Escrit\u00f3rio Central da Languiru, em Teut\u00f4nia, e do antigo pavilh\u00e3o multiuso da cooperativa, representa mais do que a remo\u00e7\u00e3o de estruturas f\u00edsicas. Significa tamb\u00e9m encerramento simb\u00f3lico de um ciclo de protagonismo cooperativo e comunit\u00e1rio que moldou parte significativa da identidade da cidade. A transforma\u00e7\u00e3o do terreno... <\/p>\n<div class=\"pmpro\"><div class=\"pmpro_card pmpro_content_message\"><div class=\"pmpro_card_content\">Este conte\u00fado \u00e9 apenas para associados Grupo Popular - Conte\u00fado Total Anual e Grupo Popular - Conte\u00fado Total Mensal. <br \/><a href=\"https:\/\/folhapopular.info\/wp-login.php?action=register\">Cadastre-se<\/a><\/div><div class=\"pmpro_card_actions pmpro_font-medium\">J\u00e1 se associou? <a href=\"https:\/\/folhapopular.info\/wp-login.php?redirect_to=https%3A%2F%2Ffolhapopular.info%2Findex.php%2F2025%2F08%2F06%2Fescritorio-central-e-pavilhao-da-languiru-sediaram-momentos-historicos-em-teutonia%2F\">Acesse aqui<\/a><\/div><\/div><\/div>","protected":false},"author":771,"featured_media":191406,"comment_status":"open","ping_status":"open","sticky":false,"template":"","format":"standard","meta":{"pmpro_default_level":"","_jetpack_memberships_contains_paid_content":false,"footnotes":""},"categories":[11078,5990,2,10991],"tags":[19115,406,19116,26],"class_list":{"0":"post-191405","1":"post","2":"type-post","3":"status-publish","4":"format-standard","5":"has-post-thumbnail","7":"category-assinantes","8":"category-conteudo-exclusivo","9":"category-featured","10":"category-economia","11":"tag-escritorio-central","12":"tag-languiru","13":"tag-pavilhao","14":"tag-teutonia","15":"pmpro-level-required","16":"pmpro-level-2","17":"pmpro-level-4","18":"pmpro-level-5","19":"pmpro-no-access"},"yoast_head":"<!-- This site is optimized with the Yoast SEO plugin v27.4 - https:\/\/yoast.com\/product\/yoast-seo-wordpress\/ -->\n<title>Escrit\u00f3rio Central e Pavilh\u00e3o da Languiru sediaram momentos hist\u00f3ricos em Teut\u00f4nia - Folha Popular<\/title>\n<meta name=\"robots\" content=\"index, follow, max-snippet:-1, max-image-preview:large, max-video-preview:-1\" \/>\n<link rel=\"canonical\" href=\"https:\/\/folhapopular.info\/index.php\/2025\/08\/06\/escritorio-central-e-pavilhao-da-languiru-sediaram-momentos-historicos-em-teutonia\/\" \/>\n<meta property=\"og:locale\" content=\"pt_BR\" \/>\n<meta property=\"og:type\" content=\"article\" \/>\n<meta property=\"og:title\" content=\"Escrit\u00f3rio Central e Pavilh\u00e3o da Languiru sediaram momentos hist\u00f3ricos em Teut\u00f4nia - Folha Popular\" \/>\n<meta property=\"og:description\" content=\"A demoli\u00e7\u00e3o do pr\u00e9dio que abrigou por d\u00e9cadas o Escrit\u00f3rio Central da Languiru, em Teut\u00f4nia, e do antigo pavilh\u00e3o multiuso da cooperativa, representa mais do que a remo\u00e7\u00e3o de estruturas f\u00edsicas. Significa tamb\u00e9m encerramento simb\u00f3lico de um ciclo de protagonismo cooperativo e comunit\u00e1rio que moldou parte significativa da identidade da cidade. A transforma\u00e7\u00e3o do terreno [&hellip;]\" \/>\n<meta property=\"og:url\" content=\"https:\/\/folhapopular.info\/index.php\/2025\/08\/06\/escritorio-central-e-pavilhao-da-languiru-sediaram-momentos-historicos-em-teutonia\/\" \/>\n<meta property=\"og:site_name\" content=\"Folha Popular\" \/>\n<meta property=\"article:published_time\" content=\"2025-08-06T15:00:00+00:00\" \/>\n<meta property=\"og:image\" content=\"https:\/\/folhapopular.info\/wp-content\/uploads\/2025\/08\/WhatsApp-Image-2025-08-05-at-16.53.48-1-scaled.jpeg\" \/>\n\t<meta property=\"og:image:width\" content=\"2560\" \/>\n\t<meta property=\"og:image:height\" content=\"1920\" \/>\n\t<meta property=\"og:image:type\" content=\"image\/jpeg\" \/>\n<meta name=\"author\" content=\"Thiago Maurique\" \/>\n<meta name=\"twitter:card\" content=\"summary_large_image\" \/>\n<meta name=\"twitter:label1\" content=\"Escrito por\" \/>\n\t<meta name=\"twitter:data1\" content=\"Thiago Maurique\" \/>\n\t<meta name=\"twitter:label2\" content=\"Est. tempo de leitura\" \/>\n\t<meta name=\"twitter:data2\" content=\"5 minutos\" \/>\n<script type=\"application\/ld+json\" class=\"yoast-schema-graph\">{\"@context\":\"https:\\\/\\\/schema.org\",\"@graph\":[{\"@type\":\"Article\",\"@id\":\"https:\\\/\\\/folhapopular.info\\\/index.php\\\/2025\\\/08\\\/06\\\/escritorio-central-e-pavilhao-da-languiru-sediaram-momentos-historicos-em-teutonia\\\/#article\",\"isPartOf\":{\"@id\":\"https:\\\/\\\/folhapopular.info\\\/index.php\\\/2025\\\/08\\\/06\\\/escritorio-central-e-pavilhao-da-languiru-sediaram-momentos-historicos-em-teutonia\\\/\"},\"author\":{\"name\":\"Thiago Maurique\",\"@id\":\"https:\\\/\\\/folhapopular.info\\\/#\\\/schema\\\/person\\\/da0b2794f793376cb5dd908e88ca6911\"},\"headline\":\"Escrit\u00f3rio Central e Pavilh\u00e3o da Languiru sediaram momentos hist\u00f3ricos em Teut\u00f4nia\",\"datePublished\":\"2025-08-06T15:00:00+00:00\",\"mainEntityOfPage\":{\"@id\":\"https:\\\/\\\/folhapopular.info\\\/index.php\\\/2025\\\/08\\\/06\\\/escritorio-central-e-pavilhao-da-languiru-sediaram-momentos-historicos-em-teutonia\\\/\"},\"wordCount\":818,\"commentCount\":0,\"image\":{\"@id\":\"https:\\\/\\\/folhapopular.info\\\/index.php\\\/2025\\\/08\\\/06\\\/escritorio-central-e-pavilhao-da-languiru-sediaram-momentos-historicos-em-teutonia\\\/#primaryimage\"},\"thumbnailUrl\":\"https:\\\/\\\/folhapopular.info\\\/wp-content\\\/uploads\\\/2025\\\/08\\\/WhatsApp-Image-2025-08-05-at-16.53.48-1-scaled.jpeg\",\"keywords\":[\"Escrit\u00f3rio Central\",\"Languiru\",\"Pavilh\u00e3o\",\"Teut\u00f4nia\"],\"articleSection\":[\"Assinantes\",\"Conte\u00fado Exclusivo\",\"Destaques\",\"Economia\"],\"inLanguage\":\"pt-BR\",\"potentialAction\":[{\"@type\":\"CommentAction\",\"name\":\"Comment\",\"target\":[\"https:\\\/\\\/folhapopular.info\\\/index.php\\\/2025\\\/08\\\/06\\\/escritorio-central-e-pavilhao-da-languiru-sediaram-momentos-historicos-em-teutonia\\\/#respond\"]}]},{\"@type\":\"WebPage\",\"@id\":\"https:\\\/\\\/folhapopular.info\\\/index.php\\\/2025\\\/08\\\/06\\\/escritorio-central-e-pavilhao-da-languiru-sediaram-momentos-historicos-em-teutonia\\\/\",\"url\":\"https:\\\/\\\/folhapopular.info\\\/index.php\\\/2025\\\/08\\\/06\\\/escritorio-central-e-pavilhao-da-languiru-sediaram-momentos-historicos-em-teutonia\\\/\",\"name\":\"Escrit\u00f3rio Central e Pavilh\u00e3o da Languiru sediaram momentos hist\u00f3ricos em Teut\u00f4nia - Folha Popular\",\"isPartOf\":{\"@id\":\"https:\\\/\\\/folhapopular.info\\\/#website\"},\"primaryImageOfPage\":{\"@id\":\"https:\\\/\\\/folhapopular.info\\\/index.php\\\/2025\\\/08\\\/06\\\/escritorio-central-e-pavilhao-da-languiru-sediaram-momentos-historicos-em-teutonia\\\/#primaryimage\"},\"image\":{\"@id\":\"https:\\\/\\\/folhapopular.info\\\/index.php\\\/2025\\\/08\\\/06\\\/escritorio-central-e-pavilhao-da-languiru-sediaram-momentos-historicos-em-teutonia\\\/#primaryimage\"},\"thumbnailUrl\":\"https:\\\/\\\/folhapopular.info\\\/wp-content\\\/uploads\\\/2025\\\/08\\\/WhatsApp-Image-2025-08-05-at-16.53.48-1-scaled.jpeg\",\"datePublished\":\"2025-08-06T15:00:00+00:00\",\"author\":{\"@id\":\"https:\\\/\\\/folhapopular.info\\\/#\\\/schema\\\/person\\\/da0b2794f793376cb5dd908e88ca6911\"},\"breadcrumb\":{\"@id\":\"https:\\\/\\\/folhapopular.info\\\/index.php\\\/2025\\\/08\\\/06\\\/escritorio-central-e-pavilhao-da-languiru-sediaram-momentos-historicos-em-teutonia\\\/#breadcrumb\"},\"inLanguage\":\"pt-BR\",\"potentialAction\":[{\"@type\":\"ReadAction\",\"target\":[\"https:\\\/\\\/folhapopular.info\\\/index.php\\\/2025\\\/08\\\/06\\\/escritorio-central-e-pavilhao-da-languiru-sediaram-momentos-historicos-em-teutonia\\\/\"]}]},{\"@type\":\"ImageObject\",\"inLanguage\":\"pt-BR\",\"@id\":\"https:\\\/\\\/folhapopular.info\\\/index.php\\\/2025\\\/08\\\/06\\\/escritorio-central-e-pavilhao-da-languiru-sediaram-momentos-historicos-em-teutonia\\\/#primaryimage\",\"url\":\"https:\\\/\\\/folhapopular.info\\\/wp-content\\\/uploads\\\/2025\\\/08\\\/WhatsApp-Image-2025-08-05-at-16.53.48-1-scaled.jpeg\",\"contentUrl\":\"https:\\\/\\\/folhapopular.info\\\/wp-content\\\/uploads\\\/2025\\\/08\\\/WhatsApp-Image-2025-08-05-at-16.53.48-1-scaled.jpeg\",\"width\":2560,\"height\":1920,\"caption\":\"Local que sediou momentos hist\u00f3ricos como a visita do ex-presidente Ernesto Geisel hoje est\u00e1 reduzido a escombros - Cr\u00e9dito: Thiago Maurique\"},{\"@type\":\"BreadcrumbList\",\"@id\":\"https:\\\/\\\/folhapopular.info\\\/index.php\\\/2025\\\/08\\\/06\\\/escritorio-central-e-pavilhao-da-languiru-sediaram-momentos-historicos-em-teutonia\\\/#breadcrumb\",\"itemListElement\":[{\"@type\":\"ListItem\",\"position\":1,\"name\":\"In\u00edcio\",\"item\":\"https:\\\/\\\/folhapopular.info\\\/\"},{\"@type\":\"ListItem\",\"position\":2,\"name\":\"Escrit\u00f3rio Central e Pavilh\u00e3o da Languiru sediaram momentos hist\u00f3ricos em Teut\u00f4nia\"}]},{\"@type\":\"WebSite\",\"@id\":\"https:\\\/\\\/folhapopular.info\\\/#website\",\"url\":\"https:\\\/\\\/folhapopular.info\\\/\",\"name\":\"Folha Popular\",\"description\":\"Onde voc\u00ea tem vez e voz\",\"potentialAction\":[{\"@type\":\"SearchAction\",\"target\":{\"@type\":\"EntryPoint\",\"urlTemplate\":\"https:\\\/\\\/folhapopular.info\\\/?s={search_term_string}\"},\"query-input\":{\"@type\":\"PropertyValueSpecification\",\"valueRequired\":true,\"valueName\":\"search_term_string\"}}],\"inLanguage\":\"pt-BR\"},{\"@type\":\"Person\",\"@id\":\"https:\\\/\\\/folhapopular.info\\\/#\\\/schema\\\/person\\\/da0b2794f793376cb5dd908e88ca6911\",\"name\":\"Thiago Maurique\",\"image\":{\"@type\":\"ImageObject\",\"inLanguage\":\"pt-BR\",\"@id\":\"https:\\\/\\\/folhapopular.info\\\/wp-content\\\/uploads\\\/2026\\\/04\\\/THIAGO-MAURIQUE-1-1.webp\",\"url\":\"https:\\\/\\\/folhapopular.info\\\/wp-content\\\/uploads\\\/2026\\\/04\\\/THIAGO-MAURIQUE-1-1.webp\",\"contentUrl\":\"https:\\\/\\\/folhapopular.info\\\/wp-content\\\/uploads\\\/2026\\\/04\\\/THIAGO-MAURIQUE-1-1.webp\",\"caption\":\"Thiago Maurique\"},\"url\":\"https:\\\/\\\/folhapopular.info\\\/index.php\\\/author\\\/thiago-maurique\\\/\"}]}<\/script>\n<!-- \/ Yoast SEO plugin. -->","yoast_head_json":{"title":"Escrit\u00f3rio Central e Pavilh\u00e3o da Languiru sediaram momentos hist\u00f3ricos em Teut\u00f4nia - Folha Popular","robots":{"index":"index","follow":"follow","max-snippet":"max-snippet:-1","max-image-preview":"max-image-preview:large","max-video-preview":"max-video-preview:-1"},"canonical":"https:\/\/folhapopular.info\/index.php\/2025\/08\/06\/escritorio-central-e-pavilhao-da-languiru-sediaram-momentos-historicos-em-teutonia\/","og_locale":"pt_BR","og_type":"article","og_title":"Escrit\u00f3rio Central e Pavilh\u00e3o da Languiru sediaram momentos hist\u00f3ricos em Teut\u00f4nia - Folha Popular","og_description":"A demoli\u00e7\u00e3o do pr\u00e9dio que abrigou por d\u00e9cadas o Escrit\u00f3rio Central da Languiru, em Teut\u00f4nia, e do antigo pavilh\u00e3o multiuso da cooperativa, representa mais do que a remo\u00e7\u00e3o de estruturas f\u00edsicas. Significa tamb\u00e9m encerramento simb\u00f3lico de um ciclo de protagonismo cooperativo e comunit\u00e1rio que moldou parte significativa da identidade da cidade. A transforma\u00e7\u00e3o do terreno [&hellip;]","og_url":"https:\/\/folhapopular.info\/index.php\/2025\/08\/06\/escritorio-central-e-pavilhao-da-languiru-sediaram-momentos-historicos-em-teutonia\/","og_site_name":"Folha Popular","article_published_time":"2025-08-06T15:00:00+00:00","og_image":[{"width":2560,"height":1920,"url":"https:\/\/folhapopular.info\/wp-content\/uploads\/2025\/08\/WhatsApp-Image-2025-08-05-at-16.53.48-1-scaled.jpeg","type":"image\/jpeg"}],"author":"Thiago Maurique","twitter_card":"summary_large_image","twitter_misc":{"Escrito por":"Thiago Maurique","Est. tempo de leitura":"5 minutos"},"schema":{"@context":"https:\/\/schema.org","@graph":[{"@type":"Article","@id":"https:\/\/folhapopular.info\/index.php\/2025\/08\/06\/escritorio-central-e-pavilhao-da-languiru-sediaram-momentos-historicos-em-teutonia\/#article","isPartOf":{"@id":"https:\/\/folhapopular.info\/index.php\/2025\/08\/06\/escritorio-central-e-pavilhao-da-languiru-sediaram-momentos-historicos-em-teutonia\/"},"author":{"name":"Thiago Maurique","@id":"https:\/\/folhapopular.info\/#\/schema\/person\/da0b2794f793376cb5dd908e88ca6911"},"headline":"Escrit\u00f3rio Central e Pavilh\u00e3o da Languiru sediaram momentos hist\u00f3ricos em Teut\u00f4nia","datePublished":"2025-08-06T15:00:00+00:00","mainEntityOfPage":{"@id":"https:\/\/folhapopular.info\/index.php\/2025\/08\/06\/escritorio-central-e-pavilhao-da-languiru-sediaram-momentos-historicos-em-teutonia\/"},"wordCount":818,"commentCount":0,"image":{"@id":"https:\/\/folhapopular.info\/index.php\/2025\/08\/06\/escritorio-central-e-pavilhao-da-languiru-sediaram-momentos-historicos-em-teutonia\/#primaryimage"},"thumbnailUrl":"https:\/\/folhapopular.info\/wp-content\/uploads\/2025\/08\/WhatsApp-Image-2025-08-05-at-16.53.48-1-scaled.jpeg","keywords":["Escrit\u00f3rio Central","Languiru","Pavilh\u00e3o","Teut\u00f4nia"],"articleSection":["Assinantes","Conte\u00fado Exclusivo","Destaques","Economia"],"inLanguage":"pt-BR","potentialAction":[{"@type":"CommentAction","name":"Comment","target":["https:\/\/folhapopular.info\/index.php\/2025\/08\/06\/escritorio-central-e-pavilhao-da-languiru-sediaram-momentos-historicos-em-teutonia\/#respond"]}]},{"@type":"WebPage","@id":"https:\/\/folhapopular.info\/index.php\/2025\/08\/06\/escritorio-central-e-pavilhao-da-languiru-sediaram-momentos-historicos-em-teutonia\/","url":"https:\/\/folhapopular.info\/index.php\/2025\/08\/06\/escritorio-central-e-pavilhao-da-languiru-sediaram-momentos-historicos-em-teutonia\/","name":"Escrit\u00f3rio Central e Pavilh\u00e3o da Languiru sediaram momentos hist\u00f3ricos em Teut\u00f4nia - Folha Popular","isPartOf":{"@id":"https:\/\/folhapopular.info\/#website"},"primaryImageOfPage":{"@id":"https:\/\/folhapopular.info\/index.php\/2025\/08\/06\/escritorio-central-e-pavilhao-da-languiru-sediaram-momentos-historicos-em-teutonia\/#primaryimage"},"image":{"@id":"https:\/\/folhapopular.info\/index.php\/2025\/08\/06\/escritorio-central-e-pavilhao-da-languiru-sediaram-momentos-historicos-em-teutonia\/#primaryimage"},"thumbnailUrl":"https:\/\/folhapopular.info\/wp-content\/uploads\/2025\/08\/WhatsApp-Image-2025-08-05-at-16.53.48-1-scaled.jpeg","datePublished":"2025-08-06T15:00:00+00:00","author":{"@id":"https:\/\/folhapopular.info\/#\/schema\/person\/da0b2794f793376cb5dd908e88ca6911"},"breadcrumb":{"@id":"https:\/\/folhapopular.info\/index.php\/2025\/08\/06\/escritorio-central-e-pavilhao-da-languiru-sediaram-momentos-historicos-em-teutonia\/#breadcrumb"},"inLanguage":"pt-BR","potentialAction":[{"@type":"ReadAction","target":["https:\/\/folhapopular.info\/index.php\/2025\/08\/06\/escritorio-central-e-pavilhao-da-languiru-sediaram-momentos-historicos-em-teutonia\/"]}]},{"@type":"ImageObject","inLanguage":"pt-BR","@id":"https:\/\/folhapopular.info\/index.php\/2025\/08\/06\/escritorio-central-e-pavilhao-da-languiru-sediaram-momentos-historicos-em-teutonia\/#primaryimage","url":"https:\/\/folhapopular.info\/wp-content\/uploads\/2025\/08\/WhatsApp-Image-2025-08-05-at-16.53.48-1-scaled.jpeg","contentUrl":"https:\/\/folhapopular.info\/wp-content\/uploads\/2025\/08\/WhatsApp-Image-2025-08-05-at-16.53.48-1-scaled.jpeg","width":2560,"height":1920,"caption":"Local que sediou momentos hist\u00f3ricos como a visita do ex-presidente Ernesto Geisel hoje est\u00e1 reduzido a escombros - Cr\u00e9dito: Thiago Maurique"},{"@type":"BreadcrumbList","@id":"https:\/\/folhapopular.info\/index.php\/2025\/08\/06\/escritorio-central-e-pavilhao-da-languiru-sediaram-momentos-historicos-em-teutonia\/#breadcrumb","itemListElement":[{"@type":"ListItem","position":1,"name":"In\u00edcio","item":"https:\/\/folhapopular.info\/"},{"@type":"ListItem","position":2,"name":"Escrit\u00f3rio Central e Pavilh\u00e3o da Languiru sediaram momentos hist\u00f3ricos em Teut\u00f4nia"}]},{"@type":"WebSite","@id":"https:\/\/folhapopular.info\/#website","url":"https:\/\/folhapopular.info\/","name":"Folha Popular","description":"Onde voc\u00ea tem vez e voz","potentialAction":[{"@type":"SearchAction","target":{"@type":"EntryPoint","urlTemplate":"https:\/\/folhapopular.info\/?s={search_term_string}"},"query-input":{"@type":"PropertyValueSpecification","valueRequired":true,"valueName":"search_term_string"}}],"inLanguage":"pt-BR"},{"@type":"Person","@id":"https:\/\/folhapopular.info\/#\/schema\/person\/da0b2794f793376cb5dd908e88ca6911","name":"Thiago Maurique","image":{"@type":"ImageObject","inLanguage":"pt-BR","@id":"https:\/\/folhapopular.info\/wp-content\/uploads\/2026\/04\/THIAGO-MAURIQUE-1-1.webp","url":"https:\/\/folhapopular.info\/wp-content\/uploads\/2026\/04\/THIAGO-MAURIQUE-1-1.webp","contentUrl":"https:\/\/folhapopular.info\/wp-content\/uploads\/2026\/04\/THIAGO-MAURIQUE-1-1.webp","caption":"Thiago Maurique"},"url":"https:\/\/folhapopular.info\/index.php\/author\/thiago-maurique\/"}]}},"jetpack_featured_media_url":"https:\/\/folhapopular.info\/wp-content\/uploads\/2025\/08\/WhatsApp-Image-2025-08-05-at-16.53.48-1-scaled.jpeg","jetpack_sharing_enabled":true,"amp_enabled":true,"_links":{"self":[{"href":"https:\/\/folhapopular.info\/index.php\/wp-json\/wp\/v2\/posts\/191405","targetHints":{"allow":["GET"]}}],"collection":[{"href":"https:\/\/folhapopular.info\/index.php\/wp-json\/wp\/v2\/posts"}],"about":[{"href":"https:\/\/folhapopular.info\/index.php\/wp-json\/wp\/v2\/types\/post"}],"author":[{"embeddable":true,"href":"https:\/\/folhapopular.info\/index.php\/wp-json\/wp\/v2\/users\/771"}],"replies":[{"embeddable":true,"href":"https:\/\/folhapopular.info\/index.php\/wp-json\/wp\/v2\/comments?post=191405"}],"version-history":[{"count":0,"href":"https:\/\/folhapopular.info\/index.php\/wp-json\/wp\/v2\/posts\/191405\/revisions"}],"wp:featuredmedia":[{"embeddable":true,"href":"https:\/\/folhapopular.info\/index.php\/wp-json\/wp\/v2\/media\/191406"}],"wp:attachment":[{"href":"https:\/\/folhapopular.info\/index.php\/wp-json\/wp\/v2\/media?parent=191405"}],"wp:term":[{"taxonomy":"category","embeddable":true,"href":"https:\/\/folhapopular.info\/index.php\/wp-json\/wp\/v2\/categories?post=191405"},{"taxonomy":"post_tag","embeddable":true,"href":"https:\/\/folhapopular.info\/index.php\/wp-json\/wp\/v2\/tags?post=191405"}],"curies":[{"name":"wp","href":"https:\/\/api.w.org\/{rel}","templated":true}]}}