{"id":191413,"date":"2025-08-06T14:00:00","date_gmt":"2025-08-06T17:00:00","guid":{"rendered":"https:\/\/folhapopular.info\/?p=191413"},"modified":"2025-08-06T08:58:43","modified_gmt":"2025-08-06T11:58:43","slug":"aquibom-tera-show-da-familia-em-bom-retiro-do-sul","status":"publish","type":"post","link":"https:\/\/folhapopular.info\/index.php\/2025\/08\/06\/aquibom-tera-show-da-familia-em-bom-retiro-do-sul\/","title":{"rendered":"AquiBom ter\u00e1 Show da Fam\u00edlia em Bom Retiro do Sul"},"content":{"rendered":"\n<p>Bom Retiro do Sul sediar\u00e1 a 1\u00aa edi\u00e7\u00e3o da AquiBom \u2013 Feira Estadual de Aquicultura, entre os dias 7 a 9 de novembro deste ano. Uma das atra\u00e7\u00f5es ser\u00e1 o tradicional Show da Fam\u00edlia do Grupo Popular, com grupos musicais para todos os gostos no palco principal. Ser\u00e1 no domingo (9\/11), das 13h30 \u00e0s 18h30. O an\u00fancio das primeiras atra\u00e7\u00f5es do Show da Fam\u00edlia est\u00e1 previsto para a reestreia do programa Faixa 4 da R\u00e1dio Popular, hoje, \u00e0s 16h.<\/p>\n\n\n\n<p>A organiza\u00e7\u00e3o projeta 200 expositores de diferentes segmentos, dos quais 60 somente da cidade de Bom Retiro do Sul. Pra\u00e7a de alimenta\u00e7\u00e3o, agroind\u00fastrias e empresas do segmento da piscicultura tamb\u00e9m marcar\u00e3o presen\u00e7a. A mobiliza\u00e7\u00e3o \u00e9 intensa com a prepara\u00e7\u00e3o de todo espa\u00e7o f\u00edsico. Os acessos ser\u00e3o organizados para melhor fluxo e haver\u00e1 estacionamento para mais de 3 mil ve\u00edculos.<\/p>\n\n\n\n<p>Durante os tr\u00eas dias, o p\u00fablico poder\u00e1 acompanhar palestras t\u00e9cnicas com especialistas, visitar 20 agroind\u00fastrias familiares, conferir expositores de produtos coloniais e artesanato local, al\u00e9m de saborear pratos elaborados no espa\u00e7o gastron\u00f4mico \u00e0 base de peixe. E o Dia Estadual do Peixe tamb\u00e9m marcar\u00e1 o evento in\u00e9dito. Shows na sexta-feira, no s\u00e1bado e o domingo (Show da Fam\u00edlia) servir\u00e3o de lazer para a comunidade bonretirense e regional.<\/p>\n\n\n\n<p>Por isso, a AquiBom promete movimentar o setor produtivo, tur\u00edstico e cultural do Vale do Taquari e do Rio Grande do Sul. A feira ser\u00e1 realizada no Recanto Novo Para\u00edso, propriedade modelo com tanques de piscicultura em funcionamento, frigor\u00edfico de abate de peixes e estrutura adequada para receber expositores, palestrantes e p\u00fablico em geral.<\/p>\n\n\n\n<p>A iniciativa \u00e9 organizada pelo IFDE \u2013 Instituto de Forma\u00e7\u00e3o e Desenvolvimento Educacional, com apoio de entidades p\u00fablicas e privadas, e surge para consolidar um espa\u00e7o permanente de troca de experi\u00eancias, neg\u00f3cios e promo\u00e7\u00e3o da cadeia da aquicultura no estado. A programa\u00e7\u00e3o une conhecimento t\u00e9cnico, gastronomia, cultura e neg\u00f3cios.<\/p>\n\n\n\n<p>A AQUIBOM est\u00e1 aberta \u00e0 participa\u00e7\u00e3o de empresas, cooperativas, institui\u00e7\u00f5es de ensino, produtores, extensionistas, t\u00e9cnicos e p\u00fablico em geral. Para quem deseja expor ou apoiar o evento, h\u00e1 diversas modalidades de participa\u00e7\u00e3o, com destaque de marca e integra\u00e7\u00e3o com um p\u00fablico altamente qualificado.<\/p>\n\n\n\n<h2 class=\"wp-block-heading\"><strong>Participe <\/strong><\/h2>\n\n\n\n<p>Mais informa\u00e7\u00f5es sobre espa\u00e7os, cotas de patroc\u00ednio e programa\u00e7\u00e3o<\/p>\n\n\n\n<p>WhatsApp (51) 99826-3948.<\/p>\n\n\n\n<h2 class=\"wp-block-heading\"><strong>ECONOMIA<\/strong><\/h2>\n\n\n\n<p>A cidade abriga a sede do IFDE e \u00e9 ber\u00e7o do Movimento Pesqueiro do Vale, refer\u00eancia no est\u00edmulo \u00e0 piscicultura familiar. Al\u00e9m disso, a regi\u00e3o \u00e9 estrat\u00e9gica pela concentra\u00e7\u00e3o de produtores e investimentos em sistemas de produ\u00e7\u00e3o sustent\u00e1vel.<\/p>\n\n\n\n<p>Segundo o diretor geral do IFDE, Mauro Hauschild, o evento busca impulsionar a piscicultura com uma abordagem pr\u00e1tica e inovadora. \u201cQueremos mostrar que o peixe \u00e9 vi\u00e1vel, rent\u00e1vel e pode ser o carro-chefe da agricultura familiar\u201d, destaca.<\/p>\n\n\n\n<p>A estrutura do Recanto Novo Para\u00edso tamb\u00e9m permitir\u00e1 experi\u00eancias pr\u00e1ticas, com tanques de piscicultura ativos e frigor\u00edfico de abate, tornando a feira um ambiente funcional para neg\u00f3cios, aprendizado e troca de conhecimento. A programa\u00e7\u00e3o inclui ainda atra\u00e7\u00f5es culturais di\u00e1rias, com destaque para um show nacional no s\u00e1bado.<\/p>\n\n\n\n<p>Um dos destaques \u00e9 a realiza\u00e7\u00e3o do 7\u00ba Dia Estadual do Peixe, promovido pelo Governo do RS e EMATER, que acontecer\u00e1 simultaneamente \u00e0 feira e reunir\u00e1 mais de 500 aproximadamente 500 participantes, entre, produtores, piscicultores, t\u00e9cnicos, governo, empresas especialistas e extensionistas da EMATER em um momento de troca de conhecimento e fortalecimento da cadeia produtiva.<\/p>\n","protected":false},"excerpt":{"rendered":"<p>Bom Retiro do Sul sediar\u00e1 a 1\u00aa edi\u00e7\u00e3o da AquiBom \u2013 Feira Estadual de Aquicultura, entre os dias 7 a 9 de novembro deste ano. Uma das atra\u00e7\u00f5es ser\u00e1 o tradicional Show da Fam\u00edlia do Grupo Popular, com grupos musicais para todos os gostos no palco principal. Ser\u00e1 no domingo (9\/11), das 13h30 \u00e0s 18h30. [&hellip;]<\/p>\n","protected":false},"author":8,"featured_media":191414,"comment_status":"open","ping_status":"open","sticky":false,"template":"","format":"standard","meta":{"pmpro_default_level":"","_jetpack_memberships_contains_paid_content":false,"footnotes":""},"categories":[2,10991],"tags":[17376,146,19119,2422],"class_list":{"0":"post-191413","1":"post","2":"type-post","3":"status-publish","4":"format-standard","5":"has-post-thumbnail","7":"category-featured","8":"category-economia","9":"tag-aquibom","10":"tag-bom-retiro-do-sul","11":"tag-feira-estadual-de-aquicultura","12":"tag-show-da-familia","13":"pmpro-has-access"},"yoast_head":"<!-- This site is optimized with the Yoast SEO plugin v27.5 - https:\/\/yoast.com\/product\/yoast-seo-wordpress\/ -->\n<title>AquiBom ter\u00e1 Show da Fam\u00edlia em Bom Retiro do Sul - Folha Popular<\/title>\n<meta name=\"robots\" content=\"index, follow, max-snippet:-1, max-image-preview:large, max-video-preview:-1\" \/>\n<link rel=\"canonical\" href=\"https:\/\/folhapopular.info\/index.php\/2025\/08\/06\/aquibom-tera-show-da-familia-em-bom-retiro-do-sul\/\" \/>\n<meta property=\"og:locale\" content=\"pt_BR\" \/>\n<meta property=\"og:type\" content=\"article\" \/>\n<meta property=\"og:title\" content=\"AquiBom ter\u00e1 Show da Fam\u00edlia em Bom Retiro do Sul - Folha Popular\" \/>\n<meta property=\"og:description\" content=\"Bom Retiro do Sul sediar\u00e1 a 1\u00aa edi\u00e7\u00e3o da AquiBom \u2013 Feira Estadual de Aquicultura, entre os dias 7 a 9 de novembro deste ano. Uma das atra\u00e7\u00f5es ser\u00e1 o tradicional Show da Fam\u00edlia do Grupo Popular, com grupos musicais para todos os gostos no palco principal. Ser\u00e1 no domingo (9\/11), das 13h30 \u00e0s 18h30. [&hellip;]\" \/>\n<meta property=\"og:url\" content=\"https:\/\/folhapopular.info\/index.php\/2025\/08\/06\/aquibom-tera-show-da-familia-em-bom-retiro-do-sul\/\" \/>\n<meta property=\"og:site_name\" content=\"Folha Popular\" \/>\n<meta property=\"article:published_time\" content=\"2025-08-06T17:00:00+00:00\" \/>\n<meta property=\"og:image\" content=\"https:\/\/folhapopular.info\/wp-content\/uploads\/2025\/08\/Show-da-Familia-Imigrante-2025_Carla-Beckmann_Prefeitura-de-Imigrante-scaled.jpg\" \/>\n\t<meta property=\"og:image:width\" content=\"2560\" \/>\n\t<meta property=\"og:image:height\" content=\"1707\" \/>\n\t<meta property=\"og:image:type\" content=\"image\/jpeg\" \/>\n<meta name=\"author\" content=\"Reda\u00e7\u00e3o Folha Popular\" \/>\n<meta name=\"twitter:card\" content=\"summary_large_image\" \/>\n<meta name=\"twitter:label1\" content=\"Escrito por\" \/>\n\t<meta name=\"twitter:data1\" content=\"Reda\u00e7\u00e3o Folha Popular\" \/>\n\t<meta name=\"twitter:label2\" content=\"Est. tempo de leitura\" \/>\n\t<meta name=\"twitter:data2\" content=\"4 minutos\" \/>\n<script type=\"application\/ld+json\" class=\"yoast-schema-graph\">{\"@context\":\"https:\\\/\\\/schema.org\",\"@graph\":[{\"@type\":\"Article\",\"@id\":\"https:\\\/\\\/folhapopular.info\\\/index.php\\\/2025\\\/08\\\/06\\\/aquibom-tera-show-da-familia-em-bom-retiro-do-sul\\\/#article\",\"isPartOf\":{\"@id\":\"https:\\\/\\\/folhapopular.info\\\/index.php\\\/2025\\\/08\\\/06\\\/aquibom-tera-show-da-familia-em-bom-retiro-do-sul\\\/\"},\"author\":{\"name\":\"Reda\u00e7\u00e3o Folha Popular\",\"@id\":\"https:\\\/\\\/folhapopular.info\\\/#\\\/schema\\\/person\\\/2814e8a0df7643585a9ca38bc6eb9d4b\"},\"headline\":\"AquiBom ter\u00e1 Show da Fam\u00edlia em Bom Retiro do Sul\",\"datePublished\":\"2025-08-06T17:00:00+00:00\",\"mainEntityOfPage\":{\"@id\":\"https:\\\/\\\/folhapopular.info\\\/index.php\\\/2025\\\/08\\\/06\\\/aquibom-tera-show-da-familia-em-bom-retiro-do-sul\\\/\"},\"wordCount\":608,\"commentCount\":0,\"image\":{\"@id\":\"https:\\\/\\\/folhapopular.info\\\/index.php\\\/2025\\\/08\\\/06\\\/aquibom-tera-show-da-familia-em-bom-retiro-do-sul\\\/#primaryimage\"},\"thumbnailUrl\":\"https:\\\/\\\/folhapopular.info\\\/wp-content\\\/uploads\\\/2025\\\/08\\\/Show-da-Familia-Imigrante-2025_Carla-Beckmann_Prefeitura-de-Imigrante-scaled.jpg\",\"keywords\":[\"Aquibom\",\"Bom Retiro do Sul\",\"Feira EStadual de Aquicultura\",\"Show da Fam\u00edlia\"],\"articleSection\":[\"Destaques\",\"Economia\"],\"inLanguage\":\"pt-BR\",\"potentialAction\":[{\"@type\":\"CommentAction\",\"name\":\"Comment\",\"target\":[\"https:\\\/\\\/folhapopular.info\\\/index.php\\\/2025\\\/08\\\/06\\\/aquibom-tera-show-da-familia-em-bom-retiro-do-sul\\\/#respond\"]}]},{\"@type\":\"WebPage\",\"@id\":\"https:\\\/\\\/folhapopular.info\\\/index.php\\\/2025\\\/08\\\/06\\\/aquibom-tera-show-da-familia-em-bom-retiro-do-sul\\\/\",\"url\":\"https:\\\/\\\/folhapopular.info\\\/index.php\\\/2025\\\/08\\\/06\\\/aquibom-tera-show-da-familia-em-bom-retiro-do-sul\\\/\",\"name\":\"AquiBom ter\u00e1 Show da Fam\u00edlia em Bom Retiro do Sul - Folha Popular\",\"isPartOf\":{\"@id\":\"https:\\\/\\\/folhapopular.info\\\/#website\"},\"primaryImageOfPage\":{\"@id\":\"https:\\\/\\\/folhapopular.info\\\/index.php\\\/2025\\\/08\\\/06\\\/aquibom-tera-show-da-familia-em-bom-retiro-do-sul\\\/#primaryimage\"},\"image\":{\"@id\":\"https:\\\/\\\/folhapopular.info\\\/index.php\\\/2025\\\/08\\\/06\\\/aquibom-tera-show-da-familia-em-bom-retiro-do-sul\\\/#primaryimage\"},\"thumbnailUrl\":\"https:\\\/\\\/folhapopular.info\\\/wp-content\\\/uploads\\\/2025\\\/08\\\/Show-da-Familia-Imigrante-2025_Carla-Beckmann_Prefeitura-de-Imigrante-scaled.jpg\",\"datePublished\":\"2025-08-06T17:00:00+00:00\",\"author\":{\"@id\":\"https:\\\/\\\/folhapopular.info\\\/#\\\/schema\\\/person\\\/2814e8a0df7643585a9ca38bc6eb9d4b\"},\"breadcrumb\":{\"@id\":\"https:\\\/\\\/folhapopular.info\\\/index.php\\\/2025\\\/08\\\/06\\\/aquibom-tera-show-da-familia-em-bom-retiro-do-sul\\\/#breadcrumb\"},\"inLanguage\":\"pt-BR\",\"potentialAction\":[{\"@type\":\"ReadAction\",\"target\":[\"https:\\\/\\\/folhapopular.info\\\/index.php\\\/2025\\\/08\\\/06\\\/aquibom-tera-show-da-familia-em-bom-retiro-do-sul\\\/\"]}]},{\"@type\":\"ImageObject\",\"inLanguage\":\"pt-BR\",\"@id\":\"https:\\\/\\\/folhapopular.info\\\/index.php\\\/2025\\\/08\\\/06\\\/aquibom-tera-show-da-familia-em-bom-retiro-do-sul\\\/#primaryimage\",\"url\":\"https:\\\/\\\/folhapopular.info\\\/wp-content\\\/uploads\\\/2025\\\/08\\\/Show-da-Familia-Imigrante-2025_Carla-Beckmann_Prefeitura-de-Imigrante-scaled.jpg\",\"contentUrl\":\"https:\\\/\\\/folhapopular.info\\\/wp-content\\\/uploads\\\/2025\\\/08\\\/Show-da-Familia-Imigrante-2025_Carla-Beckmann_Prefeitura-de-Imigrante-scaled.jpg\",\"width\":2560,\"height\":1707,\"caption\":\"Show da Fam\u00edlia da R\u00e1dio Popular \u00e9 atra\u00e7\u00e3o de entretenimento para o p\u00fablico, em paralelo \u00e0 feira - Cr\u00e9dito: Carla Beckmann \\\/ Arquivo FP\"},{\"@type\":\"BreadcrumbList\",\"@id\":\"https:\\\/\\\/folhapopular.info\\\/index.php\\\/2025\\\/08\\\/06\\\/aquibom-tera-show-da-familia-em-bom-retiro-do-sul\\\/#breadcrumb\",\"itemListElement\":[{\"@type\":\"ListItem\",\"position\":1,\"name\":\"In\u00edcio\",\"item\":\"https:\\\/\\\/folhapopular.info\\\/\"},{\"@type\":\"ListItem\",\"position\":2,\"name\":\"AquiBom ter\u00e1 Show da Fam\u00edlia em Bom Retiro do Sul\"}]},{\"@type\":\"WebSite\",\"@id\":\"https:\\\/\\\/folhapopular.info\\\/#website\",\"url\":\"https:\\\/\\\/folhapopular.info\\\/\",\"name\":\"Folha Popular\",\"description\":\"Onde voc\u00ea tem vez e voz\",\"potentialAction\":[{\"@type\":\"SearchAction\",\"target\":{\"@type\":\"EntryPoint\",\"urlTemplate\":\"https:\\\/\\\/folhapopular.info\\\/?s={search_term_string}\"},\"query-input\":{\"@type\":\"PropertyValueSpecification\",\"valueRequired\":true,\"valueName\":\"search_term_string\"}}],\"inLanguage\":\"pt-BR\"},{\"@type\":\"Person\",\"@id\":\"https:\\\/\\\/folhapopular.info\\\/#\\\/schema\\\/person\\\/2814e8a0df7643585a9ca38bc6eb9d4b\",\"name\":\"Reda\u00e7\u00e3o Folha Popular\",\"image\":{\"@type\":\"ImageObject\",\"inLanguage\":\"pt-BR\",\"@id\":\"https:\\\/\\\/folhapopular.info\\\/wp-content\\\/uploads\\\/2026\\\/04\\\/Folha-1.webp\",\"url\":\"https:\\\/\\\/folhapopular.info\\\/wp-content\\\/uploads\\\/2026\\\/04\\\/Folha-1.webp\",\"contentUrl\":\"https:\\\/\\\/folhapopular.info\\\/wp-content\\\/uploads\\\/2026\\\/04\\\/Folha-1.webp\",\"caption\":\"Reda\u00e7\u00e3o Folha Popular\"},\"url\":\"https:\\\/\\\/folhapopular.info\\\/index.php\\\/author\\\/redacao\\\/\"}]}<\/script>\n<!-- \/ Yoast SEO plugin. -->","yoast_head_json":{"title":"AquiBom ter\u00e1 Show da Fam\u00edlia em Bom Retiro do Sul - Folha Popular","robots":{"index":"index","follow":"follow","max-snippet":"max-snippet:-1","max-image-preview":"max-image-preview:large","max-video-preview":"max-video-preview:-1"},"canonical":"https:\/\/folhapopular.info\/index.php\/2025\/08\/06\/aquibom-tera-show-da-familia-em-bom-retiro-do-sul\/","og_locale":"pt_BR","og_type":"article","og_title":"AquiBom ter\u00e1 Show da Fam\u00edlia em Bom Retiro do Sul - Folha Popular","og_description":"Bom Retiro do Sul sediar\u00e1 a 1\u00aa edi\u00e7\u00e3o da AquiBom \u2013 Feira Estadual de Aquicultura, entre os dias 7 a 9 de novembro deste ano. Uma das atra\u00e7\u00f5es ser\u00e1 o tradicional Show da Fam\u00edlia do Grupo Popular, com grupos musicais para todos os gostos no palco principal. Ser\u00e1 no domingo (9\/11), das 13h30 \u00e0s 18h30. [&hellip;]","og_url":"https:\/\/folhapopular.info\/index.php\/2025\/08\/06\/aquibom-tera-show-da-familia-em-bom-retiro-do-sul\/","og_site_name":"Folha Popular","article_published_time":"2025-08-06T17:00:00+00:00","og_image":[{"width":2560,"height":1707,"url":"https:\/\/folhapopular.info\/wp-content\/uploads\/2025\/08\/Show-da-Familia-Imigrante-2025_Carla-Beckmann_Prefeitura-de-Imigrante-scaled.jpg","type":"image\/jpeg"}],"author":"Reda\u00e7\u00e3o Folha Popular","twitter_card":"summary_large_image","twitter_misc":{"Escrito por":"Reda\u00e7\u00e3o Folha Popular","Est. tempo de leitura":"4 minutos"},"schema":{"@context":"https:\/\/schema.org","@graph":[{"@type":"Article","@id":"https:\/\/folhapopular.info\/index.php\/2025\/08\/06\/aquibom-tera-show-da-familia-em-bom-retiro-do-sul\/#article","isPartOf":{"@id":"https:\/\/folhapopular.info\/index.php\/2025\/08\/06\/aquibom-tera-show-da-familia-em-bom-retiro-do-sul\/"},"author":{"name":"Reda\u00e7\u00e3o Folha Popular","@id":"https:\/\/folhapopular.info\/#\/schema\/person\/2814e8a0df7643585a9ca38bc6eb9d4b"},"headline":"AquiBom ter\u00e1 Show da Fam\u00edlia em Bom Retiro do Sul","datePublished":"2025-08-06T17:00:00+00:00","mainEntityOfPage":{"@id":"https:\/\/folhapopular.info\/index.php\/2025\/08\/06\/aquibom-tera-show-da-familia-em-bom-retiro-do-sul\/"},"wordCount":608,"commentCount":0,"image":{"@id":"https:\/\/folhapopular.info\/index.php\/2025\/08\/06\/aquibom-tera-show-da-familia-em-bom-retiro-do-sul\/#primaryimage"},"thumbnailUrl":"https:\/\/folhapopular.info\/wp-content\/uploads\/2025\/08\/Show-da-Familia-Imigrante-2025_Carla-Beckmann_Prefeitura-de-Imigrante-scaled.jpg","keywords":["Aquibom","Bom Retiro do Sul","Feira EStadual de Aquicultura","Show da Fam\u00edlia"],"articleSection":["Destaques","Economia"],"inLanguage":"pt-BR","potentialAction":[{"@type":"CommentAction","name":"Comment","target":["https:\/\/folhapopular.info\/index.php\/2025\/08\/06\/aquibom-tera-show-da-familia-em-bom-retiro-do-sul\/#respond"]}]},{"@type":"WebPage","@id":"https:\/\/folhapopular.info\/index.php\/2025\/08\/06\/aquibom-tera-show-da-familia-em-bom-retiro-do-sul\/","url":"https:\/\/folhapopular.info\/index.php\/2025\/08\/06\/aquibom-tera-show-da-familia-em-bom-retiro-do-sul\/","name":"AquiBom ter\u00e1 Show da Fam\u00edlia em Bom Retiro do Sul - Folha Popular","isPartOf":{"@id":"https:\/\/folhapopular.info\/#website"},"primaryImageOfPage":{"@id":"https:\/\/folhapopular.info\/index.php\/2025\/08\/06\/aquibom-tera-show-da-familia-em-bom-retiro-do-sul\/#primaryimage"},"image":{"@id":"https:\/\/folhapopular.info\/index.php\/2025\/08\/06\/aquibom-tera-show-da-familia-em-bom-retiro-do-sul\/#primaryimage"},"thumbnailUrl":"https:\/\/folhapopular.info\/wp-content\/uploads\/2025\/08\/Show-da-Familia-Imigrante-2025_Carla-Beckmann_Prefeitura-de-Imigrante-scaled.jpg","datePublished":"2025-08-06T17:00:00+00:00","author":{"@id":"https:\/\/folhapopular.info\/#\/schema\/person\/2814e8a0df7643585a9ca38bc6eb9d4b"},"breadcrumb":{"@id":"https:\/\/folhapopular.info\/index.php\/2025\/08\/06\/aquibom-tera-show-da-familia-em-bom-retiro-do-sul\/#breadcrumb"},"inLanguage":"pt-BR","potentialAction":[{"@type":"ReadAction","target":["https:\/\/folhapopular.info\/index.php\/2025\/08\/06\/aquibom-tera-show-da-familia-em-bom-retiro-do-sul\/"]}]},{"@type":"ImageObject","inLanguage":"pt-BR","@id":"https:\/\/folhapopular.info\/index.php\/2025\/08\/06\/aquibom-tera-show-da-familia-em-bom-retiro-do-sul\/#primaryimage","url":"https:\/\/folhapopular.info\/wp-content\/uploads\/2025\/08\/Show-da-Familia-Imigrante-2025_Carla-Beckmann_Prefeitura-de-Imigrante-scaled.jpg","contentUrl":"https:\/\/folhapopular.info\/wp-content\/uploads\/2025\/08\/Show-da-Familia-Imigrante-2025_Carla-Beckmann_Prefeitura-de-Imigrante-scaled.jpg","width":2560,"height":1707,"caption":"Show da Fam\u00edlia da R\u00e1dio Popular \u00e9 atra\u00e7\u00e3o de entretenimento para o p\u00fablico, em paralelo \u00e0 feira - Cr\u00e9dito: Carla Beckmann \/ Arquivo FP"},{"@type":"BreadcrumbList","@id":"https:\/\/folhapopular.info\/index.php\/2025\/08\/06\/aquibom-tera-show-da-familia-em-bom-retiro-do-sul\/#breadcrumb","itemListElement":[{"@type":"ListItem","position":1,"name":"In\u00edcio","item":"https:\/\/folhapopular.info\/"},{"@type":"ListItem","position":2,"name":"AquiBom ter\u00e1 Show da Fam\u00edlia em Bom Retiro do Sul"}]},{"@type":"WebSite","@id":"https:\/\/folhapopular.info\/#website","url":"https:\/\/folhapopular.info\/","name":"Folha Popular","description":"Onde voc\u00ea tem vez e voz","potentialAction":[{"@type":"SearchAction","target":{"@type":"EntryPoint","urlTemplate":"https:\/\/folhapopular.info\/?s={search_term_string}"},"query-input":{"@type":"PropertyValueSpecification","valueRequired":true,"valueName":"search_term_string"}}],"inLanguage":"pt-BR"},{"@type":"Person","@id":"https:\/\/folhapopular.info\/#\/schema\/person\/2814e8a0df7643585a9ca38bc6eb9d4b","name":"Reda\u00e7\u00e3o Folha Popular","image":{"@type":"ImageObject","inLanguage":"pt-BR","@id":"https:\/\/folhapopular.info\/wp-content\/uploads\/2026\/04\/Folha-1.webp","url":"https:\/\/folhapopular.info\/wp-content\/uploads\/2026\/04\/Folha-1.webp","contentUrl":"https:\/\/folhapopular.info\/wp-content\/uploads\/2026\/04\/Folha-1.webp","caption":"Reda\u00e7\u00e3o Folha Popular"},"url":"https:\/\/folhapopular.info\/index.php\/author\/redacao\/"}]}},"jetpack_featured_media_url":"https:\/\/folhapopular.info\/wp-content\/uploads\/2025\/08\/Show-da-Familia-Imigrante-2025_Carla-Beckmann_Prefeitura-de-Imigrante-scaled.jpg","jetpack_sharing_enabled":true,"amp_enabled":true,"_links":{"self":[{"href":"https:\/\/folhapopular.info\/index.php\/wp-json\/wp\/v2\/posts\/191413","targetHints":{"allow":["GET"]}}],"collection":[{"href":"https:\/\/folhapopular.info\/index.php\/wp-json\/wp\/v2\/posts"}],"about":[{"href":"https:\/\/folhapopular.info\/index.php\/wp-json\/wp\/v2\/types\/post"}],"author":[{"embeddable":true,"href":"https:\/\/folhapopular.info\/index.php\/wp-json\/wp\/v2\/users\/8"}],"replies":[{"embeddable":true,"href":"https:\/\/folhapopular.info\/index.php\/wp-json\/wp\/v2\/comments?post=191413"}],"version-history":[{"count":0,"href":"https:\/\/folhapopular.info\/index.php\/wp-json\/wp\/v2\/posts\/191413\/revisions"}],"wp:featuredmedia":[{"embeddable":true,"href":"https:\/\/folhapopular.info\/index.php\/wp-json\/wp\/v2\/media\/191414"}],"wp:attachment":[{"href":"https:\/\/folhapopular.info\/index.php\/wp-json\/wp\/v2\/media?parent=191413"}],"wp:term":[{"taxonomy":"category","embeddable":true,"href":"https:\/\/folhapopular.info\/index.php\/wp-json\/wp\/v2\/categories?post=191413"},{"taxonomy":"post_tag","embeddable":true,"href":"https:\/\/folhapopular.info\/index.php\/wp-json\/wp\/v2\/tags?post=191413"}],"curies":[{"name":"wp","href":"https:\/\/api.w.org\/{rel}","templated":true}]}}