{"id":191520,"date":"2025-08-07T11:16:34","date_gmt":"2025-08-07T14:16:34","guid":{"rendered":"https:\/\/folhapopular.info\/?p=191520"},"modified":"2025-08-07T11:24:32","modified_gmt":"2025-08-07T14:24:32","slug":"inter-empata-e-e-eliminado-da-copa-do-brasil","status":"publish","type":"post","link":"https:\/\/folhapopular.info\/index.php\/2025\/08\/07\/inter-empata-e-e-eliminado-da-copa-do-brasil\/","title":{"rendered":"Inter empata e \u00e9 eliminado da Copa do Brasil"},"content":{"rendered":"\n<p>O Internacional est\u00e1 eliminado da Copa do Brasil. Na noite desta quarta-feira (6\/8), o colorado empatou em 1 a 1 com o Fluminense no Maracan\u00e3 e, com a derrota por 2 a 1 no jogo de ida, acabou desclassificada nas oitavas de final. O colorado agora concentra suas aten\u00e7\u00f5es no Campeonato Brasileiro e na Copa Libertadores.<\/p>\n\n\n\n<p>Diante de mais de 32 mil torcedores, o primeiro tempo foi equilibrado, com chances para os dois lados, mas sem gols. No retorno do intervalo, o Fluminense precisou de apenas 26seg para balan\u00e7ar a rede: Canobbio aproveitou uma falha defensiva do Inter e abriu o placar. Aos 19min, Alan Patrick converteu p\u00eanalti em segunda tentativa &#8211; o goleiro F\u00e1bio se adiantou na primeira cobran\u00e7a, que havia sido defendida, e o \u00e1rbitro mandou repetir.<\/p>\n\n\n\n<p>Ap\u00f3s quase 10 minutos de acr\u00e9scimo, o fim do jogo marcou n\u00e3o s\u00f3 a elimina\u00e7\u00e3o colorada, como tamb\u00e9m o fim do sonho de conquistar o bicampeonato da Copa do Brasil. Al\u00e9m disso, o Inter deixou de embolsar os R$ 4,7 milh\u00f5es destinados aos classificados \u00e0s quartas.<\/p>\n\n\n\n<p>Outro problema para o colorado se encontra no departamento m\u00e9dico. Richard (choque de cabe\u00e7a), Gabriel Mercado (les\u00e3o muscular) e Carbonero (desconforto na coxa) precisaram sair de maneira for\u00e7ada do duelo, ainda antes do fim dos primeiros 45min e agora s\u00e3o d\u00favidas para a sequ\u00eancia do calend\u00e1rio.<\/p>\n\n\n\n<p>O pr\u00f3ximo compromisso dos comandados por Roger Machado ser\u00e1 neste s\u00e1bado (9\/8), \u00e0s 18h30, contra o Bragantino, fora de casa, pelo Brasileir\u00e3o. Pela Libertadores, o desafio ser\u00e1 diante do Flamengo nas oitavas de final, com jogos marcados para os dias 13 e 20 de agosto, no Maracan\u00e3 e no Beira-Rio, respectivamente.<\/p>\n\n\n\n<h2 class=\"wp-block-heading\"><strong>Copa do Brasil ruim para o RS<\/strong><\/h2>\n\n\n\n<p>Ap\u00f3s a elimina\u00e7\u00e3o do Inter, nenhum clube ga\u00facho est\u00e1 vivo na disputa da Copa do Brasil. O Gr\u00eamio foi eliminado na terceira fase pelo CSA \u2013 Alagoas \u2013 e com uma derrota por 3 a 2, fora de casa, e empate sem gols na volta.<\/p>\n\n\n\n<p>Ainda, o futebol ga\u00facho teve Caxias, S\u00e3o Jos\u00e9 e Guarany de Bag\u00e9 na disputa da segunda fase do campeonato. O Gren\u00e1 perdeu para o Fluminense (que eliminou o colorado) por 2 a 1 no Est\u00e1dio Centen\u00e1rio, em Caxias do Sul.<\/p>\n\n\n\n<p>O Zequinha foi superado nas penalidades por 4 a 2, depois de ter empatado em 1 a 1 no tempo normal contra o <em>Red Bull<\/em> Bragantino, no Nabi Abi Chedid. O Guarany, por sua vez, foi derrotado pelo Athletico Paranaense, na Ligga Arena. J\u00e1 o Juventude caiu para o Maring\u00e1, ainda na primeira fase.<\/p>\n\n\n\n<figure class=\"wp-block-table is-style-stripes\"><table class=\"has-light-green-cyan-to-vivid-green-cyan-gradient-background has-background\"><tbody><tr><td colspan=\"8\"><strong>Resultados da Copa do Brasil<\/strong><\/td><\/tr><tr><td><strong>Data<\/strong><\/td><td><strong>Local<\/strong><\/td><td colspan=\"5\"><strong>                                                           Resultado<\/strong><\/td><td><strong>Agregado<\/strong><\/td><\/tr><tr><td>6\/8<\/td><td>S\u00e3o Paulo<\/td><td>Bragantino<\/td><td>0<\/td><td>x<\/td><td>1<\/td><td>Botafogo<\/td><td>    0x3<\/td><\/tr><tr><td>6\/8<\/td><td>Pernambuco<\/td><td>Retr\u00f4<\/td><td>0<\/td><td>x<\/td><td>0<\/td><td>Bahia<\/td><td>    2&#215;3<\/td><\/tr><tr><td>6\/8<\/td><td>Minas Gerais<\/td><td>Atl\u00e9tico Mineiro<\/td><td>0<\/td><td>x<\/td><td>1<\/td><td>Flamengo<\/td><td>    1&#215;1 (4&#215;3)<\/td><\/tr><tr><td>6\/8<\/td><td>Paran\u00e1<\/td><td>Athletico Paranaense<\/td><td>1<\/td><td>x<\/td><td>0<\/td><td>S\u00e3o Paulo<\/td><td>    2&#215;2 (3&#215;0)<\/td><\/tr><tr><td>6\/8<\/td><td>Rio de Janeiro<\/td><td>Fluminense<\/td><td>1<\/td><td>x<\/td><td>1<\/td><td>Internacional<\/td><td>    3&#215;2<\/td><\/tr><tr><td>6\/8<\/td><td>S\u00e3o Paulo<\/td><td>Palmeiras<\/td><td>0<\/td><td>x<\/td><td>2<\/td><td>Corinthians<\/td><td>    0x3<\/td><\/tr><tr><td>7\/8<\/td><td>Rio de Janeiro<\/td><td>Vasco da Gama<\/td><td><\/td><td>x<\/td><td><\/td><td>CSA<strong>*<\/strong><\/td><td><\/td><\/tr><tr><td>7\/8<\/td><td>Macei\u00f3<\/td><td>CRB<\/td><td><\/td><td>x<\/td><td><\/td><td>Cruzeiro<strong>*<\/strong><\/td><td><\/td><\/tr><tr><td colspan=\"8\"><strong>* = ainda n\u00e3o jogaram<\/strong><\/td><\/tr><\/tbody><\/table><\/figure>\n","protected":false},"excerpt":{"rendered":"<p>O Internacional est\u00e1 eliminado da Copa do Brasil. Na noite desta quarta-feira (6\/8), o colorado empatou em 1 a 1 com o Fluminense no Maracan\u00e3 e, com a derrota por 2 a 1 no jogo de ida, acabou desclassificada nas oitavas de final. O colorado agora concentra suas aten\u00e7\u00f5es no Campeonato Brasileiro e na Copa [&hellip;]<\/p>\n","protected":false},"author":732,"featured_media":191522,"comment_status":"open","ping_status":"open","sticky":false,"template":"","format":"standard","meta":{"pmpro_default_level":"","_jetpack_memberships_contains_paid_content":false,"footnotes":""},"categories":[5,2243],"tags":[5097,6457,2189,2407,1194,1809,3672],"class_list":{"0":"post-191520","1":"post","2":"type-post","3":"status-publish","4":"format-standard","5":"has-post-thumbnail","7":"category-esportes","8":"category-futebol-profissional","9":"tag-caxias","10":"tag-copa-do-brasil","11":"tag-fluminense","12":"tag-futebol-profissional","13":"tag-gremio","14":"tag-internacional","15":"tag-sao-jose","16":"pmpro-has-access"},"yoast_head":"<!-- This site is optimized with the Yoast SEO plugin v27.5 - https:\/\/yoast.com\/product\/yoast-seo-wordpress\/ -->\n<title>Inter empata e \u00e9 eliminado da Copa do Brasil - Folha Popular<\/title>\n<meta name=\"robots\" content=\"index, follow, max-snippet:-1, max-image-preview:large, max-video-preview:-1\" \/>\n<link rel=\"canonical\" href=\"https:\/\/folhapopular.info\/index.php\/2025\/08\/07\/inter-empata-e-e-eliminado-da-copa-do-brasil\/\" \/>\n<meta property=\"og:locale\" content=\"pt_BR\" \/>\n<meta property=\"og:type\" content=\"article\" \/>\n<meta property=\"og:title\" content=\"Inter empata e \u00e9 eliminado da Copa do Brasil - Folha Popular\" \/>\n<meta property=\"og:description\" content=\"O Internacional est\u00e1 eliminado da Copa do Brasil. Na noite desta quarta-feira (6\/8), o colorado empatou em 1 a 1 com o Fluminense no Maracan\u00e3 e, com a derrota por 2 a 1 no jogo de ida, acabou desclassificada nas oitavas de final. O colorado agora concentra suas aten\u00e7\u00f5es no Campeonato Brasileiro e na Copa [&hellip;]\" \/>\n<meta property=\"og:url\" content=\"https:\/\/folhapopular.info\/index.php\/2025\/08\/07\/inter-empata-e-e-eliminado-da-copa-do-brasil\/\" \/>\n<meta property=\"og:site_name\" content=\"Folha Popular\" \/>\n<meta property=\"article:author\" content=\"https:\/\/www.facebook.com\/luis.huppes\/\" \/>\n<meta property=\"article:published_time\" content=\"2025-08-07T14:16:34+00:00\" \/>\n<meta property=\"article:modified_time\" content=\"2025-08-07T14:24:32+00:00\" \/>\n<meta property=\"og:image\" content=\"http:\/\/folhapopular.info\/wp-content\/uploads\/2025\/08\/54703871602_a0e9800f3c_k-aspect-ratio-512-320.webp\" \/>\n\t<meta property=\"og:image:width\" content=\"950\" \/>\n\t<meta property=\"og:image:height\" content=\"593\" \/>\n\t<meta property=\"og:image:type\" content=\"image\/webp\" \/>\n<meta name=\"author\" content=\"Luis Augusto Huppes\" \/>\n<meta name=\"twitter:card\" content=\"summary_large_image\" \/>\n<meta name=\"twitter:label1\" content=\"Escrito por\" \/>\n\t<meta name=\"twitter:data1\" content=\"Luis Augusto Huppes\" \/>\n\t<meta name=\"twitter:label2\" content=\"Est. tempo de leitura\" \/>\n\t<meta name=\"twitter:data2\" content=\"3 minutos\" \/>\n<script type=\"application\/ld+json\" class=\"yoast-schema-graph\">{\"@context\":\"https:\\\/\\\/schema.org\",\"@graph\":[{\"@type\":\"Article\",\"@id\":\"https:\\\/\\\/folhapopular.info\\\/index.php\\\/2025\\\/08\\\/07\\\/inter-empata-e-e-eliminado-da-copa-do-brasil\\\/#article\",\"isPartOf\":{\"@id\":\"https:\\\/\\\/folhapopular.info\\\/index.php\\\/2025\\\/08\\\/07\\\/inter-empata-e-e-eliminado-da-copa-do-brasil\\\/\"},\"author\":{\"name\":\"Luis Augusto Huppes\",\"@id\":\"https:\\\/\\\/folhapopular.info\\\/#\\\/schema\\\/person\\\/e852c327371714676d02e58cf917fd9f\"},\"headline\":\"Inter empata e \u00e9 eliminado da Copa do Brasil\",\"datePublished\":\"2025-08-07T14:16:34+00:00\",\"dateModified\":\"2025-08-07T14:24:32+00:00\",\"mainEntityOfPage\":{\"@id\":\"https:\\\/\\\/folhapopular.info\\\/index.php\\\/2025\\\/08\\\/07\\\/inter-empata-e-e-eliminado-da-copa-do-brasil\\\/\"},\"wordCount\":505,\"commentCount\":0,\"image\":{\"@id\":\"https:\\\/\\\/folhapopular.info\\\/index.php\\\/2025\\\/08\\\/07\\\/inter-empata-e-e-eliminado-da-copa-do-brasil\\\/#primaryimage\"},\"thumbnailUrl\":\"https:\\\/\\\/folhapopular.info\\\/wp-content\\\/uploads\\\/2025\\\/08\\\/54703871602_a0e9800f3c_k-aspect-ratio-512-320.webp\",\"keywords\":[\"Caxias\",\"Copa do Brasil\",\"Fluminense\",\"futebol profissional\",\"Gr\u00eamio\",\"Internacional\",\"S\u00e3o Jos\u00e9\"],\"articleSection\":[\"Esportes\",\"Futebol Profissional\"],\"inLanguage\":\"pt-BR\",\"potentialAction\":[{\"@type\":\"CommentAction\",\"name\":\"Comment\",\"target\":[\"https:\\\/\\\/folhapopular.info\\\/index.php\\\/2025\\\/08\\\/07\\\/inter-empata-e-e-eliminado-da-copa-do-brasil\\\/#respond\"]}]},{\"@type\":\"WebPage\",\"@id\":\"https:\\\/\\\/folhapopular.info\\\/index.php\\\/2025\\\/08\\\/07\\\/inter-empata-e-e-eliminado-da-copa-do-brasil\\\/\",\"url\":\"https:\\\/\\\/folhapopular.info\\\/index.php\\\/2025\\\/08\\\/07\\\/inter-empata-e-e-eliminado-da-copa-do-brasil\\\/\",\"name\":\"Inter empata e \u00e9 eliminado da Copa do Brasil - Folha Popular\",\"isPartOf\":{\"@id\":\"https:\\\/\\\/folhapopular.info\\\/#website\"},\"primaryImageOfPage\":{\"@id\":\"https:\\\/\\\/folhapopular.info\\\/index.php\\\/2025\\\/08\\\/07\\\/inter-empata-e-e-eliminado-da-copa-do-brasil\\\/#primaryimage\"},\"image\":{\"@id\":\"https:\\\/\\\/folhapopular.info\\\/index.php\\\/2025\\\/08\\\/07\\\/inter-empata-e-e-eliminado-da-copa-do-brasil\\\/#primaryimage\"},\"thumbnailUrl\":\"https:\\\/\\\/folhapopular.info\\\/wp-content\\\/uploads\\\/2025\\\/08\\\/54703871602_a0e9800f3c_k-aspect-ratio-512-320.webp\",\"datePublished\":\"2025-08-07T14:16:34+00:00\",\"dateModified\":\"2025-08-07T14:24:32+00:00\",\"author\":{\"@id\":\"https:\\\/\\\/folhapopular.info\\\/#\\\/schema\\\/person\\\/e852c327371714676d02e58cf917fd9f\"},\"breadcrumb\":{\"@id\":\"https:\\\/\\\/folhapopular.info\\\/index.php\\\/2025\\\/08\\\/07\\\/inter-empata-e-e-eliminado-da-copa-do-brasil\\\/#breadcrumb\"},\"inLanguage\":\"pt-BR\",\"potentialAction\":[{\"@type\":\"ReadAction\",\"target\":[\"https:\\\/\\\/folhapopular.info\\\/index.php\\\/2025\\\/08\\\/07\\\/inter-empata-e-e-eliminado-da-copa-do-brasil\\\/\"]}]},{\"@type\":\"ImageObject\",\"inLanguage\":\"pt-BR\",\"@id\":\"https:\\\/\\\/folhapopular.info\\\/index.php\\\/2025\\\/08\\\/07\\\/inter-empata-e-e-eliminado-da-copa-do-brasil\\\/#primaryimage\",\"url\":\"https:\\\/\\\/folhapopular.info\\\/wp-content\\\/uploads\\\/2025\\\/08\\\/54703871602_a0e9800f3c_k-aspect-ratio-512-320.webp\",\"contentUrl\":\"https:\\\/\\\/folhapopular.info\\\/wp-content\\\/uploads\\\/2025\\\/08\\\/54703871602_a0e9800f3c_k-aspect-ratio-512-320.webp\",\"width\":950,\"height\":593,\"caption\":\"Ronaldo falhou e Canobbio abriu o marcador para o Fluminense - Cr\u00e9dito: Divulga\u00e7\u00e3o\"},{\"@type\":\"BreadcrumbList\",\"@id\":\"https:\\\/\\\/folhapopular.info\\\/index.php\\\/2025\\\/08\\\/07\\\/inter-empata-e-e-eliminado-da-copa-do-brasil\\\/#breadcrumb\",\"itemListElement\":[{\"@type\":\"ListItem\",\"position\":1,\"name\":\"In\u00edcio\",\"item\":\"https:\\\/\\\/folhapopular.info\\\/\"},{\"@type\":\"ListItem\",\"position\":2,\"name\":\"Inter empata e \u00e9 eliminado da Copa do Brasil\"}]},{\"@type\":\"WebSite\",\"@id\":\"https:\\\/\\\/folhapopular.info\\\/#website\",\"url\":\"https:\\\/\\\/folhapopular.info\\\/\",\"name\":\"Folha Popular\",\"description\":\"Onde voc\u00ea tem vez e voz\",\"potentialAction\":[{\"@type\":\"SearchAction\",\"target\":{\"@type\":\"EntryPoint\",\"urlTemplate\":\"https:\\\/\\\/folhapopular.info\\\/?s={search_term_string}\"},\"query-input\":{\"@type\":\"PropertyValueSpecification\",\"valueRequired\":true,\"valueName\":\"search_term_string\"}}],\"inLanguage\":\"pt-BR\"},{\"@type\":\"Person\",\"@id\":\"https:\\\/\\\/folhapopular.info\\\/#\\\/schema\\\/person\\\/e852c327371714676d02e58cf917fd9f\",\"name\":\"Luis Augusto Huppes\",\"image\":{\"@type\":\"ImageObject\",\"inLanguage\":\"pt-BR\",\"@id\":\"https:\\\/\\\/folhapopular.info\\\/wp-content\\\/uploads\\\/2026\\\/04\\\/Luis-Augusto-Huppes-1-1.webp\",\"url\":\"https:\\\/\\\/folhapopular.info\\\/wp-content\\\/uploads\\\/2026\\\/04\\\/Luis-Augusto-Huppes-1-1.webp\",\"contentUrl\":\"https:\\\/\\\/folhapopular.info\\\/wp-content\\\/uploads\\\/2026\\\/04\\\/Luis-Augusto-Huppes-1-1.webp\",\"caption\":\"Luis Augusto Huppes\"},\"sameAs\":[\"https:\\\/\\\/www.facebook.com\\\/luis.huppes\\\/\",\"https:\\\/\\\/www.instagram.com\\\/luis.huppes\\\/\",\"https:\\\/\\\/www.linkedin.com\\\/in\\\/luis-augusto-huppes-2554b52b7\\\/\"],\"url\":\"https:\\\/\\\/folhapopular.info\\\/index.php\\\/author\\\/luis-augusto-huppes\\\/\"}]}<\/script>\n<!-- \/ Yoast SEO plugin. -->","yoast_head_json":{"title":"Inter empata e \u00e9 eliminado da Copa do Brasil - Folha Popular","robots":{"index":"index","follow":"follow","max-snippet":"max-snippet:-1","max-image-preview":"max-image-preview:large","max-video-preview":"max-video-preview:-1"},"canonical":"https:\/\/folhapopular.info\/index.php\/2025\/08\/07\/inter-empata-e-e-eliminado-da-copa-do-brasil\/","og_locale":"pt_BR","og_type":"article","og_title":"Inter empata e \u00e9 eliminado da Copa do Brasil - Folha Popular","og_description":"O Internacional est\u00e1 eliminado da Copa do Brasil. Na noite desta quarta-feira (6\/8), o colorado empatou em 1 a 1 com o Fluminense no Maracan\u00e3 e, com a derrota por 2 a 1 no jogo de ida, acabou desclassificada nas oitavas de final. O colorado agora concentra suas aten\u00e7\u00f5es no Campeonato Brasileiro e na Copa [&hellip;]","og_url":"https:\/\/folhapopular.info\/index.php\/2025\/08\/07\/inter-empata-e-e-eliminado-da-copa-do-brasil\/","og_site_name":"Folha Popular","article_author":"https:\/\/www.facebook.com\/luis.huppes\/","article_published_time":"2025-08-07T14:16:34+00:00","article_modified_time":"2025-08-07T14:24:32+00:00","og_image":[{"width":950,"height":593,"url":"http:\/\/folhapopular.info\/wp-content\/uploads\/2025\/08\/54703871602_a0e9800f3c_k-aspect-ratio-512-320.webp","type":"image\/webp"}],"author":"Luis Augusto Huppes","twitter_card":"summary_large_image","twitter_misc":{"Escrito por":"Luis Augusto Huppes","Est. tempo de leitura":"3 minutos"},"schema":{"@context":"https:\/\/schema.org","@graph":[{"@type":"Article","@id":"https:\/\/folhapopular.info\/index.php\/2025\/08\/07\/inter-empata-e-e-eliminado-da-copa-do-brasil\/#article","isPartOf":{"@id":"https:\/\/folhapopular.info\/index.php\/2025\/08\/07\/inter-empata-e-e-eliminado-da-copa-do-brasil\/"},"author":{"name":"Luis Augusto Huppes","@id":"https:\/\/folhapopular.info\/#\/schema\/person\/e852c327371714676d02e58cf917fd9f"},"headline":"Inter empata e \u00e9 eliminado da Copa do Brasil","datePublished":"2025-08-07T14:16:34+00:00","dateModified":"2025-08-07T14:24:32+00:00","mainEntityOfPage":{"@id":"https:\/\/folhapopular.info\/index.php\/2025\/08\/07\/inter-empata-e-e-eliminado-da-copa-do-brasil\/"},"wordCount":505,"commentCount":0,"image":{"@id":"https:\/\/folhapopular.info\/index.php\/2025\/08\/07\/inter-empata-e-e-eliminado-da-copa-do-brasil\/#primaryimage"},"thumbnailUrl":"https:\/\/folhapopular.info\/wp-content\/uploads\/2025\/08\/54703871602_a0e9800f3c_k-aspect-ratio-512-320.webp","keywords":["Caxias","Copa do Brasil","Fluminense","futebol profissional","Gr\u00eamio","Internacional","S\u00e3o Jos\u00e9"],"articleSection":["Esportes","Futebol Profissional"],"inLanguage":"pt-BR","potentialAction":[{"@type":"CommentAction","name":"Comment","target":["https:\/\/folhapopular.info\/index.php\/2025\/08\/07\/inter-empata-e-e-eliminado-da-copa-do-brasil\/#respond"]}]},{"@type":"WebPage","@id":"https:\/\/folhapopular.info\/index.php\/2025\/08\/07\/inter-empata-e-e-eliminado-da-copa-do-brasil\/","url":"https:\/\/folhapopular.info\/index.php\/2025\/08\/07\/inter-empata-e-e-eliminado-da-copa-do-brasil\/","name":"Inter empata e \u00e9 eliminado da Copa do Brasil - Folha Popular","isPartOf":{"@id":"https:\/\/folhapopular.info\/#website"},"primaryImageOfPage":{"@id":"https:\/\/folhapopular.info\/index.php\/2025\/08\/07\/inter-empata-e-e-eliminado-da-copa-do-brasil\/#primaryimage"},"image":{"@id":"https:\/\/folhapopular.info\/index.php\/2025\/08\/07\/inter-empata-e-e-eliminado-da-copa-do-brasil\/#primaryimage"},"thumbnailUrl":"https:\/\/folhapopular.info\/wp-content\/uploads\/2025\/08\/54703871602_a0e9800f3c_k-aspect-ratio-512-320.webp","datePublished":"2025-08-07T14:16:34+00:00","dateModified":"2025-08-07T14:24:32+00:00","author":{"@id":"https:\/\/folhapopular.info\/#\/schema\/person\/e852c327371714676d02e58cf917fd9f"},"breadcrumb":{"@id":"https:\/\/folhapopular.info\/index.php\/2025\/08\/07\/inter-empata-e-e-eliminado-da-copa-do-brasil\/#breadcrumb"},"inLanguage":"pt-BR","potentialAction":[{"@type":"ReadAction","target":["https:\/\/folhapopular.info\/index.php\/2025\/08\/07\/inter-empata-e-e-eliminado-da-copa-do-brasil\/"]}]},{"@type":"ImageObject","inLanguage":"pt-BR","@id":"https:\/\/folhapopular.info\/index.php\/2025\/08\/07\/inter-empata-e-e-eliminado-da-copa-do-brasil\/#primaryimage","url":"https:\/\/folhapopular.info\/wp-content\/uploads\/2025\/08\/54703871602_a0e9800f3c_k-aspect-ratio-512-320.webp","contentUrl":"https:\/\/folhapopular.info\/wp-content\/uploads\/2025\/08\/54703871602_a0e9800f3c_k-aspect-ratio-512-320.webp","width":950,"height":593,"caption":"Ronaldo falhou e Canobbio abriu o marcador para o Fluminense - Cr\u00e9dito: Divulga\u00e7\u00e3o"},{"@type":"BreadcrumbList","@id":"https:\/\/folhapopular.info\/index.php\/2025\/08\/07\/inter-empata-e-e-eliminado-da-copa-do-brasil\/#breadcrumb","itemListElement":[{"@type":"ListItem","position":1,"name":"In\u00edcio","item":"https:\/\/folhapopular.info\/"},{"@type":"ListItem","position":2,"name":"Inter empata e \u00e9 eliminado da Copa do Brasil"}]},{"@type":"WebSite","@id":"https:\/\/folhapopular.info\/#website","url":"https:\/\/folhapopular.info\/","name":"Folha Popular","description":"Onde voc\u00ea tem vez e voz","potentialAction":[{"@type":"SearchAction","target":{"@type":"EntryPoint","urlTemplate":"https:\/\/folhapopular.info\/?s={search_term_string}"},"query-input":{"@type":"PropertyValueSpecification","valueRequired":true,"valueName":"search_term_string"}}],"inLanguage":"pt-BR"},{"@type":"Person","@id":"https:\/\/folhapopular.info\/#\/schema\/person\/e852c327371714676d02e58cf917fd9f","name":"Luis Augusto Huppes","image":{"@type":"ImageObject","inLanguage":"pt-BR","@id":"https:\/\/folhapopular.info\/wp-content\/uploads\/2026\/04\/Luis-Augusto-Huppes-1-1.webp","url":"https:\/\/folhapopular.info\/wp-content\/uploads\/2026\/04\/Luis-Augusto-Huppes-1-1.webp","contentUrl":"https:\/\/folhapopular.info\/wp-content\/uploads\/2026\/04\/Luis-Augusto-Huppes-1-1.webp","caption":"Luis Augusto Huppes"},"sameAs":["https:\/\/www.facebook.com\/luis.huppes\/","https:\/\/www.instagram.com\/luis.huppes\/","https:\/\/www.linkedin.com\/in\/luis-augusto-huppes-2554b52b7\/"],"url":"https:\/\/folhapopular.info\/index.php\/author\/luis-augusto-huppes\/"}]}},"jetpack_featured_media_url":"https:\/\/folhapopular.info\/wp-content\/uploads\/2025\/08\/54703871602_a0e9800f3c_k-aspect-ratio-512-320.webp","jetpack_sharing_enabled":true,"amp_enabled":true,"_links":{"self":[{"href":"https:\/\/folhapopular.info\/index.php\/wp-json\/wp\/v2\/posts\/191520","targetHints":{"allow":["GET"]}}],"collection":[{"href":"https:\/\/folhapopular.info\/index.php\/wp-json\/wp\/v2\/posts"}],"about":[{"href":"https:\/\/folhapopular.info\/index.php\/wp-json\/wp\/v2\/types\/post"}],"author":[{"embeddable":true,"href":"https:\/\/folhapopular.info\/index.php\/wp-json\/wp\/v2\/users\/732"}],"replies":[{"embeddable":true,"href":"https:\/\/folhapopular.info\/index.php\/wp-json\/wp\/v2\/comments?post=191520"}],"version-history":[{"count":0,"href":"https:\/\/folhapopular.info\/index.php\/wp-json\/wp\/v2\/posts\/191520\/revisions"}],"wp:featuredmedia":[{"embeddable":true,"href":"https:\/\/folhapopular.info\/index.php\/wp-json\/wp\/v2\/media\/191522"}],"wp:attachment":[{"href":"https:\/\/folhapopular.info\/index.php\/wp-json\/wp\/v2\/media?parent=191520"}],"wp:term":[{"taxonomy":"category","embeddable":true,"href":"https:\/\/folhapopular.info\/index.php\/wp-json\/wp\/v2\/categories?post=191520"},{"taxonomy":"post_tag","embeddable":true,"href":"https:\/\/folhapopular.info\/index.php\/wp-json\/wp\/v2\/tags?post=191520"}],"curies":[{"name":"wp","href":"https:\/\/api.w.org\/{rel}","templated":true}]}}