{"id":191647,"date":"2025-08-10T08:00:00","date_gmt":"2025-08-10T11:00:00","guid":{"rendered":"https:\/\/folhapopular.info\/?p=191647"},"modified":"2025-08-09T09:22:24","modified_gmt":"2025-08-09T12:22:24","slug":"dia-dos-pais-licoes-exemplos-e-legados-que-atravessam-geracoes","status":"publish","type":"post","link":"https:\/\/folhapopular.info\/index.php\/2025\/08\/10\/dia-dos-pais-licoes-exemplos-e-legados-que-atravessam-geracoes\/","title":{"rendered":"Dia dos Pais: Li\u00e7\u00f5es, exemplos e legados que atravessam gera\u00e7\u00f5es"},"content":{"rendered":"\n<p>Mais do que uma data comercial ou um momento de afeto no calend\u00e1rio, o Dia dos Pais carrega uma carga simb\u00f3lica profunda. \u00c9 a oportunidade de reconhecer as figuras paternas que s\u00e3o refer\u00eancia, n\u00e3o apenas no afeto, mas tamb\u00e9m na constru\u00e7\u00e3o dos valores que moldam a vida de seus descendentes. Nesta reportagem, apresentamos hist\u00f3rias de filhos e filhas que seguiram os passos profissionais de seus pais, levando adiante um legado familiar que se reflete nas pr\u00f3prias trajet\u00f3rias.<\/p>\n\n\n\n<p>Em Teut\u00f4nia, o contador Telmo Ronaldo Wessel carrega na mem\u00f3ria a imagem do pai enquanto divide a profiss\u00e3o com a filha, Raquel Wessel. Ele lembra de ver o av\u00f4 de Raquel, Leopoldo Wessel, trabalhando no balc\u00e3o da casa comercial da familia. \u201cMinha inspira\u00e7\u00e3o veio de ver o meu pai fechando o caixa \u00e0 noite e, mesmo nos fins de semana, cuidando de livros fiscais de vizinhos\u201d, diz.<\/p>\n\n\n\n<p>A contabilidade entrou cedo na vida de Wessel, que fundou seu escrit\u00f3rio em 1971 e, ao lado da esposa Lenita, construiu uma trajet\u00f3ria de mais de cinco d\u00e9cadas. O neg\u00f3cio familiar cresceu com solidez, marcado pelo atendimento pr\u00f3ximo e pelo respeito \u00e0s regras, valores que foram passados aos seus tr\u00eas filhos: Raquel, Christian e Luiza.<\/p>\n\n\n\n<p>Tamb\u00e9m formado em contabilidade Christian Wessel seguiu por alguns anos no escrit\u00f3rio e depois se dedicou exclusivamente ao ramo imobili\u00e1rio. Hoje, ele administra a Wessel empreendimentos imobili\u00e1rios, empresa fundada pela fam\u00edlia em 1985. Dentista de forma\u00e7\u00e3o, Luiza trabalha com aromatiza\u00e7\u00e3o de ambientes, criando identidades olfativas para empresas e resid\u00eancias.<\/p>\n\n\n\n<p>Raquel, que hoje divide o escrit\u00f3rio com os pais, cresceu vendo o casal trabalhar at\u00e9 tarde, organizando pap\u00e9is e atendendo clientes com aten\u00e7\u00e3o e paci\u00eancia. \u201cEu brincava de escrit\u00f3rio quando era crian\u00e7a, copiando tudo o que via. Aos poucos, percebi que aquilo n\u00e3o era apenas um trabalho, mas uma forma de ajudar pessoas a organizarem suas vidas\u201d, conta.<\/p>\n\n\n\n<figure class=\"wp-block-image size-large\"><img loading=\"lazy\" decoding=\"async\" width=\"1024\" height=\"768\" src=\"https:\/\/folhapopular.info\/wp-content\/uploads\/2025\/08\/Wessels2-sugestao-de-capa-1024x768.jpeg\" alt=\"\" class=\"wp-image-191649\" srcset=\"https:\/\/folhapopular.info\/wp-content\/uploads\/2025\/08\/Wessels2-sugestao-de-capa-1024x768.jpeg 1024w, https:\/\/folhapopular.info\/wp-content\/uploads\/2025\/08\/Wessels2-sugestao-de-capa-300x225.jpeg 300w, https:\/\/folhapopular.info\/wp-content\/uploads\/2025\/08\/Wessels2-sugestao-de-capa-768x576.jpeg 768w, https:\/\/folhapopular.info\/wp-content\/uploads\/2025\/08\/Wessels2-sugestao-de-capa-1536x1152.jpeg 1536w, https:\/\/folhapopular.info\/wp-content\/uploads\/2025\/08\/Wessels2-sugestao-de-capa-2048x1536.jpeg 2048w, https:\/\/folhapopular.info\/wp-content\/uploads\/2025\/08\/Wessels2-sugestao-de-capa-560x420.jpeg 560w, https:\/\/folhapopular.info\/wp-content\/uploads\/2025\/08\/Wessels2-sugestao-de-capa-80x60.jpeg 80w, https:\/\/folhapopular.info\/wp-content\/uploads\/2025\/08\/Wessels2-sugestao-de-capa-696x522.jpeg 696w, https:\/\/folhapopular.info\/wp-content\/uploads\/2025\/08\/Wessels2-sugestao-de-capa-1068x801.jpeg 1068w, https:\/\/folhapopular.info\/wp-content\/uploads\/2025\/08\/Wessels2-sugestao-de-capa-1920x1440.jpeg 1920w\" sizes=\"auto, (max-width: 1024px) 100vw, 1024px\" \/><figcaption class=\"wp-element-caption\"><br>Telmo Ronaldo Wessel e Raquel Wessel dividem a profiss\u00e3o e os valores familiares \/ Cr\u00e9dito: Thiago Maurique<\/figcaption><\/figure>\n\n\n\n<p>Para o patriarca, mais importante do que ver os filhos no mesmo ramo \u00e9 perceber que carregam valores aprendidos em casa. \u201cComo pai, o que mais importa \u00e9 saber que se tornaram pessoas do bem, realizadas no que fazem\u201d, afirma. Neste fim de semana, Telmo Ronaldo Wessel celebrar\u00e1 duas vezes. Al\u00e9m do Dia dos Pais, o tradicional churrasco da fam\u00edlia tamb\u00e9m marca a comemora\u00e7\u00e3o do seu pr\u00f3prio anivers\u00e1rio.<\/p>\n\n\n\n<p><strong>Sucess\u00e3o preserva valores<\/strong><\/p>\n\n\n\n<p>Na zona rural, a parceria entre Alexandre Corr\u00eaa Schneider e a filha Alessandra Machado Schneider \u00e9 constru\u00edda sobre a base de trabalho duro, disciplina e amor pela terra. Na propriedade da fam\u00edlia, localizada na Linha S\u00e3o Jac\u00f3, em Estrela, Alexandre sempre foi o primeiro a acordar e o \u00faltimo a descansar. \u201cO que deixo n\u00e3o s\u00e3o s\u00f3 as vacas, mas o jeito de trabalhar, com honestidade e respeito pela terra e pelos animais\u201d, afirma.<\/p>\n\n\n\n<p>Alessandra cresceu observando esse ritmo e, com o tempo, percebeu que queria continuar o que o pai come\u00e7ou. Segundo ele, seguir no campo nunca foi obriga\u00e7\u00e3o, mas sim uma escolha. \u201cAprendi a amar esse trabalho. N\u00e3o \u00e9 s\u00f3 sobre lidar com o gado, mas sobre entender o tempo das coisas, respeitar a natureza e saber que cada esfor\u00e7o tem seu retorno\u201d, afirma.<\/p>\n\n\n\n<p>Diante de uma rotina marcada por desafios que v\u00e3o desde o clima inst\u00e1vel at\u00e9 oscila\u00e7\u00f5es de mercado, ela destaca a resili\u00eancia herdada do patriarca. \u201cMeu pai sempre mostrou firmeza nos momentos dif\u00edceis, nunca desistiu. Isso me inspira a enfrentar os problemas com cabe\u00e7a erguida\u201d, relata.<\/p>\n\n\n\n<p>Alexandre, por sua vez, v\u00ea nos filhos a continuidade de uma filosofia de vida. \u201cO que plantei vai seguir adiante nas m\u00e3os deles, talvez at\u00e9 com mais amor, porque somam o que aprenderam comigo aos sonhos que carregam\u201d, relata. No Dia dos Pais, a fam\u00edlia se reunir\u00e1 na pr\u00f3pria propriedade para celebrar n\u00e3o apenas a data, mas tamb\u00e9m a certeza de que o legado est\u00e1 em boas m\u00e3os.<\/p>\n\n\n\n<figure class=\"wp-block-image size-large\"><img loading=\"lazy\" decoding=\"async\" width=\"1024\" height=\"768\" src=\"https:\/\/folhapopular.info\/wp-content\/uploads\/2025\/08\/CAPA-2-Schneiders-1024x768.jpeg\" alt=\"\" class=\"wp-image-191650\" srcset=\"https:\/\/folhapopular.info\/wp-content\/uploads\/2025\/08\/CAPA-2-Schneiders-1024x768.jpeg 1024w, https:\/\/folhapopular.info\/wp-content\/uploads\/2025\/08\/CAPA-2-Schneiders-300x225.jpeg 300w, https:\/\/folhapopular.info\/wp-content\/uploads\/2025\/08\/CAPA-2-Schneiders-768x576.jpeg 768w, https:\/\/folhapopular.info\/wp-content\/uploads\/2025\/08\/CAPA-2-Schneiders-1536x1152.jpeg 1536w, https:\/\/folhapopular.info\/wp-content\/uploads\/2025\/08\/CAPA-2-Schneiders-2048x1536.jpeg 2048w, https:\/\/folhapopular.info\/wp-content\/uploads\/2025\/08\/CAPA-2-Schneiders-560x420.jpeg 560w, https:\/\/folhapopular.info\/wp-content\/uploads\/2025\/08\/CAPA-2-Schneiders-80x60.jpeg 80w, https:\/\/folhapopular.info\/wp-content\/uploads\/2025\/08\/CAPA-2-Schneiders-696x522.jpeg 696w, https:\/\/folhapopular.info\/wp-content\/uploads\/2025\/08\/CAPA-2-Schneiders-1068x801.jpeg 1068w, https:\/\/folhapopular.info\/wp-content\/uploads\/2025\/08\/CAPA-2-Schneiders-1920x1440.jpeg 1920w\" sizes=\"auto, (max-width: 1024px) 100vw, 1024px\" \/><figcaption class=\"wp-element-caption\"><br>Alexandre Corr\u00eaa Schneider e a filha Alessandra dividem as responsabilidades na propriedade dedicada \u00e0 produ\u00e7\u00e3o leiteira \/ Cr\u00e9dito: Thiago Maurique<\/figcaption><\/figure>\n\n\n\n<p><strong>Legado de lideran\u00e7a e independ\u00eancia<\/strong><\/p>\n\n\n\n<p>Em Lajeado, o advogado Ney Arruda Filho cresceu sob a influ\u00eancia de uma das personalidades mais relevantes da hist\u00f3ria do munic\u00edpio. Seu pai, Ney Arruda, foi pioneiro no Direito, al\u00e9m de l\u00edder comunit\u00e1rio que deixou marcas profundas n\u00e3o s\u00f3 em Lajeado, mas no Vale do Taquari.<\/p>\n\n\n\n<p>O pai que hoje d\u00e1 nome a um dos parques mais importantes de Lajeado atuou na presid\u00eancia do Clube Esportivo Lajeadense durante a constru\u00e7\u00e3o do Est\u00e1dio Florestal, esteve \u00e0 frente da ACVAT e liderou movimentos decisivos, como a instala\u00e7\u00e3o dos primeiros cursos universit\u00e1rios na cidade. \u201cEle nunca se conformava com um \u2018n\u00e3o\u2019 e nos ensinou a lutar pelas coisas certas\u201d, recorda o filho.<\/p>\n\n\n\n<p>A presen\u00e7a paterna, firme e determinada, moldou n\u00e3o s\u00f3 a carreira de Ney Arruda Filho, mas tamb\u00e9m sua forma de educar os pr\u00f3prios filhos. Lembra que nenhum deles seguiu o direito, mas todos carregam a coragem e a \u00e9tica que aprendeu com o pai. \u201cSempre incentivei que buscassem seus pr\u00f3prios sonhos, com a tranquilidade de saber que t\u00eam ra\u00edzes para voltar\u201d, destaca.<\/p>\n\n\n\n<p>O mais velho, Rafael, e o do meio, Gabriel, cursaram com\u00e9rcio exterior e atuam em \u00e1reas ligadas ao setor, enquanto a ca\u00e7ula, Lu\u00edsa, \u00e9 nutricionista. \u201cO que me orgulha \u00e9 ver que trabalham com dedica\u00e7\u00e3o e prop\u00f3sito\u201d, acrescenta.<\/p>\n\n\n\n<p>Para Ney, o Dia dos Pais \u00e9 tamb\u00e9m momento de criar mem\u00f3rias diferentes: \u201cA vida pode ser rotineira, mas cada data especial merece um gesto novo. Seja um almo\u00e7o, um passeio ou apenas estar junto, \u00e9 importante marcar.\u201d<\/p>\n\n\n\n<p>Neste ano, a comemora\u00e7\u00e3o ser\u00e1 ao lado dos filhos e netos, valorizando o conv\u00edvio. \u201cHoje passo muito tempo com os netos. Quero que eles sintam de mim o que senti do meu pai: presen\u00e7a, exemplo e amor \u2014 mesmo quando n\u00e3o \u00e9 dito em palavras\u201d, refor\u00e7a.<\/p>\n\n\n\n<p>Neste Dia dos Pais, entre churrascos, abra\u00e7os e lembran\u00e7as, permanece viva a certeza de que a presen\u00e7a paterna, quando marcada pelo cuidado, honestidade e amor, continua a iluminar o caminho dos filhos.<\/p>\n","protected":false},"excerpt":{"rendered":"<p>Mais do que uma data comercial ou um momento de afeto no calend\u00e1rio, o Dia dos Pais carrega uma carga simb\u00f3lica profunda. \u00c9 a oportunidade de reconhecer as figuras paternas que s\u00e3o refer\u00eancia, n\u00e3o apenas no afeto, mas tamb\u00e9m na constru\u00e7\u00e3o dos valores que moldam a vida de seus descendentes. Nesta reportagem, apresentamos hist\u00f3rias de [&hellip;]<\/p>\n","protected":false},"author":771,"featured_media":191648,"comment_status":"open","ping_status":"open","sticky":false,"template":"","format":"standard","meta":{"pmpro_default_level":"","_jetpack_memberships_contains_paid_content":false,"footnotes":""},"categories":[2,3],"tags":[19155,19154,3204,10404,10248],"class_list":{"0":"post-191647","1":"post","2":"type-post","3":"status-publish","4":"format-standard","5":"has-post-thumbnail","7":"category-featured","8":"category-geral","9":"tag-alexandre-schneider","10":"tag-arruda-advogados","11":"tag-dia-dos-pais","12":"tag-empresa-familiar","13":"tag-wessel-contabilidade","14":"pmpro-has-access"},"yoast_head":"<!-- This site is optimized with the Yoast SEO plugin v27.5 - https:\/\/yoast.com\/product\/yoast-seo-wordpress\/ -->\n<title>Dia dos Pais: Li\u00e7\u00f5es, exemplos e legados que atravessam gera\u00e7\u00f5es - Folha Popular<\/title>\n<meta name=\"robots\" content=\"index, follow, max-snippet:-1, max-image-preview:large, max-video-preview:-1\" \/>\n<link rel=\"canonical\" href=\"https:\/\/folhapopular.info\/index.php\/2025\/08\/10\/dia-dos-pais-licoes-exemplos-e-legados-que-atravessam-geracoes\/\" \/>\n<meta property=\"og:locale\" content=\"pt_BR\" \/>\n<meta property=\"og:type\" content=\"article\" \/>\n<meta property=\"og:title\" content=\"Dia dos Pais: Li\u00e7\u00f5es, exemplos e legados que atravessam gera\u00e7\u00f5es - Folha Popular\" \/>\n<meta property=\"og:description\" content=\"Mais do que uma data comercial ou um momento de afeto no calend\u00e1rio, o Dia dos Pais carrega uma carga simb\u00f3lica profunda. \u00c9 a oportunidade de reconhecer as figuras paternas que s\u00e3o refer\u00eancia, n\u00e3o apenas no afeto, mas tamb\u00e9m na constru\u00e7\u00e3o dos valores que moldam a vida de seus descendentes. Nesta reportagem, apresentamos hist\u00f3rias de [&hellip;]\" \/>\n<meta property=\"og:url\" content=\"https:\/\/folhapopular.info\/index.php\/2025\/08\/10\/dia-dos-pais-licoes-exemplos-e-legados-que-atravessam-geracoes\/\" \/>\n<meta property=\"og:site_name\" content=\"Folha Popular\" \/>\n<meta property=\"article:published_time\" content=\"2025-08-10T11:00:00+00:00\" \/>\n<meta property=\"og:image\" content=\"https:\/\/folhapopular.info\/wp-content\/uploads\/2025\/08\/Ney-Arruda-Pai-e-Filhos.jpeg\" \/>\n\t<meta property=\"og:image:width\" content=\"1600\" \/>\n\t<meta property=\"og:image:height\" content=\"1019\" \/>\n\t<meta property=\"og:image:type\" content=\"image\/jpeg\" \/>\n<meta name=\"author\" content=\"Thiago Maurique\" \/>\n<meta name=\"twitter:card\" content=\"summary_large_image\" \/>\n<meta name=\"twitter:label1\" content=\"Escrito por\" \/>\n\t<meta name=\"twitter:data1\" content=\"Thiago Maurique\" \/>\n\t<meta name=\"twitter:label2\" content=\"Est. tempo de leitura\" \/>\n\t<meta name=\"twitter:data2\" content=\"7 minutos\" \/>\n<script type=\"application\/ld+json\" class=\"yoast-schema-graph\">{\"@context\":\"https:\\\/\\\/schema.org\",\"@graph\":[{\"@type\":\"Article\",\"@id\":\"https:\\\/\\\/folhapopular.info\\\/index.php\\\/2025\\\/08\\\/10\\\/dia-dos-pais-licoes-exemplos-e-legados-que-atravessam-geracoes\\\/#article\",\"isPartOf\":{\"@id\":\"https:\\\/\\\/folhapopular.info\\\/index.php\\\/2025\\\/08\\\/10\\\/dia-dos-pais-licoes-exemplos-e-legados-que-atravessam-geracoes\\\/\"},\"author\":{\"name\":\"Thiago Maurique\",\"@id\":\"https:\\\/\\\/folhapopular.info\\\/#\\\/schema\\\/person\\\/da0b2794f793376cb5dd908e88ca6911\"},\"headline\":\"Dia dos Pais: Li\u00e7\u00f5es, exemplos e legados que atravessam gera\u00e7\u00f5es\",\"datePublished\":\"2025-08-10T11:00:00+00:00\",\"mainEntityOfPage\":{\"@id\":\"https:\\\/\\\/folhapopular.info\\\/index.php\\\/2025\\\/08\\\/10\\\/dia-dos-pais-licoes-exemplos-e-legados-que-atravessam-geracoes\\\/\"},\"wordCount\":1095,\"commentCount\":0,\"image\":{\"@id\":\"https:\\\/\\\/folhapopular.info\\\/index.php\\\/2025\\\/08\\\/10\\\/dia-dos-pais-licoes-exemplos-e-legados-que-atravessam-geracoes\\\/#primaryimage\"},\"thumbnailUrl\":\"https:\\\/\\\/folhapopular.info\\\/wp-content\\\/uploads\\\/2025\\\/08\\\/Ney-Arruda-Pai-e-Filhos.jpeg\",\"keywords\":[\"Alexandre Schneider\",\"Arruda Advogados\",\"Dia dos Pais\",\"Empresa familiar\",\"Wessel Contabilidade\"],\"articleSection\":[\"Destaques\",\"Geral\"],\"inLanguage\":\"pt-BR\",\"potentialAction\":[{\"@type\":\"CommentAction\",\"name\":\"Comment\",\"target\":[\"https:\\\/\\\/folhapopular.info\\\/index.php\\\/2025\\\/08\\\/10\\\/dia-dos-pais-licoes-exemplos-e-legados-que-atravessam-geracoes\\\/#respond\"]}]},{\"@type\":\"WebPage\",\"@id\":\"https:\\\/\\\/folhapopular.info\\\/index.php\\\/2025\\\/08\\\/10\\\/dia-dos-pais-licoes-exemplos-e-legados-que-atravessam-geracoes\\\/\",\"url\":\"https:\\\/\\\/folhapopular.info\\\/index.php\\\/2025\\\/08\\\/10\\\/dia-dos-pais-licoes-exemplos-e-legados-que-atravessam-geracoes\\\/\",\"name\":\"Dia dos Pais: Li\u00e7\u00f5es, exemplos e legados que atravessam gera\u00e7\u00f5es - Folha Popular\",\"isPartOf\":{\"@id\":\"https:\\\/\\\/folhapopular.info\\\/#website\"},\"primaryImageOfPage\":{\"@id\":\"https:\\\/\\\/folhapopular.info\\\/index.php\\\/2025\\\/08\\\/10\\\/dia-dos-pais-licoes-exemplos-e-legados-que-atravessam-geracoes\\\/#primaryimage\"},\"image\":{\"@id\":\"https:\\\/\\\/folhapopular.info\\\/index.php\\\/2025\\\/08\\\/10\\\/dia-dos-pais-licoes-exemplos-e-legados-que-atravessam-geracoes\\\/#primaryimage\"},\"thumbnailUrl\":\"https:\\\/\\\/folhapopular.info\\\/wp-content\\\/uploads\\\/2025\\\/08\\\/Ney-Arruda-Pai-e-Filhos.jpeg\",\"datePublished\":\"2025-08-10T11:00:00+00:00\",\"author\":{\"@id\":\"https:\\\/\\\/folhapopular.info\\\/#\\\/schema\\\/person\\\/da0b2794f793376cb5dd908e88ca6911\"},\"breadcrumb\":{\"@id\":\"https:\\\/\\\/folhapopular.info\\\/index.php\\\/2025\\\/08\\\/10\\\/dia-dos-pais-licoes-exemplos-e-legados-que-atravessam-geracoes\\\/#breadcrumb\"},\"inLanguage\":\"pt-BR\",\"potentialAction\":[{\"@type\":\"ReadAction\",\"target\":[\"https:\\\/\\\/folhapopular.info\\\/index.php\\\/2025\\\/08\\\/10\\\/dia-dos-pais-licoes-exemplos-e-legados-que-atravessam-geracoes\\\/\"]}]},{\"@type\":\"ImageObject\",\"inLanguage\":\"pt-BR\",\"@id\":\"https:\\\/\\\/folhapopular.info\\\/index.php\\\/2025\\\/08\\\/10\\\/dia-dos-pais-licoes-exemplos-e-legados-que-atravessam-geracoes\\\/#primaryimage\",\"url\":\"https:\\\/\\\/folhapopular.info\\\/wp-content\\\/uploads\\\/2025\\\/08\\\/Ney-Arruda-Pai-e-Filhos.jpeg\",\"contentUrl\":\"https:\\\/\\\/folhapopular.info\\\/wp-content\\\/uploads\\\/2025\\\/08\\\/Ney-Arruda-Pai-e-Filhos.jpeg\",\"width\":1600,\"height\":1019,\"caption\":\"Ney Arruda Filho carrega na profiss\u00e3o e na vida o legado de um dos l\u00edderes mais importantes da hist\u00f3ria de Lajeado \\\/ Cr\u00e9dito: Divulga\u00e7\u00e3o\"},{\"@type\":\"BreadcrumbList\",\"@id\":\"https:\\\/\\\/folhapopular.info\\\/index.php\\\/2025\\\/08\\\/10\\\/dia-dos-pais-licoes-exemplos-e-legados-que-atravessam-geracoes\\\/#breadcrumb\",\"itemListElement\":[{\"@type\":\"ListItem\",\"position\":1,\"name\":\"In\u00edcio\",\"item\":\"https:\\\/\\\/folhapopular.info\\\/\"},{\"@type\":\"ListItem\",\"position\":2,\"name\":\"Dia dos Pais: Li\u00e7\u00f5es, exemplos e legados que atravessam gera\u00e7\u00f5es\"}]},{\"@type\":\"WebSite\",\"@id\":\"https:\\\/\\\/folhapopular.info\\\/#website\",\"url\":\"https:\\\/\\\/folhapopular.info\\\/\",\"name\":\"Folha Popular\",\"description\":\"Onde voc\u00ea tem vez e voz\",\"potentialAction\":[{\"@type\":\"SearchAction\",\"target\":{\"@type\":\"EntryPoint\",\"urlTemplate\":\"https:\\\/\\\/folhapopular.info\\\/?s={search_term_string}\"},\"query-input\":{\"@type\":\"PropertyValueSpecification\",\"valueRequired\":true,\"valueName\":\"search_term_string\"}}],\"inLanguage\":\"pt-BR\"},{\"@type\":\"Person\",\"@id\":\"https:\\\/\\\/folhapopular.info\\\/#\\\/schema\\\/person\\\/da0b2794f793376cb5dd908e88ca6911\",\"name\":\"Thiago Maurique\",\"image\":{\"@type\":\"ImageObject\",\"inLanguage\":\"pt-BR\",\"@id\":\"https:\\\/\\\/folhapopular.info\\\/wp-content\\\/uploads\\\/2026\\\/04\\\/THIAGO-MAURIQUE-1-1.webp\",\"url\":\"https:\\\/\\\/folhapopular.info\\\/wp-content\\\/uploads\\\/2026\\\/04\\\/THIAGO-MAURIQUE-1-1.webp\",\"contentUrl\":\"https:\\\/\\\/folhapopular.info\\\/wp-content\\\/uploads\\\/2026\\\/04\\\/THIAGO-MAURIQUE-1-1.webp\",\"caption\":\"Thiago Maurique\"},\"url\":\"https:\\\/\\\/folhapopular.info\\\/index.php\\\/author\\\/thiago-maurique\\\/\"}]}<\/script>\n<!-- \/ Yoast SEO plugin. -->","yoast_head_json":{"title":"Dia dos Pais: Li\u00e7\u00f5es, exemplos e legados que atravessam gera\u00e7\u00f5es - Folha Popular","robots":{"index":"index","follow":"follow","max-snippet":"max-snippet:-1","max-image-preview":"max-image-preview:large","max-video-preview":"max-video-preview:-1"},"canonical":"https:\/\/folhapopular.info\/index.php\/2025\/08\/10\/dia-dos-pais-licoes-exemplos-e-legados-que-atravessam-geracoes\/","og_locale":"pt_BR","og_type":"article","og_title":"Dia dos Pais: Li\u00e7\u00f5es, exemplos e legados que atravessam gera\u00e7\u00f5es - Folha Popular","og_description":"Mais do que uma data comercial ou um momento de afeto no calend\u00e1rio, o Dia dos Pais carrega uma carga simb\u00f3lica profunda. \u00c9 a oportunidade de reconhecer as figuras paternas que s\u00e3o refer\u00eancia, n\u00e3o apenas no afeto, mas tamb\u00e9m na constru\u00e7\u00e3o dos valores que moldam a vida de seus descendentes. Nesta reportagem, apresentamos hist\u00f3rias de [&hellip;]","og_url":"https:\/\/folhapopular.info\/index.php\/2025\/08\/10\/dia-dos-pais-licoes-exemplos-e-legados-que-atravessam-geracoes\/","og_site_name":"Folha Popular","article_published_time":"2025-08-10T11:00:00+00:00","og_image":[{"width":1600,"height":1019,"url":"https:\/\/folhapopular.info\/wp-content\/uploads\/2025\/08\/Ney-Arruda-Pai-e-Filhos.jpeg","type":"image\/jpeg"}],"author":"Thiago Maurique","twitter_card":"summary_large_image","twitter_misc":{"Escrito por":"Thiago Maurique","Est. tempo de leitura":"7 minutos"},"schema":{"@context":"https:\/\/schema.org","@graph":[{"@type":"Article","@id":"https:\/\/folhapopular.info\/index.php\/2025\/08\/10\/dia-dos-pais-licoes-exemplos-e-legados-que-atravessam-geracoes\/#article","isPartOf":{"@id":"https:\/\/folhapopular.info\/index.php\/2025\/08\/10\/dia-dos-pais-licoes-exemplos-e-legados-que-atravessam-geracoes\/"},"author":{"name":"Thiago Maurique","@id":"https:\/\/folhapopular.info\/#\/schema\/person\/da0b2794f793376cb5dd908e88ca6911"},"headline":"Dia dos Pais: Li\u00e7\u00f5es, exemplos e legados que atravessam gera\u00e7\u00f5es","datePublished":"2025-08-10T11:00:00+00:00","mainEntityOfPage":{"@id":"https:\/\/folhapopular.info\/index.php\/2025\/08\/10\/dia-dos-pais-licoes-exemplos-e-legados-que-atravessam-geracoes\/"},"wordCount":1095,"commentCount":0,"image":{"@id":"https:\/\/folhapopular.info\/index.php\/2025\/08\/10\/dia-dos-pais-licoes-exemplos-e-legados-que-atravessam-geracoes\/#primaryimage"},"thumbnailUrl":"https:\/\/folhapopular.info\/wp-content\/uploads\/2025\/08\/Ney-Arruda-Pai-e-Filhos.jpeg","keywords":["Alexandre Schneider","Arruda Advogados","Dia dos Pais","Empresa familiar","Wessel Contabilidade"],"articleSection":["Destaques","Geral"],"inLanguage":"pt-BR","potentialAction":[{"@type":"CommentAction","name":"Comment","target":["https:\/\/folhapopular.info\/index.php\/2025\/08\/10\/dia-dos-pais-licoes-exemplos-e-legados-que-atravessam-geracoes\/#respond"]}]},{"@type":"WebPage","@id":"https:\/\/folhapopular.info\/index.php\/2025\/08\/10\/dia-dos-pais-licoes-exemplos-e-legados-que-atravessam-geracoes\/","url":"https:\/\/folhapopular.info\/index.php\/2025\/08\/10\/dia-dos-pais-licoes-exemplos-e-legados-que-atravessam-geracoes\/","name":"Dia dos Pais: Li\u00e7\u00f5es, exemplos e legados que atravessam gera\u00e7\u00f5es - Folha Popular","isPartOf":{"@id":"https:\/\/folhapopular.info\/#website"},"primaryImageOfPage":{"@id":"https:\/\/folhapopular.info\/index.php\/2025\/08\/10\/dia-dos-pais-licoes-exemplos-e-legados-que-atravessam-geracoes\/#primaryimage"},"image":{"@id":"https:\/\/folhapopular.info\/index.php\/2025\/08\/10\/dia-dos-pais-licoes-exemplos-e-legados-que-atravessam-geracoes\/#primaryimage"},"thumbnailUrl":"https:\/\/folhapopular.info\/wp-content\/uploads\/2025\/08\/Ney-Arruda-Pai-e-Filhos.jpeg","datePublished":"2025-08-10T11:00:00+00:00","author":{"@id":"https:\/\/folhapopular.info\/#\/schema\/person\/da0b2794f793376cb5dd908e88ca6911"},"breadcrumb":{"@id":"https:\/\/folhapopular.info\/index.php\/2025\/08\/10\/dia-dos-pais-licoes-exemplos-e-legados-que-atravessam-geracoes\/#breadcrumb"},"inLanguage":"pt-BR","potentialAction":[{"@type":"ReadAction","target":["https:\/\/folhapopular.info\/index.php\/2025\/08\/10\/dia-dos-pais-licoes-exemplos-e-legados-que-atravessam-geracoes\/"]}]},{"@type":"ImageObject","inLanguage":"pt-BR","@id":"https:\/\/folhapopular.info\/index.php\/2025\/08\/10\/dia-dos-pais-licoes-exemplos-e-legados-que-atravessam-geracoes\/#primaryimage","url":"https:\/\/folhapopular.info\/wp-content\/uploads\/2025\/08\/Ney-Arruda-Pai-e-Filhos.jpeg","contentUrl":"https:\/\/folhapopular.info\/wp-content\/uploads\/2025\/08\/Ney-Arruda-Pai-e-Filhos.jpeg","width":1600,"height":1019,"caption":"Ney Arruda Filho carrega na profiss\u00e3o e na vida o legado de um dos l\u00edderes mais importantes da hist\u00f3ria de Lajeado \/ Cr\u00e9dito: Divulga\u00e7\u00e3o"},{"@type":"BreadcrumbList","@id":"https:\/\/folhapopular.info\/index.php\/2025\/08\/10\/dia-dos-pais-licoes-exemplos-e-legados-que-atravessam-geracoes\/#breadcrumb","itemListElement":[{"@type":"ListItem","position":1,"name":"In\u00edcio","item":"https:\/\/folhapopular.info\/"},{"@type":"ListItem","position":2,"name":"Dia dos Pais: Li\u00e7\u00f5es, exemplos e legados que atravessam gera\u00e7\u00f5es"}]},{"@type":"WebSite","@id":"https:\/\/folhapopular.info\/#website","url":"https:\/\/folhapopular.info\/","name":"Folha Popular","description":"Onde voc\u00ea tem vez e voz","potentialAction":[{"@type":"SearchAction","target":{"@type":"EntryPoint","urlTemplate":"https:\/\/folhapopular.info\/?s={search_term_string}"},"query-input":{"@type":"PropertyValueSpecification","valueRequired":true,"valueName":"search_term_string"}}],"inLanguage":"pt-BR"},{"@type":"Person","@id":"https:\/\/folhapopular.info\/#\/schema\/person\/da0b2794f793376cb5dd908e88ca6911","name":"Thiago Maurique","image":{"@type":"ImageObject","inLanguage":"pt-BR","@id":"https:\/\/folhapopular.info\/wp-content\/uploads\/2026\/04\/THIAGO-MAURIQUE-1-1.webp","url":"https:\/\/folhapopular.info\/wp-content\/uploads\/2026\/04\/THIAGO-MAURIQUE-1-1.webp","contentUrl":"https:\/\/folhapopular.info\/wp-content\/uploads\/2026\/04\/THIAGO-MAURIQUE-1-1.webp","caption":"Thiago Maurique"},"url":"https:\/\/folhapopular.info\/index.php\/author\/thiago-maurique\/"}]}},"jetpack_featured_media_url":"https:\/\/folhapopular.info\/wp-content\/uploads\/2025\/08\/Ney-Arruda-Pai-e-Filhos.jpeg","jetpack_sharing_enabled":true,"amp_enabled":true,"_links":{"self":[{"href":"https:\/\/folhapopular.info\/index.php\/wp-json\/wp\/v2\/posts\/191647","targetHints":{"allow":["GET"]}}],"collection":[{"href":"https:\/\/folhapopular.info\/index.php\/wp-json\/wp\/v2\/posts"}],"about":[{"href":"https:\/\/folhapopular.info\/index.php\/wp-json\/wp\/v2\/types\/post"}],"author":[{"embeddable":true,"href":"https:\/\/folhapopular.info\/index.php\/wp-json\/wp\/v2\/users\/771"}],"replies":[{"embeddable":true,"href":"https:\/\/folhapopular.info\/index.php\/wp-json\/wp\/v2\/comments?post=191647"}],"version-history":[{"count":0,"href":"https:\/\/folhapopular.info\/index.php\/wp-json\/wp\/v2\/posts\/191647\/revisions"}],"wp:featuredmedia":[{"embeddable":true,"href":"https:\/\/folhapopular.info\/index.php\/wp-json\/wp\/v2\/media\/191648"}],"wp:attachment":[{"href":"https:\/\/folhapopular.info\/index.php\/wp-json\/wp\/v2\/media?parent=191647"}],"wp:term":[{"taxonomy":"category","embeddable":true,"href":"https:\/\/folhapopular.info\/index.php\/wp-json\/wp\/v2\/categories?post=191647"},{"taxonomy":"post_tag","embeddable":true,"href":"https:\/\/folhapopular.info\/index.php\/wp-json\/wp\/v2\/tags?post=191647"}],"curies":[{"name":"wp","href":"https:\/\/api.w.org\/{rel}","templated":true}]}}