{"id":191748,"date":"2025-08-11T11:09:25","date_gmt":"2025-08-11T14:09:25","guid":{"rendered":"https:\/\/folhapopular.info\/?p=191748"},"modified":"2025-08-12T10:50:09","modified_gmt":"2025-08-12T13:50:09","slug":"tarifas-dos-eua-ao-brasil-e-seus-impactos-no-vale-do-taquari","status":"publish","type":"post","link":"https:\/\/folhapopular.info\/index.php\/2025\/08\/11\/tarifas-dos-eua-ao-brasil-e-seus-impactos-no-vale-do-taquari\/","title":{"rendered":"Tarifas dos EUA ao Brasil e seus Impactos no Vale do Taquari"},"content":{"rendered":"\n<p>O professor Mateus Dalmaz, docente de Hist\u00f3ria e Rela\u00e7\u00f5es Internacionais da Univates, comenta que a recente imposi\u00e7\u00e3o de uma tarifa de 50% pelos Estados Unidos sobre determinados produtos brasileiros carrega um forte componente pol\u00edtico, al\u00e9m do econ\u00f4mico. Segundo ele, essa medida n\u00e3o \u00e9 apenas uma estrat\u00e9gia comercial, mas tamb\u00e9m um instrumento de press\u00e3o pol\u00edtica, tanto no Brasil quanto em outros pa\u00edses como a \u00cdndia e a \u00c1frica do Sul.<\/p>\n\n\n\n<p>Dalmaz destaca que, tradicionalmente, as quest\u00f5es pol\u00edticas internas n\u00e3o costumam permear a pol\u00edtica externa de forma t\u00e3o direta. No entanto, na gest\u00e3o atual americana, especialmente durante o governo Trump, essa divis\u00e3o tem sido rompida, transformando a pol\u00edtica externa em uma extens\u00e3o da pol\u00edtica dom\u00e9stica e buscando agradar um eleitorado conservador.<\/p>\n\n\n\n<h3 class=\"wp-block-heading\"><strong>Pol\u00edtica externa dos EUA e consequ\u00eancias globais<\/strong><\/h3>\n\n\n\n<p>O professor enfatiza que essa mistura entre pol\u00edtica interna e externa provoca incertezas no cen\u00e1rio internacional, levando outros pa\u00edses a buscarem parcerias mais diversificadas e fortalecerem o multilateralismo. Ele cita que at\u00e9 aliados hist\u00f3ricos dos EUA, como Canad\u00e1, pa\u00edses europeus e Jap\u00e3o, sofreram tarifas elevadas, o que tem fortalecido alternativas como o grupo BRICS, que, apesar de n\u00e3o ser um bloco econ\u00f4mico formal, funciona como uma rede de neg\u00f3cios que se consolida em contraponto \u00e0 imprevisibilidade dos Estados Unidos.<\/p>\n\n\n\n<p>Sobre o sistema de pagamentos brasileiro PIX, Dalmaz ressalta que os EUA t\u00eam uma postura protecionista, preocupados com a competitividade do PIX frente aos cart\u00f5es de cr\u00e9dito americanos. Para ele, essa rea\u00e7\u00e3o demonstra uma contradi\u00e7\u00e3o dos Estados Unidos, que historicamente defendiam o livre com\u00e9rcio e o liberalismo econ\u00f4mico, mas agora agem com protecionismo para proteger seus interesses.<\/p>\n\n\n\n<p>Esse comportamento evidencia que os EUA reconhecem que sua hegemonia econ\u00f4mica est\u00e1 sendo desafiada por outros polos, o que gera um cen\u00e1rio multipolar no com\u00e9rcio internacional, onde os Estados Unidos tentam mudar as regras do jogo para se manterem competitivos.<\/p>\n\n\n\n<h3 class=\"wp-block-heading\"><strong>Impactos para o Rio Grande do Sul e o Vale do Taquari<\/strong><\/h3>\n\n\n\n<p>Dalmaz aponta que o Rio Grande do Sul foi parcialmente poupado da lista de produtos atingidos pelo tarifa\u00e7o, especialmente em setores tradicionais do estado, como o tabaco, cal\u00e7ados e produtos prim\u00e1rios. Contudo, ressalta a import\u00e2ncia da manuten\u00e7\u00e3o e aprofundamento do di\u00e1logo bilateral para proteger e fortalecer os setores exportadores da regi\u00e3o.<\/p>\n\n\n\n<p>Ele menciona que as negocia\u00e7\u00f5es ocorrem em v\u00e1rios n\u00edveis, incluindo contatos entre ministros da Fazenda e secret\u00e1rios do Tesouro, al\u00e9m de iniciativas da sociedade civil, como c\u00e2maras de com\u00e9rcio bilaterais. Apesar desses canais, a influ\u00eancia pol\u00edtica interna brasileira \u2014 especialmente a presen\u00e7a de grupos aliados \u00e0 postura americana \u2014 tem retardado um acordo mais r\u00e1pido.<\/p>\n\n\n\n<h3 class=\"wp-block-heading\"><strong>Diferen\u00e7as entre as tarifas de abril e o atual tarifa\u00e7\u00e3o<\/strong><\/h3>\n\n\n\n<p>Segundo o professor, o tarifa\u00e7o atual representa uma mudan\u00e7a clara na pol\u00edtica externa americana em rela\u00e7\u00e3o a governos anteriores. A estrat\u00e9gia \u00e9 proteger o mercado interno americano diante da concorr\u00eancia externa e da desindustrializa\u00e7\u00e3o, incentivando tamb\u00e9m a realoca\u00e7\u00e3o de empresas estrangeiras para os EUA como contrapartida para a redu\u00e7\u00e3o das tarifas.<\/p>\n\n\n\n<p>Ele explica que essa \u201cchantagem tarif\u00e1ria\u201d se baseia na imposi\u00e7\u00e3o de tarifas elevadas, com propostas para que os pa\u00edses negociem a redu\u00e7\u00e3o aceitando medidas como a transfer\u00eancia de empresas para solo americano, o que evidencia um vi\u00e9s protecionista e uma postura menos racional e mais pol\u00edtica.<\/p>\n\n\n\n<p><strong>O entrave pol\u00edtico e judici\u00e1rio nas negocia\u00e7\u00f5es<br><\/strong>Dalmaz destaca que, no caso brasileiro, o entrave maior est\u00e1 na sobreposi\u00e7\u00e3o das quest\u00f5es comerciais com as demandas pol\u00edticas e judici\u00e1rias impostas pelos EUA. O governo brasileiro pode negociar tarifas e com\u00e9rcio, mas n\u00e3o tem compet\u00eancia para interferir no judici\u00e1rio, que est\u00e1 sendo usado como parte da press\u00e3o americana.<\/p>\n\n\n\n<p>Essa mistura dificulta o avan\u00e7o das negocia\u00e7\u00f5es, pois enquanto o executivo brasileiro demonstra abertura para o di\u00e1logo, n\u00e3o pode responder \u00e0s demandas judiciais, gerando um impasse que se sustenta pela espera estrat\u00e9gica dos EUA sobre poss\u00edveis mudan\u00e7as pol\u00edticas internas.<\/p>\n","protected":false},"excerpt":{"rendered":"<p>O professor Mateus Dalmaz, docente de Hist\u00f3ria e Rela\u00e7\u00f5es Internacionais da Univates, comenta que a recente imposi\u00e7\u00e3o de uma tarifa de 50% pelos Estados Unidos sobre determinados produtos brasileiros carrega um forte componente pol\u00edtico, al\u00e9m do econ\u00f4mico. Segundo ele, essa medida n\u00e3o \u00e9 apenas uma estrat\u00e9gia comercial, mas tamb\u00e9m um instrumento de press\u00e3o pol\u00edtica, tanto [&hellip;]<\/p>\n","protected":false},"author":8,"featured_media":191752,"comment_status":"open","ping_status":"open","sticky":false,"template":"","format":"standard","meta":{"pmpro_default_level":"","_jetpack_memberships_contains_paid_content":false,"footnotes":""},"categories":[10991,12473],"tags":[],"class_list":{"0":"post-191748","1":"post","2":"type-post","3":"status-publish","4":"format-standard","5":"has-post-thumbnail","7":"category-economia","8":"category-negocios","9":"pmpro-has-access"},"yoast_head":"<!-- This site is optimized with the Yoast SEO plugin v27.5 - https:\/\/yoast.com\/product\/yoast-seo-wordpress\/ -->\n<title>Tarifas dos EUA ao Brasil e seus Impactos no Vale do Taquari - Folha Popular<\/title>\n<meta name=\"robots\" content=\"index, follow, max-snippet:-1, max-image-preview:large, max-video-preview:-1\" \/>\n<link rel=\"canonical\" href=\"https:\/\/folhapopular.info\/index.php\/2025\/08\/11\/tarifas-dos-eua-ao-brasil-e-seus-impactos-no-vale-do-taquari\/\" \/>\n<meta property=\"og:locale\" content=\"pt_BR\" \/>\n<meta property=\"og:type\" content=\"article\" \/>\n<meta property=\"og:title\" content=\"Tarifas dos EUA ao Brasil e seus Impactos no Vale do Taquari - Folha Popular\" \/>\n<meta property=\"og:description\" content=\"O professor Mateus Dalmaz, docente de Hist\u00f3ria e Rela\u00e7\u00f5es Internacionais da Univates, comenta que a recente imposi\u00e7\u00e3o de uma tarifa de 50% pelos Estados Unidos sobre determinados produtos brasileiros carrega um forte componente pol\u00edtico, al\u00e9m do econ\u00f4mico. Segundo ele, essa medida n\u00e3o \u00e9 apenas uma estrat\u00e9gia comercial, mas tamb\u00e9m um instrumento de press\u00e3o pol\u00edtica, tanto [&hellip;]\" \/>\n<meta property=\"og:url\" content=\"https:\/\/folhapopular.info\/index.php\/2025\/08\/11\/tarifas-dos-eua-ao-brasil-e-seus-impactos-no-vale-do-taquari\/\" \/>\n<meta property=\"og:site_name\" content=\"Folha Popular\" \/>\n<meta property=\"article:published_time\" content=\"2025-08-11T14:09:25+00:00\" \/>\n<meta property=\"article:modified_time\" content=\"2025-08-12T13:50:09+00:00\" \/>\n<meta property=\"og:image\" content=\"http:\/\/folhapopular.info\/wp-content\/uploads\/2025\/08\/20230217140216_0a28141766e4d7b24ddb9a27f647747a3dfcfe9243d8a74dc7477d5a3b4c264f.webp\" \/>\n\t<meta property=\"og:image:width\" content=\"1280\" \/>\n\t<meta property=\"og:image:height\" content=\"600\" \/>\n\t<meta property=\"og:image:type\" content=\"image\/webp\" \/>\n<meta name=\"author\" content=\"Reda\u00e7\u00e3o Folha Popular\" \/>\n<meta name=\"twitter:card\" content=\"summary_large_image\" \/>\n<meta name=\"twitter:label1\" content=\"Escrito por\" \/>\n\t<meta name=\"twitter:data1\" content=\"Reda\u00e7\u00e3o Folha Popular\" \/>\n\t<meta name=\"twitter:label2\" content=\"Est. tempo de leitura\" \/>\n\t<meta name=\"twitter:data2\" content=\"4 minutos\" \/>\n<script type=\"application\/ld+json\" class=\"yoast-schema-graph\">{\"@context\":\"https:\\\/\\\/schema.org\",\"@graph\":[{\"@type\":\"Article\",\"@id\":\"https:\\\/\\\/folhapopular.info\\\/index.php\\\/2025\\\/08\\\/11\\\/tarifas-dos-eua-ao-brasil-e-seus-impactos-no-vale-do-taquari\\\/#article\",\"isPartOf\":{\"@id\":\"https:\\\/\\\/folhapopular.info\\\/index.php\\\/2025\\\/08\\\/11\\\/tarifas-dos-eua-ao-brasil-e-seus-impactos-no-vale-do-taquari\\\/\"},\"author\":{\"name\":\"Reda\u00e7\u00e3o Folha Popular\",\"@id\":\"https:\\\/\\\/folhapopular.info\\\/#\\\/schema\\\/person\\\/2814e8a0df7643585a9ca38bc6eb9d4b\"},\"headline\":\"Tarifas dos EUA ao Brasil e seus Impactos no Vale do Taquari\",\"datePublished\":\"2025-08-11T14:09:25+00:00\",\"dateModified\":\"2025-08-12T13:50:09+00:00\",\"mainEntityOfPage\":{\"@id\":\"https:\\\/\\\/folhapopular.info\\\/index.php\\\/2025\\\/08\\\/11\\\/tarifas-dos-eua-ao-brasil-e-seus-impactos-no-vale-do-taquari\\\/\"},\"wordCount\":728,\"commentCount\":0,\"image\":{\"@id\":\"https:\\\/\\\/folhapopular.info\\\/index.php\\\/2025\\\/08\\\/11\\\/tarifas-dos-eua-ao-brasil-e-seus-impactos-no-vale-do-taquari\\\/#primaryimage\"},\"thumbnailUrl\":\"https:\\\/\\\/folhapopular.info\\\/wp-content\\\/uploads\\\/2025\\\/08\\\/20230217140216_0a28141766e4d7b24ddb9a27f647747a3dfcfe9243d8a74dc7477d5a3b4c264f.webp\",\"articleSection\":[\"Economia\",\"Neg\u00f3cios\"],\"inLanguage\":\"pt-BR\",\"potentialAction\":[{\"@type\":\"CommentAction\",\"name\":\"Comment\",\"target\":[\"https:\\\/\\\/folhapopular.info\\\/index.php\\\/2025\\\/08\\\/11\\\/tarifas-dos-eua-ao-brasil-e-seus-impactos-no-vale-do-taquari\\\/#respond\"]}]},{\"@type\":\"WebPage\",\"@id\":\"https:\\\/\\\/folhapopular.info\\\/index.php\\\/2025\\\/08\\\/11\\\/tarifas-dos-eua-ao-brasil-e-seus-impactos-no-vale-do-taquari\\\/\",\"url\":\"https:\\\/\\\/folhapopular.info\\\/index.php\\\/2025\\\/08\\\/11\\\/tarifas-dos-eua-ao-brasil-e-seus-impactos-no-vale-do-taquari\\\/\",\"name\":\"Tarifas dos EUA ao Brasil e seus Impactos no Vale do Taquari - Folha Popular\",\"isPartOf\":{\"@id\":\"https:\\\/\\\/folhapopular.info\\\/#website\"},\"primaryImageOfPage\":{\"@id\":\"https:\\\/\\\/folhapopular.info\\\/index.php\\\/2025\\\/08\\\/11\\\/tarifas-dos-eua-ao-brasil-e-seus-impactos-no-vale-do-taquari\\\/#primaryimage\"},\"image\":{\"@id\":\"https:\\\/\\\/folhapopular.info\\\/index.php\\\/2025\\\/08\\\/11\\\/tarifas-dos-eua-ao-brasil-e-seus-impactos-no-vale-do-taquari\\\/#primaryimage\"},\"thumbnailUrl\":\"https:\\\/\\\/folhapopular.info\\\/wp-content\\\/uploads\\\/2025\\\/08\\\/20230217140216_0a28141766e4d7b24ddb9a27f647747a3dfcfe9243d8a74dc7477d5a3b4c264f.webp\",\"datePublished\":\"2025-08-11T14:09:25+00:00\",\"dateModified\":\"2025-08-12T13:50:09+00:00\",\"author\":{\"@id\":\"https:\\\/\\\/folhapopular.info\\\/#\\\/schema\\\/person\\\/2814e8a0df7643585a9ca38bc6eb9d4b\"},\"breadcrumb\":{\"@id\":\"https:\\\/\\\/folhapopular.info\\\/index.php\\\/2025\\\/08\\\/11\\\/tarifas-dos-eua-ao-brasil-e-seus-impactos-no-vale-do-taquari\\\/#breadcrumb\"},\"inLanguage\":\"pt-BR\",\"potentialAction\":[{\"@type\":\"ReadAction\",\"target\":[\"https:\\\/\\\/folhapopular.info\\\/index.php\\\/2025\\\/08\\\/11\\\/tarifas-dos-eua-ao-brasil-e-seus-impactos-no-vale-do-taquari\\\/\"]}]},{\"@type\":\"ImageObject\",\"inLanguage\":\"pt-BR\",\"@id\":\"https:\\\/\\\/folhapopular.info\\\/index.php\\\/2025\\\/08\\\/11\\\/tarifas-dos-eua-ao-brasil-e-seus-impactos-no-vale-do-taquari\\\/#primaryimage\",\"url\":\"https:\\\/\\\/folhapopular.info\\\/wp-content\\\/uploads\\\/2025\\\/08\\\/20230217140216_0a28141766e4d7b24ddb9a27f647747a3dfcfe9243d8a74dc7477d5a3b4c264f.webp\",\"contentUrl\":\"https:\\\/\\\/folhapopular.info\\\/wp-content\\\/uploads\\\/2025\\\/08\\\/20230217140216_0a28141766e4d7b24ddb9a27f647747a3dfcfe9243d8a74dc7477d5a3b4c264f.webp\",\"width\":1280,\"height\":600},{\"@type\":\"BreadcrumbList\",\"@id\":\"https:\\\/\\\/folhapopular.info\\\/index.php\\\/2025\\\/08\\\/11\\\/tarifas-dos-eua-ao-brasil-e-seus-impactos-no-vale-do-taquari\\\/#breadcrumb\",\"itemListElement\":[{\"@type\":\"ListItem\",\"position\":1,\"name\":\"In\u00edcio\",\"item\":\"https:\\\/\\\/folhapopular.info\\\/\"},{\"@type\":\"ListItem\",\"position\":2,\"name\":\"Tarifas dos EUA ao Brasil e seus Impactos no Vale do Taquari\"}]},{\"@type\":\"WebSite\",\"@id\":\"https:\\\/\\\/folhapopular.info\\\/#website\",\"url\":\"https:\\\/\\\/folhapopular.info\\\/\",\"name\":\"Folha Popular\",\"description\":\"Onde voc\u00ea tem vez e voz\",\"potentialAction\":[{\"@type\":\"SearchAction\",\"target\":{\"@type\":\"EntryPoint\",\"urlTemplate\":\"https:\\\/\\\/folhapopular.info\\\/?s={search_term_string}\"},\"query-input\":{\"@type\":\"PropertyValueSpecification\",\"valueRequired\":true,\"valueName\":\"search_term_string\"}}],\"inLanguage\":\"pt-BR\"},{\"@type\":\"Person\",\"@id\":\"https:\\\/\\\/folhapopular.info\\\/#\\\/schema\\\/person\\\/2814e8a0df7643585a9ca38bc6eb9d4b\",\"name\":\"Reda\u00e7\u00e3o Folha Popular\",\"image\":{\"@type\":\"ImageObject\",\"inLanguage\":\"pt-BR\",\"@id\":\"https:\\\/\\\/folhapopular.info\\\/wp-content\\\/uploads\\\/2026\\\/04\\\/Folha-1.webp\",\"url\":\"https:\\\/\\\/folhapopular.info\\\/wp-content\\\/uploads\\\/2026\\\/04\\\/Folha-1.webp\",\"contentUrl\":\"https:\\\/\\\/folhapopular.info\\\/wp-content\\\/uploads\\\/2026\\\/04\\\/Folha-1.webp\",\"caption\":\"Reda\u00e7\u00e3o Folha Popular\"},\"url\":\"https:\\\/\\\/folhapopular.info\\\/index.php\\\/author\\\/redacao\\\/\"}]}<\/script>\n<!-- \/ Yoast SEO plugin. -->","yoast_head_json":{"title":"Tarifas dos EUA ao Brasil e seus Impactos no Vale do Taquari - Folha Popular","robots":{"index":"index","follow":"follow","max-snippet":"max-snippet:-1","max-image-preview":"max-image-preview:large","max-video-preview":"max-video-preview:-1"},"canonical":"https:\/\/folhapopular.info\/index.php\/2025\/08\/11\/tarifas-dos-eua-ao-brasil-e-seus-impactos-no-vale-do-taquari\/","og_locale":"pt_BR","og_type":"article","og_title":"Tarifas dos EUA ao Brasil e seus Impactos no Vale do Taquari - Folha Popular","og_description":"O professor Mateus Dalmaz, docente de Hist\u00f3ria e Rela\u00e7\u00f5es Internacionais da Univates, comenta que a recente imposi\u00e7\u00e3o de uma tarifa de 50% pelos Estados Unidos sobre determinados produtos brasileiros carrega um forte componente pol\u00edtico, al\u00e9m do econ\u00f4mico. Segundo ele, essa medida n\u00e3o \u00e9 apenas uma estrat\u00e9gia comercial, mas tamb\u00e9m um instrumento de press\u00e3o pol\u00edtica, tanto [&hellip;]","og_url":"https:\/\/folhapopular.info\/index.php\/2025\/08\/11\/tarifas-dos-eua-ao-brasil-e-seus-impactos-no-vale-do-taquari\/","og_site_name":"Folha Popular","article_published_time":"2025-08-11T14:09:25+00:00","article_modified_time":"2025-08-12T13:50:09+00:00","og_image":[{"width":1280,"height":600,"url":"http:\/\/folhapopular.info\/wp-content\/uploads\/2025\/08\/20230217140216_0a28141766e4d7b24ddb9a27f647747a3dfcfe9243d8a74dc7477d5a3b4c264f.webp","type":"image\/webp"}],"author":"Reda\u00e7\u00e3o Folha Popular","twitter_card":"summary_large_image","twitter_misc":{"Escrito por":"Reda\u00e7\u00e3o Folha Popular","Est. tempo de leitura":"4 minutos"},"schema":{"@context":"https:\/\/schema.org","@graph":[{"@type":"Article","@id":"https:\/\/folhapopular.info\/index.php\/2025\/08\/11\/tarifas-dos-eua-ao-brasil-e-seus-impactos-no-vale-do-taquari\/#article","isPartOf":{"@id":"https:\/\/folhapopular.info\/index.php\/2025\/08\/11\/tarifas-dos-eua-ao-brasil-e-seus-impactos-no-vale-do-taquari\/"},"author":{"name":"Reda\u00e7\u00e3o Folha Popular","@id":"https:\/\/folhapopular.info\/#\/schema\/person\/2814e8a0df7643585a9ca38bc6eb9d4b"},"headline":"Tarifas dos EUA ao Brasil e seus Impactos no Vale do Taquari","datePublished":"2025-08-11T14:09:25+00:00","dateModified":"2025-08-12T13:50:09+00:00","mainEntityOfPage":{"@id":"https:\/\/folhapopular.info\/index.php\/2025\/08\/11\/tarifas-dos-eua-ao-brasil-e-seus-impactos-no-vale-do-taquari\/"},"wordCount":728,"commentCount":0,"image":{"@id":"https:\/\/folhapopular.info\/index.php\/2025\/08\/11\/tarifas-dos-eua-ao-brasil-e-seus-impactos-no-vale-do-taquari\/#primaryimage"},"thumbnailUrl":"https:\/\/folhapopular.info\/wp-content\/uploads\/2025\/08\/20230217140216_0a28141766e4d7b24ddb9a27f647747a3dfcfe9243d8a74dc7477d5a3b4c264f.webp","articleSection":["Economia","Neg\u00f3cios"],"inLanguage":"pt-BR","potentialAction":[{"@type":"CommentAction","name":"Comment","target":["https:\/\/folhapopular.info\/index.php\/2025\/08\/11\/tarifas-dos-eua-ao-brasil-e-seus-impactos-no-vale-do-taquari\/#respond"]}]},{"@type":"WebPage","@id":"https:\/\/folhapopular.info\/index.php\/2025\/08\/11\/tarifas-dos-eua-ao-brasil-e-seus-impactos-no-vale-do-taquari\/","url":"https:\/\/folhapopular.info\/index.php\/2025\/08\/11\/tarifas-dos-eua-ao-brasil-e-seus-impactos-no-vale-do-taquari\/","name":"Tarifas dos EUA ao Brasil e seus Impactos no Vale do Taquari - Folha Popular","isPartOf":{"@id":"https:\/\/folhapopular.info\/#website"},"primaryImageOfPage":{"@id":"https:\/\/folhapopular.info\/index.php\/2025\/08\/11\/tarifas-dos-eua-ao-brasil-e-seus-impactos-no-vale-do-taquari\/#primaryimage"},"image":{"@id":"https:\/\/folhapopular.info\/index.php\/2025\/08\/11\/tarifas-dos-eua-ao-brasil-e-seus-impactos-no-vale-do-taquari\/#primaryimage"},"thumbnailUrl":"https:\/\/folhapopular.info\/wp-content\/uploads\/2025\/08\/20230217140216_0a28141766e4d7b24ddb9a27f647747a3dfcfe9243d8a74dc7477d5a3b4c264f.webp","datePublished":"2025-08-11T14:09:25+00:00","dateModified":"2025-08-12T13:50:09+00:00","author":{"@id":"https:\/\/folhapopular.info\/#\/schema\/person\/2814e8a0df7643585a9ca38bc6eb9d4b"},"breadcrumb":{"@id":"https:\/\/folhapopular.info\/index.php\/2025\/08\/11\/tarifas-dos-eua-ao-brasil-e-seus-impactos-no-vale-do-taquari\/#breadcrumb"},"inLanguage":"pt-BR","potentialAction":[{"@type":"ReadAction","target":["https:\/\/folhapopular.info\/index.php\/2025\/08\/11\/tarifas-dos-eua-ao-brasil-e-seus-impactos-no-vale-do-taquari\/"]}]},{"@type":"ImageObject","inLanguage":"pt-BR","@id":"https:\/\/folhapopular.info\/index.php\/2025\/08\/11\/tarifas-dos-eua-ao-brasil-e-seus-impactos-no-vale-do-taquari\/#primaryimage","url":"https:\/\/folhapopular.info\/wp-content\/uploads\/2025\/08\/20230217140216_0a28141766e4d7b24ddb9a27f647747a3dfcfe9243d8a74dc7477d5a3b4c264f.webp","contentUrl":"https:\/\/folhapopular.info\/wp-content\/uploads\/2025\/08\/20230217140216_0a28141766e4d7b24ddb9a27f647747a3dfcfe9243d8a74dc7477d5a3b4c264f.webp","width":1280,"height":600},{"@type":"BreadcrumbList","@id":"https:\/\/folhapopular.info\/index.php\/2025\/08\/11\/tarifas-dos-eua-ao-brasil-e-seus-impactos-no-vale-do-taquari\/#breadcrumb","itemListElement":[{"@type":"ListItem","position":1,"name":"In\u00edcio","item":"https:\/\/folhapopular.info\/"},{"@type":"ListItem","position":2,"name":"Tarifas dos EUA ao Brasil e seus Impactos no Vale do Taquari"}]},{"@type":"WebSite","@id":"https:\/\/folhapopular.info\/#website","url":"https:\/\/folhapopular.info\/","name":"Folha Popular","description":"Onde voc\u00ea tem vez e voz","potentialAction":[{"@type":"SearchAction","target":{"@type":"EntryPoint","urlTemplate":"https:\/\/folhapopular.info\/?s={search_term_string}"},"query-input":{"@type":"PropertyValueSpecification","valueRequired":true,"valueName":"search_term_string"}}],"inLanguage":"pt-BR"},{"@type":"Person","@id":"https:\/\/folhapopular.info\/#\/schema\/person\/2814e8a0df7643585a9ca38bc6eb9d4b","name":"Reda\u00e7\u00e3o Folha Popular","image":{"@type":"ImageObject","inLanguage":"pt-BR","@id":"https:\/\/folhapopular.info\/wp-content\/uploads\/2026\/04\/Folha-1.webp","url":"https:\/\/folhapopular.info\/wp-content\/uploads\/2026\/04\/Folha-1.webp","contentUrl":"https:\/\/folhapopular.info\/wp-content\/uploads\/2026\/04\/Folha-1.webp","caption":"Reda\u00e7\u00e3o Folha Popular"},"url":"https:\/\/folhapopular.info\/index.php\/author\/redacao\/"}]}},"jetpack_featured_media_url":"https:\/\/folhapopular.info\/wp-content\/uploads\/2025\/08\/20230217140216_0a28141766e4d7b24ddb9a27f647747a3dfcfe9243d8a74dc7477d5a3b4c264f.webp","jetpack_sharing_enabled":true,"amp_enabled":true,"_links":{"self":[{"href":"https:\/\/folhapopular.info\/index.php\/wp-json\/wp\/v2\/posts\/191748","targetHints":{"allow":["GET"]}}],"collection":[{"href":"https:\/\/folhapopular.info\/index.php\/wp-json\/wp\/v2\/posts"}],"about":[{"href":"https:\/\/folhapopular.info\/index.php\/wp-json\/wp\/v2\/types\/post"}],"author":[{"embeddable":true,"href":"https:\/\/folhapopular.info\/index.php\/wp-json\/wp\/v2\/users\/8"}],"replies":[{"embeddable":true,"href":"https:\/\/folhapopular.info\/index.php\/wp-json\/wp\/v2\/comments?post=191748"}],"version-history":[{"count":0,"href":"https:\/\/folhapopular.info\/index.php\/wp-json\/wp\/v2\/posts\/191748\/revisions"}],"wp:featuredmedia":[{"embeddable":true,"href":"https:\/\/folhapopular.info\/index.php\/wp-json\/wp\/v2\/media\/191752"}],"wp:attachment":[{"href":"https:\/\/folhapopular.info\/index.php\/wp-json\/wp\/v2\/media?parent=191748"}],"wp:term":[{"taxonomy":"category","embeddable":true,"href":"https:\/\/folhapopular.info\/index.php\/wp-json\/wp\/v2\/categories?post=191748"},{"taxonomy":"post_tag","embeddable":true,"href":"https:\/\/folhapopular.info\/index.php\/wp-json\/wp\/v2\/tags?post=191748"}],"curies":[{"name":"wp","href":"https:\/\/api.w.org\/{rel}","templated":true}]}}