{"id":191808,"date":"2025-08-12T13:00:00","date_gmt":"2025-08-12T16:00:00","guid":{"rendered":"https:\/\/folhapopular.info\/?p=191808"},"modified":"2025-08-12T10:04:46","modified_gmt":"2025-08-12T13:04:46","slug":"novo-empreendimento-hoteleiro-inaugura-em-lajeado-com-95-apartamentos","status":"publish","type":"post","link":"https:\/\/folhapopular.info\/index.php\/2025\/08\/12\/novo-empreendimento-hoteleiro-inaugura-em-lajeado-com-95-apartamentos\/","title":{"rendered":"Novo empreendimento hoteleiro inaugura em Lajeado com 95 apartamentos"},"content":{"rendered":"\n<p>Com 95 apartamentos e capacidade para 200 h\u00f3spedes, o Vall\u00e9r Parque Hotel representa uma nova etapa na hotelaria do Vale do Taquari. O empreendimento, que ser\u00e1 inaugurado oficialmente no dia 19 de agosto \u00e0s 19h, est\u00e1 localizado no bairro Alto do Parque, em Lajeado.<\/p>\n\n\n\n<p>O investimento inicial para a constru\u00e7\u00e3o do pr\u00e9dio de seis andares foi de R$ 15 milh\u00f5es. O hotel oferece tr\u00eas tipos de acomoda\u00e7\u00f5es, incluindo quartos fam\u00edlia com cama de casal e solteiro, piso vin\u00edlico, janelas ac\u00fasticas e decora\u00e7\u00e3o especial. A proposta \u00e9 unir conforto, sofistica\u00e7\u00e3o e servi\u00e7os de alto padr\u00e3o com a administra\u00e7\u00e3o familiar, que desde 1980 atua na regi\u00e3o.<\/p>\n\n\n\n<p>O empreendimento tem como p\u00fablico-alvo turistas e executivos, refor\u00e7ando a posi\u00e7\u00e3o de Lajeado como um destino estrat\u00e9gico para diferentes segmentos. Segundo os s\u00f3cios Jairo e Jair Vall\u00e9r, o novo hotel complementa o Vall\u00e9r Montanha Hotel, refer\u00eancia na regi\u00e3o desde a d\u00e9cada de 1980, quando o patriarca Dirceu Vall\u00e9r inaugurou a primeira pousada da fam\u00edlia.<\/p>\n\n\n\n<p>Al\u00e9m de ampliar a presen\u00e7a no setor hoteleiro, o Vall\u00e9r Parque Hotel pretende contribuir para o desenvolvimento do turismo local, especialmente atraindo visitantes interessados em pontos tur\u00edsticos pr\u00f3ximos, como o Cristo Protetor, em Encantado.<\/p>\n\n\n\n<p>O hotel ocupa uma \u00e1rea de dois mil metros quadrados e, em uma segunda fase, deve oferecer comodidades adicionais, como lounge no rooftop, restaurante, salas de eventos, espa\u00e7o kids e academia.<\/p>\n\n\n\n<figure class=\"wp-block-image size-large\"><img loading=\"lazy\" decoding=\"async\" width=\"1024\" height=\"576\" src=\"https:\/\/folhapopular.info\/wp-content\/uploads\/2025\/08\/WhatsApp-Image-2025-08-12-at-09.58.43-1024x576.jpeg\" alt=\"\" class=\"wp-image-191813\" srcset=\"https:\/\/folhapopular.info\/wp-content\/uploads\/2025\/08\/WhatsApp-Image-2025-08-12-at-09.58.43-1024x576.jpeg 1024w, https:\/\/folhapopular.info\/wp-content\/uploads\/2025\/08\/WhatsApp-Image-2025-08-12-at-09.58.43-300x169.jpeg 300w, https:\/\/folhapopular.info\/wp-content\/uploads\/2025\/08\/WhatsApp-Image-2025-08-12-at-09.58.43-768x432.jpeg 768w, https:\/\/folhapopular.info\/wp-content\/uploads\/2025\/08\/WhatsApp-Image-2025-08-12-at-09.58.43-1536x864.jpeg 1536w, https:\/\/folhapopular.info\/wp-content\/uploads\/2025\/08\/WhatsApp-Image-2025-08-12-at-09.58.43-747x420.jpeg 747w, https:\/\/folhapopular.info\/wp-content\/uploads\/2025\/08\/WhatsApp-Image-2025-08-12-at-09.58.43-696x392.jpeg 696w, https:\/\/folhapopular.info\/wp-content\/uploads\/2025\/08\/WhatsApp-Image-2025-08-12-at-09.58.43-1068x601.jpeg 1068w, https:\/\/folhapopular.info\/wp-content\/uploads\/2025\/08\/WhatsApp-Image-2025-08-12-at-09.58.43.jpeg 1600w\" sizes=\"auto, (max-width: 1024px) 100vw, 1024px\" \/><figcaption class=\"wp-element-caption\">Cr\u00e9dito: Divulga\u00e7\u00e3o<\/figcaption><\/figure>\n\n\n\n<p><strong>Inaugura\u00e7\u00e3o:<\/strong><br>Data: 19 de agosto<br>Local: Vall\u00e9r Parque Hotel \u2013 Rua Nossa Senhora do Caravaggio, bairro Alto do Parque, Lajeado<br>Hor\u00e1rio: 19h<br>Reservas: (51) 99935-2514 ou (51) 3714-1413<\/p>\n","protected":false},"excerpt":{"rendered":"<p>Com 95 apartamentos e capacidade para 200 h\u00f3spedes, o Vall\u00e9r Parque Hotel representa uma nova etapa na hotelaria do Vale do Taquari. O empreendimento, que ser\u00e1 inaugurado oficialmente no dia 19 de agosto \u00e0s 19h, est\u00e1 localizado no bairro Alto do Parque, em Lajeado. O investimento inicial para a constru\u00e7\u00e3o do pr\u00e9dio de seis andares [&hellip;]<\/p>\n","protected":false},"author":8,"featured_media":191812,"comment_status":"open","ping_status":"open","sticky":false,"template":"","format":"standard","meta":{"pmpro_default_level":"","_jetpack_memberships_contains_paid_content":false,"footnotes":""},"categories":[2,10991],"tags":[12051,27,19172],"class_list":{"0":"post-191808","1":"post","2":"type-post","3":"status-publish","4":"format-standard","5":"has-post-thumbnail","7":"category-featured","8":"category-economia","9":"tag-hotel","10":"tag-lajeado","11":"tag-valler","12":"pmpro-has-access"},"yoast_head":"<!-- This site is optimized with the Yoast SEO plugin v27.5 - https:\/\/yoast.com\/product\/yoast-seo-wordpress\/ -->\n<title>Novo empreendimento hoteleiro inaugura em Lajeado com 95 apartamentos - Folha Popular<\/title>\n<meta name=\"robots\" content=\"index, follow, max-snippet:-1, max-image-preview:large, max-video-preview:-1\" \/>\n<link rel=\"canonical\" href=\"https:\/\/folhapopular.info\/index.php\/2025\/08\/12\/novo-empreendimento-hoteleiro-inaugura-em-lajeado-com-95-apartamentos\/\" \/>\n<meta property=\"og:locale\" content=\"pt_BR\" \/>\n<meta property=\"og:type\" content=\"article\" \/>\n<meta property=\"og:title\" content=\"Novo empreendimento hoteleiro inaugura em Lajeado com 95 apartamentos - Folha Popular\" \/>\n<meta property=\"og:description\" content=\"Com 95 apartamentos e capacidade para 200 h\u00f3spedes, o Vall\u00e9r Parque Hotel representa uma nova etapa na hotelaria do Vale do Taquari. O empreendimento, que ser\u00e1 inaugurado oficialmente no dia 19 de agosto \u00e0s 19h, est\u00e1 localizado no bairro Alto do Parque, em Lajeado. O investimento inicial para a constru\u00e7\u00e3o do pr\u00e9dio de seis andares [&hellip;]\" \/>\n<meta property=\"og:url\" content=\"https:\/\/folhapopular.info\/index.php\/2025\/08\/12\/novo-empreendimento-hoteleiro-inaugura-em-lajeado-com-95-apartamentos\/\" \/>\n<meta property=\"og:site_name\" content=\"Folha Popular\" \/>\n<meta property=\"article:published_time\" content=\"2025-08-12T16:00:00+00:00\" \/>\n<meta property=\"og:image\" content=\"https:\/\/folhapopular.info\/wp-content\/uploads\/2025\/08\/WhatsApp-Image-2025-08-12-at-09.57.40.jpeg\" \/>\n\t<meta property=\"og:image:width\" content=\"1600\" \/>\n\t<meta property=\"og:image:height\" content=\"900\" \/>\n\t<meta property=\"og:image:type\" content=\"image\/jpeg\" \/>\n<meta name=\"author\" content=\"Reda\u00e7\u00e3o Folha Popular\" \/>\n<meta name=\"twitter:card\" content=\"summary_large_image\" \/>\n<meta name=\"twitter:label1\" content=\"Escrito por\" \/>\n\t<meta name=\"twitter:data1\" content=\"Reda\u00e7\u00e3o Folha Popular\" \/>\n\t<meta name=\"twitter:label2\" content=\"Est. tempo de leitura\" \/>\n\t<meta name=\"twitter:data2\" content=\"2 minutos\" \/>\n<script type=\"application\/ld+json\" class=\"yoast-schema-graph\">{\"@context\":\"https:\\\/\\\/schema.org\",\"@graph\":[{\"@type\":\"Article\",\"@id\":\"https:\\\/\\\/folhapopular.info\\\/index.php\\\/2025\\\/08\\\/12\\\/novo-empreendimento-hoteleiro-inaugura-em-lajeado-com-95-apartamentos\\\/#article\",\"isPartOf\":{\"@id\":\"https:\\\/\\\/folhapopular.info\\\/index.php\\\/2025\\\/08\\\/12\\\/novo-empreendimento-hoteleiro-inaugura-em-lajeado-com-95-apartamentos\\\/\"},\"author\":{\"name\":\"Reda\u00e7\u00e3o Folha Popular\",\"@id\":\"https:\\\/\\\/folhapopular.info\\\/#\\\/schema\\\/person\\\/2814e8a0df7643585a9ca38bc6eb9d4b\"},\"headline\":\"Novo empreendimento hoteleiro inaugura em Lajeado com 95 apartamentos\",\"datePublished\":\"2025-08-12T16:00:00+00:00\",\"mainEntityOfPage\":{\"@id\":\"https:\\\/\\\/folhapopular.info\\\/index.php\\\/2025\\\/08\\\/12\\\/novo-empreendimento-hoteleiro-inaugura-em-lajeado-com-95-apartamentos\\\/\"},\"wordCount\":286,\"commentCount\":0,\"image\":{\"@id\":\"https:\\\/\\\/folhapopular.info\\\/index.php\\\/2025\\\/08\\\/12\\\/novo-empreendimento-hoteleiro-inaugura-em-lajeado-com-95-apartamentos\\\/#primaryimage\"},\"thumbnailUrl\":\"https:\\\/\\\/folhapopular.info\\\/wp-content\\\/uploads\\\/2025\\\/08\\\/WhatsApp-Image-2025-08-12-at-09.57.40.jpeg\",\"keywords\":[\"hotel\",\"Lajeado\",\"Vall\u00e9r\"],\"articleSection\":[\"Destaques\",\"Economia\"],\"inLanguage\":\"pt-BR\",\"potentialAction\":[{\"@type\":\"CommentAction\",\"name\":\"Comment\",\"target\":[\"https:\\\/\\\/folhapopular.info\\\/index.php\\\/2025\\\/08\\\/12\\\/novo-empreendimento-hoteleiro-inaugura-em-lajeado-com-95-apartamentos\\\/#respond\"]}]},{\"@type\":\"WebPage\",\"@id\":\"https:\\\/\\\/folhapopular.info\\\/index.php\\\/2025\\\/08\\\/12\\\/novo-empreendimento-hoteleiro-inaugura-em-lajeado-com-95-apartamentos\\\/\",\"url\":\"https:\\\/\\\/folhapopular.info\\\/index.php\\\/2025\\\/08\\\/12\\\/novo-empreendimento-hoteleiro-inaugura-em-lajeado-com-95-apartamentos\\\/\",\"name\":\"Novo empreendimento hoteleiro inaugura em Lajeado com 95 apartamentos - Folha Popular\",\"isPartOf\":{\"@id\":\"https:\\\/\\\/folhapopular.info\\\/#website\"},\"primaryImageOfPage\":{\"@id\":\"https:\\\/\\\/folhapopular.info\\\/index.php\\\/2025\\\/08\\\/12\\\/novo-empreendimento-hoteleiro-inaugura-em-lajeado-com-95-apartamentos\\\/#primaryimage\"},\"image\":{\"@id\":\"https:\\\/\\\/folhapopular.info\\\/index.php\\\/2025\\\/08\\\/12\\\/novo-empreendimento-hoteleiro-inaugura-em-lajeado-com-95-apartamentos\\\/#primaryimage\"},\"thumbnailUrl\":\"https:\\\/\\\/folhapopular.info\\\/wp-content\\\/uploads\\\/2025\\\/08\\\/WhatsApp-Image-2025-08-12-at-09.57.40.jpeg\",\"datePublished\":\"2025-08-12T16:00:00+00:00\",\"author\":{\"@id\":\"https:\\\/\\\/folhapopular.info\\\/#\\\/schema\\\/person\\\/2814e8a0df7643585a9ca38bc6eb9d4b\"},\"breadcrumb\":{\"@id\":\"https:\\\/\\\/folhapopular.info\\\/index.php\\\/2025\\\/08\\\/12\\\/novo-empreendimento-hoteleiro-inaugura-em-lajeado-com-95-apartamentos\\\/#breadcrumb\"},\"inLanguage\":\"pt-BR\",\"potentialAction\":[{\"@type\":\"ReadAction\",\"target\":[\"https:\\\/\\\/folhapopular.info\\\/index.php\\\/2025\\\/08\\\/12\\\/novo-empreendimento-hoteleiro-inaugura-em-lajeado-com-95-apartamentos\\\/\"]}]},{\"@type\":\"ImageObject\",\"inLanguage\":\"pt-BR\",\"@id\":\"https:\\\/\\\/folhapopular.info\\\/index.php\\\/2025\\\/08\\\/12\\\/novo-empreendimento-hoteleiro-inaugura-em-lajeado-com-95-apartamentos\\\/#primaryimage\",\"url\":\"https:\\\/\\\/folhapopular.info\\\/wp-content\\\/uploads\\\/2025\\\/08\\\/WhatsApp-Image-2025-08-12-at-09.57.40.jpeg\",\"contentUrl\":\"https:\\\/\\\/folhapopular.info\\\/wp-content\\\/uploads\\\/2025\\\/08\\\/WhatsApp-Image-2025-08-12-at-09.57.40.jpeg\",\"width\":1600,\"height\":900,\"caption\":\"Jairo e Jair Valler \\\/ Cr\u00e9dito: Divulga\u00e7\u00e3o\"},{\"@type\":\"BreadcrumbList\",\"@id\":\"https:\\\/\\\/folhapopular.info\\\/index.php\\\/2025\\\/08\\\/12\\\/novo-empreendimento-hoteleiro-inaugura-em-lajeado-com-95-apartamentos\\\/#breadcrumb\",\"itemListElement\":[{\"@type\":\"ListItem\",\"position\":1,\"name\":\"In\u00edcio\",\"item\":\"https:\\\/\\\/folhapopular.info\\\/\"},{\"@type\":\"ListItem\",\"position\":2,\"name\":\"Novo empreendimento hoteleiro inaugura em Lajeado com 95 apartamentos\"}]},{\"@type\":\"WebSite\",\"@id\":\"https:\\\/\\\/folhapopular.info\\\/#website\",\"url\":\"https:\\\/\\\/folhapopular.info\\\/\",\"name\":\"Folha Popular\",\"description\":\"Onde voc\u00ea tem vez e voz\",\"potentialAction\":[{\"@type\":\"SearchAction\",\"target\":{\"@type\":\"EntryPoint\",\"urlTemplate\":\"https:\\\/\\\/folhapopular.info\\\/?s={search_term_string}\"},\"query-input\":{\"@type\":\"PropertyValueSpecification\",\"valueRequired\":true,\"valueName\":\"search_term_string\"}}],\"inLanguage\":\"pt-BR\"},{\"@type\":\"Person\",\"@id\":\"https:\\\/\\\/folhapopular.info\\\/#\\\/schema\\\/person\\\/2814e8a0df7643585a9ca38bc6eb9d4b\",\"name\":\"Reda\u00e7\u00e3o Folha Popular\",\"image\":{\"@type\":\"ImageObject\",\"inLanguage\":\"pt-BR\",\"@id\":\"https:\\\/\\\/folhapopular.info\\\/wp-content\\\/uploads\\\/2026\\\/04\\\/Folha-1.webp\",\"url\":\"https:\\\/\\\/folhapopular.info\\\/wp-content\\\/uploads\\\/2026\\\/04\\\/Folha-1.webp\",\"contentUrl\":\"https:\\\/\\\/folhapopular.info\\\/wp-content\\\/uploads\\\/2026\\\/04\\\/Folha-1.webp\",\"caption\":\"Reda\u00e7\u00e3o Folha Popular\"},\"url\":\"https:\\\/\\\/folhapopular.info\\\/index.php\\\/author\\\/redacao\\\/\"}]}<\/script>\n<!-- \/ Yoast SEO plugin. -->","yoast_head_json":{"title":"Novo empreendimento hoteleiro inaugura em Lajeado com 95 apartamentos - Folha Popular","robots":{"index":"index","follow":"follow","max-snippet":"max-snippet:-1","max-image-preview":"max-image-preview:large","max-video-preview":"max-video-preview:-1"},"canonical":"https:\/\/folhapopular.info\/index.php\/2025\/08\/12\/novo-empreendimento-hoteleiro-inaugura-em-lajeado-com-95-apartamentos\/","og_locale":"pt_BR","og_type":"article","og_title":"Novo empreendimento hoteleiro inaugura em Lajeado com 95 apartamentos - Folha Popular","og_description":"Com 95 apartamentos e capacidade para 200 h\u00f3spedes, o Vall\u00e9r Parque Hotel representa uma nova etapa na hotelaria do Vale do Taquari. O empreendimento, que ser\u00e1 inaugurado oficialmente no dia 19 de agosto \u00e0s 19h, est\u00e1 localizado no bairro Alto do Parque, em Lajeado. O investimento inicial para a constru\u00e7\u00e3o do pr\u00e9dio de seis andares [&hellip;]","og_url":"https:\/\/folhapopular.info\/index.php\/2025\/08\/12\/novo-empreendimento-hoteleiro-inaugura-em-lajeado-com-95-apartamentos\/","og_site_name":"Folha Popular","article_published_time":"2025-08-12T16:00:00+00:00","og_image":[{"width":1600,"height":900,"url":"https:\/\/folhapopular.info\/wp-content\/uploads\/2025\/08\/WhatsApp-Image-2025-08-12-at-09.57.40.jpeg","type":"image\/jpeg"}],"author":"Reda\u00e7\u00e3o Folha Popular","twitter_card":"summary_large_image","twitter_misc":{"Escrito por":"Reda\u00e7\u00e3o Folha Popular","Est. tempo de leitura":"2 minutos"},"schema":{"@context":"https:\/\/schema.org","@graph":[{"@type":"Article","@id":"https:\/\/folhapopular.info\/index.php\/2025\/08\/12\/novo-empreendimento-hoteleiro-inaugura-em-lajeado-com-95-apartamentos\/#article","isPartOf":{"@id":"https:\/\/folhapopular.info\/index.php\/2025\/08\/12\/novo-empreendimento-hoteleiro-inaugura-em-lajeado-com-95-apartamentos\/"},"author":{"name":"Reda\u00e7\u00e3o Folha Popular","@id":"https:\/\/folhapopular.info\/#\/schema\/person\/2814e8a0df7643585a9ca38bc6eb9d4b"},"headline":"Novo empreendimento hoteleiro inaugura em Lajeado com 95 apartamentos","datePublished":"2025-08-12T16:00:00+00:00","mainEntityOfPage":{"@id":"https:\/\/folhapopular.info\/index.php\/2025\/08\/12\/novo-empreendimento-hoteleiro-inaugura-em-lajeado-com-95-apartamentos\/"},"wordCount":286,"commentCount":0,"image":{"@id":"https:\/\/folhapopular.info\/index.php\/2025\/08\/12\/novo-empreendimento-hoteleiro-inaugura-em-lajeado-com-95-apartamentos\/#primaryimage"},"thumbnailUrl":"https:\/\/folhapopular.info\/wp-content\/uploads\/2025\/08\/WhatsApp-Image-2025-08-12-at-09.57.40.jpeg","keywords":["hotel","Lajeado","Vall\u00e9r"],"articleSection":["Destaques","Economia"],"inLanguage":"pt-BR","potentialAction":[{"@type":"CommentAction","name":"Comment","target":["https:\/\/folhapopular.info\/index.php\/2025\/08\/12\/novo-empreendimento-hoteleiro-inaugura-em-lajeado-com-95-apartamentos\/#respond"]}]},{"@type":"WebPage","@id":"https:\/\/folhapopular.info\/index.php\/2025\/08\/12\/novo-empreendimento-hoteleiro-inaugura-em-lajeado-com-95-apartamentos\/","url":"https:\/\/folhapopular.info\/index.php\/2025\/08\/12\/novo-empreendimento-hoteleiro-inaugura-em-lajeado-com-95-apartamentos\/","name":"Novo empreendimento hoteleiro inaugura em Lajeado com 95 apartamentos - Folha Popular","isPartOf":{"@id":"https:\/\/folhapopular.info\/#website"},"primaryImageOfPage":{"@id":"https:\/\/folhapopular.info\/index.php\/2025\/08\/12\/novo-empreendimento-hoteleiro-inaugura-em-lajeado-com-95-apartamentos\/#primaryimage"},"image":{"@id":"https:\/\/folhapopular.info\/index.php\/2025\/08\/12\/novo-empreendimento-hoteleiro-inaugura-em-lajeado-com-95-apartamentos\/#primaryimage"},"thumbnailUrl":"https:\/\/folhapopular.info\/wp-content\/uploads\/2025\/08\/WhatsApp-Image-2025-08-12-at-09.57.40.jpeg","datePublished":"2025-08-12T16:00:00+00:00","author":{"@id":"https:\/\/folhapopular.info\/#\/schema\/person\/2814e8a0df7643585a9ca38bc6eb9d4b"},"breadcrumb":{"@id":"https:\/\/folhapopular.info\/index.php\/2025\/08\/12\/novo-empreendimento-hoteleiro-inaugura-em-lajeado-com-95-apartamentos\/#breadcrumb"},"inLanguage":"pt-BR","potentialAction":[{"@type":"ReadAction","target":["https:\/\/folhapopular.info\/index.php\/2025\/08\/12\/novo-empreendimento-hoteleiro-inaugura-em-lajeado-com-95-apartamentos\/"]}]},{"@type":"ImageObject","inLanguage":"pt-BR","@id":"https:\/\/folhapopular.info\/index.php\/2025\/08\/12\/novo-empreendimento-hoteleiro-inaugura-em-lajeado-com-95-apartamentos\/#primaryimage","url":"https:\/\/folhapopular.info\/wp-content\/uploads\/2025\/08\/WhatsApp-Image-2025-08-12-at-09.57.40.jpeg","contentUrl":"https:\/\/folhapopular.info\/wp-content\/uploads\/2025\/08\/WhatsApp-Image-2025-08-12-at-09.57.40.jpeg","width":1600,"height":900,"caption":"Jairo e Jair Valler \/ Cr\u00e9dito: Divulga\u00e7\u00e3o"},{"@type":"BreadcrumbList","@id":"https:\/\/folhapopular.info\/index.php\/2025\/08\/12\/novo-empreendimento-hoteleiro-inaugura-em-lajeado-com-95-apartamentos\/#breadcrumb","itemListElement":[{"@type":"ListItem","position":1,"name":"In\u00edcio","item":"https:\/\/folhapopular.info\/"},{"@type":"ListItem","position":2,"name":"Novo empreendimento hoteleiro inaugura em Lajeado com 95 apartamentos"}]},{"@type":"WebSite","@id":"https:\/\/folhapopular.info\/#website","url":"https:\/\/folhapopular.info\/","name":"Folha Popular","description":"Onde voc\u00ea tem vez e voz","potentialAction":[{"@type":"SearchAction","target":{"@type":"EntryPoint","urlTemplate":"https:\/\/folhapopular.info\/?s={search_term_string}"},"query-input":{"@type":"PropertyValueSpecification","valueRequired":true,"valueName":"search_term_string"}}],"inLanguage":"pt-BR"},{"@type":"Person","@id":"https:\/\/folhapopular.info\/#\/schema\/person\/2814e8a0df7643585a9ca38bc6eb9d4b","name":"Reda\u00e7\u00e3o Folha Popular","image":{"@type":"ImageObject","inLanguage":"pt-BR","@id":"https:\/\/folhapopular.info\/wp-content\/uploads\/2026\/04\/Folha-1.webp","url":"https:\/\/folhapopular.info\/wp-content\/uploads\/2026\/04\/Folha-1.webp","contentUrl":"https:\/\/folhapopular.info\/wp-content\/uploads\/2026\/04\/Folha-1.webp","caption":"Reda\u00e7\u00e3o Folha Popular"},"url":"https:\/\/folhapopular.info\/index.php\/author\/redacao\/"}]}},"jetpack_featured_media_url":"https:\/\/folhapopular.info\/wp-content\/uploads\/2025\/08\/WhatsApp-Image-2025-08-12-at-09.57.40.jpeg","jetpack_sharing_enabled":true,"amp_enabled":true,"_links":{"self":[{"href":"https:\/\/folhapopular.info\/index.php\/wp-json\/wp\/v2\/posts\/191808","targetHints":{"allow":["GET"]}}],"collection":[{"href":"https:\/\/folhapopular.info\/index.php\/wp-json\/wp\/v2\/posts"}],"about":[{"href":"https:\/\/folhapopular.info\/index.php\/wp-json\/wp\/v2\/types\/post"}],"author":[{"embeddable":true,"href":"https:\/\/folhapopular.info\/index.php\/wp-json\/wp\/v2\/users\/8"}],"replies":[{"embeddable":true,"href":"https:\/\/folhapopular.info\/index.php\/wp-json\/wp\/v2\/comments?post=191808"}],"version-history":[{"count":0,"href":"https:\/\/folhapopular.info\/index.php\/wp-json\/wp\/v2\/posts\/191808\/revisions"}],"wp:featuredmedia":[{"embeddable":true,"href":"https:\/\/folhapopular.info\/index.php\/wp-json\/wp\/v2\/media\/191812"}],"wp:attachment":[{"href":"https:\/\/folhapopular.info\/index.php\/wp-json\/wp\/v2\/media?parent=191808"}],"wp:term":[{"taxonomy":"category","embeddable":true,"href":"https:\/\/folhapopular.info\/index.php\/wp-json\/wp\/v2\/categories?post=191808"},{"taxonomy":"post_tag","embeddable":true,"href":"https:\/\/folhapopular.info\/index.php\/wp-json\/wp\/v2\/tags?post=191808"}],"curies":[{"name":"wp","href":"https:\/\/api.w.org\/{rel}","templated":true}]}}