{"id":191820,"date":"2025-08-12T11:00:00","date_gmt":"2025-08-12T14:00:00","guid":{"rendered":"https:\/\/folhapopular.info\/?p=191820"},"modified":"2025-08-12T10:31:08","modified_gmt":"2025-08-12T13:31:08","slug":"jovens-empreendedores-do-vale-buscam-inovacao-em-visita-tecnica-a-sao-paulo","status":"publish","type":"post","link":"https:\/\/folhapopular.info\/index.php\/2025\/08\/12\/jovens-empreendedores-do-vale-buscam-inovacao-em-visita-tecnica-a-sao-paulo\/","title":{"rendered":"Jovens Empreendedores do Vale buscam inova\u00e7\u00e3o em visita t\u00e9cnica a S\u00e3o Paulo"},"content":{"rendered":"\n<p>A Associa\u00e7\u00e3o de Jovens Empreendedores do Vale (Ajev), n\u00facleo da Associa\u00e7\u00e3o Comercial e Industrial de Encantado (ACI-E), promove sua segunda visita t\u00e9cnica interestadual entre os dias 13 e 15 de agosto. Nove integrantes do n\u00facleo estar\u00e3o em S\u00e3o Paulo para um roteiro de aprendizado e troca de experi\u00eancias.<\/p>\n\n\n\n<p>Durante a viagem, o grupo visitar\u00e1 institui\u00e7\u00f5es e empresas como o Museu da Bolsa de Valores do Brasil, Associa\u00e7\u00e3o Comercial de S\u00e3o Paulo, Farol Santander, F\u00e1brica da Cacau Show, Natura Cajamar e Cervejaria Nacional.<\/p>\n\n\n\n<p>O coordenador da Ajev, Henrique Moraes, destaca que as visitas t\u00e9cnicas foram incorporadas ao calend\u00e1rio do n\u00facleo no ano passado. \u201cEm 2024, a viagem a Santa Catarina trouxe diversos insights importantes para o nosso n\u00facleo e para as empresas dos participantes. Neste ano, estamos indo mais longe, \u00e0 capital paulista. Mesmo com um grupo menor, a expectativa \u00e9 alta. Nosso objetivo permanece o mesmo: buscar novas ideias e inspira\u00e7\u00f5es para fortalecer o n\u00facleo, a ACI-E e as empresas participantes\u201d, afirmou.<\/p>\n\n\n\n<p>Isabela Moresco, moderadora de N\u00facleos da ACI-E, ressalta a relev\u00e2ncia da imers\u00e3o para o crescimento coletivo. \u201cAl\u00e9m do networking e da troca de experi\u00eancias com outras realidades, essas visitas ampliam a vis\u00e3o sobre gest\u00e3o, inova\u00e7\u00e3o e prop\u00f3sito. \u00c9 um momento em que os empreendedores saem da rotina para refletir sobre seus neg\u00f3cios e o papel que exercem no n\u00facleo\u201d, comentou.<\/p>\n","protected":false},"excerpt":{"rendered":"<p>A Associa\u00e7\u00e3o de Jovens Empreendedores do Vale (Ajev), n\u00facleo da Associa\u00e7\u00e3o Comercial e Industrial de Encantado (ACI-E), promove sua segunda visita t\u00e9cnica interestadual entre os dias 13 e 15 de agosto. Nove integrantes do n\u00facleo estar\u00e3o em S\u00e3o Paulo para um roteiro de aprendizado e troca de experi\u00eancias. Durante a viagem, o grupo visitar\u00e1 institui\u00e7\u00f5es [&hellip;]<\/p>\n","protected":false},"author":8,"featured_media":191822,"comment_status":"open","ping_status":"open","sticky":false,"template":"","format":"standard","meta":{"pmpro_default_level":"","_jetpack_memberships_contains_paid_content":false,"footnotes":""},"categories":[2,10991],"tags":[14945,19174,19175,4857],"class_list":{"0":"post-191820","1":"post","2":"type-post","3":"status-publish","4":"format-standard","5":"has-post-thumbnail","7":"category-featured","8":"category-economia","9":"tag-aci-e","10":"tag-ajev","11":"tag-associacao-de-jovens-empreendedores-do-vale","12":"tag-sao-paulo","13":"pmpro-has-access"},"yoast_head":"<!-- This site is optimized with the Yoast SEO plugin v27.5 - https:\/\/yoast.com\/product\/yoast-seo-wordpress\/ -->\n<title>Jovens Empreendedores do Vale buscam inova\u00e7\u00e3o em visita t\u00e9cnica a S\u00e3o Paulo - Folha Popular<\/title>\n<meta name=\"robots\" content=\"index, follow, max-snippet:-1, max-image-preview:large, max-video-preview:-1\" \/>\n<link rel=\"canonical\" href=\"https:\/\/folhapopular.info\/index.php\/2025\/08\/12\/jovens-empreendedores-do-vale-buscam-inovacao-em-visita-tecnica-a-sao-paulo\/\" \/>\n<meta property=\"og:locale\" content=\"pt_BR\" \/>\n<meta property=\"og:type\" content=\"article\" \/>\n<meta property=\"og:title\" content=\"Jovens Empreendedores do Vale buscam inova\u00e7\u00e3o em visita t\u00e9cnica a S\u00e3o Paulo - Folha Popular\" \/>\n<meta property=\"og:description\" content=\"A Associa\u00e7\u00e3o de Jovens Empreendedores do Vale (Ajev), n\u00facleo da Associa\u00e7\u00e3o Comercial e Industrial de Encantado (ACI-E), promove sua segunda visita t\u00e9cnica interestadual entre os dias 13 e 15 de agosto. Nove integrantes do n\u00facleo estar\u00e3o em S\u00e3o Paulo para um roteiro de aprendizado e troca de experi\u00eancias. Durante a viagem, o grupo visitar\u00e1 institui\u00e7\u00f5es [&hellip;]\" \/>\n<meta property=\"og:url\" content=\"https:\/\/folhapopular.info\/index.php\/2025\/08\/12\/jovens-empreendedores-do-vale-buscam-inovacao-em-visita-tecnica-a-sao-paulo\/\" \/>\n<meta property=\"og:site_name\" content=\"Folha Popular\" \/>\n<meta property=\"article:published_time\" content=\"2025-08-12T14:00:00+00:00\" \/>\n<meta property=\"og:image\" content=\"https:\/\/folhapopular.info\/wp-content\/uploads\/2025\/08\/FOTO_Fachada_ACSP.jpg\" \/>\n\t<meta property=\"og:image:width\" content=\"2500\" \/>\n\t<meta property=\"og:image:height\" content=\"1707\" \/>\n\t<meta property=\"og:image:type\" content=\"image\/jpeg\" \/>\n<meta name=\"author\" content=\"Reda\u00e7\u00e3o Folha Popular\" \/>\n<meta name=\"twitter:card\" content=\"summary_large_image\" \/>\n<meta name=\"twitter:label1\" content=\"Escrito por\" \/>\n\t<meta name=\"twitter:data1\" content=\"Reda\u00e7\u00e3o Folha Popular\" \/>\n\t<meta name=\"twitter:label2\" content=\"Est. tempo de leitura\" \/>\n\t<meta name=\"twitter:data2\" content=\"2 minutos\" \/>\n<script type=\"application\/ld+json\" class=\"yoast-schema-graph\">{\"@context\":\"https:\\\/\\\/schema.org\",\"@graph\":[{\"@type\":\"Article\",\"@id\":\"https:\\\/\\\/folhapopular.info\\\/index.php\\\/2025\\\/08\\\/12\\\/jovens-empreendedores-do-vale-buscam-inovacao-em-visita-tecnica-a-sao-paulo\\\/#article\",\"isPartOf\":{\"@id\":\"https:\\\/\\\/folhapopular.info\\\/index.php\\\/2025\\\/08\\\/12\\\/jovens-empreendedores-do-vale-buscam-inovacao-em-visita-tecnica-a-sao-paulo\\\/\"},\"author\":{\"name\":\"Reda\u00e7\u00e3o Folha Popular\",\"@id\":\"https:\\\/\\\/folhapopular.info\\\/#\\\/schema\\\/person\\\/2814e8a0df7643585a9ca38bc6eb9d4b\"},\"headline\":\"Jovens Empreendedores do Vale buscam inova\u00e7\u00e3o em visita t\u00e9cnica a S\u00e3o Paulo\",\"datePublished\":\"2025-08-12T14:00:00+00:00\",\"mainEntityOfPage\":{\"@id\":\"https:\\\/\\\/folhapopular.info\\\/index.php\\\/2025\\\/08\\\/12\\\/jovens-empreendedores-do-vale-buscam-inovacao-em-visita-tecnica-a-sao-paulo\\\/\"},\"wordCount\":260,\"commentCount\":0,\"image\":{\"@id\":\"https:\\\/\\\/folhapopular.info\\\/index.php\\\/2025\\\/08\\\/12\\\/jovens-empreendedores-do-vale-buscam-inovacao-em-visita-tecnica-a-sao-paulo\\\/#primaryimage\"},\"thumbnailUrl\":\"https:\\\/\\\/folhapopular.info\\\/wp-content\\\/uploads\\\/2025\\\/08\\\/FOTO_Fachada_ACSP.jpg\",\"keywords\":[\"ACI-E\",\"Ajev\",\"Associa\u00e7\u00e3o de Jovens Empreendedores do Vale\",\"S\u00e3o Paulo\"],\"articleSection\":[\"Destaques\",\"Economia\"],\"inLanguage\":\"pt-BR\",\"potentialAction\":[{\"@type\":\"CommentAction\",\"name\":\"Comment\",\"target\":[\"https:\\\/\\\/folhapopular.info\\\/index.php\\\/2025\\\/08\\\/12\\\/jovens-empreendedores-do-vale-buscam-inovacao-em-visita-tecnica-a-sao-paulo\\\/#respond\"]}]},{\"@type\":\"WebPage\",\"@id\":\"https:\\\/\\\/folhapopular.info\\\/index.php\\\/2025\\\/08\\\/12\\\/jovens-empreendedores-do-vale-buscam-inovacao-em-visita-tecnica-a-sao-paulo\\\/\",\"url\":\"https:\\\/\\\/folhapopular.info\\\/index.php\\\/2025\\\/08\\\/12\\\/jovens-empreendedores-do-vale-buscam-inovacao-em-visita-tecnica-a-sao-paulo\\\/\",\"name\":\"Jovens Empreendedores do Vale buscam inova\u00e7\u00e3o em visita t\u00e9cnica a S\u00e3o Paulo - Folha Popular\",\"isPartOf\":{\"@id\":\"https:\\\/\\\/folhapopular.info\\\/#website\"},\"primaryImageOfPage\":{\"@id\":\"https:\\\/\\\/folhapopular.info\\\/index.php\\\/2025\\\/08\\\/12\\\/jovens-empreendedores-do-vale-buscam-inovacao-em-visita-tecnica-a-sao-paulo\\\/#primaryimage\"},\"image\":{\"@id\":\"https:\\\/\\\/folhapopular.info\\\/index.php\\\/2025\\\/08\\\/12\\\/jovens-empreendedores-do-vale-buscam-inovacao-em-visita-tecnica-a-sao-paulo\\\/#primaryimage\"},\"thumbnailUrl\":\"https:\\\/\\\/folhapopular.info\\\/wp-content\\\/uploads\\\/2025\\\/08\\\/FOTO_Fachada_ACSP.jpg\",\"datePublished\":\"2025-08-12T14:00:00+00:00\",\"author\":{\"@id\":\"https:\\\/\\\/folhapopular.info\\\/#\\\/schema\\\/person\\\/2814e8a0df7643585a9ca38bc6eb9d4b\"},\"breadcrumb\":{\"@id\":\"https:\\\/\\\/folhapopular.info\\\/index.php\\\/2025\\\/08\\\/12\\\/jovens-empreendedores-do-vale-buscam-inovacao-em-visita-tecnica-a-sao-paulo\\\/#breadcrumb\"},\"inLanguage\":\"pt-BR\",\"potentialAction\":[{\"@type\":\"ReadAction\",\"target\":[\"https:\\\/\\\/folhapopular.info\\\/index.php\\\/2025\\\/08\\\/12\\\/jovens-empreendedores-do-vale-buscam-inovacao-em-visita-tecnica-a-sao-paulo\\\/\"]}]},{\"@type\":\"ImageObject\",\"inLanguage\":\"pt-BR\",\"@id\":\"https:\\\/\\\/folhapopular.info\\\/index.php\\\/2025\\\/08\\\/12\\\/jovens-empreendedores-do-vale-buscam-inovacao-em-visita-tecnica-a-sao-paulo\\\/#primaryimage\",\"url\":\"https:\\\/\\\/folhapopular.info\\\/wp-content\\\/uploads\\\/2025\\\/08\\\/FOTO_Fachada_ACSP.jpg\",\"contentUrl\":\"https:\\\/\\\/folhapopular.info\\\/wp-content\\\/uploads\\\/2025\\\/08\\\/FOTO_Fachada_ACSP.jpg\",\"width\":2500,\"height\":1707,\"caption\":\"Cr\u00e9dito: Divulga\u00e7\u00e3o\"},{\"@type\":\"BreadcrumbList\",\"@id\":\"https:\\\/\\\/folhapopular.info\\\/index.php\\\/2025\\\/08\\\/12\\\/jovens-empreendedores-do-vale-buscam-inovacao-em-visita-tecnica-a-sao-paulo\\\/#breadcrumb\",\"itemListElement\":[{\"@type\":\"ListItem\",\"position\":1,\"name\":\"In\u00edcio\",\"item\":\"https:\\\/\\\/folhapopular.info\\\/\"},{\"@type\":\"ListItem\",\"position\":2,\"name\":\"Jovens Empreendedores do Vale buscam inova\u00e7\u00e3o em visita t\u00e9cnica a S\u00e3o Paulo\"}]},{\"@type\":\"WebSite\",\"@id\":\"https:\\\/\\\/folhapopular.info\\\/#website\",\"url\":\"https:\\\/\\\/folhapopular.info\\\/\",\"name\":\"Folha Popular\",\"description\":\"Onde voc\u00ea tem vez e voz\",\"potentialAction\":[{\"@type\":\"SearchAction\",\"target\":{\"@type\":\"EntryPoint\",\"urlTemplate\":\"https:\\\/\\\/folhapopular.info\\\/?s={search_term_string}\"},\"query-input\":{\"@type\":\"PropertyValueSpecification\",\"valueRequired\":true,\"valueName\":\"search_term_string\"}}],\"inLanguage\":\"pt-BR\"},{\"@type\":\"Person\",\"@id\":\"https:\\\/\\\/folhapopular.info\\\/#\\\/schema\\\/person\\\/2814e8a0df7643585a9ca38bc6eb9d4b\",\"name\":\"Reda\u00e7\u00e3o Folha Popular\",\"image\":{\"@type\":\"ImageObject\",\"inLanguage\":\"pt-BR\",\"@id\":\"https:\\\/\\\/folhapopular.info\\\/wp-content\\\/uploads\\\/2026\\\/04\\\/Folha-1.webp\",\"url\":\"https:\\\/\\\/folhapopular.info\\\/wp-content\\\/uploads\\\/2026\\\/04\\\/Folha-1.webp\",\"contentUrl\":\"https:\\\/\\\/folhapopular.info\\\/wp-content\\\/uploads\\\/2026\\\/04\\\/Folha-1.webp\",\"caption\":\"Reda\u00e7\u00e3o Folha Popular\"},\"url\":\"https:\\\/\\\/folhapopular.info\\\/index.php\\\/author\\\/redacao\\\/\"}]}<\/script>\n<!-- \/ Yoast SEO plugin. -->","yoast_head_json":{"title":"Jovens Empreendedores do Vale buscam inova\u00e7\u00e3o em visita t\u00e9cnica a S\u00e3o Paulo - Folha Popular","robots":{"index":"index","follow":"follow","max-snippet":"max-snippet:-1","max-image-preview":"max-image-preview:large","max-video-preview":"max-video-preview:-1"},"canonical":"https:\/\/folhapopular.info\/index.php\/2025\/08\/12\/jovens-empreendedores-do-vale-buscam-inovacao-em-visita-tecnica-a-sao-paulo\/","og_locale":"pt_BR","og_type":"article","og_title":"Jovens Empreendedores do Vale buscam inova\u00e7\u00e3o em visita t\u00e9cnica a S\u00e3o Paulo - Folha Popular","og_description":"A Associa\u00e7\u00e3o de Jovens Empreendedores do Vale (Ajev), n\u00facleo da Associa\u00e7\u00e3o Comercial e Industrial de Encantado (ACI-E), promove sua segunda visita t\u00e9cnica interestadual entre os dias 13 e 15 de agosto. Nove integrantes do n\u00facleo estar\u00e3o em S\u00e3o Paulo para um roteiro de aprendizado e troca de experi\u00eancias. Durante a viagem, o grupo visitar\u00e1 institui\u00e7\u00f5es [&hellip;]","og_url":"https:\/\/folhapopular.info\/index.php\/2025\/08\/12\/jovens-empreendedores-do-vale-buscam-inovacao-em-visita-tecnica-a-sao-paulo\/","og_site_name":"Folha Popular","article_published_time":"2025-08-12T14:00:00+00:00","og_image":[{"width":2500,"height":1707,"url":"https:\/\/folhapopular.info\/wp-content\/uploads\/2025\/08\/FOTO_Fachada_ACSP.jpg","type":"image\/jpeg"}],"author":"Reda\u00e7\u00e3o Folha Popular","twitter_card":"summary_large_image","twitter_misc":{"Escrito por":"Reda\u00e7\u00e3o Folha Popular","Est. tempo de leitura":"2 minutos"},"schema":{"@context":"https:\/\/schema.org","@graph":[{"@type":"Article","@id":"https:\/\/folhapopular.info\/index.php\/2025\/08\/12\/jovens-empreendedores-do-vale-buscam-inovacao-em-visita-tecnica-a-sao-paulo\/#article","isPartOf":{"@id":"https:\/\/folhapopular.info\/index.php\/2025\/08\/12\/jovens-empreendedores-do-vale-buscam-inovacao-em-visita-tecnica-a-sao-paulo\/"},"author":{"name":"Reda\u00e7\u00e3o Folha Popular","@id":"https:\/\/folhapopular.info\/#\/schema\/person\/2814e8a0df7643585a9ca38bc6eb9d4b"},"headline":"Jovens Empreendedores do Vale buscam inova\u00e7\u00e3o em visita t\u00e9cnica a S\u00e3o Paulo","datePublished":"2025-08-12T14:00:00+00:00","mainEntityOfPage":{"@id":"https:\/\/folhapopular.info\/index.php\/2025\/08\/12\/jovens-empreendedores-do-vale-buscam-inovacao-em-visita-tecnica-a-sao-paulo\/"},"wordCount":260,"commentCount":0,"image":{"@id":"https:\/\/folhapopular.info\/index.php\/2025\/08\/12\/jovens-empreendedores-do-vale-buscam-inovacao-em-visita-tecnica-a-sao-paulo\/#primaryimage"},"thumbnailUrl":"https:\/\/folhapopular.info\/wp-content\/uploads\/2025\/08\/FOTO_Fachada_ACSP.jpg","keywords":["ACI-E","Ajev","Associa\u00e7\u00e3o de Jovens Empreendedores do Vale","S\u00e3o Paulo"],"articleSection":["Destaques","Economia"],"inLanguage":"pt-BR","potentialAction":[{"@type":"CommentAction","name":"Comment","target":["https:\/\/folhapopular.info\/index.php\/2025\/08\/12\/jovens-empreendedores-do-vale-buscam-inovacao-em-visita-tecnica-a-sao-paulo\/#respond"]}]},{"@type":"WebPage","@id":"https:\/\/folhapopular.info\/index.php\/2025\/08\/12\/jovens-empreendedores-do-vale-buscam-inovacao-em-visita-tecnica-a-sao-paulo\/","url":"https:\/\/folhapopular.info\/index.php\/2025\/08\/12\/jovens-empreendedores-do-vale-buscam-inovacao-em-visita-tecnica-a-sao-paulo\/","name":"Jovens Empreendedores do Vale buscam inova\u00e7\u00e3o em visita t\u00e9cnica a S\u00e3o Paulo - Folha Popular","isPartOf":{"@id":"https:\/\/folhapopular.info\/#website"},"primaryImageOfPage":{"@id":"https:\/\/folhapopular.info\/index.php\/2025\/08\/12\/jovens-empreendedores-do-vale-buscam-inovacao-em-visita-tecnica-a-sao-paulo\/#primaryimage"},"image":{"@id":"https:\/\/folhapopular.info\/index.php\/2025\/08\/12\/jovens-empreendedores-do-vale-buscam-inovacao-em-visita-tecnica-a-sao-paulo\/#primaryimage"},"thumbnailUrl":"https:\/\/folhapopular.info\/wp-content\/uploads\/2025\/08\/FOTO_Fachada_ACSP.jpg","datePublished":"2025-08-12T14:00:00+00:00","author":{"@id":"https:\/\/folhapopular.info\/#\/schema\/person\/2814e8a0df7643585a9ca38bc6eb9d4b"},"breadcrumb":{"@id":"https:\/\/folhapopular.info\/index.php\/2025\/08\/12\/jovens-empreendedores-do-vale-buscam-inovacao-em-visita-tecnica-a-sao-paulo\/#breadcrumb"},"inLanguage":"pt-BR","potentialAction":[{"@type":"ReadAction","target":["https:\/\/folhapopular.info\/index.php\/2025\/08\/12\/jovens-empreendedores-do-vale-buscam-inovacao-em-visita-tecnica-a-sao-paulo\/"]}]},{"@type":"ImageObject","inLanguage":"pt-BR","@id":"https:\/\/folhapopular.info\/index.php\/2025\/08\/12\/jovens-empreendedores-do-vale-buscam-inovacao-em-visita-tecnica-a-sao-paulo\/#primaryimage","url":"https:\/\/folhapopular.info\/wp-content\/uploads\/2025\/08\/FOTO_Fachada_ACSP.jpg","contentUrl":"https:\/\/folhapopular.info\/wp-content\/uploads\/2025\/08\/FOTO_Fachada_ACSP.jpg","width":2500,"height":1707,"caption":"Cr\u00e9dito: Divulga\u00e7\u00e3o"},{"@type":"BreadcrumbList","@id":"https:\/\/folhapopular.info\/index.php\/2025\/08\/12\/jovens-empreendedores-do-vale-buscam-inovacao-em-visita-tecnica-a-sao-paulo\/#breadcrumb","itemListElement":[{"@type":"ListItem","position":1,"name":"In\u00edcio","item":"https:\/\/folhapopular.info\/"},{"@type":"ListItem","position":2,"name":"Jovens Empreendedores do Vale buscam inova\u00e7\u00e3o em visita t\u00e9cnica a S\u00e3o Paulo"}]},{"@type":"WebSite","@id":"https:\/\/folhapopular.info\/#website","url":"https:\/\/folhapopular.info\/","name":"Folha Popular","description":"Onde voc\u00ea tem vez e voz","potentialAction":[{"@type":"SearchAction","target":{"@type":"EntryPoint","urlTemplate":"https:\/\/folhapopular.info\/?s={search_term_string}"},"query-input":{"@type":"PropertyValueSpecification","valueRequired":true,"valueName":"search_term_string"}}],"inLanguage":"pt-BR"},{"@type":"Person","@id":"https:\/\/folhapopular.info\/#\/schema\/person\/2814e8a0df7643585a9ca38bc6eb9d4b","name":"Reda\u00e7\u00e3o Folha Popular","image":{"@type":"ImageObject","inLanguage":"pt-BR","@id":"https:\/\/folhapopular.info\/wp-content\/uploads\/2026\/04\/Folha-1.webp","url":"https:\/\/folhapopular.info\/wp-content\/uploads\/2026\/04\/Folha-1.webp","contentUrl":"https:\/\/folhapopular.info\/wp-content\/uploads\/2026\/04\/Folha-1.webp","caption":"Reda\u00e7\u00e3o Folha Popular"},"url":"https:\/\/folhapopular.info\/index.php\/author\/redacao\/"}]}},"jetpack_featured_media_url":"https:\/\/folhapopular.info\/wp-content\/uploads\/2025\/08\/FOTO_Fachada_ACSP.jpg","jetpack_sharing_enabled":true,"amp_enabled":true,"_links":{"self":[{"href":"https:\/\/folhapopular.info\/index.php\/wp-json\/wp\/v2\/posts\/191820","targetHints":{"allow":["GET"]}}],"collection":[{"href":"https:\/\/folhapopular.info\/index.php\/wp-json\/wp\/v2\/posts"}],"about":[{"href":"https:\/\/folhapopular.info\/index.php\/wp-json\/wp\/v2\/types\/post"}],"author":[{"embeddable":true,"href":"https:\/\/folhapopular.info\/index.php\/wp-json\/wp\/v2\/users\/8"}],"replies":[{"embeddable":true,"href":"https:\/\/folhapopular.info\/index.php\/wp-json\/wp\/v2\/comments?post=191820"}],"version-history":[{"count":0,"href":"https:\/\/folhapopular.info\/index.php\/wp-json\/wp\/v2\/posts\/191820\/revisions"}],"wp:featuredmedia":[{"embeddable":true,"href":"https:\/\/folhapopular.info\/index.php\/wp-json\/wp\/v2\/media\/191822"}],"wp:attachment":[{"href":"https:\/\/folhapopular.info\/index.php\/wp-json\/wp\/v2\/media?parent=191820"}],"wp:term":[{"taxonomy":"category","embeddable":true,"href":"https:\/\/folhapopular.info\/index.php\/wp-json\/wp\/v2\/categories?post=191820"},{"taxonomy":"post_tag","embeddable":true,"href":"https:\/\/folhapopular.info\/index.php\/wp-json\/wp\/v2\/tags?post=191820"}],"curies":[{"name":"wp","href":"https:\/\/api.w.org\/{rel}","templated":true}]}}