{"id":191942,"date":"2025-08-13T10:28:58","date_gmt":"2025-08-13T13:28:58","guid":{"rendered":"https:\/\/folhapopular.info\/?p=191942"},"modified":"2025-08-13T10:29:16","modified_gmt":"2025-08-13T13:29:16","slug":"veiculo-furtado-em-lajeado-e-recuperado-em-matagal-em-dois-irmaos","status":"publish","type":"post","link":"https:\/\/folhapopular.info\/index.php\/2025\/08\/13\/veiculo-furtado-em-lajeado-e-recuperado-em-matagal-em-dois-irmaos\/","title":{"rendered":"Ve\u00edculo furtado em Lajeado \u00e9 recuperado em matagal em Dois Irm\u00e3os"},"content":{"rendered":"\n<p>Na manh\u00e3 desta ter\u00e7a-feira (12\/8), um ve\u00edculo foi furtado no bairro Americano, em Lajeado, e posteriormente encontrado abandonado em uma \u00e1rea de mato no munic\u00edpio de Dois Irm\u00e3os.<\/p>\n\n\n\n<p>O propriet\u00e1rio havia estacionado o ve\u00edculo em frente \u00e0 sua resid\u00eancia na noite anterior, por volta das 21h. Na manh\u00e3 seguinte, ao perceber o desaparecimento, constatou o crime. O carro chegou a passar por duas pra\u00e7as de ped\u00e1gio na BR-386 utilizando o sistema \u201cSem Parar\u201d.<\/p>\n\n\n\n<p>O furto ocorreu pr\u00f3ximo a uma loja em via p\u00fablica, e o pr\u00e9dio do propriet\u00e1rio possui c\u00e2meras de seguran\u00e7a, embora as imagens ainda n\u00e3o tenham sido disponibilizadas. A Pol\u00edcia Civil, por meio da Delegacia de Roubos, Furtos e Defrauda\u00e7\u00f5es (DRACO), est\u00e1 investigando o caso.<\/p>\n","protected":false},"excerpt":{"rendered":"<p>Na manh\u00e3 desta ter\u00e7a-feira (12\/8), um ve\u00edculo foi furtado no bairro Americano, em Lajeado, e posteriormente encontrado abandonado em uma \u00e1rea de mato no munic\u00edpio de Dois Irm\u00e3os. O propriet\u00e1rio havia estacionado o ve\u00edculo em frente \u00e0 sua resid\u00eancia na noite anterior, por volta das 21h. Na manh\u00e3 seguinte, ao perceber o desaparecimento, constatou o [&hellip;]<\/p>\n","protected":false},"author":8,"featured_media":189603,"comment_status":"open","ping_status":"open","sticky":false,"template":"","format":"standard","meta":{"pmpro_default_level":"","_jetpack_memberships_contains_paid_content":false,"footnotes":""},"categories":[10982,7],"tags":[2047,19188,71,27,755],"class_list":{"0":"post-191942","1":"post","2":"type-post","3":"status-publish","4":"format-standard","5":"has-post-thumbnail","7":"category-policia","8":"category-seguranca","9":"tag-carro-furtado","10":"tag-carro-recuperado","11":"tag-furto","12":"tag-lajeado","13":"tag-veiculo-furtado","14":"pmpro-has-access"},"yoast_head":"<!-- This site is optimized with the Yoast SEO plugin v27.5 - https:\/\/yoast.com\/product\/yoast-seo-wordpress\/ -->\n<title>Ve\u00edculo furtado em Lajeado \u00e9 recuperado em matagal em Dois Irm\u00e3os - Folha Popular<\/title>\n<meta name=\"robots\" content=\"index, follow, max-snippet:-1, max-image-preview:large, max-video-preview:-1\" \/>\n<link rel=\"canonical\" href=\"https:\/\/folhapopular.info\/index.php\/2025\/08\/13\/veiculo-furtado-em-lajeado-e-recuperado-em-matagal-em-dois-irmaos\/\" \/>\n<meta property=\"og:locale\" content=\"pt_BR\" \/>\n<meta property=\"og:type\" content=\"article\" \/>\n<meta property=\"og:title\" content=\"Ve\u00edculo furtado em Lajeado \u00e9 recuperado em matagal em Dois Irm\u00e3os - Folha Popular\" \/>\n<meta property=\"og:description\" content=\"Na manh\u00e3 desta ter\u00e7a-feira (12\/8), um ve\u00edculo foi furtado no bairro Americano, em Lajeado, e posteriormente encontrado abandonado em uma \u00e1rea de mato no munic\u00edpio de Dois Irm\u00e3os. O propriet\u00e1rio havia estacionado o ve\u00edculo em frente \u00e0 sua resid\u00eancia na noite anterior, por volta das 21h. Na manh\u00e3 seguinte, ao perceber o desaparecimento, constatou o [&hellip;]\" \/>\n<meta property=\"og:url\" content=\"https:\/\/folhapopular.info\/index.php\/2025\/08\/13\/veiculo-furtado-em-lajeado-e-recuperado-em-matagal-em-dois-irmaos\/\" \/>\n<meta property=\"og:site_name\" content=\"Folha Popular\" \/>\n<meta property=\"article:published_time\" content=\"2025-08-13T13:28:58+00:00\" \/>\n<meta property=\"article:modified_time\" content=\"2025-08-13T13:29:16+00:00\" \/>\n<meta property=\"og:image\" content=\"http:\/\/folhapopular.info\/wp-content\/uploads\/2025\/07\/folhapopular.info-3.png\" \/>\n\t<meta property=\"og:image:width\" content=\"1920\" \/>\n\t<meta property=\"og:image:height\" content=\"1080\" \/>\n\t<meta property=\"og:image:type\" content=\"image\/png\" \/>\n<meta name=\"author\" content=\"Reda\u00e7\u00e3o Folha Popular\" \/>\n<meta name=\"twitter:card\" content=\"summary_large_image\" \/>\n<meta name=\"twitter:label1\" content=\"Escrito por\" \/>\n\t<meta name=\"twitter:data1\" content=\"Reda\u00e7\u00e3o Folha Popular\" \/>\n\t<meta name=\"twitter:label2\" content=\"Est. tempo de leitura\" \/>\n\t<meta name=\"twitter:data2\" content=\"1 minuto\" \/>\n<script type=\"application\/ld+json\" class=\"yoast-schema-graph\">{\"@context\":\"https:\\\/\\\/schema.org\",\"@graph\":[{\"@type\":\"Article\",\"@id\":\"https:\\\/\\\/folhapopular.info\\\/index.php\\\/2025\\\/08\\\/13\\\/veiculo-furtado-em-lajeado-e-recuperado-em-matagal-em-dois-irmaos\\\/#article\",\"isPartOf\":{\"@id\":\"https:\\\/\\\/folhapopular.info\\\/index.php\\\/2025\\\/08\\\/13\\\/veiculo-furtado-em-lajeado-e-recuperado-em-matagal-em-dois-irmaos\\\/\"},\"author\":{\"name\":\"Reda\u00e7\u00e3o Folha Popular\",\"@id\":\"https:\\\/\\\/folhapopular.info\\\/#\\\/schema\\\/person\\\/2814e8a0df7643585a9ca38bc6eb9d4b\"},\"headline\":\"Ve\u00edculo furtado em Lajeado \u00e9 recuperado em matagal em Dois Irm\u00e3os\",\"datePublished\":\"2025-08-13T13:28:58+00:00\",\"dateModified\":\"2025-08-13T13:29:16+00:00\",\"mainEntityOfPage\":{\"@id\":\"https:\\\/\\\/folhapopular.info\\\/index.php\\\/2025\\\/08\\\/13\\\/veiculo-furtado-em-lajeado-e-recuperado-em-matagal-em-dois-irmaos\\\/\"},\"wordCount\":145,\"commentCount\":0,\"image\":{\"@id\":\"https:\\\/\\\/folhapopular.info\\\/index.php\\\/2025\\\/08\\\/13\\\/veiculo-furtado-em-lajeado-e-recuperado-em-matagal-em-dois-irmaos\\\/#primaryimage\"},\"thumbnailUrl\":\"https:\\\/\\\/folhapopular.info\\\/wp-content\\\/uploads\\\/2025\\\/07\\\/folhapopular.info-3.png\",\"keywords\":[\"Carro Furtado\",\"carro recuperado\",\"furto\",\"Lajeado\",\"ve\u00edculo furtado\"],\"articleSection\":[\"Pol\u00edcia\",\"Seguran\u00e7a\"],\"inLanguage\":\"pt-BR\",\"potentialAction\":[{\"@type\":\"CommentAction\",\"name\":\"Comment\",\"target\":[\"https:\\\/\\\/folhapopular.info\\\/index.php\\\/2025\\\/08\\\/13\\\/veiculo-furtado-em-lajeado-e-recuperado-em-matagal-em-dois-irmaos\\\/#respond\"]}]},{\"@type\":\"WebPage\",\"@id\":\"https:\\\/\\\/folhapopular.info\\\/index.php\\\/2025\\\/08\\\/13\\\/veiculo-furtado-em-lajeado-e-recuperado-em-matagal-em-dois-irmaos\\\/\",\"url\":\"https:\\\/\\\/folhapopular.info\\\/index.php\\\/2025\\\/08\\\/13\\\/veiculo-furtado-em-lajeado-e-recuperado-em-matagal-em-dois-irmaos\\\/\",\"name\":\"Ve\u00edculo furtado em Lajeado \u00e9 recuperado em matagal em Dois Irm\u00e3os - Folha Popular\",\"isPartOf\":{\"@id\":\"https:\\\/\\\/folhapopular.info\\\/#website\"},\"primaryImageOfPage\":{\"@id\":\"https:\\\/\\\/folhapopular.info\\\/index.php\\\/2025\\\/08\\\/13\\\/veiculo-furtado-em-lajeado-e-recuperado-em-matagal-em-dois-irmaos\\\/#primaryimage\"},\"image\":{\"@id\":\"https:\\\/\\\/folhapopular.info\\\/index.php\\\/2025\\\/08\\\/13\\\/veiculo-furtado-em-lajeado-e-recuperado-em-matagal-em-dois-irmaos\\\/#primaryimage\"},\"thumbnailUrl\":\"https:\\\/\\\/folhapopular.info\\\/wp-content\\\/uploads\\\/2025\\\/07\\\/folhapopular.info-3.png\",\"datePublished\":\"2025-08-13T13:28:58+00:00\",\"dateModified\":\"2025-08-13T13:29:16+00:00\",\"author\":{\"@id\":\"https:\\\/\\\/folhapopular.info\\\/#\\\/schema\\\/person\\\/2814e8a0df7643585a9ca38bc6eb9d4b\"},\"breadcrumb\":{\"@id\":\"https:\\\/\\\/folhapopular.info\\\/index.php\\\/2025\\\/08\\\/13\\\/veiculo-furtado-em-lajeado-e-recuperado-em-matagal-em-dois-irmaos\\\/#breadcrumb\"},\"inLanguage\":\"pt-BR\",\"potentialAction\":[{\"@type\":\"ReadAction\",\"target\":[\"https:\\\/\\\/folhapopular.info\\\/index.php\\\/2025\\\/08\\\/13\\\/veiculo-furtado-em-lajeado-e-recuperado-em-matagal-em-dois-irmaos\\\/\"]}]},{\"@type\":\"ImageObject\",\"inLanguage\":\"pt-BR\",\"@id\":\"https:\\\/\\\/folhapopular.info\\\/index.php\\\/2025\\\/08\\\/13\\\/veiculo-furtado-em-lajeado-e-recuperado-em-matagal-em-dois-irmaos\\\/#primaryimage\",\"url\":\"https:\\\/\\\/folhapopular.info\\\/wp-content\\\/uploads\\\/2025\\\/07\\\/folhapopular.info-3.png\",\"contentUrl\":\"https:\\\/\\\/folhapopular.info\\\/wp-content\\\/uploads\\\/2025\\\/07\\\/folhapopular.info-3.png\",\"width\":1920,\"height\":1080},{\"@type\":\"BreadcrumbList\",\"@id\":\"https:\\\/\\\/folhapopular.info\\\/index.php\\\/2025\\\/08\\\/13\\\/veiculo-furtado-em-lajeado-e-recuperado-em-matagal-em-dois-irmaos\\\/#breadcrumb\",\"itemListElement\":[{\"@type\":\"ListItem\",\"position\":1,\"name\":\"In\u00edcio\",\"item\":\"https:\\\/\\\/folhapopular.info\\\/\"},{\"@type\":\"ListItem\",\"position\":2,\"name\":\"Ve\u00edculo furtado em Lajeado \u00e9 recuperado em matagal em Dois Irm\u00e3os\"}]},{\"@type\":\"WebSite\",\"@id\":\"https:\\\/\\\/folhapopular.info\\\/#website\",\"url\":\"https:\\\/\\\/folhapopular.info\\\/\",\"name\":\"Folha Popular\",\"description\":\"Onde voc\u00ea tem vez e voz\",\"potentialAction\":[{\"@type\":\"SearchAction\",\"target\":{\"@type\":\"EntryPoint\",\"urlTemplate\":\"https:\\\/\\\/folhapopular.info\\\/?s={search_term_string}\"},\"query-input\":{\"@type\":\"PropertyValueSpecification\",\"valueRequired\":true,\"valueName\":\"search_term_string\"}}],\"inLanguage\":\"pt-BR\"},{\"@type\":\"Person\",\"@id\":\"https:\\\/\\\/folhapopular.info\\\/#\\\/schema\\\/person\\\/2814e8a0df7643585a9ca38bc6eb9d4b\",\"name\":\"Reda\u00e7\u00e3o Folha Popular\",\"image\":{\"@type\":\"ImageObject\",\"inLanguage\":\"pt-BR\",\"@id\":\"https:\\\/\\\/folhapopular.info\\\/wp-content\\\/uploads\\\/2026\\\/04\\\/Folha-1.webp\",\"url\":\"https:\\\/\\\/folhapopular.info\\\/wp-content\\\/uploads\\\/2026\\\/04\\\/Folha-1.webp\",\"contentUrl\":\"https:\\\/\\\/folhapopular.info\\\/wp-content\\\/uploads\\\/2026\\\/04\\\/Folha-1.webp\",\"caption\":\"Reda\u00e7\u00e3o Folha Popular\"},\"url\":\"https:\\\/\\\/folhapopular.info\\\/index.php\\\/author\\\/redacao\\\/\"}]}<\/script>\n<!-- \/ Yoast SEO plugin. -->","yoast_head_json":{"title":"Ve\u00edculo furtado em Lajeado \u00e9 recuperado em matagal em Dois Irm\u00e3os - Folha Popular","robots":{"index":"index","follow":"follow","max-snippet":"max-snippet:-1","max-image-preview":"max-image-preview:large","max-video-preview":"max-video-preview:-1"},"canonical":"https:\/\/folhapopular.info\/index.php\/2025\/08\/13\/veiculo-furtado-em-lajeado-e-recuperado-em-matagal-em-dois-irmaos\/","og_locale":"pt_BR","og_type":"article","og_title":"Ve\u00edculo furtado em Lajeado \u00e9 recuperado em matagal em Dois Irm\u00e3os - Folha Popular","og_description":"Na manh\u00e3 desta ter\u00e7a-feira (12\/8), um ve\u00edculo foi furtado no bairro Americano, em Lajeado, e posteriormente encontrado abandonado em uma \u00e1rea de mato no munic\u00edpio de Dois Irm\u00e3os. O propriet\u00e1rio havia estacionado o ve\u00edculo em frente \u00e0 sua resid\u00eancia na noite anterior, por volta das 21h. Na manh\u00e3 seguinte, ao perceber o desaparecimento, constatou o [&hellip;]","og_url":"https:\/\/folhapopular.info\/index.php\/2025\/08\/13\/veiculo-furtado-em-lajeado-e-recuperado-em-matagal-em-dois-irmaos\/","og_site_name":"Folha Popular","article_published_time":"2025-08-13T13:28:58+00:00","article_modified_time":"2025-08-13T13:29:16+00:00","og_image":[{"width":1920,"height":1080,"url":"http:\/\/folhapopular.info\/wp-content\/uploads\/2025\/07\/folhapopular.info-3.png","type":"image\/png"}],"author":"Reda\u00e7\u00e3o Folha Popular","twitter_card":"summary_large_image","twitter_misc":{"Escrito por":"Reda\u00e7\u00e3o Folha Popular","Est. tempo de leitura":"1 minuto"},"schema":{"@context":"https:\/\/schema.org","@graph":[{"@type":"Article","@id":"https:\/\/folhapopular.info\/index.php\/2025\/08\/13\/veiculo-furtado-em-lajeado-e-recuperado-em-matagal-em-dois-irmaos\/#article","isPartOf":{"@id":"https:\/\/folhapopular.info\/index.php\/2025\/08\/13\/veiculo-furtado-em-lajeado-e-recuperado-em-matagal-em-dois-irmaos\/"},"author":{"name":"Reda\u00e7\u00e3o Folha Popular","@id":"https:\/\/folhapopular.info\/#\/schema\/person\/2814e8a0df7643585a9ca38bc6eb9d4b"},"headline":"Ve\u00edculo furtado em Lajeado \u00e9 recuperado em matagal em Dois Irm\u00e3os","datePublished":"2025-08-13T13:28:58+00:00","dateModified":"2025-08-13T13:29:16+00:00","mainEntityOfPage":{"@id":"https:\/\/folhapopular.info\/index.php\/2025\/08\/13\/veiculo-furtado-em-lajeado-e-recuperado-em-matagal-em-dois-irmaos\/"},"wordCount":145,"commentCount":0,"image":{"@id":"https:\/\/folhapopular.info\/index.php\/2025\/08\/13\/veiculo-furtado-em-lajeado-e-recuperado-em-matagal-em-dois-irmaos\/#primaryimage"},"thumbnailUrl":"https:\/\/folhapopular.info\/wp-content\/uploads\/2025\/07\/folhapopular.info-3.png","keywords":["Carro Furtado","carro recuperado","furto","Lajeado","ve\u00edculo furtado"],"articleSection":["Pol\u00edcia","Seguran\u00e7a"],"inLanguage":"pt-BR","potentialAction":[{"@type":"CommentAction","name":"Comment","target":["https:\/\/folhapopular.info\/index.php\/2025\/08\/13\/veiculo-furtado-em-lajeado-e-recuperado-em-matagal-em-dois-irmaos\/#respond"]}]},{"@type":"WebPage","@id":"https:\/\/folhapopular.info\/index.php\/2025\/08\/13\/veiculo-furtado-em-lajeado-e-recuperado-em-matagal-em-dois-irmaos\/","url":"https:\/\/folhapopular.info\/index.php\/2025\/08\/13\/veiculo-furtado-em-lajeado-e-recuperado-em-matagal-em-dois-irmaos\/","name":"Ve\u00edculo furtado em Lajeado \u00e9 recuperado em matagal em Dois Irm\u00e3os - Folha Popular","isPartOf":{"@id":"https:\/\/folhapopular.info\/#website"},"primaryImageOfPage":{"@id":"https:\/\/folhapopular.info\/index.php\/2025\/08\/13\/veiculo-furtado-em-lajeado-e-recuperado-em-matagal-em-dois-irmaos\/#primaryimage"},"image":{"@id":"https:\/\/folhapopular.info\/index.php\/2025\/08\/13\/veiculo-furtado-em-lajeado-e-recuperado-em-matagal-em-dois-irmaos\/#primaryimage"},"thumbnailUrl":"https:\/\/folhapopular.info\/wp-content\/uploads\/2025\/07\/folhapopular.info-3.png","datePublished":"2025-08-13T13:28:58+00:00","dateModified":"2025-08-13T13:29:16+00:00","author":{"@id":"https:\/\/folhapopular.info\/#\/schema\/person\/2814e8a0df7643585a9ca38bc6eb9d4b"},"breadcrumb":{"@id":"https:\/\/folhapopular.info\/index.php\/2025\/08\/13\/veiculo-furtado-em-lajeado-e-recuperado-em-matagal-em-dois-irmaos\/#breadcrumb"},"inLanguage":"pt-BR","potentialAction":[{"@type":"ReadAction","target":["https:\/\/folhapopular.info\/index.php\/2025\/08\/13\/veiculo-furtado-em-lajeado-e-recuperado-em-matagal-em-dois-irmaos\/"]}]},{"@type":"ImageObject","inLanguage":"pt-BR","@id":"https:\/\/folhapopular.info\/index.php\/2025\/08\/13\/veiculo-furtado-em-lajeado-e-recuperado-em-matagal-em-dois-irmaos\/#primaryimage","url":"https:\/\/folhapopular.info\/wp-content\/uploads\/2025\/07\/folhapopular.info-3.png","contentUrl":"https:\/\/folhapopular.info\/wp-content\/uploads\/2025\/07\/folhapopular.info-3.png","width":1920,"height":1080},{"@type":"BreadcrumbList","@id":"https:\/\/folhapopular.info\/index.php\/2025\/08\/13\/veiculo-furtado-em-lajeado-e-recuperado-em-matagal-em-dois-irmaos\/#breadcrumb","itemListElement":[{"@type":"ListItem","position":1,"name":"In\u00edcio","item":"https:\/\/folhapopular.info\/"},{"@type":"ListItem","position":2,"name":"Ve\u00edculo furtado em Lajeado \u00e9 recuperado em matagal em Dois Irm\u00e3os"}]},{"@type":"WebSite","@id":"https:\/\/folhapopular.info\/#website","url":"https:\/\/folhapopular.info\/","name":"Folha Popular","description":"Onde voc\u00ea tem vez e voz","potentialAction":[{"@type":"SearchAction","target":{"@type":"EntryPoint","urlTemplate":"https:\/\/folhapopular.info\/?s={search_term_string}"},"query-input":{"@type":"PropertyValueSpecification","valueRequired":true,"valueName":"search_term_string"}}],"inLanguage":"pt-BR"},{"@type":"Person","@id":"https:\/\/folhapopular.info\/#\/schema\/person\/2814e8a0df7643585a9ca38bc6eb9d4b","name":"Reda\u00e7\u00e3o Folha Popular","image":{"@type":"ImageObject","inLanguage":"pt-BR","@id":"https:\/\/folhapopular.info\/wp-content\/uploads\/2026\/04\/Folha-1.webp","url":"https:\/\/folhapopular.info\/wp-content\/uploads\/2026\/04\/Folha-1.webp","contentUrl":"https:\/\/folhapopular.info\/wp-content\/uploads\/2026\/04\/Folha-1.webp","caption":"Reda\u00e7\u00e3o Folha Popular"},"url":"https:\/\/folhapopular.info\/index.php\/author\/redacao\/"}]}},"jetpack_featured_media_url":"https:\/\/folhapopular.info\/wp-content\/uploads\/2025\/07\/folhapopular.info-3.png","jetpack_sharing_enabled":true,"amp_enabled":true,"_links":{"self":[{"href":"https:\/\/folhapopular.info\/index.php\/wp-json\/wp\/v2\/posts\/191942","targetHints":{"allow":["GET"]}}],"collection":[{"href":"https:\/\/folhapopular.info\/index.php\/wp-json\/wp\/v2\/posts"}],"about":[{"href":"https:\/\/folhapopular.info\/index.php\/wp-json\/wp\/v2\/types\/post"}],"author":[{"embeddable":true,"href":"https:\/\/folhapopular.info\/index.php\/wp-json\/wp\/v2\/users\/8"}],"replies":[{"embeddable":true,"href":"https:\/\/folhapopular.info\/index.php\/wp-json\/wp\/v2\/comments?post=191942"}],"version-history":[{"count":0,"href":"https:\/\/folhapopular.info\/index.php\/wp-json\/wp\/v2\/posts\/191942\/revisions"}],"wp:featuredmedia":[{"embeddable":true,"href":"https:\/\/folhapopular.info\/index.php\/wp-json\/wp\/v2\/media\/189603"}],"wp:attachment":[{"href":"https:\/\/folhapopular.info\/index.php\/wp-json\/wp\/v2\/media?parent=191942"}],"wp:term":[{"taxonomy":"category","embeddable":true,"href":"https:\/\/folhapopular.info\/index.php\/wp-json\/wp\/v2\/categories?post=191942"},{"taxonomy":"post_tag","embeddable":true,"href":"https:\/\/folhapopular.info\/index.php\/wp-json\/wp\/v2\/tags?post=191942"}],"curies":[{"name":"wp","href":"https:\/\/api.w.org\/{rel}","templated":true}]}}