{"id":191947,"date":"2025-08-13T15:01:02","date_gmt":"2025-08-13T18:01:02","guid":{"rendered":"https:\/\/folhapopular.info\/?p=191947"},"modified":"2025-08-13T15:47:59","modified_gmt":"2025-08-13T18:47:59","slug":"dalia-projeta-novo-ciclo-de-expansao-apos-superar-crises","status":"publish","type":"post","link":"https:\/\/folhapopular.info\/index.php\/2025\/08\/13\/dalia-projeta-novo-ciclo-de-expansao-apos-superar-crises\/","title":{"rendered":"D\u00e1lia projeta novo ciclo de expans\u00e3o ap\u00f3s superar crises"},"content":{"rendered":"\n<p>A <a href=\"https:\/\/folhapopular.info\/index.php\/2025\/04\/09\/cooperativa-dalia-recebe-visita-de-comitiva-chinesa\/\">D\u00e1lia Alimentos<\/a> apresentou proje\u00e7\u00f5es de um novo ciclo de expans\u00e3o e fortalecimento depois da supera\u00e7\u00e3o das dificuldades provocadas pelas enchentes e pela crise das prote\u00ednas. Em reuni\u00e3o-almo\u00e7o na Associa\u00e7\u00e3o Comercial e Industrial de Lajeado (Acil), o presidente do conselho administrativo da cooperativa, Gilberto Piccinini apresentou a estrat\u00e9gia de crescimento que visa manter a solidez financeira e aproveitar oportunidades nos mercados interno e externo.<\/p>\n\n\n\n<p>Durante o encontro, Piccinini apresentou um panorama da cooperativa e refor\u00e7ou seu papel econ\u00f4mico e social no Vale do Taquari. Segundo ele, milhares de fam\u00edlias que dependem diretamente da <a href=\"http:\/\/dalia.com.br\/\">D\u00e1lia<\/a>. \u201cS\u00e3o cerca de 3 mil empregos diretos e toda uma cadeia de opera\u00e7\u00f5es indiretas\u201d, ressalta.&nbsp;<\/p>\n\n\n\n<p>O presidente do conselho da cooperativa destacou os danos das cheias de maio, que interromperam as atividades da D\u00e1lia por quase um m\u00eas, atingindo n\u00e3o apenas as unidades industriais, mas tamb\u00e9m os produtores rurais integrados. \u201cA mobiliza\u00e7\u00e3o regional para reconstruir a empresa ap\u00f3s as enchentes mostrou a for\u00e7a da nossa comunidade e dos associados\u201d, considera.&nbsp;<\/p>\n\n\n\n<p>Antes das enchentes, a D\u00e1lia j\u00e1 havia atravessado a crise mundial das prote\u00ednas, que afetou diretamente a cadeia produtiva de su\u00ednos e aves. \u201cO p\u00f3s-pandemia trouxe aumento de custos e indicadores desfavor\u00e1veis. Ao inv\u00e9s de manter a produ\u00e7\u00e3o em ritmo alto e gerar preju\u00edzos irrevers\u00edveis, decidimos desacelerar, reduzir abates e at\u00e9 abater matrizes para esperar um momento mais favor\u00e1vel\u201d, explica.<\/p>\n\n\n\n<p>A decis\u00e3o implicou abrir m\u00e3o de resultados imediatos, mas preservou a sa\u00fade financeira da cooperativa. Para Piccinini, os associados mostraram responsabilidade e comprometimento com o futuro da D\u00e1lia. &#8220;Hoje todos reconhecem que foi uma escolha estrat\u00e9gica, com leitura de cen\u00e1rio que evitou danos graves\u201d, acrescenta.<\/p>\n\n\n\n<p>O planejamento estrat\u00e9gico para os pr\u00f3ximos per\u00edodos da D\u00e1lia inclui a expans\u00e3o no Rio Grande do Sul e a possibilidade de instalar uma unidade no Centro-Oeste, especialmente voltada \u00e0 capta\u00e7\u00e3o de gr\u00e3os. \u201cTemos um parque industrial moderno, que nos permite crescer sem grandes investimentos adicionais. Vamos avan\u00e7ar com seguran\u00e7a, mantendo o compromisso com o desenvolvimento regional\u201d, pontua.&nbsp;<\/p>\n\n\n\n<p>A mat\u00e9ria completa voc\u00ea confere na edi\u00e7\u00e3o deste s\u00e1bado (16\/08) da Folha Popular. <\/p>\n\n\n\n<p><\/p>\n\n\n\n<p><\/p>\n","protected":false},"excerpt":{"rendered":"<p>A D\u00e1lia Alimentos apresentou proje\u00e7\u00f5es de um novo ciclo de expans\u00e3o e fortalecimento depois da supera\u00e7\u00e3o das dificuldades provocadas pelas enchentes e pela crise das prote\u00ednas. Em reuni\u00e3o-almo\u00e7o na Associa\u00e7\u00e3o Comercial e Industrial de Lajeado (Acil), o presidente do conselho administrativo da cooperativa, Gilberto Piccinini apresentou a estrat\u00e9gia de crescimento que visa manter a solidez [&hellip;]<\/p>\n","protected":false},"author":771,"featured_media":191948,"comment_status":"open","ping_status":"open","sticky":false,"template":"","format":"standard","meta":{"pmpro_default_level":"","_jetpack_memberships_contains_paid_content":false,"footnotes":""},"categories":[10992,2,10991],"tags":[214,2303,126,466,438,27,1977,437],"class_list":{"0":"post-191947","1":"post","2":"type-post","3":"status-publish","4":"format-standard","5":"has-post-thumbnail","7":"category-coopop","8":"category-featured","9":"category-economia","10":"tag-acil","11":"tag-cooperativismo","12":"tag-dalia","13":"tag-encantado","14":"tag-frangos","15":"tag-lajeado","16":"tag-producao","17":"tag-suinos","18":"pmpro-has-access"},"yoast_head":"<!-- This site is optimized with the Yoast SEO plugin v27.4 - https:\/\/yoast.com\/product\/yoast-seo-wordpress\/ -->\n<title>D\u00e1lia projeta novo ciclo de expans\u00e3o ap\u00f3s superar crises - Folha Popular<\/title>\n<meta name=\"description\" content=\"D\u00e1lia projeta novo ciclo de expans\u00e3o ap\u00f3s superar enchentes e crise da prote\u00edna. Planos da cooperativa foram apresentados na Acil, em Lajeado\" \/>\n<meta name=\"robots\" content=\"index, follow, max-snippet:-1, max-image-preview:large, max-video-preview:-1\" \/>\n<link rel=\"canonical\" href=\"https:\/\/folhapopular.info\/index.php\/2025\/08\/13\/dalia-projeta-novo-ciclo-de-expansao-apos-superar-crises\/\" \/>\n<meta property=\"og:locale\" content=\"pt_BR\" \/>\n<meta property=\"og:type\" content=\"article\" \/>\n<meta property=\"og:title\" content=\"D\u00e1lia projeta novo ciclo de expans\u00e3o ap\u00f3s superar crises - Folha Popular\" \/>\n<meta property=\"og:description\" content=\"D\u00e1lia projeta novo ciclo de expans\u00e3o ap\u00f3s superar enchentes e crise da prote\u00edna. Planos da cooperativa foram apresentados na Acil, em Lajeado\" \/>\n<meta property=\"og:url\" content=\"https:\/\/folhapopular.info\/index.php\/2025\/08\/13\/dalia-projeta-novo-ciclo-de-expansao-apos-superar-crises\/\" \/>\n<meta property=\"og:site_name\" content=\"Folha Popular\" \/>\n<meta property=\"article:published_time\" content=\"2025-08-13T18:01:02+00:00\" \/>\n<meta property=\"article:modified_time\" content=\"2025-08-13T18:47:59+00:00\" \/>\n<meta property=\"og:image\" content=\"http:\/\/folhapopular.info\/wp-content\/uploads\/2025\/08\/WhatsApp-Image-2025-08-13-at-14.49.41.jpeg\" \/>\n\t<meta property=\"og:image:width\" content=\"1600\" \/>\n\t<meta property=\"og:image:height\" content=\"1200\" \/>\n\t<meta property=\"og:image:type\" content=\"image\/jpeg\" \/>\n<meta name=\"author\" content=\"Thiago Maurique\" \/>\n<meta name=\"twitter:card\" content=\"summary_large_image\" \/>\n<meta name=\"twitter:label1\" content=\"Escrito por\" \/>\n\t<meta name=\"twitter:data1\" content=\"Thiago Maurique\" \/>\n\t<meta name=\"twitter:label2\" content=\"Est. tempo de leitura\" \/>\n\t<meta name=\"twitter:data2\" content=\"3 minutos\" \/>\n<script type=\"application\/ld+json\" class=\"yoast-schema-graph\">{\"@context\":\"https:\\\/\\\/schema.org\",\"@graph\":[{\"@type\":\"Article\",\"@id\":\"https:\\\/\\\/folhapopular.info\\\/index.php\\\/2025\\\/08\\\/13\\\/dalia-projeta-novo-ciclo-de-expansao-apos-superar-crises\\\/#article\",\"isPartOf\":{\"@id\":\"https:\\\/\\\/folhapopular.info\\\/index.php\\\/2025\\\/08\\\/13\\\/dalia-projeta-novo-ciclo-de-expansao-apos-superar-crises\\\/\"},\"author\":{\"name\":\"Thiago Maurique\",\"@id\":\"https:\\\/\\\/folhapopular.info\\\/#\\\/schema\\\/person\\\/da0b2794f793376cb5dd908e88ca6911\"},\"headline\":\"D\u00e1lia projeta novo ciclo de expans\u00e3o ap\u00f3s superar crises\",\"datePublished\":\"2025-08-13T18:01:02+00:00\",\"dateModified\":\"2025-08-13T18:47:59+00:00\",\"mainEntityOfPage\":{\"@id\":\"https:\\\/\\\/folhapopular.info\\\/index.php\\\/2025\\\/08\\\/13\\\/dalia-projeta-novo-ciclo-de-expansao-apos-superar-crises\\\/\"},\"wordCount\":401,\"commentCount\":0,\"image\":{\"@id\":\"https:\\\/\\\/folhapopular.info\\\/index.php\\\/2025\\\/08\\\/13\\\/dalia-projeta-novo-ciclo-de-expansao-apos-superar-crises\\\/#primaryimage\"},\"thumbnailUrl\":\"https:\\\/\\\/folhapopular.info\\\/wp-content\\\/uploads\\\/2025\\\/08\\\/WhatsApp-Image-2025-08-13-at-14.49.41.jpeg\",\"keywords\":[\"Acil\",\"cooperativismo\",\"D\u00e1lia\",\"Encantado\",\"Frangos\",\"Lajeado\",\"Produ\u00e7\u00e3o\",\"Su\u00ednos\"],\"articleSection\":[\"Coopop\",\"Destaques\",\"Economia\"],\"inLanguage\":\"pt-BR\",\"potentialAction\":[{\"@type\":\"CommentAction\",\"name\":\"Comment\",\"target\":[\"https:\\\/\\\/folhapopular.info\\\/index.php\\\/2025\\\/08\\\/13\\\/dalia-projeta-novo-ciclo-de-expansao-apos-superar-crises\\\/#respond\"]}]},{\"@type\":\"WebPage\",\"@id\":\"https:\\\/\\\/folhapopular.info\\\/index.php\\\/2025\\\/08\\\/13\\\/dalia-projeta-novo-ciclo-de-expansao-apos-superar-crises\\\/\",\"url\":\"https:\\\/\\\/folhapopular.info\\\/index.php\\\/2025\\\/08\\\/13\\\/dalia-projeta-novo-ciclo-de-expansao-apos-superar-crises\\\/\",\"name\":\"D\u00e1lia projeta novo ciclo de expans\u00e3o ap\u00f3s superar crises - Folha Popular\",\"isPartOf\":{\"@id\":\"https:\\\/\\\/folhapopular.info\\\/#website\"},\"primaryImageOfPage\":{\"@id\":\"https:\\\/\\\/folhapopular.info\\\/index.php\\\/2025\\\/08\\\/13\\\/dalia-projeta-novo-ciclo-de-expansao-apos-superar-crises\\\/#primaryimage\"},\"image\":{\"@id\":\"https:\\\/\\\/folhapopular.info\\\/index.php\\\/2025\\\/08\\\/13\\\/dalia-projeta-novo-ciclo-de-expansao-apos-superar-crises\\\/#primaryimage\"},\"thumbnailUrl\":\"https:\\\/\\\/folhapopular.info\\\/wp-content\\\/uploads\\\/2025\\\/08\\\/WhatsApp-Image-2025-08-13-at-14.49.41.jpeg\",\"datePublished\":\"2025-08-13T18:01:02+00:00\",\"dateModified\":\"2025-08-13T18:47:59+00:00\",\"author\":{\"@id\":\"https:\\\/\\\/folhapopular.info\\\/#\\\/schema\\\/person\\\/da0b2794f793376cb5dd908e88ca6911\"},\"description\":\"D\u00e1lia projeta novo ciclo de expans\u00e3o ap\u00f3s superar enchentes e crise da prote\u00edna. Planos da cooperativa foram apresentados na Acil, em Lajeado\",\"breadcrumb\":{\"@id\":\"https:\\\/\\\/folhapopular.info\\\/index.php\\\/2025\\\/08\\\/13\\\/dalia-projeta-novo-ciclo-de-expansao-apos-superar-crises\\\/#breadcrumb\"},\"inLanguage\":\"pt-BR\",\"potentialAction\":[{\"@type\":\"ReadAction\",\"target\":[\"https:\\\/\\\/folhapopular.info\\\/index.php\\\/2025\\\/08\\\/13\\\/dalia-projeta-novo-ciclo-de-expansao-apos-superar-crises\\\/\"]}]},{\"@type\":\"ImageObject\",\"inLanguage\":\"pt-BR\",\"@id\":\"https:\\\/\\\/folhapopular.info\\\/index.php\\\/2025\\\/08\\\/13\\\/dalia-projeta-novo-ciclo-de-expansao-apos-superar-crises\\\/#primaryimage\",\"url\":\"https:\\\/\\\/folhapopular.info\\\/wp-content\\\/uploads\\\/2025\\\/08\\\/WhatsApp-Image-2025-08-13-at-14.49.41.jpeg\",\"contentUrl\":\"https:\\\/\\\/folhapopular.info\\\/wp-content\\\/uploads\\\/2025\\\/08\\\/WhatsApp-Image-2025-08-13-at-14.49.41.jpeg\",\"width\":1600,\"height\":1200,\"caption\":\"Presidente do Conselho de Administra\u00e7\u00e3o da D\u00e1lia, Gilberto Piccinini, foi o palestrante em reuni\u00e3o-almo\u00e7o da Acil. Foto: Thiago Maurique\"},{\"@type\":\"BreadcrumbList\",\"@id\":\"https:\\\/\\\/folhapopular.info\\\/index.php\\\/2025\\\/08\\\/13\\\/dalia-projeta-novo-ciclo-de-expansao-apos-superar-crises\\\/#breadcrumb\",\"itemListElement\":[{\"@type\":\"ListItem\",\"position\":1,\"name\":\"In\u00edcio\",\"item\":\"https:\\\/\\\/folhapopular.info\\\/\"},{\"@type\":\"ListItem\",\"position\":2,\"name\":\"D\u00e1lia projeta novo ciclo de expans\u00e3o ap\u00f3s superar crises\"}]},{\"@type\":\"WebSite\",\"@id\":\"https:\\\/\\\/folhapopular.info\\\/#website\",\"url\":\"https:\\\/\\\/folhapopular.info\\\/\",\"name\":\"Folha Popular\",\"description\":\"Onde voc\u00ea tem vez e voz\",\"potentialAction\":[{\"@type\":\"SearchAction\",\"target\":{\"@type\":\"EntryPoint\",\"urlTemplate\":\"https:\\\/\\\/folhapopular.info\\\/?s={search_term_string}\"},\"query-input\":{\"@type\":\"PropertyValueSpecification\",\"valueRequired\":true,\"valueName\":\"search_term_string\"}}],\"inLanguage\":\"pt-BR\"},{\"@type\":\"Person\",\"@id\":\"https:\\\/\\\/folhapopular.info\\\/#\\\/schema\\\/person\\\/da0b2794f793376cb5dd908e88ca6911\",\"name\":\"Thiago Maurique\",\"image\":{\"@type\":\"ImageObject\",\"inLanguage\":\"pt-BR\",\"@id\":\"https:\\\/\\\/folhapopular.info\\\/wp-content\\\/uploads\\\/2026\\\/04\\\/THIAGO-MAURIQUE-1-1.webp\",\"url\":\"https:\\\/\\\/folhapopular.info\\\/wp-content\\\/uploads\\\/2026\\\/04\\\/THIAGO-MAURIQUE-1-1.webp\",\"contentUrl\":\"https:\\\/\\\/folhapopular.info\\\/wp-content\\\/uploads\\\/2026\\\/04\\\/THIAGO-MAURIQUE-1-1.webp\",\"caption\":\"Thiago Maurique\"},\"url\":\"https:\\\/\\\/folhapopular.info\\\/index.php\\\/author\\\/thiago-maurique\\\/\"}]}<\/script>\n<!-- \/ Yoast SEO plugin. -->","yoast_head_json":{"title":"D\u00e1lia projeta novo ciclo de expans\u00e3o ap\u00f3s superar crises - Folha Popular","description":"D\u00e1lia projeta novo ciclo de expans\u00e3o ap\u00f3s superar enchentes e crise da prote\u00edna. Planos da cooperativa foram apresentados na Acil, em Lajeado","robots":{"index":"index","follow":"follow","max-snippet":"max-snippet:-1","max-image-preview":"max-image-preview:large","max-video-preview":"max-video-preview:-1"},"canonical":"https:\/\/folhapopular.info\/index.php\/2025\/08\/13\/dalia-projeta-novo-ciclo-de-expansao-apos-superar-crises\/","og_locale":"pt_BR","og_type":"article","og_title":"D\u00e1lia projeta novo ciclo de expans\u00e3o ap\u00f3s superar crises - Folha Popular","og_description":"D\u00e1lia projeta novo ciclo de expans\u00e3o ap\u00f3s superar enchentes e crise da prote\u00edna. Planos da cooperativa foram apresentados na Acil, em Lajeado","og_url":"https:\/\/folhapopular.info\/index.php\/2025\/08\/13\/dalia-projeta-novo-ciclo-de-expansao-apos-superar-crises\/","og_site_name":"Folha Popular","article_published_time":"2025-08-13T18:01:02+00:00","article_modified_time":"2025-08-13T18:47:59+00:00","og_image":[{"width":1600,"height":1200,"url":"http:\/\/folhapopular.info\/wp-content\/uploads\/2025\/08\/WhatsApp-Image-2025-08-13-at-14.49.41.jpeg","type":"image\/jpeg"}],"author":"Thiago Maurique","twitter_card":"summary_large_image","twitter_misc":{"Escrito por":"Thiago Maurique","Est. tempo de leitura":"3 minutos"},"schema":{"@context":"https:\/\/schema.org","@graph":[{"@type":"Article","@id":"https:\/\/folhapopular.info\/index.php\/2025\/08\/13\/dalia-projeta-novo-ciclo-de-expansao-apos-superar-crises\/#article","isPartOf":{"@id":"https:\/\/folhapopular.info\/index.php\/2025\/08\/13\/dalia-projeta-novo-ciclo-de-expansao-apos-superar-crises\/"},"author":{"name":"Thiago Maurique","@id":"https:\/\/folhapopular.info\/#\/schema\/person\/da0b2794f793376cb5dd908e88ca6911"},"headline":"D\u00e1lia projeta novo ciclo de expans\u00e3o ap\u00f3s superar crises","datePublished":"2025-08-13T18:01:02+00:00","dateModified":"2025-08-13T18:47:59+00:00","mainEntityOfPage":{"@id":"https:\/\/folhapopular.info\/index.php\/2025\/08\/13\/dalia-projeta-novo-ciclo-de-expansao-apos-superar-crises\/"},"wordCount":401,"commentCount":0,"image":{"@id":"https:\/\/folhapopular.info\/index.php\/2025\/08\/13\/dalia-projeta-novo-ciclo-de-expansao-apos-superar-crises\/#primaryimage"},"thumbnailUrl":"https:\/\/folhapopular.info\/wp-content\/uploads\/2025\/08\/WhatsApp-Image-2025-08-13-at-14.49.41.jpeg","keywords":["Acil","cooperativismo","D\u00e1lia","Encantado","Frangos","Lajeado","Produ\u00e7\u00e3o","Su\u00ednos"],"articleSection":["Coopop","Destaques","Economia"],"inLanguage":"pt-BR","potentialAction":[{"@type":"CommentAction","name":"Comment","target":["https:\/\/folhapopular.info\/index.php\/2025\/08\/13\/dalia-projeta-novo-ciclo-de-expansao-apos-superar-crises\/#respond"]}]},{"@type":"WebPage","@id":"https:\/\/folhapopular.info\/index.php\/2025\/08\/13\/dalia-projeta-novo-ciclo-de-expansao-apos-superar-crises\/","url":"https:\/\/folhapopular.info\/index.php\/2025\/08\/13\/dalia-projeta-novo-ciclo-de-expansao-apos-superar-crises\/","name":"D\u00e1lia projeta novo ciclo de expans\u00e3o ap\u00f3s superar crises - Folha Popular","isPartOf":{"@id":"https:\/\/folhapopular.info\/#website"},"primaryImageOfPage":{"@id":"https:\/\/folhapopular.info\/index.php\/2025\/08\/13\/dalia-projeta-novo-ciclo-de-expansao-apos-superar-crises\/#primaryimage"},"image":{"@id":"https:\/\/folhapopular.info\/index.php\/2025\/08\/13\/dalia-projeta-novo-ciclo-de-expansao-apos-superar-crises\/#primaryimage"},"thumbnailUrl":"https:\/\/folhapopular.info\/wp-content\/uploads\/2025\/08\/WhatsApp-Image-2025-08-13-at-14.49.41.jpeg","datePublished":"2025-08-13T18:01:02+00:00","dateModified":"2025-08-13T18:47:59+00:00","author":{"@id":"https:\/\/folhapopular.info\/#\/schema\/person\/da0b2794f793376cb5dd908e88ca6911"},"description":"D\u00e1lia projeta novo ciclo de expans\u00e3o ap\u00f3s superar enchentes e crise da prote\u00edna. Planos da cooperativa foram apresentados na Acil, em Lajeado","breadcrumb":{"@id":"https:\/\/folhapopular.info\/index.php\/2025\/08\/13\/dalia-projeta-novo-ciclo-de-expansao-apos-superar-crises\/#breadcrumb"},"inLanguage":"pt-BR","potentialAction":[{"@type":"ReadAction","target":["https:\/\/folhapopular.info\/index.php\/2025\/08\/13\/dalia-projeta-novo-ciclo-de-expansao-apos-superar-crises\/"]}]},{"@type":"ImageObject","inLanguage":"pt-BR","@id":"https:\/\/folhapopular.info\/index.php\/2025\/08\/13\/dalia-projeta-novo-ciclo-de-expansao-apos-superar-crises\/#primaryimage","url":"https:\/\/folhapopular.info\/wp-content\/uploads\/2025\/08\/WhatsApp-Image-2025-08-13-at-14.49.41.jpeg","contentUrl":"https:\/\/folhapopular.info\/wp-content\/uploads\/2025\/08\/WhatsApp-Image-2025-08-13-at-14.49.41.jpeg","width":1600,"height":1200,"caption":"Presidente do Conselho de Administra\u00e7\u00e3o da D\u00e1lia, Gilberto Piccinini, foi o palestrante em reuni\u00e3o-almo\u00e7o da Acil. Foto: Thiago Maurique"},{"@type":"BreadcrumbList","@id":"https:\/\/folhapopular.info\/index.php\/2025\/08\/13\/dalia-projeta-novo-ciclo-de-expansao-apos-superar-crises\/#breadcrumb","itemListElement":[{"@type":"ListItem","position":1,"name":"In\u00edcio","item":"https:\/\/folhapopular.info\/"},{"@type":"ListItem","position":2,"name":"D\u00e1lia projeta novo ciclo de expans\u00e3o ap\u00f3s superar crises"}]},{"@type":"WebSite","@id":"https:\/\/folhapopular.info\/#website","url":"https:\/\/folhapopular.info\/","name":"Folha Popular","description":"Onde voc\u00ea tem vez e voz","potentialAction":[{"@type":"SearchAction","target":{"@type":"EntryPoint","urlTemplate":"https:\/\/folhapopular.info\/?s={search_term_string}"},"query-input":{"@type":"PropertyValueSpecification","valueRequired":true,"valueName":"search_term_string"}}],"inLanguage":"pt-BR"},{"@type":"Person","@id":"https:\/\/folhapopular.info\/#\/schema\/person\/da0b2794f793376cb5dd908e88ca6911","name":"Thiago Maurique","image":{"@type":"ImageObject","inLanguage":"pt-BR","@id":"https:\/\/folhapopular.info\/wp-content\/uploads\/2026\/04\/THIAGO-MAURIQUE-1-1.webp","url":"https:\/\/folhapopular.info\/wp-content\/uploads\/2026\/04\/THIAGO-MAURIQUE-1-1.webp","contentUrl":"https:\/\/folhapopular.info\/wp-content\/uploads\/2026\/04\/THIAGO-MAURIQUE-1-1.webp","caption":"Thiago Maurique"},"url":"https:\/\/folhapopular.info\/index.php\/author\/thiago-maurique\/"}]}},"jetpack_featured_media_url":"https:\/\/folhapopular.info\/wp-content\/uploads\/2025\/08\/WhatsApp-Image-2025-08-13-at-14.49.41.jpeg","jetpack_sharing_enabled":true,"amp_enabled":true,"_links":{"self":[{"href":"https:\/\/folhapopular.info\/index.php\/wp-json\/wp\/v2\/posts\/191947","targetHints":{"allow":["GET"]}}],"collection":[{"href":"https:\/\/folhapopular.info\/index.php\/wp-json\/wp\/v2\/posts"}],"about":[{"href":"https:\/\/folhapopular.info\/index.php\/wp-json\/wp\/v2\/types\/post"}],"author":[{"embeddable":true,"href":"https:\/\/folhapopular.info\/index.php\/wp-json\/wp\/v2\/users\/771"}],"replies":[{"embeddable":true,"href":"https:\/\/folhapopular.info\/index.php\/wp-json\/wp\/v2\/comments?post=191947"}],"version-history":[{"count":0,"href":"https:\/\/folhapopular.info\/index.php\/wp-json\/wp\/v2\/posts\/191947\/revisions"}],"wp:featuredmedia":[{"embeddable":true,"href":"https:\/\/folhapopular.info\/index.php\/wp-json\/wp\/v2\/media\/191948"}],"wp:attachment":[{"href":"https:\/\/folhapopular.info\/index.php\/wp-json\/wp\/v2\/media?parent=191947"}],"wp:term":[{"taxonomy":"category","embeddable":true,"href":"https:\/\/folhapopular.info\/index.php\/wp-json\/wp\/v2\/categories?post=191947"},{"taxonomy":"post_tag","embeddable":true,"href":"https:\/\/folhapopular.info\/index.php\/wp-json\/wp\/v2\/tags?post=191947"}],"curies":[{"name":"wp","href":"https:\/\/api.w.org\/{rel}","templated":true}]}}