{"id":192135,"date":"2025-08-16T16:00:00","date_gmt":"2025-08-16T19:00:00","guid":{"rendered":"https:\/\/folhapopular.info\/?p=192135"},"modified":"2025-08-16T08:57:11","modified_gmt":"2025-08-16T11:57:11","slug":"dalia-projeta-novo-ciclo-de-expansao-apos-superar-crises-2","status":"publish","type":"post","link":"https:\/\/folhapopular.info\/index.php\/2025\/08\/16\/dalia-projeta-novo-ciclo-de-expansao-apos-superar-crises-2\/","title":{"rendered":"D\u00e1lia projeta novo ciclo de expans\u00e3o ap\u00f3s superar crises"},"content":{"rendered":"\n<p>A D\u00e1lia Alimentos apresentou proje\u00e7\u00f5es de um novo ciclo de expans\u00e3o e fortalecimento depois de superar as dificuldades provocadas pelas enchentes e pela crise das prote\u00ednas. Em reuni\u00e3o-almo\u00e7o na Associa\u00e7\u00e3o Comercial e Industrial de Lajeado (Acil), o presidente do conselho administrativo da cooperativa, Gilberto Piccinini, apresentou a estrat\u00e9gia de crescimento que visa manter a solidez financeira e aproveitar oportunidades nos mercados interno e externo.<\/p>\n\n\n\n<p>Piccinini apresentou um panorama da cooperativa e refor\u00e7ou seu papel econ\u00f4mico e social no Vale do Taquari. Segundo ele, milhares de fam\u00edlias que dependem diretamente da D\u00e1lia. \u201cS\u00e3o cerca de 3 mil empregos diretos e toda uma cadeia de opera\u00e7\u00f5es indiretas\u201d, ressalta.<\/p>\n\n\n\n<p>A cooperativa industrializa carne su\u00edna, frango e leite, comercializando seus produtos para 20 pa\u00edses. O faturamento anual gira em torno de R$ 2 bilh\u00f5es e, conforme Piccinini, um dos pilares que sustentam o neg\u00f3cio \u00e9 a total transpar\u00eancia aos associados. \u201cOs donos do neg\u00f3cio t\u00eam acesso a todas as informa\u00e7\u00f5es e participam das decis\u00f5es estrat\u00e9gicas\u201d, refor\u00e7a.<\/p>\n\n\n\n<p>O presidente do conselho da cooperativa destacou os danos das cheias de maio de 2024, que interromperam as atividades da D\u00e1lia por quase um m\u00eas, atingindo n\u00e3o apenas as unidades industriais, mas tamb\u00e9m os produtores rurais integrados. \u201cA mobiliza\u00e7\u00e3o regional para reconstruir a empresa ap\u00f3s as enchentes mostrou a for\u00e7a da nossa comunidade e dos associados\u201d, considera.<\/p>\n\n\n\n<p>Antes das enchentes, a D\u00e1lia j\u00e1 havia atravessado a crise mundial das prote\u00ednas, que afetou diretamente a cadeia produtiva de su\u00ednos e aves. \u201cO p\u00f3s-pandemia trouxe aumento de custos e indicadores desfavor\u00e1veis. Em vez de manter a produ\u00e7\u00e3o em ritmo alto e gerar preju\u00edzos irrevers\u00edveis, decidimos desacelerar, reduzir abates e at\u00e9 abater matrizes para esperar um momento mais favor\u00e1vel\u201d, explica.<\/p>\n\n\n\n<p>A decis\u00e3o implicou abrir m\u00e3o de resultados imediatos, mas preservou a sa\u00fade financeira da cooperativa. Para Piccinini, os associados mostraram responsabilidade e comprometimento com o futuro da D\u00e1lia. \u201cHoje todos reconhecem que foi uma escolha estrat\u00e9gica, com leitura de cen\u00e1rio que evitou danos graves\u201d, acrescenta.<\/p>\n\n\n\n<p><strong>Planos de amplia\u00e7\u00e3o<\/strong><\/p>\n\n\n\n<p>Hoje, o parque industrial da D\u00e1lia \u00e9 composto por frigor\u00edfico de su\u00ednos com capacidade de abate de at\u00e9 3 mil animais por dia e frigor\u00edfico de frangos com capacidade para 55 mil aves por turno. A unidade de leite UHT processa at\u00e9 500 mil litros di\u00e1rios, enquanto a de leite em p\u00f3 tem capacidade para 450 mil litros.<\/p>\n\n\n\n<p>Apesar da estrutura moderna, a falta de m\u00e3o de obra \u00e9 um dos principais entraves para as proje\u00e7\u00f5es de crescimento da cooperativa. \u201cTemos oportunidades abertas na ind\u00fastria e no campo, mas nem sempre conseguimos preencher. Isso impacta diretamente a produ\u00e7\u00e3o\u201d, alerta Piccinini.<\/p>\n\n\n\n<p><strong>Futuro<\/strong><\/p>\n\n\n\n<p>O plano para os pr\u00f3ximos anos prev\u00ea manuten\u00e7\u00e3o da for\u00e7a no mercado interno e expans\u00e3o das exporta\u00e7\u00f5es. \u201cDurante as enchentes, vimos o quanto o ga\u00facho valoriza marcas locais. Mas, o mundo v\u00ea o Brasil como um grande fornecedor de prote\u00edna animal, e precisamos aproveitar isso\u201d, disse.<\/p>\n\n\n\n<p>A localiza\u00e7\u00e3o geogr\u00e1fica, todavia, imp\u00f5e desafios log\u00edsticos. \u201cEstamos a 1.200 quil\u00f4metros de S\u00e3o Paulo, maior mercado consumidor. A reforma tribut\u00e1ria pode reduzir a guerra fiscal, mas a log\u00edstica seguir\u00e1 como ponto de aten\u00e7\u00e3o\u201d, avalia.<\/p>\n\n\n\n<p>A cooperativa tamb\u00e9m estuda expandir no Rio Grande do Sul e instalar unidade no Centro-Oeste para capta\u00e7\u00e3o de gr\u00e3os. \u201cTemos parque industrial moderno e capacidade de crescer sem grandes investimentos adicionais. Vamos avan\u00e7ar com seguran\u00e7a e compromisso regional\u201d, conclui.<\/p>\n","protected":false},"excerpt":{"rendered":"<p>A D\u00e1lia Alimentos apresentou proje\u00e7\u00f5es de um novo ciclo de expans\u00e3o e fortalecimento depois de superar as dificuldades provocadas pelas enchentes e pela crise das prote\u00ednas. Em reuni\u00e3o-almo\u00e7o na Associa\u00e7\u00e3o Comercial e Industrial de Lajeado (Acil), o presidente do conselho administrativo da cooperativa, Gilberto Piccinini, apresentou a estrat\u00e9gia de crescimento que visa manter a solidez [&hellip;]<\/p>\n","protected":false},"author":771,"featured_media":192136,"comment_status":"open","ping_status":"open","sticky":false,"template":"","format":"standard","meta":{"pmpro_default_level":"","_jetpack_memberships_contains_paid_content":false,"footnotes":""},"categories":[10992,2,10991],"tags":[214,126,27,7417],"class_list":{"0":"post-192135","1":"post","2":"type-post","3":"status-publish","4":"format-standard","5":"has-post-thumbnail","7":"category-coopop","8":"category-featured","9":"category-economia","10":"tag-acil","11":"tag-dalia","12":"tag-lajeado","13":"tag-reuniao-almoco-2","14":"pmpro-has-access"},"yoast_head":"<!-- This site is optimized with the Yoast SEO plugin v27.4 - https:\/\/yoast.com\/product\/yoast-seo-wordpress\/ -->\n<title>D\u00e1lia projeta novo ciclo de expans\u00e3o ap\u00f3s superar crises - Folha Popular<\/title>\n<meta name=\"robots\" content=\"index, follow, max-snippet:-1, max-image-preview:large, max-video-preview:-1\" \/>\n<link rel=\"canonical\" href=\"https:\/\/folhapopular.info\/index.php\/2025\/08\/16\/dalia-projeta-novo-ciclo-de-expansao-apos-superar-crises-2\/\" \/>\n<meta property=\"og:locale\" content=\"pt_BR\" \/>\n<meta property=\"og:type\" content=\"article\" \/>\n<meta property=\"og:title\" content=\"D\u00e1lia projeta novo ciclo de expans\u00e3o ap\u00f3s superar crises - Folha Popular\" \/>\n<meta property=\"og:description\" content=\"A D\u00e1lia Alimentos apresentou proje\u00e7\u00f5es de um novo ciclo de expans\u00e3o e fortalecimento depois de superar as dificuldades provocadas pelas enchentes e pela crise das prote\u00ednas. Em reuni\u00e3o-almo\u00e7o na Associa\u00e7\u00e3o Comercial e Industrial de Lajeado (Acil), o presidente do conselho administrativo da cooperativa, Gilberto Piccinini, apresentou a estrat\u00e9gia de crescimento que visa manter a solidez [&hellip;]\" \/>\n<meta property=\"og:url\" content=\"https:\/\/folhapopular.info\/index.php\/2025\/08\/16\/dalia-projeta-novo-ciclo-de-expansao-apos-superar-crises-2\/\" \/>\n<meta property=\"og:site_name\" content=\"Folha Popular\" \/>\n<meta property=\"article:published_time\" content=\"2025-08-16T19:00:00+00:00\" \/>\n<meta property=\"og:image\" content=\"https:\/\/folhapopular.info\/wp-content\/uploads\/2025\/08\/Dalia.jpeg\" \/>\n\t<meta property=\"og:image:width\" content=\"1280\" \/>\n\t<meta property=\"og:image:height\" content=\"960\" \/>\n\t<meta property=\"og:image:type\" content=\"image\/jpeg\" \/>\n<meta name=\"author\" content=\"Thiago Maurique\" \/>\n<meta name=\"twitter:card\" content=\"summary_large_image\" \/>\n<meta name=\"twitter:label1\" content=\"Escrito por\" \/>\n\t<meta name=\"twitter:data1\" content=\"Thiago Maurique\" \/>\n\t<meta name=\"twitter:label2\" content=\"Est. tempo de leitura\" \/>\n\t<meta name=\"twitter:data2\" content=\"4 minutos\" \/>\n<script type=\"application\/ld+json\" class=\"yoast-schema-graph\">{\"@context\":\"https:\\\/\\\/schema.org\",\"@graph\":[{\"@type\":\"Article\",\"@id\":\"https:\\\/\\\/folhapopular.info\\\/index.php\\\/2025\\\/08\\\/16\\\/dalia-projeta-novo-ciclo-de-expansao-apos-superar-crises-2\\\/#article\",\"isPartOf\":{\"@id\":\"https:\\\/\\\/folhapopular.info\\\/index.php\\\/2025\\\/08\\\/16\\\/dalia-projeta-novo-ciclo-de-expansao-apos-superar-crises-2\\\/\"},\"author\":{\"name\":\"Thiago Maurique\",\"@id\":\"https:\\\/\\\/folhapopular.info\\\/#\\\/schema\\\/person\\\/da0b2794f793376cb5dd908e88ca6911\"},\"headline\":\"D\u00e1lia projeta novo ciclo de expans\u00e3o ap\u00f3s superar crises\",\"datePublished\":\"2025-08-16T19:00:00+00:00\",\"mainEntityOfPage\":{\"@id\":\"https:\\\/\\\/folhapopular.info\\\/index.php\\\/2025\\\/08\\\/16\\\/dalia-projeta-novo-ciclo-de-expansao-apos-superar-crises-2\\\/\"},\"wordCount\":625,\"commentCount\":0,\"image\":{\"@id\":\"https:\\\/\\\/folhapopular.info\\\/index.php\\\/2025\\\/08\\\/16\\\/dalia-projeta-novo-ciclo-de-expansao-apos-superar-crises-2\\\/#primaryimage\"},\"thumbnailUrl\":\"https:\\\/\\\/folhapopular.info\\\/wp-content\\\/uploads\\\/2025\\\/08\\\/Dalia.jpeg\",\"keywords\":[\"Acil\",\"D\u00e1lia\",\"Lajeado\",\"Reuni\u00e3o-almo\u00e7o\"],\"articleSection\":[\"Coopop\",\"Destaques\",\"Economia\"],\"inLanguage\":\"pt-BR\",\"potentialAction\":[{\"@type\":\"CommentAction\",\"name\":\"Comment\",\"target\":[\"https:\\\/\\\/folhapopular.info\\\/index.php\\\/2025\\\/08\\\/16\\\/dalia-projeta-novo-ciclo-de-expansao-apos-superar-crises-2\\\/#respond\"]}]},{\"@type\":\"WebPage\",\"@id\":\"https:\\\/\\\/folhapopular.info\\\/index.php\\\/2025\\\/08\\\/16\\\/dalia-projeta-novo-ciclo-de-expansao-apos-superar-crises-2\\\/\",\"url\":\"https:\\\/\\\/folhapopular.info\\\/index.php\\\/2025\\\/08\\\/16\\\/dalia-projeta-novo-ciclo-de-expansao-apos-superar-crises-2\\\/\",\"name\":\"D\u00e1lia projeta novo ciclo de expans\u00e3o ap\u00f3s superar crises - Folha Popular\",\"isPartOf\":{\"@id\":\"https:\\\/\\\/folhapopular.info\\\/#website\"},\"primaryImageOfPage\":{\"@id\":\"https:\\\/\\\/folhapopular.info\\\/index.php\\\/2025\\\/08\\\/16\\\/dalia-projeta-novo-ciclo-de-expansao-apos-superar-crises-2\\\/#primaryimage\"},\"image\":{\"@id\":\"https:\\\/\\\/folhapopular.info\\\/index.php\\\/2025\\\/08\\\/16\\\/dalia-projeta-novo-ciclo-de-expansao-apos-superar-crises-2\\\/#primaryimage\"},\"thumbnailUrl\":\"https:\\\/\\\/folhapopular.info\\\/wp-content\\\/uploads\\\/2025\\\/08\\\/Dalia.jpeg\",\"datePublished\":\"2025-08-16T19:00:00+00:00\",\"author\":{\"@id\":\"https:\\\/\\\/folhapopular.info\\\/#\\\/schema\\\/person\\\/da0b2794f793376cb5dd908e88ca6911\"},\"breadcrumb\":{\"@id\":\"https:\\\/\\\/folhapopular.info\\\/index.php\\\/2025\\\/08\\\/16\\\/dalia-projeta-novo-ciclo-de-expansao-apos-superar-crises-2\\\/#breadcrumb\"},\"inLanguage\":\"pt-BR\",\"potentialAction\":[{\"@type\":\"ReadAction\",\"target\":[\"https:\\\/\\\/folhapopular.info\\\/index.php\\\/2025\\\/08\\\/16\\\/dalia-projeta-novo-ciclo-de-expansao-apos-superar-crises-2\\\/\"]}]},{\"@type\":\"ImageObject\",\"inLanguage\":\"pt-BR\",\"@id\":\"https:\\\/\\\/folhapopular.info\\\/index.php\\\/2025\\\/08\\\/16\\\/dalia-projeta-novo-ciclo-de-expansao-apos-superar-crises-2\\\/#primaryimage\",\"url\":\"https:\\\/\\\/folhapopular.info\\\/wp-content\\\/uploads\\\/2025\\\/08\\\/Dalia.jpeg\",\"contentUrl\":\"https:\\\/\\\/folhapopular.info\\\/wp-content\\\/uploads\\\/2025\\\/08\\\/Dalia.jpeg\",\"width\":1280,\"height\":960,\"caption\":\"Conforme Piccinini, a falta de m\u00e3o de obra \u00e9 um dos principais entraves para o crescimento da cooperativa \\\/ Cr\u00e9dito: Thiago Maurique\"},{\"@type\":\"BreadcrumbList\",\"@id\":\"https:\\\/\\\/folhapopular.info\\\/index.php\\\/2025\\\/08\\\/16\\\/dalia-projeta-novo-ciclo-de-expansao-apos-superar-crises-2\\\/#breadcrumb\",\"itemListElement\":[{\"@type\":\"ListItem\",\"position\":1,\"name\":\"In\u00edcio\",\"item\":\"https:\\\/\\\/folhapopular.info\\\/\"},{\"@type\":\"ListItem\",\"position\":2,\"name\":\"D\u00e1lia projeta novo ciclo de expans\u00e3o ap\u00f3s superar crises\"}]},{\"@type\":\"WebSite\",\"@id\":\"https:\\\/\\\/folhapopular.info\\\/#website\",\"url\":\"https:\\\/\\\/folhapopular.info\\\/\",\"name\":\"Folha Popular\",\"description\":\"Onde voc\u00ea tem vez e voz\",\"potentialAction\":[{\"@type\":\"SearchAction\",\"target\":{\"@type\":\"EntryPoint\",\"urlTemplate\":\"https:\\\/\\\/folhapopular.info\\\/?s={search_term_string}\"},\"query-input\":{\"@type\":\"PropertyValueSpecification\",\"valueRequired\":true,\"valueName\":\"search_term_string\"}}],\"inLanguage\":\"pt-BR\"},{\"@type\":\"Person\",\"@id\":\"https:\\\/\\\/folhapopular.info\\\/#\\\/schema\\\/person\\\/da0b2794f793376cb5dd908e88ca6911\",\"name\":\"Thiago Maurique\",\"image\":{\"@type\":\"ImageObject\",\"inLanguage\":\"pt-BR\",\"@id\":\"https:\\\/\\\/folhapopular.info\\\/wp-content\\\/uploads\\\/2026\\\/04\\\/THIAGO-MAURIQUE-1-1.webp\",\"url\":\"https:\\\/\\\/folhapopular.info\\\/wp-content\\\/uploads\\\/2026\\\/04\\\/THIAGO-MAURIQUE-1-1.webp\",\"contentUrl\":\"https:\\\/\\\/folhapopular.info\\\/wp-content\\\/uploads\\\/2026\\\/04\\\/THIAGO-MAURIQUE-1-1.webp\",\"caption\":\"Thiago Maurique\"},\"url\":\"https:\\\/\\\/folhapopular.info\\\/index.php\\\/author\\\/thiago-maurique\\\/\"}]}<\/script>\n<!-- \/ Yoast SEO plugin. -->","yoast_head_json":{"title":"D\u00e1lia projeta novo ciclo de expans\u00e3o ap\u00f3s superar crises - Folha Popular","robots":{"index":"index","follow":"follow","max-snippet":"max-snippet:-1","max-image-preview":"max-image-preview:large","max-video-preview":"max-video-preview:-1"},"canonical":"https:\/\/folhapopular.info\/index.php\/2025\/08\/16\/dalia-projeta-novo-ciclo-de-expansao-apos-superar-crises-2\/","og_locale":"pt_BR","og_type":"article","og_title":"D\u00e1lia projeta novo ciclo de expans\u00e3o ap\u00f3s superar crises - Folha Popular","og_description":"A D\u00e1lia Alimentos apresentou proje\u00e7\u00f5es de um novo ciclo de expans\u00e3o e fortalecimento depois de superar as dificuldades provocadas pelas enchentes e pela crise das prote\u00ednas. Em reuni\u00e3o-almo\u00e7o na Associa\u00e7\u00e3o Comercial e Industrial de Lajeado (Acil), o presidente do conselho administrativo da cooperativa, Gilberto Piccinini, apresentou a estrat\u00e9gia de crescimento que visa manter a solidez [&hellip;]","og_url":"https:\/\/folhapopular.info\/index.php\/2025\/08\/16\/dalia-projeta-novo-ciclo-de-expansao-apos-superar-crises-2\/","og_site_name":"Folha Popular","article_published_time":"2025-08-16T19:00:00+00:00","og_image":[{"width":1280,"height":960,"url":"https:\/\/folhapopular.info\/wp-content\/uploads\/2025\/08\/Dalia.jpeg","type":"image\/jpeg"}],"author":"Thiago Maurique","twitter_card":"summary_large_image","twitter_misc":{"Escrito por":"Thiago Maurique","Est. tempo de leitura":"4 minutos"},"schema":{"@context":"https:\/\/schema.org","@graph":[{"@type":"Article","@id":"https:\/\/folhapopular.info\/index.php\/2025\/08\/16\/dalia-projeta-novo-ciclo-de-expansao-apos-superar-crises-2\/#article","isPartOf":{"@id":"https:\/\/folhapopular.info\/index.php\/2025\/08\/16\/dalia-projeta-novo-ciclo-de-expansao-apos-superar-crises-2\/"},"author":{"name":"Thiago Maurique","@id":"https:\/\/folhapopular.info\/#\/schema\/person\/da0b2794f793376cb5dd908e88ca6911"},"headline":"D\u00e1lia projeta novo ciclo de expans\u00e3o ap\u00f3s superar crises","datePublished":"2025-08-16T19:00:00+00:00","mainEntityOfPage":{"@id":"https:\/\/folhapopular.info\/index.php\/2025\/08\/16\/dalia-projeta-novo-ciclo-de-expansao-apos-superar-crises-2\/"},"wordCount":625,"commentCount":0,"image":{"@id":"https:\/\/folhapopular.info\/index.php\/2025\/08\/16\/dalia-projeta-novo-ciclo-de-expansao-apos-superar-crises-2\/#primaryimage"},"thumbnailUrl":"https:\/\/folhapopular.info\/wp-content\/uploads\/2025\/08\/Dalia.jpeg","keywords":["Acil","D\u00e1lia","Lajeado","Reuni\u00e3o-almo\u00e7o"],"articleSection":["Coopop","Destaques","Economia"],"inLanguage":"pt-BR","potentialAction":[{"@type":"CommentAction","name":"Comment","target":["https:\/\/folhapopular.info\/index.php\/2025\/08\/16\/dalia-projeta-novo-ciclo-de-expansao-apos-superar-crises-2\/#respond"]}]},{"@type":"WebPage","@id":"https:\/\/folhapopular.info\/index.php\/2025\/08\/16\/dalia-projeta-novo-ciclo-de-expansao-apos-superar-crises-2\/","url":"https:\/\/folhapopular.info\/index.php\/2025\/08\/16\/dalia-projeta-novo-ciclo-de-expansao-apos-superar-crises-2\/","name":"D\u00e1lia projeta novo ciclo de expans\u00e3o ap\u00f3s superar crises - Folha Popular","isPartOf":{"@id":"https:\/\/folhapopular.info\/#website"},"primaryImageOfPage":{"@id":"https:\/\/folhapopular.info\/index.php\/2025\/08\/16\/dalia-projeta-novo-ciclo-de-expansao-apos-superar-crises-2\/#primaryimage"},"image":{"@id":"https:\/\/folhapopular.info\/index.php\/2025\/08\/16\/dalia-projeta-novo-ciclo-de-expansao-apos-superar-crises-2\/#primaryimage"},"thumbnailUrl":"https:\/\/folhapopular.info\/wp-content\/uploads\/2025\/08\/Dalia.jpeg","datePublished":"2025-08-16T19:00:00+00:00","author":{"@id":"https:\/\/folhapopular.info\/#\/schema\/person\/da0b2794f793376cb5dd908e88ca6911"},"breadcrumb":{"@id":"https:\/\/folhapopular.info\/index.php\/2025\/08\/16\/dalia-projeta-novo-ciclo-de-expansao-apos-superar-crises-2\/#breadcrumb"},"inLanguage":"pt-BR","potentialAction":[{"@type":"ReadAction","target":["https:\/\/folhapopular.info\/index.php\/2025\/08\/16\/dalia-projeta-novo-ciclo-de-expansao-apos-superar-crises-2\/"]}]},{"@type":"ImageObject","inLanguage":"pt-BR","@id":"https:\/\/folhapopular.info\/index.php\/2025\/08\/16\/dalia-projeta-novo-ciclo-de-expansao-apos-superar-crises-2\/#primaryimage","url":"https:\/\/folhapopular.info\/wp-content\/uploads\/2025\/08\/Dalia.jpeg","contentUrl":"https:\/\/folhapopular.info\/wp-content\/uploads\/2025\/08\/Dalia.jpeg","width":1280,"height":960,"caption":"Conforme Piccinini, a falta de m\u00e3o de obra \u00e9 um dos principais entraves para o crescimento da cooperativa \/ Cr\u00e9dito: Thiago Maurique"},{"@type":"BreadcrumbList","@id":"https:\/\/folhapopular.info\/index.php\/2025\/08\/16\/dalia-projeta-novo-ciclo-de-expansao-apos-superar-crises-2\/#breadcrumb","itemListElement":[{"@type":"ListItem","position":1,"name":"In\u00edcio","item":"https:\/\/folhapopular.info\/"},{"@type":"ListItem","position":2,"name":"D\u00e1lia projeta novo ciclo de expans\u00e3o ap\u00f3s superar crises"}]},{"@type":"WebSite","@id":"https:\/\/folhapopular.info\/#website","url":"https:\/\/folhapopular.info\/","name":"Folha Popular","description":"Onde voc\u00ea tem vez e voz","potentialAction":[{"@type":"SearchAction","target":{"@type":"EntryPoint","urlTemplate":"https:\/\/folhapopular.info\/?s={search_term_string}"},"query-input":{"@type":"PropertyValueSpecification","valueRequired":true,"valueName":"search_term_string"}}],"inLanguage":"pt-BR"},{"@type":"Person","@id":"https:\/\/folhapopular.info\/#\/schema\/person\/da0b2794f793376cb5dd908e88ca6911","name":"Thiago Maurique","image":{"@type":"ImageObject","inLanguage":"pt-BR","@id":"https:\/\/folhapopular.info\/wp-content\/uploads\/2026\/04\/THIAGO-MAURIQUE-1-1.webp","url":"https:\/\/folhapopular.info\/wp-content\/uploads\/2026\/04\/THIAGO-MAURIQUE-1-1.webp","contentUrl":"https:\/\/folhapopular.info\/wp-content\/uploads\/2026\/04\/THIAGO-MAURIQUE-1-1.webp","caption":"Thiago Maurique"},"url":"https:\/\/folhapopular.info\/index.php\/author\/thiago-maurique\/"}]}},"jetpack_featured_media_url":"https:\/\/folhapopular.info\/wp-content\/uploads\/2025\/08\/Dalia.jpeg","jetpack_sharing_enabled":true,"amp_enabled":true,"_links":{"self":[{"href":"https:\/\/folhapopular.info\/index.php\/wp-json\/wp\/v2\/posts\/192135","targetHints":{"allow":["GET"]}}],"collection":[{"href":"https:\/\/folhapopular.info\/index.php\/wp-json\/wp\/v2\/posts"}],"about":[{"href":"https:\/\/folhapopular.info\/index.php\/wp-json\/wp\/v2\/types\/post"}],"author":[{"embeddable":true,"href":"https:\/\/folhapopular.info\/index.php\/wp-json\/wp\/v2\/users\/771"}],"replies":[{"embeddable":true,"href":"https:\/\/folhapopular.info\/index.php\/wp-json\/wp\/v2\/comments?post=192135"}],"version-history":[{"count":0,"href":"https:\/\/folhapopular.info\/index.php\/wp-json\/wp\/v2\/posts\/192135\/revisions"}],"wp:featuredmedia":[{"embeddable":true,"href":"https:\/\/folhapopular.info\/index.php\/wp-json\/wp\/v2\/media\/192136"}],"wp:attachment":[{"href":"https:\/\/folhapopular.info\/index.php\/wp-json\/wp\/v2\/media?parent=192135"}],"wp:term":[{"taxonomy":"category","embeddable":true,"href":"https:\/\/folhapopular.info\/index.php\/wp-json\/wp\/v2\/categories?post=192135"},{"taxonomy":"post_tag","embeddable":true,"href":"https:\/\/folhapopular.info\/index.php\/wp-json\/wp\/v2\/tags?post=192135"}],"curies":[{"name":"wp","href":"https:\/\/api.w.org\/{rel}","templated":true}]}}