{"id":192295,"date":"2025-08-18T16:01:00","date_gmt":"2025-08-18T19:01:00","guid":{"rendered":"https:\/\/folhapopular.info\/?p=192295"},"modified":"2025-08-18T16:01:52","modified_gmt":"2025-08-18T19:01:52","slug":"rs-tem-menor-taxa-de-desemprego-desde-2012-diz-ibge","status":"publish","type":"post","link":"https:\/\/folhapopular.info\/index.php\/2025\/08\/18\/rs-tem-menor-taxa-de-desemprego-desde-2012-diz-ibge\/","title":{"rendered":"RS tem menor taxa de desemprego desde 2012, diz IBGE"},"content":{"rendered":"\n<p>O Rio Grande do Sul encerrou o segundo trimestre de 2025 com uma taxa de desemprego de 4,3%, o menor \u00edndice registrado desde 2012, segundo dados divulgados pela Pesquisa Nacional por Amostra de Domic\u00edlios Cont\u00ednua (Pnad Cont\u00ednua), do IBGE. A queda representa uma redu\u00e7\u00e3o de 1 ponto percentual em rela\u00e7\u00e3o ao primeiro trimestre do ano, quando o \u00edndice era de 5,3%.<\/p>\n\n\n\n<p>Atualmente, o estado tem 266 mil pessoas desocupadas. Tamb\u00e9m foi registrada a menor taxa de subutiliza\u00e7\u00e3o da for\u00e7a de trabalho no per\u00edodo entre 2012 e 2025, com 593 mil pessoas, representando 9,5%. \u00c9 a segunda vez que o RS apresenta \u00edndice abaixo de 10%.<\/p>\n\n\n\n<p>De janeiro a junho deste ano, o estado criou mais de 76 mil novos postos formais de trabalho. Apenas no primeiro trimestre, o saldo positivo de empregos formais superou todo o ano de 2024.<\/p>\n\n\n\n<p>Na compara\u00e7\u00e3o regional, o Sul do pa\u00eds teve a menor taxa de desemprego do Brasil, com 3,6% no segundo trimestre de 2025 \u2014 uma queda em rela\u00e7\u00e3o aos 4,6% registrados no mesmo per\u00edodo do ano anterior. A regi\u00e3o Nordeste apresentou a maior taxa, com 8,2%.<\/p>\n","protected":false},"excerpt":{"rendered":"<p>O Rio Grande do Sul encerrou o segundo trimestre de 2025 com uma taxa de desemprego de 4,3%, o menor \u00edndice registrado desde 2012, segundo dados divulgados pela Pesquisa Nacional por Amostra de Domic\u00edlios Cont\u00ednua (Pnad Cont\u00ednua), do IBGE. A queda representa uma redu\u00e7\u00e3o de 1 ponto percentual em rela\u00e7\u00e3o ao primeiro trimestre do ano, [&hellip;]<\/p>\n","protected":false},"author":8,"featured_media":192296,"comment_status":"open","ping_status":"open","sticky":false,"template":"","format":"standard","meta":{"pmpro_default_level":"","_jetpack_memberships_contains_paid_content":false,"footnotes":""},"categories":[10991,12473],"tags":[],"class_list":{"0":"post-192295","1":"post","2":"type-post","3":"status-publish","4":"format-standard","5":"has-post-thumbnail","7":"category-economia","8":"category-negocios","9":"pmpro-has-access"},"yoast_head":"<!-- This site is optimized with the Yoast SEO plugin v27.5 - https:\/\/yoast.com\/product\/yoast-seo-wordpress\/ -->\n<title>RS tem menor taxa de desemprego desde 2012, diz IBGE - Folha Popular<\/title>\n<meta name=\"robots\" content=\"index, follow, max-snippet:-1, max-image-preview:large, max-video-preview:-1\" \/>\n<link rel=\"canonical\" href=\"https:\/\/folhapopular.info\/index.php\/2025\/08\/18\/rs-tem-menor-taxa-de-desemprego-desde-2012-diz-ibge\/\" \/>\n<meta property=\"og:locale\" content=\"pt_BR\" \/>\n<meta property=\"og:type\" content=\"article\" \/>\n<meta property=\"og:title\" content=\"RS tem menor taxa de desemprego desde 2012, diz IBGE - Folha Popular\" \/>\n<meta property=\"og:description\" content=\"O Rio Grande do Sul encerrou o segundo trimestre de 2025 com uma taxa de desemprego de 4,3%, o menor \u00edndice registrado desde 2012, segundo dados divulgados pela Pesquisa Nacional por Amostra de Domic\u00edlios Cont\u00ednua (Pnad Cont\u00ednua), do IBGE. A queda representa uma redu\u00e7\u00e3o de 1 ponto percentual em rela\u00e7\u00e3o ao primeiro trimestre do ano, [&hellip;]\" \/>\n<meta property=\"og:url\" content=\"https:\/\/folhapopular.info\/index.php\/2025\/08\/18\/rs-tem-menor-taxa-de-desemprego-desde-2012-diz-ibge\/\" \/>\n<meta property=\"og:site_name\" content=\"Folha Popular\" \/>\n<meta property=\"article:published_time\" content=\"2025-08-18T19:01:00+00:00\" \/>\n<meta property=\"article:modified_time\" content=\"2025-08-18T19:01:52+00:00\" \/>\n<meta property=\"og:image\" content=\"http:\/\/folhapopular.info\/wp-content\/uploads\/2025\/08\/111.webp\" \/>\n\t<meta property=\"og:image:width\" content=\"770\" \/>\n\t<meta property=\"og:image:height\" content=\"465\" \/>\n\t<meta property=\"og:image:type\" content=\"image\/webp\" \/>\n<meta name=\"author\" content=\"Reda\u00e7\u00e3o Folha Popular\" \/>\n<meta name=\"twitter:card\" content=\"summary_large_image\" \/>\n<meta name=\"twitter:label1\" content=\"Escrito por\" \/>\n\t<meta name=\"twitter:data1\" content=\"Reda\u00e7\u00e3o Folha Popular\" \/>\n\t<meta name=\"twitter:label2\" content=\"Est. tempo de leitura\" \/>\n\t<meta name=\"twitter:data2\" content=\"2 minutos\" \/>\n<script type=\"application\/ld+json\" class=\"yoast-schema-graph\">{\"@context\":\"https:\\\/\\\/schema.org\",\"@graph\":[{\"@type\":\"Article\",\"@id\":\"https:\\\/\\\/folhapopular.info\\\/index.php\\\/2025\\\/08\\\/18\\\/rs-tem-menor-taxa-de-desemprego-desde-2012-diz-ibge\\\/#article\",\"isPartOf\":{\"@id\":\"https:\\\/\\\/folhapopular.info\\\/index.php\\\/2025\\\/08\\\/18\\\/rs-tem-menor-taxa-de-desemprego-desde-2012-diz-ibge\\\/\"},\"author\":{\"name\":\"Reda\u00e7\u00e3o Folha Popular\",\"@id\":\"https:\\\/\\\/folhapopular.info\\\/#\\\/schema\\\/person\\\/2814e8a0df7643585a9ca38bc6eb9d4b\"},\"headline\":\"RS tem menor taxa de desemprego desde 2012, diz IBGE\",\"datePublished\":\"2025-08-18T19:01:00+00:00\",\"dateModified\":\"2025-08-18T19:01:52+00:00\",\"mainEntityOfPage\":{\"@id\":\"https:\\\/\\\/folhapopular.info\\\/index.php\\\/2025\\\/08\\\/18\\\/rs-tem-menor-taxa-de-desemprego-desde-2012-diz-ibge\\\/\"},\"wordCount\":188,\"commentCount\":0,\"image\":{\"@id\":\"https:\\\/\\\/folhapopular.info\\\/index.php\\\/2025\\\/08\\\/18\\\/rs-tem-menor-taxa-de-desemprego-desde-2012-diz-ibge\\\/#primaryimage\"},\"thumbnailUrl\":\"https:\\\/\\\/folhapopular.info\\\/wp-content\\\/uploads\\\/2025\\\/08\\\/111.webp\",\"articleSection\":[\"Economia\",\"Neg\u00f3cios\"],\"inLanguage\":\"pt-BR\",\"potentialAction\":[{\"@type\":\"CommentAction\",\"name\":\"Comment\",\"target\":[\"https:\\\/\\\/folhapopular.info\\\/index.php\\\/2025\\\/08\\\/18\\\/rs-tem-menor-taxa-de-desemprego-desde-2012-diz-ibge\\\/#respond\"]}]},{\"@type\":\"WebPage\",\"@id\":\"https:\\\/\\\/folhapopular.info\\\/index.php\\\/2025\\\/08\\\/18\\\/rs-tem-menor-taxa-de-desemprego-desde-2012-diz-ibge\\\/\",\"url\":\"https:\\\/\\\/folhapopular.info\\\/index.php\\\/2025\\\/08\\\/18\\\/rs-tem-menor-taxa-de-desemprego-desde-2012-diz-ibge\\\/\",\"name\":\"RS tem menor taxa de desemprego desde 2012, diz IBGE - Folha Popular\",\"isPartOf\":{\"@id\":\"https:\\\/\\\/folhapopular.info\\\/#website\"},\"primaryImageOfPage\":{\"@id\":\"https:\\\/\\\/folhapopular.info\\\/index.php\\\/2025\\\/08\\\/18\\\/rs-tem-menor-taxa-de-desemprego-desde-2012-diz-ibge\\\/#primaryimage\"},\"image\":{\"@id\":\"https:\\\/\\\/folhapopular.info\\\/index.php\\\/2025\\\/08\\\/18\\\/rs-tem-menor-taxa-de-desemprego-desde-2012-diz-ibge\\\/#primaryimage\"},\"thumbnailUrl\":\"https:\\\/\\\/folhapopular.info\\\/wp-content\\\/uploads\\\/2025\\\/08\\\/111.webp\",\"datePublished\":\"2025-08-18T19:01:00+00:00\",\"dateModified\":\"2025-08-18T19:01:52+00:00\",\"author\":{\"@id\":\"https:\\\/\\\/folhapopular.info\\\/#\\\/schema\\\/person\\\/2814e8a0df7643585a9ca38bc6eb9d4b\"},\"breadcrumb\":{\"@id\":\"https:\\\/\\\/folhapopular.info\\\/index.php\\\/2025\\\/08\\\/18\\\/rs-tem-menor-taxa-de-desemprego-desde-2012-diz-ibge\\\/#breadcrumb\"},\"inLanguage\":\"pt-BR\",\"potentialAction\":[{\"@type\":\"ReadAction\",\"target\":[\"https:\\\/\\\/folhapopular.info\\\/index.php\\\/2025\\\/08\\\/18\\\/rs-tem-menor-taxa-de-desemprego-desde-2012-diz-ibge\\\/\"]}]},{\"@type\":\"ImageObject\",\"inLanguage\":\"pt-BR\",\"@id\":\"https:\\\/\\\/folhapopular.info\\\/index.php\\\/2025\\\/08\\\/18\\\/rs-tem-menor-taxa-de-desemprego-desde-2012-diz-ibge\\\/#primaryimage\",\"url\":\"https:\\\/\\\/folhapopular.info\\\/wp-content\\\/uploads\\\/2025\\\/08\\\/111.webp\",\"contentUrl\":\"https:\\\/\\\/folhapopular.info\\\/wp-content\\\/uploads\\\/2025\\\/08\\\/111.webp\",\"width\":770,\"height\":465,\"caption\":\"Cr\u00e9dito: Divulga\u00e7\u00e3o\"},{\"@type\":\"BreadcrumbList\",\"@id\":\"https:\\\/\\\/folhapopular.info\\\/index.php\\\/2025\\\/08\\\/18\\\/rs-tem-menor-taxa-de-desemprego-desde-2012-diz-ibge\\\/#breadcrumb\",\"itemListElement\":[{\"@type\":\"ListItem\",\"position\":1,\"name\":\"In\u00edcio\",\"item\":\"https:\\\/\\\/folhapopular.info\\\/\"},{\"@type\":\"ListItem\",\"position\":2,\"name\":\"RS tem menor taxa de desemprego desde 2012, diz IBGE\"}]},{\"@type\":\"WebSite\",\"@id\":\"https:\\\/\\\/folhapopular.info\\\/#website\",\"url\":\"https:\\\/\\\/folhapopular.info\\\/\",\"name\":\"Folha Popular\",\"description\":\"Onde voc\u00ea tem vez e voz\",\"potentialAction\":[{\"@type\":\"SearchAction\",\"target\":{\"@type\":\"EntryPoint\",\"urlTemplate\":\"https:\\\/\\\/folhapopular.info\\\/?s={search_term_string}\"},\"query-input\":{\"@type\":\"PropertyValueSpecification\",\"valueRequired\":true,\"valueName\":\"search_term_string\"}}],\"inLanguage\":\"pt-BR\"},{\"@type\":\"Person\",\"@id\":\"https:\\\/\\\/folhapopular.info\\\/#\\\/schema\\\/person\\\/2814e8a0df7643585a9ca38bc6eb9d4b\",\"name\":\"Reda\u00e7\u00e3o Folha Popular\",\"image\":{\"@type\":\"ImageObject\",\"inLanguage\":\"pt-BR\",\"@id\":\"https:\\\/\\\/folhapopular.info\\\/wp-content\\\/uploads\\\/2026\\\/04\\\/Folha-1.webp\",\"url\":\"https:\\\/\\\/folhapopular.info\\\/wp-content\\\/uploads\\\/2026\\\/04\\\/Folha-1.webp\",\"contentUrl\":\"https:\\\/\\\/folhapopular.info\\\/wp-content\\\/uploads\\\/2026\\\/04\\\/Folha-1.webp\",\"caption\":\"Reda\u00e7\u00e3o Folha Popular\"},\"url\":\"https:\\\/\\\/folhapopular.info\\\/index.php\\\/author\\\/redacao\\\/\"}]}<\/script>\n<!-- \/ Yoast SEO plugin. -->","yoast_head_json":{"title":"RS tem menor taxa de desemprego desde 2012, diz IBGE - Folha Popular","robots":{"index":"index","follow":"follow","max-snippet":"max-snippet:-1","max-image-preview":"max-image-preview:large","max-video-preview":"max-video-preview:-1"},"canonical":"https:\/\/folhapopular.info\/index.php\/2025\/08\/18\/rs-tem-menor-taxa-de-desemprego-desde-2012-diz-ibge\/","og_locale":"pt_BR","og_type":"article","og_title":"RS tem menor taxa de desemprego desde 2012, diz IBGE - Folha Popular","og_description":"O Rio Grande do Sul encerrou o segundo trimestre de 2025 com uma taxa de desemprego de 4,3%, o menor \u00edndice registrado desde 2012, segundo dados divulgados pela Pesquisa Nacional por Amostra de Domic\u00edlios Cont\u00ednua (Pnad Cont\u00ednua), do IBGE. A queda representa uma redu\u00e7\u00e3o de 1 ponto percentual em rela\u00e7\u00e3o ao primeiro trimestre do ano, [&hellip;]","og_url":"https:\/\/folhapopular.info\/index.php\/2025\/08\/18\/rs-tem-menor-taxa-de-desemprego-desde-2012-diz-ibge\/","og_site_name":"Folha Popular","article_published_time":"2025-08-18T19:01:00+00:00","article_modified_time":"2025-08-18T19:01:52+00:00","og_image":[{"width":770,"height":465,"url":"http:\/\/folhapopular.info\/wp-content\/uploads\/2025\/08\/111.webp","type":"image\/webp"}],"author":"Reda\u00e7\u00e3o Folha Popular","twitter_card":"summary_large_image","twitter_misc":{"Escrito por":"Reda\u00e7\u00e3o Folha Popular","Est. tempo de leitura":"2 minutos"},"schema":{"@context":"https:\/\/schema.org","@graph":[{"@type":"Article","@id":"https:\/\/folhapopular.info\/index.php\/2025\/08\/18\/rs-tem-menor-taxa-de-desemprego-desde-2012-diz-ibge\/#article","isPartOf":{"@id":"https:\/\/folhapopular.info\/index.php\/2025\/08\/18\/rs-tem-menor-taxa-de-desemprego-desde-2012-diz-ibge\/"},"author":{"name":"Reda\u00e7\u00e3o Folha Popular","@id":"https:\/\/folhapopular.info\/#\/schema\/person\/2814e8a0df7643585a9ca38bc6eb9d4b"},"headline":"RS tem menor taxa de desemprego desde 2012, diz IBGE","datePublished":"2025-08-18T19:01:00+00:00","dateModified":"2025-08-18T19:01:52+00:00","mainEntityOfPage":{"@id":"https:\/\/folhapopular.info\/index.php\/2025\/08\/18\/rs-tem-menor-taxa-de-desemprego-desde-2012-diz-ibge\/"},"wordCount":188,"commentCount":0,"image":{"@id":"https:\/\/folhapopular.info\/index.php\/2025\/08\/18\/rs-tem-menor-taxa-de-desemprego-desde-2012-diz-ibge\/#primaryimage"},"thumbnailUrl":"https:\/\/folhapopular.info\/wp-content\/uploads\/2025\/08\/111.webp","articleSection":["Economia","Neg\u00f3cios"],"inLanguage":"pt-BR","potentialAction":[{"@type":"CommentAction","name":"Comment","target":["https:\/\/folhapopular.info\/index.php\/2025\/08\/18\/rs-tem-menor-taxa-de-desemprego-desde-2012-diz-ibge\/#respond"]}]},{"@type":"WebPage","@id":"https:\/\/folhapopular.info\/index.php\/2025\/08\/18\/rs-tem-menor-taxa-de-desemprego-desde-2012-diz-ibge\/","url":"https:\/\/folhapopular.info\/index.php\/2025\/08\/18\/rs-tem-menor-taxa-de-desemprego-desde-2012-diz-ibge\/","name":"RS tem menor taxa de desemprego desde 2012, diz IBGE - Folha Popular","isPartOf":{"@id":"https:\/\/folhapopular.info\/#website"},"primaryImageOfPage":{"@id":"https:\/\/folhapopular.info\/index.php\/2025\/08\/18\/rs-tem-menor-taxa-de-desemprego-desde-2012-diz-ibge\/#primaryimage"},"image":{"@id":"https:\/\/folhapopular.info\/index.php\/2025\/08\/18\/rs-tem-menor-taxa-de-desemprego-desde-2012-diz-ibge\/#primaryimage"},"thumbnailUrl":"https:\/\/folhapopular.info\/wp-content\/uploads\/2025\/08\/111.webp","datePublished":"2025-08-18T19:01:00+00:00","dateModified":"2025-08-18T19:01:52+00:00","author":{"@id":"https:\/\/folhapopular.info\/#\/schema\/person\/2814e8a0df7643585a9ca38bc6eb9d4b"},"breadcrumb":{"@id":"https:\/\/folhapopular.info\/index.php\/2025\/08\/18\/rs-tem-menor-taxa-de-desemprego-desde-2012-diz-ibge\/#breadcrumb"},"inLanguage":"pt-BR","potentialAction":[{"@type":"ReadAction","target":["https:\/\/folhapopular.info\/index.php\/2025\/08\/18\/rs-tem-menor-taxa-de-desemprego-desde-2012-diz-ibge\/"]}]},{"@type":"ImageObject","inLanguage":"pt-BR","@id":"https:\/\/folhapopular.info\/index.php\/2025\/08\/18\/rs-tem-menor-taxa-de-desemprego-desde-2012-diz-ibge\/#primaryimage","url":"https:\/\/folhapopular.info\/wp-content\/uploads\/2025\/08\/111.webp","contentUrl":"https:\/\/folhapopular.info\/wp-content\/uploads\/2025\/08\/111.webp","width":770,"height":465,"caption":"Cr\u00e9dito: Divulga\u00e7\u00e3o"},{"@type":"BreadcrumbList","@id":"https:\/\/folhapopular.info\/index.php\/2025\/08\/18\/rs-tem-menor-taxa-de-desemprego-desde-2012-diz-ibge\/#breadcrumb","itemListElement":[{"@type":"ListItem","position":1,"name":"In\u00edcio","item":"https:\/\/folhapopular.info\/"},{"@type":"ListItem","position":2,"name":"RS tem menor taxa de desemprego desde 2012, diz IBGE"}]},{"@type":"WebSite","@id":"https:\/\/folhapopular.info\/#website","url":"https:\/\/folhapopular.info\/","name":"Folha Popular","description":"Onde voc\u00ea tem vez e voz","potentialAction":[{"@type":"SearchAction","target":{"@type":"EntryPoint","urlTemplate":"https:\/\/folhapopular.info\/?s={search_term_string}"},"query-input":{"@type":"PropertyValueSpecification","valueRequired":true,"valueName":"search_term_string"}}],"inLanguage":"pt-BR"},{"@type":"Person","@id":"https:\/\/folhapopular.info\/#\/schema\/person\/2814e8a0df7643585a9ca38bc6eb9d4b","name":"Reda\u00e7\u00e3o Folha Popular","image":{"@type":"ImageObject","inLanguage":"pt-BR","@id":"https:\/\/folhapopular.info\/wp-content\/uploads\/2026\/04\/Folha-1.webp","url":"https:\/\/folhapopular.info\/wp-content\/uploads\/2026\/04\/Folha-1.webp","contentUrl":"https:\/\/folhapopular.info\/wp-content\/uploads\/2026\/04\/Folha-1.webp","caption":"Reda\u00e7\u00e3o Folha Popular"},"url":"https:\/\/folhapopular.info\/index.php\/author\/redacao\/"}]}},"jetpack_featured_media_url":"https:\/\/folhapopular.info\/wp-content\/uploads\/2025\/08\/111.webp","jetpack_sharing_enabled":true,"amp_enabled":true,"_links":{"self":[{"href":"https:\/\/folhapopular.info\/index.php\/wp-json\/wp\/v2\/posts\/192295","targetHints":{"allow":["GET"]}}],"collection":[{"href":"https:\/\/folhapopular.info\/index.php\/wp-json\/wp\/v2\/posts"}],"about":[{"href":"https:\/\/folhapopular.info\/index.php\/wp-json\/wp\/v2\/types\/post"}],"author":[{"embeddable":true,"href":"https:\/\/folhapopular.info\/index.php\/wp-json\/wp\/v2\/users\/8"}],"replies":[{"embeddable":true,"href":"https:\/\/folhapopular.info\/index.php\/wp-json\/wp\/v2\/comments?post=192295"}],"version-history":[{"count":0,"href":"https:\/\/folhapopular.info\/index.php\/wp-json\/wp\/v2\/posts\/192295\/revisions"}],"wp:featuredmedia":[{"embeddable":true,"href":"https:\/\/folhapopular.info\/index.php\/wp-json\/wp\/v2\/media\/192296"}],"wp:attachment":[{"href":"https:\/\/folhapopular.info\/index.php\/wp-json\/wp\/v2\/media?parent=192295"}],"wp:term":[{"taxonomy":"category","embeddable":true,"href":"https:\/\/folhapopular.info\/index.php\/wp-json\/wp\/v2\/categories?post=192295"},{"taxonomy":"post_tag","embeddable":true,"href":"https:\/\/folhapopular.info\/index.php\/wp-json\/wp\/v2\/tags?post=192295"}],"curies":[{"name":"wp","href":"https:\/\/api.w.org\/{rel}","templated":true}]}}