{"id":192336,"date":"2025-08-19T06:36:59","date_gmt":"2025-08-19T09:36:59","guid":{"rendered":"https:\/\/folhapopular.info\/?p=192336"},"modified":"2025-08-19T06:37:05","modified_gmt":"2025-08-19T09:37:05","slug":"vinicola-aurora-lanca-produtos-desalcoolizados-e-novidades-na-expoagas","status":"publish","type":"post","link":"https:\/\/folhapopular.info\/index.php\/2025\/08\/19\/vinicola-aurora-lanca-produtos-desalcoolizados-e-novidades-na-expoagas\/","title":{"rendered":"Vin\u00edcola Aurora lan\u00e7a produtos desalcoolizados e novidades na Expoagas"},"content":{"rendered":"\n<p>A Cooperativa Vin\u00edcola Aurora apresenta ao mercado tr\u00eas novas op\u00e7\u00f5es de bebidas desalcoolizadas durante a 42\u00aa Conven\u00e7\u00e3o Ga\u00facha de Supermercados (Expoagas), realizada de 19 a 21 de agosto no Centro de Eventos da Fiergs, em Porto Alegre. A linha inclui dois r\u00f3tulos tintos \u00e0 base de Cabernet Sauvignon, nas vers\u00f5es ado\u00e7ado e n\u00e3o ado\u00e7ado, e um branco \u00e0 base de Chardonnay.<\/p>\n\n\n\n<p>De acordo com pesquisa da MindMiners (2024), a Gera\u00e7\u00e3o Z (18 a 25 anos) apresenta menor consumo de \u00e1lcool em rela\u00e7\u00e3o a outras faixas et\u00e1rias: 45% afirmam consumir, frente a 57% dos Millennials (29 a 44 anos) e 67% da Gera\u00e7\u00e3o X (45 a 60 anos). Al\u00e9m disso, 88% dos jovens desse grupo indicam disposi\u00e7\u00e3o em reduzir ou abandonar o consumo alco\u00f3lico.<\/p>\n\n\n\n<p>Segundo Rodrigo Arpini Valerio, diretor de Marketing e Vendas da Aurora, a cooperativa acompanha de perto as mudan\u00e7as de comportamento do consumidor. Ele destaca que a empresa foi pioneira no lan\u00e7amento de produtos Zero \u00c1lcool e agora amplia o portf\u00f3lio para atender a diferentes perfis de p\u00fablico.<\/p>\n\n\n\n<p>Entre as novidades, a Aurora tamb\u00e9m leva \u00e0 feira novas embalagens para sucos integrais, segmento no qual \u00e9 l\u00edder nacional. O destaque \u00e9 o lan\u00e7amento do suco de ma\u00e7\u00e3 gaseificado em garrafa de vidro de 275 ml, posicionado como alternativa natural e refrescante \u00e0s bebidas convencionais. Outras novidades incluem o suco de uva tinto em vers\u00f5es de 750 ml e 500 ml, al\u00e9m dos sucos de uva branco e de ma\u00e7\u00e3 no formato de 200 ml.<\/p>\n\n\n\n<p>O portf\u00f3lio ainda ganha refor\u00e7o com o Colheita Tardia Ros\u00e9, que ser\u00e1 apresentado na Expoagas e chegar\u00e1 ao mercado nos pr\u00f3ximos meses.<\/p>\n\n\n\n<p><strong>Reconhecimento pela trajet\u00f3ria<\/strong><br>A Vin\u00edcola Aurora ser\u00e1 homenageada por ter participado de todas as edi\u00e7\u00f5es da Expoagas desde 1983, ao lado de outras oito empresas: Frigor\u00edfico Excelsior, Bettanin, Souza Cruz, Conservas Ritter, Ernesto Neugebauer, Isabela, Melitta e Termolar. A distin\u00e7\u00e3o ocorre nesta ter\u00e7a-feira (19\/8), antes da abertura oficial do evento.<\/p>\n\n\n\n<p><strong>Tecnologia pr\u00f3pria de desalcooliza\u00e7\u00e3o<\/strong><br>O en\u00f3logo Christian Bernardi, respons\u00e1vel pelo desenvolvimento dos produtos desalcoolizados, explica que a legisla\u00e7\u00e3o brasileira classifica as bebidas como \u201cfermentados de uva desalcoolizados\u201d. Ele destaca que foram necess\u00e1rios diversos testes at\u00e9 chegar ao resultado final.<\/p>\n\n\n\n<p>Segundo Bernardi, a tecnologia foi desenvolvida pela pr\u00f3pria Aurora, com adapta\u00e7\u00f5es em equipamentos j\u00e1 existentes. O processo permite a retirada completa do \u00e1lcool, com controle de temperatura e press\u00e3o, al\u00e9m da recupera\u00e7\u00e3o parcial dos aromas do vinho.<\/p>\n\n\n\n<p><strong>Os lan\u00e7amentos em detalhes<\/strong><\/p>\n\n\n\n<ul class=\"wp-block-list\">\n<li><strong>Chardonnay (ado\u00e7ado)<\/strong>: elaborado com a safra 2025, sem passagem por barrica, apresenta notas frutadas, toques de caramelo e mel, com acidez marcante e final curto.<\/li>\n\n\n\n<li><strong>Cabernet Sauvignon (ado\u00e7ado)<\/strong>: da safra 2025, com breve contato com carvalho alternativo, traz notas de frutas em compota, especiarias e tostado, acidez equilibrada e taninos sutis.<\/li>\n\n\n\n<li><strong>Cabernet Sauvignon (n\u00e3o ado\u00e7ado)<\/strong>: mant\u00e9m perfil arom\u00e1tico similar ao anterior, mas com menor volume em boca pela aus\u00eancia de a\u00e7\u00facar. A utiliza\u00e7\u00e3o de manoprote\u00ednas de leveduras confere cremosidade, resultando em uma bebida leve e refrescante.<\/li>\n<\/ul>\n\n\n\n<p><\/p>\n","protected":false},"excerpt":{"rendered":"<p>A Cooperativa Vin\u00edcola Aurora apresenta ao mercado tr\u00eas novas op\u00e7\u00f5es de bebidas desalcoolizadas durante a 42\u00aa Conven\u00e7\u00e3o Ga\u00facha de Supermercados (Expoagas), realizada de 19 a 21 de agosto no Centro de Eventos da Fiergs, em Porto Alegre. A linha inclui dois r\u00f3tulos tintos \u00e0 base de Cabernet Sauvignon, nas vers\u00f5es ado\u00e7ado e n\u00e3o ado\u00e7ado, e [&hellip;]<\/p>\n","protected":false},"author":8,"featured_media":192337,"comment_status":"open","ping_status":"open","sticky":false,"template":"","format":"standard","meta":{"pmpro_default_level":"","_jetpack_memberships_contains_paid_content":false,"footnotes":""},"categories":[10991,12473],"tags":[],"class_list":{"0":"post-192336","1":"post","2":"type-post","3":"status-publish","4":"format-standard","5":"has-post-thumbnail","7":"category-economia","8":"category-negocios","9":"pmpro-has-access"},"yoast_head":"<!-- This site is optimized with the Yoast SEO plugin v27.5 - https:\/\/yoast.com\/product\/yoast-seo-wordpress\/ -->\n<title>Vin\u00edcola Aurora lan\u00e7a produtos desalcoolizados e novidades na Expoagas - Folha Popular<\/title>\n<meta name=\"robots\" content=\"index, follow, max-snippet:-1, max-image-preview:large, max-video-preview:-1\" \/>\n<link rel=\"canonical\" href=\"https:\/\/folhapopular.info\/index.php\/2025\/08\/19\/vinicola-aurora-lanca-produtos-desalcoolizados-e-novidades-na-expoagas\/\" \/>\n<meta property=\"og:locale\" content=\"pt_BR\" \/>\n<meta property=\"og:type\" content=\"article\" \/>\n<meta property=\"og:title\" content=\"Vin\u00edcola Aurora lan\u00e7a produtos desalcoolizados e novidades na Expoagas - Folha Popular\" \/>\n<meta property=\"og:description\" content=\"A Cooperativa Vin\u00edcola Aurora apresenta ao mercado tr\u00eas novas op\u00e7\u00f5es de bebidas desalcoolizadas durante a 42\u00aa Conven\u00e7\u00e3o Ga\u00facha de Supermercados (Expoagas), realizada de 19 a 21 de agosto no Centro de Eventos da Fiergs, em Porto Alegre. A linha inclui dois r\u00f3tulos tintos \u00e0 base de Cabernet Sauvignon, nas vers\u00f5es ado\u00e7ado e n\u00e3o ado\u00e7ado, e [&hellip;]\" \/>\n<meta property=\"og:url\" content=\"https:\/\/folhapopular.info\/index.php\/2025\/08\/19\/vinicola-aurora-lanca-produtos-desalcoolizados-e-novidades-na-expoagas\/\" \/>\n<meta property=\"og:site_name\" content=\"Folha Popular\" \/>\n<meta property=\"article:published_time\" content=\"2025-08-19T09:36:59+00:00\" \/>\n<meta property=\"article:modified_time\" content=\"2025-08-19T09:37:05+00:00\" \/>\n<meta property=\"og:image\" content=\"http:\/\/folhapopular.info\/wp-content\/uploads\/2025\/08\/Foto-2.png\" \/>\n\t<meta property=\"og:image:width\" content=\"1080\" \/>\n\t<meta property=\"og:image:height\" content=\"1080\" \/>\n\t<meta property=\"og:image:type\" content=\"image\/png\" \/>\n<meta name=\"author\" content=\"Reda\u00e7\u00e3o Folha Popular\" \/>\n<meta name=\"twitter:card\" content=\"summary_large_image\" \/>\n<meta name=\"twitter:label1\" content=\"Escrito por\" \/>\n\t<meta name=\"twitter:data1\" content=\"Reda\u00e7\u00e3o Folha Popular\" \/>\n\t<meta name=\"twitter:label2\" content=\"Est. tempo de leitura\" \/>\n\t<meta name=\"twitter:data2\" content=\"3 minutos\" \/>\n<script type=\"application\/ld+json\" class=\"yoast-schema-graph\">{\"@context\":\"https:\\\/\\\/schema.org\",\"@graph\":[{\"@type\":\"Article\",\"@id\":\"https:\\\/\\\/folhapopular.info\\\/index.php\\\/2025\\\/08\\\/19\\\/vinicola-aurora-lanca-produtos-desalcoolizados-e-novidades-na-expoagas\\\/#article\",\"isPartOf\":{\"@id\":\"https:\\\/\\\/folhapopular.info\\\/index.php\\\/2025\\\/08\\\/19\\\/vinicola-aurora-lanca-produtos-desalcoolizados-e-novidades-na-expoagas\\\/\"},\"author\":{\"name\":\"Reda\u00e7\u00e3o Folha Popular\",\"@id\":\"https:\\\/\\\/folhapopular.info\\\/#\\\/schema\\\/person\\\/2814e8a0df7643585a9ca38bc6eb9d4b\"},\"headline\":\"Vin\u00edcola Aurora lan\u00e7a produtos desalcoolizados e novidades na Expoagas\",\"datePublished\":\"2025-08-19T09:36:59+00:00\",\"dateModified\":\"2025-08-19T09:37:05+00:00\",\"mainEntityOfPage\":{\"@id\":\"https:\\\/\\\/folhapopular.info\\\/index.php\\\/2025\\\/08\\\/19\\\/vinicola-aurora-lanca-produtos-desalcoolizados-e-novidades-na-expoagas\\\/\"},\"wordCount\":525,\"commentCount\":0,\"image\":{\"@id\":\"https:\\\/\\\/folhapopular.info\\\/index.php\\\/2025\\\/08\\\/19\\\/vinicola-aurora-lanca-produtos-desalcoolizados-e-novidades-na-expoagas\\\/#primaryimage\"},\"thumbnailUrl\":\"https:\\\/\\\/folhapopular.info\\\/wp-content\\\/uploads\\\/2025\\\/08\\\/Foto-2.png\",\"articleSection\":[\"Economia\",\"Neg\u00f3cios\"],\"inLanguage\":\"pt-BR\",\"potentialAction\":[{\"@type\":\"CommentAction\",\"name\":\"Comment\",\"target\":[\"https:\\\/\\\/folhapopular.info\\\/index.php\\\/2025\\\/08\\\/19\\\/vinicola-aurora-lanca-produtos-desalcoolizados-e-novidades-na-expoagas\\\/#respond\"]}]},{\"@type\":\"WebPage\",\"@id\":\"https:\\\/\\\/folhapopular.info\\\/index.php\\\/2025\\\/08\\\/19\\\/vinicola-aurora-lanca-produtos-desalcoolizados-e-novidades-na-expoagas\\\/\",\"url\":\"https:\\\/\\\/folhapopular.info\\\/index.php\\\/2025\\\/08\\\/19\\\/vinicola-aurora-lanca-produtos-desalcoolizados-e-novidades-na-expoagas\\\/\",\"name\":\"Vin\u00edcola Aurora lan\u00e7a produtos desalcoolizados e novidades na Expoagas - Folha Popular\",\"isPartOf\":{\"@id\":\"https:\\\/\\\/folhapopular.info\\\/#website\"},\"primaryImageOfPage\":{\"@id\":\"https:\\\/\\\/folhapopular.info\\\/index.php\\\/2025\\\/08\\\/19\\\/vinicola-aurora-lanca-produtos-desalcoolizados-e-novidades-na-expoagas\\\/#primaryimage\"},\"image\":{\"@id\":\"https:\\\/\\\/folhapopular.info\\\/index.php\\\/2025\\\/08\\\/19\\\/vinicola-aurora-lanca-produtos-desalcoolizados-e-novidades-na-expoagas\\\/#primaryimage\"},\"thumbnailUrl\":\"https:\\\/\\\/folhapopular.info\\\/wp-content\\\/uploads\\\/2025\\\/08\\\/Foto-2.png\",\"datePublished\":\"2025-08-19T09:36:59+00:00\",\"dateModified\":\"2025-08-19T09:37:05+00:00\",\"author\":{\"@id\":\"https:\\\/\\\/folhapopular.info\\\/#\\\/schema\\\/person\\\/2814e8a0df7643585a9ca38bc6eb9d4b\"},\"breadcrumb\":{\"@id\":\"https:\\\/\\\/folhapopular.info\\\/index.php\\\/2025\\\/08\\\/19\\\/vinicola-aurora-lanca-produtos-desalcoolizados-e-novidades-na-expoagas\\\/#breadcrumb\"},\"inLanguage\":\"pt-BR\",\"potentialAction\":[{\"@type\":\"ReadAction\",\"target\":[\"https:\\\/\\\/folhapopular.info\\\/index.php\\\/2025\\\/08\\\/19\\\/vinicola-aurora-lanca-produtos-desalcoolizados-e-novidades-na-expoagas\\\/\"]}]},{\"@type\":\"ImageObject\",\"inLanguage\":\"pt-BR\",\"@id\":\"https:\\\/\\\/folhapopular.info\\\/index.php\\\/2025\\\/08\\\/19\\\/vinicola-aurora-lanca-produtos-desalcoolizados-e-novidades-na-expoagas\\\/#primaryimage\",\"url\":\"https:\\\/\\\/folhapopular.info\\\/wp-content\\\/uploads\\\/2025\\\/08\\\/Foto-2.png\",\"contentUrl\":\"https:\\\/\\\/folhapopular.info\\\/wp-content\\\/uploads\\\/2025\\\/08\\\/Foto-2.png\",\"width\":1080,\"height\":1080,\"caption\":\"Cr\u00e9dito: Divulga\u00e7\u00e3o\\\/Aurora\"},{\"@type\":\"BreadcrumbList\",\"@id\":\"https:\\\/\\\/folhapopular.info\\\/index.php\\\/2025\\\/08\\\/19\\\/vinicola-aurora-lanca-produtos-desalcoolizados-e-novidades-na-expoagas\\\/#breadcrumb\",\"itemListElement\":[{\"@type\":\"ListItem\",\"position\":1,\"name\":\"In\u00edcio\",\"item\":\"https:\\\/\\\/folhapopular.info\\\/\"},{\"@type\":\"ListItem\",\"position\":2,\"name\":\"Vin\u00edcola Aurora lan\u00e7a produtos desalcoolizados e novidades na Expoagas\"}]},{\"@type\":\"WebSite\",\"@id\":\"https:\\\/\\\/folhapopular.info\\\/#website\",\"url\":\"https:\\\/\\\/folhapopular.info\\\/\",\"name\":\"Folha Popular\",\"description\":\"Onde voc\u00ea tem vez e voz\",\"potentialAction\":[{\"@type\":\"SearchAction\",\"target\":{\"@type\":\"EntryPoint\",\"urlTemplate\":\"https:\\\/\\\/folhapopular.info\\\/?s={search_term_string}\"},\"query-input\":{\"@type\":\"PropertyValueSpecification\",\"valueRequired\":true,\"valueName\":\"search_term_string\"}}],\"inLanguage\":\"pt-BR\"},{\"@type\":\"Person\",\"@id\":\"https:\\\/\\\/folhapopular.info\\\/#\\\/schema\\\/person\\\/2814e8a0df7643585a9ca38bc6eb9d4b\",\"name\":\"Reda\u00e7\u00e3o Folha Popular\",\"image\":{\"@type\":\"ImageObject\",\"inLanguage\":\"pt-BR\",\"@id\":\"https:\\\/\\\/folhapopular.info\\\/wp-content\\\/uploads\\\/2026\\\/04\\\/Folha-1.webp\",\"url\":\"https:\\\/\\\/folhapopular.info\\\/wp-content\\\/uploads\\\/2026\\\/04\\\/Folha-1.webp\",\"contentUrl\":\"https:\\\/\\\/folhapopular.info\\\/wp-content\\\/uploads\\\/2026\\\/04\\\/Folha-1.webp\",\"caption\":\"Reda\u00e7\u00e3o Folha Popular\"},\"url\":\"https:\\\/\\\/folhapopular.info\\\/index.php\\\/author\\\/redacao\\\/\"}]}<\/script>\n<!-- \/ Yoast SEO plugin. -->","yoast_head_json":{"title":"Vin\u00edcola Aurora lan\u00e7a produtos desalcoolizados e novidades na Expoagas - Folha Popular","robots":{"index":"index","follow":"follow","max-snippet":"max-snippet:-1","max-image-preview":"max-image-preview:large","max-video-preview":"max-video-preview:-1"},"canonical":"https:\/\/folhapopular.info\/index.php\/2025\/08\/19\/vinicola-aurora-lanca-produtos-desalcoolizados-e-novidades-na-expoagas\/","og_locale":"pt_BR","og_type":"article","og_title":"Vin\u00edcola Aurora lan\u00e7a produtos desalcoolizados e novidades na Expoagas - Folha Popular","og_description":"A Cooperativa Vin\u00edcola Aurora apresenta ao mercado tr\u00eas novas op\u00e7\u00f5es de bebidas desalcoolizadas durante a 42\u00aa Conven\u00e7\u00e3o Ga\u00facha de Supermercados (Expoagas), realizada de 19 a 21 de agosto no Centro de Eventos da Fiergs, em Porto Alegre. A linha inclui dois r\u00f3tulos tintos \u00e0 base de Cabernet Sauvignon, nas vers\u00f5es ado\u00e7ado e n\u00e3o ado\u00e7ado, e [&hellip;]","og_url":"https:\/\/folhapopular.info\/index.php\/2025\/08\/19\/vinicola-aurora-lanca-produtos-desalcoolizados-e-novidades-na-expoagas\/","og_site_name":"Folha Popular","article_published_time":"2025-08-19T09:36:59+00:00","article_modified_time":"2025-08-19T09:37:05+00:00","og_image":[{"width":1080,"height":1080,"url":"http:\/\/folhapopular.info\/wp-content\/uploads\/2025\/08\/Foto-2.png","type":"image\/png"}],"author":"Reda\u00e7\u00e3o Folha Popular","twitter_card":"summary_large_image","twitter_misc":{"Escrito por":"Reda\u00e7\u00e3o Folha Popular","Est. tempo de leitura":"3 minutos"},"schema":{"@context":"https:\/\/schema.org","@graph":[{"@type":"Article","@id":"https:\/\/folhapopular.info\/index.php\/2025\/08\/19\/vinicola-aurora-lanca-produtos-desalcoolizados-e-novidades-na-expoagas\/#article","isPartOf":{"@id":"https:\/\/folhapopular.info\/index.php\/2025\/08\/19\/vinicola-aurora-lanca-produtos-desalcoolizados-e-novidades-na-expoagas\/"},"author":{"name":"Reda\u00e7\u00e3o Folha Popular","@id":"https:\/\/folhapopular.info\/#\/schema\/person\/2814e8a0df7643585a9ca38bc6eb9d4b"},"headline":"Vin\u00edcola Aurora lan\u00e7a produtos desalcoolizados e novidades na Expoagas","datePublished":"2025-08-19T09:36:59+00:00","dateModified":"2025-08-19T09:37:05+00:00","mainEntityOfPage":{"@id":"https:\/\/folhapopular.info\/index.php\/2025\/08\/19\/vinicola-aurora-lanca-produtos-desalcoolizados-e-novidades-na-expoagas\/"},"wordCount":525,"commentCount":0,"image":{"@id":"https:\/\/folhapopular.info\/index.php\/2025\/08\/19\/vinicola-aurora-lanca-produtos-desalcoolizados-e-novidades-na-expoagas\/#primaryimage"},"thumbnailUrl":"https:\/\/folhapopular.info\/wp-content\/uploads\/2025\/08\/Foto-2.png","articleSection":["Economia","Neg\u00f3cios"],"inLanguage":"pt-BR","potentialAction":[{"@type":"CommentAction","name":"Comment","target":["https:\/\/folhapopular.info\/index.php\/2025\/08\/19\/vinicola-aurora-lanca-produtos-desalcoolizados-e-novidades-na-expoagas\/#respond"]}]},{"@type":"WebPage","@id":"https:\/\/folhapopular.info\/index.php\/2025\/08\/19\/vinicola-aurora-lanca-produtos-desalcoolizados-e-novidades-na-expoagas\/","url":"https:\/\/folhapopular.info\/index.php\/2025\/08\/19\/vinicola-aurora-lanca-produtos-desalcoolizados-e-novidades-na-expoagas\/","name":"Vin\u00edcola Aurora lan\u00e7a produtos desalcoolizados e novidades na Expoagas - Folha Popular","isPartOf":{"@id":"https:\/\/folhapopular.info\/#website"},"primaryImageOfPage":{"@id":"https:\/\/folhapopular.info\/index.php\/2025\/08\/19\/vinicola-aurora-lanca-produtos-desalcoolizados-e-novidades-na-expoagas\/#primaryimage"},"image":{"@id":"https:\/\/folhapopular.info\/index.php\/2025\/08\/19\/vinicola-aurora-lanca-produtos-desalcoolizados-e-novidades-na-expoagas\/#primaryimage"},"thumbnailUrl":"https:\/\/folhapopular.info\/wp-content\/uploads\/2025\/08\/Foto-2.png","datePublished":"2025-08-19T09:36:59+00:00","dateModified":"2025-08-19T09:37:05+00:00","author":{"@id":"https:\/\/folhapopular.info\/#\/schema\/person\/2814e8a0df7643585a9ca38bc6eb9d4b"},"breadcrumb":{"@id":"https:\/\/folhapopular.info\/index.php\/2025\/08\/19\/vinicola-aurora-lanca-produtos-desalcoolizados-e-novidades-na-expoagas\/#breadcrumb"},"inLanguage":"pt-BR","potentialAction":[{"@type":"ReadAction","target":["https:\/\/folhapopular.info\/index.php\/2025\/08\/19\/vinicola-aurora-lanca-produtos-desalcoolizados-e-novidades-na-expoagas\/"]}]},{"@type":"ImageObject","inLanguage":"pt-BR","@id":"https:\/\/folhapopular.info\/index.php\/2025\/08\/19\/vinicola-aurora-lanca-produtos-desalcoolizados-e-novidades-na-expoagas\/#primaryimage","url":"https:\/\/folhapopular.info\/wp-content\/uploads\/2025\/08\/Foto-2.png","contentUrl":"https:\/\/folhapopular.info\/wp-content\/uploads\/2025\/08\/Foto-2.png","width":1080,"height":1080,"caption":"Cr\u00e9dito: Divulga\u00e7\u00e3o\/Aurora"},{"@type":"BreadcrumbList","@id":"https:\/\/folhapopular.info\/index.php\/2025\/08\/19\/vinicola-aurora-lanca-produtos-desalcoolizados-e-novidades-na-expoagas\/#breadcrumb","itemListElement":[{"@type":"ListItem","position":1,"name":"In\u00edcio","item":"https:\/\/folhapopular.info\/"},{"@type":"ListItem","position":2,"name":"Vin\u00edcola Aurora lan\u00e7a produtos desalcoolizados e novidades na Expoagas"}]},{"@type":"WebSite","@id":"https:\/\/folhapopular.info\/#website","url":"https:\/\/folhapopular.info\/","name":"Folha Popular","description":"Onde voc\u00ea tem vez e voz","potentialAction":[{"@type":"SearchAction","target":{"@type":"EntryPoint","urlTemplate":"https:\/\/folhapopular.info\/?s={search_term_string}"},"query-input":{"@type":"PropertyValueSpecification","valueRequired":true,"valueName":"search_term_string"}}],"inLanguage":"pt-BR"},{"@type":"Person","@id":"https:\/\/folhapopular.info\/#\/schema\/person\/2814e8a0df7643585a9ca38bc6eb9d4b","name":"Reda\u00e7\u00e3o Folha Popular","image":{"@type":"ImageObject","inLanguage":"pt-BR","@id":"https:\/\/folhapopular.info\/wp-content\/uploads\/2026\/04\/Folha-1.webp","url":"https:\/\/folhapopular.info\/wp-content\/uploads\/2026\/04\/Folha-1.webp","contentUrl":"https:\/\/folhapopular.info\/wp-content\/uploads\/2026\/04\/Folha-1.webp","caption":"Reda\u00e7\u00e3o Folha Popular"},"url":"https:\/\/folhapopular.info\/index.php\/author\/redacao\/"}]}},"jetpack_featured_media_url":"https:\/\/folhapopular.info\/wp-content\/uploads\/2025\/08\/Foto-2.png","jetpack_sharing_enabled":true,"amp_enabled":true,"_links":{"self":[{"href":"https:\/\/folhapopular.info\/index.php\/wp-json\/wp\/v2\/posts\/192336","targetHints":{"allow":["GET"]}}],"collection":[{"href":"https:\/\/folhapopular.info\/index.php\/wp-json\/wp\/v2\/posts"}],"about":[{"href":"https:\/\/folhapopular.info\/index.php\/wp-json\/wp\/v2\/types\/post"}],"author":[{"embeddable":true,"href":"https:\/\/folhapopular.info\/index.php\/wp-json\/wp\/v2\/users\/8"}],"replies":[{"embeddable":true,"href":"https:\/\/folhapopular.info\/index.php\/wp-json\/wp\/v2\/comments?post=192336"}],"version-history":[{"count":0,"href":"https:\/\/folhapopular.info\/index.php\/wp-json\/wp\/v2\/posts\/192336\/revisions"}],"wp:featuredmedia":[{"embeddable":true,"href":"https:\/\/folhapopular.info\/index.php\/wp-json\/wp\/v2\/media\/192337"}],"wp:attachment":[{"href":"https:\/\/folhapopular.info\/index.php\/wp-json\/wp\/v2\/media?parent=192336"}],"wp:term":[{"taxonomy":"category","embeddable":true,"href":"https:\/\/folhapopular.info\/index.php\/wp-json\/wp\/v2\/categories?post=192336"},{"taxonomy":"post_tag","embeddable":true,"href":"https:\/\/folhapopular.info\/index.php\/wp-json\/wp\/v2\/tags?post=192336"}],"curies":[{"name":"wp","href":"https:\/\/api.w.org\/{rel}","templated":true}]}}