{"id":192339,"date":"2025-08-19T06:42:21","date_gmt":"2025-08-19T09:42:21","guid":{"rendered":"https:\/\/folhapopular.info\/?p=192339"},"modified":"2025-08-19T06:42:25","modified_gmt":"2025-08-19T09:42:25","slug":"santa-clara-apresenta-novos-sabores-de-bebidas-proteicas-e-queijos-na-expoagas","status":"publish","type":"post","link":"https:\/\/folhapopular.info\/index.php\/2025\/08\/19\/santa-clara-apresenta-novos-sabores-de-bebidas-proteicas-e-queijos-na-expoagas\/","title":{"rendered":"Santa Clara apresenta novos sabores de bebidas proteicas e queijos na Expoagas"},"content":{"rendered":"\n<p>A Cooperativa Santa Clara leva \u00e0 42\u00aa Conven\u00e7\u00e3o Ga\u00facha de Supermercados (Expoagas), que ocorre de 19 a 21 de agosto no Centro de Eventos da Fiergs, em Porto Alegre, uma s\u00e9rie de lan\u00e7amentos voltados ao consumidor e ao setor de alimentos. Entre as novidades, est\u00e3o tr\u00eas novos sabores da linha de bebidas proteicas: Pistache, Caf\u00e9 com Caramelo e Chocolate Branco.<\/p>\n\n\n\n<p>O portf\u00f3lio da feira inclui ainda o Queijo de Coalho Zero Lactose, o Queijo Grana em duas apresenta\u00e7\u00f5es, al\u00e9m de Creme Chantilly e Creme Culin\u00e1rio. Os visitantes tamb\u00e9m poder\u00e3o conferir no estande produtos j\u00e1 consolidados, como queijos tradicionais, itens do frigor\u00edfico, derivados l\u00e1cteos e op\u00e7\u00f5es voltadas ao Food Service.<\/p>\n\n\n\n<p>De acordo com o gerente nacional de vendas da cooperativa, Tom\u00e1s Andr\u00e9 Zilli, a participa\u00e7\u00e3o na Expoagas \u00e9 estrat\u00e9gica para fortalecer a presen\u00e7a da marca. Ele destaca que a expectativa \u00e9 ampliar parcerias, refor\u00e7ar rela\u00e7\u00f5es com clientes e apresentar inova\u00e7\u00f5es ao mercado.<\/p>\n\n\n\n<p>Ao todo, a Santa Clara lan\u00e7ar\u00e1 dez novos produtos durante a feira. Al\u00e9m das bebidas proteicas, a empresa aposta em novidades em categorias como Food Service, segmento que tem ganhado destaque nos \u00faltimos anos.<\/p>\n\n\n\n<p>A Expoagas deve reunir mais de 65 mil visitantes do setor varejista e da ind\u00fastria, com previs\u00e3o de movimentar cerca de R$ 768 milh\u00f5es em neg\u00f3cios. A programa\u00e7\u00e3o contar\u00e1 com 571 expositores e cerca de 800 novos produtos apresentados ao p\u00fablico.<\/p>\n\n\n\n<p><strong>Tradi\u00e7\u00e3o e inova\u00e7\u00e3o<\/strong><br>Fundada h\u00e1 113 anos, a Santa Clara \u00e9 a cooperativa de latic\u00ednios mais antiga em atividade no Brasil. Com sede em Carlos Barbosa, est\u00e1 presente em 153 munic\u00edpios ga\u00fachos por meio de quase 5 mil associados. Atua nos ramos de Latic\u00ednios, Frigor\u00edfico, F\u00e1brica de Ra\u00e7\u00f5es, Cozinha Industrial e mant\u00e9m 31 unidades de varejo, entre supermercados, mercados agropecu\u00e1rios e farm\u00e1cia. Seu portf\u00f3lio re\u00fane produtos de diferentes segmentos, como l\u00e1cteos, doces, bebidas proteicas, linha de iogurtes e itens para Food Service.<\/p>\n\n\n\n<p><\/p>\n","protected":false},"excerpt":{"rendered":"<p>A Cooperativa Santa Clara leva \u00e0 42\u00aa Conven\u00e7\u00e3o Ga\u00facha de Supermercados (Expoagas), que ocorre de 19 a 21 de agosto no Centro de Eventos da Fiergs, em Porto Alegre, uma s\u00e9rie de lan\u00e7amentos voltados ao consumidor e ao setor de alimentos. Entre as novidades, est\u00e3o tr\u00eas novos sabores da linha de bebidas proteicas: Pistache, Caf\u00e9 [&hellip;]<\/p>\n","protected":false},"author":8,"featured_media":192340,"comment_status":"open","ping_status":"open","sticky":false,"template":"","format":"standard","meta":{"pmpro_default_level":"","_jetpack_memberships_contains_paid_content":false,"footnotes":""},"categories":[10991,12473],"tags":[],"class_list":{"0":"post-192339","1":"post","2":"type-post","3":"status-publish","4":"format-standard","5":"has-post-thumbnail","7":"category-economia","8":"category-negocios","9":"pmpro-has-access"},"yoast_head":"<!-- This site is optimized with the Yoast SEO plugin v27.5 - https:\/\/yoast.com\/product\/yoast-seo-wordpress\/ -->\n<title>Santa Clara apresenta novos sabores de bebidas proteicas e queijos na Expoagas - Folha Popular<\/title>\n<meta name=\"robots\" content=\"index, follow, max-snippet:-1, max-image-preview:large, max-video-preview:-1\" \/>\n<link rel=\"canonical\" href=\"https:\/\/folhapopular.info\/index.php\/2025\/08\/19\/santa-clara-apresenta-novos-sabores-de-bebidas-proteicas-e-queijos-na-expoagas\/\" \/>\n<meta property=\"og:locale\" content=\"pt_BR\" \/>\n<meta property=\"og:type\" content=\"article\" \/>\n<meta property=\"og:title\" content=\"Santa Clara apresenta novos sabores de bebidas proteicas e queijos na Expoagas - Folha Popular\" \/>\n<meta property=\"og:description\" content=\"A Cooperativa Santa Clara leva \u00e0 42\u00aa Conven\u00e7\u00e3o Ga\u00facha de Supermercados (Expoagas), que ocorre de 19 a 21 de agosto no Centro de Eventos da Fiergs, em Porto Alegre, uma s\u00e9rie de lan\u00e7amentos voltados ao consumidor e ao setor de alimentos. Entre as novidades, est\u00e3o tr\u00eas novos sabores da linha de bebidas proteicas: Pistache, Caf\u00e9 [&hellip;]\" \/>\n<meta property=\"og:url\" content=\"https:\/\/folhapopular.info\/index.php\/2025\/08\/19\/santa-clara-apresenta-novos-sabores-de-bebidas-proteicas-e-queijos-na-expoagas\/\" \/>\n<meta property=\"og:site_name\" content=\"Folha Popular\" \/>\n<meta property=\"article:published_time\" content=\"2025-08-19T09:42:21+00:00\" \/>\n<meta property=\"article:modified_time\" content=\"2025-08-19T09:42:25+00:00\" \/>\n<meta property=\"og:image\" content=\"http:\/\/folhapopular.info\/wp-content\/uploads\/2025\/08\/bebidas-proteicas-.jpg\" \/>\n\t<meta property=\"og:image:width\" content=\"2316\" \/>\n\t<meta property=\"og:image:height\" content=\"2516\" \/>\n\t<meta property=\"og:image:type\" content=\"image\/jpeg\" \/>\n<meta name=\"author\" content=\"Reda\u00e7\u00e3o Folha Popular\" \/>\n<meta name=\"twitter:card\" content=\"summary_large_image\" \/>\n<meta name=\"twitter:label1\" content=\"Escrito por\" \/>\n\t<meta name=\"twitter:data1\" content=\"Reda\u00e7\u00e3o Folha Popular\" \/>\n\t<meta name=\"twitter:label2\" content=\"Est. tempo de leitura\" \/>\n\t<meta name=\"twitter:data2\" content=\"2 minutos\" \/>\n<script type=\"application\/ld+json\" class=\"yoast-schema-graph\">{\"@context\":\"https:\\\/\\\/schema.org\",\"@graph\":[{\"@type\":\"Article\",\"@id\":\"https:\\\/\\\/folhapopular.info\\\/index.php\\\/2025\\\/08\\\/19\\\/santa-clara-apresenta-novos-sabores-de-bebidas-proteicas-e-queijos-na-expoagas\\\/#article\",\"isPartOf\":{\"@id\":\"https:\\\/\\\/folhapopular.info\\\/index.php\\\/2025\\\/08\\\/19\\\/santa-clara-apresenta-novos-sabores-de-bebidas-proteicas-e-queijos-na-expoagas\\\/\"},\"author\":{\"name\":\"Reda\u00e7\u00e3o Folha Popular\",\"@id\":\"https:\\\/\\\/folhapopular.info\\\/#\\\/schema\\\/person\\\/2814e8a0df7643585a9ca38bc6eb9d4b\"},\"headline\":\"Santa Clara apresenta novos sabores de bebidas proteicas e queijos na Expoagas\",\"datePublished\":\"2025-08-19T09:42:21+00:00\",\"dateModified\":\"2025-08-19T09:42:25+00:00\",\"mainEntityOfPage\":{\"@id\":\"https:\\\/\\\/folhapopular.info\\\/index.php\\\/2025\\\/08\\\/19\\\/santa-clara-apresenta-novos-sabores-de-bebidas-proteicas-e-queijos-na-expoagas\\\/\"},\"wordCount\":350,\"commentCount\":0,\"image\":{\"@id\":\"https:\\\/\\\/folhapopular.info\\\/index.php\\\/2025\\\/08\\\/19\\\/santa-clara-apresenta-novos-sabores-de-bebidas-proteicas-e-queijos-na-expoagas\\\/#primaryimage\"},\"thumbnailUrl\":\"https:\\\/\\\/folhapopular.info\\\/wp-content\\\/uploads\\\/2025\\\/08\\\/bebidas-proteicas-.jpg\",\"articleSection\":[\"Economia\",\"Neg\u00f3cios\"],\"inLanguage\":\"pt-BR\",\"potentialAction\":[{\"@type\":\"CommentAction\",\"name\":\"Comment\",\"target\":[\"https:\\\/\\\/folhapopular.info\\\/index.php\\\/2025\\\/08\\\/19\\\/santa-clara-apresenta-novos-sabores-de-bebidas-proteicas-e-queijos-na-expoagas\\\/#respond\"]}]},{\"@type\":\"WebPage\",\"@id\":\"https:\\\/\\\/folhapopular.info\\\/index.php\\\/2025\\\/08\\\/19\\\/santa-clara-apresenta-novos-sabores-de-bebidas-proteicas-e-queijos-na-expoagas\\\/\",\"url\":\"https:\\\/\\\/folhapopular.info\\\/index.php\\\/2025\\\/08\\\/19\\\/santa-clara-apresenta-novos-sabores-de-bebidas-proteicas-e-queijos-na-expoagas\\\/\",\"name\":\"Santa Clara apresenta novos sabores de bebidas proteicas e queijos na Expoagas - Folha Popular\",\"isPartOf\":{\"@id\":\"https:\\\/\\\/folhapopular.info\\\/#website\"},\"primaryImageOfPage\":{\"@id\":\"https:\\\/\\\/folhapopular.info\\\/index.php\\\/2025\\\/08\\\/19\\\/santa-clara-apresenta-novos-sabores-de-bebidas-proteicas-e-queijos-na-expoagas\\\/#primaryimage\"},\"image\":{\"@id\":\"https:\\\/\\\/folhapopular.info\\\/index.php\\\/2025\\\/08\\\/19\\\/santa-clara-apresenta-novos-sabores-de-bebidas-proteicas-e-queijos-na-expoagas\\\/#primaryimage\"},\"thumbnailUrl\":\"https:\\\/\\\/folhapopular.info\\\/wp-content\\\/uploads\\\/2025\\\/08\\\/bebidas-proteicas-.jpg\",\"datePublished\":\"2025-08-19T09:42:21+00:00\",\"dateModified\":\"2025-08-19T09:42:25+00:00\",\"author\":{\"@id\":\"https:\\\/\\\/folhapopular.info\\\/#\\\/schema\\\/person\\\/2814e8a0df7643585a9ca38bc6eb9d4b\"},\"breadcrumb\":{\"@id\":\"https:\\\/\\\/folhapopular.info\\\/index.php\\\/2025\\\/08\\\/19\\\/santa-clara-apresenta-novos-sabores-de-bebidas-proteicas-e-queijos-na-expoagas\\\/#breadcrumb\"},\"inLanguage\":\"pt-BR\",\"potentialAction\":[{\"@type\":\"ReadAction\",\"target\":[\"https:\\\/\\\/folhapopular.info\\\/index.php\\\/2025\\\/08\\\/19\\\/santa-clara-apresenta-novos-sabores-de-bebidas-proteicas-e-queijos-na-expoagas\\\/\"]}]},{\"@type\":\"ImageObject\",\"inLanguage\":\"pt-BR\",\"@id\":\"https:\\\/\\\/folhapopular.info\\\/index.php\\\/2025\\\/08\\\/19\\\/santa-clara-apresenta-novos-sabores-de-bebidas-proteicas-e-queijos-na-expoagas\\\/#primaryimage\",\"url\":\"https:\\\/\\\/folhapopular.info\\\/wp-content\\\/uploads\\\/2025\\\/08\\\/bebidas-proteicas-.jpg\",\"contentUrl\":\"https:\\\/\\\/folhapopular.info\\\/wp-content\\\/uploads\\\/2025\\\/08\\\/bebidas-proteicas-.jpg\",\"width\":2316,\"height\":2516,\"caption\":\"Cr\u00e9dito: Divulga\u00e7ao\\\/Cooperativa Santa Clara\"},{\"@type\":\"BreadcrumbList\",\"@id\":\"https:\\\/\\\/folhapopular.info\\\/index.php\\\/2025\\\/08\\\/19\\\/santa-clara-apresenta-novos-sabores-de-bebidas-proteicas-e-queijos-na-expoagas\\\/#breadcrumb\",\"itemListElement\":[{\"@type\":\"ListItem\",\"position\":1,\"name\":\"In\u00edcio\",\"item\":\"https:\\\/\\\/folhapopular.info\\\/\"},{\"@type\":\"ListItem\",\"position\":2,\"name\":\"Santa Clara apresenta novos sabores de bebidas proteicas e queijos na Expoagas\"}]},{\"@type\":\"WebSite\",\"@id\":\"https:\\\/\\\/folhapopular.info\\\/#website\",\"url\":\"https:\\\/\\\/folhapopular.info\\\/\",\"name\":\"Folha Popular\",\"description\":\"Onde voc\u00ea tem vez e voz\",\"potentialAction\":[{\"@type\":\"SearchAction\",\"target\":{\"@type\":\"EntryPoint\",\"urlTemplate\":\"https:\\\/\\\/folhapopular.info\\\/?s={search_term_string}\"},\"query-input\":{\"@type\":\"PropertyValueSpecification\",\"valueRequired\":true,\"valueName\":\"search_term_string\"}}],\"inLanguage\":\"pt-BR\"},{\"@type\":\"Person\",\"@id\":\"https:\\\/\\\/folhapopular.info\\\/#\\\/schema\\\/person\\\/2814e8a0df7643585a9ca38bc6eb9d4b\",\"name\":\"Reda\u00e7\u00e3o Folha Popular\",\"image\":{\"@type\":\"ImageObject\",\"inLanguage\":\"pt-BR\",\"@id\":\"https:\\\/\\\/folhapopular.info\\\/wp-content\\\/uploads\\\/2026\\\/04\\\/Folha-1.webp\",\"url\":\"https:\\\/\\\/folhapopular.info\\\/wp-content\\\/uploads\\\/2026\\\/04\\\/Folha-1.webp\",\"contentUrl\":\"https:\\\/\\\/folhapopular.info\\\/wp-content\\\/uploads\\\/2026\\\/04\\\/Folha-1.webp\",\"caption\":\"Reda\u00e7\u00e3o Folha Popular\"},\"url\":\"https:\\\/\\\/folhapopular.info\\\/index.php\\\/author\\\/redacao\\\/\"}]}<\/script>\n<!-- \/ Yoast SEO plugin. -->","yoast_head_json":{"title":"Santa Clara apresenta novos sabores de bebidas proteicas e queijos na Expoagas - Folha Popular","robots":{"index":"index","follow":"follow","max-snippet":"max-snippet:-1","max-image-preview":"max-image-preview:large","max-video-preview":"max-video-preview:-1"},"canonical":"https:\/\/folhapopular.info\/index.php\/2025\/08\/19\/santa-clara-apresenta-novos-sabores-de-bebidas-proteicas-e-queijos-na-expoagas\/","og_locale":"pt_BR","og_type":"article","og_title":"Santa Clara apresenta novos sabores de bebidas proteicas e queijos na Expoagas - Folha Popular","og_description":"A Cooperativa Santa Clara leva \u00e0 42\u00aa Conven\u00e7\u00e3o Ga\u00facha de Supermercados (Expoagas), que ocorre de 19 a 21 de agosto no Centro de Eventos da Fiergs, em Porto Alegre, uma s\u00e9rie de lan\u00e7amentos voltados ao consumidor e ao setor de alimentos. Entre as novidades, est\u00e3o tr\u00eas novos sabores da linha de bebidas proteicas: Pistache, Caf\u00e9 [&hellip;]","og_url":"https:\/\/folhapopular.info\/index.php\/2025\/08\/19\/santa-clara-apresenta-novos-sabores-de-bebidas-proteicas-e-queijos-na-expoagas\/","og_site_name":"Folha Popular","article_published_time":"2025-08-19T09:42:21+00:00","article_modified_time":"2025-08-19T09:42:25+00:00","og_image":[{"width":2316,"height":2516,"url":"http:\/\/folhapopular.info\/wp-content\/uploads\/2025\/08\/bebidas-proteicas-.jpg","type":"image\/jpeg"}],"author":"Reda\u00e7\u00e3o Folha Popular","twitter_card":"summary_large_image","twitter_misc":{"Escrito por":"Reda\u00e7\u00e3o Folha Popular","Est. tempo de leitura":"2 minutos"},"schema":{"@context":"https:\/\/schema.org","@graph":[{"@type":"Article","@id":"https:\/\/folhapopular.info\/index.php\/2025\/08\/19\/santa-clara-apresenta-novos-sabores-de-bebidas-proteicas-e-queijos-na-expoagas\/#article","isPartOf":{"@id":"https:\/\/folhapopular.info\/index.php\/2025\/08\/19\/santa-clara-apresenta-novos-sabores-de-bebidas-proteicas-e-queijos-na-expoagas\/"},"author":{"name":"Reda\u00e7\u00e3o Folha Popular","@id":"https:\/\/folhapopular.info\/#\/schema\/person\/2814e8a0df7643585a9ca38bc6eb9d4b"},"headline":"Santa Clara apresenta novos sabores de bebidas proteicas e queijos na Expoagas","datePublished":"2025-08-19T09:42:21+00:00","dateModified":"2025-08-19T09:42:25+00:00","mainEntityOfPage":{"@id":"https:\/\/folhapopular.info\/index.php\/2025\/08\/19\/santa-clara-apresenta-novos-sabores-de-bebidas-proteicas-e-queijos-na-expoagas\/"},"wordCount":350,"commentCount":0,"image":{"@id":"https:\/\/folhapopular.info\/index.php\/2025\/08\/19\/santa-clara-apresenta-novos-sabores-de-bebidas-proteicas-e-queijos-na-expoagas\/#primaryimage"},"thumbnailUrl":"https:\/\/folhapopular.info\/wp-content\/uploads\/2025\/08\/bebidas-proteicas-.jpg","articleSection":["Economia","Neg\u00f3cios"],"inLanguage":"pt-BR","potentialAction":[{"@type":"CommentAction","name":"Comment","target":["https:\/\/folhapopular.info\/index.php\/2025\/08\/19\/santa-clara-apresenta-novos-sabores-de-bebidas-proteicas-e-queijos-na-expoagas\/#respond"]}]},{"@type":"WebPage","@id":"https:\/\/folhapopular.info\/index.php\/2025\/08\/19\/santa-clara-apresenta-novos-sabores-de-bebidas-proteicas-e-queijos-na-expoagas\/","url":"https:\/\/folhapopular.info\/index.php\/2025\/08\/19\/santa-clara-apresenta-novos-sabores-de-bebidas-proteicas-e-queijos-na-expoagas\/","name":"Santa Clara apresenta novos sabores de bebidas proteicas e queijos na Expoagas - Folha Popular","isPartOf":{"@id":"https:\/\/folhapopular.info\/#website"},"primaryImageOfPage":{"@id":"https:\/\/folhapopular.info\/index.php\/2025\/08\/19\/santa-clara-apresenta-novos-sabores-de-bebidas-proteicas-e-queijos-na-expoagas\/#primaryimage"},"image":{"@id":"https:\/\/folhapopular.info\/index.php\/2025\/08\/19\/santa-clara-apresenta-novos-sabores-de-bebidas-proteicas-e-queijos-na-expoagas\/#primaryimage"},"thumbnailUrl":"https:\/\/folhapopular.info\/wp-content\/uploads\/2025\/08\/bebidas-proteicas-.jpg","datePublished":"2025-08-19T09:42:21+00:00","dateModified":"2025-08-19T09:42:25+00:00","author":{"@id":"https:\/\/folhapopular.info\/#\/schema\/person\/2814e8a0df7643585a9ca38bc6eb9d4b"},"breadcrumb":{"@id":"https:\/\/folhapopular.info\/index.php\/2025\/08\/19\/santa-clara-apresenta-novos-sabores-de-bebidas-proteicas-e-queijos-na-expoagas\/#breadcrumb"},"inLanguage":"pt-BR","potentialAction":[{"@type":"ReadAction","target":["https:\/\/folhapopular.info\/index.php\/2025\/08\/19\/santa-clara-apresenta-novos-sabores-de-bebidas-proteicas-e-queijos-na-expoagas\/"]}]},{"@type":"ImageObject","inLanguage":"pt-BR","@id":"https:\/\/folhapopular.info\/index.php\/2025\/08\/19\/santa-clara-apresenta-novos-sabores-de-bebidas-proteicas-e-queijos-na-expoagas\/#primaryimage","url":"https:\/\/folhapopular.info\/wp-content\/uploads\/2025\/08\/bebidas-proteicas-.jpg","contentUrl":"https:\/\/folhapopular.info\/wp-content\/uploads\/2025\/08\/bebidas-proteicas-.jpg","width":2316,"height":2516,"caption":"Cr\u00e9dito: Divulga\u00e7ao\/Cooperativa Santa Clara"},{"@type":"BreadcrumbList","@id":"https:\/\/folhapopular.info\/index.php\/2025\/08\/19\/santa-clara-apresenta-novos-sabores-de-bebidas-proteicas-e-queijos-na-expoagas\/#breadcrumb","itemListElement":[{"@type":"ListItem","position":1,"name":"In\u00edcio","item":"https:\/\/folhapopular.info\/"},{"@type":"ListItem","position":2,"name":"Santa Clara apresenta novos sabores de bebidas proteicas e queijos na Expoagas"}]},{"@type":"WebSite","@id":"https:\/\/folhapopular.info\/#website","url":"https:\/\/folhapopular.info\/","name":"Folha Popular","description":"Onde voc\u00ea tem vez e voz","potentialAction":[{"@type":"SearchAction","target":{"@type":"EntryPoint","urlTemplate":"https:\/\/folhapopular.info\/?s={search_term_string}"},"query-input":{"@type":"PropertyValueSpecification","valueRequired":true,"valueName":"search_term_string"}}],"inLanguage":"pt-BR"},{"@type":"Person","@id":"https:\/\/folhapopular.info\/#\/schema\/person\/2814e8a0df7643585a9ca38bc6eb9d4b","name":"Reda\u00e7\u00e3o Folha Popular","image":{"@type":"ImageObject","inLanguage":"pt-BR","@id":"https:\/\/folhapopular.info\/wp-content\/uploads\/2026\/04\/Folha-1.webp","url":"https:\/\/folhapopular.info\/wp-content\/uploads\/2026\/04\/Folha-1.webp","contentUrl":"https:\/\/folhapopular.info\/wp-content\/uploads\/2026\/04\/Folha-1.webp","caption":"Reda\u00e7\u00e3o Folha Popular"},"url":"https:\/\/folhapopular.info\/index.php\/author\/redacao\/"}]}},"jetpack_featured_media_url":"https:\/\/folhapopular.info\/wp-content\/uploads\/2025\/08\/bebidas-proteicas-.jpg","jetpack_sharing_enabled":true,"amp_enabled":true,"_links":{"self":[{"href":"https:\/\/folhapopular.info\/index.php\/wp-json\/wp\/v2\/posts\/192339","targetHints":{"allow":["GET"]}}],"collection":[{"href":"https:\/\/folhapopular.info\/index.php\/wp-json\/wp\/v2\/posts"}],"about":[{"href":"https:\/\/folhapopular.info\/index.php\/wp-json\/wp\/v2\/types\/post"}],"author":[{"embeddable":true,"href":"https:\/\/folhapopular.info\/index.php\/wp-json\/wp\/v2\/users\/8"}],"replies":[{"embeddable":true,"href":"https:\/\/folhapopular.info\/index.php\/wp-json\/wp\/v2\/comments?post=192339"}],"version-history":[{"count":0,"href":"https:\/\/folhapopular.info\/index.php\/wp-json\/wp\/v2\/posts\/192339\/revisions"}],"wp:featuredmedia":[{"embeddable":true,"href":"https:\/\/folhapopular.info\/index.php\/wp-json\/wp\/v2\/media\/192340"}],"wp:attachment":[{"href":"https:\/\/folhapopular.info\/index.php\/wp-json\/wp\/v2\/media?parent=192339"}],"wp:term":[{"taxonomy":"category","embeddable":true,"href":"https:\/\/folhapopular.info\/index.php\/wp-json\/wp\/v2\/categories?post=192339"},{"taxonomy":"post_tag","embeddable":true,"href":"https:\/\/folhapopular.info\/index.php\/wp-json\/wp\/v2\/tags?post=192339"}],"curies":[{"name":"wp","href":"https:\/\/api.w.org\/{rel}","templated":true}]}}