{"id":192386,"date":"2025-08-19T15:18:34","date_gmt":"2025-08-19T18:18:34","guid":{"rendered":"https:\/\/folhapopular.info\/?p=192386"},"modified":"2025-08-19T15:18:37","modified_gmt":"2025-08-19T18:18:37","slug":"vice-governador-inaugura-asfalto-da-estrada-geral-de-posses-entre-paverama-e-fazenda-vilanova","status":"publish","type":"post","link":"https:\/\/folhapopular.info\/index.php\/2025\/08\/19\/vice-governador-inaugura-asfalto-da-estrada-geral-de-posses-entre-paverama-e-fazenda-vilanova\/","title":{"rendered":"Vice-governador inaugura asfalto da Estrada Geral de Posses, entre Paverama e Fazenda Vilanova"},"content":{"rendered":"\n<p>O vice-governador do Estado, Gabriel Souza, realizou roteiro de visitas no Vale do Taquari nesta ter\u00e7a-feira (19\/8). No in\u00edcio da tarde, participou da inaugura\u00e7\u00e3o do asfalto da Estrada Geral de Posses, na divisa entre os munic\u00edpios de Fazenda Vilanova e Paverama. A obra de aproximadamente 1 quil\u00f4metro entre o entroncamento do limite com Teut\u00f4nia, em frente ao Bar e Minimercado Amanda (antigo Bar da Helga), at\u00e9 a entrada da Vila Felipe, em Paverama, teve apoio da etapa 2 do Programa Pavimenta.<\/p>\n\n\n\n<p>Cada munic\u00edpio ficou respons\u00e1vel pela pavimenta\u00e7\u00e3o de metade do trecho, num valor estimado em R$ 2,2 milh\u00f5es. Fazenda Vilanova usufrui do asfalto desde o ano passado, enquanto a conclus\u00e3o da parte paveramense ocorreu em fevereiro. Este \u00e9 o primeiro quil\u00f4metro de estrada rural asfaltado no munic\u00edpio \u2013 e o segundo em Fazenda Vilanova.<\/p>\n\n\n\n<p>Para o prefeito vilanovense, Amarildo Luis da Silva, muito mais do que uma obra, o asfalto representa dignidade, desenvolvimento econ\u00f4mico, valoriza\u00e7\u00e3o imobili\u00e1ria e sa\u00fade para a popula\u00e7\u00e3o. \u201cEssa comunidade busca por isso h\u00e1 pelo menos 50 anos. O asfalto impulsiona empreendimentos, como a vinda de uma f\u00e1brica de confec\u00e7\u00f5es e a amplia\u00e7\u00e3o da f\u00e1brica de ra\u00e7\u00f5es Vargas\u201d, citou.<\/p>\n\n\n\n<p>A prefeita de Paverama, Michele de Vargas, agradeceu ao Estado. \u201cComo munic\u00edpios pequenos, nem sempre temos or\u00e7amento para muitas obras. A partir dessa parceria, hoje estamos aqui, dando mais qualidade de vida para essas pessoas\u201d, enalteceu.<\/p>\n\n\n\n<p>O secret\u00e1rio estadual de Desenvolvimento Urbano e Metropolitano (Sedur), Marcelo Caumo, bem como lideran\u00e7as locais e regionais e moradores comemoraram a obra. \u201cNo Vale do Taquari, os munic\u00edpios se unem para realizar obras diversas. Parab\u00e9ns \u00e0 regi\u00e3o e ao Estado. Que sigamos nesse prop\u00f3sito\u201d, disse.<\/p>\n\n\n\n<h2 class=\"wp-block-heading\"><strong>Concess\u00e3o<\/strong><\/h2>\n\n\n\n<p>Questionado sobre a concess\u00e3o do bloco 2 de rodovias, Souza apontou que, assim que o Tribunal de Contas do Estado (TCE) retornar com as adequa\u00e7\u00f5es, o governo poder\u00e1 dar andamento ao edital.<\/p>\n\n\n\n<p>Refor\u00e7ou que os investimentos atrav\u00e9s de concess\u00f5es melhoram a competitividade do estado e reduzem o custo log\u00edstico. \u201cChega mais r\u00e1pido, com menos tempo de transporte, menos acidentes e danos ao equipamento. Est\u00e1 comprovado em todos os locais nos quais houve concess\u00e3o com investimentos, e faremos R$ 6 bilh\u00f5es nos 6 primeiros anos. \u00c9 muito\u201d, enfatizou.<\/p>\n\n\n\n<p>Para ele, \u00e9 verdade que haver\u00e1 tarifa\u00e7\u00e3o, mas \u201cruim \u00e9 condenar o Vale do Taquari com as rodovias que est\u00e3o a\u00ed, incompat\u00edveis com a pujan\u00e7a econ\u00f4mica da regi\u00e3o e da Serra, grande Passo Fundo e Erechim. Regi\u00f5es com rodovias melhoradas atrav\u00e9s de concess\u00f5es se desenvolveram, gerando mais emprego e renda\u201d, finalizou.<\/p>\n\n\n\n<h2 class=\"wp-block-heading\"><strong>Outras agendas<\/strong><\/h2>\n\n\n\n<p>O vice-governador tamb\u00e9m se reuniu com lideran\u00e7as de Arroio do Meio no hospital da cidade. Acompanhado da secret\u00e1ria de Sa\u00fade Arita Bergmann, Souza volta ao G8 para cumprir agenda em Imigrante, onde participa da inaugura\u00e7\u00e3o do novo Centro de Sa\u00fade da Fam\u00edlia. <\/p>\n\n\n\n<p>A obra foi poss\u00edvel por meio do conv\u00eanio do Munic\u00edpio com a Rede Bem Cuidar RS. Com a amplia\u00e7\u00e3o, a unidade passa a contar com audit\u00f3rio, consult\u00f3rios m\u00e9dicos e uma farm\u00e1cia cl\u00ednica com estoque central, ampliando a capacidade de atendimento e qualifica\u00e7\u00e3o dos servi\u00e7os.<\/p>\n\n\n\n<p>Na sequ\u00eancia, Gabriel Souza finaliza a agenda no Vale ao se deslocar para o Hospital Ouro Branco, onde ter\u00e1 reuni\u00e3o de trabalho com os prefeitos da Amsol sobre demandas da regi\u00e3o.<\/p>\n","protected":false},"excerpt":{"rendered":"<p>O vice-governador do Estado, Gabriel Souza, realizou roteiro de visitas no Vale do Taquari nesta ter\u00e7a-feira (19\/8). No in\u00edcio da tarde, participou da inaugura\u00e7\u00e3o do asfalto da Estrada Geral de Posses, na divisa entre os munic\u00edpios de Fazenda Vilanova e Paverama. A obra de aproximadamente 1 quil\u00f4metro entre o entroncamento do limite com Teut\u00f4nia, em [&hellip;]<\/p>\n","protected":false},"author":639,"featured_media":192387,"comment_status":"open","ping_status":"open","sticky":false,"template":"","format":"standard","meta":{"pmpro_default_level":"","_jetpack_memberships_contains_paid_content":false,"footnotes":""},"categories":[2,3,11091],"tags":[18545,19230,11077,11462,46,89],"class_list":{"0":"post-192386","1":"post","2":"type-post","3":"status-publish","4":"format-standard","5":"has-post-thumbnail","7":"category-featured","8":"category-geral","9":"category-servicos","10":"tag-amsol","11":"tag-asfalto-de-posses","12":"tag-g8","13":"tag-gabriel-souza","14":"tag-paverama","15":"tag-saude","16":"pmpro-has-access"},"yoast_head":"<!-- This site is optimized with the Yoast SEO plugin v27.5 - https:\/\/yoast.com\/product\/yoast-seo-wordpress\/ -->\n<title>Vice-governador inaugura asfalto da Estrada Geral de Posses, entre Paverama e Fazenda Vilanova - Folha Popular<\/title>\n<meta name=\"robots\" content=\"index, follow, max-snippet:-1, max-image-preview:large, max-video-preview:-1\" \/>\n<link rel=\"canonical\" href=\"https:\/\/folhapopular.info\/index.php\/2025\/08\/19\/vice-governador-inaugura-asfalto-da-estrada-geral-de-posses-entre-paverama-e-fazenda-vilanova\/\" \/>\n<meta property=\"og:locale\" content=\"pt_BR\" \/>\n<meta property=\"og:type\" content=\"article\" \/>\n<meta property=\"og:title\" content=\"Vice-governador inaugura asfalto da Estrada Geral de Posses, entre Paverama e Fazenda Vilanova - Folha Popular\" \/>\n<meta property=\"og:description\" content=\"O vice-governador do Estado, Gabriel Souza, realizou roteiro de visitas no Vale do Taquari nesta ter\u00e7a-feira (19\/8). No in\u00edcio da tarde, participou da inaugura\u00e7\u00e3o do asfalto da Estrada Geral de Posses, na divisa entre os munic\u00edpios de Fazenda Vilanova e Paverama. A obra de aproximadamente 1 quil\u00f4metro entre o entroncamento do limite com Teut\u00f4nia, em [&hellip;]\" \/>\n<meta property=\"og:url\" content=\"https:\/\/folhapopular.info\/index.php\/2025\/08\/19\/vice-governador-inaugura-asfalto-da-estrada-geral-de-posses-entre-paverama-e-fazenda-vilanova\/\" \/>\n<meta property=\"og:site_name\" content=\"Folha Popular\" \/>\n<meta property=\"article:published_time\" content=\"2025-08-19T18:18:34+00:00\" \/>\n<meta property=\"article:modified_time\" content=\"2025-08-19T18:18:37+00:00\" \/>\n<meta property=\"og:image\" content=\"http:\/\/folhapopular.info\/wp-content\/uploads\/2025\/08\/IMG_6155-scaled.jpg\" \/>\n\t<meta property=\"og:image:width\" content=\"2560\" \/>\n\t<meta property=\"og:image:height\" content=\"1920\" \/>\n\t<meta property=\"og:image:type\" content=\"image\/jpeg\" \/>\n<meta name=\"author\" content=\"Camille Lenz da Silva\" \/>\n<meta name=\"twitter:card\" content=\"summary_large_image\" \/>\n<meta name=\"twitter:label1\" content=\"Escrito por\" \/>\n\t<meta name=\"twitter:data1\" content=\"Camille Lenz da Silva\" \/>\n\t<meta name=\"twitter:label2\" content=\"Est. tempo de leitura\" \/>\n\t<meta name=\"twitter:data2\" content=\"4 minutos\" \/>\n<script type=\"application\/ld+json\" class=\"yoast-schema-graph\">{\"@context\":\"https:\\\/\\\/schema.org\",\"@graph\":[{\"@type\":\"Article\",\"@id\":\"https:\\\/\\\/folhapopular.info\\\/index.php\\\/2025\\\/08\\\/19\\\/vice-governador-inaugura-asfalto-da-estrada-geral-de-posses-entre-paverama-e-fazenda-vilanova\\\/#article\",\"isPartOf\":{\"@id\":\"https:\\\/\\\/folhapopular.info\\\/index.php\\\/2025\\\/08\\\/19\\\/vice-governador-inaugura-asfalto-da-estrada-geral-de-posses-entre-paverama-e-fazenda-vilanova\\\/\"},\"author\":{\"name\":\"Camille Lenz da Silva\",\"@id\":\"https:\\\/\\\/folhapopular.info\\\/#\\\/schema\\\/person\\\/f0b811f932ef2505faf473ffaef49df5\"},\"headline\":\"Vice-governador inaugura asfalto da Estrada Geral de Posses, entre Paverama e Fazenda Vilanova\",\"datePublished\":\"2025-08-19T18:18:34+00:00\",\"dateModified\":\"2025-08-19T18:18:37+00:00\",\"mainEntityOfPage\":{\"@id\":\"https:\\\/\\\/folhapopular.info\\\/index.php\\\/2025\\\/08\\\/19\\\/vice-governador-inaugura-asfalto-da-estrada-geral-de-posses-entre-paverama-e-fazenda-vilanova\\\/\"},\"wordCount\":601,\"commentCount\":0,\"image\":{\"@id\":\"https:\\\/\\\/folhapopular.info\\\/index.php\\\/2025\\\/08\\\/19\\\/vice-governador-inaugura-asfalto-da-estrada-geral-de-posses-entre-paverama-e-fazenda-vilanova\\\/#primaryimage\"},\"thumbnailUrl\":\"https:\\\/\\\/folhapopular.info\\\/wp-content\\\/uploads\\\/2025\\\/08\\\/IMG_6155-scaled.jpg\",\"keywords\":[\"Amsol\",\"Asfalto de Posses\",\"G8\",\"gabriel souza\",\"Paverama\",\"Sa\u00fade\"],\"articleSection\":[\"Destaques\",\"Geral\",\"Servi\u00e7os\"],\"inLanguage\":\"pt-BR\",\"potentialAction\":[{\"@type\":\"CommentAction\",\"name\":\"Comment\",\"target\":[\"https:\\\/\\\/folhapopular.info\\\/index.php\\\/2025\\\/08\\\/19\\\/vice-governador-inaugura-asfalto-da-estrada-geral-de-posses-entre-paverama-e-fazenda-vilanova\\\/#respond\"]}]},{\"@type\":\"WebPage\",\"@id\":\"https:\\\/\\\/folhapopular.info\\\/index.php\\\/2025\\\/08\\\/19\\\/vice-governador-inaugura-asfalto-da-estrada-geral-de-posses-entre-paverama-e-fazenda-vilanova\\\/\",\"url\":\"https:\\\/\\\/folhapopular.info\\\/index.php\\\/2025\\\/08\\\/19\\\/vice-governador-inaugura-asfalto-da-estrada-geral-de-posses-entre-paverama-e-fazenda-vilanova\\\/\",\"name\":\"Vice-governador inaugura asfalto da Estrada Geral de Posses, entre Paverama e Fazenda Vilanova - Folha Popular\",\"isPartOf\":{\"@id\":\"https:\\\/\\\/folhapopular.info\\\/#website\"},\"primaryImageOfPage\":{\"@id\":\"https:\\\/\\\/folhapopular.info\\\/index.php\\\/2025\\\/08\\\/19\\\/vice-governador-inaugura-asfalto-da-estrada-geral-de-posses-entre-paverama-e-fazenda-vilanova\\\/#primaryimage\"},\"image\":{\"@id\":\"https:\\\/\\\/folhapopular.info\\\/index.php\\\/2025\\\/08\\\/19\\\/vice-governador-inaugura-asfalto-da-estrada-geral-de-posses-entre-paverama-e-fazenda-vilanova\\\/#primaryimage\"},\"thumbnailUrl\":\"https:\\\/\\\/folhapopular.info\\\/wp-content\\\/uploads\\\/2025\\\/08\\\/IMG_6155-scaled.jpg\",\"datePublished\":\"2025-08-19T18:18:34+00:00\",\"dateModified\":\"2025-08-19T18:18:37+00:00\",\"author\":{\"@id\":\"https:\\\/\\\/folhapopular.info\\\/#\\\/schema\\\/person\\\/f0b811f932ef2505faf473ffaef49df5\"},\"breadcrumb\":{\"@id\":\"https:\\\/\\\/folhapopular.info\\\/index.php\\\/2025\\\/08\\\/19\\\/vice-governador-inaugura-asfalto-da-estrada-geral-de-posses-entre-paverama-e-fazenda-vilanova\\\/#breadcrumb\"},\"inLanguage\":\"pt-BR\",\"potentialAction\":[{\"@type\":\"ReadAction\",\"target\":[\"https:\\\/\\\/folhapopular.info\\\/index.php\\\/2025\\\/08\\\/19\\\/vice-governador-inaugura-asfalto-da-estrada-geral-de-posses-entre-paverama-e-fazenda-vilanova\\\/\"]}]},{\"@type\":\"ImageObject\",\"inLanguage\":\"pt-BR\",\"@id\":\"https:\\\/\\\/folhapopular.info\\\/index.php\\\/2025\\\/08\\\/19\\\/vice-governador-inaugura-asfalto-da-estrada-geral-de-posses-entre-paverama-e-fazenda-vilanova\\\/#primaryimage\",\"url\":\"https:\\\/\\\/folhapopular.info\\\/wp-content\\\/uploads\\\/2025\\\/08\\\/IMG_6155-scaled.jpg\",\"contentUrl\":\"https:\\\/\\\/folhapopular.info\\\/wp-content\\\/uploads\\\/2025\\\/08\\\/IMG_6155-scaled.jpg\",\"width\":2560,\"height\":1920,\"caption\":\"Asfalto inaugurado faz divisa com os munic\u00edpios de Paverama e Fazenda Vilanova. Cr\u00e9dito: Camille Lenz da Silva\"},{\"@type\":\"BreadcrumbList\",\"@id\":\"https:\\\/\\\/folhapopular.info\\\/index.php\\\/2025\\\/08\\\/19\\\/vice-governador-inaugura-asfalto-da-estrada-geral-de-posses-entre-paverama-e-fazenda-vilanova\\\/#breadcrumb\",\"itemListElement\":[{\"@type\":\"ListItem\",\"position\":1,\"name\":\"In\u00edcio\",\"item\":\"https:\\\/\\\/folhapopular.info\\\/\"},{\"@type\":\"ListItem\",\"position\":2,\"name\":\"Vice-governador inaugura asfalto da Estrada Geral de Posses, entre Paverama e Fazenda Vilanova\"}]},{\"@type\":\"WebSite\",\"@id\":\"https:\\\/\\\/folhapopular.info\\\/#website\",\"url\":\"https:\\\/\\\/folhapopular.info\\\/\",\"name\":\"Folha Popular\",\"description\":\"Onde voc\u00ea tem vez e voz\",\"potentialAction\":[{\"@type\":\"SearchAction\",\"target\":{\"@type\":\"EntryPoint\",\"urlTemplate\":\"https:\\\/\\\/folhapopular.info\\\/?s={search_term_string}\"},\"query-input\":{\"@type\":\"PropertyValueSpecification\",\"valueRequired\":true,\"valueName\":\"search_term_string\"}}],\"inLanguage\":\"pt-BR\"},{\"@type\":\"Person\",\"@id\":\"https:\\\/\\\/folhapopular.info\\\/#\\\/schema\\\/person\\\/f0b811f932ef2505faf473ffaef49df5\",\"name\":\"Camille Lenz da Silva\",\"image\":{\"@type\":\"ImageObject\",\"inLanguage\":\"pt-BR\",\"@id\":\"https:\\\/\\\/secure.gravatar.com\\\/avatar\\\/50be826d73ca259ec0e0a88a407f5de800c576c46cfdc57e50ef28551e216fff?s=96&d=mm&r=g\",\"url\":\"https:\\\/\\\/secure.gravatar.com\\\/avatar\\\/50be826d73ca259ec0e0a88a407f5de800c576c46cfdc57e50ef28551e216fff?s=96&d=mm&r=g\",\"contentUrl\":\"https:\\\/\\\/secure.gravatar.com\\\/avatar\\\/50be826d73ca259ec0e0a88a407f5de800c576c46cfdc57e50ef28551e216fff?s=96&d=mm&r=g\",\"caption\":\"Camille Lenz da Silva\"},\"url\":\"https:\\\/\\\/folhapopular.info\\\/index.php\\\/author\\\/camillelenzgmail-com\\\/\"}]}<\/script>\n<!-- \/ Yoast SEO plugin. -->","yoast_head_json":{"title":"Vice-governador inaugura asfalto da Estrada Geral de Posses, entre Paverama e Fazenda Vilanova - Folha Popular","robots":{"index":"index","follow":"follow","max-snippet":"max-snippet:-1","max-image-preview":"max-image-preview:large","max-video-preview":"max-video-preview:-1"},"canonical":"https:\/\/folhapopular.info\/index.php\/2025\/08\/19\/vice-governador-inaugura-asfalto-da-estrada-geral-de-posses-entre-paverama-e-fazenda-vilanova\/","og_locale":"pt_BR","og_type":"article","og_title":"Vice-governador inaugura asfalto da Estrada Geral de Posses, entre Paverama e Fazenda Vilanova - Folha Popular","og_description":"O vice-governador do Estado, Gabriel Souza, realizou roteiro de visitas no Vale do Taquari nesta ter\u00e7a-feira (19\/8). No in\u00edcio da tarde, participou da inaugura\u00e7\u00e3o do asfalto da Estrada Geral de Posses, na divisa entre os munic\u00edpios de Fazenda Vilanova e Paverama. A obra de aproximadamente 1 quil\u00f4metro entre o entroncamento do limite com Teut\u00f4nia, em [&hellip;]","og_url":"https:\/\/folhapopular.info\/index.php\/2025\/08\/19\/vice-governador-inaugura-asfalto-da-estrada-geral-de-posses-entre-paverama-e-fazenda-vilanova\/","og_site_name":"Folha Popular","article_published_time":"2025-08-19T18:18:34+00:00","article_modified_time":"2025-08-19T18:18:37+00:00","og_image":[{"width":2560,"height":1920,"url":"http:\/\/folhapopular.info\/wp-content\/uploads\/2025\/08\/IMG_6155-scaled.jpg","type":"image\/jpeg"}],"author":"Camille Lenz da Silva","twitter_card":"summary_large_image","twitter_misc":{"Escrito por":"Camille Lenz da Silva","Est. tempo de leitura":"4 minutos"},"schema":{"@context":"https:\/\/schema.org","@graph":[{"@type":"Article","@id":"https:\/\/folhapopular.info\/index.php\/2025\/08\/19\/vice-governador-inaugura-asfalto-da-estrada-geral-de-posses-entre-paverama-e-fazenda-vilanova\/#article","isPartOf":{"@id":"https:\/\/folhapopular.info\/index.php\/2025\/08\/19\/vice-governador-inaugura-asfalto-da-estrada-geral-de-posses-entre-paverama-e-fazenda-vilanova\/"},"author":{"name":"Camille Lenz da Silva","@id":"https:\/\/folhapopular.info\/#\/schema\/person\/f0b811f932ef2505faf473ffaef49df5"},"headline":"Vice-governador inaugura asfalto da Estrada Geral de Posses, entre Paverama e Fazenda Vilanova","datePublished":"2025-08-19T18:18:34+00:00","dateModified":"2025-08-19T18:18:37+00:00","mainEntityOfPage":{"@id":"https:\/\/folhapopular.info\/index.php\/2025\/08\/19\/vice-governador-inaugura-asfalto-da-estrada-geral-de-posses-entre-paverama-e-fazenda-vilanova\/"},"wordCount":601,"commentCount":0,"image":{"@id":"https:\/\/folhapopular.info\/index.php\/2025\/08\/19\/vice-governador-inaugura-asfalto-da-estrada-geral-de-posses-entre-paverama-e-fazenda-vilanova\/#primaryimage"},"thumbnailUrl":"https:\/\/folhapopular.info\/wp-content\/uploads\/2025\/08\/IMG_6155-scaled.jpg","keywords":["Amsol","Asfalto de Posses","G8","gabriel souza","Paverama","Sa\u00fade"],"articleSection":["Destaques","Geral","Servi\u00e7os"],"inLanguage":"pt-BR","potentialAction":[{"@type":"CommentAction","name":"Comment","target":["https:\/\/folhapopular.info\/index.php\/2025\/08\/19\/vice-governador-inaugura-asfalto-da-estrada-geral-de-posses-entre-paverama-e-fazenda-vilanova\/#respond"]}]},{"@type":"WebPage","@id":"https:\/\/folhapopular.info\/index.php\/2025\/08\/19\/vice-governador-inaugura-asfalto-da-estrada-geral-de-posses-entre-paverama-e-fazenda-vilanova\/","url":"https:\/\/folhapopular.info\/index.php\/2025\/08\/19\/vice-governador-inaugura-asfalto-da-estrada-geral-de-posses-entre-paverama-e-fazenda-vilanova\/","name":"Vice-governador inaugura asfalto da Estrada Geral de Posses, entre Paverama e Fazenda Vilanova - Folha Popular","isPartOf":{"@id":"https:\/\/folhapopular.info\/#website"},"primaryImageOfPage":{"@id":"https:\/\/folhapopular.info\/index.php\/2025\/08\/19\/vice-governador-inaugura-asfalto-da-estrada-geral-de-posses-entre-paverama-e-fazenda-vilanova\/#primaryimage"},"image":{"@id":"https:\/\/folhapopular.info\/index.php\/2025\/08\/19\/vice-governador-inaugura-asfalto-da-estrada-geral-de-posses-entre-paverama-e-fazenda-vilanova\/#primaryimage"},"thumbnailUrl":"https:\/\/folhapopular.info\/wp-content\/uploads\/2025\/08\/IMG_6155-scaled.jpg","datePublished":"2025-08-19T18:18:34+00:00","dateModified":"2025-08-19T18:18:37+00:00","author":{"@id":"https:\/\/folhapopular.info\/#\/schema\/person\/f0b811f932ef2505faf473ffaef49df5"},"breadcrumb":{"@id":"https:\/\/folhapopular.info\/index.php\/2025\/08\/19\/vice-governador-inaugura-asfalto-da-estrada-geral-de-posses-entre-paverama-e-fazenda-vilanova\/#breadcrumb"},"inLanguage":"pt-BR","potentialAction":[{"@type":"ReadAction","target":["https:\/\/folhapopular.info\/index.php\/2025\/08\/19\/vice-governador-inaugura-asfalto-da-estrada-geral-de-posses-entre-paverama-e-fazenda-vilanova\/"]}]},{"@type":"ImageObject","inLanguage":"pt-BR","@id":"https:\/\/folhapopular.info\/index.php\/2025\/08\/19\/vice-governador-inaugura-asfalto-da-estrada-geral-de-posses-entre-paverama-e-fazenda-vilanova\/#primaryimage","url":"https:\/\/folhapopular.info\/wp-content\/uploads\/2025\/08\/IMG_6155-scaled.jpg","contentUrl":"https:\/\/folhapopular.info\/wp-content\/uploads\/2025\/08\/IMG_6155-scaled.jpg","width":2560,"height":1920,"caption":"Asfalto inaugurado faz divisa com os munic\u00edpios de Paverama e Fazenda Vilanova. Cr\u00e9dito: Camille Lenz da Silva"},{"@type":"BreadcrumbList","@id":"https:\/\/folhapopular.info\/index.php\/2025\/08\/19\/vice-governador-inaugura-asfalto-da-estrada-geral-de-posses-entre-paverama-e-fazenda-vilanova\/#breadcrumb","itemListElement":[{"@type":"ListItem","position":1,"name":"In\u00edcio","item":"https:\/\/folhapopular.info\/"},{"@type":"ListItem","position":2,"name":"Vice-governador inaugura asfalto da Estrada Geral de Posses, entre Paverama e Fazenda Vilanova"}]},{"@type":"WebSite","@id":"https:\/\/folhapopular.info\/#website","url":"https:\/\/folhapopular.info\/","name":"Folha Popular","description":"Onde voc\u00ea tem vez e voz","potentialAction":[{"@type":"SearchAction","target":{"@type":"EntryPoint","urlTemplate":"https:\/\/folhapopular.info\/?s={search_term_string}"},"query-input":{"@type":"PropertyValueSpecification","valueRequired":true,"valueName":"search_term_string"}}],"inLanguage":"pt-BR"},{"@type":"Person","@id":"https:\/\/folhapopular.info\/#\/schema\/person\/f0b811f932ef2505faf473ffaef49df5","name":"Camille Lenz da Silva","image":{"@type":"ImageObject","inLanguage":"pt-BR","@id":"https:\/\/secure.gravatar.com\/avatar\/50be826d73ca259ec0e0a88a407f5de800c576c46cfdc57e50ef28551e216fff?s=96&d=mm&r=g","url":"https:\/\/secure.gravatar.com\/avatar\/50be826d73ca259ec0e0a88a407f5de800c576c46cfdc57e50ef28551e216fff?s=96&d=mm&r=g","contentUrl":"https:\/\/secure.gravatar.com\/avatar\/50be826d73ca259ec0e0a88a407f5de800c576c46cfdc57e50ef28551e216fff?s=96&d=mm&r=g","caption":"Camille Lenz da Silva"},"url":"https:\/\/folhapopular.info\/index.php\/author\/camillelenzgmail-com\/"}]}},"jetpack_featured_media_url":"https:\/\/folhapopular.info\/wp-content\/uploads\/2025\/08\/IMG_6155-scaled.jpg","jetpack_sharing_enabled":true,"amp_enabled":true,"_links":{"self":[{"href":"https:\/\/folhapopular.info\/index.php\/wp-json\/wp\/v2\/posts\/192386","targetHints":{"allow":["GET"]}}],"collection":[{"href":"https:\/\/folhapopular.info\/index.php\/wp-json\/wp\/v2\/posts"}],"about":[{"href":"https:\/\/folhapopular.info\/index.php\/wp-json\/wp\/v2\/types\/post"}],"author":[{"embeddable":true,"href":"https:\/\/folhapopular.info\/index.php\/wp-json\/wp\/v2\/users\/639"}],"replies":[{"embeddable":true,"href":"https:\/\/folhapopular.info\/index.php\/wp-json\/wp\/v2\/comments?post=192386"}],"version-history":[{"count":0,"href":"https:\/\/folhapopular.info\/index.php\/wp-json\/wp\/v2\/posts\/192386\/revisions"}],"wp:featuredmedia":[{"embeddable":true,"href":"https:\/\/folhapopular.info\/index.php\/wp-json\/wp\/v2\/media\/192387"}],"wp:attachment":[{"href":"https:\/\/folhapopular.info\/index.php\/wp-json\/wp\/v2\/media?parent=192386"}],"wp:term":[{"taxonomy":"category","embeddable":true,"href":"https:\/\/folhapopular.info\/index.php\/wp-json\/wp\/v2\/categories?post=192386"},{"taxonomy":"post_tag","embeddable":true,"href":"https:\/\/folhapopular.info\/index.php\/wp-json\/wp\/v2\/tags?post=192386"}],"curies":[{"name":"wp","href":"https:\/\/api.w.org\/{rel}","templated":true}]}}