{"id":192643,"date":"2025-08-23T08:23:52","date_gmt":"2025-08-23T11:23:52","guid":{"rendered":"https:\/\/folhapopular.info\/?p=192643"},"modified":"2025-08-23T08:34:24","modified_gmt":"2025-08-23T11:34:24","slug":"camara-de-imigrante-aprova-readequacao-salarial-para-vice-diretores-e-refis-2025","status":"publish","type":"post","link":"https:\/\/folhapopular.info\/index.php\/2025\/08\/23\/camara-de-imigrante-aprova-readequacao-salarial-para-vice-diretores-e-refis-2025\/","title":{"rendered":"C\u00e2mara de Imigrante aprova readequa\u00e7\u00e3o salarial para vice-diretores e Refis 2025"},"content":{"rendered":"<p>A sess\u00e3o ordin\u00e1ria da C\u00e2mara de Vereadores de Imigrante realizada na quarta-feira (20\/8) foi marcada pela aprova\u00e7\u00e3o de projetos voltados \u00e0 valoriza\u00e7\u00e3o do magist\u00e9rio, \u00e0 regulariza\u00e7\u00e3o fiscal e a demandas da comunidade. O projeto de lei n\u00ba 107\/2025 foi aprovado por unanimidade. Ele altera a lei municipal n\u00ba 2.446\/2022 para readequar a remunera\u00e7\u00e3o da Fun\u00e7\u00e3o&#8230; <\/p>\n<div class=\"pmpro\">\n<div class=\"pmpro_card pmpro_content_message\">\n<div class=\"pmpro_card_content\">Este conte\u00fado \u00e9 apenas para associados Grupo Popular &#8211; Conte\u00fado Total Anual e Grupo Popular &#8211; Conte\u00fado Total Mensal. <br \/><a href=\"https:\/\/folhapopular.info\/wp-login.php?action=register\">Cadastre-se<\/a><\/div>\n<div class=\"pmpro_card_actions pmpro_font-medium\">J\u00e1 se associou? <a href=\"https:\/\/folhapopular.info\/wp-login.php?redirect_to=https%3A%2F%2Ffolhapopular.info%2Findex.php%2F2025%2F08%2F23%2Fcamara-de-imigrante-aprova-readequacao-salarial-para-vice-diretores-e-refis-2025%2F\">Acesse aqui<\/a><\/div>\n<\/div>\n<\/div>\n","protected":false},"excerpt":{"rendered":"<p>A sess\u00e3o ordin\u00e1ria da C\u00e2mara de Vereadores de Imigrante realizada na quarta-feira (20\/8) foi marcada pela aprova\u00e7\u00e3o de projetos voltados \u00e0 valoriza\u00e7\u00e3o do magist\u00e9rio, \u00e0 regulariza\u00e7\u00e3o fiscal e a demandas da comunidade. O projeto de lei n\u00ba 107\/2025 foi aprovado por unanimidade. Ele altera a lei municipal n\u00ba 2.446\/2022 para readequar a remunera\u00e7\u00e3o da Fun\u00e7\u00e3o... <\/p>\n<div class=\"pmpro\"><div class=\"pmpro_card pmpro_content_message\"><div class=\"pmpro_card_content\">Este conte\u00fado \u00e9 apenas para associados Grupo Popular - Conte\u00fado Total Anual e Grupo Popular - Conte\u00fado Total Mensal. <br \/><a href=\"https:\/\/folhapopular.info\/wp-login.php?action=register\">Cadastre-se<\/a><\/div><div class=\"pmpro_card_actions pmpro_font-medium\">J\u00e1 se associou? <a href=\"https:\/\/folhapopular.info\/wp-login.php?redirect_to=https%3A%2F%2Ffolhapopular.info%2Findex.php%2F2025%2F08%2F23%2Fcamara-de-imigrante-aprova-readequacao-salarial-para-vice-diretores-e-refis-2025%2F\">Acesse aqui<\/a><\/div><\/div><\/div>","protected":false},"author":764,"featured_media":192644,"comment_status":"open","ping_status":"open","sticky":false,"template":"","format":"standard","meta":{"pmpro_default_level":"","_jetpack_memberships_contains_paid_content":false,"footnotes":""},"categories":[11078,18236,10985],"tags":[646,11846,34],"class_list":{"0":"post-192643","1":"post","2":"type-post","3":"status-publish","4":"format-standard","5":"has-post-thumbnail","7":"category-assinantes","8":"category-camara-de-vereadores-de-imigrante","9":"category-politica","10":"tag-camara-de-vereadores","11":"tag-camara-de-vereadores-de-imigrante","12":"tag-imigrante","13":"pmpro-level-required","14":"pmpro-level-2","15":"pmpro-level-4","16":"pmpro-level-5","17":"pmpro-no-access"},"yoast_head":"<!-- This site is optimized with the Yoast SEO plugin v27.5 - https:\/\/yoast.com\/product\/yoast-seo-wordpress\/ -->\n<title>C\u00e2mara de Imigrante aprova readequa\u00e7\u00e3o salarial para vice-diretores e Refis 2025 - Folha Popular<\/title>\n<meta name=\"robots\" content=\"index, follow, max-snippet:-1, max-image-preview:large, max-video-preview:-1\" \/>\n<link rel=\"canonical\" href=\"https:\/\/folhapopular.info\/index.php\/2025\/08\/23\/camara-de-imigrante-aprova-readequacao-salarial-para-vice-diretores-e-refis-2025\/\" \/>\n<meta property=\"og:locale\" content=\"pt_BR\" \/>\n<meta property=\"og:type\" content=\"article\" \/>\n<meta property=\"og:title\" content=\"C\u00e2mara de Imigrante aprova readequa\u00e7\u00e3o salarial para vice-diretores e Refis 2025 - Folha Popular\" \/>\n<meta property=\"og:description\" content=\"A sess\u00e3o ordin\u00e1ria da C\u00e2mara de Vereadores de Imigrante realizada na quarta-feira (20\/8) foi marcada pela aprova\u00e7\u00e3o de projetos voltados \u00e0 valoriza\u00e7\u00e3o do magist\u00e9rio, \u00e0 regulariza\u00e7\u00e3o fiscal e a demandas da comunidade. O projeto de lei n\u00ba 107\/2025 foi aprovado por unanimidade. Ele altera a lei municipal n\u00ba 2.446\/2022 para readequar a remunera\u00e7\u00e3o da Fun\u00e7\u00e3o [&hellip;]\" \/>\n<meta property=\"og:url\" content=\"https:\/\/folhapopular.info\/index.php\/2025\/08\/23\/camara-de-imigrante-aprova-readequacao-salarial-para-vice-diretores-e-refis-2025\/\" \/>\n<meta property=\"og:site_name\" content=\"Folha Popular\" \/>\n<meta property=\"article:published_time\" content=\"2025-08-23T11:23:52+00:00\" \/>\n<meta property=\"article:modified_time\" content=\"2025-08-23T11:34:24+00:00\" \/>\n<meta property=\"og:image\" content=\"http:\/\/folhapopular.info\/wp-content\/uploads\/2025\/08\/Indicacoes-de-melhorias-em-infraestrutura-e-espaco-para-artesaos-tambem-estiveram-em-pauta-na-sessao-do-Legislativo_JB-scaled.jpg\" \/>\n\t<meta property=\"og:image:width\" content=\"2560\" \/>\n\t<meta property=\"og:image:height\" content=\"1707\" \/>\n\t<meta property=\"og:image:type\" content=\"image\/jpeg\" \/>\n<meta name=\"author\" content=\"J\u00e9ssica Bayer\" \/>\n<meta name=\"twitter:card\" content=\"summary_large_image\" \/>\n<meta name=\"twitter:label1\" content=\"Escrito por\" \/>\n\t<meta name=\"twitter:data1\" content=\"J\u00e9ssica Bayer\" \/>\n\t<meta name=\"twitter:label2\" content=\"Est. tempo de leitura\" \/>\n\t<meta name=\"twitter:data2\" content=\"4 minutos\" \/>\n<script type=\"application\/ld+json\" class=\"yoast-schema-graph\">{\"@context\":\"https:\\\/\\\/schema.org\",\"@graph\":[{\"@type\":\"Article\",\"@id\":\"https:\\\/\\\/folhapopular.info\\\/index.php\\\/2025\\\/08\\\/23\\\/camara-de-imigrante-aprova-readequacao-salarial-para-vice-diretores-e-refis-2025\\\/#article\",\"isPartOf\":{\"@id\":\"https:\\\/\\\/folhapopular.info\\\/index.php\\\/2025\\\/08\\\/23\\\/camara-de-imigrante-aprova-readequacao-salarial-para-vice-diretores-e-refis-2025\\\/\"},\"author\":{\"name\":\"J\u00e9ssica Bayer\",\"@id\":\"https:\\\/\\\/folhapopular.info\\\/#\\\/schema\\\/person\\\/9c3bd49fe9d74793decad1d4c83fa974\"},\"headline\":\"C\u00e2mara de Imigrante aprova readequa\u00e7\u00e3o salarial para vice-diretores e Refis 2025\",\"datePublished\":\"2025-08-23T11:23:52+00:00\",\"dateModified\":\"2025-08-23T11:34:24+00:00\",\"mainEntityOfPage\":{\"@id\":\"https:\\\/\\\/folhapopular.info\\\/index.php\\\/2025\\\/08\\\/23\\\/camara-de-imigrante-aprova-readequacao-salarial-para-vice-diretores-e-refis-2025\\\/\"},\"wordCount\":576,\"commentCount\":0,\"image\":{\"@id\":\"https:\\\/\\\/folhapopular.info\\\/index.php\\\/2025\\\/08\\\/23\\\/camara-de-imigrante-aprova-readequacao-salarial-para-vice-diretores-e-refis-2025\\\/#primaryimage\"},\"thumbnailUrl\":\"https:\\\/\\\/folhapopular.info\\\/wp-content\\\/uploads\\\/2025\\\/08\\\/Indicacoes-de-melhorias-em-infraestrutura-e-espaco-para-artesaos-tambem-estiveram-em-pauta-na-sessao-do-Legislativo_JB-scaled.jpg\",\"keywords\":[\"C\u00e2mara de Vereadores\",\"c\u00e2mara de vereadores de imigrante\",\"Imigrante\"],\"articleSection\":[\"Assinantes\",\"C\u00e2mara de Vereadores de Imigrante\",\"Pol\u00edtica\"],\"inLanguage\":\"pt-BR\",\"potentialAction\":[{\"@type\":\"CommentAction\",\"name\":\"Comment\",\"target\":[\"https:\\\/\\\/folhapopular.info\\\/index.php\\\/2025\\\/08\\\/23\\\/camara-de-imigrante-aprova-readequacao-salarial-para-vice-diretores-e-refis-2025\\\/#respond\"]}]},{\"@type\":\"WebPage\",\"@id\":\"https:\\\/\\\/folhapopular.info\\\/index.php\\\/2025\\\/08\\\/23\\\/camara-de-imigrante-aprova-readequacao-salarial-para-vice-diretores-e-refis-2025\\\/\",\"url\":\"https:\\\/\\\/folhapopular.info\\\/index.php\\\/2025\\\/08\\\/23\\\/camara-de-imigrante-aprova-readequacao-salarial-para-vice-diretores-e-refis-2025\\\/\",\"name\":\"C\u00e2mara de Imigrante aprova readequa\u00e7\u00e3o salarial para vice-diretores e Refis 2025 - Folha Popular\",\"isPartOf\":{\"@id\":\"https:\\\/\\\/folhapopular.info\\\/#website\"},\"primaryImageOfPage\":{\"@id\":\"https:\\\/\\\/folhapopular.info\\\/index.php\\\/2025\\\/08\\\/23\\\/camara-de-imigrante-aprova-readequacao-salarial-para-vice-diretores-e-refis-2025\\\/#primaryimage\"},\"image\":{\"@id\":\"https:\\\/\\\/folhapopular.info\\\/index.php\\\/2025\\\/08\\\/23\\\/camara-de-imigrante-aprova-readequacao-salarial-para-vice-diretores-e-refis-2025\\\/#primaryimage\"},\"thumbnailUrl\":\"https:\\\/\\\/folhapopular.info\\\/wp-content\\\/uploads\\\/2025\\\/08\\\/Indicacoes-de-melhorias-em-infraestrutura-e-espaco-para-artesaos-tambem-estiveram-em-pauta-na-sessao-do-Legislativo_JB-scaled.jpg\",\"datePublished\":\"2025-08-23T11:23:52+00:00\",\"dateModified\":\"2025-08-23T11:34:24+00:00\",\"author\":{\"@id\":\"https:\\\/\\\/folhapopular.info\\\/#\\\/schema\\\/person\\\/9c3bd49fe9d74793decad1d4c83fa974\"},\"breadcrumb\":{\"@id\":\"https:\\\/\\\/folhapopular.info\\\/index.php\\\/2025\\\/08\\\/23\\\/camara-de-imigrante-aprova-readequacao-salarial-para-vice-diretores-e-refis-2025\\\/#breadcrumb\"},\"inLanguage\":\"pt-BR\",\"potentialAction\":[{\"@type\":\"ReadAction\",\"target\":[\"https:\\\/\\\/folhapopular.info\\\/index.php\\\/2025\\\/08\\\/23\\\/camara-de-imigrante-aprova-readequacao-salarial-para-vice-diretores-e-refis-2025\\\/\"]}]},{\"@type\":\"ImageObject\",\"inLanguage\":\"pt-BR\",\"@id\":\"https:\\\/\\\/folhapopular.info\\\/index.php\\\/2025\\\/08\\\/23\\\/camara-de-imigrante-aprova-readequacao-salarial-para-vice-diretores-e-refis-2025\\\/#primaryimage\",\"url\":\"https:\\\/\\\/folhapopular.info\\\/wp-content\\\/uploads\\\/2025\\\/08\\\/Indicacoes-de-melhorias-em-infraestrutura-e-espaco-para-artesaos-tambem-estiveram-em-pauta-na-sessao-do-Legislativo_JB-scaled.jpg\",\"contentUrl\":\"https:\\\/\\\/folhapopular.info\\\/wp-content\\\/uploads\\\/2025\\\/08\\\/Indicacoes-de-melhorias-em-infraestrutura-e-espaco-para-artesaos-tambem-estiveram-em-pauta-na-sessao-do-Legislativo_JB-scaled.jpg\",\"width\":2560,\"height\":1707,\"caption\":\"Indicac\u0327o\u0303es de melhorias em infraestrutura e espac\u0327o para artesa\u0303os tambe\u0301m estiveram em pauta na sessa\u0303o do Legislativo \\\/ Cr\u00e9dito: J\u00e9ssica Bayer\"},{\"@type\":\"BreadcrumbList\",\"@id\":\"https:\\\/\\\/folhapopular.info\\\/index.php\\\/2025\\\/08\\\/23\\\/camara-de-imigrante-aprova-readequacao-salarial-para-vice-diretores-e-refis-2025\\\/#breadcrumb\",\"itemListElement\":[{\"@type\":\"ListItem\",\"position\":1,\"name\":\"In\u00edcio\",\"item\":\"https:\\\/\\\/folhapopular.info\\\/\"},{\"@type\":\"ListItem\",\"position\":2,\"name\":\"C\u00e2mara de Imigrante aprova readequa\u00e7\u00e3o salarial para vice-diretores e Refis 2025\"}]},{\"@type\":\"WebSite\",\"@id\":\"https:\\\/\\\/folhapopular.info\\\/#website\",\"url\":\"https:\\\/\\\/folhapopular.info\\\/\",\"name\":\"Folha Popular\",\"description\":\"Onde voc\u00ea tem vez e voz\",\"potentialAction\":[{\"@type\":\"SearchAction\",\"target\":{\"@type\":\"EntryPoint\",\"urlTemplate\":\"https:\\\/\\\/folhapopular.info\\\/?s={search_term_string}\"},\"query-input\":{\"@type\":\"PropertyValueSpecification\",\"valueRequired\":true,\"valueName\":\"search_term_string\"}}],\"inLanguage\":\"pt-BR\"},{\"@type\":\"Person\",\"@id\":\"https:\\\/\\\/folhapopular.info\\\/#\\\/schema\\\/person\\\/9c3bd49fe9d74793decad1d4c83fa974\",\"name\":\"J\u00e9ssica Bayer\",\"image\":{\"@type\":\"ImageObject\",\"inLanguage\":\"pt-BR\",\"@id\":\"https:\\\/\\\/secure.gravatar.com\\\/avatar\\\/66a5b729e90fb69c858616142b10a981fcab7744c95a8bfabc31856b5c9df354?s=96&d=mm&r=g\",\"url\":\"https:\\\/\\\/secure.gravatar.com\\\/avatar\\\/66a5b729e90fb69c858616142b10a981fcab7744c95a8bfabc31856b5c9df354?s=96&d=mm&r=g\",\"contentUrl\":\"https:\\\/\\\/secure.gravatar.com\\\/avatar\\\/66a5b729e90fb69c858616142b10a981fcab7744c95a8bfabc31856b5c9df354?s=96&d=mm&r=g\",\"caption\":\"J\u00e9ssica Bayer\"},\"url\":\"https:\\\/\\\/folhapopular.info\\\/index.php\\\/author\\\/jessicad-bayergmail-com\\\/\"}]}<\/script>\n<!-- \/ Yoast SEO plugin. -->","yoast_head_json":{"title":"C\u00e2mara de Imigrante aprova readequa\u00e7\u00e3o salarial para vice-diretores e Refis 2025 - Folha Popular","robots":{"index":"index","follow":"follow","max-snippet":"max-snippet:-1","max-image-preview":"max-image-preview:large","max-video-preview":"max-video-preview:-1"},"canonical":"https:\/\/folhapopular.info\/index.php\/2025\/08\/23\/camara-de-imigrante-aprova-readequacao-salarial-para-vice-diretores-e-refis-2025\/","og_locale":"pt_BR","og_type":"article","og_title":"C\u00e2mara de Imigrante aprova readequa\u00e7\u00e3o salarial para vice-diretores e Refis 2025 - Folha Popular","og_description":"A sess\u00e3o ordin\u00e1ria da C\u00e2mara de Vereadores de Imigrante realizada na quarta-feira (20\/8) foi marcada pela aprova\u00e7\u00e3o de projetos voltados \u00e0 valoriza\u00e7\u00e3o do magist\u00e9rio, \u00e0 regulariza\u00e7\u00e3o fiscal e a demandas da comunidade. O projeto de lei n\u00ba 107\/2025 foi aprovado por unanimidade. Ele altera a lei municipal n\u00ba 2.446\/2022 para readequar a remunera\u00e7\u00e3o da Fun\u00e7\u00e3o [&hellip;]","og_url":"https:\/\/folhapopular.info\/index.php\/2025\/08\/23\/camara-de-imigrante-aprova-readequacao-salarial-para-vice-diretores-e-refis-2025\/","og_site_name":"Folha Popular","article_published_time":"2025-08-23T11:23:52+00:00","article_modified_time":"2025-08-23T11:34:24+00:00","og_image":[{"width":2560,"height":1707,"url":"http:\/\/folhapopular.info\/wp-content\/uploads\/2025\/08\/Indicacoes-de-melhorias-em-infraestrutura-e-espaco-para-artesaos-tambem-estiveram-em-pauta-na-sessao-do-Legislativo_JB-scaled.jpg","type":"image\/jpeg"}],"author":"J\u00e9ssica Bayer","twitter_card":"summary_large_image","twitter_misc":{"Escrito por":"J\u00e9ssica Bayer","Est. tempo de leitura":"4 minutos"},"schema":{"@context":"https:\/\/schema.org","@graph":[{"@type":"Article","@id":"https:\/\/folhapopular.info\/index.php\/2025\/08\/23\/camara-de-imigrante-aprova-readequacao-salarial-para-vice-diretores-e-refis-2025\/#article","isPartOf":{"@id":"https:\/\/folhapopular.info\/index.php\/2025\/08\/23\/camara-de-imigrante-aprova-readequacao-salarial-para-vice-diretores-e-refis-2025\/"},"author":{"name":"J\u00e9ssica Bayer","@id":"https:\/\/folhapopular.info\/#\/schema\/person\/9c3bd49fe9d74793decad1d4c83fa974"},"headline":"C\u00e2mara de Imigrante aprova readequa\u00e7\u00e3o salarial para vice-diretores e Refis 2025","datePublished":"2025-08-23T11:23:52+00:00","dateModified":"2025-08-23T11:34:24+00:00","mainEntityOfPage":{"@id":"https:\/\/folhapopular.info\/index.php\/2025\/08\/23\/camara-de-imigrante-aprova-readequacao-salarial-para-vice-diretores-e-refis-2025\/"},"wordCount":576,"commentCount":0,"image":{"@id":"https:\/\/folhapopular.info\/index.php\/2025\/08\/23\/camara-de-imigrante-aprova-readequacao-salarial-para-vice-diretores-e-refis-2025\/#primaryimage"},"thumbnailUrl":"https:\/\/folhapopular.info\/wp-content\/uploads\/2025\/08\/Indicacoes-de-melhorias-em-infraestrutura-e-espaco-para-artesaos-tambem-estiveram-em-pauta-na-sessao-do-Legislativo_JB-scaled.jpg","keywords":["C\u00e2mara de Vereadores","c\u00e2mara de vereadores de imigrante","Imigrante"],"articleSection":["Assinantes","C\u00e2mara de Vereadores de Imigrante","Pol\u00edtica"],"inLanguage":"pt-BR","potentialAction":[{"@type":"CommentAction","name":"Comment","target":["https:\/\/folhapopular.info\/index.php\/2025\/08\/23\/camara-de-imigrante-aprova-readequacao-salarial-para-vice-diretores-e-refis-2025\/#respond"]}]},{"@type":"WebPage","@id":"https:\/\/folhapopular.info\/index.php\/2025\/08\/23\/camara-de-imigrante-aprova-readequacao-salarial-para-vice-diretores-e-refis-2025\/","url":"https:\/\/folhapopular.info\/index.php\/2025\/08\/23\/camara-de-imigrante-aprova-readequacao-salarial-para-vice-diretores-e-refis-2025\/","name":"C\u00e2mara de Imigrante aprova readequa\u00e7\u00e3o salarial para vice-diretores e Refis 2025 - Folha Popular","isPartOf":{"@id":"https:\/\/folhapopular.info\/#website"},"primaryImageOfPage":{"@id":"https:\/\/folhapopular.info\/index.php\/2025\/08\/23\/camara-de-imigrante-aprova-readequacao-salarial-para-vice-diretores-e-refis-2025\/#primaryimage"},"image":{"@id":"https:\/\/folhapopular.info\/index.php\/2025\/08\/23\/camara-de-imigrante-aprova-readequacao-salarial-para-vice-diretores-e-refis-2025\/#primaryimage"},"thumbnailUrl":"https:\/\/folhapopular.info\/wp-content\/uploads\/2025\/08\/Indicacoes-de-melhorias-em-infraestrutura-e-espaco-para-artesaos-tambem-estiveram-em-pauta-na-sessao-do-Legislativo_JB-scaled.jpg","datePublished":"2025-08-23T11:23:52+00:00","dateModified":"2025-08-23T11:34:24+00:00","author":{"@id":"https:\/\/folhapopular.info\/#\/schema\/person\/9c3bd49fe9d74793decad1d4c83fa974"},"breadcrumb":{"@id":"https:\/\/folhapopular.info\/index.php\/2025\/08\/23\/camara-de-imigrante-aprova-readequacao-salarial-para-vice-diretores-e-refis-2025\/#breadcrumb"},"inLanguage":"pt-BR","potentialAction":[{"@type":"ReadAction","target":["https:\/\/folhapopular.info\/index.php\/2025\/08\/23\/camara-de-imigrante-aprova-readequacao-salarial-para-vice-diretores-e-refis-2025\/"]}]},{"@type":"ImageObject","inLanguage":"pt-BR","@id":"https:\/\/folhapopular.info\/index.php\/2025\/08\/23\/camara-de-imigrante-aprova-readequacao-salarial-para-vice-diretores-e-refis-2025\/#primaryimage","url":"https:\/\/folhapopular.info\/wp-content\/uploads\/2025\/08\/Indicacoes-de-melhorias-em-infraestrutura-e-espaco-para-artesaos-tambem-estiveram-em-pauta-na-sessao-do-Legislativo_JB-scaled.jpg","contentUrl":"https:\/\/folhapopular.info\/wp-content\/uploads\/2025\/08\/Indicacoes-de-melhorias-em-infraestrutura-e-espaco-para-artesaos-tambem-estiveram-em-pauta-na-sessao-do-Legislativo_JB-scaled.jpg","width":2560,"height":1707,"caption":"Indicac\u0327o\u0303es de melhorias em infraestrutura e espac\u0327o para artesa\u0303os tambe\u0301m estiveram em pauta na sessa\u0303o do Legislativo \/ Cr\u00e9dito: J\u00e9ssica Bayer"},{"@type":"BreadcrumbList","@id":"https:\/\/folhapopular.info\/index.php\/2025\/08\/23\/camara-de-imigrante-aprova-readequacao-salarial-para-vice-diretores-e-refis-2025\/#breadcrumb","itemListElement":[{"@type":"ListItem","position":1,"name":"In\u00edcio","item":"https:\/\/folhapopular.info\/"},{"@type":"ListItem","position":2,"name":"C\u00e2mara de Imigrante aprova readequa\u00e7\u00e3o salarial para vice-diretores e Refis 2025"}]},{"@type":"WebSite","@id":"https:\/\/folhapopular.info\/#website","url":"https:\/\/folhapopular.info\/","name":"Folha Popular","description":"Onde voc\u00ea tem vez e voz","potentialAction":[{"@type":"SearchAction","target":{"@type":"EntryPoint","urlTemplate":"https:\/\/folhapopular.info\/?s={search_term_string}"},"query-input":{"@type":"PropertyValueSpecification","valueRequired":true,"valueName":"search_term_string"}}],"inLanguage":"pt-BR"},{"@type":"Person","@id":"https:\/\/folhapopular.info\/#\/schema\/person\/9c3bd49fe9d74793decad1d4c83fa974","name":"J\u00e9ssica Bayer","image":{"@type":"ImageObject","inLanguage":"pt-BR","@id":"https:\/\/secure.gravatar.com\/avatar\/66a5b729e90fb69c858616142b10a981fcab7744c95a8bfabc31856b5c9df354?s=96&d=mm&r=g","url":"https:\/\/secure.gravatar.com\/avatar\/66a5b729e90fb69c858616142b10a981fcab7744c95a8bfabc31856b5c9df354?s=96&d=mm&r=g","contentUrl":"https:\/\/secure.gravatar.com\/avatar\/66a5b729e90fb69c858616142b10a981fcab7744c95a8bfabc31856b5c9df354?s=96&d=mm&r=g","caption":"J\u00e9ssica Bayer"},"url":"https:\/\/folhapopular.info\/index.php\/author\/jessicad-bayergmail-com\/"}]}},"jetpack_featured_media_url":"https:\/\/folhapopular.info\/wp-content\/uploads\/2025\/08\/Indicacoes-de-melhorias-em-infraestrutura-e-espaco-para-artesaos-tambem-estiveram-em-pauta-na-sessao-do-Legislativo_JB-scaled.jpg","jetpack_sharing_enabled":true,"amp_enabled":true,"_links":{"self":[{"href":"https:\/\/folhapopular.info\/index.php\/wp-json\/wp\/v2\/posts\/192643","targetHints":{"allow":["GET"]}}],"collection":[{"href":"https:\/\/folhapopular.info\/index.php\/wp-json\/wp\/v2\/posts"}],"about":[{"href":"https:\/\/folhapopular.info\/index.php\/wp-json\/wp\/v2\/types\/post"}],"author":[{"embeddable":true,"href":"https:\/\/folhapopular.info\/index.php\/wp-json\/wp\/v2\/users\/764"}],"replies":[{"embeddable":true,"href":"https:\/\/folhapopular.info\/index.php\/wp-json\/wp\/v2\/comments?post=192643"}],"version-history":[{"count":0,"href":"https:\/\/folhapopular.info\/index.php\/wp-json\/wp\/v2\/posts\/192643\/revisions"}],"wp:featuredmedia":[{"embeddable":true,"href":"https:\/\/folhapopular.info\/index.php\/wp-json\/wp\/v2\/media\/192644"}],"wp:attachment":[{"href":"https:\/\/folhapopular.info\/index.php\/wp-json\/wp\/v2\/media?parent=192643"}],"wp:term":[{"taxonomy":"category","embeddable":true,"href":"https:\/\/folhapopular.info\/index.php\/wp-json\/wp\/v2\/categories?post=192643"},{"taxonomy":"post_tag","embeddable":true,"href":"https:\/\/folhapopular.info\/index.php\/wp-json\/wp\/v2\/tags?post=192643"}],"curies":[{"name":"wp","href":"https:\/\/api.w.org\/{rel}","templated":true}]}}