{"id":192928,"date":"2025-08-27T11:35:53","date_gmt":"2025-08-27T14:35:53","guid":{"rendered":"https:\/\/folhapopular.info\/?p=192928"},"modified":"2025-08-27T11:36:02","modified_gmt":"2025-08-27T14:36:02","slug":"aeca-participa-de-maior-competicao-nacional-de-canoagem-velocidade-e-paracanoagem","status":"publish","type":"post","link":"https:\/\/folhapopular.info\/index.php\/2025\/08\/27\/aeca-participa-de-maior-competicao-nacional-de-canoagem-velocidade-e-paracanoagem\/","title":{"rendered":"Aeca participa de maior competi\u00e7\u00e3o nacional de Canoagem Velocidade e Paracanoagem"},"content":{"rendered":"\n<p>A Associa\u00e7\u00e3o de Ecologia e Canoagem (Aeca) est\u00e1 pronta para disputar a mais importante competi\u00e7\u00e3o nacional de Canoagem Velocidade e Paracanoagem, promovida pela Confedera\u00e7\u00e3o Brasileira de Canoagem (CBCa). <\/p>\n\n\n\n<p>O evento \u00e9 realizado em Lagoa Santa (MG), com in\u00edcio nesta quarta-feira (27\/8) e t\u00e9rmino no domingo (31\/8). A competi\u00e7\u00e3o re\u00fane os principais clubes e atletas da modalidade no pa\u00eds e tem papel decisivo na defini\u00e7\u00e3o do <em>ranking<\/em> nacional.<\/p>\n\n\n\n<p>Sob o comando do t\u00e9cnico Francisco Lepkoski, o Chico, a delega\u00e7\u00e3o \u00e9 formada por 17 atletas e tr\u00eas para-atletas. Hoje, a Aeca ocupa a 6\u00aa coloca\u00e7\u00e3o entre as 10 melhores equipes do Brasil, em um universo de mais de 30 entidades participantes.<\/p>\n\n\n\n<p>Assim como na temporada de 2024, Chico aposta novamente na for\u00e7a dos barcos de equipe, estrat\u00e9gia que rendeu bons resultados no ano passado.<\/p>\n\n\n\n<p>A Aeca conquistou o t\u00edtulo nacional nos 500 e 1.000 metros do K4 S\u00eanior, al\u00e9m de garantir o ouro em todas as dist\u00e2ncias do K4 Feminino Cadete. A meta para este ano \u00e9 repetir o feito desta vez, tamb\u00e9m com o K4 S\u00eanior e J\u00fanior Masculino.<\/p>\n\n\n\n<p>As categorias J\u00fanior Masculino e Feminino chegam refor\u00e7adas e em ritmo competitivo, enquanto a renova\u00e7\u00e3o do grupo se d\u00e1 com a entrada de novos talentos das categorias Infantil e Menor.<\/p>\n\n\n\n<p>Entre os destaques individuais da equipe em Minas est\u00e1 Calebe Israel, integrante da Sele\u00e7\u00e3o Brasileira de Canoagem. O jovem atua no Centro de Treinamento da Sele\u00e7\u00e3o Brasileira, em Primavera do Leste (MT). Em abril, Calebe conquistou a medalha de ouro na Seletiva Nacional da categoria Cadete e consolidou-se como uma das grandes promessas do esporte.<\/p>\n\n\n\n<p>A equipe embarcou para Lagoa Santa na madrugada de domingo (24\/8) e chegou na tarde da segunda-feira.<\/p>\n\n\n\n<figure class=\"wp-block-table is-style-stripes\"><table class=\"has-luminous-vivid-amber-to-luminous-vivid-orange-gradient-background has-background\"><tbody><tr><td><strong>Representantes da Aeca:<\/strong><\/td><\/tr><tr><td>Rafael Miranda<\/td><\/tr><tr><td>Theo Carraceno<\/td><\/tr><tr><td>Gabriele Oestrae<\/td><\/tr><tr><td>Giovane Polinario<\/td><\/tr><tr><td>Sueli Novais<\/td><\/tr><tr><td>Lorena Soarez<\/td><\/tr><tr><td>Carlos Nascimento<\/td><\/tr><tr><td>Breno Nogueira<\/td><\/tr><tr><td>Francisco Lepkoski<\/td><\/tr><tr><td>Cristan Prado<\/td><\/tr><tr><td>Kau\u00e3 Menezes<\/td><\/tr><tr><td>Lucas Leipelt<\/td><\/tr><tr><td>Calebe de Almeida<\/td><\/tr><tr><td>Daniel Diedrich<\/td><\/tr><tr><td>Jorge Garcia<\/td><\/tr><tr><td>Larissa Naiara<\/td><\/tr><tr><td>Aghata Duarte<\/td><\/tr><tr><td>Diego Soarez<\/td><\/tr><tr><td>Leonardo Michels<\/td><\/tr><tr><td>Pedro Silveira dos Santos<\/td><\/tr><\/tbody><\/table><\/figure>\n","protected":false},"excerpt":{"rendered":"<p>A Associa\u00e7\u00e3o de Ecologia e Canoagem (Aeca) est\u00e1 pronta para disputar a mais importante competi\u00e7\u00e3o nacional de Canoagem Velocidade e Paracanoagem, promovida pela Confedera\u00e7\u00e3o Brasileira de Canoagem (CBCa). O evento \u00e9 realizado em Lagoa Santa (MG), com in\u00edcio nesta quarta-feira (27\/8) e t\u00e9rmino no domingo (31\/8). A competi\u00e7\u00e3o re\u00fane os principais clubes e atletas da [&hellip;]<\/p>\n","protected":false},"author":732,"featured_media":192929,"comment_status":"open","ping_status":"open","sticky":false,"template":"","format":"standard","meta":{"pmpro_default_level":"","_jetpack_memberships_contains_paid_content":false,"footnotes":""},"categories":[5,18861],"tags":[7018,19286,8,8350],"class_list":{"0":"post-192928","1":"post","2":"type-post","3":"status-publish","4":"format-standard","5":"has-post-thumbnail","7":"category-esportes","8":"category-esportes-variados","9":"tag-aeca","10":"tag-canoagem-velocidade-e-paracanoagem","11":"tag-estrela","12":"tag-minas-gerais","13":"pmpro-has-access"},"yoast_head":"<!-- This site is optimized with the Yoast SEO plugin v27.5 - https:\/\/yoast.com\/product\/yoast-seo-wordpress\/ -->\n<title>Aeca participa de maior competi\u00e7\u00e3o nacional de Canoagem Velocidade e Paracanoagem - Folha Popular<\/title>\n<meta name=\"robots\" content=\"index, follow, max-snippet:-1, max-image-preview:large, max-video-preview:-1\" \/>\n<link rel=\"canonical\" href=\"https:\/\/folhapopular.info\/index.php\/2025\/08\/27\/aeca-participa-de-maior-competicao-nacional-de-canoagem-velocidade-e-paracanoagem\/\" \/>\n<meta property=\"og:locale\" content=\"pt_BR\" \/>\n<meta property=\"og:type\" content=\"article\" \/>\n<meta property=\"og:title\" content=\"Aeca participa de maior competi\u00e7\u00e3o nacional de Canoagem Velocidade e Paracanoagem - Folha Popular\" \/>\n<meta property=\"og:description\" content=\"A Associa\u00e7\u00e3o de Ecologia e Canoagem (Aeca) est\u00e1 pronta para disputar a mais importante competi\u00e7\u00e3o nacional de Canoagem Velocidade e Paracanoagem, promovida pela Confedera\u00e7\u00e3o Brasileira de Canoagem (CBCa). O evento \u00e9 realizado em Lagoa Santa (MG), com in\u00edcio nesta quarta-feira (27\/8) e t\u00e9rmino no domingo (31\/8). A competi\u00e7\u00e3o re\u00fane os principais clubes e atletas da [&hellip;]\" \/>\n<meta property=\"og:url\" content=\"https:\/\/folhapopular.info\/index.php\/2025\/08\/27\/aeca-participa-de-maior-competicao-nacional-de-canoagem-velocidade-e-paracanoagem\/\" \/>\n<meta property=\"og:site_name\" content=\"Folha Popular\" \/>\n<meta property=\"article:author\" content=\"https:\/\/www.facebook.com\/luis.huppes\/\" \/>\n<meta property=\"article:published_time\" content=\"2025-08-27T14:35:53+00:00\" \/>\n<meta property=\"article:modified_time\" content=\"2025-08-27T14:36:02+00:00\" \/>\n<meta property=\"og:image\" content=\"http:\/\/folhapopular.info\/wp-content\/uploads\/2025\/08\/jessica3-1024x576.png\" \/>\n\t<meta property=\"og:image:width\" content=\"1024\" \/>\n\t<meta property=\"og:image:height\" content=\"576\" \/>\n\t<meta property=\"og:image:type\" content=\"image\/png\" \/>\n<meta name=\"author\" content=\"Luis Augusto Huppes\" \/>\n<meta name=\"twitter:card\" content=\"summary_large_image\" \/>\n<meta name=\"twitter:label1\" content=\"Escrito por\" \/>\n\t<meta name=\"twitter:data1\" content=\"Luis Augusto Huppes\" \/>\n\t<meta name=\"twitter:label2\" content=\"Est. tempo de leitura\" \/>\n\t<meta name=\"twitter:data2\" content=\"3 minutos\" \/>\n<script type=\"application\/ld+json\" class=\"yoast-schema-graph\">{\"@context\":\"https:\\\/\\\/schema.org\",\"@graph\":[{\"@type\":\"Article\",\"@id\":\"https:\\\/\\\/folhapopular.info\\\/index.php\\\/2025\\\/08\\\/27\\\/aeca-participa-de-maior-competicao-nacional-de-canoagem-velocidade-e-paracanoagem\\\/#article\",\"isPartOf\":{\"@id\":\"https:\\\/\\\/folhapopular.info\\\/index.php\\\/2025\\\/08\\\/27\\\/aeca-participa-de-maior-competicao-nacional-de-canoagem-velocidade-e-paracanoagem\\\/\"},\"author\":{\"name\":\"Luis Augusto Huppes\",\"@id\":\"https:\\\/\\\/folhapopular.info\\\/#\\\/schema\\\/person\\\/e852c327371714676d02e58cf917fd9f\"},\"headline\":\"Aeca participa de maior competi\u00e7\u00e3o nacional de Canoagem Velocidade e Paracanoagem\",\"datePublished\":\"2025-08-27T14:35:53+00:00\",\"dateModified\":\"2025-08-27T14:36:02+00:00\",\"mainEntityOfPage\":{\"@id\":\"https:\\\/\\\/folhapopular.info\\\/index.php\\\/2025\\\/08\\\/27\\\/aeca-participa-de-maior-competicao-nacional-de-canoagem-velocidade-e-paracanoagem\\\/\"},\"wordCount\":352,\"commentCount\":0,\"image\":{\"@id\":\"https:\\\/\\\/folhapopular.info\\\/index.php\\\/2025\\\/08\\\/27\\\/aeca-participa-de-maior-competicao-nacional-de-canoagem-velocidade-e-paracanoagem\\\/#primaryimage\"},\"thumbnailUrl\":\"https:\\\/\\\/folhapopular.info\\\/wp-content\\\/uploads\\\/2025\\\/08\\\/jessica3.png\",\"keywords\":[\"Aeca\",\"Canoagem Velocidade e Paracanoagem\",\"Estrela\",\"Minas Gerais\"],\"articleSection\":[\"Esportes\",\"Esportes Variados\"],\"inLanguage\":\"pt-BR\",\"potentialAction\":[{\"@type\":\"CommentAction\",\"name\":\"Comment\",\"target\":[\"https:\\\/\\\/folhapopular.info\\\/index.php\\\/2025\\\/08\\\/27\\\/aeca-participa-de-maior-competicao-nacional-de-canoagem-velocidade-e-paracanoagem\\\/#respond\"]}]},{\"@type\":\"WebPage\",\"@id\":\"https:\\\/\\\/folhapopular.info\\\/index.php\\\/2025\\\/08\\\/27\\\/aeca-participa-de-maior-competicao-nacional-de-canoagem-velocidade-e-paracanoagem\\\/\",\"url\":\"https:\\\/\\\/folhapopular.info\\\/index.php\\\/2025\\\/08\\\/27\\\/aeca-participa-de-maior-competicao-nacional-de-canoagem-velocidade-e-paracanoagem\\\/\",\"name\":\"Aeca participa de maior competi\u00e7\u00e3o nacional de Canoagem Velocidade e Paracanoagem - Folha Popular\",\"isPartOf\":{\"@id\":\"https:\\\/\\\/folhapopular.info\\\/#website\"},\"primaryImageOfPage\":{\"@id\":\"https:\\\/\\\/folhapopular.info\\\/index.php\\\/2025\\\/08\\\/27\\\/aeca-participa-de-maior-competicao-nacional-de-canoagem-velocidade-e-paracanoagem\\\/#primaryimage\"},\"image\":{\"@id\":\"https:\\\/\\\/folhapopular.info\\\/index.php\\\/2025\\\/08\\\/27\\\/aeca-participa-de-maior-competicao-nacional-de-canoagem-velocidade-e-paracanoagem\\\/#primaryimage\"},\"thumbnailUrl\":\"https:\\\/\\\/folhapopular.info\\\/wp-content\\\/uploads\\\/2025\\\/08\\\/jessica3.png\",\"datePublished\":\"2025-08-27T14:35:53+00:00\",\"dateModified\":\"2025-08-27T14:36:02+00:00\",\"author\":{\"@id\":\"https:\\\/\\\/folhapopular.info\\\/#\\\/schema\\\/person\\\/e852c327371714676d02e58cf917fd9f\"},\"breadcrumb\":{\"@id\":\"https:\\\/\\\/folhapopular.info\\\/index.php\\\/2025\\\/08\\\/27\\\/aeca-participa-de-maior-competicao-nacional-de-canoagem-velocidade-e-paracanoagem\\\/#breadcrumb\"},\"inLanguage\":\"pt-BR\",\"potentialAction\":[{\"@type\":\"ReadAction\",\"target\":[\"https:\\\/\\\/folhapopular.info\\\/index.php\\\/2025\\\/08\\\/27\\\/aeca-participa-de-maior-competicao-nacional-de-canoagem-velocidade-e-paracanoagem\\\/\"]}]},{\"@type\":\"ImageObject\",\"inLanguage\":\"pt-BR\",\"@id\":\"https:\\\/\\\/folhapopular.info\\\/index.php\\\/2025\\\/08\\\/27\\\/aeca-participa-de-maior-competicao-nacional-de-canoagem-velocidade-e-paracanoagem\\\/#primaryimage\",\"url\":\"https:\\\/\\\/folhapopular.info\\\/wp-content\\\/uploads\\\/2025\\\/08\\\/jessica3.png\",\"contentUrl\":\"https:\\\/\\\/folhapopular.info\\\/wp-content\\\/uploads\\\/2025\\\/08\\\/jessica3.png\",\"width\":1920,\"height\":1080,\"caption\":\"Equipe busca se manter na 6\u00aa posi\u00e7\u00e3o do ranking nacional - Cr\u00e9dito: Divulga\u00e7\u00e3o\"},{\"@type\":\"BreadcrumbList\",\"@id\":\"https:\\\/\\\/folhapopular.info\\\/index.php\\\/2025\\\/08\\\/27\\\/aeca-participa-de-maior-competicao-nacional-de-canoagem-velocidade-e-paracanoagem\\\/#breadcrumb\",\"itemListElement\":[{\"@type\":\"ListItem\",\"position\":1,\"name\":\"In\u00edcio\",\"item\":\"https:\\\/\\\/folhapopular.info\\\/\"},{\"@type\":\"ListItem\",\"position\":2,\"name\":\"Aeca participa de maior competi\u00e7\u00e3o nacional de Canoagem Velocidade e Paracanoagem\"}]},{\"@type\":\"WebSite\",\"@id\":\"https:\\\/\\\/folhapopular.info\\\/#website\",\"url\":\"https:\\\/\\\/folhapopular.info\\\/\",\"name\":\"Folha Popular\",\"description\":\"Onde voc\u00ea tem vez e voz\",\"potentialAction\":[{\"@type\":\"SearchAction\",\"target\":{\"@type\":\"EntryPoint\",\"urlTemplate\":\"https:\\\/\\\/folhapopular.info\\\/?s={search_term_string}\"},\"query-input\":{\"@type\":\"PropertyValueSpecification\",\"valueRequired\":true,\"valueName\":\"search_term_string\"}}],\"inLanguage\":\"pt-BR\"},{\"@type\":\"Person\",\"@id\":\"https:\\\/\\\/folhapopular.info\\\/#\\\/schema\\\/person\\\/e852c327371714676d02e58cf917fd9f\",\"name\":\"Luis Augusto Huppes\",\"image\":{\"@type\":\"ImageObject\",\"inLanguage\":\"pt-BR\",\"@id\":\"https:\\\/\\\/folhapopular.info\\\/wp-content\\\/uploads\\\/2026\\\/04\\\/Luis-Augusto-Huppes-1-1.webp\",\"url\":\"https:\\\/\\\/folhapopular.info\\\/wp-content\\\/uploads\\\/2026\\\/04\\\/Luis-Augusto-Huppes-1-1.webp\",\"contentUrl\":\"https:\\\/\\\/folhapopular.info\\\/wp-content\\\/uploads\\\/2026\\\/04\\\/Luis-Augusto-Huppes-1-1.webp\",\"caption\":\"Luis Augusto Huppes\"},\"sameAs\":[\"https:\\\/\\\/www.facebook.com\\\/luis.huppes\\\/\",\"https:\\\/\\\/www.instagram.com\\\/luis.huppes\\\/\",\"https:\\\/\\\/www.linkedin.com\\\/in\\\/luis-augusto-huppes-2554b52b7\\\/\"],\"url\":\"https:\\\/\\\/folhapopular.info\\\/index.php\\\/author\\\/luis-augusto-huppes\\\/\"}]}<\/script>\n<!-- \/ Yoast SEO plugin. -->","yoast_head_json":{"title":"Aeca participa de maior competi\u00e7\u00e3o nacional de Canoagem Velocidade e Paracanoagem - Folha Popular","robots":{"index":"index","follow":"follow","max-snippet":"max-snippet:-1","max-image-preview":"max-image-preview:large","max-video-preview":"max-video-preview:-1"},"canonical":"https:\/\/folhapopular.info\/index.php\/2025\/08\/27\/aeca-participa-de-maior-competicao-nacional-de-canoagem-velocidade-e-paracanoagem\/","og_locale":"pt_BR","og_type":"article","og_title":"Aeca participa de maior competi\u00e7\u00e3o nacional de Canoagem Velocidade e Paracanoagem - Folha Popular","og_description":"A Associa\u00e7\u00e3o de Ecologia e Canoagem (Aeca) est\u00e1 pronta para disputar a mais importante competi\u00e7\u00e3o nacional de Canoagem Velocidade e Paracanoagem, promovida pela Confedera\u00e7\u00e3o Brasileira de Canoagem (CBCa). O evento \u00e9 realizado em Lagoa Santa (MG), com in\u00edcio nesta quarta-feira (27\/8) e t\u00e9rmino no domingo (31\/8). A competi\u00e7\u00e3o re\u00fane os principais clubes e atletas da [&hellip;]","og_url":"https:\/\/folhapopular.info\/index.php\/2025\/08\/27\/aeca-participa-de-maior-competicao-nacional-de-canoagem-velocidade-e-paracanoagem\/","og_site_name":"Folha Popular","article_author":"https:\/\/www.facebook.com\/luis.huppes\/","article_published_time":"2025-08-27T14:35:53+00:00","article_modified_time":"2025-08-27T14:36:02+00:00","og_image":[{"width":1024,"height":576,"url":"http:\/\/folhapopular.info\/wp-content\/uploads\/2025\/08\/jessica3-1024x576.png","type":"image\/png"}],"author":"Luis Augusto Huppes","twitter_card":"summary_large_image","twitter_misc":{"Escrito por":"Luis Augusto Huppes","Est. tempo de leitura":"3 minutos"},"schema":{"@context":"https:\/\/schema.org","@graph":[{"@type":"Article","@id":"https:\/\/folhapopular.info\/index.php\/2025\/08\/27\/aeca-participa-de-maior-competicao-nacional-de-canoagem-velocidade-e-paracanoagem\/#article","isPartOf":{"@id":"https:\/\/folhapopular.info\/index.php\/2025\/08\/27\/aeca-participa-de-maior-competicao-nacional-de-canoagem-velocidade-e-paracanoagem\/"},"author":{"name":"Luis Augusto Huppes","@id":"https:\/\/folhapopular.info\/#\/schema\/person\/e852c327371714676d02e58cf917fd9f"},"headline":"Aeca participa de maior competi\u00e7\u00e3o nacional de Canoagem Velocidade e Paracanoagem","datePublished":"2025-08-27T14:35:53+00:00","dateModified":"2025-08-27T14:36:02+00:00","mainEntityOfPage":{"@id":"https:\/\/folhapopular.info\/index.php\/2025\/08\/27\/aeca-participa-de-maior-competicao-nacional-de-canoagem-velocidade-e-paracanoagem\/"},"wordCount":352,"commentCount":0,"image":{"@id":"https:\/\/folhapopular.info\/index.php\/2025\/08\/27\/aeca-participa-de-maior-competicao-nacional-de-canoagem-velocidade-e-paracanoagem\/#primaryimage"},"thumbnailUrl":"https:\/\/folhapopular.info\/wp-content\/uploads\/2025\/08\/jessica3.png","keywords":["Aeca","Canoagem Velocidade e Paracanoagem","Estrela","Minas Gerais"],"articleSection":["Esportes","Esportes Variados"],"inLanguage":"pt-BR","potentialAction":[{"@type":"CommentAction","name":"Comment","target":["https:\/\/folhapopular.info\/index.php\/2025\/08\/27\/aeca-participa-de-maior-competicao-nacional-de-canoagem-velocidade-e-paracanoagem\/#respond"]}]},{"@type":"WebPage","@id":"https:\/\/folhapopular.info\/index.php\/2025\/08\/27\/aeca-participa-de-maior-competicao-nacional-de-canoagem-velocidade-e-paracanoagem\/","url":"https:\/\/folhapopular.info\/index.php\/2025\/08\/27\/aeca-participa-de-maior-competicao-nacional-de-canoagem-velocidade-e-paracanoagem\/","name":"Aeca participa de maior competi\u00e7\u00e3o nacional de Canoagem Velocidade e Paracanoagem - Folha Popular","isPartOf":{"@id":"https:\/\/folhapopular.info\/#website"},"primaryImageOfPage":{"@id":"https:\/\/folhapopular.info\/index.php\/2025\/08\/27\/aeca-participa-de-maior-competicao-nacional-de-canoagem-velocidade-e-paracanoagem\/#primaryimage"},"image":{"@id":"https:\/\/folhapopular.info\/index.php\/2025\/08\/27\/aeca-participa-de-maior-competicao-nacional-de-canoagem-velocidade-e-paracanoagem\/#primaryimage"},"thumbnailUrl":"https:\/\/folhapopular.info\/wp-content\/uploads\/2025\/08\/jessica3.png","datePublished":"2025-08-27T14:35:53+00:00","dateModified":"2025-08-27T14:36:02+00:00","author":{"@id":"https:\/\/folhapopular.info\/#\/schema\/person\/e852c327371714676d02e58cf917fd9f"},"breadcrumb":{"@id":"https:\/\/folhapopular.info\/index.php\/2025\/08\/27\/aeca-participa-de-maior-competicao-nacional-de-canoagem-velocidade-e-paracanoagem\/#breadcrumb"},"inLanguage":"pt-BR","potentialAction":[{"@type":"ReadAction","target":["https:\/\/folhapopular.info\/index.php\/2025\/08\/27\/aeca-participa-de-maior-competicao-nacional-de-canoagem-velocidade-e-paracanoagem\/"]}]},{"@type":"ImageObject","inLanguage":"pt-BR","@id":"https:\/\/folhapopular.info\/index.php\/2025\/08\/27\/aeca-participa-de-maior-competicao-nacional-de-canoagem-velocidade-e-paracanoagem\/#primaryimage","url":"https:\/\/folhapopular.info\/wp-content\/uploads\/2025\/08\/jessica3.png","contentUrl":"https:\/\/folhapopular.info\/wp-content\/uploads\/2025\/08\/jessica3.png","width":1920,"height":1080,"caption":"Equipe busca se manter na 6\u00aa posi\u00e7\u00e3o do ranking nacional - Cr\u00e9dito: Divulga\u00e7\u00e3o"},{"@type":"BreadcrumbList","@id":"https:\/\/folhapopular.info\/index.php\/2025\/08\/27\/aeca-participa-de-maior-competicao-nacional-de-canoagem-velocidade-e-paracanoagem\/#breadcrumb","itemListElement":[{"@type":"ListItem","position":1,"name":"In\u00edcio","item":"https:\/\/folhapopular.info\/"},{"@type":"ListItem","position":2,"name":"Aeca participa de maior competi\u00e7\u00e3o nacional de Canoagem Velocidade e Paracanoagem"}]},{"@type":"WebSite","@id":"https:\/\/folhapopular.info\/#website","url":"https:\/\/folhapopular.info\/","name":"Folha Popular","description":"Onde voc\u00ea tem vez e voz","potentialAction":[{"@type":"SearchAction","target":{"@type":"EntryPoint","urlTemplate":"https:\/\/folhapopular.info\/?s={search_term_string}"},"query-input":{"@type":"PropertyValueSpecification","valueRequired":true,"valueName":"search_term_string"}}],"inLanguage":"pt-BR"},{"@type":"Person","@id":"https:\/\/folhapopular.info\/#\/schema\/person\/e852c327371714676d02e58cf917fd9f","name":"Luis Augusto Huppes","image":{"@type":"ImageObject","inLanguage":"pt-BR","@id":"https:\/\/folhapopular.info\/wp-content\/uploads\/2026\/04\/Luis-Augusto-Huppes-1-1.webp","url":"https:\/\/folhapopular.info\/wp-content\/uploads\/2026\/04\/Luis-Augusto-Huppes-1-1.webp","contentUrl":"https:\/\/folhapopular.info\/wp-content\/uploads\/2026\/04\/Luis-Augusto-Huppes-1-1.webp","caption":"Luis Augusto Huppes"},"sameAs":["https:\/\/www.facebook.com\/luis.huppes\/","https:\/\/www.instagram.com\/luis.huppes\/","https:\/\/www.linkedin.com\/in\/luis-augusto-huppes-2554b52b7\/"],"url":"https:\/\/folhapopular.info\/index.php\/author\/luis-augusto-huppes\/"}]}},"jetpack_featured_media_url":"https:\/\/folhapopular.info\/wp-content\/uploads\/2025\/08\/jessica3.png","jetpack_sharing_enabled":true,"amp_enabled":true,"_links":{"self":[{"href":"https:\/\/folhapopular.info\/index.php\/wp-json\/wp\/v2\/posts\/192928","targetHints":{"allow":["GET"]}}],"collection":[{"href":"https:\/\/folhapopular.info\/index.php\/wp-json\/wp\/v2\/posts"}],"about":[{"href":"https:\/\/folhapopular.info\/index.php\/wp-json\/wp\/v2\/types\/post"}],"author":[{"embeddable":true,"href":"https:\/\/folhapopular.info\/index.php\/wp-json\/wp\/v2\/users\/732"}],"replies":[{"embeddable":true,"href":"https:\/\/folhapopular.info\/index.php\/wp-json\/wp\/v2\/comments?post=192928"}],"version-history":[{"count":0,"href":"https:\/\/folhapopular.info\/index.php\/wp-json\/wp\/v2\/posts\/192928\/revisions"}],"wp:featuredmedia":[{"embeddable":true,"href":"https:\/\/folhapopular.info\/index.php\/wp-json\/wp\/v2\/media\/192929"}],"wp:attachment":[{"href":"https:\/\/folhapopular.info\/index.php\/wp-json\/wp\/v2\/media?parent=192928"}],"wp:term":[{"taxonomy":"category","embeddable":true,"href":"https:\/\/folhapopular.info\/index.php\/wp-json\/wp\/v2\/categories?post=192928"},{"taxonomy":"post_tag","embeddable":true,"href":"https:\/\/folhapopular.info\/index.php\/wp-json\/wp\/v2\/tags?post=192928"}],"curies":[{"name":"wp","href":"https:\/\/api.w.org\/{rel}","templated":true}]}}